{"id":21940,"date":"2021-02-17T17:07:43","date_gmt":"2021-02-17T16:07:43","guid":{"rendered":"http:\/\/lyonbondyblog.fr\/LBB\/?p=21940"},"modified":"2021-02-17T17:53:01","modified_gmt":"2021-02-17T16:53:01","slug":"centenaire-du-theatre-national-populaire-ou-en-est-la-democratisation-culturelle","status":"publish","type":"post","link":"https:\/\/lyonbondyblog.fr\/LBB\/centenaire-du-theatre-national-populaire-ou-en-est-la-democratisation-culturelle\/","title":{"rendered":"Centenaire du Th\u00e9\u00e2tre National Populaire : o\u00f9 en est la d\u00e9mocratisation culturelle ?"},"content":{"rendered":"<p><b>Initialement pr\u00e9vues en novembre 2020, les festivit\u00e9s du centenaire du Th\u00e9\u00e2tre National Populaire ont \u00e9t\u00e9 repouss\u00e9es d\u2019un an \u00e0 cause de la crise sanitaire. Cent apr\u00e8s sa cr\u00e9ation, o\u00f9 en est l\u2019objectif historique de d\u00e9mocratisation culturelle ? Coup d&rsquo;\u0153il sur les initiatives mises en place. <\/b><\/p>\n<figure id=\"attachment_21941\" aria-describedby=\"caption-attachment-21941\" style=\"width: 661px\" class=\"wp-caption aligncenter\"><img loading=\"lazy\" decoding=\"async\" class=\"wp-image-21941\" src=\"https:\/\/lyonbondyblog.fr\/LBB\/wp-content\/uploads\/2021\/02\/TNP4.png\" alt=\"\" width=\"661\" height=\"337\" srcset=\"https:\/\/lyonbondyblog.fr\/LBB\/wp-content\/uploads\/2021\/02\/TNP4.png 1082w, https:\/\/lyonbondyblog.fr\/LBB\/wp-content\/uploads\/2021\/02\/TNP4-768x392.png 768w\" sizes=\"auto, (max-width: 661px) 100vw, 661px\" \/><figcaption id=\"caption-attachment-21941\" class=\"wp-caption-text\">La fa\u00e7ade du TNP. \/ Capture d\u2019\u00e9cran Google Maps.<\/figcaption><\/figure>\n<p><span style=\"font-weight: 400\">Le centenaire du Th\u00e9\u00e2tre National Populaire, <\/span><a href=\"https:\/\/www.tnp-villeurbanne.com\/report-du-centenaire-du-tnp\/\"><span style=\"font-weight: 400\">report\u00e9 d\u2019un an \u00e0 cause de la crise<\/span><\/a><span style=\"font-weight: 400\"> sanitaire, se tiendra en automne 2021. L\u2019occasion de f\u00eater le passage \u00e0 une nouvelle direction : celle de Jean Bellorini depuis janvier 2020. L\u2019\u00e9v\u00e9nement mettra \u00e0 l\u2019honneur l\u2019engagement des metteurs en sc\u00e8ne qui se sont succ\u00e9d\u00e9 au TNP, leur art et la fa\u00e7on dont ils ont marqu\u00e9 l\u2019histoire du th\u00e9\u00e2tre.<\/span><\/p>\n<p><span style=\"font-weight: 400\">Le 11 novembre 1920, Firmin G\u00e9mier cr\u00e9ait le Th\u00e9\u00e2tre National Populaire \u00e0 Villeurbanne. Son dessein \u00e9tait d\u2019attirer entre les murs du th\u00e9\u00e2tre un public de tous les horizons sociaux. Il souhaitait briser les codes \u00e9litistes de cet art afin que chacun se sente l\u00e9gitime de prendre plaisir \u00e0 regarder une pi\u00e8ce. Cent ans apr\u00e8s, qu\u2019en est-il de cet objectif ?<\/span><\/p>\n<p><span style=\"font-weight: 400\">Jean Villar, \u00e0 la t\u00eate du TNP entre 1951 et 1953, appr\u00e9hendait ce th\u00e9\u00e2tre comme un <\/span><a href=\"https:\/\/www.tnp-villeurbanne.com\/le-tnp\/lhistoire\/historique-du-tnp\/\"><span style=\"font-weight: 400\">\u201cservice public\u201d au m\u00eame titre que le gaz ou l\u2019\u00e9lectricit\u00e9<\/span><\/a><span style=\"font-weight: 400\">. Historiquement, le TNP a ainsi \u00e9t\u00e9 le premier th\u00e9\u00e2tre \u00e0 adapter ses tarifs en fonction des classes sociales. Briser la barri\u00e8re financi\u00e8re est primordial, certes, mais derri\u00e8re le prix r\u00e9side aussi une barri\u00e8re sociale. Notamment la barri\u00e8re physique de l\u2019impressionnant b\u00e2timent. En effet, le sociologue Olivier Donnat, d\u00e9montre dans son <\/span><a href=\"https:\/\/www.persee.fr\/doc\/rfsoc_0035-2969_1999_num_40_1_5150\"><span style=\"font-weight: 400\">enqu\u00eate men\u00e9e en 1997<\/span><\/a><span style=\"font-weight: 400\"> qu\u2019<\/span><i><span style=\"font-weight: 400\">\u00ab aujourd&rsquo;hui comme hier, participer \u00e0 la vie culturelle demeure une propri\u00e9t\u00e9 tr\u00e8s in\u00e9galement r\u00e9partie dans la soci\u00e9t\u00e9, car cela exige le cumul d&rsquo;un maximum d&rsquo;atouts (niveau de dipl\u00f4me et de revenu \u00e9lev\u00e9s, proximit\u00e9 de l&rsquo;offre culturelle, familiarit\u00e9 pr\u00e9coce avec le monde de l&rsquo;art&#8230;), qui se retrouvent en priorit\u00e9 au sein des cadres et des professions intellectuelles sup\u00e9rieures\u00bb<\/span><\/i><span style=\"font-weight: 400\">. L\u2019enjeu a donc \u00e9t\u00e9 de tenter de d\u00e9sacraliser le th\u00e9\u00e2tre, de lui enlever sa dimension \u00e9litiste. Pour ce faire, un travail de relation avec le public est n\u00e9cessaire.\u00a0<\/span><\/p>\n<h3><b>Le TNP, un th\u00e9\u00e2tre qui va \u00e0 la rencontre du public.<\/b><\/h3>\n<p><span style=\"font-weight: 400\">Attirer des spectateurs aux origines sociales vari\u00e9es est au c\u0153ur des pr\u00e9occupations du TNP. C\u2019est l\u00e0 tout l\u2019enjeu des cinq postes d\u00e9di\u00e9s aux <\/span><a href=\"https:\/\/www.tnp-villeurbanne.com\/relations-avec-le-public\/\"><span style=\"font-weight: 400\">relations avec les publics<\/span><\/a><span style=\"font-weight: 400\">. Ceux-ci sont divis\u00e9s entre public scolaire, enseignement sup\u00e9rieur, monde du travail, handicap, et coh\u00e9sion sociale. Sarah Sourp s\u2019occupe de cette derni\u00e8re branche. Elle travaille main dans la main avec des \u201crelais\u201d. Ce sont des partenaires sociaux au TNP tels que Les Petits-fr\u00e8res des pauvres, le centre d\u2019animation de Saint Jean, l\u2019OVPAR, G\u00e9n\u00e9ration 44 et bien d\u2019autres encore.\u00a0<\/span><\/p>\n<p><span style=\"font-weight: 400\">Avec ses \u201crelais\u201d, Sarah avait mis en place<\/span><a href=\"https:\/\/lyonbondyblog.fr\/LBB\/le-spectacle-vivant-face-au-covid-3-voyages-au-bout-du-fil\/\"><span style=\"font-weight: 400\"> le projet \u201cVoyages au bout du fil\u201d<\/span><\/a><span style=\"font-weight: 400\"> durant le mois de d\u00e9cembre afin de proposer la lecture d\u2019un texte de th\u00e9\u00e2tre par t\u00e9l\u00e9phone en temps de confinement. En outre, elle participe \u00e0 une formation \u201cth\u00e9\u00e2tre et action sociale\u201d avec ses partenaires. Il s\u2019agit d\u2019un moment d\u2019\u00e9change et de partage avec les travailleurs sociaux. Ensemble, ils apprennent mutuellement \u00e0 pr\u00e9parer le public \u00e0 un spectacle en sachant s\u2019adapter \u00e0 chaque type de profil. Ce type de formation est importante, selon Sarah, afin d\u2019amener au sein du TNP le public le plus large possible. <\/span><i><span style=\"font-weight: 400\">\u201cTravailler avec des gens qui ne sont jamais all\u00e9s au th\u00e9\u00e2tre, c\u2019est vraiment un d\u00e9fi. Ils ont le droit d\u2019avoir acc\u00e8s \u00e0 \u00e7a. Le th\u00e9\u00e2tre est un plaisir adress\u00e9 \u00e0 tous\u201d, <\/span><\/i><span style=\"font-weight: 400\">remarque-t-elle.\u00a0<\/span><\/p>\n<figure id=\"attachment_21942\" aria-describedby=\"caption-attachment-21942\" style=\"width: 618px\" class=\"wp-caption aligncenter\"><img loading=\"lazy\" decoding=\"async\" class=\" wp-image-21942\" src=\"https:\/\/lyonbondyblog.fr\/LBB\/wp-content\/uploads\/2021\/02\/TNP3-1200x900.jpg\" alt=\"\" width=\"618\" height=\"464\" srcset=\"https:\/\/lyonbondyblog.fr\/LBB\/wp-content\/uploads\/2021\/02\/TNP3-1200x900.jpg 1200w, https:\/\/lyonbondyblog.fr\/LBB\/wp-content\/uploads\/2021\/02\/TNP3-768x576.jpg 768w, https:\/\/lyonbondyblog.fr\/LBB\/wp-content\/uploads\/2021\/02\/TNP3-1920x1440.jpg 1920w\" sizes=\"auto, (max-width: 618px) 100vw, 618px\" \/><figcaption id=\"caption-attachment-21942\" class=\"wp-caption-text\">La salle d\u2019accueil du TNP \/ Cr\u00e9dits : L\u00e9a Dornier<\/figcaption><\/figure>\n<h3><b>D\u00e9couvrir le th\u00e9\u00e2tre par la pratique.<\/b><\/h3>\n<p><span style=\"font-weight: 400\">Pour Jean Bellorini, la pratique th\u00e9\u00e2trale est un facteur important de d\u00e9mocratisation culturelle. Le nouveau directeur a cr\u00e9\u00e9 d\u00e8s f\u00e9vrier 2020 la premi\u00e8re \u201cTroupe \u00e9ph\u00e9m\u00e8re\u201d du TNP, compos\u00e9e de 34 jeunes motiv\u00e9s \u00e2g\u00e9s de 12 \u00e0 20 ans. Tous sont amateurs et vivent aux alentours de Villeurbanne. Le projet s\u2019est constitu\u00e9 autour de textes de Firmin G\u00e9mier, car le directeur souhaite que les jeunes s\u2019emparent de grands textes de th\u00e9\u00e2tre. <\/span><a href=\"https:\/\/www.tnp-villeurbanne.com\/manifestation\/la-troupe-ephemere\/#\/a-propos\"><span style=\"font-weight: 400\">Le TNP rappelle sur son site<\/span><\/a><span style=\"font-weight: 400\"> que\u00a0 \u201c<\/span><i><span style=\"font-weight: 400\">Si le lieu leur devient familier, si leur rapport au th\u00e9\u00e2tre est modifi\u00e9, s\u2019ils grandissent avec le TNP, alors le th\u00e9\u00e2tre grandira avec eux.\u201d<\/span><\/i><\/p>\n<p><span style=\"font-weight: 400\">Dans ce m\u00eame esprit de th\u00e9\u00e2tre participatif, le TNP pr\u00e9pare \u00ab La voix de ma m\u00e8re \u00bb avec des femmes du quartier Saint-Jean. Ce projet est men\u00e9 en collaboration entre la com\u00e9dienne Pauline Coffre et Wahid Chahib, artiste et animateur du centre social Saint-Jean. Le texte, encore en cours d\u2019\u00e9criture, relate les probl\u00e9matiques du quotidien des femmes de ces quartiers en s\u2019inspirant de leurs t\u00e9moignages.\u00a0<\/span><\/p>\n<h3><b>D\u00e9mocratisation th\u00e9\u00e2trale, un pari r\u00e9ussi ?<\/b><\/h3>\n<p><span style=\"font-weight: 400\">Au sujet de la d\u00e9mocratisation th\u00e9\u00e2trale au TNP, Sarah Sourp est formelle : <\/span><i><span style=\"font-weight: 400\">\u201cJe trouve qu\u2019on a fait beaucoup de pas en avant. Notre programmation est \u00e9clectique : jeune public, contemporain, classique, artistes \u00e9trangers&#8230; On embrasse \u00e0 la fois Peter Brook et Ariane Mnouchkine. La programmation refl\u00e8te le type de public qu\u2019il peut y avoir. Pour le coup, je trouve qu\u2019elle est diverse, elle est belle car elle s\u2019adresse \u00e0 diff\u00e9rents publics, \u00e0 un r\u00e9pertoire tr\u00e8s large. On est vraiment en dialogue avec tout le secteur du social.\u201d\u00a0<\/span><\/i><\/p>\n<p><i><span style=\"font-weight: 400\">\u00ab\u00a0Aujourd&rsquo;hui je ne sais pas si ce terme est appropri\u00e9. C\u2019est un terme fourre tout et large, qui \u00e9volue dans le temps. Dans les ann\u00e9es 70 on parlait de d\u00e9mocratisation, de d\u00e9centralisation culturelle, mais aujourd\u2019hui elle est install\u00e9e. Il y a qu\u2019\u00e0 voir les diff\u00e9rents th\u00e9\u00e2tres qui existent c\u2019est impressionnant. Ce terme l\u00e0 a un sens tr\u00e8s fort encore aujourd\u2019hui mais je ne le d\u00e9finirai pas comme c\u2019\u00e9tait le cas \u00e0 l\u2019\u00e9poque. On remplit clairement une mission de service public, j\u2019en suis persuad\u00e9. Le TNP est engag\u00e9. Rien que mon poste \u201cattach\u00e9e \u00e0 la coh\u00e9sion sociale\u201d, je suis pas s\u00fbre qu\u2019il y soit dans tous les th\u00e9\u00e2tres. \u00c7a montre qu\u2019il y a un engagement.\u201d<\/span><\/i><span style=\"font-weight: 400\"> Un engagement qui s\u2019inscrit donc sur le long terme, puisque la d\u00e9mocratisation culturelle est une qu\u00eate perp\u00e9tuelle.<\/span><\/p>\n<!-- AddThis Advanced Settings generic via filter on the_content --><!-- AddThis Share Buttons generic via filter on the_content -->","protected":false},"excerpt":{"rendered":"<p>Initialement pr\u00e9vues en novembre 2020, les festivit\u00e9s du centenaire du Th\u00e9\u00e2tre National Populaire ont \u00e9t\u00e9 repouss\u00e9es d\u2019un an \u00e0 cause de la crise sanitaire. Cent &hellip; <!-- AddThis Advanced Settings generic via filter on wp_trim_excerpt --><!-- AddThis Share Buttons generic via filter on wp_trim_excerpt --><\/p>\n","protected":false},"author":29252,"featured_media":21941,"comment_status":"open","ping_status":"open","sticky":false,"template":"","format":"standard","meta":{"_FSMCFIC_featured_image_caption":"","_FSMCFIC_featured_image_nocaption":"","_FSMCFIC_featured_image_hide":"","footnotes":""},"categories":[3,13697,10388],"tags":[],"class_list":["post-21940","post","type-post","status-publish","format-standard","has-post-thumbnail","hentry","category-culture","category-spectacle","category-villeurbanne"],"yoast_head":"<!-- This site is optimized with the Yoast SEO plugin v22.8 - https:\/\/yoast.com\/wordpress\/plugins\/seo\/ -->\n<title>Centenaire du Th\u00e9\u00e2tre National Populaire : o\u00f9 en est la d\u00e9mocratisation culturelle ? - Lyon Bondy Blog<\/title>\n<meta name=\"robots\" content=\"index, follow, max-snippet:-1, max-image-preview:large, max-video-preview:-1\" \/>\n<link rel=\"canonical\" href=\"https:\/\/lyonbondyblog.fr\/LBB\/centenaire-du-theatre-national-populaire-ou-en-est-la-democratisation-culturelle\/\" \/>\n<meta property=\"og:locale\" content=\"fr_FR\" \/>\n<meta property=\"og:type\" content=\"article\" \/>\n<meta property=\"og:title\" content=\"Centenaire du Th\u00e9\u00e2tre National Populaire : o\u00f9 en est la d\u00e9mocratisation culturelle ? - Lyon Bondy Blog\" \/>\n<meta property=\"og:description\" content=\"Initialement pr\u00e9vues en novembre 2020, les festivit\u00e9s du centenaire du Th\u00e9\u00e2tre National Populaire ont \u00e9t\u00e9 repouss\u00e9es d\u2019un an \u00e0 cause de la crise sanitaire. Cent &hellip;\" \/>\n<meta property=\"og:url\" content=\"https:\/\/lyonbondyblog.fr\/LBB\/centenaire-du-theatre-national-populaire-ou-en-est-la-democratisation-culturelle\/\" \/>\n<meta property=\"og:site_name\" content=\"Lyon Bondy Blog\" \/>\n<meta property=\"article:publisher\" content=\"https:\/\/www.facebook.com\/lyonbondyblog\" \/>\n<meta property=\"article:published_time\" content=\"2021-02-17T16:07:43+00:00\" \/>\n<meta property=\"article:modified_time\" content=\"2021-02-17T16:53:01+00:00\" \/>\n<meta property=\"og:image\" content=\"https:\/\/lyonbondyblog.fr\/LBB\/wp-content\/uploads\/2021\/02\/TNP4.png\" \/>\n\t<meta property=\"og:image:width\" content=\"1082\" \/>\n\t<meta property=\"og:image:height\" content=\"552\" \/>\n\t<meta property=\"og:image:type\" content=\"image\/png\" \/>\n<meta name=\"author\" content=\"L\u00e9a Dornier\" \/>\n<meta name=\"twitter:card\" content=\"summary_large_image\" \/>\n<meta name=\"twitter:creator\" content=\"@bondybloglyon\" \/>\n<meta name=\"twitter:site\" content=\"@bondybloglyon\" \/>\n<script type=\"application\/ld+json\" class=\"yoast-schema-graph\">{\"@context\":\"https:\/\/schema.org\",\"@graph\":[{\"@type\":\"Article\",\"@id\":\"https:\/\/lyonbondyblog.fr\/LBB\/centenaire-du-theatre-national-populaire-ou-en-est-la-democratisation-culturelle\/#article\",\"isPartOf\":{\"@id\":\"https:\/\/lyonbondyblog.fr\/LBB\/centenaire-du-theatre-national-populaire-ou-en-est-la-democratisation-culturelle\/\"},\"author\":{\"name\":\"L\u00e9a Dornier\",\"@id\":\"https:\/\/lyonbondyblog.fr\/LBB\/#\/schema\/person\/80ee3e47c1c86b8b608b159f04c354e5\"},\"headline\":\"Centenaire du Th\u00e9\u00e2tre National Populaire : o\u00f9 en est la d\u00e9mocratisation culturelle ?\",\"datePublished\":\"2021-02-17T16:07:43+00:00\",\"dateModified\":\"2021-02-17T16:53:01+00:00\",\"mainEntityOfPage\":{\"@id\":\"https:\/\/lyonbondyblog.fr\/LBB\/centenaire-du-theatre-national-populaire-ou-en-est-la-democratisation-culturelle\/\"},\"wordCount\":1129,\"commentCount\":0,\"publisher\":{\"@id\":\"https:\/\/lyonbondyblog.fr\/LBB\/#organization\"},\"image\":{\"@id\":\"https:\/\/lyonbondyblog.fr\/LBB\/centenaire-du-theatre-national-populaire-ou-en-est-la-democratisation-culturelle\/#primaryimage\"},\"thumbnailUrl\":\"https:\/\/lyonbondyblog.fr\/LBB\/wp-content\/uploads\/2021\/02\/TNP4.png\",\"articleSection\":[\"Culture\",\"Spectacle\",\"Villeurbanne\"],\"inLanguage\":\"fr-FR\",\"potentialAction\":[{\"@type\":\"CommentAction\",\"name\":\"Comment\",\"target\":[\"https:\/\/lyonbondyblog.fr\/LBB\/centenaire-du-theatre-national-populaire-ou-en-est-la-democratisation-culturelle\/#respond\"]}]},{\"@type\":\"WebPage\",\"@id\":\"https:\/\/lyonbondyblog.fr\/LBB\/centenaire-du-theatre-national-populaire-ou-en-est-la-democratisation-culturelle\/\",\"url\":\"https:\/\/lyonbondyblog.fr\/LBB\/centenaire-du-theatre-national-populaire-ou-en-est-la-democratisation-culturelle\/\",\"name\":\"Centenaire du Th\u00e9\u00e2tre National Populaire : o\u00f9 en est la d\u00e9mocratisation culturelle ? - Lyon Bondy Blog\",\"isPartOf\":{\"@id\":\"https:\/\/lyonbondyblog.fr\/LBB\/#website\"},\"primaryImageOfPage\":{\"@id\":\"https:\/\/lyonbondyblog.fr\/LBB\/centenaire-du-theatre-national-populaire-ou-en-est-la-democratisation-culturelle\/#primaryimage\"},\"image\":{\"@id\":\"https:\/\/lyonbondyblog.fr\/LBB\/centenaire-du-theatre-national-populaire-ou-en-est-la-democratisation-culturelle\/#primaryimage\"},\"thumbnailUrl\":\"https:\/\/lyonbondyblog.fr\/LBB\/wp-content\/uploads\/2021\/02\/TNP4.png\",\"datePublished\":\"2021-02-17T16:07:43+00:00\",\"dateModified\":\"2021-02-17T16:53:01+00:00\",\"inLanguage\":\"fr-FR\",\"potentialAction\":[{\"@type\":\"ReadAction\",\"target\":[\"https:\/\/lyonbondyblog.fr\/LBB\/centenaire-du-theatre-national-populaire-ou-en-est-la-democratisation-culturelle\/\"]}]},{\"@type\":\"ImageObject\",\"inLanguage\":\"fr-FR\",\"@id\":\"https:\/\/lyonbondyblog.fr\/LBB\/centenaire-du-theatre-national-populaire-ou-en-est-la-democratisation-culturelle\/#primaryimage\",\"url\":\"https:\/\/lyonbondyblog.fr\/LBB\/wp-content\/uploads\/2021\/02\/TNP4.png\",\"contentUrl\":\"https:\/\/lyonbondyblog.fr\/LBB\/wp-content\/uploads\/2021\/02\/TNP4.png\",\"width\":1082,\"height\":552},{\"@type\":\"WebSite\",\"@id\":\"https:\/\/lyonbondyblog.fr\/LBB\/#website\",\"url\":\"https:\/\/lyonbondyblog.fr\/LBB\/\",\"name\":\"Lyon Bondy Blog\",\"description\":\"\",\"publisher\":{\"@id\":\"https:\/\/lyonbondyblog.fr\/LBB\/#organization\"},\"potentialAction\":[{\"@type\":\"SearchAction\",\"target\":{\"@type\":\"EntryPoint\",\"urlTemplate\":\"https:\/\/lyonbondyblog.fr\/LBB\/?s={search_term_string}\"},\"query-input\":\"required name=search_term_string\"}],\"inLanguage\":\"fr-FR\"},{\"@type\":\"Organization\",\"@id\":\"https:\/\/lyonbondyblog.fr\/LBB\/#organization\",\"name\":\"LYON BONDY BLOG\",\"url\":\"https:\/\/lyonbondyblog.fr\/LBB\/\",\"logo\":{\"@type\":\"ImageObject\",\"inLanguage\":\"fr-FR\",\"@id\":\"https:\/\/lyonbondyblog.fr\/LBB\/#\/schema\/logo\/image\/\",\"url\":\"http:\/\/lyonbondyblog.fr\/LBB\/wp-content\/uploads\/2014\/10\/logo-portable-144.png\",\"contentUrl\":\"http:\/\/lyonbondyblog.fr\/LBB\/wp-content\/uploads\/2014\/10\/logo-portable-144.png\",\"width\":144,\"height\":123,\"caption\":\"LYON BONDY BLOG\"},\"image\":{\"@id\":\"https:\/\/lyonbondyblog.fr\/LBB\/#\/schema\/logo\/image\/\"},\"sameAs\":[\"https:\/\/www.facebook.com\/lyonbondyblog\",\"https:\/\/x.com\/bondybloglyon\"]},{\"@type\":\"Person\",\"@id\":\"https:\/\/lyonbondyblog.fr\/LBB\/#\/schema\/person\/80ee3e47c1c86b8b608b159f04c354e5\",\"name\":\"L\u00e9a Dornier\",\"url\":\"https:\/\/lyonbondyblog.fr\/LBB\/author\/ldornier\/\"}]}<\/script>\n<!-- \/ Yoast SEO plugin. -->","yoast_head_json":{"title":"Centenaire du Th\u00e9\u00e2tre National Populaire : o\u00f9 en est la d\u00e9mocratisation culturelle ? - Lyon Bondy Blog","robots":{"index":"index","follow":"follow","max-snippet":"max-snippet:-1","max-image-preview":"max-image-preview:large","max-video-preview":"max-video-preview:-1"},"canonical":"https:\/\/lyonbondyblog.fr\/LBB\/centenaire-du-theatre-national-populaire-ou-en-est-la-democratisation-culturelle\/","og_locale":"fr_FR","og_type":"article","og_title":"Centenaire du Th\u00e9\u00e2tre National Populaire : o\u00f9 en est la d\u00e9mocratisation culturelle ? - Lyon Bondy Blog","og_description":"Initialement pr\u00e9vues en novembre 2020, les festivit\u00e9s du centenaire du Th\u00e9\u00e2tre National Populaire ont \u00e9t\u00e9 repouss\u00e9es d\u2019un an \u00e0 cause de la crise sanitaire. Cent &hellip;","og_url":"https:\/\/lyonbondyblog.fr\/LBB\/centenaire-du-theatre-national-populaire-ou-en-est-la-democratisation-culturelle\/","og_site_name":"Lyon Bondy Blog","article_publisher":"https:\/\/www.facebook.com\/lyonbondyblog","article_published_time":"2021-02-17T16:07:43+00:00","article_modified_time":"2021-02-17T16:53:01+00:00","og_image":[{"width":1082,"height":552,"url":"https:\/\/lyonbondyblog.fr\/LBB\/wp-content\/uploads\/2021\/02\/TNP4.png","type":"image\/png"}],"author":"L\u00e9a Dornier","twitter_card":"summary_large_image","twitter_creator":"@bondybloglyon","twitter_site":"@bondybloglyon","schema":{"@context":"https:\/\/schema.org","@graph":[{"@type":"Article","@id":"https:\/\/lyonbondyblog.fr\/LBB\/centenaire-du-theatre-national-populaire-ou-en-est-la-democratisation-culturelle\/#article","isPartOf":{"@id":"https:\/\/lyonbondyblog.fr\/LBB\/centenaire-du-theatre-national-populaire-ou-en-est-la-democratisation-culturelle\/"},"author":{"name":"L\u00e9a Dornier","@id":"https:\/\/lyonbondyblog.fr\/LBB\/#\/schema\/person\/80ee3e47c1c86b8b608b159f04c354e5"},"headline":"Centenaire du Th\u00e9\u00e2tre National Populaire : o\u00f9 en est la d\u00e9mocratisation culturelle ?","datePublished":"2021-02-17T16:07:43+00:00","dateModified":"2021-02-17T16:53:01+00:00","mainEntityOfPage":{"@id":"https:\/\/lyonbondyblog.fr\/LBB\/centenaire-du-theatre-national-populaire-ou-en-est-la-democratisation-culturelle\/"},"wordCount":1129,"commentCount":0,"publisher":{"@id":"https:\/\/lyonbondyblog.fr\/LBB\/#organization"},"image":{"@id":"https:\/\/lyonbondyblog.fr\/LBB\/centenaire-du-theatre-national-populaire-ou-en-est-la-democratisation-culturelle\/#primaryimage"},"thumbnailUrl":"https:\/\/lyonbondyblog.fr\/LBB\/wp-content\/uploads\/2021\/02\/TNP4.png","articleSection":["Culture","Spectacle","Villeurbanne"],"inLanguage":"fr-FR","potentialAction":[{"@type":"CommentAction","name":"Comment","target":["https:\/\/lyonbondyblog.fr\/LBB\/centenaire-du-theatre-national-populaire-ou-en-est-la-democratisation-culturelle\/#respond"]}]},{"@type":"WebPage","@id":"https:\/\/lyonbondyblog.fr\/LBB\/centenaire-du-theatre-national-populaire-ou-en-est-la-democratisation-culturelle\/","url":"https:\/\/lyonbondyblog.fr\/LBB\/centenaire-du-theatre-national-populaire-ou-en-est-la-democratisation-culturelle\/","name":"Centenaire du Th\u00e9\u00e2tre National Populaire : o\u00f9 en est la d\u00e9mocratisation culturelle ? - Lyon Bondy Blog","isPartOf":{"@id":"https:\/\/lyonbondyblog.fr\/LBB\/#website"},"primaryImageOfPage":{"@id":"https:\/\/lyonbondyblog.fr\/LBB\/centenaire-du-theatre-national-populaire-ou-en-est-la-democratisation-culturelle\/#primaryimage"},"image":{"@id":"https:\/\/lyonbondyblog.fr\/LBB\/centenaire-du-theatre-national-populaire-ou-en-est-la-democratisation-culturelle\/#primaryimage"},"thumbnailUrl":"https:\/\/lyonbondyblog.fr\/LBB\/wp-content\/uploads\/2021\/02\/TNP4.png","datePublished":"2021-02-17T16:07:43+00:00","dateModified":"2021-02-17T16:53:01+00:00","inLanguage":"fr-FR","potentialAction":[{"@type":"ReadAction","target":["https:\/\/lyonbondyblog.fr\/LBB\/centenaire-du-theatre-national-populaire-ou-en-est-la-democratisation-culturelle\/"]}]},{"@type":"ImageObject","inLanguage":"fr-FR","@id":"https:\/\/lyonbondyblog.fr\/LBB\/centenaire-du-theatre-national-populaire-ou-en-est-la-democratisation-culturelle\/#primaryimage","url":"https:\/\/lyonbondyblog.fr\/LBB\/wp-content\/uploads\/2021\/02\/TNP4.png","contentUrl":"https:\/\/lyonbondyblog.fr\/LBB\/wp-content\/uploads\/2021\/02\/TNP4.png","width":1082,"height":552},{"@type":"WebSite","@id":"https:\/\/lyonbondyblog.fr\/LBB\/#website","url":"https:\/\/lyonbondyblog.fr\/LBB\/","name":"Lyon Bondy Blog","description":"","publisher":{"@id":"https:\/\/lyonbondyblog.fr\/LBB\/#organization"},"potentialAction":[{"@type":"SearchAction","target":{"@type":"EntryPoint","urlTemplate":"https:\/\/lyonbondyblog.fr\/LBB\/?s={search_term_string}"},"query-input":"required name=search_term_string"}],"inLanguage":"fr-FR"},{"@type":"Organization","@id":"https:\/\/lyonbondyblog.fr\/LBB\/#organization","name":"LYON BONDY BLOG","url":"https:\/\/lyonbondyblog.fr\/LBB\/","logo":{"@type":"ImageObject","inLanguage":"fr-FR","@id":"https:\/\/lyonbondyblog.fr\/LBB\/#\/schema\/logo\/image\/","url":"http:\/\/lyonbondyblog.fr\/LBB\/wp-content\/uploads\/2014\/10\/logo-portable-144.png","contentUrl":"http:\/\/lyonbondyblog.fr\/LBB\/wp-content\/uploads\/2014\/10\/logo-portable-144.png","width":144,"height":123,"caption":"LYON BONDY BLOG"},"image":{"@id":"https:\/\/lyonbondyblog.fr\/LBB\/#\/schema\/logo\/image\/"},"sameAs":["https:\/\/www.facebook.com\/lyonbondyblog","https:\/\/x.com\/bondybloglyon"]},{"@type":"Person","@id":"https:\/\/lyonbondyblog.fr\/LBB\/#\/schema\/person\/80ee3e47c1c86b8b608b159f04c354e5","name":"L\u00e9a Dornier","url":"https:\/\/lyonbondyblog.fr\/LBB\/author\/ldornier\/"}]}},"_links":{"self":[{"href":"https:\/\/lyonbondyblog.fr\/LBB\/wp-json\/wp\/v2\/posts\/21940","targetHints":{"allow":["GET"]}}],"collection":[{"href":"https:\/\/lyonbondyblog.fr\/LBB\/wp-json\/wp\/v2\/posts"}],"about":[{"href":"https:\/\/lyonbondyblog.fr\/LBB\/wp-json\/wp\/v2\/types\/post"}],"author":[{"embeddable":true,"href":"https:\/\/lyonbondyblog.fr\/LBB\/wp-json\/wp\/v2\/users\/29252"}],"replies":[{"embeddable":true,"href":"https:\/\/lyonbondyblog.fr\/LBB\/wp-json\/wp\/v2\/comments?post=21940"}],"version-history":[{"count":5,"href":"https:\/\/lyonbondyblog.fr\/LBB\/wp-json\/wp\/v2\/posts\/21940\/revisions"}],"predecessor-version":[{"id":21948,"href":"https:\/\/lyonbondyblog.fr\/LBB\/wp-json\/wp\/v2\/posts\/21940\/revisions\/21948"}],"wp:featuredmedia":[{"embeddable":true,"href":"https:\/\/lyonbondyblog.fr\/LBB\/wp-json\/wp\/v2\/media\/21941"}],"wp:attachment":[{"href":"https:\/\/lyonbondyblog.fr\/LBB\/wp-json\/wp\/v2\/media?parent=21940"}],"wp:term":[{"taxonomy":"category","embeddable":true,"href":"https:\/\/lyonbondyblog.fr\/LBB\/wp-json\/wp\/v2\/categories?post=21940"},{"taxonomy":"post_tag","embeddable":true,"href":"https:\/\/lyonbondyblog.fr\/LBB\/wp-json\/wp\/v2\/tags?post=21940"}],"curies":[{"name":"wp","href":"https:\/\/api.w.org\/{rel}","templated":true}]}}