{"id":21725,"date":"2021-01-22T15:02:38","date_gmt":"2021-01-22T14:02:38","guid":{"rendered":"http:\/\/lyonbondyblog.fr\/LBB\/?p=21725"},"modified":"2021-01-22T18:30:52","modified_gmt":"2021-01-22T17:30:52","slug":"le-spectacle-vivant-face-au-covid-1-le-theatre-du-point-du-jour","status":"publish","type":"post","link":"https:\/\/lyonbondyblog.fr\/LBB\/le-spectacle-vivant-face-au-covid-1-le-theatre-du-point-du-jour\/","title":{"rendered":"Le spectacle vivant face au Covid #1 : Le th\u00e9\u00e2tre du Point du jour"},"content":{"rendered":"<p><b>Entre spectacles \u00ab\u00a0nomades\u00a0\u00bb et\u00a0 podcasts, le th\u00e9\u00e2tre du Point du jour n&rsquo;est pas \u00e0 court d&rsquo;alternatives face \u00e0 la pand\u00e9mie.\u00a0<\/b><\/p>\n<figure id=\"attachment_21726\" aria-describedby=\"caption-attachment-21726\" style=\"width: 1200px\" class=\"wp-caption alignnone\"><img loading=\"lazy\" decoding=\"async\" class=\"wp-image-21726 size-medium\" src=\"https:\/\/lyonbondyblog.fr\/LBB\/wp-content\/uploads\/2021\/01\/point-du-jour-2-1200x801.jpg\" alt=\"\" width=\"1200\" height=\"801\" srcset=\"https:\/\/lyonbondyblog.fr\/LBB\/wp-content\/uploads\/2021\/01\/point-du-jour-2-1200x801.jpg 1200w, https:\/\/lyonbondyblog.fr\/LBB\/wp-content\/uploads\/2021\/01\/point-du-jour-2-768x513.jpg 768w, https:\/\/lyonbondyblog.fr\/LBB\/wp-content\/uploads\/2021\/01\/point-du-jour-2-1920x1282.jpg 1920w, https:\/\/lyonbondyblog.fr\/LBB\/wp-content\/uploads\/2021\/01\/point-du-jour-2-272x182.jpg 272w\" sizes=\"auto, (max-width: 1200px) 100vw, 1200px\" \/><figcaption id=\"caption-attachment-21726\" class=\"wp-caption-text\">Un th\u00e9\u00e2tre sans public, les Marthes en r\u00e9sidence au Point du jour du 2 au 9 janvier. \/ Source : Bertrand Gaudill\u00e8re<\/figcaption><\/figure>\n<p><span style=\"font-weight: 400\">Le 14 janvier dernier, Roselyne Bachelot refroidissait les ardeurs de la sph\u00e8re culturelle :\u00a0 <\/span><a href=\"https:\/\/www.bfmtv.com\/politique\/roselyne-bachelot-la-situation-sanitaire-est-trop-instable-pour-envisager-une-date-ferme-de-reouverture-des-lieux-culturels_VN-202101140351.html?fbclid=IwAR2gOhJNIC6n5A9BSzT2k25OMwrgAmnCTZQl4ikWkZgsqEriosoHDrkxkSY\"><i><span style=\"font-weight: 400\">\u201cLa situation sanitaire est trop instable pour envisager une date ferme de r\u00e9ouverture\u00a0\u00bb<\/span><\/i><span style=\"font-weight: 400\">. <\/span><\/a><span style=\"font-weight: 400\">M\u00eame s\u2019ils n\u2019ont pas accueilli de public depuis le 30 octobre 2020, certains th\u00e9\u00e2tres ne manquent pas d\u2019imagination afin de rester attractifs.\u00a0<\/span><\/p>\n<p><span style=\"font-weight: 400\">Le Point du jour est un bel exemple d\u2019adaptation. Ce th\u00e9\u00e2tre a continu\u00e9 \u00e0 cr\u00e9er, \u00e0 accueillir des compagnies en r\u00e9sidence pour leur permettre de r\u00e9aliser leurs projets. Le fil conducteur de cette structure, selon le co-directeur Eric Mass\u00e9, est la volont\u00e9 de \u201c<\/span><i><span style=\"font-weight: 400\">faire soci\u00e9t\u00e9 et parler de la soci\u00e9t\u00e9 avec des probl\u00e9matiques d\u2019actualit\u00e9. Dans le processus de cr\u00e9ation, les artistes partent de faits divers, vont contacter des sp\u00e9cialistes, experts et personnes engag\u00e9es dans des probl\u00e9matiques soci\u00e9tales, tout d\u00e9pend du sujet du projet. Ensuite, dans la restitution elle-m\u00eame, il y a des formes assez ouvertes : du th\u00e9\u00e2tre politique en passant par des formes tr\u00e8s po\u00e9tiques. La forme du r\u00e9sultat ne conditionne pas une esth\u00e9tique mais plut\u00f4t un processus de cr\u00e9ation.\u201d\u00a0<\/span><\/i><\/p>\n<p><span style=\"font-size: 14pt\"><b>Le th\u00e9\u00e2tre s\u2019exporte hors des murs\u00a0<\/b><\/span><\/p>\n<p><span style=\"font-weight: 400\">Le Point du Jour continue d\u2019\u00eatre actif \u00e0 travers des projets \u201cnomades\u201d dans le 5e arrondissement de Lyon. Le th\u00e9\u00e2tre peut notamment compter sur l\u2019accueil d\u2019une vingtaine de partenaires ext\u00e9rieurs au monde culturel. Ang\u00e9lique Clairant, com\u00e9dienne, metteur en sc\u00e8ne et codirectrice du Point du jour, a ainsi eu l\u2019opportunit\u00e9 de travailler sur diverses cr\u00e9ations r\u00e9cemment : <\/span><i><span style=\"font-weight: 400\">\u201cJ\u2019ai pu \u00eatre en r\u00e9sidence dans nos lyc\u00e9es partenaires et jouer devant un public scolaire. J\u2019ai men\u00e9 la pr\u00e9sentation de <\/span><\/i><a href=\"https:\/\/www.pointdujourtheatre.fr\/spectacle-47-tupp.html\"><i><span style=\"font-weight: 400\">TUPP\u2019 <\/span><\/i><\/a><i><span style=\"font-weight: 400\">au lyc\u00e9e Saint Just en fran\u00e7ais parl\u00e9 et en langue des signes (LSF). J\u2019ai aussi continu\u00e9 \u00e0 mener des ateliers aupr\u00e8s du service famille du centre social de Champvert. Je faisais un atelier th\u00e9\u00e2tre avec les mamans, pendant que les \u00e9quipes du centre gardaient leurs enfants.\u201d\u00a0<\/span><\/i><\/p>\n<p><span style=\"font-weight: 400\">Un autre projet a vu le jour en janvier : <\/span><a href=\"https:\/\/www.pointdujourtheatre.fr\/spectacle-48-GR2.html\"><span style=\"font-weight: 400\">\u201cGrand reporTERRE #2\u201d.<\/span><\/a><span style=\"font-weight: 400\"> Deux fois par saison, des journalistes et artistes questionnent un sujet d\u2019actualit\u00e9 au prisme du th\u00e9\u00e2tre. Pour cette \u00e9dition en collaboration avec Eric Mass\u00e9, le <\/span><a href=\"https:\/\/www.facebook.com\/collectifmarthe\/\"><span style=\"font-weight: 400\">collectif Marthe<\/span><\/a><span style=\"font-weight: 400\">\u00a0a travaill\u00e9 avec la journaliste Claire Richard autour du cyber-f\u00e9minisme. L\u2019objectif est de mettre en lumi\u00e8re la mani\u00e8re dont <\/span><i><span style=\"font-weight: 400\">\u201cles femmes se r\u00e9approprient leurs identit\u00e9s virtuelles et parviennent \u00e0 cr\u00e9er des espaces de r\u00e9sistance en d\u00e9jouant les logiques capitalistes du net\u201d<\/span><\/i><span style=\"font-weight: 400\">. Cette pi\u00e8ce a eu la chance d\u2019\u00eatre jou\u00e9e sur sc\u00e8ne : <\/span><i><span style=\"font-weight: 400\">\u201cOn a pu faire une pr\u00e9sentation devant les professionnels et devant la presse. On avait install\u00e9 le public selon les restrictions sanitaires qui sont appliqu\u00e9es dans les lieux de culte car nous n\u2019avons pas de consignes dans les lieux culturels. On a donc laiss\u00e9 deux places entre chaque groupe de personnes\u201d,<\/span><\/i><span style=\"font-weight: 400\"> commente la co-directrice.\u00a0<\/span><\/p>\n<figure id=\"attachment_21727\" aria-describedby=\"caption-attachment-21727\" style=\"width: 1143px\" class=\"wp-caption alignnone\"><img loading=\"lazy\" decoding=\"async\" class=\"size-full wp-image-21727\" src=\"https:\/\/lyonbondyblog.fr\/LBB\/wp-content\/uploads\/2021\/01\/th\u00e9\u00e2tre-du-point-du-jour.png\" alt=\"\" width=\"1143\" height=\"596\" srcset=\"https:\/\/lyonbondyblog.fr\/LBB\/wp-content\/uploads\/2021\/01\/th\u00e9\u00e2tre-du-point-du-jour.png 1143w, https:\/\/lyonbondyblog.fr\/LBB\/wp-content\/uploads\/2021\/01\/th\u00e9\u00e2tre-du-point-du-jour-768x400.png 768w\" sizes=\"auto, (max-width: 1143px) 100vw, 1143px\" \/><figcaption id=\"caption-attachment-21727\" class=\"wp-caption-text\">Les locaux du th\u00e9\u00e2tre du Point du jour. \/ Source : Google maps<\/figcaption><\/figure>\n<p><span style=\"font-size: 14pt\"><b>L\u2019alternative num\u00e9rique des th\u00e9\u00e2tres face aux contraintes sanitaires<\/b><\/span><\/p>\n<p><span style=\"font-weight: 400\">Pour pallier le manque de repr\u00e9sentation sc\u00e9nique, le milieu de la culture s\u2019est massivement tourn\u00e9 vers le num\u00e9rique depuis le d\u00e9but de la crise. Le th\u00e9\u00e2tre du Point du jour n\u2019a pas souhait\u00e9 opter pour la diffusion de spectacle entier en <\/span><i><span style=\"font-weight: 400\">streaming<\/span><\/i><span style=\"font-weight: 400\">. C\u2019est ce qu\u2019explique Eric Mass\u00e9 :<\/span><i><span style=\"font-weight: 400\"> \u201cNous sommes contre ce qui peut se passer dans certains th\u00e9\u00e2tres de proposer une vid\u00e9o du spectacle, car le spectacle vivant est fait pour \u00eatre partag\u00e9 en salle. Nous, on essaye plut\u00f4t de diffuser des objets interm\u00e9diaires.\u201d<\/span><\/i><span style=\"font-weight: 400\"> Ceux-ci peuvent se pr\u00e9senter sous diff\u00e9rentes formes, comme le podcast, en vogue depuis le confinement. Avec l\u2019aide de Claire Richard, <\/span><a href=\"https:\/\/www.arteradio.com\/auteurs\/claire_richard\"><span style=\"font-weight: 400\">journaliste sur Arte Radio<\/span><\/a><span style=\"font-weight: 400\">, l&rsquo;\u00e9quipe artistique de\u00a0\u201cGrand reporTERRE\u201d a ainsi choisi d\u2019utiliser ce format afin de partager l&rsquo;\u0153uvre\u00a0 au public.<\/span> <span style=\"font-weight: 400\">Pour son projet TUPP, Ang\u00e9lique Clairant a en revanche opt\u00e9 pour un <\/span><a href=\"https:\/\/vimeo.com\/499138672\/35b7945ce2\"><i><span style=\"font-weight: 400\">teaser<\/span><\/i><\/a> <span style=\"font-weight: 400\">sur les coulisses du spectacle, soutenu par la ville de Lyon. Ce dernier montre la cr\u00e9ation de cette \u0153uvre en LSF, et permet au public d\u2019observer la mani\u00e8re dont les maisons continuent \u00e0 vivre pendant la fermeture.\u00a0<\/span><\/p>\n<p><span style=\"font-weight: 400\">Pour r\u00e9pertorier tous ces \u201cobjets interm\u00e9diaires\u201d, le th\u00e9\u00e2tre du Point du jour avait cr\u00e9\u00e9 la <\/span><a href=\"https:\/\/www.pointdujourtheatre.fr\/newsletters-25.html\"><span style=\"font-weight: 400\">newsletter<\/span><\/a><span style=\"font-weight: 400\"> \u201cConfin\u2019&amp;cr\u00e9ative\u201d d\u00e8s le premier confinement, <\/span><a href=\"https:\/\/fr.unesco.org\/news\/institutions-culturelles-lyon-passent-au-numerique-confinement\"><span style=\"font-weight: 400\">salu\u00e9e par l&rsquo;UNESCO<\/span><\/a><span style=\"font-weight: 400\">. <\/span><i><span style=\"font-weight: 400\">\u201cLe principe c\u2019est que les artistes proposent toutes sortes de liens vers leur travail<\/span><\/i><span style=\"font-weight: 400\">, souligne Eric Mass\u00e9<\/span><i><span style=\"font-weight: 400\">. On peut \u00e9couter aussi bien des podcasts que voir des films, des interviews, lire des articles etc. La plupart des spectacles sont report\u00e9s, alors en attendant on d\u00e9place l\u2019int\u00e9r\u00eat du public au niveau de la temporalit\u00e9. On nourrit le public pour lui permettre d\u2019avoir une relation avec l&rsquo;\u0153uvre en cours de cr\u00e9ation.\u201d <\/span><\/i><span style=\"font-weight: 400\">Des initiatives suscitant optimisme et r\u00e9confort face \u00e0 la crise du secteur culturel. La reprise des spectacles vivants ouverts au grand public reste toutefois attendue avec impatience.\u00a0<\/span><\/p>\n<!-- AddThis Advanced Settings generic via filter on the_content --><!-- AddThis Share Buttons generic via filter on the_content -->","protected":false},"excerpt":{"rendered":"<p>Entre spectacles \u00ab\u00a0nomades\u00a0\u00bb et\u00a0 podcasts, le th\u00e9\u00e2tre du Point du jour n&rsquo;est pas \u00e0 court d&rsquo;alternatives face \u00e0 la pand\u00e9mie.\u00a0 Le 14 janvier dernier, Roselyne &hellip; <!-- AddThis Advanced Settings generic via filter on wp_trim_excerpt --><!-- AddThis Share Buttons generic via filter on wp_trim_excerpt --><\/p>\n","protected":false},"author":29252,"featured_media":21726,"comment_status":"open","ping_status":"open","sticky":false,"template":"","format":"standard","meta":{"_FSMCFIC_featured_image_caption":"","_FSMCFIC_featured_image_nocaption":"","_FSMCFIC_featured_image_hide":"","footnotes":""},"categories":[3,4,2104,13697],"tags":[],"class_list":["post-21725","post","type-post","status-publish","format-standard","has-post-thumbnail","hentry","category-culture","category-lyon","category-podcasts","category-spectacle"],"yoast_head":"<!-- This site is optimized with the Yoast SEO plugin v22.8 - https:\/\/yoast.com\/wordpress\/plugins\/seo\/ -->\n<title>Le spectacle vivant face au Covid #1 : Le th\u00e9\u00e2tre du Point du jour - Lyon Bondy Blog<\/title>\n<meta name=\"robots\" content=\"index, follow, max-snippet:-1, max-image-preview:large, max-video-preview:-1\" \/>\n<link rel=\"canonical\" href=\"https:\/\/lyonbondyblog.fr\/LBB\/le-spectacle-vivant-face-au-covid-1-le-theatre-du-point-du-jour\/\" \/>\n<meta property=\"og:locale\" content=\"fr_FR\" \/>\n<meta property=\"og:type\" content=\"article\" \/>\n<meta property=\"og:title\" content=\"Le spectacle vivant face au Covid #1 : Le th\u00e9\u00e2tre du Point du jour - Lyon Bondy Blog\" \/>\n<meta property=\"og:description\" content=\"Entre spectacles \u00ab\u00a0nomades\u00a0\u00bb et\u00a0 podcasts, le th\u00e9\u00e2tre du Point du jour n&rsquo;est pas \u00e0 court d&rsquo;alternatives face \u00e0 la pand\u00e9mie.\u00a0 Le 14 janvier dernier, Roselyne &hellip;\" \/>\n<meta property=\"og:url\" content=\"https:\/\/lyonbondyblog.fr\/LBB\/le-spectacle-vivant-face-au-covid-1-le-theatre-du-point-du-jour\/\" \/>\n<meta property=\"og:site_name\" content=\"Lyon Bondy Blog\" \/>\n<meta property=\"article:publisher\" content=\"https:\/\/www.facebook.com\/lyonbondyblog\" \/>\n<meta property=\"article:published_time\" content=\"2021-01-22T14:02:38+00:00\" \/>\n<meta property=\"article:modified_time\" content=\"2021-01-22T17:30:52+00:00\" \/>\n<meta property=\"og:image\" content=\"https:\/\/lyonbondyblog.fr\/LBB\/wp-content\/uploads\/2021\/01\/point-du-jour-2.jpg\" \/>\n\t<meta property=\"og:image:width\" content=\"3543\" \/>\n\t<meta property=\"og:image:height\" content=\"2365\" \/>\n\t<meta property=\"og:image:type\" content=\"image\/jpeg\" \/>\n<meta name=\"author\" content=\"L\u00e9a Dornier\" \/>\n<meta name=\"twitter:card\" content=\"summary_large_image\" \/>\n<meta name=\"twitter:creator\" content=\"@bondybloglyon\" \/>\n<meta name=\"twitter:site\" content=\"@bondybloglyon\" \/>\n<script type=\"application\/ld+json\" class=\"yoast-schema-graph\">{\"@context\":\"https:\/\/schema.org\",\"@graph\":[{\"@type\":\"Article\",\"@id\":\"https:\/\/lyonbondyblog.fr\/LBB\/le-spectacle-vivant-face-au-covid-1-le-theatre-du-point-du-jour\/#article\",\"isPartOf\":{\"@id\":\"https:\/\/lyonbondyblog.fr\/LBB\/le-spectacle-vivant-face-au-covid-1-le-theatre-du-point-du-jour\/\"},\"author\":{\"name\":\"L\u00e9a Dornier\",\"@id\":\"https:\/\/lyonbondyblog.fr\/LBB\/#\/schema\/person\/80ee3e47c1c86b8b608b159f04c354e5\"},\"headline\":\"Le spectacle vivant face au Covid #1 : Le th\u00e9\u00e2tre du Point du jour\",\"datePublished\":\"2021-01-22T14:02:38+00:00\",\"dateModified\":\"2021-01-22T17:30:52+00:00\",\"mainEntityOfPage\":{\"@id\":\"https:\/\/lyonbondyblog.fr\/LBB\/le-spectacle-vivant-face-au-covid-1-le-theatre-du-point-du-jour\/\"},\"wordCount\":927,\"commentCount\":0,\"publisher\":{\"@id\":\"https:\/\/lyonbondyblog.fr\/LBB\/#organization\"},\"image\":{\"@id\":\"https:\/\/lyonbondyblog.fr\/LBB\/le-spectacle-vivant-face-au-covid-1-le-theatre-du-point-du-jour\/#primaryimage\"},\"thumbnailUrl\":\"https:\/\/lyonbondyblog.fr\/LBB\/wp-content\/uploads\/2021\/01\/point-du-jour-2.jpg\",\"articleSection\":[\"Culture\",\"Lyon\",\"Podcasts\",\"Spectacle\"],\"inLanguage\":\"fr-FR\",\"potentialAction\":[{\"@type\":\"CommentAction\",\"name\":\"Comment\",\"target\":[\"https:\/\/lyonbondyblog.fr\/LBB\/le-spectacle-vivant-face-au-covid-1-le-theatre-du-point-du-jour\/#respond\"]}]},{\"@type\":\"WebPage\",\"@id\":\"https:\/\/lyonbondyblog.fr\/LBB\/le-spectacle-vivant-face-au-covid-1-le-theatre-du-point-du-jour\/\",\"url\":\"https:\/\/lyonbondyblog.fr\/LBB\/le-spectacle-vivant-face-au-covid-1-le-theatre-du-point-du-jour\/\",\"name\":\"Le spectacle vivant face au Covid #1 : Le th\u00e9\u00e2tre du Point du jour - Lyon Bondy Blog\",\"isPartOf\":{\"@id\":\"https:\/\/lyonbondyblog.fr\/LBB\/#website\"},\"primaryImageOfPage\":{\"@id\":\"https:\/\/lyonbondyblog.fr\/LBB\/le-spectacle-vivant-face-au-covid-1-le-theatre-du-point-du-jour\/#primaryimage\"},\"image\":{\"@id\":\"https:\/\/lyonbondyblog.fr\/LBB\/le-spectacle-vivant-face-au-covid-1-le-theatre-du-point-du-jour\/#primaryimage\"},\"thumbnailUrl\":\"https:\/\/lyonbondyblog.fr\/LBB\/wp-content\/uploads\/2021\/01\/point-du-jour-2.jpg\",\"datePublished\":\"2021-01-22T14:02:38+00:00\",\"dateModified\":\"2021-01-22T17:30:52+00:00\",\"inLanguage\":\"fr-FR\",\"potentialAction\":[{\"@type\":\"ReadAction\",\"target\":[\"https:\/\/lyonbondyblog.fr\/LBB\/le-spectacle-vivant-face-au-covid-1-le-theatre-du-point-du-jour\/\"]}]},{\"@type\":\"ImageObject\",\"inLanguage\":\"fr-FR\",\"@id\":\"https:\/\/lyonbondyblog.fr\/LBB\/le-spectacle-vivant-face-au-covid-1-le-theatre-du-point-du-jour\/#primaryimage\",\"url\":\"https:\/\/lyonbondyblog.fr\/LBB\/wp-content\/uploads\/2021\/01\/point-du-jour-2.jpg\",\"contentUrl\":\"https:\/\/lyonbondyblog.fr\/LBB\/wp-content\/uploads\/2021\/01\/point-du-jour-2.jpg\",\"width\":3543,\"height\":2365,\"caption\":\"Un th\u00e9\u00e2tre sans public, les marthes en r\u00e9sidence au point du jour le 7 janvier \/ Source : Bertrand Gaudill\u00e8re\"},{\"@type\":\"WebSite\",\"@id\":\"https:\/\/lyonbondyblog.fr\/LBB\/#website\",\"url\":\"https:\/\/lyonbondyblog.fr\/LBB\/\",\"name\":\"Lyon Bondy Blog\",\"description\":\"\",\"publisher\":{\"@id\":\"https:\/\/lyonbondyblog.fr\/LBB\/#organization\"},\"potentialAction\":[{\"@type\":\"SearchAction\",\"target\":{\"@type\":\"EntryPoint\",\"urlTemplate\":\"https:\/\/lyonbondyblog.fr\/LBB\/?s={search_term_string}\"},\"query-input\":\"required name=search_term_string\"}],\"inLanguage\":\"fr-FR\"},{\"@type\":\"Organization\",\"@id\":\"https:\/\/lyonbondyblog.fr\/LBB\/#organization\",\"name\":\"LYON BONDY BLOG\",\"url\":\"https:\/\/lyonbondyblog.fr\/LBB\/\",\"logo\":{\"@type\":\"ImageObject\",\"inLanguage\":\"fr-FR\",\"@id\":\"https:\/\/lyonbondyblog.fr\/LBB\/#\/schema\/logo\/image\/\",\"url\":\"http:\/\/lyonbondyblog.fr\/LBB\/wp-content\/uploads\/2014\/10\/logo-portable-144.png\",\"contentUrl\":\"http:\/\/lyonbondyblog.fr\/LBB\/wp-content\/uploads\/2014\/10\/logo-portable-144.png\",\"width\":144,\"height\":123,\"caption\":\"LYON BONDY BLOG\"},\"image\":{\"@id\":\"https:\/\/lyonbondyblog.fr\/LBB\/#\/schema\/logo\/image\/\"},\"sameAs\":[\"https:\/\/www.facebook.com\/lyonbondyblog\",\"https:\/\/x.com\/bondybloglyon\"]},{\"@type\":\"Person\",\"@id\":\"https:\/\/lyonbondyblog.fr\/LBB\/#\/schema\/person\/80ee3e47c1c86b8b608b159f04c354e5\",\"name\":\"L\u00e9a Dornier\",\"url\":\"https:\/\/lyonbondyblog.fr\/LBB\/author\/ldornier\/\"}]}<\/script>\n<!-- \/ Yoast SEO plugin. -->","yoast_head_json":{"title":"Le spectacle vivant face au Covid #1 : Le th\u00e9\u00e2tre du Point du jour - Lyon Bondy Blog","robots":{"index":"index","follow":"follow","max-snippet":"max-snippet:-1","max-image-preview":"max-image-preview:large","max-video-preview":"max-video-preview:-1"},"canonical":"https:\/\/lyonbondyblog.fr\/LBB\/le-spectacle-vivant-face-au-covid-1-le-theatre-du-point-du-jour\/","og_locale":"fr_FR","og_type":"article","og_title":"Le spectacle vivant face au Covid #1 : Le th\u00e9\u00e2tre du Point du jour - Lyon Bondy Blog","og_description":"Entre spectacles \u00ab\u00a0nomades\u00a0\u00bb et\u00a0 podcasts, le th\u00e9\u00e2tre du Point du jour n&rsquo;est pas \u00e0 court d&rsquo;alternatives face \u00e0 la pand\u00e9mie.\u00a0 Le 14 janvier dernier, Roselyne &hellip;","og_url":"https:\/\/lyonbondyblog.fr\/LBB\/le-spectacle-vivant-face-au-covid-1-le-theatre-du-point-du-jour\/","og_site_name":"Lyon Bondy Blog","article_publisher":"https:\/\/www.facebook.com\/lyonbondyblog","article_published_time":"2021-01-22T14:02:38+00:00","article_modified_time":"2021-01-22T17:30:52+00:00","og_image":[{"width":3543,"height":2365,"url":"https:\/\/lyonbondyblog.fr\/LBB\/wp-content\/uploads\/2021\/01\/point-du-jour-2.jpg","type":"image\/jpeg"}],"author":"L\u00e9a Dornier","twitter_card":"summary_large_image","twitter_creator":"@bondybloglyon","twitter_site":"@bondybloglyon","schema":{"@context":"https:\/\/schema.org","@graph":[{"@type":"Article","@id":"https:\/\/lyonbondyblog.fr\/LBB\/le-spectacle-vivant-face-au-covid-1-le-theatre-du-point-du-jour\/#article","isPartOf":{"@id":"https:\/\/lyonbondyblog.fr\/LBB\/le-spectacle-vivant-face-au-covid-1-le-theatre-du-point-du-jour\/"},"author":{"name":"L\u00e9a Dornier","@id":"https:\/\/lyonbondyblog.fr\/LBB\/#\/schema\/person\/80ee3e47c1c86b8b608b159f04c354e5"},"headline":"Le spectacle vivant face au Covid #1 : Le th\u00e9\u00e2tre du Point du jour","datePublished":"2021-01-22T14:02:38+00:00","dateModified":"2021-01-22T17:30:52+00:00","mainEntityOfPage":{"@id":"https:\/\/lyonbondyblog.fr\/LBB\/le-spectacle-vivant-face-au-covid-1-le-theatre-du-point-du-jour\/"},"wordCount":927,"commentCount":0,"publisher":{"@id":"https:\/\/lyonbondyblog.fr\/LBB\/#organization"},"image":{"@id":"https:\/\/lyonbondyblog.fr\/LBB\/le-spectacle-vivant-face-au-covid-1-le-theatre-du-point-du-jour\/#primaryimage"},"thumbnailUrl":"https:\/\/lyonbondyblog.fr\/LBB\/wp-content\/uploads\/2021\/01\/point-du-jour-2.jpg","articleSection":["Culture","Lyon","Podcasts","Spectacle"],"inLanguage":"fr-FR","potentialAction":[{"@type":"CommentAction","name":"Comment","target":["https:\/\/lyonbondyblog.fr\/LBB\/le-spectacle-vivant-face-au-covid-1-le-theatre-du-point-du-jour\/#respond"]}]},{"@type":"WebPage","@id":"https:\/\/lyonbondyblog.fr\/LBB\/le-spectacle-vivant-face-au-covid-1-le-theatre-du-point-du-jour\/","url":"https:\/\/lyonbondyblog.fr\/LBB\/le-spectacle-vivant-face-au-covid-1-le-theatre-du-point-du-jour\/","name":"Le spectacle vivant face au Covid #1 : Le th\u00e9\u00e2tre du Point du jour - Lyon Bondy Blog","isPartOf":{"@id":"https:\/\/lyonbondyblog.fr\/LBB\/#website"},"primaryImageOfPage":{"@id":"https:\/\/lyonbondyblog.fr\/LBB\/le-spectacle-vivant-face-au-covid-1-le-theatre-du-point-du-jour\/#primaryimage"},"image":{"@id":"https:\/\/lyonbondyblog.fr\/LBB\/le-spectacle-vivant-face-au-covid-1-le-theatre-du-point-du-jour\/#primaryimage"},"thumbnailUrl":"https:\/\/lyonbondyblog.fr\/LBB\/wp-content\/uploads\/2021\/01\/point-du-jour-2.jpg","datePublished":"2021-01-22T14:02:38+00:00","dateModified":"2021-01-22T17:30:52+00:00","inLanguage":"fr-FR","potentialAction":[{"@type":"ReadAction","target":["https:\/\/lyonbondyblog.fr\/LBB\/le-spectacle-vivant-face-au-covid-1-le-theatre-du-point-du-jour\/"]}]},{"@type":"ImageObject","inLanguage":"fr-FR","@id":"https:\/\/lyonbondyblog.fr\/LBB\/le-spectacle-vivant-face-au-covid-1-le-theatre-du-point-du-jour\/#primaryimage","url":"https:\/\/lyonbondyblog.fr\/LBB\/wp-content\/uploads\/2021\/01\/point-du-jour-2.jpg","contentUrl":"https:\/\/lyonbondyblog.fr\/LBB\/wp-content\/uploads\/2021\/01\/point-du-jour-2.jpg","width":3543,"height":2365,"caption":"Un th\u00e9\u00e2tre sans public, les marthes en r\u00e9sidence au point du jour le 7 janvier \/ Source : Bertrand Gaudill\u00e8re"},{"@type":"WebSite","@id":"https:\/\/lyonbondyblog.fr\/LBB\/#website","url":"https:\/\/lyonbondyblog.fr\/LBB\/","name":"Lyon Bondy Blog","description":"","publisher":{"@id":"https:\/\/lyonbondyblog.fr\/LBB\/#organization"},"potentialAction":[{"@type":"SearchAction","target":{"@type":"EntryPoint","urlTemplate":"https:\/\/lyonbondyblog.fr\/LBB\/?s={search_term_string}"},"query-input":"required name=search_term_string"}],"inLanguage":"fr-FR"},{"@type":"Organization","@id":"https:\/\/lyonbondyblog.fr\/LBB\/#organization","name":"LYON BONDY BLOG","url":"https:\/\/lyonbondyblog.fr\/LBB\/","logo":{"@type":"ImageObject","inLanguage":"fr-FR","@id":"https:\/\/lyonbondyblog.fr\/LBB\/#\/schema\/logo\/image\/","url":"http:\/\/lyonbondyblog.fr\/LBB\/wp-content\/uploads\/2014\/10\/logo-portable-144.png","contentUrl":"http:\/\/lyonbondyblog.fr\/LBB\/wp-content\/uploads\/2014\/10\/logo-portable-144.png","width":144,"height":123,"caption":"LYON BONDY BLOG"},"image":{"@id":"https:\/\/lyonbondyblog.fr\/LBB\/#\/schema\/logo\/image\/"},"sameAs":["https:\/\/www.facebook.com\/lyonbondyblog","https:\/\/x.com\/bondybloglyon"]},{"@type":"Person","@id":"https:\/\/lyonbondyblog.fr\/LBB\/#\/schema\/person\/80ee3e47c1c86b8b608b159f04c354e5","name":"L\u00e9a Dornier","url":"https:\/\/lyonbondyblog.fr\/LBB\/author\/ldornier\/"}]}},"_links":{"self":[{"href":"https:\/\/lyonbondyblog.fr\/LBB\/wp-json\/wp\/v2\/posts\/21725","targetHints":{"allow":["GET"]}}],"collection":[{"href":"https:\/\/lyonbondyblog.fr\/LBB\/wp-json\/wp\/v2\/posts"}],"about":[{"href":"https:\/\/lyonbondyblog.fr\/LBB\/wp-json\/wp\/v2\/types\/post"}],"author":[{"embeddable":true,"href":"https:\/\/lyonbondyblog.fr\/LBB\/wp-json\/wp\/v2\/users\/29252"}],"replies":[{"embeddable":true,"href":"https:\/\/lyonbondyblog.fr\/LBB\/wp-json\/wp\/v2\/comments?post=21725"}],"version-history":[{"count":8,"href":"https:\/\/lyonbondyblog.fr\/LBB\/wp-json\/wp\/v2\/posts\/21725\/revisions"}],"predecessor-version":[{"id":21742,"href":"https:\/\/lyonbondyblog.fr\/LBB\/wp-json\/wp\/v2\/posts\/21725\/revisions\/21742"}],"wp:featuredmedia":[{"embeddable":true,"href":"https:\/\/lyonbondyblog.fr\/LBB\/wp-json\/wp\/v2\/media\/21726"}],"wp:attachment":[{"href":"https:\/\/lyonbondyblog.fr\/LBB\/wp-json\/wp\/v2\/media?parent=21725"}],"wp:term":[{"taxonomy":"category","embeddable":true,"href":"https:\/\/lyonbondyblog.fr\/LBB\/wp-json\/wp\/v2\/categories?post=21725"},{"taxonomy":"post_tag","embeddable":true,"href":"https:\/\/lyonbondyblog.fr\/LBB\/wp-json\/wp\/v2\/tags?post=21725"}],"curies":[{"name":"wp","href":"https:\/\/api.w.org\/{rel}","templated":true}]}}