{"id":21704,"date":"2021-01-21T17:24:37","date_gmt":"2021-01-21T16:24:37","guid":{"rendered":"http:\/\/lyonbondyblog.fr\/LBB\/?p=21704"},"modified":"2021-01-21T17:24:37","modified_gmt":"2021-01-21T16:24:37","slug":"manifestation-etudiante-la-lutte-contre-la-precarite-continue","status":"publish","type":"post","link":"https:\/\/lyonbondyblog.fr\/LBB\/manifestation-etudiante-la-lutte-contre-la-precarite-continue\/","title":{"rendered":"Manifestation \u00e9tudiante : la lutte contre la pr\u00e9carit\u00e9 continue"},"content":{"rendered":"<figure id=\"attachment_21705\" aria-describedby=\"caption-attachment-21705\" style=\"width: 532px\" class=\"wp-caption aligncenter\"><img loading=\"lazy\" decoding=\"async\" class=\"wp-image-21705\" src=\"https:\/\/lyonbondyblog.fr\/LBB\/wp-content\/uploads\/2021\/01\/DSC08527-1200x800.jpg\" alt=\"\" width=\"532\" height=\"354\" srcset=\"https:\/\/lyonbondyblog.fr\/LBB\/wp-content\/uploads\/2021\/01\/DSC08527-1200x800.jpg 1200w, https:\/\/lyonbondyblog.fr\/LBB\/wp-content\/uploads\/2021\/01\/DSC08527-768x512.jpg 768w, https:\/\/lyonbondyblog.fr\/LBB\/wp-content\/uploads\/2021\/01\/DSC08527-1920x1280.jpg 1920w, https:\/\/lyonbondyblog.fr\/LBB\/wp-content\/uploads\/2021\/01\/DSC08527-272x182.jpg 272w\" sizes=\"auto, (max-width: 532px) 100vw, 532px\" \/><figcaption id=\"caption-attachment-21705\" class=\"wp-caption-text\">La manifestation \u00e9tudiante du 21 janvier \/ Source : L\u00e9a Dornier<\/figcaption><\/figure>\n<p><span style=\"font-weight: 400;\">Ce jeudi 21 janvier, une manifestation s\u2019est tenue au centre ville de Lyon pour lutter contre les conditions de vie pr\u00e9caires des \u00e9tudiants. Un \u00e9v\u00e9nement \u00e0 l\u2019initiative d\u2019une intersyndicale entre l\u2019UNEF et Solidaires-\u00e9tudiants, ainsi que du collectif \u201cG\u00e9n\u00e9ration Covid\u201d n\u00e9 \u00e0 l\u2019Universit\u00e9 Lyon 3 la semaine derni\u00e8re. Ce collectif fait suite aux suicides et tentatives de suicide qui ont \u00e9branl\u00e9 le milieu universitaire lyonnais ces derni\u00e8res semaines. M\u00eame s\u2019ils ne sont pas tous touch\u00e9s, les \u00e9tudiants souhaitent se montrer solidaires les uns avec les autres, pour se&nbsp;<\/span><span style=\"font-weight: 400;\">mobiliser ensemble contre la d\u00e9tresse \u00e9tudiante.&nbsp;<\/span><\/p>\n<p><span style=\"font-weight: 400;\">Des membres de tous les \u00e9tablissements de Lyon \u00e9taient pr\u00e9sents et militaient pour la m\u00eame cause : la <\/span><a href=\"https:\/\/lyonbondyblog.fr\/LBB\/les-etudiants-lyonnais-determines-a-reprendre-les-cours-en-presentiel\/\"><span style=\"font-weight: 400;\">r\u00e9ouverture des universit\u00e9s<\/span><\/a><span style=\"font-weight: 400;\">. Conscients que le virus circule toujours, ils estiment qu\u2019une reprise des cours en pr\u00e9sentiel en petit groupe sur la base du volontariat est une solution envisageable et <\/span><a href=\"https:\/\/lyonbondyblog.fr\/LBB\/logements-etudiants-la-situation-est-particulierement-alarmante\/\"><span style=\"font-weight: 400;\">n\u00e9cessaire<\/span><\/a><span style=\"font-weight: 400;\">. Ils demandent la fin de leur <\/span><a href=\"https:\/\/blogs.mediapart.fr\/edmond-kober\/blog\/130121\/frederique-vidal-veut-proteger-les-etudiants\"><span style=\"font-weight: 400;\">infantilisation<\/span><\/a><span style=\"font-weight: 400;\">, et s\u2019adressent aux acteurs capables de faire \u00e9voluer la situation : le rectorat et le minist\u00e8re de l\u2019enseignement sup\u00e9rieur.<\/span><\/p>\n<p>&nbsp;<\/p>\n<figure id=\"attachment_21706\" aria-describedby=\"caption-attachment-21706\" style=\"width: 519px\" class=\"wp-caption aligncenter\"><img loading=\"lazy\" decoding=\"async\" class=\"wp-image-21706\" src=\"https:\/\/lyonbondyblog.fr\/LBB\/wp-content\/uploads\/2021\/01\/DSC08524-1200x844.jpg\" alt=\"\" width=\"519\" height=\"365\" srcset=\"https:\/\/lyonbondyblog.fr\/LBB\/wp-content\/uploads\/2021\/01\/DSC08524-1200x844.jpg 1200w, https:\/\/lyonbondyblog.fr\/LBB\/wp-content\/uploads\/2021\/01\/DSC08524-768x540.jpg 768w, https:\/\/lyonbondyblog.fr\/LBB\/wp-content\/uploads\/2021\/01\/DSC08524-1920x1350.jpg 1920w\" sizes=\"auto, (max-width: 519px) 100vw, 519px\" \/><figcaption id=\"caption-attachment-21706\" class=\"wp-caption-text\">Pancarte de la manifestation. \/ Source : L\u00e9a Dornier<\/figcaption><\/figure>\n<p>&nbsp;<\/p>\n<p><iframe loading=\"lazy\" src=\"https:\/\/w.soundcloud.com\/player\/?url=https%3A\/\/api.soundcloud.com\/tracks\/969914647&amp;color=%23ff5500&amp;auto_play=false&amp;hide_related=false&amp;show_comments=true&amp;show_user=true&amp;show_reposts=false&amp;show_teaser=true&amp;visual=true\" width=\"100%\" height=\"300\" frameborder=\"no\" scrolling=\"no\"><\/iframe><\/p>\n<div style=\"font-size: 10px; color: #cccccc; line-break: anywhere; word-break: normal; overflow: hidden; white-space: nowrap; text-overflow: ellipsis; font-family: Interstate,Lucida Grande,Lucida Sans Unicode,Lucida Sans,Garuda,Verdana,Tahoma,sans-serif; font-weight: 100;\"><a style=\"color: #cccccc; text-decoration: none;\" title=\"LyonBondyBlog\" href=\"https:\/\/soundcloud.com\/lyonbondyblog\" target=\"_blank\" rel=\"noopener\">LyonBondyBlog<\/a> \u00b7 <a style=\"color: #cccccc; text-decoration: none;\" title=\"Collectif G\u00e9n\u00e9ration Covid\" href=\"https:\/\/soundcloud.com\/lyonbondyblog\/collectif-generation-covid\" target=\"_blank\" rel=\"noopener\">Collectif G\u00e9n\u00e9ration Covid<\/a><\/div>\n<p><iframe loading=\"lazy\" src=\"https:\/\/w.soundcloud.com\/player\/?url=https%3A\/\/api.soundcloud.com\/tracks\/969913900&amp;color=%23ff5500&amp;auto_play=false&amp;hide_related=false&amp;show_comments=true&amp;show_user=true&amp;show_reposts=false&amp;show_teaser=true&amp;visual=true\" width=\"100%\" height=\"300\" frameborder=\"no\" scrolling=\"no\"><\/iframe><\/p>\n<div style=\"font-size: 10px; color: #cccccc; line-break: anywhere; word-break: normal; overflow: hidden; white-space: nowrap; text-overflow: ellipsis; font-family: Interstate,Lucida Grande,Lucida Sans Unicode,Lucida Sans,Garuda,Verdana,Tahoma,sans-serif; font-weight: 100;\"><a style=\"color: #cccccc; text-decoration: none;\" title=\"LyonBondyBlog\" href=\"https:\/\/soundcloud.com\/lyonbondyblog\" target=\"_blank\" rel=\"noopener\">LyonBondyBlog<\/a> \u00b7 <a style=\"color: #cccccc; text-decoration: none;\" title=\"Sarah \u00e9tudiante \u00e0 Lyon 3\" href=\"https:\/\/soundcloud.com\/lyonbondyblog\/sarah-etudiante-a-lyon-3\" target=\"_blank\" rel=\"noopener\">Sarah \u00e9tudiante \u00e0 Lyon 3<\/a><\/div>\n<p><iframe loading=\"lazy\" src=\"https:\/\/w.soundcloud.com\/player\/?url=https%3A\/\/api.soundcloud.com\/tracks\/969912292&amp;color=%23ff5500&amp;auto_play=false&amp;hide_related=false&amp;show_comments=true&amp;show_user=true&amp;show_reposts=false&amp;show_teaser=true&amp;visual=true\" width=\"100%\" height=\"300\" frameborder=\"no\" scrolling=\"no\"><\/iframe><\/p>\n<div style=\"font-size: 10px; color: #cccccc; line-break: anywhere; word-break: normal; overflow: hidden; white-space: nowrap; text-overflow: ellipsis; font-family: Interstate,Lucida Grande,Lucida Sans Unicode,Lucida Sans,Garuda,Verdana,Tahoma,sans-serif; font-weight: 100;\"><a style=\"color: #cccccc; text-decoration: none;\" title=\"LyonBondyBlog\" href=\"https:\/\/soundcloud.com\/lyonbondyblog\" target=\"_blank\" rel=\"noopener\">LyonBondyBlog<\/a> \u00b7 <a style=\"color: #cccccc; text-decoration: none;\" title=\"Ma\u00ebl - Syndicat Solidaire \u00e9tudiant Lyon\" href=\"https:\/\/soundcloud.com\/lyonbondyblog\/mael-syndicat-solidaire-etudiant-lyon\" target=\"_blank\" rel=\"noopener\">Ma\u00ebl &#8211; Syndicat Solidaire \u00e9tudiant Lyon<\/a><\/div>\n<!-- AddThis Advanced Settings generic via filter on the_content --><!-- AddThis Share Buttons generic via filter on the_content -->","protected":false},"excerpt":{"rendered":"<p>Ce jeudi 21 janvier, une manifestation s\u2019est tenue au centre ville de Lyon pour lutter contre les conditions de vie pr\u00e9caires des \u00e9tudiants. Un \u00e9v\u00e9nement &hellip; <!-- AddThis Advanced Settings generic via filter on wp_trim_excerpt --><!-- AddThis Share Buttons generic via filter on wp_trim_excerpt --><\/p>\n","protected":false},"author":29252,"featured_media":21705,"comment_status":"open","ping_status":"open","sticky":false,"template":"","format":"standard","meta":{"_FSMCFIC_featured_image_caption":"","_FSMCFIC_featured_image_nocaption":"","_FSMCFIC_featured_image_hide":"","footnotes":""},"categories":[3517,18131,4,2],"tags":[],"class_list":["post-21704","post","type-post","status-publish","format-standard","has-post-thumbnail","hentry","category-education","category-evenement","category-lyon","category-societe"],"yoast_head":"<!-- This site is optimized with the Yoast SEO plugin v22.8 - https:\/\/yoast.com\/wordpress\/plugins\/seo\/ -->\n<title>Manifestation \u00e9tudiante : la lutte contre la pr\u00e9carit\u00e9 continue - Lyon Bondy Blog<\/title>\n<meta name=\"robots\" content=\"index, follow, max-snippet:-1, max-image-preview:large, max-video-preview:-1\" \/>\n<link rel=\"canonical\" href=\"https:\/\/lyonbondyblog.fr\/LBB\/manifestation-etudiante-la-lutte-contre-la-precarite-continue\/\" \/>\n<meta property=\"og:locale\" content=\"fr_FR\" \/>\n<meta property=\"og:type\" content=\"article\" \/>\n<meta property=\"og:title\" content=\"Manifestation \u00e9tudiante : la lutte contre la pr\u00e9carit\u00e9 continue - Lyon Bondy Blog\" \/>\n<meta property=\"og:description\" content=\"Ce jeudi 21 janvier, une manifestation s\u2019est tenue au centre ville de Lyon pour lutter contre les conditions de vie pr\u00e9caires des \u00e9tudiants. Un \u00e9v\u00e9nement &hellip;\" \/>\n<meta property=\"og:url\" content=\"https:\/\/lyonbondyblog.fr\/LBB\/manifestation-etudiante-la-lutte-contre-la-precarite-continue\/\" \/>\n<meta property=\"og:site_name\" content=\"Lyon Bondy Blog\" \/>\n<meta property=\"article:publisher\" content=\"https:\/\/www.facebook.com\/lyonbondyblog\" \/>\n<meta property=\"article:published_time\" content=\"2021-01-21T16:24:37+00:00\" \/>\n<meta property=\"og:image\" content=\"https:\/\/lyonbondyblog.fr\/LBB\/wp-content\/uploads\/2021\/01\/DSC08527-1920x1280.jpg\" \/>\n\t<meta property=\"og:image:width\" content=\"1920\" \/>\n\t<meta property=\"og:image:height\" content=\"1280\" \/>\n\t<meta property=\"og:image:type\" content=\"image\/jpeg\" \/>\n<meta name=\"author\" content=\"L\u00e9a Dornier\" \/>\n<meta name=\"twitter:card\" content=\"summary_large_image\" \/>\n<meta name=\"twitter:creator\" content=\"@bondybloglyon\" \/>\n<meta name=\"twitter:site\" content=\"@bondybloglyon\" \/>\n<script type=\"application\/ld+json\" class=\"yoast-schema-graph\">{\"@context\":\"https:\/\/schema.org\",\"@graph\":[{\"@type\":\"Article\",\"@id\":\"https:\/\/lyonbondyblog.fr\/LBB\/manifestation-etudiante-la-lutte-contre-la-precarite-continue\/#article\",\"isPartOf\":{\"@id\":\"https:\/\/lyonbondyblog.fr\/LBB\/manifestation-etudiante-la-lutte-contre-la-precarite-continue\/\"},\"author\":{\"name\":\"L\u00e9a Dornier\",\"@id\":\"https:\/\/lyonbondyblog.fr\/LBB\/#\/schema\/person\/80ee3e47c1c86b8b608b159f04c354e5\"},\"headline\":\"Manifestation \u00e9tudiante : la lutte contre la pr\u00e9carit\u00e9 continue\",\"datePublished\":\"2021-01-21T16:24:37+00:00\",\"dateModified\":\"2021-01-21T16:24:37+00:00\",\"mainEntityOfPage\":{\"@id\":\"https:\/\/lyonbondyblog.fr\/LBB\/manifestation-etudiante-la-lutte-contre-la-precarite-continue\/\"},\"wordCount\":251,\"commentCount\":0,\"publisher\":{\"@id\":\"https:\/\/lyonbondyblog.fr\/LBB\/#organization\"},\"image\":{\"@id\":\"https:\/\/lyonbondyblog.fr\/LBB\/manifestation-etudiante-la-lutte-contre-la-precarite-continue\/#primaryimage\"},\"thumbnailUrl\":\"https:\/\/lyonbondyblog.fr\/LBB\/wp-content\/uploads\/2021\/01\/DSC08527.jpg\",\"articleSection\":[\"Education\",\"Ev\u00e9nement\",\"Lyon\",\"Soci\u00e9t\u00e9\"],\"inLanguage\":\"fr-FR\",\"potentialAction\":[{\"@type\":\"CommentAction\",\"name\":\"Comment\",\"target\":[\"https:\/\/lyonbondyblog.fr\/LBB\/manifestation-etudiante-la-lutte-contre-la-precarite-continue\/#respond\"]}]},{\"@type\":\"WebPage\",\"@id\":\"https:\/\/lyonbondyblog.fr\/LBB\/manifestation-etudiante-la-lutte-contre-la-precarite-continue\/\",\"url\":\"https:\/\/lyonbondyblog.fr\/LBB\/manifestation-etudiante-la-lutte-contre-la-precarite-continue\/\",\"name\":\"Manifestation \u00e9tudiante : la lutte contre la pr\u00e9carit\u00e9 continue - Lyon Bondy Blog\",\"isPartOf\":{\"@id\":\"https:\/\/lyonbondyblog.fr\/LBB\/#website\"},\"primaryImageOfPage\":{\"@id\":\"https:\/\/lyonbondyblog.fr\/LBB\/manifestation-etudiante-la-lutte-contre-la-precarite-continue\/#primaryimage\"},\"image\":{\"@id\":\"https:\/\/lyonbondyblog.fr\/LBB\/manifestation-etudiante-la-lutte-contre-la-precarite-continue\/#primaryimage\"},\"thumbnailUrl\":\"https:\/\/lyonbondyblog.fr\/LBB\/wp-content\/uploads\/2021\/01\/DSC08527.jpg\",\"datePublished\":\"2021-01-21T16:24:37+00:00\",\"dateModified\":\"2021-01-21T16:24:37+00:00\",\"inLanguage\":\"fr-FR\",\"potentialAction\":[{\"@type\":\"ReadAction\",\"target\":[\"https:\/\/lyonbondyblog.fr\/LBB\/manifestation-etudiante-la-lutte-contre-la-precarite-continue\/\"]}]},{\"@type\":\"ImageObject\",\"inLanguage\":\"fr-FR\",\"@id\":\"https:\/\/lyonbondyblog.fr\/LBB\/manifestation-etudiante-la-lutte-contre-la-precarite-continue\/#primaryimage\",\"url\":\"https:\/\/lyonbondyblog.fr\/LBB\/wp-content\/uploads\/2021\/01\/DSC08527.jpg\",\"contentUrl\":\"https:\/\/lyonbondyblog.fr\/LBB\/wp-content\/uploads\/2021\/01\/DSC08527.jpg\",\"width\":5472,\"height\":3648,\"caption\":\"La manifestation \u00e9tudiante du 21 janvier \/ Source : L\u00e9a Dornier\"},{\"@type\":\"WebSite\",\"@id\":\"https:\/\/lyonbondyblog.fr\/LBB\/#website\",\"url\":\"https:\/\/lyonbondyblog.fr\/LBB\/\",\"name\":\"Lyon Bondy Blog\",\"description\":\"\",\"publisher\":{\"@id\":\"https:\/\/lyonbondyblog.fr\/LBB\/#organization\"},\"potentialAction\":[{\"@type\":\"SearchAction\",\"target\":{\"@type\":\"EntryPoint\",\"urlTemplate\":\"https:\/\/lyonbondyblog.fr\/LBB\/?s={search_term_string}\"},\"query-input\":\"required name=search_term_string\"}],\"inLanguage\":\"fr-FR\"},{\"@type\":\"Organization\",\"@id\":\"https:\/\/lyonbondyblog.fr\/LBB\/#organization\",\"name\":\"LYON BONDY BLOG\",\"url\":\"https:\/\/lyonbondyblog.fr\/LBB\/\",\"logo\":{\"@type\":\"ImageObject\",\"inLanguage\":\"fr-FR\",\"@id\":\"https:\/\/lyonbondyblog.fr\/LBB\/#\/schema\/logo\/image\/\",\"url\":\"http:\/\/lyonbondyblog.fr\/LBB\/wp-content\/uploads\/2014\/10\/logo-portable-144.png\",\"contentUrl\":\"http:\/\/lyonbondyblog.fr\/LBB\/wp-content\/uploads\/2014\/10\/logo-portable-144.png\",\"width\":144,\"height\":123,\"caption\":\"LYON BONDY BLOG\"},\"image\":{\"@id\":\"https:\/\/lyonbondyblog.fr\/LBB\/#\/schema\/logo\/image\/\"},\"sameAs\":[\"https:\/\/www.facebook.com\/lyonbondyblog\",\"https:\/\/x.com\/bondybloglyon\"]},{\"@type\":\"Person\",\"@id\":\"https:\/\/lyonbondyblog.fr\/LBB\/#\/schema\/person\/80ee3e47c1c86b8b608b159f04c354e5\",\"name\":\"L\u00e9a Dornier\",\"url\":\"https:\/\/lyonbondyblog.fr\/LBB\/author\/ldornier\/\"}]}<\/script>\n<!-- \/ Yoast SEO plugin. -->","yoast_head_json":{"title":"Manifestation \u00e9tudiante : la lutte contre la pr\u00e9carit\u00e9 continue - Lyon Bondy Blog","robots":{"index":"index","follow":"follow","max-snippet":"max-snippet:-1","max-image-preview":"max-image-preview:large","max-video-preview":"max-video-preview:-1"},"canonical":"https:\/\/lyonbondyblog.fr\/LBB\/manifestation-etudiante-la-lutte-contre-la-precarite-continue\/","og_locale":"fr_FR","og_type":"article","og_title":"Manifestation \u00e9tudiante : la lutte contre la pr\u00e9carit\u00e9 continue - Lyon Bondy Blog","og_description":"Ce jeudi 21 janvier, une manifestation s\u2019est tenue au centre ville de Lyon pour lutter contre les conditions de vie pr\u00e9caires des \u00e9tudiants. Un \u00e9v\u00e9nement &hellip;","og_url":"https:\/\/lyonbondyblog.fr\/LBB\/manifestation-etudiante-la-lutte-contre-la-precarite-continue\/","og_site_name":"Lyon Bondy Blog","article_publisher":"https:\/\/www.facebook.com\/lyonbondyblog","article_published_time":"2021-01-21T16:24:37+00:00","og_image":[{"width":1920,"height":1280,"url":"https:\/\/lyonbondyblog.fr\/LBB\/wp-content\/uploads\/2021\/01\/DSC08527-1920x1280.jpg","type":"image\/jpeg"}],"author":"L\u00e9a Dornier","twitter_card":"summary_large_image","twitter_creator":"@bondybloglyon","twitter_site":"@bondybloglyon","schema":{"@context":"https:\/\/schema.org","@graph":[{"@type":"Article","@id":"https:\/\/lyonbondyblog.fr\/LBB\/manifestation-etudiante-la-lutte-contre-la-precarite-continue\/#article","isPartOf":{"@id":"https:\/\/lyonbondyblog.fr\/LBB\/manifestation-etudiante-la-lutte-contre-la-precarite-continue\/"},"author":{"name":"L\u00e9a Dornier","@id":"https:\/\/lyonbondyblog.fr\/LBB\/#\/schema\/person\/80ee3e47c1c86b8b608b159f04c354e5"},"headline":"Manifestation \u00e9tudiante : la lutte contre la pr\u00e9carit\u00e9 continue","datePublished":"2021-01-21T16:24:37+00:00","dateModified":"2021-01-21T16:24:37+00:00","mainEntityOfPage":{"@id":"https:\/\/lyonbondyblog.fr\/LBB\/manifestation-etudiante-la-lutte-contre-la-precarite-continue\/"},"wordCount":251,"commentCount":0,"publisher":{"@id":"https:\/\/lyonbondyblog.fr\/LBB\/#organization"},"image":{"@id":"https:\/\/lyonbondyblog.fr\/LBB\/manifestation-etudiante-la-lutte-contre-la-precarite-continue\/#primaryimage"},"thumbnailUrl":"https:\/\/lyonbondyblog.fr\/LBB\/wp-content\/uploads\/2021\/01\/DSC08527.jpg","articleSection":["Education","Ev\u00e9nement","Lyon","Soci\u00e9t\u00e9"],"inLanguage":"fr-FR","potentialAction":[{"@type":"CommentAction","name":"Comment","target":["https:\/\/lyonbondyblog.fr\/LBB\/manifestation-etudiante-la-lutte-contre-la-precarite-continue\/#respond"]}]},{"@type":"WebPage","@id":"https:\/\/lyonbondyblog.fr\/LBB\/manifestation-etudiante-la-lutte-contre-la-precarite-continue\/","url":"https:\/\/lyonbondyblog.fr\/LBB\/manifestation-etudiante-la-lutte-contre-la-precarite-continue\/","name":"Manifestation \u00e9tudiante : la lutte contre la pr\u00e9carit\u00e9 continue - Lyon Bondy Blog","isPartOf":{"@id":"https:\/\/lyonbondyblog.fr\/LBB\/#website"},"primaryImageOfPage":{"@id":"https:\/\/lyonbondyblog.fr\/LBB\/manifestation-etudiante-la-lutte-contre-la-precarite-continue\/#primaryimage"},"image":{"@id":"https:\/\/lyonbondyblog.fr\/LBB\/manifestation-etudiante-la-lutte-contre-la-precarite-continue\/#primaryimage"},"thumbnailUrl":"https:\/\/lyonbondyblog.fr\/LBB\/wp-content\/uploads\/2021\/01\/DSC08527.jpg","datePublished":"2021-01-21T16:24:37+00:00","dateModified":"2021-01-21T16:24:37+00:00","inLanguage":"fr-FR","potentialAction":[{"@type":"ReadAction","target":["https:\/\/lyonbondyblog.fr\/LBB\/manifestation-etudiante-la-lutte-contre-la-precarite-continue\/"]}]},{"@type":"ImageObject","inLanguage":"fr-FR","@id":"https:\/\/lyonbondyblog.fr\/LBB\/manifestation-etudiante-la-lutte-contre-la-precarite-continue\/#primaryimage","url":"https:\/\/lyonbondyblog.fr\/LBB\/wp-content\/uploads\/2021\/01\/DSC08527.jpg","contentUrl":"https:\/\/lyonbondyblog.fr\/LBB\/wp-content\/uploads\/2021\/01\/DSC08527.jpg","width":5472,"height":3648,"caption":"La manifestation \u00e9tudiante du 21 janvier \/ Source : L\u00e9a Dornier"},{"@type":"WebSite","@id":"https:\/\/lyonbondyblog.fr\/LBB\/#website","url":"https:\/\/lyonbondyblog.fr\/LBB\/","name":"Lyon Bondy Blog","description":"","publisher":{"@id":"https:\/\/lyonbondyblog.fr\/LBB\/#organization"},"potentialAction":[{"@type":"SearchAction","target":{"@type":"EntryPoint","urlTemplate":"https:\/\/lyonbondyblog.fr\/LBB\/?s={search_term_string}"},"query-input":"required name=search_term_string"}],"inLanguage":"fr-FR"},{"@type":"Organization","@id":"https:\/\/lyonbondyblog.fr\/LBB\/#organization","name":"LYON BONDY BLOG","url":"https:\/\/lyonbondyblog.fr\/LBB\/","logo":{"@type":"ImageObject","inLanguage":"fr-FR","@id":"https:\/\/lyonbondyblog.fr\/LBB\/#\/schema\/logo\/image\/","url":"http:\/\/lyonbondyblog.fr\/LBB\/wp-content\/uploads\/2014\/10\/logo-portable-144.png","contentUrl":"http:\/\/lyonbondyblog.fr\/LBB\/wp-content\/uploads\/2014\/10\/logo-portable-144.png","width":144,"height":123,"caption":"LYON BONDY BLOG"},"image":{"@id":"https:\/\/lyonbondyblog.fr\/LBB\/#\/schema\/logo\/image\/"},"sameAs":["https:\/\/www.facebook.com\/lyonbondyblog","https:\/\/x.com\/bondybloglyon"]},{"@type":"Person","@id":"https:\/\/lyonbondyblog.fr\/LBB\/#\/schema\/person\/80ee3e47c1c86b8b608b159f04c354e5","name":"L\u00e9a Dornier","url":"https:\/\/lyonbondyblog.fr\/LBB\/author\/ldornier\/"}]}},"_links":{"self":[{"href":"https:\/\/lyonbondyblog.fr\/LBB\/wp-json\/wp\/v2\/posts\/21704","targetHints":{"allow":["GET"]}}],"collection":[{"href":"https:\/\/lyonbondyblog.fr\/LBB\/wp-json\/wp\/v2\/posts"}],"about":[{"href":"https:\/\/lyonbondyblog.fr\/LBB\/wp-json\/wp\/v2\/types\/post"}],"author":[{"embeddable":true,"href":"https:\/\/lyonbondyblog.fr\/LBB\/wp-json\/wp\/v2\/users\/29252"}],"replies":[{"embeddable":true,"href":"https:\/\/lyonbondyblog.fr\/LBB\/wp-json\/wp\/v2\/comments?post=21704"}],"version-history":[{"count":10,"href":"https:\/\/lyonbondyblog.fr\/LBB\/wp-json\/wp\/v2\/posts\/21704\/revisions"}],"predecessor-version":[{"id":27416,"href":"https:\/\/lyonbondyblog.fr\/LBB\/wp-json\/wp\/v2\/posts\/21704\/revisions\/27416"}],"wp:featuredmedia":[{"embeddable":true,"href":"https:\/\/lyonbondyblog.fr\/LBB\/wp-json\/wp\/v2\/media\/21705"}],"wp:attachment":[{"href":"https:\/\/lyonbondyblog.fr\/LBB\/wp-json\/wp\/v2\/media?parent=21704"}],"wp:term":[{"taxonomy":"category","embeddable":true,"href":"https:\/\/lyonbondyblog.fr\/LBB\/wp-json\/wp\/v2\/categories?post=21704"},{"taxonomy":"post_tag","embeddable":true,"href":"https:\/\/lyonbondyblog.fr\/LBB\/wp-json\/wp\/v2\/tags?post=21704"}],"curies":[{"name":"wp","href":"https:\/\/api.w.org\/{rel}","templated":true}]}}