{"id":21681,"date":"2021-01-18T17:05:58","date_gmt":"2021-01-18T16:05:58","guid":{"rendered":"http:\/\/lyonbondyblog.fr\/LBB\/?p=21681"},"modified":"2021-01-18T17:05:58","modified_gmt":"2021-01-18T16:05:58","slug":"en-prison-le-quartier-disciplinaire-pose-question","status":"publish","type":"post","link":"https:\/\/lyonbondyblog.fr\/LBB\/en-prison-le-quartier-disciplinaire-pose-question\/","title":{"rendered":"En prison, le quartier disciplinaire pose question"},"content":{"rendered":"<p><b>La mort du jeune Idir Mederess \u00e0 la maison d\u2019arr\u00eat de Corbas, en septembre, questionne sur le syst\u00e8me p\u00e9nitentiaire. Au c\u0153ur des discussions, les quartiers disciplinaires dans lesquels le taux de suicide est 7 fois plus \u00e9lev\u00e9 qu\u2019en cellule.\u00a0<\/b><\/p>\n<figure id=\"attachment_21620\" aria-describedby=\"caption-attachment-21620\" style=\"width: 636px\" class=\"wp-caption aligncenter\"><img loading=\"lazy\" decoding=\"async\" class=\" wp-image-21620\" src=\"https:\/\/lyonbondyblog.fr\/LBB\/wp-content\/uploads\/2021\/01\/Cellule_du_quartier_disolement_de_la_prison_Jacques-Cartier_\u00e0_travers_le_judas_Rennes_France-1200x800.jpg\" alt=\"\" width=\"636\" height=\"424\" srcset=\"https:\/\/lyonbondyblog.fr\/LBB\/wp-content\/uploads\/2021\/01\/Cellule_du_quartier_disolement_de_la_prison_Jacques-Cartier_\u00e0_travers_le_judas_Rennes_France-1200x800.jpg 1200w, https:\/\/lyonbondyblog.fr\/LBB\/wp-content\/uploads\/2021\/01\/Cellule_du_quartier_disolement_de_la_prison_Jacques-Cartier_\u00e0_travers_le_judas_Rennes_France-768x512.jpg 768w, https:\/\/lyonbondyblog.fr\/LBB\/wp-content\/uploads\/2021\/01\/Cellule_du_quartier_disolement_de_la_prison_Jacques-Cartier_\u00e0_travers_le_judas_Rennes_France-1920x1280.jpg 1920w, https:\/\/lyonbondyblog.fr\/LBB\/wp-content\/uploads\/2021\/01\/Cellule_du_quartier_disolement_de_la_prison_Jacques-Cartier_\u00e0_travers_le_judas_Rennes_France-272x182.jpg 272w\" sizes=\"auto, (max-width: 636px) 100vw, 636px\" \/><figcaption id=\"caption-attachment-21620\" class=\"wp-caption-text\">Cellule du quartier d&rsquo;isolement de la prison Jacques-Cartier (Rennes), \u00e0 travers le judas | Cr\u00e9dit : \u00c9douard Hue<\/figcaption><\/figure>\n<p><span style=\"font-weight: 400\">Le 9 septembre 2020, Idir, 22 ans, est retrouv\u00e9 mort dans une cellule de quartier disciplinaire de la maison d\u2019arr\u00eat de Corbas, deux semaines avant sa sortie. Alors que le parquet de Lyon soutient apr\u00e8s autopsie, la th\u00e8se d\u2019une \u201c<\/span><i><span style=\"font-weight: 400\">mort violente d\u2019origine suicidaire<\/span><\/i><span style=\"font-weight: 400\">\u201d, les t\u00e9moignages de deux d\u00e9tenus \u00e9voquant un passage \u00e0 tabac ont sem\u00e9 le doute sur les circonstances du d\u00e9c\u00e8s. L\u2019avocat de la famille a pu avoir acc\u00e8s aux vid\u00e9os du jour de la mort d\u2019Idir, expliquant que celles-ci ne montraient aucune entr\u00e9e dans sa cellule. En revanche, les vid\u00e9os de la veille ont \u00e9t\u00e9 effac\u00e9es. Tandis que la justice continue de mener une enqu\u00eate, l\u2019association \u201cIdir Espoir &amp; Solidarit\u00e9\u201d a organis\u00e9 deux marches blanches \u00e0 Corbas pour demander la v\u00e9rit\u00e9 sur la mort du jeune homme.\u00a0<\/span><\/p>\n<p><b>La question des quartiers disciplinaires<\/b><\/p>\n<p><span style=\"font-weight: 400\">Des \u201cmitards\u201d qui posent question depuis longtemps dans toutes les prisons fran\u00e7aises. Selon l\u2019Observatoire international des prisons (OIP), on se suicide <\/span><a href=\"https:\/\/oip.org\/decrypter\/thematiques\/mesures-disciplinaires\/\"><span style=\"font-weight: 400\">7 fois plus en quartier disciplinaire<\/span><\/a><span style=\"font-weight: 400\"> qu\u2019en cellule normale : pour Charline Becker, \u201c<\/span><i><span style=\"font-weight: 400\">le quartier disciplinaire est ainsi l&rsquo;endroit de la prison o\u00f9 il y a le plus d\u2019automutilations, de morts et de d\u00e9rapages d\u2019agents<\/span><\/i><span style=\"font-weight: 400\">\u201d. L\u2019association G\u00e9n\u00e9pi Lyon explique que \u201c<\/span><i><span style=\"font-weight: 400\">les conditions au mitard peuvent \u00eatre une vraie \u00e9preuve de torture de 30 jours d\u2019affil\u00e9s, alors m\u00eame que la Cour europ\u00e9enne des droits de l\u2019homme estime que cette sanction ne devrait pas exc\u00e9der 14 jours.\u201d<\/span><\/i><span style=\"font-weight: 400\"> Une sanction qui est \u00e9galement la plus prononc\u00e9e, plus de 7 fois sur 10 selon l\u2019OIP.\u00a0<\/span><\/p>\n<p><span style=\"font-weight: 400\">Dominique Verri\u00e8re, secr\u00e9taire r\u00e9gional \u00e0 Lyon de <\/span><a href=\"https:\/\/www.ufap.fr\/\"><span style=\"font-weight: 400\">l\u2019UFAP-UNSa Justice<\/span><\/a><span style=\"font-weight: 400\">, assure que les surveillants p\u00e9nitentiaires \u201c<\/span><i><span style=\"font-weight: 400\">essayent de lutter contre les suicides en quartiers disciplinaires. Le but du quartier est de faire r\u00e9fl\u00e9chir sur ses actes.\u201d <\/span><\/i><span style=\"font-weight: 400\">Une d\u00e9marche qui peut fonctionner dans certains cas puisque \u201c<\/span><i><span style=\"font-weight: 400\">cela arrive que le d\u00e9tenu sorte de ses jours de quartiers et s\u2019excuse.Il y a des personnalit\u00e9s tr\u00e8s diff\u00e9rentes et plusieurs r\u00e9actions possibles<\/span><\/i><span style=\"font-weight: 400\">.<\/span><i><span style=\"font-weight: 400\"> Parfois, \u00e7a peut aussi g\u00e9n\u00e9rer l\u2019effet inverse, le d\u00e9tenu peut monter en puissance.<\/span><\/i><span style=\"font-weight: 400\">\u201d<\/span><\/p>\n<p><span style=\"font-weight: 400\">Pour les surveillants p\u00e9nitentiaires, la cellule disciplinaire permet \u00e9galement d\u2019\u00eatre en s\u00e9curit\u00e9 face \u00e0 un d\u00e9tenu violent, Dominique Verri\u00e8re pr\u00e9cise qu\u2019une \u201c<\/span><i><span style=\"font-weight: 400\">grille interm\u00e9diaire entre la cellule et les surveillants permet d\u2019avoir une premi\u00e8re barri\u00e8re physique<\/span><\/i><span style=\"font-weight: 400\">\u201d. En 2018, l\u2019administration p\u00e9nitentiaire a recens\u00e9 <\/span><a href=\"https:\/\/oip.org\/decrypter\/thematiques\/au-nom-de-la-securite\/violences-carcerales\/\"><span style=\"font-weight: 400\">4 314 agressions physiques contre des agents.<\/span><\/a><span style=\"font-weight: 400\"> En revanche, les violences envers les d\u00e9tenus elles, ne sont pas comptabilis\u00e9es : l\u2019OIP explique \u00e0 titre indicatif avoir re\u00e7u 200 signalements entre 2017 et 2019.\u00a0<\/span><\/p>\n<p><b>Un probl\u00e8me d\u2019impartialit\u00e9<\/b><\/p>\n<p><span style=\"font-weight: 400\">\u00a0Au-del\u00e0 de la sanction elle-m\u00eame, remise en question par les associations qui souhaitent sa suppression, le processus amenant un d\u00e9tenu au mitard est \u00e9galement questionnable et questionn\u00e9. En cause, un probl\u00e8me de s\u00e9paration des pouvoirs point\u00e9 du doigt par l\u2019OIP : \u201c<\/span><i><span style=\"font-weight: 400\">Il y a un \u00e9norme m\u00e9lange des r\u00f4les sur les proc\u00e9dures disciplinaires. L\u2019administration p\u00e9nitentiaire enqu\u00eate, ordonne les poursuites et est souvent partie civile. Cela remet profond\u00e9ment en question son impartialit\u00e9<\/span><\/i><span style=\"font-weight: 400\">.\u201d Pour G\u00e9n\u00e9pi, \u201c<\/span><i><span style=\"font-weight: 400\">la question du mitard incarne un rapport \u00e0 l\u2019arbitraire compl\u00e8tement exacerb\u00e9 en prison<\/span><\/i><span style=\"font-weight: 400\">.\u201d Dominique Verri\u00e8re nuance : \u201c<\/span><i><span style=\"font-weight: 400\">Il y a un assesseur ext\u00e9rieur. Son r\u00f4le est de garantir une certaine impartialit\u00e9. Malgr\u00e9 tout, c\u2019est vrai, l\u2019administration p\u00e9nitentiaire est juge et partie.\u201d <\/span><\/i><span style=\"font-weight: 400\">Un manque d&rsquo;impartialit\u00e9 sur lequel s\u2019accordent associations et syndicats. Malgr\u00e9 tout, pour Dominique Verri\u00e8re, <\/span><i><span style=\"font-weight: 400\">\u00a0\u201cce sont souvent les surveillants qui se font agresser. Et pourtant, on a toujours l\u2019impression que l&rsquo;administration d\u00e9fend les d\u00e9tenus.<\/span><\/i><span style=\"font-weight: 400\">\u00a0\u00bb\u00a0<\/span><\/p>\n<p><span style=\"font-weight: 400\">Les proc\u00e9dures disciplinaires, initi\u00e9es sur la base de comptes-rendus d\u2019incidents sont pour l\u2019OIP, \u201c<\/span><i><span style=\"font-weight: 400\">tr\u00e8s compliqu\u00e9es \u00e0 remettre en cause. Les enregistrements vid\u00e9o sont utilis\u00e9s tr\u00e8s souvent contre le d\u00e9tenu, mais lorsqu\u2019ils pourraient permettre de montrer des d\u00e9rapages de surveillants, c\u2019est plus difficile d\u2019y avoir acc\u00e8s<\/span><\/i><span style=\"font-weight: 400\">.\u201d Un pas vers plus de transparence a cependant \u00e9t\u00e9 effectu\u00e9 en 2000, les d\u00e9tenus ayant \u00e9t\u00e9 autoris\u00e9s \u00e0 avoir un avocat lors de la commission de discipline. Malgr\u00e9 ces avanc\u00e9es, les associations et les syndicats tentent de mettre en place des alternatives.<\/span><\/p>\n<figure id=\"attachment_21622\" aria-describedby=\"caption-attachment-21622\" style=\"width: 683px\" class=\"wp-caption aligncenter\"><img loading=\"lazy\" decoding=\"async\" class=\" wp-image-21622\" src=\"https:\/\/lyonbondyblog.fr\/LBB\/wp-content\/uploads\/2021\/01\/Maison_d-arret_Lyon_Corbas_prison-e1610553888478-1200x789.jpg\" alt=\"\" width=\"683\" height=\"449\" srcset=\"https:\/\/lyonbondyblog.fr\/LBB\/wp-content\/uploads\/2021\/01\/Maison_d-arret_Lyon_Corbas_prison-e1610553888478-1200x789.jpg 1200w, https:\/\/lyonbondyblog.fr\/LBB\/wp-content\/uploads\/2021\/01\/Maison_d-arret_Lyon_Corbas_prison-e1610553888478-768x505.jpg 768w, https:\/\/lyonbondyblog.fr\/LBB\/wp-content\/uploads\/2021\/01\/Maison_d-arret_Lyon_Corbas_prison-e1610553888478-1920x1262.jpg 1920w\" sizes=\"auto, (max-width: 683px) 100vw, 683px\" \/><figcaption id=\"caption-attachment-21622\" class=\"wp-caption-text\">Maison d&rsquo;arr\u00eat de Corbas | Cr\u00e9dit : Xavier Car\u00e9<\/figcaption><\/figure>\n<p><b>Des alternatives possibles<\/b><\/p>\n<p><a href=\"https:\/\/rm.coe.int\/16806ab9b6\"><span style=\"font-weight: 400\">Les r\u00e8gles p\u00e9nitentiaires europ\u00e9ennes de 2019<\/span><\/a><span style=\"font-weight: 400\"> pr\u00e9cisent que, \u201c<\/span><i><span style=\"font-weight: 400\">dans toute la mesure du possible, les autorit\u00e9s p\u00e9nitentiaires doivent recourir \u00e0 des m\u00e9canismes de restauration et de m\u00e9diation pour r\u00e9soudre leurs diff\u00e9rends avec les d\u00e9tenus et les disputes entre ces derniers\u201d, <\/span><\/i><span style=\"font-weight: 400\">et ajoute que \u201c<\/span><i><span style=\"font-weight: 400\">Les proc\u00e9dures disciplinaires doivent \u00eatre des m\u00e9canismes de dernier ressort\u201d. <\/span><\/i><span style=\"font-weight: 400\">C\u2019est d\u2019ailleurs un potentiel non-respect de cette directive que d\u00e9nonce l\u2019OIP qui pointe du doigt le fait que le quartier disciplinaire est la sanction la plus prononc\u00e9e. L\u2019organisation pr\u00e9conise de son c\u00f4t\u00e9 <\/span><i><span style=\"font-weight: 400\">\u201cun isolement simple en cellule\u00a0\u00bb.<\/span><\/i><span style=\"font-weight: 400\"> Cependant, Dominique Verri\u00e8re d\u00e9plore le manque de moyens dans les prisons et questionne cette recommandation : \u201c<\/span><i><span style=\"font-weight: 400\">Dans des maisons d\u2019arr\u00eat sur encombr\u00e9es, je ne sais pas o\u00f9 l&rsquo;on va trouver des cellules pour isoler un d\u00e9tenu.<\/span><\/i><span style=\"font-weight: 400\">\u00ab\u00a0<\/span><\/p>\n<p><span style=\"font-weight: 400\">Un dispositif nomm\u00e9 <\/span><a href=\"https:\/\/www.ufap.fr\/surveillant-acteur-socle-commun-formations-les-premieres-pierres-sont-posees-pour-des-valeurs-retrouvees\/\"><span style=\"font-weight: 400\">\u201csurveillant acteur\u201d<\/span><\/a><span style=\"font-weight: 400\"> a \u00e9t\u00e9 mis en place en Bourgogne-Franche-Comt\u00e9 par le syndicat UFAP-UNSa Justice. Ce dernier a pour but de remettre le surveillant au c\u0153ur du syst\u00e8me p\u00e9nitentiaire et d\u2019en faire, selon les mots de Dominique Verri\u00e8re, \u201c<\/span><i><span style=\"font-weight: 400\">un interlocuteur privil\u00e9gi\u00e9 des d\u00e9tenus.<\/span><\/i><span style=\"font-weight: 400\">\u00a0\u00bb <\/span><i><span style=\"font-weight: 400\">\u201cCe dispositif limite grandement les agressions, envers les surveillants, permet au d\u00e9tenu d\u2019\u00eatre acteur de son temps d\u2019incarc\u00e9ration et d\u2019avoir un projet plus pertinent pour sa sortie.\u201d <\/span><\/i><span style=\"font-weight: 400\">Une initiative qui peut permettre de limiter l\u2019existence des quartiers disciplinaires et qui, dans l&rsquo;int\u00e9r\u00eat des d\u00e9tenus et des surveillants m\u00e9riterait plus de moyens pour \u00eatre g\u00e9n\u00e9ralis\u00e9e.<\/span><\/p>\n<p><b>Une demande de fermet\u00e9 en hausse<\/b><\/p>\n<p><span style=\"font-weight: 400\">\u00a0Dominique Verri\u00e8re reconna\u00eet que \u201c<\/span><i><span style=\"font-weight: 400\">le quartier disciplinaire n\u2019est pas parfait, la prison non plus, mais on a un service \u00e0 rendre \u00e0 une population qui veut \u00eatre prot\u00e9g\u00e9e.\u00a0\u00bb <\/span><\/i><span style=\"font-weight: 400\">On touche l\u00e0 au c\u0153ur du probl\u00e8me, comment humaniser le syst\u00e8me carc\u00e9ral alors que l\u2019opinion publique exige plus de fermet\u00e9. En effet,<\/span><a href=\"https:\/\/www.ifop.com\/publication\/les-francais-et-la-prison\/\"><span style=\"font-weight: 400\"> un sondage IFOP<\/span><\/a><span style=\"font-weight: 400\"> de 2018 r\u00e9v\u00e8le \u201c<\/span><i><span style=\"font-weight: 400\">un d\u00e9sir de fermet\u00e9 et un attachement \u00e0 la dimension punitive du milieu carc\u00e9ral en forte croissance<\/span><\/i><span style=\"font-weight: 400\">\u201d. En 18 ans, la part des Fran\u00e7ais estimant que la prison doit \u201cpriver de libert\u00e9\u201davant tout est pass\u00e9e de 21% \u00e0 49%. <\/span><a href=\"https:\/\/hal.archives-ouvertes.fr\/hal-01631106\/document\"><span style=\"font-weight: 400\">Une adh\u00e9sion que le sociologue Laurent Mucchielli, directeur de recherche au CNRS, explique par la place grandissante qu\u2019a pris la rh\u00e9torique s\u00e9curitaire en France.<\/span><\/a><span style=\"font-weight: 400\"> Ce dernier d\u00e9nonce \u00e9galement la responsabilit\u00e9 de ces discours dans la surpopulation carc\u00e9rale.<\/span><\/p>\n<figure id=\"attachment_21684\" aria-describedby=\"caption-attachment-21684\" style=\"width: 515px\" class=\"wp-caption aligncenter\"><img loading=\"lazy\" decoding=\"async\" class=\" wp-image-21684\" src=\"https:\/\/lyonbondyblog.fr\/LBB\/wp-content\/uploads\/2021\/01\/IFOP.png\" alt=\"\" width=\"515\" height=\"544\" srcset=\"https:\/\/lyonbondyblog.fr\/LBB\/wp-content\/uploads\/2021\/01\/IFOP.png 793w, https:\/\/lyonbondyblog.fr\/LBB\/wp-content\/uploads\/2021\/01\/IFOP-768x812.png 768w\" sizes=\"auto, (max-width: 515px) 100vw, 515px\" \/><figcaption id=\"caption-attachment-21684\" class=\"wp-caption-text\">Sondage IFOP de 2018<\/figcaption><\/figure>\n<p><span style=\"font-weight: 400\">L\u2019administration s\u2019aligne sur cette demande de fermet\u00e9 puisqu\u2019en 2019, elle a d\u2019ailleurs durci les mesures disciplinaires. <\/span><a href=\"https:\/\/www.mediacites.fr\/enquete\/lyon\/2021\/01\/05\/dans-les-prisons-dauvergne-rhone-alpes-ladministration-degaine-les-lbd\/\"><i><span style=\"font-weight: 400\">M\u00e9diacit\u00e9s Lyon<\/span><\/i><\/a><span style=\"font-weight: 400\"> r\u00e9v\u00e9lait d\u00e9but janvier que l\u2019administration p\u00e9nitentiaire de la r\u00e9gion Auvergne-Rh\u00f4ne-Alpes avait m\u00eame d\u00e9cid\u00e9 de d\u00e9ployer des lanceurs de balles de d\u00e9fense (LBD) dans les prisons. <\/span><span style=\"font-weight: 400\">L\u2019association G\u00e9n\u00e9pi affirme que \u201c<\/span><i><span style=\"font-weight: 400\">le probl\u00e8me est structurel, il y a une vraie question sur les choses que l\u2019on consid\u00e8re comme normales en prison, mais \u00e9galement sur le fait d\u2019envisager ce que l\u2019on consid\u00e8re comme des d\u00e9rives sociales, uniquement sous l\u2019angle de la punition<\/span><\/i><span style=\"font-weight: 400\">.<\/span><\/p>\n<p><b>Le syst\u00e8me p\u00e9nitentiaire, pas une priorit\u00e9<\/b><\/p>\n<p><span style=\"font-weight: 400\">Un point fait l\u2019unanimit\u00e9 aupr\u00e8s des surveillants et des associations, le syst\u00e8me n\u2019est satisfaisant pour personne. Au mois d&rsquo;ao\u00fbt 2020, le Garde des Sceaux Eric Dupond-Moretti a demand\u00e9 avec le ministre de la sant\u00e9 Olivier V\u00e9ran, une enqu\u00eate sur les suicides en d\u00e9tention. Malgr\u00e9 tout, l\u2019OIP observe que la question d\u2019une r\u00e9vision du syst\u00e8me p\u00e9nitentiaire \u201c<\/span><i><span style=\"font-weight: 400\">n\u2019est vraiment pas \u00e0 l\u2019ordre du jour des r\u00e9flexions politique<\/span><\/i><span style=\"font-weight: 400\">s\u201d. En d\u00e9finitive, la doctrine punitive, confirm\u00e9e par les sondages d\u2019opinion ne semble pas remise en question par l\u2019Etat. Malgr\u00e9 tout, \u00e0 leur \u00e9chelle, syndicats et associations tentent de faire bouger les choses avec des d\u00e9saccords, mais un objectif commun, am\u00e9liorer les conditions des d\u00e9tenus et des surveillants.<\/span><\/p>\n<p>&nbsp;<\/p>\n<!-- AddThis Advanced Settings generic via filter on the_content --><!-- AddThis Share Buttons generic via filter on the_content -->","protected":false},"excerpt":{"rendered":"<p>La mort du jeune Idir Mederess \u00e0 la maison d\u2019arr\u00eat de Corbas, en septembre, questionne sur le syst\u00e8me p\u00e9nitentiaire. Au c\u0153ur des discussions, les quartiers &hellip; <!-- AddThis Advanced Settings generic via filter on wp_trim_excerpt --><!-- AddThis Share Buttons generic via filter on wp_trim_excerpt --><\/p>\n","protected":false},"author":29106,"featured_media":21620,"comment_status":"open","ping_status":"open","sticky":false,"template":"","format":"standard","meta":{"_FSMCFIC_featured_image_caption":"","_FSMCFIC_featured_image_nocaption":"","_FSMCFIC_featured_image_hide":"","footnotes":""},"categories":[3898,6,64],"tags":[],"class_list":["post-21681","post","type-post","status-publish","format-standard","has-post-thumbnail","hentry","category-justice","category-politique","category-prisons"],"yoast_head":"<!-- This site is optimized with the Yoast SEO plugin v22.8 - https:\/\/yoast.com\/wordpress\/plugins\/seo\/ -->\n<title>En prison, le quartier disciplinaire pose question - Lyon Bondy Blog<\/title>\n<meta name=\"robots\" content=\"index, follow, max-snippet:-1, max-image-preview:large, max-video-preview:-1\" \/>\n<link rel=\"canonical\" href=\"https:\/\/lyonbondyblog.fr\/LBB\/en-prison-le-quartier-disciplinaire-pose-question\/\" \/>\n<meta property=\"og:locale\" content=\"fr_FR\" \/>\n<meta property=\"og:type\" content=\"article\" \/>\n<meta property=\"og:title\" content=\"En prison, le quartier disciplinaire pose question - Lyon Bondy Blog\" \/>\n<meta property=\"og:description\" content=\"La mort du jeune Idir Mederess \u00e0 la maison d\u2019arr\u00eat de Corbas, en septembre, questionne sur le syst\u00e8me p\u00e9nitentiaire. Au c\u0153ur des discussions, les quartiers &hellip;\" \/>\n<meta property=\"og:url\" content=\"https:\/\/lyonbondyblog.fr\/LBB\/en-prison-le-quartier-disciplinaire-pose-question\/\" \/>\n<meta property=\"og:site_name\" content=\"Lyon Bondy Blog\" \/>\n<meta property=\"article:publisher\" content=\"https:\/\/www.facebook.com\/lyonbondyblog\" \/>\n<meta property=\"article:published_time\" content=\"2021-01-18T16:05:58+00:00\" \/>\n<meta property=\"og:image\" content=\"https:\/\/lyonbondyblog.fr\/LBB\/wp-content\/uploads\/2021\/01\/Cellule_du_quartier_disolement_de_la_prison_Jacques-Cartier_\u00e0_travers_le_judas_Rennes_France-1920x1280.jpg\" \/>\n\t<meta property=\"og:image:width\" content=\"1920\" \/>\n\t<meta property=\"og:image:height\" content=\"1280\" \/>\n\t<meta property=\"og:image:type\" content=\"image\/jpeg\" \/>\n<meta name=\"author\" content=\"Nathan Chaize\" \/>\n<meta name=\"twitter:card\" content=\"summary_large_image\" \/>\n<meta name=\"twitter:creator\" content=\"@chaize_nathan\" \/>\n<meta name=\"twitter:site\" content=\"@bondybloglyon\" \/>\n<script type=\"application\/ld+json\" class=\"yoast-schema-graph\">{\"@context\":\"https:\/\/schema.org\",\"@graph\":[{\"@type\":\"Article\",\"@id\":\"https:\/\/lyonbondyblog.fr\/LBB\/en-prison-le-quartier-disciplinaire-pose-question\/#article\",\"isPartOf\":{\"@id\":\"https:\/\/lyonbondyblog.fr\/LBB\/en-prison-le-quartier-disciplinaire-pose-question\/\"},\"author\":{\"name\":\"Nathan Chaize\",\"@id\":\"https:\/\/lyonbondyblog.fr\/LBB\/#\/schema\/person\/6d41a7410c0604275e7859afebaf2e3c\"},\"headline\":\"En prison, le quartier disciplinaire pose question\",\"datePublished\":\"2021-01-18T16:05:58+00:00\",\"dateModified\":\"2021-01-18T16:05:58+00:00\",\"mainEntityOfPage\":{\"@id\":\"https:\/\/lyonbondyblog.fr\/LBB\/en-prison-le-quartier-disciplinaire-pose-question\/\"},\"wordCount\":1510,\"commentCount\":0,\"publisher\":{\"@id\":\"https:\/\/lyonbondyblog.fr\/LBB\/#organization\"},\"image\":{\"@id\":\"https:\/\/lyonbondyblog.fr\/LBB\/en-prison-le-quartier-disciplinaire-pose-question\/#primaryimage\"},\"thumbnailUrl\":\"https:\/\/lyonbondyblog.fr\/LBB\/wp-content\/uploads\/2021\/01\/Cellule_du_quartier_disolement_de_la_prison_Jacques-Cartier_\u00e0_travers_le_judas_Rennes_France.jpg\",\"articleSection\":[\"Justice\",\"Politique\",\"Prisons\"],\"inLanguage\":\"fr-FR\",\"potentialAction\":[{\"@type\":\"CommentAction\",\"name\":\"Comment\",\"target\":[\"https:\/\/lyonbondyblog.fr\/LBB\/en-prison-le-quartier-disciplinaire-pose-question\/#respond\"]}]},{\"@type\":\"WebPage\",\"@id\":\"https:\/\/lyonbondyblog.fr\/LBB\/en-prison-le-quartier-disciplinaire-pose-question\/\",\"url\":\"https:\/\/lyonbondyblog.fr\/LBB\/en-prison-le-quartier-disciplinaire-pose-question\/\",\"name\":\"En prison, le quartier disciplinaire pose question - Lyon Bondy Blog\",\"isPartOf\":{\"@id\":\"https:\/\/lyonbondyblog.fr\/LBB\/#website\"},\"primaryImageOfPage\":{\"@id\":\"https:\/\/lyonbondyblog.fr\/LBB\/en-prison-le-quartier-disciplinaire-pose-question\/#primaryimage\"},\"image\":{\"@id\":\"https:\/\/lyonbondyblog.fr\/LBB\/en-prison-le-quartier-disciplinaire-pose-question\/#primaryimage\"},\"thumbnailUrl\":\"https:\/\/lyonbondyblog.fr\/LBB\/wp-content\/uploads\/2021\/01\/Cellule_du_quartier_disolement_de_la_prison_Jacques-Cartier_\u00e0_travers_le_judas_Rennes_France.jpg\",\"datePublished\":\"2021-01-18T16:05:58+00:00\",\"dateModified\":\"2021-01-18T16:05:58+00:00\",\"inLanguage\":\"fr-FR\",\"potentialAction\":[{\"@type\":\"ReadAction\",\"target\":[\"https:\/\/lyonbondyblog.fr\/LBB\/en-prison-le-quartier-disciplinaire-pose-question\/\"]}]},{\"@type\":\"ImageObject\",\"inLanguage\":\"fr-FR\",\"@id\":\"https:\/\/lyonbondyblog.fr\/LBB\/en-prison-le-quartier-disciplinaire-pose-question\/#primaryimage\",\"url\":\"https:\/\/lyonbondyblog.fr\/LBB\/wp-content\/uploads\/2021\/01\/Cellule_du_quartier_disolement_de_la_prison_Jacques-Cartier_\u00e0_travers_le_judas_Rennes_France.jpg\",\"contentUrl\":\"https:\/\/lyonbondyblog.fr\/LBB\/wp-content\/uploads\/2021\/01\/Cellule_du_quartier_disolement_de_la_prison_Jacques-Cartier_\u00e0_travers_le_judas_Rennes_France.jpg\",\"width\":2504,\"height\":1669,\"caption\":\"Cellule du quartier d'isolement de la prison Jacques-Cartier (Rennes), \u00e0 travers le judas | Cr\u00e9dit : \u00c9douard Hue\"},{\"@type\":\"WebSite\",\"@id\":\"https:\/\/lyonbondyblog.fr\/LBB\/#website\",\"url\":\"https:\/\/lyonbondyblog.fr\/LBB\/\",\"name\":\"Lyon Bondy Blog\",\"description\":\"\",\"publisher\":{\"@id\":\"https:\/\/lyonbondyblog.fr\/LBB\/#organization\"},\"potentialAction\":[{\"@type\":\"SearchAction\",\"target\":{\"@type\":\"EntryPoint\",\"urlTemplate\":\"https:\/\/lyonbondyblog.fr\/LBB\/?s={search_term_string}\"},\"query-input\":\"required name=search_term_string\"}],\"inLanguage\":\"fr-FR\"},{\"@type\":\"Organization\",\"@id\":\"https:\/\/lyonbondyblog.fr\/LBB\/#organization\",\"name\":\"LYON BONDY BLOG\",\"url\":\"https:\/\/lyonbondyblog.fr\/LBB\/\",\"logo\":{\"@type\":\"ImageObject\",\"inLanguage\":\"fr-FR\",\"@id\":\"https:\/\/lyonbondyblog.fr\/LBB\/#\/schema\/logo\/image\/\",\"url\":\"http:\/\/lyonbondyblog.fr\/LBB\/wp-content\/uploads\/2014\/10\/logo-portable-144.png\",\"contentUrl\":\"http:\/\/lyonbondyblog.fr\/LBB\/wp-content\/uploads\/2014\/10\/logo-portable-144.png\",\"width\":144,\"height\":123,\"caption\":\"LYON BONDY BLOG\"},\"image\":{\"@id\":\"https:\/\/lyonbondyblog.fr\/LBB\/#\/schema\/logo\/image\/\"},\"sameAs\":[\"https:\/\/www.facebook.com\/lyonbondyblog\",\"https:\/\/x.com\/bondybloglyon\"]},{\"@type\":\"Person\",\"@id\":\"https:\/\/lyonbondyblog.fr\/LBB\/#\/schema\/person\/6d41a7410c0604275e7859afebaf2e3c\",\"name\":\"Nathan Chaize\",\"sameAs\":[\"https:\/\/nathanchaize.home.blog\/\",\"https:\/\/www.instagram.com\/nathanch09\/\",\"https:\/\/www.linkedin.com\/in\/nathan-chaize-a8857b159\/\",\"https:\/\/x.com\/chaize_nathan\"],\"url\":\"https:\/\/lyonbondyblog.fr\/LBB\/author\/nathanchaize\/\"}]}<\/script>\n<!-- \/ Yoast SEO plugin. -->","yoast_head_json":{"title":"En prison, le quartier disciplinaire pose question - Lyon Bondy Blog","robots":{"index":"index","follow":"follow","max-snippet":"max-snippet:-1","max-image-preview":"max-image-preview:large","max-video-preview":"max-video-preview:-1"},"canonical":"https:\/\/lyonbondyblog.fr\/LBB\/en-prison-le-quartier-disciplinaire-pose-question\/","og_locale":"fr_FR","og_type":"article","og_title":"En prison, le quartier disciplinaire pose question - Lyon Bondy Blog","og_description":"La mort du jeune Idir Mederess \u00e0 la maison d\u2019arr\u00eat de Corbas, en septembre, questionne sur le syst\u00e8me p\u00e9nitentiaire. Au c\u0153ur des discussions, les quartiers &hellip;","og_url":"https:\/\/lyonbondyblog.fr\/LBB\/en-prison-le-quartier-disciplinaire-pose-question\/","og_site_name":"Lyon Bondy Blog","article_publisher":"https:\/\/www.facebook.com\/lyonbondyblog","article_published_time":"2021-01-18T16:05:58+00:00","og_image":[{"width":1920,"height":1280,"url":"https:\/\/lyonbondyblog.fr\/LBB\/wp-content\/uploads\/2021\/01\/Cellule_du_quartier_disolement_de_la_prison_Jacques-Cartier_\u00e0_travers_le_judas_Rennes_France-1920x1280.jpg","type":"image\/jpeg"}],"author":"Nathan Chaize","twitter_card":"summary_large_image","twitter_creator":"@chaize_nathan","twitter_site":"@bondybloglyon","schema":{"@context":"https:\/\/schema.org","@graph":[{"@type":"Article","@id":"https:\/\/lyonbondyblog.fr\/LBB\/en-prison-le-quartier-disciplinaire-pose-question\/#article","isPartOf":{"@id":"https:\/\/lyonbondyblog.fr\/LBB\/en-prison-le-quartier-disciplinaire-pose-question\/"},"author":{"name":"Nathan Chaize","@id":"https:\/\/lyonbondyblog.fr\/LBB\/#\/schema\/person\/6d41a7410c0604275e7859afebaf2e3c"},"headline":"En prison, le quartier disciplinaire pose question","datePublished":"2021-01-18T16:05:58+00:00","dateModified":"2021-01-18T16:05:58+00:00","mainEntityOfPage":{"@id":"https:\/\/lyonbondyblog.fr\/LBB\/en-prison-le-quartier-disciplinaire-pose-question\/"},"wordCount":1510,"commentCount":0,"publisher":{"@id":"https:\/\/lyonbondyblog.fr\/LBB\/#organization"},"image":{"@id":"https:\/\/lyonbondyblog.fr\/LBB\/en-prison-le-quartier-disciplinaire-pose-question\/#primaryimage"},"thumbnailUrl":"https:\/\/lyonbondyblog.fr\/LBB\/wp-content\/uploads\/2021\/01\/Cellule_du_quartier_disolement_de_la_prison_Jacques-Cartier_\u00e0_travers_le_judas_Rennes_France.jpg","articleSection":["Justice","Politique","Prisons"],"inLanguage":"fr-FR","potentialAction":[{"@type":"CommentAction","name":"Comment","target":["https:\/\/lyonbondyblog.fr\/LBB\/en-prison-le-quartier-disciplinaire-pose-question\/#respond"]}]},{"@type":"WebPage","@id":"https:\/\/lyonbondyblog.fr\/LBB\/en-prison-le-quartier-disciplinaire-pose-question\/","url":"https:\/\/lyonbondyblog.fr\/LBB\/en-prison-le-quartier-disciplinaire-pose-question\/","name":"En prison, le quartier disciplinaire pose question - Lyon Bondy Blog","isPartOf":{"@id":"https:\/\/lyonbondyblog.fr\/LBB\/#website"},"primaryImageOfPage":{"@id":"https:\/\/lyonbondyblog.fr\/LBB\/en-prison-le-quartier-disciplinaire-pose-question\/#primaryimage"},"image":{"@id":"https:\/\/lyonbondyblog.fr\/LBB\/en-prison-le-quartier-disciplinaire-pose-question\/#primaryimage"},"thumbnailUrl":"https:\/\/lyonbondyblog.fr\/LBB\/wp-content\/uploads\/2021\/01\/Cellule_du_quartier_disolement_de_la_prison_Jacques-Cartier_\u00e0_travers_le_judas_Rennes_France.jpg","datePublished":"2021-01-18T16:05:58+00:00","dateModified":"2021-01-18T16:05:58+00:00","inLanguage":"fr-FR","potentialAction":[{"@type":"ReadAction","target":["https:\/\/lyonbondyblog.fr\/LBB\/en-prison-le-quartier-disciplinaire-pose-question\/"]}]},{"@type":"ImageObject","inLanguage":"fr-FR","@id":"https:\/\/lyonbondyblog.fr\/LBB\/en-prison-le-quartier-disciplinaire-pose-question\/#primaryimage","url":"https:\/\/lyonbondyblog.fr\/LBB\/wp-content\/uploads\/2021\/01\/Cellule_du_quartier_disolement_de_la_prison_Jacques-Cartier_\u00e0_travers_le_judas_Rennes_France.jpg","contentUrl":"https:\/\/lyonbondyblog.fr\/LBB\/wp-content\/uploads\/2021\/01\/Cellule_du_quartier_disolement_de_la_prison_Jacques-Cartier_\u00e0_travers_le_judas_Rennes_France.jpg","width":2504,"height":1669,"caption":"Cellule du quartier d'isolement de la prison Jacques-Cartier (Rennes), \u00e0 travers le judas | Cr\u00e9dit : \u00c9douard Hue"},{"@type":"WebSite","@id":"https:\/\/lyonbondyblog.fr\/LBB\/#website","url":"https:\/\/lyonbondyblog.fr\/LBB\/","name":"Lyon Bondy Blog","description":"","publisher":{"@id":"https:\/\/lyonbondyblog.fr\/LBB\/#organization"},"potentialAction":[{"@type":"SearchAction","target":{"@type":"EntryPoint","urlTemplate":"https:\/\/lyonbondyblog.fr\/LBB\/?s={search_term_string}"},"query-input":"required name=search_term_string"}],"inLanguage":"fr-FR"},{"@type":"Organization","@id":"https:\/\/lyonbondyblog.fr\/LBB\/#organization","name":"LYON BONDY BLOG","url":"https:\/\/lyonbondyblog.fr\/LBB\/","logo":{"@type":"ImageObject","inLanguage":"fr-FR","@id":"https:\/\/lyonbondyblog.fr\/LBB\/#\/schema\/logo\/image\/","url":"http:\/\/lyonbondyblog.fr\/LBB\/wp-content\/uploads\/2014\/10\/logo-portable-144.png","contentUrl":"http:\/\/lyonbondyblog.fr\/LBB\/wp-content\/uploads\/2014\/10\/logo-portable-144.png","width":144,"height":123,"caption":"LYON BONDY BLOG"},"image":{"@id":"https:\/\/lyonbondyblog.fr\/LBB\/#\/schema\/logo\/image\/"},"sameAs":["https:\/\/www.facebook.com\/lyonbondyblog","https:\/\/x.com\/bondybloglyon"]},{"@type":"Person","@id":"https:\/\/lyonbondyblog.fr\/LBB\/#\/schema\/person\/6d41a7410c0604275e7859afebaf2e3c","name":"Nathan Chaize","sameAs":["https:\/\/nathanchaize.home.blog\/","https:\/\/www.instagram.com\/nathanch09\/","https:\/\/www.linkedin.com\/in\/nathan-chaize-a8857b159\/","https:\/\/x.com\/chaize_nathan"],"url":"https:\/\/lyonbondyblog.fr\/LBB\/author\/nathanchaize\/"}]}},"_links":{"self":[{"href":"https:\/\/lyonbondyblog.fr\/LBB\/wp-json\/wp\/v2\/posts\/21681","targetHints":{"allow":["GET"]}}],"collection":[{"href":"https:\/\/lyonbondyblog.fr\/LBB\/wp-json\/wp\/v2\/posts"}],"about":[{"href":"https:\/\/lyonbondyblog.fr\/LBB\/wp-json\/wp\/v2\/types\/post"}],"author":[{"embeddable":true,"href":"https:\/\/lyonbondyblog.fr\/LBB\/wp-json\/wp\/v2\/users\/29106"}],"replies":[{"embeddable":true,"href":"https:\/\/lyonbondyblog.fr\/LBB\/wp-json\/wp\/v2\/comments?post=21681"}],"version-history":[{"count":3,"href":"https:\/\/lyonbondyblog.fr\/LBB\/wp-json\/wp\/v2\/posts\/21681\/revisions"}],"predecessor-version":[{"id":21685,"href":"https:\/\/lyonbondyblog.fr\/LBB\/wp-json\/wp\/v2\/posts\/21681\/revisions\/21685"}],"wp:featuredmedia":[{"embeddable":true,"href":"https:\/\/lyonbondyblog.fr\/LBB\/wp-json\/wp\/v2\/media\/21620"}],"wp:attachment":[{"href":"https:\/\/lyonbondyblog.fr\/LBB\/wp-json\/wp\/v2\/media?parent=21681"}],"wp:term":[{"taxonomy":"category","embeddable":true,"href":"https:\/\/lyonbondyblog.fr\/LBB\/wp-json\/wp\/v2\/categories?post=21681"},{"taxonomy":"post_tag","embeddable":true,"href":"https:\/\/lyonbondyblog.fr\/LBB\/wp-json\/wp\/v2\/tags?post=21681"}],"curies":[{"name":"wp","href":"https:\/\/api.w.org\/{rel}","templated":true}]}}