{"id":21637,"date":"2021-01-14T16:54:31","date_gmt":"2021-01-14T15:54:31","guid":{"rendered":"http:\/\/lyonbondyblog.fr\/LBB\/?p=21637"},"modified":"2021-01-14T17:17:06","modified_gmt":"2021-01-14T16:17:06","slug":"une-convention-citoyenne-pour-le-climat-en-auvergne-rhone-alpes","status":"publish","type":"post","link":"https:\/\/lyonbondyblog.fr\/LBB\/une-convention-citoyenne-pour-le-climat-en-auvergne-rhone-alpes\/","title":{"rendered":"Une convention citoyenne pour le climat en Auvergne Rh\u00f4ne-Alpes"},"content":{"rendered":"<h4><b>Le collectif <\/b><b><i>Pour une convention citoyenne pour le climat en Auvergne Rh\u00f4ne-Alpes<\/i><\/b><b> organisait ce jeudi 14 janvier \u00e0 l\u2019Alternatibar sa conf\u00e9rence de presse de lancement. Un projet qui n\u2019en est encore qu\u2019\u00e0 ses balbutiements. Premi\u00e8re \u00e9tape : la consultation citoyenne.\u00a0<\/b><\/h4>\n<figure id=\"attachment_21638\" aria-describedby=\"caption-attachment-21638\" style=\"width: 628px\" class=\"wp-caption aligncenter\"><img loading=\"lazy\" decoding=\"async\" class=\" wp-image-21638\" src=\"https:\/\/lyonbondyblog.fr\/LBB\/wp-content\/uploads\/2021\/01\/CCC-conf-presse-1200x900.jpg\" alt=\"\" width=\"628\" height=\"472\" srcset=\"https:\/\/lyonbondyblog.fr\/LBB\/wp-content\/uploads\/2021\/01\/CCC-conf-presse-1200x900.jpg 1200w, https:\/\/lyonbondyblog.fr\/LBB\/wp-content\/uploads\/2021\/01\/CCC-conf-presse-768x576.jpg 768w, https:\/\/lyonbondyblog.fr\/LBB\/wp-content\/uploads\/2021\/01\/CCC-conf-presse-1920x1440.jpg 1920w\" sizes=\"auto, (max-width: 628px) 100vw, 628px\" \/><figcaption id=\"caption-attachment-21638\" class=\"wp-caption-text\">Source : L\u00e9a Dornier<\/figcaption><\/figure>\n<p><span style=\"font-weight: 400\">Ce 14 janvier s\u2019est d\u00e9roul\u00e9e une conf\u00e9rence de presse organis\u00e9e par le collectif <\/span><i><span style=\"font-weight: 400\">Pour une convention citoyenne pour le climat en Auvergne Rh\u00f4ne-Alpes<\/span><\/i><span style=\"font-weight: 400\"> (CCC Aura). Une initiative lanc\u00e9e par des citoyens et citoyennes et soutenue par de nombreuses associations dont Alternatiba, Greenpeace Lyon et Youth for climate. L\u2019objectif est d\u2019obtenir <\/span><i><span style=\"font-weight: 400\">\u201cla mise en place d\u2019une assembl\u00e9e citoyenne similaire \u00e0 la CCC nationale dont le mandat porterait sur l\u2019action de la R\u00e9gion\u201d <\/span><\/i><span style=\"font-weight: 400\">\u00e0 la prochaine mandature<\/span><i><span style=\"font-weight: 400\">.\u00a0<\/span><\/i><\/p>\n<h4><b>Un plan en trois \u00e9tapes\u00a0<\/b><\/h4>\n<p><span style=\"font-weight: 400\">Le processus doit se d\u00e9rouler en trois \u00e9tapes afin de constituer un <\/span><a href=\"https:\/\/conventioncitoyenne-aura.fr\/contribuez\/\"><span style=\"font-weight: 400\">\u201cdocument de cadrage\u201d<\/span><\/a><span style=\"font-weight: 400\"> permettant de mettre en forme la convention. La premi\u00e8re phase, appel\u00e9e \u201cphase de contribution\u201d, est d\u00e9j\u00e0 en cours et doit s\u2019achever le 15 f\u00e9vrier. Sur la base d\u2019une consultation en ligne, chaque citoyen peut r\u00e9pondre aux sept questions fondamentales \u00e0 l\u2019\u00e9laboration structurelle de la convention. Une p\u00e9tition est \u00e9galement accessible en ligne. Enfin, il est possible de rejoindre le collectif pour participer aux groupes de travail. Jusqu\u2019\u00e0 mi-mars, s\u2019ensuivra une phase de synth\u00e8se des contributions. La phase finale d\u2019arbitrage se terminera mi-avril.<\/span><\/p>\n<figure id=\"attachment_21639\" aria-describedby=\"caption-attachment-21639\" style=\"width: 623px\" class=\"wp-caption aligncenter\"><img loading=\"lazy\" decoding=\"async\" class=\" wp-image-21639\" src=\"https:\/\/lyonbondyblog.fr\/LBB\/wp-content\/uploads\/2021\/01\/alternatibar-1200x900.jpg\" alt=\"\" width=\"623\" height=\"468\" srcset=\"https:\/\/lyonbondyblog.fr\/LBB\/wp-content\/uploads\/2021\/01\/alternatibar-1200x900.jpg 1200w, https:\/\/lyonbondyblog.fr\/LBB\/wp-content\/uploads\/2021\/01\/alternatibar-768x576.jpg 768w, https:\/\/lyonbondyblog.fr\/LBB\/wp-content\/uploads\/2021\/01\/alternatibar-1920x1440.jpg 1920w\" sizes=\"auto, (max-width: 623px) 100vw, 623px\" \/><figcaption id=\"caption-attachment-21639\" class=\"wp-caption-text\">Source : Nathan Chaize<\/figcaption><\/figure>\n<p><a href=\"https:\/\/www.conventioncitoyennepourleclimat.fr\/\"><span style=\"font-weight: 400\">La CCC nationale<\/span><\/a><span style=\"font-weight: 400\"> a grandement inspir\u00e9 le collectif : <\/span><i><span style=\"font-weight: 400\">\u201cLe processus democratique de la convention citoyenne s\u2019est av\u00e9r\u00e9 int\u00e9ressant, on a donc voulu l&rsquo;adapter \u00e0 l&rsquo;\u00e9chelle r\u00e9gionale.\u00a0\u00bb <\/span><\/i><span style=\"font-weight: 400\">explique Marin Bisson, membre de Youth for climate. Le projet pourra notamment b\u00e9n\u00e9ficier de l\u2019exp\u00e9rience de la CCC nationale, tout en s\u2019appuyant sur l\u2019adh\u00e9sion populaire aux propositions citoyennes.<\/span><\/p>\n<h4><b>La r\u00e9gion, un acteur capable d\u2019agir<\/b><\/h4>\n<p><span style=\"font-weight: 400\">L\u2019\u00e9laboration d\u2019une convention citoyenne r\u00e9gionale n\u2019est pas in\u00e9dite. <\/span><a href=\"https:\/\/www.lemonde.fr\/planete\/article\/2020\/10\/08\/l-occitanie-premiere-region-a-mettre-en-place-une-convention-citoyenne-pour-decider-de-son-avenir_6055297_3244.html\"><span style=\"font-weight: 400\">Celle organis\u00e9e par la r\u00e9gion Occitanie<\/span><\/a><span style=\"font-weight: 400\">, lanc\u00e9e au d\u00e9but de l\u2019\u00e9t\u00e9 2020, est d\u00e9j\u00e0 tr\u00e8s aboutie. A la diff\u00e9rence que celle-ci a \u00e9t\u00e9 port\u00e9e par la r\u00e9gion elle-m\u00eame. Pour le collectif, \u00e9laborer ce projet \u00e0 l\u2019\u00e9chelle locale est pertinent dans la mesure o\u00f9 la r\u00e9gion g\u00e8re l\u2019organisation de nombreux aspects de la vie collective qui impactent nos \u00e9missions de gaz \u00e0 effet de serre, comme les transports. Afin d\u2019aider les citoyens \u00e0 comprendre quelles comp\u00e9tences rel\u00e8vent de cette institution, les militants mettent \u00e0 disposition sur leur <\/span><a href=\"https:\/\/conventioncitoyenne-aura.fr\/\"><span style=\"font-weight: 400\">site web<\/span><\/a><span style=\"font-weight: 400\"> un certain nombre de ressources.\u00a0<\/span><\/p>\n<h4><b><i>\u201cOn a fait le pari de l\u2019intelligence collective\u201d\u00a0<\/i><\/b><\/h4>\n<p><span style=\"font-weight: 400\">En vue d\u2019arriver \u00e0 une repr\u00e9sentativit\u00e9 de l\u2019ensemble de la r\u00e9gion Auvergne Rh\u00f4ne-Alpes, des \u00e9v\u00e9nements auront lieu sur l\u2019ensemble du territoire, c\u2019est d\u2019ailleurs le r\u00f4le du p\u00f4le \u201c\u00e9largissement\u201d. L\u2019id\u00e9e est d\u2019impliquer tous les citoyens dans la conception d\u2019un plan de transformation structurelle du territoire : <\/span><i><span style=\"font-weight: 400\">\u201cOn a fait le pari de l\u2019intelligence collective\u201d<\/span><\/i><span style=\"font-weight: 400\"> commente Andy Battentier. Le collectif est convaincu de la n\u00e9cessit\u00e9 de l\u2019adh\u00e9sion de l\u2019ensemble de la soci\u00e9t\u00e9 civile : \u201c<em>Si on est tous engag\u00e9s ensemble, on aura un impact et on a le devoir de le mettre en \u0153uvre<\/em>.\u201d<\/span><\/p>\n<!-- AddThis Advanced Settings generic via filter on the_content --><!-- AddThis Share Buttons generic via filter on the_content -->","protected":false},"excerpt":{"rendered":"<p>Le collectif Pour une convention citoyenne pour le climat en Auvergne Rh\u00f4ne-Alpes organisait ce jeudi 14 janvier \u00e0 l\u2019Alternatibar sa conf\u00e9rence de presse de lancement. &hellip; <!-- AddThis Advanced Settings generic via filter on wp_trim_excerpt --><!-- AddThis Share Buttons generic via filter on wp_trim_excerpt --><\/p>\n","protected":false},"author":29252,"featured_media":21638,"comment_status":"open","ping_status":"open","sticky":false,"template":"","format":"standard","meta":{"_FSMCFIC_featured_image_caption":"","_FSMCFIC_featured_image_nocaption":"","_FSMCFIC_featured_image_hide":"","footnotes":""},"categories":[6443,6446,6,2],"tags":[],"class_list":["post-21637","post","type-post","status-publish","format-standard","has-post-thumbnail","hentry","category-association","category-ecologie","category-politique","category-societe"],"yoast_head":"<!-- This site is optimized with the Yoast SEO plugin v22.8 - https:\/\/yoast.com\/wordpress\/plugins\/seo\/ -->\n<title>Une convention citoyenne pour le climat en Auvergne Rh\u00f4ne-Alpes - Lyon Bondy Blog<\/title>\n<meta name=\"robots\" content=\"index, follow, max-snippet:-1, max-image-preview:large, max-video-preview:-1\" \/>\n<link rel=\"canonical\" href=\"https:\/\/lyonbondyblog.fr\/LBB\/une-convention-citoyenne-pour-le-climat-en-auvergne-rhone-alpes\/\" \/>\n<meta property=\"og:locale\" content=\"fr_FR\" \/>\n<meta property=\"og:type\" content=\"article\" \/>\n<meta property=\"og:title\" content=\"Une convention citoyenne pour le climat en Auvergne Rh\u00f4ne-Alpes - Lyon Bondy Blog\" \/>\n<meta property=\"og:description\" content=\"Le collectif Pour une convention citoyenne pour le climat en Auvergne Rh\u00f4ne-Alpes organisait ce jeudi 14 janvier \u00e0 l\u2019Alternatibar sa conf\u00e9rence de presse de lancement. &hellip;\" \/>\n<meta property=\"og:url\" content=\"https:\/\/lyonbondyblog.fr\/LBB\/une-convention-citoyenne-pour-le-climat-en-auvergne-rhone-alpes\/\" \/>\n<meta property=\"og:site_name\" content=\"Lyon Bondy Blog\" \/>\n<meta property=\"article:publisher\" content=\"https:\/\/www.facebook.com\/lyonbondyblog\" \/>\n<meta property=\"article:published_time\" content=\"2021-01-14T15:54:31+00:00\" \/>\n<meta property=\"article:modified_time\" content=\"2021-01-14T16:17:06+00:00\" \/>\n<meta property=\"og:image\" content=\"https:\/\/lyonbondyblog.fr\/LBB\/wp-content\/uploads\/2021\/01\/CCC-conf-presse.jpg\" \/>\n\t<meta property=\"og:image:width\" content=\"4000\" \/>\n\t<meta property=\"og:image:height\" content=\"3000\" \/>\n\t<meta property=\"og:image:type\" content=\"image\/jpeg\" \/>\n<meta name=\"author\" content=\"L\u00e9a Dornier\" \/>\n<meta name=\"twitter:card\" content=\"summary_large_image\" \/>\n<meta name=\"twitter:creator\" content=\"@bondybloglyon\" \/>\n<meta name=\"twitter:site\" content=\"@bondybloglyon\" \/>\n<script type=\"application\/ld+json\" class=\"yoast-schema-graph\">{\"@context\":\"https:\/\/schema.org\",\"@graph\":[{\"@type\":\"Article\",\"@id\":\"https:\/\/lyonbondyblog.fr\/LBB\/une-convention-citoyenne-pour-le-climat-en-auvergne-rhone-alpes\/#article\",\"isPartOf\":{\"@id\":\"https:\/\/lyonbondyblog.fr\/LBB\/une-convention-citoyenne-pour-le-climat-en-auvergne-rhone-alpes\/\"},\"author\":{\"name\":\"L\u00e9a Dornier\",\"@id\":\"https:\/\/lyonbondyblog.fr\/LBB\/#\/schema\/person\/80ee3e47c1c86b8b608b159f04c354e5\"},\"headline\":\"Une convention citoyenne pour le climat en Auvergne Rh\u00f4ne-Alpes\",\"datePublished\":\"2021-01-14T15:54:31+00:00\",\"dateModified\":\"2021-01-14T16:17:06+00:00\",\"mainEntityOfPage\":{\"@id\":\"https:\/\/lyonbondyblog.fr\/LBB\/une-convention-citoyenne-pour-le-climat-en-auvergne-rhone-alpes\/\"},\"wordCount\":583,\"commentCount\":0,\"publisher\":{\"@id\":\"https:\/\/lyonbondyblog.fr\/LBB\/#organization\"},\"image\":{\"@id\":\"https:\/\/lyonbondyblog.fr\/LBB\/une-convention-citoyenne-pour-le-climat-en-auvergne-rhone-alpes\/#primaryimage\"},\"thumbnailUrl\":\"https:\/\/lyonbondyblog.fr\/LBB\/wp-content\/uploads\/2021\/01\/CCC-conf-presse.jpg\",\"articleSection\":[\"Association\",\"\u00c9cologie\",\"Politique\",\"Soci\u00e9t\u00e9\"],\"inLanguage\":\"fr-FR\",\"potentialAction\":[{\"@type\":\"CommentAction\",\"name\":\"Comment\",\"target\":[\"https:\/\/lyonbondyblog.fr\/LBB\/une-convention-citoyenne-pour-le-climat-en-auvergne-rhone-alpes\/#respond\"]}]},{\"@type\":\"WebPage\",\"@id\":\"https:\/\/lyonbondyblog.fr\/LBB\/une-convention-citoyenne-pour-le-climat-en-auvergne-rhone-alpes\/\",\"url\":\"https:\/\/lyonbondyblog.fr\/LBB\/une-convention-citoyenne-pour-le-climat-en-auvergne-rhone-alpes\/\",\"name\":\"Une convention citoyenne pour le climat en Auvergne Rh\u00f4ne-Alpes - Lyon Bondy Blog\",\"isPartOf\":{\"@id\":\"https:\/\/lyonbondyblog.fr\/LBB\/#website\"},\"primaryImageOfPage\":{\"@id\":\"https:\/\/lyonbondyblog.fr\/LBB\/une-convention-citoyenne-pour-le-climat-en-auvergne-rhone-alpes\/#primaryimage\"},\"image\":{\"@id\":\"https:\/\/lyonbondyblog.fr\/LBB\/une-convention-citoyenne-pour-le-climat-en-auvergne-rhone-alpes\/#primaryimage\"},\"thumbnailUrl\":\"https:\/\/lyonbondyblog.fr\/LBB\/wp-content\/uploads\/2021\/01\/CCC-conf-presse.jpg\",\"datePublished\":\"2021-01-14T15:54:31+00:00\",\"dateModified\":\"2021-01-14T16:17:06+00:00\",\"inLanguage\":\"fr-FR\",\"potentialAction\":[{\"@type\":\"ReadAction\",\"target\":[\"https:\/\/lyonbondyblog.fr\/LBB\/une-convention-citoyenne-pour-le-climat-en-auvergne-rhone-alpes\/\"]}]},{\"@type\":\"ImageObject\",\"inLanguage\":\"fr-FR\",\"@id\":\"https:\/\/lyonbondyblog.fr\/LBB\/une-convention-citoyenne-pour-le-climat-en-auvergne-rhone-alpes\/#primaryimage\",\"url\":\"https:\/\/lyonbondyblog.fr\/LBB\/wp-content\/uploads\/2021\/01\/CCC-conf-presse.jpg\",\"contentUrl\":\"https:\/\/lyonbondyblog.fr\/LBB\/wp-content\/uploads\/2021\/01\/CCC-conf-presse.jpg\",\"width\":4000,\"height\":3000,\"caption\":\"Source : L\u00e9a Dornier\"},{\"@type\":\"WebSite\",\"@id\":\"https:\/\/lyonbondyblog.fr\/LBB\/#website\",\"url\":\"https:\/\/lyonbondyblog.fr\/LBB\/\",\"name\":\"Lyon Bondy Blog\",\"description\":\"\",\"publisher\":{\"@id\":\"https:\/\/lyonbondyblog.fr\/LBB\/#organization\"},\"potentialAction\":[{\"@type\":\"SearchAction\",\"target\":{\"@type\":\"EntryPoint\",\"urlTemplate\":\"https:\/\/lyonbondyblog.fr\/LBB\/?s={search_term_string}\"},\"query-input\":\"required name=search_term_string\"}],\"inLanguage\":\"fr-FR\"},{\"@type\":\"Organization\",\"@id\":\"https:\/\/lyonbondyblog.fr\/LBB\/#organization\",\"name\":\"LYON BONDY BLOG\",\"url\":\"https:\/\/lyonbondyblog.fr\/LBB\/\",\"logo\":{\"@type\":\"ImageObject\",\"inLanguage\":\"fr-FR\",\"@id\":\"https:\/\/lyonbondyblog.fr\/LBB\/#\/schema\/logo\/image\/\",\"url\":\"http:\/\/lyonbondyblog.fr\/LBB\/wp-content\/uploads\/2014\/10\/logo-portable-144.png\",\"contentUrl\":\"http:\/\/lyonbondyblog.fr\/LBB\/wp-content\/uploads\/2014\/10\/logo-portable-144.png\",\"width\":144,\"height\":123,\"caption\":\"LYON BONDY BLOG\"},\"image\":{\"@id\":\"https:\/\/lyonbondyblog.fr\/LBB\/#\/schema\/logo\/image\/\"},\"sameAs\":[\"https:\/\/www.facebook.com\/lyonbondyblog\",\"https:\/\/x.com\/bondybloglyon\"]},{\"@type\":\"Person\",\"@id\":\"https:\/\/lyonbondyblog.fr\/LBB\/#\/schema\/person\/80ee3e47c1c86b8b608b159f04c354e5\",\"name\":\"L\u00e9a Dornier\",\"url\":\"https:\/\/lyonbondyblog.fr\/LBB\/author\/ldornier\/\"}]}<\/script>\n<!-- \/ Yoast SEO plugin. -->","yoast_head_json":{"title":"Une convention citoyenne pour le climat en Auvergne Rh\u00f4ne-Alpes - Lyon Bondy Blog","robots":{"index":"index","follow":"follow","max-snippet":"max-snippet:-1","max-image-preview":"max-image-preview:large","max-video-preview":"max-video-preview:-1"},"canonical":"https:\/\/lyonbondyblog.fr\/LBB\/une-convention-citoyenne-pour-le-climat-en-auvergne-rhone-alpes\/","og_locale":"fr_FR","og_type":"article","og_title":"Une convention citoyenne pour le climat en Auvergne Rh\u00f4ne-Alpes - Lyon Bondy Blog","og_description":"Le collectif Pour une convention citoyenne pour le climat en Auvergne Rh\u00f4ne-Alpes organisait ce jeudi 14 janvier \u00e0 l\u2019Alternatibar sa conf\u00e9rence de presse de lancement. &hellip;","og_url":"https:\/\/lyonbondyblog.fr\/LBB\/une-convention-citoyenne-pour-le-climat-en-auvergne-rhone-alpes\/","og_site_name":"Lyon Bondy Blog","article_publisher":"https:\/\/www.facebook.com\/lyonbondyblog","article_published_time":"2021-01-14T15:54:31+00:00","article_modified_time":"2021-01-14T16:17:06+00:00","og_image":[{"width":4000,"height":3000,"url":"https:\/\/lyonbondyblog.fr\/LBB\/wp-content\/uploads\/2021\/01\/CCC-conf-presse.jpg","type":"image\/jpeg"}],"author":"L\u00e9a Dornier","twitter_card":"summary_large_image","twitter_creator":"@bondybloglyon","twitter_site":"@bondybloglyon","schema":{"@context":"https:\/\/schema.org","@graph":[{"@type":"Article","@id":"https:\/\/lyonbondyblog.fr\/LBB\/une-convention-citoyenne-pour-le-climat-en-auvergne-rhone-alpes\/#article","isPartOf":{"@id":"https:\/\/lyonbondyblog.fr\/LBB\/une-convention-citoyenne-pour-le-climat-en-auvergne-rhone-alpes\/"},"author":{"name":"L\u00e9a Dornier","@id":"https:\/\/lyonbondyblog.fr\/LBB\/#\/schema\/person\/80ee3e47c1c86b8b608b159f04c354e5"},"headline":"Une convention citoyenne pour le climat en Auvergne Rh\u00f4ne-Alpes","datePublished":"2021-01-14T15:54:31+00:00","dateModified":"2021-01-14T16:17:06+00:00","mainEntityOfPage":{"@id":"https:\/\/lyonbondyblog.fr\/LBB\/une-convention-citoyenne-pour-le-climat-en-auvergne-rhone-alpes\/"},"wordCount":583,"commentCount":0,"publisher":{"@id":"https:\/\/lyonbondyblog.fr\/LBB\/#organization"},"image":{"@id":"https:\/\/lyonbondyblog.fr\/LBB\/une-convention-citoyenne-pour-le-climat-en-auvergne-rhone-alpes\/#primaryimage"},"thumbnailUrl":"https:\/\/lyonbondyblog.fr\/LBB\/wp-content\/uploads\/2021\/01\/CCC-conf-presse.jpg","articleSection":["Association","\u00c9cologie","Politique","Soci\u00e9t\u00e9"],"inLanguage":"fr-FR","potentialAction":[{"@type":"CommentAction","name":"Comment","target":["https:\/\/lyonbondyblog.fr\/LBB\/une-convention-citoyenne-pour-le-climat-en-auvergne-rhone-alpes\/#respond"]}]},{"@type":"WebPage","@id":"https:\/\/lyonbondyblog.fr\/LBB\/une-convention-citoyenne-pour-le-climat-en-auvergne-rhone-alpes\/","url":"https:\/\/lyonbondyblog.fr\/LBB\/une-convention-citoyenne-pour-le-climat-en-auvergne-rhone-alpes\/","name":"Une convention citoyenne pour le climat en Auvergne Rh\u00f4ne-Alpes - Lyon Bondy Blog","isPartOf":{"@id":"https:\/\/lyonbondyblog.fr\/LBB\/#website"},"primaryImageOfPage":{"@id":"https:\/\/lyonbondyblog.fr\/LBB\/une-convention-citoyenne-pour-le-climat-en-auvergne-rhone-alpes\/#primaryimage"},"image":{"@id":"https:\/\/lyonbondyblog.fr\/LBB\/une-convention-citoyenne-pour-le-climat-en-auvergne-rhone-alpes\/#primaryimage"},"thumbnailUrl":"https:\/\/lyonbondyblog.fr\/LBB\/wp-content\/uploads\/2021\/01\/CCC-conf-presse.jpg","datePublished":"2021-01-14T15:54:31+00:00","dateModified":"2021-01-14T16:17:06+00:00","inLanguage":"fr-FR","potentialAction":[{"@type":"ReadAction","target":["https:\/\/lyonbondyblog.fr\/LBB\/une-convention-citoyenne-pour-le-climat-en-auvergne-rhone-alpes\/"]}]},{"@type":"ImageObject","inLanguage":"fr-FR","@id":"https:\/\/lyonbondyblog.fr\/LBB\/une-convention-citoyenne-pour-le-climat-en-auvergne-rhone-alpes\/#primaryimage","url":"https:\/\/lyonbondyblog.fr\/LBB\/wp-content\/uploads\/2021\/01\/CCC-conf-presse.jpg","contentUrl":"https:\/\/lyonbondyblog.fr\/LBB\/wp-content\/uploads\/2021\/01\/CCC-conf-presse.jpg","width":4000,"height":3000,"caption":"Source : L\u00e9a Dornier"},{"@type":"WebSite","@id":"https:\/\/lyonbondyblog.fr\/LBB\/#website","url":"https:\/\/lyonbondyblog.fr\/LBB\/","name":"Lyon Bondy Blog","description":"","publisher":{"@id":"https:\/\/lyonbondyblog.fr\/LBB\/#organization"},"potentialAction":[{"@type":"SearchAction","target":{"@type":"EntryPoint","urlTemplate":"https:\/\/lyonbondyblog.fr\/LBB\/?s={search_term_string}"},"query-input":"required name=search_term_string"}],"inLanguage":"fr-FR"},{"@type":"Organization","@id":"https:\/\/lyonbondyblog.fr\/LBB\/#organization","name":"LYON BONDY BLOG","url":"https:\/\/lyonbondyblog.fr\/LBB\/","logo":{"@type":"ImageObject","inLanguage":"fr-FR","@id":"https:\/\/lyonbondyblog.fr\/LBB\/#\/schema\/logo\/image\/","url":"http:\/\/lyonbondyblog.fr\/LBB\/wp-content\/uploads\/2014\/10\/logo-portable-144.png","contentUrl":"http:\/\/lyonbondyblog.fr\/LBB\/wp-content\/uploads\/2014\/10\/logo-portable-144.png","width":144,"height":123,"caption":"LYON BONDY BLOG"},"image":{"@id":"https:\/\/lyonbondyblog.fr\/LBB\/#\/schema\/logo\/image\/"},"sameAs":["https:\/\/www.facebook.com\/lyonbondyblog","https:\/\/x.com\/bondybloglyon"]},{"@type":"Person","@id":"https:\/\/lyonbondyblog.fr\/LBB\/#\/schema\/person\/80ee3e47c1c86b8b608b159f04c354e5","name":"L\u00e9a Dornier","url":"https:\/\/lyonbondyblog.fr\/LBB\/author\/ldornier\/"}]}},"_links":{"self":[{"href":"https:\/\/lyonbondyblog.fr\/LBB\/wp-json\/wp\/v2\/posts\/21637","targetHints":{"allow":["GET"]}}],"collection":[{"href":"https:\/\/lyonbondyblog.fr\/LBB\/wp-json\/wp\/v2\/posts"}],"about":[{"href":"https:\/\/lyonbondyblog.fr\/LBB\/wp-json\/wp\/v2\/types\/post"}],"author":[{"embeddable":true,"href":"https:\/\/lyonbondyblog.fr\/LBB\/wp-json\/wp\/v2\/users\/29252"}],"replies":[{"embeddable":true,"href":"https:\/\/lyonbondyblog.fr\/LBB\/wp-json\/wp\/v2\/comments?post=21637"}],"version-history":[{"count":5,"href":"https:\/\/lyonbondyblog.fr\/LBB\/wp-json\/wp\/v2\/posts\/21637\/revisions"}],"predecessor-version":[{"id":21645,"href":"https:\/\/lyonbondyblog.fr\/LBB\/wp-json\/wp\/v2\/posts\/21637\/revisions\/21645"}],"wp:featuredmedia":[{"embeddable":true,"href":"https:\/\/lyonbondyblog.fr\/LBB\/wp-json\/wp\/v2\/media\/21638"}],"wp:attachment":[{"href":"https:\/\/lyonbondyblog.fr\/LBB\/wp-json\/wp\/v2\/media?parent=21637"}],"wp:term":[{"taxonomy":"category","embeddable":true,"href":"https:\/\/lyonbondyblog.fr\/LBB\/wp-json\/wp\/v2\/categories?post=21637"},{"taxonomy":"post_tag","embeddable":true,"href":"https:\/\/lyonbondyblog.fr\/LBB\/wp-json\/wp\/v2\/tags?post=21637"}],"curies":[{"name":"wp","href":"https:\/\/api.w.org\/{rel}","templated":true}]}}