{"id":21597,"date":"2021-01-12T16:56:08","date_gmt":"2021-01-12T15:56:08","guid":{"rendered":"http:\/\/lyonbondyblog.fr\/LBB\/?p=21597"},"modified":"2021-01-14T14:11:30","modified_gmt":"2021-01-14T13:11:30","slug":"universites-et-cours-a-distance-les-etudiants-se-sentent-totalement-abandonnes","status":"publish","type":"post","link":"https:\/\/lyonbondyblog.fr\/LBB\/universites-et-cours-a-distance-les-etudiants-se-sentent-totalement-abandonnes\/","title":{"rendered":"Universit\u00e9s et cours \u00e0 distance : \u201cLes \u00e9tudiants se sentent totalement abandonn\u00e9s\u201d"},"content":{"rendered":"<p><b>Depuis l\u2019annonce d\u2019un deuxi\u00e8me confinement le 29 octobre, les universit\u00e9s ne re\u00e7oivent plus aucun \u00e9tudiant. Une situation difficile \u00e0 vivre pour ceux qui se consid\u00e8rent comme les oubli\u00e9s du gouvernement.&nbsp;<\/b><\/p>\n<figure id=\"attachment_21267\" aria-describedby=\"caption-attachment-21267\" style=\"width: 669px\" class=\"wp-caption aligncenter\"><img loading=\"lazy\" decoding=\"async\" class=\" wp-image-21267\" src=\"https:\/\/lyonbondyblog.fr\/LBB\/wp-content\/uploads\/2020\/11\/\u00e9cole.jpeg\" alt=\"\" width=\"669\" height=\"478\" srcset=\"https:\/\/lyonbondyblog.fr\/LBB\/wp-content\/uploads\/2020\/11\/\u00e9cole.jpeg 1050w, https:\/\/lyonbondyblog.fr\/LBB\/wp-content\/uploads\/2020\/11\/\u00e9cole-768x549.jpeg 768w, https:\/\/lyonbondyblog.fr\/LBB\/wp-content\/uploads\/2020\/11\/\u00e9cole-600x429.jpeg 600w\" sizes=\"auto, (max-width: 669px) 100vw, 669px\" \/><figcaption id=\"caption-attachment-21267\" class=\"wp-caption-text\">Source : Pixabay<\/figcaption><\/figure>\n<p><span style=\"font-weight: 400;\">Avec deux confinements et la fermeture prolong\u00e9e des universit\u00e9s, la situation des \u00e9tudiants semble pr\u00e9occupante. <\/span><a href=\"https:\/\/www.leprogres.fr\/education\/2021\/01\/12\/apres-la-tentative-de-suicide-d-un-etudiant-lyonnais-l-urgence-est-nationale-la-doua-villeurbanne\"><span style=\"font-weight: 400;\">Le suicide d\u2019un \u00e9tudiant en droit \u00e0 Lyon 3 ce samedi 9 janvier<\/span><\/a><span style=\"font-weight: 400;\"> en est une preuve suppl\u00e9mentaire. Pour Jules Gori, membre du syndicat \u00e9tudiant UNEF-Lyon, <\/span><i><span style=\"font-weight: 400;\">\u201cLa pand\u00e9mie n\u2019a fait qu\u2019amplifier des probl\u00e8mes enracin\u00e9s depuis longtemps dans le milieu universitaire. Le manque de budget mis en place par le gouvernement est point\u00e9 du doigt depuis longtemps par les syndicats \u00e9tudiants, tout comme la hausse de la pr\u00e9carit\u00e9 \u00e9tudiante.\u201d <\/span><\/i><span style=\"font-weight: 400;\">R\u00e9guli\u00e8rement mis en cause, \u201c<\/span><i><span style=\"font-weight: 400;\">les cours \u00e0 distance sont une source de d\u00e9crochage. Les \u00e9tudiants se sentent totalement abandonn\u00e9s\u201d, <\/span><\/i><span style=\"font-weight: 400;\">confie Jules Gori.<\/span><b><\/b><\/p>\n<p>&nbsp;<\/p>\n<table>\n<tbody>\n<tr>\n<td style=\"background-color: #f2f2f2; border-color: #000000;\"><span style=\"font-weight: 400;\">Kelly, \u00e9tudiante en premi\u00e8re ann\u00e9e de master sciences de l\u2019\u00e9ducation \u00e0 l\u2019Universit\u00e9 Lyon 2 nous livre son t\u00e9moignage.<\/span><\/p>\n<p>&nbsp;<\/p>\n<p><span style=\"font-weight: 400;\"><b>&nbsp;Quels sont tes ressentis par rapport aux cours \u00e0 distance ?<\/b><\/span><\/p>\n<p><i><span style=\"font-weight: 400;\">Je suis dans l\u2019incompr\u00e9hension : tout est ouvert sauf les universit\u00e9s. C\u2019est compliqu\u00e9 de se concentrer seule derri\u00e8re un \u00e9cran. C\u2019est difficile de faire des projets concluants en groupe. La p\u00e9dagogie et l\u2019apprentissage ne sont pas les m\u00eames. Les profs ne savent pas toujours utiliser la technologie. Ce ne sont pas de bonnes conditions d\u2019apprentissage.<\/span><\/i><\/p>\n<p><i><span style=\"font-weight: 400;\">Les quinze premiers jours de d\u00e9cembre \u00e9taient psychologiquement difficiles, j\u2019ai d\u00e9croch\u00e9 quelques jours. \u00catre seule dans mon petit logement \u00e9tudiant est oppressant, je n\u2019arrivais plus \u00e0 travailler sur mon m\u00e9moire. Parfois je n\u2019ai plus de perspectives d\u2019avenir. Je n\u2019arrive plus \u00e0 voir le but de mes \u00e9tudes lorsque les profs eux-m\u00eames sont d\u00e9courag\u00e9s.<\/span><\/i><\/p>\n<p><b>&nbsp;\u00cates-vous accompagn\u00e9s psychologiquement ?<\/b><\/p>\n<p><i><span style=\"font-weight: 400;\">Dans ma r\u00e9sidence universitaire, un \u00e9tudiant a \u00e9t\u00e9 \u00e9lu pour \u00eatre le r\u00e9f\u00e9rent. Il appelle souvent pour savoir si les \u00e9tudiants vont bien et s\u2019ils ressentent la n\u00e9cessit\u00e9 d\u2019un suivi psychologique. C\u2019est une d\u00e9marche qui a \u00e9t\u00e9 mise en place par le CROUS.&nbsp;<\/span><\/i><\/p>\n<p><b>&nbsp;Quelle est l\u2019ambiance g\u00e9n\u00e9rale de ta classe ? Le d\u00e9crochage scolaire se ressent ?<\/b><\/p>\n<p><i><span style=\"font-weight: 400;\">Sur les cours il y a de moins en moins d\u2019\u00e9tudiants qui se connectent. Parfois on ne se retrouve qu\u2019\u00e0 dix, il y a beaucoup de d\u00e9crochage. M\u00eame en \u00e9tant connect\u00e9, ce n\u2019est pas facile de rester concentr\u00e9 pendant 6 heures avec le m\u00eame prof derri\u00e8re un \u00e9cran. Globalement, tous les \u00e9tudiants de mon master sont unanimes : les cours \u00e0 distance sont bien plus difficiles \u00e0 suivre. Les in\u00e9galit\u00e9s num\u00e9riques creusent les in\u00e9galit\u00e9s d\u00e9j\u00e0 existantes, surtout avec les \u00e9tudiants \u00e9trangers.&nbsp;<\/span><\/i><\/p>\n<p><b>&nbsp;Est-ce que cela vous a pouss\u00e9 \u00e0 vous entraider ?<\/b><\/p>\n<p><i><span style=\"font-weight: 400;\">Oui, c\u2019est le point positif&#8230; Il y a moins de communication avec les profs donc c\u2019est n\u00e9cessaire d\u2019\u00eatre solidaires et soud\u00e9s les uns les autres. Je ne connais que virtuellement mes camarades de classe, la covid m\u2019a emp\u00each\u00e9 de les rencontrer.&nbsp;<\/span><\/i><\/td>\n<\/tr>\n<\/tbody>\n<\/table>\n<p>&nbsp;<\/p>\n<p><span style=\"font-weight: 400;\">Du c\u00f4t\u00e9 de l\u2019UNEF, cette situation n\u2019est pas tenable. \u201c<\/span><i><span style=\"font-weight: 400;\">Aujourd\u2019hui plus que jamais, on tente de rassembler les \u00e9tudiants. On milite pour la mise en place des cours en pr\u00e9sentiel \u00e0 50 %, mais sans r\u00e9sultat. Les doyens et directeurs de facs eux aussi souhaitent que les cours reprennent mais ce n\u2019est pas de leur ressort<\/span><\/i><span style=\"font-weight: 400;\">.\u201d Le manque de coh\u00e9rence entre le traitement des coll\u00e8ges ou des lyc\u00e9es et celui des universit\u00e9s est souvent <\/span><a href=\"https:\/\/www.lemonde.fr\/idees\/article\/2020\/12\/30\/universites-le-risque-est-reel-d-un-decrochage-massif_6064805_3232.html\"><span style=\"font-weight: 400;\">d\u00e9nonc\u00e9 par les acteurs de l\u2019enseignement sup\u00e9rieur<\/span><\/a><span style=\"font-weight: 400;\">. A cela s\u2019ajoute l\u2019absence de visibilit\u00e9 \u00e0 long terme emp\u00eachant toute projection sur un potentiel retour dans les amphith\u00e9\u00e2tres.<\/span><\/p>\n<p>&nbsp;<\/p>\n<!-- AddThis Advanced Settings generic via filter on the_content --><!-- AddThis Share Buttons generic via filter on the_content -->","protected":false},"excerpt":{"rendered":"<p>Depuis l\u2019annonce d\u2019un deuxi\u00e8me confinement le 29 octobre, les universit\u00e9s ne re\u00e7oivent plus aucun \u00e9tudiant. Une situation difficile \u00e0 vivre pour ceux qui se consid\u00e8rent &hellip; <!-- AddThis Advanced Settings generic via filter on wp_trim_excerpt --><!-- AddThis Share Buttons generic via filter on wp_trim_excerpt --><\/p>\n","protected":false},"author":29106,"featured_media":21267,"comment_status":"open","ping_status":"open","sticky":false,"template":"","format":"standard","meta":{"_FSMCFIC_featured_image_caption":"","_FSMCFIC_featured_image_nocaption":"","_FSMCFIC_featured_image_hide":"","footnotes":""},"categories":[22420,3517,5324,4],"tags":[],"class_list":["post-21597","post","type-post","status-publish","format-standard","has-post-thumbnail","hentry","category-covid-19","category-education","category-jeunesse","category-lyon"],"yoast_head":"<!-- This site is optimized with the Yoast SEO plugin v22.8 - https:\/\/yoast.com\/wordpress\/plugins\/seo\/ -->\n<title>Universit\u00e9s et cours \u00e0 distance : \u201cLes \u00e9tudiants se sentent totalement abandonn\u00e9s\u201d - Lyon Bondy Blog<\/title>\n<meta name=\"robots\" content=\"index, follow, max-snippet:-1, max-image-preview:large, max-video-preview:-1\" \/>\n<link rel=\"canonical\" href=\"https:\/\/lyonbondyblog.fr\/LBB\/universites-et-cours-a-distance-les-etudiants-se-sentent-totalement-abandonnes\/\" \/>\n<meta property=\"og:locale\" content=\"fr_FR\" \/>\n<meta property=\"og:type\" content=\"article\" \/>\n<meta property=\"og:title\" content=\"Universit\u00e9s et cours \u00e0 distance : \u201cLes \u00e9tudiants se sentent totalement abandonn\u00e9s\u201d - Lyon Bondy Blog\" \/>\n<meta property=\"og:description\" content=\"Depuis l\u2019annonce d\u2019un deuxi\u00e8me confinement le 29 octobre, les universit\u00e9s ne re\u00e7oivent plus aucun \u00e9tudiant. Une situation difficile \u00e0 vivre pour ceux qui se consid\u00e8rent &hellip;\" \/>\n<meta property=\"og:url\" content=\"https:\/\/lyonbondyblog.fr\/LBB\/universites-et-cours-a-distance-les-etudiants-se-sentent-totalement-abandonnes\/\" \/>\n<meta property=\"og:site_name\" content=\"Lyon Bondy Blog\" \/>\n<meta property=\"article:publisher\" content=\"https:\/\/www.facebook.com\/lyonbondyblog\" \/>\n<meta property=\"article:published_time\" content=\"2021-01-12T15:56:08+00:00\" \/>\n<meta property=\"article:modified_time\" content=\"2021-01-14T13:11:30+00:00\" \/>\n<meta property=\"og:image\" content=\"https:\/\/lyonbondyblog.fr\/LBB\/wp-content\/uploads\/2020\/11\/\u00e9cole.jpeg\" \/>\n\t<meta property=\"og:image:width\" content=\"1050\" \/>\n\t<meta property=\"og:image:height\" content=\"750\" \/>\n\t<meta property=\"og:image:type\" content=\"image\/jpeg\" \/>\n<meta name=\"author\" content=\"Nathan Chaize\" \/>\n<meta name=\"twitter:card\" content=\"summary_large_image\" \/>\n<meta name=\"twitter:creator\" content=\"@chaize_nathan\" \/>\n<meta name=\"twitter:site\" content=\"@bondybloglyon\" \/>\n<script type=\"application\/ld+json\" class=\"yoast-schema-graph\">{\"@context\":\"https:\/\/schema.org\",\"@graph\":[{\"@type\":\"Article\",\"@id\":\"https:\/\/lyonbondyblog.fr\/LBB\/universites-et-cours-a-distance-les-etudiants-se-sentent-totalement-abandonnes\/#article\",\"isPartOf\":{\"@id\":\"https:\/\/lyonbondyblog.fr\/LBB\/universites-et-cours-a-distance-les-etudiants-se-sentent-totalement-abandonnes\/\"},\"author\":{\"name\":\"Nathan Chaize\",\"@id\":\"https:\/\/lyonbondyblog.fr\/LBB\/#\/schema\/person\/6d41a7410c0604275e7859afebaf2e3c\"},\"headline\":\"Universit\u00e9s et cours \u00e0 distance : \u201cLes \u00e9tudiants se sentent totalement abandonn\u00e9s\u201d\",\"datePublished\":\"2021-01-12T15:56:08+00:00\",\"dateModified\":\"2021-01-14T13:11:30+00:00\",\"mainEntityOfPage\":{\"@id\":\"https:\/\/lyonbondyblog.fr\/LBB\/universites-et-cours-a-distance-les-etudiants-se-sentent-totalement-abandonnes\/\"},\"wordCount\":670,\"commentCount\":0,\"publisher\":{\"@id\":\"https:\/\/lyonbondyblog.fr\/LBB\/#organization\"},\"image\":{\"@id\":\"https:\/\/lyonbondyblog.fr\/LBB\/universites-et-cours-a-distance-les-etudiants-se-sentent-totalement-abandonnes\/#primaryimage\"},\"thumbnailUrl\":\"https:\/\/lyonbondyblog.fr\/LBB\/wp-content\/uploads\/2020\/11\/\u00e9cole.jpeg\",\"articleSection\":[\"Covid-19\",\"Education\",\"Jeunesse\",\"Lyon\"],\"inLanguage\":\"fr-FR\",\"potentialAction\":[{\"@type\":\"CommentAction\",\"name\":\"Comment\",\"target\":[\"https:\/\/lyonbondyblog.fr\/LBB\/universites-et-cours-a-distance-les-etudiants-se-sentent-totalement-abandonnes\/#respond\"]}]},{\"@type\":\"WebPage\",\"@id\":\"https:\/\/lyonbondyblog.fr\/LBB\/universites-et-cours-a-distance-les-etudiants-se-sentent-totalement-abandonnes\/\",\"url\":\"https:\/\/lyonbondyblog.fr\/LBB\/universites-et-cours-a-distance-les-etudiants-se-sentent-totalement-abandonnes\/\",\"name\":\"Universit\u00e9s et cours \u00e0 distance : \u201cLes \u00e9tudiants se sentent totalement abandonn\u00e9s\u201d - Lyon Bondy Blog\",\"isPartOf\":{\"@id\":\"https:\/\/lyonbondyblog.fr\/LBB\/#website\"},\"primaryImageOfPage\":{\"@id\":\"https:\/\/lyonbondyblog.fr\/LBB\/universites-et-cours-a-distance-les-etudiants-se-sentent-totalement-abandonnes\/#primaryimage\"},\"image\":{\"@id\":\"https:\/\/lyonbondyblog.fr\/LBB\/universites-et-cours-a-distance-les-etudiants-se-sentent-totalement-abandonnes\/#primaryimage\"},\"thumbnailUrl\":\"https:\/\/lyonbondyblog.fr\/LBB\/wp-content\/uploads\/2020\/11\/\u00e9cole.jpeg\",\"datePublished\":\"2021-01-12T15:56:08+00:00\",\"dateModified\":\"2021-01-14T13:11:30+00:00\",\"inLanguage\":\"fr-FR\",\"potentialAction\":[{\"@type\":\"ReadAction\",\"target\":[\"https:\/\/lyonbondyblog.fr\/LBB\/universites-et-cours-a-distance-les-etudiants-se-sentent-totalement-abandonnes\/\"]}]},{\"@type\":\"ImageObject\",\"inLanguage\":\"fr-FR\",\"@id\":\"https:\/\/lyonbondyblog.fr\/LBB\/universites-et-cours-a-distance-les-etudiants-se-sentent-totalement-abandonnes\/#primaryimage\",\"url\":\"https:\/\/lyonbondyblog.fr\/LBB\/wp-content\/uploads\/2020\/11\/\u00e9cole.jpeg\",\"contentUrl\":\"https:\/\/lyonbondyblog.fr\/LBB\/wp-content\/uploads\/2020\/11\/\u00e9cole.jpeg\",\"width\":1050,\"height\":750},{\"@type\":\"WebSite\",\"@id\":\"https:\/\/lyonbondyblog.fr\/LBB\/#website\",\"url\":\"https:\/\/lyonbondyblog.fr\/LBB\/\",\"name\":\"Lyon Bondy Blog\",\"description\":\"\",\"publisher\":{\"@id\":\"https:\/\/lyonbondyblog.fr\/LBB\/#organization\"},\"potentialAction\":[{\"@type\":\"SearchAction\",\"target\":{\"@type\":\"EntryPoint\",\"urlTemplate\":\"https:\/\/lyonbondyblog.fr\/LBB\/?s={search_term_string}\"},\"query-input\":\"required name=search_term_string\"}],\"inLanguage\":\"fr-FR\"},{\"@type\":\"Organization\",\"@id\":\"https:\/\/lyonbondyblog.fr\/LBB\/#organization\",\"name\":\"LYON BONDY BLOG\",\"url\":\"https:\/\/lyonbondyblog.fr\/LBB\/\",\"logo\":{\"@type\":\"ImageObject\",\"inLanguage\":\"fr-FR\",\"@id\":\"https:\/\/lyonbondyblog.fr\/LBB\/#\/schema\/logo\/image\/\",\"url\":\"http:\/\/lyonbondyblog.fr\/LBB\/wp-content\/uploads\/2014\/10\/logo-portable-144.png\",\"contentUrl\":\"http:\/\/lyonbondyblog.fr\/LBB\/wp-content\/uploads\/2014\/10\/logo-portable-144.png\",\"width\":144,\"height\":123,\"caption\":\"LYON BONDY BLOG\"},\"image\":{\"@id\":\"https:\/\/lyonbondyblog.fr\/LBB\/#\/schema\/logo\/image\/\"},\"sameAs\":[\"https:\/\/www.facebook.com\/lyonbondyblog\",\"https:\/\/x.com\/bondybloglyon\"]},{\"@type\":\"Person\",\"@id\":\"https:\/\/lyonbondyblog.fr\/LBB\/#\/schema\/person\/6d41a7410c0604275e7859afebaf2e3c\",\"name\":\"Nathan Chaize\",\"sameAs\":[\"https:\/\/nathanchaize.home.blog\/\",\"https:\/\/www.instagram.com\/nathanch09\/\",\"https:\/\/www.linkedin.com\/in\/nathan-chaize-a8857b159\/\",\"https:\/\/x.com\/chaize_nathan\"],\"url\":\"https:\/\/lyonbondyblog.fr\/LBB\/author\/nathanchaize\/\"}]}<\/script>\n<!-- \/ Yoast SEO plugin. -->","yoast_head_json":{"title":"Universit\u00e9s et cours \u00e0 distance : \u201cLes \u00e9tudiants se sentent totalement abandonn\u00e9s\u201d - Lyon Bondy Blog","robots":{"index":"index","follow":"follow","max-snippet":"max-snippet:-1","max-image-preview":"max-image-preview:large","max-video-preview":"max-video-preview:-1"},"canonical":"https:\/\/lyonbondyblog.fr\/LBB\/universites-et-cours-a-distance-les-etudiants-se-sentent-totalement-abandonnes\/","og_locale":"fr_FR","og_type":"article","og_title":"Universit\u00e9s et cours \u00e0 distance : \u201cLes \u00e9tudiants se sentent totalement abandonn\u00e9s\u201d - Lyon Bondy Blog","og_description":"Depuis l\u2019annonce d\u2019un deuxi\u00e8me confinement le 29 octobre, les universit\u00e9s ne re\u00e7oivent plus aucun \u00e9tudiant. Une situation difficile \u00e0 vivre pour ceux qui se consid\u00e8rent &hellip;","og_url":"https:\/\/lyonbondyblog.fr\/LBB\/universites-et-cours-a-distance-les-etudiants-se-sentent-totalement-abandonnes\/","og_site_name":"Lyon Bondy Blog","article_publisher":"https:\/\/www.facebook.com\/lyonbondyblog","article_published_time":"2021-01-12T15:56:08+00:00","article_modified_time":"2021-01-14T13:11:30+00:00","og_image":[{"width":1050,"height":750,"url":"https:\/\/lyonbondyblog.fr\/LBB\/wp-content\/uploads\/2020\/11\/\u00e9cole.jpeg","type":"image\/jpeg"}],"author":"Nathan Chaize","twitter_card":"summary_large_image","twitter_creator":"@chaize_nathan","twitter_site":"@bondybloglyon","schema":{"@context":"https:\/\/schema.org","@graph":[{"@type":"Article","@id":"https:\/\/lyonbondyblog.fr\/LBB\/universites-et-cours-a-distance-les-etudiants-se-sentent-totalement-abandonnes\/#article","isPartOf":{"@id":"https:\/\/lyonbondyblog.fr\/LBB\/universites-et-cours-a-distance-les-etudiants-se-sentent-totalement-abandonnes\/"},"author":{"name":"Nathan Chaize","@id":"https:\/\/lyonbondyblog.fr\/LBB\/#\/schema\/person\/6d41a7410c0604275e7859afebaf2e3c"},"headline":"Universit\u00e9s et cours \u00e0 distance : \u201cLes \u00e9tudiants se sentent totalement abandonn\u00e9s\u201d","datePublished":"2021-01-12T15:56:08+00:00","dateModified":"2021-01-14T13:11:30+00:00","mainEntityOfPage":{"@id":"https:\/\/lyonbondyblog.fr\/LBB\/universites-et-cours-a-distance-les-etudiants-se-sentent-totalement-abandonnes\/"},"wordCount":670,"commentCount":0,"publisher":{"@id":"https:\/\/lyonbondyblog.fr\/LBB\/#organization"},"image":{"@id":"https:\/\/lyonbondyblog.fr\/LBB\/universites-et-cours-a-distance-les-etudiants-se-sentent-totalement-abandonnes\/#primaryimage"},"thumbnailUrl":"https:\/\/lyonbondyblog.fr\/LBB\/wp-content\/uploads\/2020\/11\/\u00e9cole.jpeg","articleSection":["Covid-19","Education","Jeunesse","Lyon"],"inLanguage":"fr-FR","potentialAction":[{"@type":"CommentAction","name":"Comment","target":["https:\/\/lyonbondyblog.fr\/LBB\/universites-et-cours-a-distance-les-etudiants-se-sentent-totalement-abandonnes\/#respond"]}]},{"@type":"WebPage","@id":"https:\/\/lyonbondyblog.fr\/LBB\/universites-et-cours-a-distance-les-etudiants-se-sentent-totalement-abandonnes\/","url":"https:\/\/lyonbondyblog.fr\/LBB\/universites-et-cours-a-distance-les-etudiants-se-sentent-totalement-abandonnes\/","name":"Universit\u00e9s et cours \u00e0 distance : \u201cLes \u00e9tudiants se sentent totalement abandonn\u00e9s\u201d - Lyon Bondy Blog","isPartOf":{"@id":"https:\/\/lyonbondyblog.fr\/LBB\/#website"},"primaryImageOfPage":{"@id":"https:\/\/lyonbondyblog.fr\/LBB\/universites-et-cours-a-distance-les-etudiants-se-sentent-totalement-abandonnes\/#primaryimage"},"image":{"@id":"https:\/\/lyonbondyblog.fr\/LBB\/universites-et-cours-a-distance-les-etudiants-se-sentent-totalement-abandonnes\/#primaryimage"},"thumbnailUrl":"https:\/\/lyonbondyblog.fr\/LBB\/wp-content\/uploads\/2020\/11\/\u00e9cole.jpeg","datePublished":"2021-01-12T15:56:08+00:00","dateModified":"2021-01-14T13:11:30+00:00","inLanguage":"fr-FR","potentialAction":[{"@type":"ReadAction","target":["https:\/\/lyonbondyblog.fr\/LBB\/universites-et-cours-a-distance-les-etudiants-se-sentent-totalement-abandonnes\/"]}]},{"@type":"ImageObject","inLanguage":"fr-FR","@id":"https:\/\/lyonbondyblog.fr\/LBB\/universites-et-cours-a-distance-les-etudiants-se-sentent-totalement-abandonnes\/#primaryimage","url":"https:\/\/lyonbondyblog.fr\/LBB\/wp-content\/uploads\/2020\/11\/\u00e9cole.jpeg","contentUrl":"https:\/\/lyonbondyblog.fr\/LBB\/wp-content\/uploads\/2020\/11\/\u00e9cole.jpeg","width":1050,"height":750},{"@type":"WebSite","@id":"https:\/\/lyonbondyblog.fr\/LBB\/#website","url":"https:\/\/lyonbondyblog.fr\/LBB\/","name":"Lyon Bondy Blog","description":"","publisher":{"@id":"https:\/\/lyonbondyblog.fr\/LBB\/#organization"},"potentialAction":[{"@type":"SearchAction","target":{"@type":"EntryPoint","urlTemplate":"https:\/\/lyonbondyblog.fr\/LBB\/?s={search_term_string}"},"query-input":"required name=search_term_string"}],"inLanguage":"fr-FR"},{"@type":"Organization","@id":"https:\/\/lyonbondyblog.fr\/LBB\/#organization","name":"LYON BONDY BLOG","url":"https:\/\/lyonbondyblog.fr\/LBB\/","logo":{"@type":"ImageObject","inLanguage":"fr-FR","@id":"https:\/\/lyonbondyblog.fr\/LBB\/#\/schema\/logo\/image\/","url":"http:\/\/lyonbondyblog.fr\/LBB\/wp-content\/uploads\/2014\/10\/logo-portable-144.png","contentUrl":"http:\/\/lyonbondyblog.fr\/LBB\/wp-content\/uploads\/2014\/10\/logo-portable-144.png","width":144,"height":123,"caption":"LYON BONDY BLOG"},"image":{"@id":"https:\/\/lyonbondyblog.fr\/LBB\/#\/schema\/logo\/image\/"},"sameAs":["https:\/\/www.facebook.com\/lyonbondyblog","https:\/\/x.com\/bondybloglyon"]},{"@type":"Person","@id":"https:\/\/lyonbondyblog.fr\/LBB\/#\/schema\/person\/6d41a7410c0604275e7859afebaf2e3c","name":"Nathan Chaize","sameAs":["https:\/\/nathanchaize.home.blog\/","https:\/\/www.instagram.com\/nathanch09\/","https:\/\/www.linkedin.com\/in\/nathan-chaize-a8857b159\/","https:\/\/x.com\/chaize_nathan"],"url":"https:\/\/lyonbondyblog.fr\/LBB\/author\/nathanchaize\/"}]}},"_links":{"self":[{"href":"https:\/\/lyonbondyblog.fr\/LBB\/wp-json\/wp\/v2\/posts\/21597","targetHints":{"allow":["GET"]}}],"collection":[{"href":"https:\/\/lyonbondyblog.fr\/LBB\/wp-json\/wp\/v2\/posts"}],"about":[{"href":"https:\/\/lyonbondyblog.fr\/LBB\/wp-json\/wp\/v2\/types\/post"}],"author":[{"embeddable":true,"href":"https:\/\/lyonbondyblog.fr\/LBB\/wp-json\/wp\/v2\/users\/29106"}],"replies":[{"embeddable":true,"href":"https:\/\/lyonbondyblog.fr\/LBB\/wp-json\/wp\/v2\/comments?post=21597"}],"version-history":[{"count":16,"href":"https:\/\/lyonbondyblog.fr\/LBB\/wp-json\/wp\/v2\/posts\/21597\/revisions"}],"predecessor-version":[{"id":21616,"href":"https:\/\/lyonbondyblog.fr\/LBB\/wp-json\/wp\/v2\/posts\/21597\/revisions\/21616"}],"wp:featuredmedia":[{"embeddable":true,"href":"https:\/\/lyonbondyblog.fr\/LBB\/wp-json\/wp\/v2\/media\/21267"}],"wp:attachment":[{"href":"https:\/\/lyonbondyblog.fr\/LBB\/wp-json\/wp\/v2\/media?parent=21597"}],"wp:term":[{"taxonomy":"category","embeddable":true,"href":"https:\/\/lyonbondyblog.fr\/LBB\/wp-json\/wp\/v2\/categories?post=21597"},{"taxonomy":"post_tag","embeddable":true,"href":"https:\/\/lyonbondyblog.fr\/LBB\/wp-json\/wp\/v2\/tags?post=21597"}],"curies":[{"name":"wp","href":"https:\/\/api.w.org\/{rel}","templated":true}]}}