{"id":21541,"date":"2021-01-01T20:15:42","date_gmt":"2021-01-01T19:15:42","guid":{"rendered":"http:\/\/lyonbondyblog.fr\/LBB\/?p=21541"},"modified":"2021-01-01T20:15:42","modified_gmt":"2021-01-01T19:15:42","slug":"le-nouvel-an-2021-vu-par-le-dessinateur-jcl","status":"publish","type":"post","link":"https:\/\/lyonbondyblog.fr\/LBB\/le-nouvel-an-2021-vu-par-le-dessinateur-jcl\/","title":{"rendered":"Le Nouvel An 2021 vu par le dessinateur JCL"},"content":{"rendered":"<h4>L&rsquo;\u00e9quipe du Lyon Bondy Blog souhaite une excellente ann\u00e9e \u00e0 tous ses lecteurs. On commence 2021 avec un nouveau coup de crayon de JCL.&nbsp;<\/h4>\n<figure id=\"attachment_21542\" aria-describedby=\"caption-attachment-21542\" style=\"width: 710px\" class=\"wp-caption aligncenter\"><img loading=\"lazy\" decoding=\"async\" class=\"wp-image-21542\" src=\"https:\/\/lyonbondyblog.fr\/LBB\/wp-content\/uploads\/2021\/01\/132499683_2073752066094712_1875932745460016397_n-870x1200.jpg\" alt=\"\" width=\"710\" height=\"979\" srcset=\"https:\/\/lyonbondyblog.fr\/LBB\/wp-content\/uploads\/2021\/01\/132499683_2073752066094712_1875932745460016397_n-870x1200.jpg 870w, https:\/\/lyonbondyblog.fr\/LBB\/wp-content\/uploads\/2021\/01\/132499683_2073752066094712_1875932745460016397_n-768x1060.jpg 768w, https:\/\/lyonbondyblog.fr\/LBB\/wp-content\/uploads\/2021\/01\/132499683_2073752066094712_1875932745460016397_n-1391x1920.jpg 1391w, https:\/\/lyonbondyblog.fr\/LBB\/wp-content\/uploads\/2021\/01\/132499683_2073752066094712_1875932745460016397_n-600x828.jpg 600w, https:\/\/lyonbondyblog.fr\/LBB\/wp-content\/uploads\/2021\/01\/132499683_2073752066094712_1875932745460016397_n.jpg 1484w\" sizes=\"auto, (max-width: 710px) 100vw, 710px\" \/><figcaption id=\"caption-attachment-21542\" class=\"wp-caption-text\">Le Nouvel An 2021 vu par le dessinateur JCL<\/figcaption><\/figure>\n<!-- AddThis Advanced Settings generic via filter on the_content --><!-- AddThis Share Buttons generic via filter on the_content -->","protected":false},"excerpt":{"rendered":"<p>L&rsquo;\u00e9quipe du Lyon Bondy Blog souhaite une excellente ann\u00e9e \u00e0 tous ses lecteurs. On commence 2021 avec un nouveau coup de crayon de JCL.&nbsp;<!-- AddThis Advanced Settings generic via filter on wp_trim_excerpt --><!-- AddThis Share Buttons generic via filter on wp_trim_excerpt --><\/p>\n","protected":false},"author":1,"featured_media":21542,"comment_status":"open","ping_status":"open","sticky":false,"template":"","format":"standard","meta":{"_FSMCFIC_featured_image_caption":"","_FSMCFIC_featured_image_nocaption":"","_FSMCFIC_featured_image_hide":"","footnotes":""},"categories":[1084],"tags":[],"class_list":["post-21541","post","type-post","status-publish","format-standard","has-post-thumbnail","hentry","category-dessin-de-presse"],"yoast_head":"<!-- This site is optimized with the Yoast SEO plugin v22.8 - https:\/\/yoast.com\/wordpress\/plugins\/seo\/ -->\n<title>Le Nouvel An 2021 vu par le dessinateur JCL - Lyon Bondy Blog<\/title>\n<meta name=\"robots\" content=\"index, follow, max-snippet:-1, max-image-preview:large, max-video-preview:-1\" \/>\n<link rel=\"canonical\" href=\"https:\/\/lyonbondyblog.fr\/LBB\/le-nouvel-an-2021-vu-par-le-dessinateur-jcl\/\" \/>\n<meta property=\"og:locale\" content=\"fr_FR\" \/>\n<meta property=\"og:type\" content=\"article\" \/>\n<meta property=\"og:title\" content=\"Le Nouvel An 2021 vu par le dessinateur JCL - Lyon Bondy Blog\" \/>\n<meta property=\"og:description\" content=\"L&rsquo;\u00e9quipe du Lyon Bondy Blog souhaite une excellente ann\u00e9e \u00e0 tous ses lecteurs. On commence 2021 avec un nouveau coup de crayon de JCL.&nbsp;\" \/>\n<meta property=\"og:url\" content=\"https:\/\/lyonbondyblog.fr\/LBB\/le-nouvel-an-2021-vu-par-le-dessinateur-jcl\/\" \/>\n<meta property=\"og:site_name\" content=\"Lyon Bondy Blog\" \/>\n<meta property=\"article:publisher\" content=\"https:\/\/www.facebook.com\/lyonbondyblog\" \/>\n<meta property=\"article:author\" content=\"https:\/\/www.facebook.com\/lyonbondyblog\" \/>\n<meta property=\"article:published_time\" content=\"2021-01-01T19:15:42+00:00\" \/>\n<meta property=\"og:image\" content=\"https:\/\/lyonbondyblog.fr\/LBB\/wp-content\/uploads\/2021\/01\/132499683_2073752066094712_1875932745460016397_n.jpg\" \/>\n\t<meta property=\"og:image:width\" content=\"1484\" \/>\n\t<meta property=\"og:image:height\" content=\"2048\" \/>\n\t<meta property=\"og:image:type\" content=\"image\/jpeg\" \/>\n<meta name=\"author\" content=\"La r\u00e9daction\" \/>\n<meta name=\"twitter:card\" content=\"summary_large_image\" \/>\n<meta name=\"twitter:creator\" content=\"@BondyBlogLyon\" \/>\n<meta name=\"twitter:site\" content=\"@bondybloglyon\" \/>\n<script type=\"application\/ld+json\" class=\"yoast-schema-graph\">{\"@context\":\"https:\/\/schema.org\",\"@graph\":[{\"@type\":\"Article\",\"@id\":\"https:\/\/lyonbondyblog.fr\/LBB\/le-nouvel-an-2021-vu-par-le-dessinateur-jcl\/#article\",\"isPartOf\":{\"@id\":\"https:\/\/lyonbondyblog.fr\/LBB\/le-nouvel-an-2021-vu-par-le-dessinateur-jcl\/\"},\"author\":{\"name\":\"La r\u00e9daction\",\"@id\":\"https:\/\/lyonbondyblog.fr\/LBB\/#\/schema\/person\/e45f8d27baac75072daa0be50c409b25\"},\"headline\":\"Le Nouvel An 2021 vu par le dessinateur JCL\",\"datePublished\":\"2021-01-01T19:15:42+00:00\",\"dateModified\":\"2021-01-01T19:15:42+00:00\",\"mainEntityOfPage\":{\"@id\":\"https:\/\/lyonbondyblog.fr\/LBB\/le-nouvel-an-2021-vu-par-le-dessinateur-jcl\/\"},\"wordCount\":48,\"commentCount\":0,\"publisher\":{\"@id\":\"https:\/\/lyonbondyblog.fr\/LBB\/#organization\"},\"image\":{\"@id\":\"https:\/\/lyonbondyblog.fr\/LBB\/le-nouvel-an-2021-vu-par-le-dessinateur-jcl\/#primaryimage\"},\"thumbnailUrl\":\"https:\/\/lyonbondyblog.fr\/LBB\/wp-content\/uploads\/2021\/01\/132499683_2073752066094712_1875932745460016397_n.jpg\",\"articleSection\":[\"Dessin de presse\"],\"inLanguage\":\"fr-FR\",\"potentialAction\":[{\"@type\":\"CommentAction\",\"name\":\"Comment\",\"target\":[\"https:\/\/lyonbondyblog.fr\/LBB\/le-nouvel-an-2021-vu-par-le-dessinateur-jcl\/#respond\"]}]},{\"@type\":\"WebPage\",\"@id\":\"https:\/\/lyonbondyblog.fr\/LBB\/le-nouvel-an-2021-vu-par-le-dessinateur-jcl\/\",\"url\":\"https:\/\/lyonbondyblog.fr\/LBB\/le-nouvel-an-2021-vu-par-le-dessinateur-jcl\/\",\"name\":\"Le Nouvel An 2021 vu par le dessinateur JCL - Lyon Bondy Blog\",\"isPartOf\":{\"@id\":\"https:\/\/lyonbondyblog.fr\/LBB\/#website\"},\"primaryImageOfPage\":{\"@id\":\"https:\/\/lyonbondyblog.fr\/LBB\/le-nouvel-an-2021-vu-par-le-dessinateur-jcl\/#primaryimage\"},\"image\":{\"@id\":\"https:\/\/lyonbondyblog.fr\/LBB\/le-nouvel-an-2021-vu-par-le-dessinateur-jcl\/#primaryimage\"},\"thumbnailUrl\":\"https:\/\/lyonbondyblog.fr\/LBB\/wp-content\/uploads\/2021\/01\/132499683_2073752066094712_1875932745460016397_n.jpg\",\"datePublished\":\"2021-01-01T19:15:42+00:00\",\"dateModified\":\"2021-01-01T19:15:42+00:00\",\"inLanguage\":\"fr-FR\",\"potentialAction\":[{\"@type\":\"ReadAction\",\"target\":[\"https:\/\/lyonbondyblog.fr\/LBB\/le-nouvel-an-2021-vu-par-le-dessinateur-jcl\/\"]}]},{\"@type\":\"ImageObject\",\"inLanguage\":\"fr-FR\",\"@id\":\"https:\/\/lyonbondyblog.fr\/LBB\/le-nouvel-an-2021-vu-par-le-dessinateur-jcl\/#primaryimage\",\"url\":\"https:\/\/lyonbondyblog.fr\/LBB\/wp-content\/uploads\/2021\/01\/132499683_2073752066094712_1875932745460016397_n.jpg\",\"contentUrl\":\"https:\/\/lyonbondyblog.fr\/LBB\/wp-content\/uploads\/2021\/01\/132499683_2073752066094712_1875932745460016397_n.jpg\",\"width\":1484,\"height\":2048,\"caption\":\"Le Nouvel An 2021 vu par le dessinateur JCL\"},{\"@type\":\"WebSite\",\"@id\":\"https:\/\/lyonbondyblog.fr\/LBB\/#website\",\"url\":\"https:\/\/lyonbondyblog.fr\/LBB\/\",\"name\":\"Lyon Bondy Blog\",\"description\":\"\",\"publisher\":{\"@id\":\"https:\/\/lyonbondyblog.fr\/LBB\/#organization\"},\"potentialAction\":[{\"@type\":\"SearchAction\",\"target\":{\"@type\":\"EntryPoint\",\"urlTemplate\":\"https:\/\/lyonbondyblog.fr\/LBB\/?s={search_term_string}\"},\"query-input\":\"required name=search_term_string\"}],\"inLanguage\":\"fr-FR\"},{\"@type\":\"Organization\",\"@id\":\"https:\/\/lyonbondyblog.fr\/LBB\/#organization\",\"name\":\"LYON BONDY BLOG\",\"url\":\"https:\/\/lyonbondyblog.fr\/LBB\/\",\"logo\":{\"@type\":\"ImageObject\",\"inLanguage\":\"fr-FR\",\"@id\":\"https:\/\/lyonbondyblog.fr\/LBB\/#\/schema\/logo\/image\/\",\"url\":\"http:\/\/lyonbondyblog.fr\/LBB\/wp-content\/uploads\/2014\/10\/logo-portable-144.png\",\"contentUrl\":\"http:\/\/lyonbondyblog.fr\/LBB\/wp-content\/uploads\/2014\/10\/logo-portable-144.png\",\"width\":144,\"height\":123,\"caption\":\"LYON BONDY BLOG\"},\"image\":{\"@id\":\"https:\/\/lyonbondyblog.fr\/LBB\/#\/schema\/logo\/image\/\"},\"sameAs\":[\"https:\/\/www.facebook.com\/lyonbondyblog\",\"https:\/\/x.com\/bondybloglyon\"]},{\"@type\":\"Person\",\"@id\":\"https:\/\/lyonbondyblog.fr\/LBB\/#\/schema\/person\/e45f8d27baac75072daa0be50c409b25\",\"name\":\"La r\u00e9daction\",\"description\":\"Cr\u00e9e en 2008, la r\u00e9daction du Lyon Bondy Blog s'applique \u00e0 proposer une information locale diff\u00e9rente et compl\u00e9mentaire des m\u00e9dias traditionnels.\",\"sameAs\":[\"https:\/\/www.facebook.com\/lyonbondyblog\",\"https:\/\/x.com\/BondyBlogLyon\"],\"url\":\"https:\/\/lyonbondyblog.fr\/LBB\/author\/admin\/\"}]}<\/script>\n<!-- \/ Yoast SEO plugin. -->","yoast_head_json":{"title":"Le Nouvel An 2021 vu par le dessinateur JCL - Lyon Bondy Blog","robots":{"index":"index","follow":"follow","max-snippet":"max-snippet:-1","max-image-preview":"max-image-preview:large","max-video-preview":"max-video-preview:-1"},"canonical":"https:\/\/lyonbondyblog.fr\/LBB\/le-nouvel-an-2021-vu-par-le-dessinateur-jcl\/","og_locale":"fr_FR","og_type":"article","og_title":"Le Nouvel An 2021 vu par le dessinateur JCL - Lyon Bondy Blog","og_description":"L&rsquo;\u00e9quipe du Lyon Bondy Blog souhaite une excellente ann\u00e9e \u00e0 tous ses lecteurs. On commence 2021 avec un nouveau coup de crayon de JCL.&nbsp;","og_url":"https:\/\/lyonbondyblog.fr\/LBB\/le-nouvel-an-2021-vu-par-le-dessinateur-jcl\/","og_site_name":"Lyon Bondy Blog","article_publisher":"https:\/\/www.facebook.com\/lyonbondyblog","article_author":"https:\/\/www.facebook.com\/lyonbondyblog","article_published_time":"2021-01-01T19:15:42+00:00","og_image":[{"width":1484,"height":2048,"url":"https:\/\/lyonbondyblog.fr\/LBB\/wp-content\/uploads\/2021\/01\/132499683_2073752066094712_1875932745460016397_n.jpg","type":"image\/jpeg"}],"author":"La r\u00e9daction","twitter_card":"summary_large_image","twitter_creator":"@BondyBlogLyon","twitter_site":"@bondybloglyon","schema":{"@context":"https:\/\/schema.org","@graph":[{"@type":"Article","@id":"https:\/\/lyonbondyblog.fr\/LBB\/le-nouvel-an-2021-vu-par-le-dessinateur-jcl\/#article","isPartOf":{"@id":"https:\/\/lyonbondyblog.fr\/LBB\/le-nouvel-an-2021-vu-par-le-dessinateur-jcl\/"},"author":{"name":"La r\u00e9daction","@id":"https:\/\/lyonbondyblog.fr\/LBB\/#\/schema\/person\/e45f8d27baac75072daa0be50c409b25"},"headline":"Le Nouvel An 2021 vu par le dessinateur JCL","datePublished":"2021-01-01T19:15:42+00:00","dateModified":"2021-01-01T19:15:42+00:00","mainEntityOfPage":{"@id":"https:\/\/lyonbondyblog.fr\/LBB\/le-nouvel-an-2021-vu-par-le-dessinateur-jcl\/"},"wordCount":48,"commentCount":0,"publisher":{"@id":"https:\/\/lyonbondyblog.fr\/LBB\/#organization"},"image":{"@id":"https:\/\/lyonbondyblog.fr\/LBB\/le-nouvel-an-2021-vu-par-le-dessinateur-jcl\/#primaryimage"},"thumbnailUrl":"https:\/\/lyonbondyblog.fr\/LBB\/wp-content\/uploads\/2021\/01\/132499683_2073752066094712_1875932745460016397_n.jpg","articleSection":["Dessin de presse"],"inLanguage":"fr-FR","potentialAction":[{"@type":"CommentAction","name":"Comment","target":["https:\/\/lyonbondyblog.fr\/LBB\/le-nouvel-an-2021-vu-par-le-dessinateur-jcl\/#respond"]}]},{"@type":"WebPage","@id":"https:\/\/lyonbondyblog.fr\/LBB\/le-nouvel-an-2021-vu-par-le-dessinateur-jcl\/","url":"https:\/\/lyonbondyblog.fr\/LBB\/le-nouvel-an-2021-vu-par-le-dessinateur-jcl\/","name":"Le Nouvel An 2021 vu par le dessinateur JCL - Lyon Bondy Blog","isPartOf":{"@id":"https:\/\/lyonbondyblog.fr\/LBB\/#website"},"primaryImageOfPage":{"@id":"https:\/\/lyonbondyblog.fr\/LBB\/le-nouvel-an-2021-vu-par-le-dessinateur-jcl\/#primaryimage"},"image":{"@id":"https:\/\/lyonbondyblog.fr\/LBB\/le-nouvel-an-2021-vu-par-le-dessinateur-jcl\/#primaryimage"},"thumbnailUrl":"https:\/\/lyonbondyblog.fr\/LBB\/wp-content\/uploads\/2021\/01\/132499683_2073752066094712_1875932745460016397_n.jpg","datePublished":"2021-01-01T19:15:42+00:00","dateModified":"2021-01-01T19:15:42+00:00","inLanguage":"fr-FR","potentialAction":[{"@type":"ReadAction","target":["https:\/\/lyonbondyblog.fr\/LBB\/le-nouvel-an-2021-vu-par-le-dessinateur-jcl\/"]}]},{"@type":"ImageObject","inLanguage":"fr-FR","@id":"https:\/\/lyonbondyblog.fr\/LBB\/le-nouvel-an-2021-vu-par-le-dessinateur-jcl\/#primaryimage","url":"https:\/\/lyonbondyblog.fr\/LBB\/wp-content\/uploads\/2021\/01\/132499683_2073752066094712_1875932745460016397_n.jpg","contentUrl":"https:\/\/lyonbondyblog.fr\/LBB\/wp-content\/uploads\/2021\/01\/132499683_2073752066094712_1875932745460016397_n.jpg","width":1484,"height":2048,"caption":"Le Nouvel An 2021 vu par le dessinateur JCL"},{"@type":"WebSite","@id":"https:\/\/lyonbondyblog.fr\/LBB\/#website","url":"https:\/\/lyonbondyblog.fr\/LBB\/","name":"Lyon Bondy Blog","description":"","publisher":{"@id":"https:\/\/lyonbondyblog.fr\/LBB\/#organization"},"potentialAction":[{"@type":"SearchAction","target":{"@type":"EntryPoint","urlTemplate":"https:\/\/lyonbondyblog.fr\/LBB\/?s={search_term_string}"},"query-input":"required name=search_term_string"}],"inLanguage":"fr-FR"},{"@type":"Organization","@id":"https:\/\/lyonbondyblog.fr\/LBB\/#organization","name":"LYON BONDY BLOG","url":"https:\/\/lyonbondyblog.fr\/LBB\/","logo":{"@type":"ImageObject","inLanguage":"fr-FR","@id":"https:\/\/lyonbondyblog.fr\/LBB\/#\/schema\/logo\/image\/","url":"http:\/\/lyonbondyblog.fr\/LBB\/wp-content\/uploads\/2014\/10\/logo-portable-144.png","contentUrl":"http:\/\/lyonbondyblog.fr\/LBB\/wp-content\/uploads\/2014\/10\/logo-portable-144.png","width":144,"height":123,"caption":"LYON BONDY BLOG"},"image":{"@id":"https:\/\/lyonbondyblog.fr\/LBB\/#\/schema\/logo\/image\/"},"sameAs":["https:\/\/www.facebook.com\/lyonbondyblog","https:\/\/x.com\/bondybloglyon"]},{"@type":"Person","@id":"https:\/\/lyonbondyblog.fr\/LBB\/#\/schema\/person\/e45f8d27baac75072daa0be50c409b25","name":"La r\u00e9daction","description":"Cr\u00e9e en 2008, la r\u00e9daction du Lyon Bondy Blog s'applique \u00e0 proposer une information locale diff\u00e9rente et compl\u00e9mentaire des m\u00e9dias traditionnels.","sameAs":["https:\/\/www.facebook.com\/lyonbondyblog","https:\/\/x.com\/BondyBlogLyon"],"url":"https:\/\/lyonbondyblog.fr\/LBB\/author\/admin\/"}]}},"_links":{"self":[{"href":"https:\/\/lyonbondyblog.fr\/LBB\/wp-json\/wp\/v2\/posts\/21541","targetHints":{"allow":["GET"]}}],"collection":[{"href":"https:\/\/lyonbondyblog.fr\/LBB\/wp-json\/wp\/v2\/posts"}],"about":[{"href":"https:\/\/lyonbondyblog.fr\/LBB\/wp-json\/wp\/v2\/types\/post"}],"author":[{"embeddable":true,"href":"https:\/\/lyonbondyblog.fr\/LBB\/wp-json\/wp\/v2\/users\/1"}],"replies":[{"embeddable":true,"href":"https:\/\/lyonbondyblog.fr\/LBB\/wp-json\/wp\/v2\/comments?post=21541"}],"version-history":[{"count":1,"href":"https:\/\/lyonbondyblog.fr\/LBB\/wp-json\/wp\/v2\/posts\/21541\/revisions"}],"predecessor-version":[{"id":21543,"href":"https:\/\/lyonbondyblog.fr\/LBB\/wp-json\/wp\/v2\/posts\/21541\/revisions\/21543"}],"wp:featuredmedia":[{"embeddable":true,"href":"https:\/\/lyonbondyblog.fr\/LBB\/wp-json\/wp\/v2\/media\/21542"}],"wp:attachment":[{"href":"https:\/\/lyonbondyblog.fr\/LBB\/wp-json\/wp\/v2\/media?parent=21541"}],"wp:term":[{"taxonomy":"category","embeddable":true,"href":"https:\/\/lyonbondyblog.fr\/LBB\/wp-json\/wp\/v2\/categories?post=21541"},{"taxonomy":"post_tag","embeddable":true,"href":"https:\/\/lyonbondyblog.fr\/LBB\/wp-json\/wp\/v2\/tags?post=21541"}],"curies":[{"name":"wp","href":"https:\/\/api.w.org\/{rel}","templated":true}]}}