{"id":21534,"date":"2020-12-30T17:00:38","date_gmt":"2020-12-30T16:00:38","guid":{"rendered":"http:\/\/lyonbondyblog.fr\/LBB\/?p=21534"},"modified":"2020-12-30T17:24:32","modified_gmt":"2020-12-30T16:24:32","slug":"une-association-pour-les-plus-jeunes-elus","status":"publish","type":"post","link":"https:\/\/lyonbondyblog.fr\/LBB\/une-association-pour-les-plus-jeunes-elus\/","title":{"rendered":"Une association pour les jeunes \u00e9lus"},"content":{"rendered":"<h4><b>Depuis cet \u00e9t\u00e9, l\u2019association des jeunes \u00e9lus de France (AJEF) se structure et fait ses premiers pas en Auvergne Rh\u00f4ne-Alpes.<\/b><\/h4>\n<figure id=\"attachment_21537\" aria-describedby=\"caption-attachment-21537\" style=\"width: 262px\" class=\"wp-caption aligncenter\"><img loading=\"lazy\" decoding=\"async\" class=\" wp-image-21537\" src=\"https:\/\/lyonbondyblog.fr\/LBB\/wp-content\/uploads\/2020\/12\/IMG_20201230_145044.jpg\" alt=\"\" width=\"262\" height=\"262\" srcset=\"https:\/\/lyonbondyblog.fr\/LBB\/wp-content\/uploads\/2020\/12\/IMG_20201230_145044.jpg 548w, https:\/\/lyonbondyblog.fr\/LBB\/wp-content\/uploads\/2020\/12\/IMG_20201230_145044-150x150.jpg 150w, https:\/\/lyonbondyblog.fr\/LBB\/wp-content\/uploads\/2020\/12\/IMG_20201230_145044-360x360.jpg 360w\" sizes=\"auto, (max-width: 262px) 100vw, 262px\" \/><figcaption id=\"caption-attachment-21537\" class=\"wp-caption-text\">A 19 ans, Malo Tricca est \u00e9lu \u00e0 Soucieu-en-Jarrest.<\/figcaption><\/figure>\n<p><span style=\"font-weight: 400;\">Lanc\u00e9e d\u00e9but ao\u00fbt par deux conseillers municipaux bretons tout juste majeurs, l\u2019association des jeunes \u00e9lus de France (AJEF) est n\u00e9e avec l\u2019id\u00e9e de rassembler les \u00e9lues et \u00e9lus qui officient sous la barre des 30 ans, avec l&rsquo;id\u00e9e de d\u00e9velopper une coop\u00e9ration autour des <\/span><i><span style=\"font-weight: 400;\">\u201cbonnes pratiques\u201d<\/span><\/i><span style=\"font-weight: 400;\"> de la politique locale. Au niveau r\u00e9gional, c\u2019est Malo Tricca, 19 ans et \u00e9lu \u00e0 Soucieu-en-Jarrest (Rh\u00f4ne) qui a pris en main la structure, bien d\u00e9cid\u00e9 \u00e0 <\/span><i><span style=\"font-weight: 400;\">\u201cporter la voix des jeunes\u201d <\/span><\/i><span style=\"font-weight: 400;\">au sein des institutions. <\/span><i><span style=\"font-weight: 400;\">\u201cUn fran\u00e7ais sur sept a entre 18 et 30 ans. En parall\u00e8le, un \u00e9lu municipal sur vingt-cinq appartient \u00e0 cette tranche d\u2019\u00e2ge\u201d<\/span><\/i><span style=\"font-weight: 400;\">, constate le jeune politicien qui affirme souhaiter <\/span><i><span style=\"font-weight: 400;\">\u201cagir contre cette sous-repr\u00e9sentation\u201d<\/span><\/i><span style=\"font-weight: 400;\"> \u00e0 travers son engagement.&nbsp;<\/span><\/p>\n<p><span style=\"font-weight: 400;\">L\u2019association \u201c<\/span><i><span style=\"font-weight: 400;\">travaille en ce moment \u00e0 des propositions sur le vote \u00e0 distance et le projet de loi 4D\u201d, <\/span><\/i><span style=\"font-weight: 400;\">mais son d\u00e9l\u00e9gu\u00e9 r\u00e9gional tient \u00e0 entretenir l\u2019absence d\u2019affiliation partisane officielle. <\/span><i><span style=\"font-weight: 400;\">\u201cJe crois m\u00eame qu\u2019il y a des insoumis, et la personne qui a mont\u00e9 \u00e7a est au PS\u201d<\/span><\/i><span style=\"font-weight: 400;\">, indique celui qui a rejoint En Marche \u00e0 15 ans pour soutenir le candidat Macron aux \u00e9lections pr\u00e9sidentielles. Avec cette neuvi\u00e8me f\u00e9d\u00e9ration r\u00e9gionale, l\u2019AJEF poursuit un d\u00e9veloppement qui devrait s\u2019\u00e9tendre jusqu\u2019\u00e0 la cr\u00e9ation de \u201crelais jeune-\u00e9lu\u201d \u00e0 l\u2019\u00e9chelle d\u00e9partementale. L\u2019AJEF devrait poursuivre son implantation dans la m\u00e9tropole de Lyon, et de jeunes \u00e9lus de Bron ou encore Grigny devraient rejoindre prochainement l&rsquo;association.<\/span><\/p>\n<!-- AddThis Advanced Settings generic via filter on the_content --><!-- AddThis Share Buttons generic via filter on the_content -->","protected":false},"excerpt":{"rendered":"<p>Depuis cet \u00e9t\u00e9, l\u2019association des jeunes \u00e9lus de France (AJEF) se structure et fait ses premiers pas en Auvergne Rh\u00f4ne-Alpes. Lanc\u00e9e d\u00e9but ao\u00fbt par deux &hellip; <!-- AddThis Advanced Settings generic via filter on wp_trim_excerpt --><!-- AddThis Share Buttons generic via filter on wp_trim_excerpt --><\/p>\n","protected":false},"author":1,"featured_media":21537,"comment_status":"open","ping_status":"open","sticky":false,"template":"","format":"standard","meta":{"_FSMCFIC_featured_image_caption":"","_FSMCFIC_featured_image_nocaption":"","_FSMCFIC_featured_image_hide":"","footnotes":""},"categories":[6443,6],"tags":[],"class_list":["post-21534","post","type-post","status-publish","format-standard","has-post-thumbnail","hentry","category-association","category-politique"],"yoast_head":"<!-- This site is optimized with the Yoast SEO plugin v22.8 - https:\/\/yoast.com\/wordpress\/plugins\/seo\/ -->\n<title>Une association pour les jeunes \u00e9lus - Lyon Bondy Blog<\/title>\n<meta name=\"robots\" content=\"index, follow, max-snippet:-1, max-image-preview:large, max-video-preview:-1\" \/>\n<link rel=\"canonical\" href=\"https:\/\/lyonbondyblog.fr\/LBB\/une-association-pour-les-plus-jeunes-elus\/\" \/>\n<meta property=\"og:locale\" content=\"fr_FR\" \/>\n<meta property=\"og:type\" content=\"article\" \/>\n<meta property=\"og:title\" content=\"Une association pour les jeunes \u00e9lus - Lyon Bondy Blog\" \/>\n<meta property=\"og:description\" content=\"Depuis cet \u00e9t\u00e9, l\u2019association des jeunes \u00e9lus de France (AJEF) se structure et fait ses premiers pas en Auvergne Rh\u00f4ne-Alpes. Lanc\u00e9e d\u00e9but ao\u00fbt par deux &hellip;\" \/>\n<meta property=\"og:url\" content=\"https:\/\/lyonbondyblog.fr\/LBB\/une-association-pour-les-plus-jeunes-elus\/\" \/>\n<meta property=\"og:site_name\" content=\"Lyon Bondy Blog\" \/>\n<meta property=\"article:publisher\" content=\"https:\/\/www.facebook.com\/lyonbondyblog\" \/>\n<meta property=\"article:author\" content=\"https:\/\/www.facebook.com\/lyonbondyblog\" \/>\n<meta property=\"article:published_time\" content=\"2020-12-30T16:00:38+00:00\" \/>\n<meta property=\"article:modified_time\" content=\"2020-12-30T16:24:32+00:00\" \/>\n<meta property=\"og:image\" content=\"https:\/\/lyonbondyblog.fr\/LBB\/wp-content\/uploads\/2020\/12\/IMG_20201230_145044.jpg\" \/>\n\t<meta property=\"og:image:width\" content=\"548\" \/>\n\t<meta property=\"og:image:height\" content=\"548\" \/>\n\t<meta property=\"og:image:type\" content=\"image\/jpeg\" \/>\n<meta name=\"author\" content=\"La r\u00e9daction\" \/>\n<meta name=\"twitter:card\" content=\"summary_large_image\" \/>\n<meta name=\"twitter:creator\" content=\"@BondyBlogLyon\" \/>\n<meta name=\"twitter:site\" content=\"@bondybloglyon\" \/>\n<script type=\"application\/ld+json\" class=\"yoast-schema-graph\">{\"@context\":\"https:\/\/schema.org\",\"@graph\":[{\"@type\":\"Article\",\"@id\":\"https:\/\/lyonbondyblog.fr\/LBB\/une-association-pour-les-plus-jeunes-elus\/#article\",\"isPartOf\":{\"@id\":\"https:\/\/lyonbondyblog.fr\/LBB\/une-association-pour-les-plus-jeunes-elus\/\"},\"author\":{\"name\":\"La r\u00e9daction\",\"@id\":\"https:\/\/lyonbondyblog.fr\/LBB\/#\/schema\/person\/e45f8d27baac75072daa0be50c409b25\"},\"headline\":\"Une association pour les jeunes \u00e9lus\",\"datePublished\":\"2020-12-30T16:00:38+00:00\",\"dateModified\":\"2020-12-30T16:24:32+00:00\",\"mainEntityOfPage\":{\"@id\":\"https:\/\/lyonbondyblog.fr\/LBB\/une-association-pour-les-plus-jeunes-elus\/\"},\"wordCount\":298,\"commentCount\":0,\"publisher\":{\"@id\":\"https:\/\/lyonbondyblog.fr\/LBB\/#organization\"},\"image\":{\"@id\":\"https:\/\/lyonbondyblog.fr\/LBB\/une-association-pour-les-plus-jeunes-elus\/#primaryimage\"},\"thumbnailUrl\":\"https:\/\/lyonbondyblog.fr\/LBB\/wp-content\/uploads\/2020\/12\/IMG_20201230_145044.jpg\",\"articleSection\":[\"Association\",\"Politique\"],\"inLanguage\":\"fr-FR\",\"potentialAction\":[{\"@type\":\"CommentAction\",\"name\":\"Comment\",\"target\":[\"https:\/\/lyonbondyblog.fr\/LBB\/une-association-pour-les-plus-jeunes-elus\/#respond\"]}]},{\"@type\":\"WebPage\",\"@id\":\"https:\/\/lyonbondyblog.fr\/LBB\/une-association-pour-les-plus-jeunes-elus\/\",\"url\":\"https:\/\/lyonbondyblog.fr\/LBB\/une-association-pour-les-plus-jeunes-elus\/\",\"name\":\"Une association pour les jeunes \u00e9lus - Lyon Bondy Blog\",\"isPartOf\":{\"@id\":\"https:\/\/lyonbondyblog.fr\/LBB\/#website\"},\"primaryImageOfPage\":{\"@id\":\"https:\/\/lyonbondyblog.fr\/LBB\/une-association-pour-les-plus-jeunes-elus\/#primaryimage\"},\"image\":{\"@id\":\"https:\/\/lyonbondyblog.fr\/LBB\/une-association-pour-les-plus-jeunes-elus\/#primaryimage\"},\"thumbnailUrl\":\"https:\/\/lyonbondyblog.fr\/LBB\/wp-content\/uploads\/2020\/12\/IMG_20201230_145044.jpg\",\"datePublished\":\"2020-12-30T16:00:38+00:00\",\"dateModified\":\"2020-12-30T16:24:32+00:00\",\"inLanguage\":\"fr-FR\",\"potentialAction\":[{\"@type\":\"ReadAction\",\"target\":[\"https:\/\/lyonbondyblog.fr\/LBB\/une-association-pour-les-plus-jeunes-elus\/\"]}]},{\"@type\":\"ImageObject\",\"inLanguage\":\"fr-FR\",\"@id\":\"https:\/\/lyonbondyblog.fr\/LBB\/une-association-pour-les-plus-jeunes-elus\/#primaryimage\",\"url\":\"https:\/\/lyonbondyblog.fr\/LBB\/wp-content\/uploads\/2020\/12\/IMG_20201230_145044.jpg\",\"contentUrl\":\"https:\/\/lyonbondyblog.fr\/LBB\/wp-content\/uploads\/2020\/12\/IMG_20201230_145044.jpg\",\"width\":548,\"height\":548,\"caption\":\"Malo Tricca, \u00e9lu \u00e0 Soucieu-en-Jarrest.\"},{\"@type\":\"WebSite\",\"@id\":\"https:\/\/lyonbondyblog.fr\/LBB\/#website\",\"url\":\"https:\/\/lyonbondyblog.fr\/LBB\/\",\"name\":\"Lyon Bondy Blog\",\"description\":\"\",\"publisher\":{\"@id\":\"https:\/\/lyonbondyblog.fr\/LBB\/#organization\"},\"potentialAction\":[{\"@type\":\"SearchAction\",\"target\":{\"@type\":\"EntryPoint\",\"urlTemplate\":\"https:\/\/lyonbondyblog.fr\/LBB\/?s={search_term_string}\"},\"query-input\":\"required name=search_term_string\"}],\"inLanguage\":\"fr-FR\"},{\"@type\":\"Organization\",\"@id\":\"https:\/\/lyonbondyblog.fr\/LBB\/#organization\",\"name\":\"LYON BONDY BLOG\",\"url\":\"https:\/\/lyonbondyblog.fr\/LBB\/\",\"logo\":{\"@type\":\"ImageObject\",\"inLanguage\":\"fr-FR\",\"@id\":\"https:\/\/lyonbondyblog.fr\/LBB\/#\/schema\/logo\/image\/\",\"url\":\"http:\/\/lyonbondyblog.fr\/LBB\/wp-content\/uploads\/2014\/10\/logo-portable-144.png\",\"contentUrl\":\"http:\/\/lyonbondyblog.fr\/LBB\/wp-content\/uploads\/2014\/10\/logo-portable-144.png\",\"width\":144,\"height\":123,\"caption\":\"LYON BONDY BLOG\"},\"image\":{\"@id\":\"https:\/\/lyonbondyblog.fr\/LBB\/#\/schema\/logo\/image\/\"},\"sameAs\":[\"https:\/\/www.facebook.com\/lyonbondyblog\",\"https:\/\/x.com\/bondybloglyon\"]},{\"@type\":\"Person\",\"@id\":\"https:\/\/lyonbondyblog.fr\/LBB\/#\/schema\/person\/e45f8d27baac75072daa0be50c409b25\",\"name\":\"La r\u00e9daction\",\"description\":\"Cr\u00e9e en 2008, la r\u00e9daction du Lyon Bondy Blog s'applique \u00e0 proposer une information locale diff\u00e9rente et compl\u00e9mentaire des m\u00e9dias traditionnels.\",\"sameAs\":[\"https:\/\/www.facebook.com\/lyonbondyblog\",\"https:\/\/x.com\/BondyBlogLyon\"],\"url\":\"https:\/\/lyonbondyblog.fr\/LBB\/author\/admin\/\"}]}<\/script>\n<!-- \/ Yoast SEO plugin. -->","yoast_head_json":{"title":"Une association pour les jeunes \u00e9lus - Lyon Bondy Blog","robots":{"index":"index","follow":"follow","max-snippet":"max-snippet:-1","max-image-preview":"max-image-preview:large","max-video-preview":"max-video-preview:-1"},"canonical":"https:\/\/lyonbondyblog.fr\/LBB\/une-association-pour-les-plus-jeunes-elus\/","og_locale":"fr_FR","og_type":"article","og_title":"Une association pour les jeunes \u00e9lus - Lyon Bondy Blog","og_description":"Depuis cet \u00e9t\u00e9, l\u2019association des jeunes \u00e9lus de France (AJEF) se structure et fait ses premiers pas en Auvergne Rh\u00f4ne-Alpes. Lanc\u00e9e d\u00e9but ao\u00fbt par deux &hellip;","og_url":"https:\/\/lyonbondyblog.fr\/LBB\/une-association-pour-les-plus-jeunes-elus\/","og_site_name":"Lyon Bondy Blog","article_publisher":"https:\/\/www.facebook.com\/lyonbondyblog","article_author":"https:\/\/www.facebook.com\/lyonbondyblog","article_published_time":"2020-12-30T16:00:38+00:00","article_modified_time":"2020-12-30T16:24:32+00:00","og_image":[{"width":548,"height":548,"url":"https:\/\/lyonbondyblog.fr\/LBB\/wp-content\/uploads\/2020\/12\/IMG_20201230_145044.jpg","type":"image\/jpeg"}],"author":"La r\u00e9daction","twitter_card":"summary_large_image","twitter_creator":"@BondyBlogLyon","twitter_site":"@bondybloglyon","schema":{"@context":"https:\/\/schema.org","@graph":[{"@type":"Article","@id":"https:\/\/lyonbondyblog.fr\/LBB\/une-association-pour-les-plus-jeunes-elus\/#article","isPartOf":{"@id":"https:\/\/lyonbondyblog.fr\/LBB\/une-association-pour-les-plus-jeunes-elus\/"},"author":{"name":"La r\u00e9daction","@id":"https:\/\/lyonbondyblog.fr\/LBB\/#\/schema\/person\/e45f8d27baac75072daa0be50c409b25"},"headline":"Une association pour les jeunes \u00e9lus","datePublished":"2020-12-30T16:00:38+00:00","dateModified":"2020-12-30T16:24:32+00:00","mainEntityOfPage":{"@id":"https:\/\/lyonbondyblog.fr\/LBB\/une-association-pour-les-plus-jeunes-elus\/"},"wordCount":298,"commentCount":0,"publisher":{"@id":"https:\/\/lyonbondyblog.fr\/LBB\/#organization"},"image":{"@id":"https:\/\/lyonbondyblog.fr\/LBB\/une-association-pour-les-plus-jeunes-elus\/#primaryimage"},"thumbnailUrl":"https:\/\/lyonbondyblog.fr\/LBB\/wp-content\/uploads\/2020\/12\/IMG_20201230_145044.jpg","articleSection":["Association","Politique"],"inLanguage":"fr-FR","potentialAction":[{"@type":"CommentAction","name":"Comment","target":["https:\/\/lyonbondyblog.fr\/LBB\/une-association-pour-les-plus-jeunes-elus\/#respond"]}]},{"@type":"WebPage","@id":"https:\/\/lyonbondyblog.fr\/LBB\/une-association-pour-les-plus-jeunes-elus\/","url":"https:\/\/lyonbondyblog.fr\/LBB\/une-association-pour-les-plus-jeunes-elus\/","name":"Une association pour les jeunes \u00e9lus - Lyon Bondy Blog","isPartOf":{"@id":"https:\/\/lyonbondyblog.fr\/LBB\/#website"},"primaryImageOfPage":{"@id":"https:\/\/lyonbondyblog.fr\/LBB\/une-association-pour-les-plus-jeunes-elus\/#primaryimage"},"image":{"@id":"https:\/\/lyonbondyblog.fr\/LBB\/une-association-pour-les-plus-jeunes-elus\/#primaryimage"},"thumbnailUrl":"https:\/\/lyonbondyblog.fr\/LBB\/wp-content\/uploads\/2020\/12\/IMG_20201230_145044.jpg","datePublished":"2020-12-30T16:00:38+00:00","dateModified":"2020-12-30T16:24:32+00:00","inLanguage":"fr-FR","potentialAction":[{"@type":"ReadAction","target":["https:\/\/lyonbondyblog.fr\/LBB\/une-association-pour-les-plus-jeunes-elus\/"]}]},{"@type":"ImageObject","inLanguage":"fr-FR","@id":"https:\/\/lyonbondyblog.fr\/LBB\/une-association-pour-les-plus-jeunes-elus\/#primaryimage","url":"https:\/\/lyonbondyblog.fr\/LBB\/wp-content\/uploads\/2020\/12\/IMG_20201230_145044.jpg","contentUrl":"https:\/\/lyonbondyblog.fr\/LBB\/wp-content\/uploads\/2020\/12\/IMG_20201230_145044.jpg","width":548,"height":548,"caption":"Malo Tricca, \u00e9lu \u00e0 Soucieu-en-Jarrest."},{"@type":"WebSite","@id":"https:\/\/lyonbondyblog.fr\/LBB\/#website","url":"https:\/\/lyonbondyblog.fr\/LBB\/","name":"Lyon Bondy Blog","description":"","publisher":{"@id":"https:\/\/lyonbondyblog.fr\/LBB\/#organization"},"potentialAction":[{"@type":"SearchAction","target":{"@type":"EntryPoint","urlTemplate":"https:\/\/lyonbondyblog.fr\/LBB\/?s={search_term_string}"},"query-input":"required name=search_term_string"}],"inLanguage":"fr-FR"},{"@type":"Organization","@id":"https:\/\/lyonbondyblog.fr\/LBB\/#organization","name":"LYON BONDY BLOG","url":"https:\/\/lyonbondyblog.fr\/LBB\/","logo":{"@type":"ImageObject","inLanguage":"fr-FR","@id":"https:\/\/lyonbondyblog.fr\/LBB\/#\/schema\/logo\/image\/","url":"http:\/\/lyonbondyblog.fr\/LBB\/wp-content\/uploads\/2014\/10\/logo-portable-144.png","contentUrl":"http:\/\/lyonbondyblog.fr\/LBB\/wp-content\/uploads\/2014\/10\/logo-portable-144.png","width":144,"height":123,"caption":"LYON BONDY BLOG"},"image":{"@id":"https:\/\/lyonbondyblog.fr\/LBB\/#\/schema\/logo\/image\/"},"sameAs":["https:\/\/www.facebook.com\/lyonbondyblog","https:\/\/x.com\/bondybloglyon"]},{"@type":"Person","@id":"https:\/\/lyonbondyblog.fr\/LBB\/#\/schema\/person\/e45f8d27baac75072daa0be50c409b25","name":"La r\u00e9daction","description":"Cr\u00e9e en 2008, la r\u00e9daction du Lyon Bondy Blog s'applique \u00e0 proposer une information locale diff\u00e9rente et compl\u00e9mentaire des m\u00e9dias traditionnels.","sameAs":["https:\/\/www.facebook.com\/lyonbondyblog","https:\/\/x.com\/BondyBlogLyon"],"url":"https:\/\/lyonbondyblog.fr\/LBB\/author\/admin\/"}]}},"_links":{"self":[{"href":"https:\/\/lyonbondyblog.fr\/LBB\/wp-json\/wp\/v2\/posts\/21534","targetHints":{"allow":["GET"]}}],"collection":[{"href":"https:\/\/lyonbondyblog.fr\/LBB\/wp-json\/wp\/v2\/posts"}],"about":[{"href":"https:\/\/lyonbondyblog.fr\/LBB\/wp-json\/wp\/v2\/types\/post"}],"author":[{"embeddable":true,"href":"https:\/\/lyonbondyblog.fr\/LBB\/wp-json\/wp\/v2\/users\/1"}],"replies":[{"embeddable":true,"href":"https:\/\/lyonbondyblog.fr\/LBB\/wp-json\/wp\/v2\/comments?post=21534"}],"version-history":[{"count":4,"href":"https:\/\/lyonbondyblog.fr\/LBB\/wp-json\/wp\/v2\/posts\/21534\/revisions"}],"predecessor-version":[{"id":21539,"href":"https:\/\/lyonbondyblog.fr\/LBB\/wp-json\/wp\/v2\/posts\/21534\/revisions\/21539"}],"wp:featuredmedia":[{"embeddable":true,"href":"https:\/\/lyonbondyblog.fr\/LBB\/wp-json\/wp\/v2\/media\/21537"}],"wp:attachment":[{"href":"https:\/\/lyonbondyblog.fr\/LBB\/wp-json\/wp\/v2\/media?parent=21534"}],"wp:term":[{"taxonomy":"category","embeddable":true,"href":"https:\/\/lyonbondyblog.fr\/LBB\/wp-json\/wp\/v2\/categories?post=21534"},{"taxonomy":"post_tag","embeddable":true,"href":"https:\/\/lyonbondyblog.fr\/LBB\/wp-json\/wp\/v2\/tags?post=21534"}],"curies":[{"name":"wp","href":"https:\/\/api.w.org\/{rel}","templated":true}]}}