{"id":21511,"date":"2020-12-22T18:41:20","date_gmt":"2020-12-22T17:41:20","guid":{"rendered":"http:\/\/lyonbondyblog.fr\/LBB\/?p=21511"},"modified":"2020-12-22T18:41:20","modified_gmt":"2020-12-22T17:41:20","slug":"lyon-la-greve-des-livreurs-se-poursuit","status":"publish","type":"post","link":"https:\/\/lyonbondyblog.fr\/LBB\/lyon-la-greve-des-livreurs-se-poursuit\/","title":{"rendered":"Lyon : la gr\u00e8ve des livreurs se poursuit"},"content":{"rendered":"<h4><b>Samedi 19 d\u00e9cembre, la CGT UberEats\/Deliveroo de Lyon a appel\u00e9 \u00e0 un nouveau rassemblement devant le McDonald&rsquo;s de Charpennes, \u00e0 Villeurbanne. Les livreurs encha\u00eenent les mobilisations depuis le 30 octobre pour protester contre leurs conditions de travail.\u00a0<\/b><\/h4>\n<figure id=\"attachment_21513\" aria-describedby=\"caption-attachment-21513\" style=\"width: 546px\" class=\"wp-caption aligncenter\"><img loading=\"lazy\" decoding=\"async\" class=\"wp-image-21513\" src=\"https:\/\/lyonbondyblog.fr\/LBB\/wp-content\/uploads\/2020\/12\/cgt-devant-mcdo-1200x900.jpg\" alt=\"\" width=\"546\" height=\"410\" srcset=\"https:\/\/lyonbondyblog.fr\/LBB\/wp-content\/uploads\/2020\/12\/cgt-devant-mcdo-1200x900.jpg 1200w, https:\/\/lyonbondyblog.fr\/LBB\/wp-content\/uploads\/2020\/12\/cgt-devant-mcdo-768x576.jpg 768w, https:\/\/lyonbondyblog.fr\/LBB\/wp-content\/uploads\/2020\/12\/cgt-devant-mcdo-600x450.jpg 600w, https:\/\/lyonbondyblog.fr\/LBB\/wp-content\/uploads\/2020\/12\/cgt-devant-mcdo.jpg 1440w\" sizes=\"auto, (max-width: 546px) 100vw, 546px\" \/><figcaption id=\"caption-attachment-21513\" class=\"wp-caption-text\"><em>D\u00e9brayage des livreurs devant un restaurant de l&rsquo;enseigne<\/em><\/figcaption><\/figure>\n<p><span style=\"font-weight: 400\">Les confinements successifs auraient-ils contribu\u00e9 \u00e0 visibiliser la cause des livreurs ? Si les livreurs n\u2019ont pas observ\u00e9 de changement significatif au niveau du volume de commande pendant les confinements successifs , Ludovic Rioux en est persuad\u00e9. \u201c<\/span><i><span style=\"font-weight: 400\">Cela a rendu <\/span><\/i><i><span style=\"font-weight: 400\">nos probl\u00e8mes plus visibles aupr\u00e8s de la population. pendant les confinements ou le couvre-feu, on est les seuls \u00e0 \u00eatre dehors<\/span><\/i><span style=\"font-weight: 400\"> !\u201d. Pour le secr\u00e9taire g\u00e9n\u00e9ral du syndicat <\/span><span style=\"font-weight: 400\">CGT UberEats\/Deliveroo Lyon, la crise sanitaire a surtout mis en exergue un certain nombre des difficult\u00e9s habituelles des livreurs :\u00a0 \u201c<\/span><i><span style=\"font-weight: 400\">l<\/span><\/i><i><span style=\"font-weight: 400\">es arr\u00eats maladies sont mal rembours\u00e9s, les conditions de travail n&rsquo;assurent ni sant\u00e9 ni s\u00e9curit\u00e9 en termes de transmission du virus, les travailleurs sans-papier ne b\u00e9n\u00e9ficient d&rsquo;aucune des aides de l&rsquo;Etat\u201d&#8230;\u00a0 <\/span><\/i><span style=\"font-weight: 400\">Autant de dol\u00e9ances qui sont au c\u0153ur des revendications des coursiers depuis plusieurs semaines.<\/span><\/p>\n<p><span style=\"font-weight: 400\">Depuis le 30 octobre, les actions se sont en effet multipli\u00e9es \u00e0 Lyon et rassemblement du 19 d\u00e9cembre \u00e9tait d\u00e9j\u00e0 le sixi\u00e8me cons\u00e9cutif. <\/span><i><span style=\"font-weight: 400\">\u201cCela fait une mobilisation \u00e0 peu pr\u00e8s hebdomadaire, qui nous sert \u00e0 construire le rapport de force en impactant \u00e9conomiquement les plateformes de livraison et leurs plus gros restaurants, qui appartiennent \u00e0 des grosses cha\u00eenes<\/span><\/i><span style=\"font-weight: 400\">\u201d<\/span><i><span style=\"font-weight: 400\">, <\/span><\/i><span style=\"font-weight: 400\">explique Ludovic Rioux. En se postant aux abords de ces restaurants, les livreurs souhaitent l\u2019image des plateformes en cause et les impacter \u00e9conomiquement (en bloquant les sorties de commandes et en d\u00e9courageant la client\u00e8le). Lors de la gr\u00e8ve du 13 d\u00e9cembre, soir du match opposant les \u00e9quipes du PSG et de l\u2019OL, une soixantaine de livreurs s\u2019\u00e9taient ainsi mobilis\u00e9s, bloquant les commandes \u201c<\/span><i><span style=\"font-weight: 400\">dans la moiti\u00e9 des Mcdonald&rsquo;s de Lyon\u201d.<\/span><\/i><\/p>\n<p><span style=\"font-weight: 400\">En cherchant \u00e0 construire ce rapport de force, le syndicat assume son scepticisme vis-\u00e0-vis de l\u2019action de l\u2019Etat, consid\u00e9r\u00e9 \u00e0 la solde des plateformes de livraison. \u201c<\/span><i><span style=\"font-weight: 400\">Le gouvernement mange dans la main des plateformes,<\/span><\/i><span style=\"font-weight: 400\"> analyse le repr\u00e9sentant syndical.<\/span><i><span style=\"font-weight: 400\"> Elles constituent en r\u00e9alit\u00e9 un laboratoire exp\u00e9rimental en termes de droit du travail et de casse des conflits sociaux<\/span><\/i><b>\u201d. <\/b><span style=\"font-weight: 400\">C\u2019est vers la justice que les livreurs ont pr\u00e9f\u00e9r\u00e9 se tourner, <a href=\"https:\/\/www.20minutes.fr\/societe\/2922315-20201202-lyon-salariat-deguise-livreurs-ubereats-deliveroo-entament-combat-judiciaire-contre-plateformes\">en d\u00e9posant six dossiers aux Prud\u2019hommes<\/a>. Si le processus devrait prendre plusieurs mois, Ludovic Rioux se montre plut\u00f4t confiant : \u201c<\/span><i><span style=\"font-weight: 400\">qu&rsquo;on le veuille ou non, les conditions de travail des livreurs sont celles d&rsquo;un travail salari\u00e9. Sauf que les contreparties qui vont avec le salariat en termes de protection pour les travailleurs, aujourd&rsquo;hui on n&rsquo;y a pas acc\u00e8s\u201d.<\/span><\/i><\/p>\n<p><span style=\"font-weight: 400\">Les livreurs ont d\u2019ailleurs quelques motifs d\u2019esp\u00e9rer des concessions de la part des plateformes. Ces derniers jours, leurs <\/span><a href=\"https:\/\/www.lemonde.fr\/economie\/article\/2020\/12\/21\/des-livreurs-de-repas-remettent-le-couvert-de-la-greve_6064080_3234.html\"><span style=\"font-weight: 400\">coll\u00e8gues st\u00e9phanois ont remport\u00e9 une victoire symbolique<\/span><\/a><span style=\"font-weight: 400\"> en obtenant d\u2019UberEats l\u2019augmentation du minimum horaire et le retour de la prime de pluie.\u00a0\u00a0<\/span><\/p>\n<figure id=\"attachment_21512\" aria-describedby=\"caption-attachment-21512\" style=\"width: 460px\" class=\"wp-caption aligncenter\"><img loading=\"lazy\" decoding=\"async\" class=\" wp-image-21512\" src=\"https:\/\/lyonbondyblog.fr\/LBB\/wp-content\/uploads\/2020\/12\/cgt-uber-eats-1200x998.jpg\" alt=\"\" width=\"460\" height=\"383\" srcset=\"https:\/\/lyonbondyblog.fr\/LBB\/wp-content\/uploads\/2020\/12\/cgt-uber-eats-1200x998.jpg 1200w, https:\/\/lyonbondyblog.fr\/LBB\/wp-content\/uploads\/2020\/12\/cgt-uber-eats-768x639.jpg 768w, https:\/\/lyonbondyblog.fr\/LBB\/wp-content\/uploads\/2020\/12\/cgt-uber-eats-600x499.jpg 600w, https:\/\/lyonbondyblog.fr\/LBB\/wp-content\/uploads\/2020\/12\/cgt-uber-eats.jpg 1380w\" sizes=\"auto, (max-width: 460px) 100vw, 460px\" \/><figcaption id=\"caption-attachment-21512\" class=\"wp-caption-text\"><em>Des repr\u00e9sentants syndicaux \u00e0 la marche des sans-papiers, le 18 d\u00e9cembre 2020<\/em><\/figcaption><\/figure>\n<p>&nbsp;<\/p>\n<!-- AddThis Advanced Settings generic via filter on the_content --><!-- AddThis Share Buttons generic via filter on the_content -->","protected":false},"excerpt":{"rendered":"<p>Samedi 19 d\u00e9cembre, la CGT UberEats\/Deliveroo de Lyon a appel\u00e9 \u00e0 un nouveau rassemblement devant le McDonald&rsquo;s de Charpennes, \u00e0 Villeurbanne. Les livreurs encha\u00eenent les &hellip; <!-- AddThis Advanced Settings generic via filter on wp_trim_excerpt --><!-- AddThis Share Buttons generic via filter on wp_trim_excerpt --><\/p>\n","protected":false},"author":27168,"featured_media":21513,"comment_status":"open","ping_status":"open","sticky":false,"template":"","format":"standard","meta":{"_FSMCFIC_featured_image_caption":"","_FSMCFIC_featured_image_nocaption":"","_FSMCFIC_featured_image_hide":"","footnotes":""},"categories":[22673,22686,10403,4],"tags":[],"class_list":["post-21511","post","type-post","status-publish","format-standard","has-post-thumbnail","hentry","category-cgt","category-emploi","category-greve","category-lyon"],"yoast_head":"<!-- This site is optimized with the Yoast SEO plugin v22.8 - https:\/\/yoast.com\/wordpress\/plugins\/seo\/ -->\n<title>Lyon : la gr\u00e8ve des livreurs se poursuit - Lyon Bondy Blog<\/title>\n<meta name=\"robots\" content=\"index, follow, max-snippet:-1, max-image-preview:large, max-video-preview:-1\" \/>\n<link rel=\"canonical\" href=\"https:\/\/lyonbondyblog.fr\/LBB\/lyon-la-greve-des-livreurs-se-poursuit\/\" \/>\n<meta property=\"og:locale\" content=\"fr_FR\" \/>\n<meta property=\"og:type\" content=\"article\" \/>\n<meta property=\"og:title\" content=\"Lyon : la gr\u00e8ve des livreurs se poursuit - Lyon Bondy Blog\" \/>\n<meta property=\"og:description\" content=\"Samedi 19 d\u00e9cembre, la CGT UberEats\/Deliveroo de Lyon a appel\u00e9 \u00e0 un nouveau rassemblement devant le McDonald&rsquo;s de Charpennes, \u00e0 Villeurbanne. Les livreurs encha\u00eenent les &hellip;\" \/>\n<meta property=\"og:url\" content=\"https:\/\/lyonbondyblog.fr\/LBB\/lyon-la-greve-des-livreurs-se-poursuit\/\" \/>\n<meta property=\"og:site_name\" content=\"Lyon Bondy Blog\" \/>\n<meta property=\"article:publisher\" content=\"https:\/\/www.facebook.com\/lyonbondyblog\" \/>\n<meta property=\"article:published_time\" content=\"2020-12-22T17:41:20+00:00\" \/>\n<meta property=\"og:image\" content=\"https:\/\/lyonbondyblog.fr\/LBB\/wp-content\/uploads\/2020\/12\/cgt-devant-mcdo.jpg\" \/>\n\t<meta property=\"og:image:width\" content=\"1440\" \/>\n\t<meta property=\"og:image:height\" content=\"1080\" \/>\n\t<meta property=\"og:image:type\" content=\"image\/jpeg\" \/>\n<meta name=\"author\" content=\"clement Drognat\" \/>\n<meta name=\"twitter:card\" content=\"summary_large_image\" \/>\n<meta name=\"twitter:creator\" content=\"@bondybloglyon\" \/>\n<meta name=\"twitter:site\" content=\"@bondybloglyon\" \/>\n<script type=\"application\/ld+json\" class=\"yoast-schema-graph\">{\"@context\":\"https:\/\/schema.org\",\"@graph\":[{\"@type\":\"Article\",\"@id\":\"https:\/\/lyonbondyblog.fr\/LBB\/lyon-la-greve-des-livreurs-se-poursuit\/#article\",\"isPartOf\":{\"@id\":\"https:\/\/lyonbondyblog.fr\/LBB\/lyon-la-greve-des-livreurs-se-poursuit\/\"},\"author\":{\"name\":\"clement Drognat\",\"@id\":\"https:\/\/lyonbondyblog.fr\/LBB\/#\/schema\/person\/b5fa6aea5756b0a09d40abe87d994760\"},\"headline\":\"Lyon : la gr\u00e8ve des livreurs se poursuit\",\"datePublished\":\"2020-12-22T17:41:20+00:00\",\"dateModified\":\"2020-12-22T17:41:20+00:00\",\"mainEntityOfPage\":{\"@id\":\"https:\/\/lyonbondyblog.fr\/LBB\/lyon-la-greve-des-livreurs-se-poursuit\/\"},\"wordCount\":541,\"commentCount\":0,\"publisher\":{\"@id\":\"https:\/\/lyonbondyblog.fr\/LBB\/#organization\"},\"image\":{\"@id\":\"https:\/\/lyonbondyblog.fr\/LBB\/lyon-la-greve-des-livreurs-se-poursuit\/#primaryimage\"},\"thumbnailUrl\":\"https:\/\/lyonbondyblog.fr\/LBB\/wp-content\/uploads\/2020\/12\/cgt-devant-mcdo.jpg\",\"articleSection\":[\"CGT\",\"Emploi\",\"Gr\u00e8ve\",\"Lyon\"],\"inLanguage\":\"fr-FR\",\"potentialAction\":[{\"@type\":\"CommentAction\",\"name\":\"Comment\",\"target\":[\"https:\/\/lyonbondyblog.fr\/LBB\/lyon-la-greve-des-livreurs-se-poursuit\/#respond\"]}]},{\"@type\":\"WebPage\",\"@id\":\"https:\/\/lyonbondyblog.fr\/LBB\/lyon-la-greve-des-livreurs-se-poursuit\/\",\"url\":\"https:\/\/lyonbondyblog.fr\/LBB\/lyon-la-greve-des-livreurs-se-poursuit\/\",\"name\":\"Lyon : la gr\u00e8ve des livreurs se poursuit - Lyon Bondy Blog\",\"isPartOf\":{\"@id\":\"https:\/\/lyonbondyblog.fr\/LBB\/#website\"},\"primaryImageOfPage\":{\"@id\":\"https:\/\/lyonbondyblog.fr\/LBB\/lyon-la-greve-des-livreurs-se-poursuit\/#primaryimage\"},\"image\":{\"@id\":\"https:\/\/lyonbondyblog.fr\/LBB\/lyon-la-greve-des-livreurs-se-poursuit\/#primaryimage\"},\"thumbnailUrl\":\"https:\/\/lyonbondyblog.fr\/LBB\/wp-content\/uploads\/2020\/12\/cgt-devant-mcdo.jpg\",\"datePublished\":\"2020-12-22T17:41:20+00:00\",\"dateModified\":\"2020-12-22T17:41:20+00:00\",\"inLanguage\":\"fr-FR\",\"potentialAction\":[{\"@type\":\"ReadAction\",\"target\":[\"https:\/\/lyonbondyblog.fr\/LBB\/lyon-la-greve-des-livreurs-se-poursuit\/\"]}]},{\"@type\":\"ImageObject\",\"inLanguage\":\"fr-FR\",\"@id\":\"https:\/\/lyonbondyblog.fr\/LBB\/lyon-la-greve-des-livreurs-se-poursuit\/#primaryimage\",\"url\":\"https:\/\/lyonbondyblog.fr\/LBB\/wp-content\/uploads\/2020\/12\/cgt-devant-mcdo.jpg\",\"contentUrl\":\"https:\/\/lyonbondyblog.fr\/LBB\/wp-content\/uploads\/2020\/12\/cgt-devant-mcdo.jpg\",\"width\":1440,\"height\":1080},{\"@type\":\"WebSite\",\"@id\":\"https:\/\/lyonbondyblog.fr\/LBB\/#website\",\"url\":\"https:\/\/lyonbondyblog.fr\/LBB\/\",\"name\":\"Lyon Bondy Blog\",\"description\":\"\",\"publisher\":{\"@id\":\"https:\/\/lyonbondyblog.fr\/LBB\/#organization\"},\"potentialAction\":[{\"@type\":\"SearchAction\",\"target\":{\"@type\":\"EntryPoint\",\"urlTemplate\":\"https:\/\/lyonbondyblog.fr\/LBB\/?s={search_term_string}\"},\"query-input\":\"required name=search_term_string\"}],\"inLanguage\":\"fr-FR\"},{\"@type\":\"Organization\",\"@id\":\"https:\/\/lyonbondyblog.fr\/LBB\/#organization\",\"name\":\"LYON BONDY BLOG\",\"url\":\"https:\/\/lyonbondyblog.fr\/LBB\/\",\"logo\":{\"@type\":\"ImageObject\",\"inLanguage\":\"fr-FR\",\"@id\":\"https:\/\/lyonbondyblog.fr\/LBB\/#\/schema\/logo\/image\/\",\"url\":\"http:\/\/lyonbondyblog.fr\/LBB\/wp-content\/uploads\/2014\/10\/logo-portable-144.png\",\"contentUrl\":\"http:\/\/lyonbondyblog.fr\/LBB\/wp-content\/uploads\/2014\/10\/logo-portable-144.png\",\"width\":144,\"height\":123,\"caption\":\"LYON BONDY BLOG\"},\"image\":{\"@id\":\"https:\/\/lyonbondyblog.fr\/LBB\/#\/schema\/logo\/image\/\"},\"sameAs\":[\"https:\/\/www.facebook.com\/lyonbondyblog\",\"https:\/\/x.com\/bondybloglyon\"]},{\"@type\":\"Person\",\"@id\":\"https:\/\/lyonbondyblog.fr\/LBB\/#\/schema\/person\/b5fa6aea5756b0a09d40abe87d994760\",\"name\":\"clement Drognat\",\"url\":\"https:\/\/lyonbondyblog.fr\/LBB\/author\/clementdrognat\/\"}]}<\/script>\n<!-- \/ Yoast SEO plugin. -->","yoast_head_json":{"title":"Lyon : la gr\u00e8ve des livreurs se poursuit - Lyon Bondy Blog","robots":{"index":"index","follow":"follow","max-snippet":"max-snippet:-1","max-image-preview":"max-image-preview:large","max-video-preview":"max-video-preview:-1"},"canonical":"https:\/\/lyonbondyblog.fr\/LBB\/lyon-la-greve-des-livreurs-se-poursuit\/","og_locale":"fr_FR","og_type":"article","og_title":"Lyon : la gr\u00e8ve des livreurs se poursuit - Lyon Bondy Blog","og_description":"Samedi 19 d\u00e9cembre, la CGT UberEats\/Deliveroo de Lyon a appel\u00e9 \u00e0 un nouveau rassemblement devant le McDonald&rsquo;s de Charpennes, \u00e0 Villeurbanne. Les livreurs encha\u00eenent les &hellip;","og_url":"https:\/\/lyonbondyblog.fr\/LBB\/lyon-la-greve-des-livreurs-se-poursuit\/","og_site_name":"Lyon Bondy Blog","article_publisher":"https:\/\/www.facebook.com\/lyonbondyblog","article_published_time":"2020-12-22T17:41:20+00:00","og_image":[{"width":1440,"height":1080,"url":"https:\/\/lyonbondyblog.fr\/LBB\/wp-content\/uploads\/2020\/12\/cgt-devant-mcdo.jpg","type":"image\/jpeg"}],"author":"clement Drognat","twitter_card":"summary_large_image","twitter_creator":"@bondybloglyon","twitter_site":"@bondybloglyon","schema":{"@context":"https:\/\/schema.org","@graph":[{"@type":"Article","@id":"https:\/\/lyonbondyblog.fr\/LBB\/lyon-la-greve-des-livreurs-se-poursuit\/#article","isPartOf":{"@id":"https:\/\/lyonbondyblog.fr\/LBB\/lyon-la-greve-des-livreurs-se-poursuit\/"},"author":{"name":"clement Drognat","@id":"https:\/\/lyonbondyblog.fr\/LBB\/#\/schema\/person\/b5fa6aea5756b0a09d40abe87d994760"},"headline":"Lyon : la gr\u00e8ve des livreurs se poursuit","datePublished":"2020-12-22T17:41:20+00:00","dateModified":"2020-12-22T17:41:20+00:00","mainEntityOfPage":{"@id":"https:\/\/lyonbondyblog.fr\/LBB\/lyon-la-greve-des-livreurs-se-poursuit\/"},"wordCount":541,"commentCount":0,"publisher":{"@id":"https:\/\/lyonbondyblog.fr\/LBB\/#organization"},"image":{"@id":"https:\/\/lyonbondyblog.fr\/LBB\/lyon-la-greve-des-livreurs-se-poursuit\/#primaryimage"},"thumbnailUrl":"https:\/\/lyonbondyblog.fr\/LBB\/wp-content\/uploads\/2020\/12\/cgt-devant-mcdo.jpg","articleSection":["CGT","Emploi","Gr\u00e8ve","Lyon"],"inLanguage":"fr-FR","potentialAction":[{"@type":"CommentAction","name":"Comment","target":["https:\/\/lyonbondyblog.fr\/LBB\/lyon-la-greve-des-livreurs-se-poursuit\/#respond"]}]},{"@type":"WebPage","@id":"https:\/\/lyonbondyblog.fr\/LBB\/lyon-la-greve-des-livreurs-se-poursuit\/","url":"https:\/\/lyonbondyblog.fr\/LBB\/lyon-la-greve-des-livreurs-se-poursuit\/","name":"Lyon : la gr\u00e8ve des livreurs se poursuit - Lyon Bondy Blog","isPartOf":{"@id":"https:\/\/lyonbondyblog.fr\/LBB\/#website"},"primaryImageOfPage":{"@id":"https:\/\/lyonbondyblog.fr\/LBB\/lyon-la-greve-des-livreurs-se-poursuit\/#primaryimage"},"image":{"@id":"https:\/\/lyonbondyblog.fr\/LBB\/lyon-la-greve-des-livreurs-se-poursuit\/#primaryimage"},"thumbnailUrl":"https:\/\/lyonbondyblog.fr\/LBB\/wp-content\/uploads\/2020\/12\/cgt-devant-mcdo.jpg","datePublished":"2020-12-22T17:41:20+00:00","dateModified":"2020-12-22T17:41:20+00:00","inLanguage":"fr-FR","potentialAction":[{"@type":"ReadAction","target":["https:\/\/lyonbondyblog.fr\/LBB\/lyon-la-greve-des-livreurs-se-poursuit\/"]}]},{"@type":"ImageObject","inLanguage":"fr-FR","@id":"https:\/\/lyonbondyblog.fr\/LBB\/lyon-la-greve-des-livreurs-se-poursuit\/#primaryimage","url":"https:\/\/lyonbondyblog.fr\/LBB\/wp-content\/uploads\/2020\/12\/cgt-devant-mcdo.jpg","contentUrl":"https:\/\/lyonbondyblog.fr\/LBB\/wp-content\/uploads\/2020\/12\/cgt-devant-mcdo.jpg","width":1440,"height":1080},{"@type":"WebSite","@id":"https:\/\/lyonbondyblog.fr\/LBB\/#website","url":"https:\/\/lyonbondyblog.fr\/LBB\/","name":"Lyon Bondy Blog","description":"","publisher":{"@id":"https:\/\/lyonbondyblog.fr\/LBB\/#organization"},"potentialAction":[{"@type":"SearchAction","target":{"@type":"EntryPoint","urlTemplate":"https:\/\/lyonbondyblog.fr\/LBB\/?s={search_term_string}"},"query-input":"required name=search_term_string"}],"inLanguage":"fr-FR"},{"@type":"Organization","@id":"https:\/\/lyonbondyblog.fr\/LBB\/#organization","name":"LYON BONDY BLOG","url":"https:\/\/lyonbondyblog.fr\/LBB\/","logo":{"@type":"ImageObject","inLanguage":"fr-FR","@id":"https:\/\/lyonbondyblog.fr\/LBB\/#\/schema\/logo\/image\/","url":"http:\/\/lyonbondyblog.fr\/LBB\/wp-content\/uploads\/2014\/10\/logo-portable-144.png","contentUrl":"http:\/\/lyonbondyblog.fr\/LBB\/wp-content\/uploads\/2014\/10\/logo-portable-144.png","width":144,"height":123,"caption":"LYON BONDY BLOG"},"image":{"@id":"https:\/\/lyonbondyblog.fr\/LBB\/#\/schema\/logo\/image\/"},"sameAs":["https:\/\/www.facebook.com\/lyonbondyblog","https:\/\/x.com\/bondybloglyon"]},{"@type":"Person","@id":"https:\/\/lyonbondyblog.fr\/LBB\/#\/schema\/person\/b5fa6aea5756b0a09d40abe87d994760","name":"clement Drognat","url":"https:\/\/lyonbondyblog.fr\/LBB\/author\/clementdrognat\/"}]}},"_links":{"self":[{"href":"https:\/\/lyonbondyblog.fr\/LBB\/wp-json\/wp\/v2\/posts\/21511","targetHints":{"allow":["GET"]}}],"collection":[{"href":"https:\/\/lyonbondyblog.fr\/LBB\/wp-json\/wp\/v2\/posts"}],"about":[{"href":"https:\/\/lyonbondyblog.fr\/LBB\/wp-json\/wp\/v2\/types\/post"}],"author":[{"embeddable":true,"href":"https:\/\/lyonbondyblog.fr\/LBB\/wp-json\/wp\/v2\/users\/27168"}],"replies":[{"embeddable":true,"href":"https:\/\/lyonbondyblog.fr\/LBB\/wp-json\/wp\/v2\/comments?post=21511"}],"version-history":[{"count":1,"href":"https:\/\/lyonbondyblog.fr\/LBB\/wp-json\/wp\/v2\/posts\/21511\/revisions"}],"predecessor-version":[{"id":21514,"href":"https:\/\/lyonbondyblog.fr\/LBB\/wp-json\/wp\/v2\/posts\/21511\/revisions\/21514"}],"wp:featuredmedia":[{"embeddable":true,"href":"https:\/\/lyonbondyblog.fr\/LBB\/wp-json\/wp\/v2\/media\/21513"}],"wp:attachment":[{"href":"https:\/\/lyonbondyblog.fr\/LBB\/wp-json\/wp\/v2\/media?parent=21511"}],"wp:term":[{"taxonomy":"category","embeddable":true,"href":"https:\/\/lyonbondyblog.fr\/LBB\/wp-json\/wp\/v2\/categories?post=21511"},{"taxonomy":"post_tag","embeddable":true,"href":"https:\/\/lyonbondyblog.fr\/LBB\/wp-json\/wp\/v2\/tags?post=21511"}],"curies":[{"name":"wp","href":"https:\/\/api.w.org\/{rel}","templated":true}]}}