{"id":2140,"date":"2011-03-16T14:24:41","date_gmt":"2011-03-16T13:24:41","guid":{"rendered":"http:\/\/lyonbondyblog.fr\/LBB\/?p=2140"},"modified":"2013-07-30T14:28:05","modified_gmt":"2013-07-30T12:28:05","slug":"ca-sert-a-rien-que-je-vienne-au-lycee-si-cest-pour-me-faire-virer-de-cours","status":"publish","type":"post","link":"https:\/\/lyonbondyblog.fr\/LBB\/ca-sert-a-rien-que-je-vienne-au-lycee-si-cest-pour-me-faire-virer-de-cours\/","title":{"rendered":"\u00ab \u00c7a sert \u00e0 rien que je vienne au lyc\u00e9e si c\u2019est pour me faire virer de cours ! \u00bb"},"content":{"rendered":"<p><strong>Mbarka a rencontr\u00e9 deux \u00e9l\u00e8ves de lyc\u00e9e professionnel. L\u2019un d\u2019entre eux, Samuel, se fait souvent mettre \u00e0 la porte de sa classe. T\u00e9moignage.<\/strong><\/p>\n<div><\/div>\n<div>\u00a0<a href=\"https:\/\/lyonbondyblog.fr\/LBB\/wp-content\/uploads\/2013\/07\/tussor10_t.jpg\"><img loading=\"lazy\" decoding=\"async\" class=\"size-full wp-image-2142 alignleft\" alt=\"tussor10_t\" src=\"https:\/\/lyonbondyblog.fr\/LBB\/wp-content\/uploads\/2013\/07\/tussor10_t.jpg\" width=\"193\" height=\"152\" \/><\/a>Samuel fr\u00e9quente un lyc\u00e9e professionnel de l\u2019Est lyonnais. Il se d\u00e9crit lui-m\u00eame comme \u00e9tant un \u00e9l\u00e8ve tranquille, pas agit\u00e9 et ponctuel. \u00a0Certes, il n\u2019est peut-\u00eatre pas un premier de la classe \u00e0 proprement parler mais son ami Hakim, un camarade de classe, \u00a0confirme le caract\u00e8re plut\u00f4t agr\u00e9able de Samuel. Issu d\u2019un coll\u00e8ge sans probl\u00e8mes particuliers, Samuel y a r\u00e9alis\u00e9 une scolarit\u00e9 qu\u2019il qualifie aussi de \u00ab\u00a0tranquille\u00a0\u00bb, adjectif \u00a0tr\u00e8s usit\u00e9 chez les jeunes. Il effectue par la suite une premi\u00e8re ann\u00e9e en lyc\u00e9e g\u00e9n\u00e9ral qui ne s\u2019av\u00e8re pas tr\u00e8s fructueuse. Il prend donc la d\u00e9cision de s\u2019orienter en voie professionnelle supputant que celle-ci soit plus adapt\u00e9e.<\/div>\n<p>Or cette ann\u00e9e, sa deuxi\u00e8me en lyc\u00e9e professionnel, s\u2019av\u00e8re \u00eatre compliqu\u00e9e pour lui. La raison de tout ceci\u00a0? Samuel passe le plus clair de son temps \u00e0 \u00eatre exclu de cours. \u00ab<i>\u00a0\u00c7a me fane\u00a0!\u00a0\u00bb, <\/i>l\u00e2che-t-il d\u2019un ton exasp\u00e9r\u00e9. D\u00e9j\u00e0, avant que je ne rencontre Samuel, Hakim m\u2019en parlait en ces termes\u00a0: <i>\u00ab\u00a0Y\u2019a un \u00e9l\u00e8ve dans ma classe, il arr\u00eate pas de se faire virer de cours. C\u2019est abus\u00e9\u00a0!\u00a0\u00bb.<\/i><\/p>\n<p>Samuel a la nette impression que l\u2019un de ses professeurs qu\u2019il a depuis l\u2019ann\u00e9e derni\u00e8re \u00a0l\u2019a pris en grippe. D\u2019ailleurs, cet avis est partag\u00e9 par l\u2019ensemble de sa classe. Il raconte\u00a0: <i>\u00ab\u00a0 Au d\u00e9but, \u00e7a allait bien. Tranquille. Et puis d\u2019un coup, tout \u00e0 chang\u00e9. Les profs ont commenc\u00e9 \u00e0 beaucoup parler de moi. Ils faisaient des r\u00e9unions \u00e0 mon sujet\u2026\u00a0\u00bb.<\/i> Lorsque je lui demande ce qu\u2019on lui reproche au juste, sa r\u00e9ponse est quelque peu curieuse\u00a0: <i>\u00ab\u00a0Samuel sourit tout le temps, Samuel est un arnaqueur\u00a0et un manipulateur\u00a0: il sourit aux professeurs pour avoir des bonnes notes\u00a0\u00bb.<\/i><\/p>\n<p>Une telle r\u00e9ponse force le scepticisme et justifie une d\u00e9sagr\u00e9able insistance de ma part aupr\u00e8s du lyc\u00e9en\u00a0: <i>\u00ab\u00a0Tu r\u00e9ponds aux profs\u00a0? Tu leur manques de respect\u00a0? T\u2019es insolent\u00a0? Absent\u00e9iste\u00a0? Tu mets le bazar en cours\u00a0?\u00a0\u00bb.<\/i> Toutes les r\u00e9ponses \u00e0 mes questions se font par la n\u00e9gative. M\u00eame apr\u00e8s un dernier <i>\u00ab\u00a0T\u2019es s\u00fbr\u00a0?\u00a0\u00bb<\/i> inquisiteur. Hakim abonde par ailleurs dans son sens avec insistance.\u00a0\u00a0\u00a0\u00a0\u00a0\u00a0\u00a0 Samuel a clairement l\u2019impression que c\u2019est sa personnalit\u00e9 ou sa fa\u00e7on d\u2019\u00eatre qui d\u00e9range, plus que de r\u00e9els manquements \u00e0 son comportement.<\/p>\n<p>Le lyc\u00e9en pointe du doigt un professeur en particulier. Selon lui, il lui demande souvent \u00ab\u00a0d\u2019arr\u00eater de parler\u00a0\u00bb alors qu\u2019il aurait carr\u00e9ment renonc\u00e9 \u00e0 s\u2019exprimer durant ses cours. Les raisons qui motivent les mises \u00e0 la porte de cet \u00e9l\u00e8ve ne sont pas toujours explicit\u00e9es\u00a0: <i>\u00ab\u00a0 Mon prof dit que je parle alors que je ne dis rien\u2026A force de me faire engueuler et virer de cours je ne pose m\u00eame plus de questions, je participe plus \u00e0 ses cours. J\u2019ai m\u00eame pas les m\u00eames droits que les autres\u00a0\u00bb.<\/i> La crainte de s\u2019attirer les foudres de son professeur incite donc Samuel \u00e0 une certaine passivit\u00e9 en cours et quand il essaie tout de m\u00eame, il s\u2019entend r\u00e9pondre\u00a0: <i>\u00ab\u00a0Samuel, c\u2019est bon\u2026tu comprendras l\u2019ann\u00e9e prochaine\u00a0\u00bb\u2026<\/p>\n<p><a href=\"https:\/\/lyonbondyblog.fr\/LBB\/wp-content\/uploads\/2013\/07\/eleve_bavardage_silence_t.gif\"><img loading=\"lazy\" decoding=\"async\" width=\"194\" height=\"172\" class=\"aligncenter size-full wp-image-2143\" alt=\"eleve_bavardage_silence_t\" src=\"https:\/\/lyonbondyblog.fr\/LBB\/wp-content\/uploads\/2013\/07\/eleve_bavardage_silence_t.gif\" \/><\/a><br \/>\n<\/i><\/p>\n<p>&nbsp;<\/p>\n<p>La fr\u00e9quence des exclusions de cours que subit Samuel a de quoi interpeller. Hakim t\u00e9moigne que parfois ce professeur va m\u00eame jusqu\u2019\u00e0 intervenir durant les cours de ses coll\u00e8gues pour venir en extraire Samuel\u00a0: <i>\u00ab\u00a0Des fois ce prof entre dans le cours de Mme X, qui n\u2019a rien \u00e0 voir avec son propre cours, il vire Samuel de la classe de Mme X \u00a0et\u00a0 il retourne \u00e0 ses occupations. Comme \u00e7a<\/i>. <i>On sait m\u00eame pas pourquoi\u00a0\u00bb.<\/i> Quand je lui demande si Mme X r\u00e9agit \u00e0 cela sa r\u00e9ponse est assez r\u00e9v\u00e9latrice\u00a0: <i>\u00ab\u00a0Nan, elle s\u2019en fout, c\u2019est une stagiaire elle\u00a0\u00bb.<\/i> L\u2019anciennet\u00e9 semble autoriser certaines choses.\u00a0\u00a0 Il arrive aux \u00e9l\u00e8ves de la classe de protester, quasiment \u00e0 chaque fois. Cependant, ils sont vite limit\u00e9s par les menaces de retomb\u00e9es sur eux\u00a0: <i>\u00ab\u00a0 Si tu ne veux pas le suivre toi aussi \u2026\u00bb.<\/i><\/p>\n<p>Les \u00e9changes avec Samuel r\u00e9v\u00e8lent essentiellement que se sont d\u2019\u00e9ventuels bavardages qui motivent ses exclusions \u00e0 r\u00e9p\u00e9titions. Le reste \u00e9tant laiss\u00e9 \u00e0 la seule appr\u00e9ciation du professeur avec lequel il y a conflit\u00a0<i>: \u00ab\u00a0Une fois, sur 55 minutes de cours, j\u2019ai bavard\u00e9 un peu avant la sonnerie et je me suis fait exclure de cours\u00a0\u00bb.<\/i> Hakim pense que ce professeur \u00ab\u00a0cherche la petite b\u00eate\u00a0\u00bb\u00a0: <i>\u00ab\u00a0M\u00eame quand il fait rien, on a l\u2019impression que le moindre petit truc va \u00eatre l\u2019occasion de le mettre dehors\u00a0\u00bb<\/i>.\u00a0 Le proviseur a pu constater que les rapports d\u2019incident n\u2019\u00e9manaient, pour la majorit\u00e9, que d\u2019un seul professeur. <i>\u00ab\u00a0Mon prof voulait demander trois jours d\u2019exclusion de l\u2019\u00e9tablissement pour moi. Le proviseur a refus\u00e9\u00a0\u00bb.<\/i><\/p>\n<p>Les cons\u00e9quences sur la scolarit\u00e9 de Samuel se font lourdement sentir. L\u2019ann\u00e9e derni\u00e8re il \u00a0avait su maintenir un niveau correct dans la mati\u00e8re de ce professeur. Cette ann\u00e9e, ses notes sont en chute libre\u00a0: <i>\u00ab\u00a0Au dernier contr\u00f4le, il m\u2019a mis moins 2 parce que je lui avais dit que je ne comprenais rien \u00e0 l\u2019interro\u00a0\u00bb.<\/i> Moins deux points \u00e0 un contr\u00f4le o\u00f9 il a eu 4 sur 20\u2026Selon Samuel, le quotidien avec ce professeur est une catastrophe\u00a0: <i>\u00ab\u00a0C\u2019est hardcore\u00a0\u00bb<\/i> souligne-t-il.<\/p>\n<p>Il y a aussi la mani\u00e8re dont les choses sont faites qui indisposent Samuel. L\u2019exclusion se fait par un <i>\u00ab\u00a0D\u00e9gage\u00a0!\u00a0\u00bb<\/i> totalement inappropri\u00e9 dans la bouche d\u2019un professeur. L\u2019\u00e9vocation de cet \u00e9cart de langage rappelle \u00e0 Hakim qu\u2019un jour, ce m\u00eame professeur a adress\u00e9 un \u00e9l\u00e9gant <i>\u00ab\u00a0Ferme ta gueule\u00a0\u00bb<\/i> \u00e0 Samuel\u2026<\/p>\n<p>Le lyc\u00e9en se sent stigmatis\u00e9 et a le sentiment de faire l\u2019objet d\u2019un traitement particulier\u00a0: <i>\u00ab\u00a0Il n\u2019y a qu\u2019avec moi qu\u2019il se comporte comme \u00e7a\u00a0\u00bb<\/i>. Chez lui, le sentiment d\u2019injustice est tr\u00e8s fort et provoque une r\u00e9elle d\u00e9motivation scolaire\u00a0: <i>\u00ab\u00a0\u00c7a sert \u00e0 rien que je vienne en cours si c\u2019est pour me faire virer \u00e0 chaque fois\u00a0!<\/i>\u00a0\u00bb. Le lyc\u00e9en n\u2019a pas vraiment tort puisqu\u2019on arrive au final \u00e0 une situation absurde ou l\u2019\u00e9l\u00e8ve passe le plus clair de son temps hors de la salle de classe. Samuel \u00e9voque m\u00eame la possibilit\u00e9 de changer de lyc\u00e9e car effectivement, d\u2019une ann\u00e9e sur l\u2019autre, selon les mati\u00e8res, les \u00e9l\u00e8ves r\u00e9cup\u00e8rent les m\u00eames professeurs de sorte que si l\u2019un se braque sur un \u00e9l\u00e8ve, ce dernier a peu de chance de se refaire une virginit\u00e9.<\/p>\n<p>Le cas de Samuel am\u00e8ne \u00e0 s\u2019interroger sur les conditions qui justifient une exclusion de cours. Selon Eduscol, le site du Minist\u00e8re de l\u2019Education Nationale destin\u00e9 aux personnels de l\u2019Education,\u00a0 l\u2019exclusion de cours doit \u00eatre <i>\u00ab\u00a0justifi\u00e9e par un comportement inadapt\u00e9 au bon d\u00e9roulement d&rsquo;un cours\u00a0<\/i>\u00bb et \u00a0<i>\u00ab\u00a0l&rsquo;exclusion ponctuelle doit demeurer exceptionnelle\u00a0\u00bb<\/i>. Reste \u00e0 d\u00e9finir ce qu\u2019est un comportement inadapt\u00e9 car il peut varier d\u2019un enseignant \u00e0 l\u2019autre\u2026<\/p>\n<p>&nbsp;<\/p>\n<p>Le th\u00e8me de l\u2019exclusion de cours sera discut\u00e9 dans l\u2019\u00e9mission <b><i>\u00ab\u00a0Sauv\u00e9s par le gong\u00a0\u00bb<\/i><\/b> jeudi 17 mars de 19h \u00e0 20h \u00a0sur Radio Trait d\u2019Union (89.8 FM). L\u2019\u00e9coute est \u00e9galement disponible sur le web grace \u00e0 un mini player pr\u00e9sent sur le <a href=\"http:\/\/www.rtufm.com\/\">www.rtufm.com<\/a>.<\/p>\n<p><span style=\"text-decoration: underline;\">Auteur : Mbarka Ben Haj Mohamed<\/span><\/p>\n<!-- AddThis Advanced Settings generic via filter on the_content --><!-- AddThis Share Buttons generic via filter on the_content -->","protected":false},"excerpt":{"rendered":"<p>Mbarka a rencontr\u00e9 deux \u00e9l\u00e8ves de lyc\u00e9e professionnel. L\u2019un d\u2019entre eux, Samuel, se fait souvent mettre \u00e0 la porte de sa classe. T\u00e9moignage. \u00a0Samuel fr\u00e9quente &hellip; <!-- AddThis Advanced Settings generic via filter on wp_trim_excerpt --><!-- AddThis Share Buttons generic via filter on wp_trim_excerpt --><\/p>\n","protected":false},"author":1,"featured_media":2142,"comment_status":"open","ping_status":"open","sticky":false,"template":"","format":"standard","meta":{"_FSMCFIC_featured_image_caption":"","_FSMCFIC_featured_image_nocaption":"","_FSMCFIC_featured_image_hide":"","footnotes":""},"categories":[4,2],"tags":[10,112],"class_list":["post-2140","post","type-post","status-publish","format-standard","has-post-thumbnail","hentry","category-lyon","category-societe","tag-lyon-2","tag-lyon-bondy-blog"],"yoast_head":"<!-- This site is optimized with the Yoast SEO plugin v22.8 - https:\/\/yoast.com\/wordpress\/plugins\/seo\/ -->\n<title>\u00ab \u00c7a sert \u00e0 rien que je vienne au lyc\u00e9e si c\u2019est pour me faire virer de cours ! \u00bb - Lyon Bondy Blog<\/title>\n<meta name=\"robots\" content=\"index, follow, max-snippet:-1, max-image-preview:large, max-video-preview:-1\" \/>\n<link rel=\"canonical\" href=\"https:\/\/lyonbondyblog.fr\/LBB\/ca-sert-a-rien-que-je-vienne-au-lycee-si-cest-pour-me-faire-virer-de-cours\/\" \/>\n<meta property=\"og:locale\" content=\"fr_FR\" \/>\n<meta property=\"og:type\" content=\"article\" \/>\n<meta property=\"og:title\" content=\"\u00ab \u00c7a sert \u00e0 rien que je vienne au lyc\u00e9e si c\u2019est pour me faire virer de cours ! \u00bb - Lyon Bondy Blog\" \/>\n<meta property=\"og:description\" content=\"Mbarka a rencontr\u00e9 deux \u00e9l\u00e8ves de lyc\u00e9e professionnel. L\u2019un d\u2019entre eux, Samuel, se fait souvent mettre \u00e0 la porte de sa classe. T\u00e9moignage. \u00a0Samuel fr\u00e9quente &hellip;\" \/>\n<meta property=\"og:url\" content=\"https:\/\/lyonbondyblog.fr\/LBB\/ca-sert-a-rien-que-je-vienne-au-lycee-si-cest-pour-me-faire-virer-de-cours\/\" \/>\n<meta property=\"og:site_name\" content=\"Lyon Bondy Blog\" \/>\n<meta property=\"article:publisher\" content=\"https:\/\/www.facebook.com\/lyonbondyblog\" \/>\n<meta property=\"article:author\" content=\"https:\/\/www.facebook.com\/lyonbondyblog\" \/>\n<meta property=\"article:published_time\" content=\"2011-03-16T13:24:41+00:00\" \/>\n<meta property=\"article:modified_time\" content=\"2013-07-30T12:28:05+00:00\" \/>\n<meta property=\"og:image\" content=\"https:\/\/lyonbondyblog.fr\/LBB\/wp-content\/uploads\/2013\/07\/tussor10_t.jpg\" \/>\n\t<meta property=\"og:image:width\" content=\"193\" \/>\n\t<meta property=\"og:image:height\" content=\"152\" \/>\n\t<meta property=\"og:image:type\" content=\"image\/jpeg\" \/>\n<meta name=\"author\" content=\"La r\u00e9daction\" \/>\n<meta name=\"twitter:card\" content=\"summary_large_image\" \/>\n<meta name=\"twitter:creator\" content=\"@BondyBlogLyon\" \/>\n<meta name=\"twitter:site\" content=\"@bondybloglyon\" \/>\n<script type=\"application\/ld+json\" class=\"yoast-schema-graph\">{\"@context\":\"https:\/\/schema.org\",\"@graph\":[{\"@type\":\"Article\",\"@id\":\"https:\/\/lyonbondyblog.fr\/LBB\/ca-sert-a-rien-que-je-vienne-au-lycee-si-cest-pour-me-faire-virer-de-cours\/#article\",\"isPartOf\":{\"@id\":\"https:\/\/lyonbondyblog.fr\/LBB\/ca-sert-a-rien-que-je-vienne-au-lycee-si-cest-pour-me-faire-virer-de-cours\/\"},\"author\":{\"name\":\"La r\u00e9daction\",\"@id\":\"https:\/\/lyonbondyblog.fr\/LBB\/#\/schema\/person\/e45f8d27baac75072daa0be50c409b25\"},\"headline\":\"\u00ab \u00c7a sert \u00e0 rien que je vienne au lyc\u00e9e si c\u2019est pour me faire virer de cours ! \u00bb\",\"datePublished\":\"2011-03-16T13:24:41+00:00\",\"dateModified\":\"2013-07-30T12:28:05+00:00\",\"mainEntityOfPage\":{\"@id\":\"https:\/\/lyonbondyblog.fr\/LBB\/ca-sert-a-rien-que-je-vienne-au-lycee-si-cest-pour-me-faire-virer-de-cours\/\"},\"wordCount\":1316,\"commentCount\":0,\"publisher\":{\"@id\":\"https:\/\/lyonbondyblog.fr\/LBB\/#organization\"},\"image\":{\"@id\":\"https:\/\/lyonbondyblog.fr\/LBB\/ca-sert-a-rien-que-je-vienne-au-lycee-si-cest-pour-me-faire-virer-de-cours\/#primaryimage\"},\"thumbnailUrl\":\"https:\/\/lyonbondyblog.fr\/LBB\/wp-content\/uploads\/2013\/07\/tussor10_t.jpg\",\"keywords\":[\"lyon\",\"Lyon Bondy Blog\"],\"articleSection\":[\"Lyon\",\"Soci\u00e9t\u00e9\"],\"inLanguage\":\"fr-FR\",\"potentialAction\":[{\"@type\":\"CommentAction\",\"name\":\"Comment\",\"target\":[\"https:\/\/lyonbondyblog.fr\/LBB\/ca-sert-a-rien-que-je-vienne-au-lycee-si-cest-pour-me-faire-virer-de-cours\/#respond\"]}]},{\"@type\":\"WebPage\",\"@id\":\"https:\/\/lyonbondyblog.fr\/LBB\/ca-sert-a-rien-que-je-vienne-au-lycee-si-cest-pour-me-faire-virer-de-cours\/\",\"url\":\"https:\/\/lyonbondyblog.fr\/LBB\/ca-sert-a-rien-que-je-vienne-au-lycee-si-cest-pour-me-faire-virer-de-cours\/\",\"name\":\"\u00ab \u00c7a sert \u00e0 rien que je vienne au lyc\u00e9e si c\u2019est pour me faire virer de cours ! \u00bb - Lyon Bondy Blog\",\"isPartOf\":{\"@id\":\"https:\/\/lyonbondyblog.fr\/LBB\/#website\"},\"primaryImageOfPage\":{\"@id\":\"https:\/\/lyonbondyblog.fr\/LBB\/ca-sert-a-rien-que-je-vienne-au-lycee-si-cest-pour-me-faire-virer-de-cours\/#primaryimage\"},\"image\":{\"@id\":\"https:\/\/lyonbondyblog.fr\/LBB\/ca-sert-a-rien-que-je-vienne-au-lycee-si-cest-pour-me-faire-virer-de-cours\/#primaryimage\"},\"thumbnailUrl\":\"https:\/\/lyonbondyblog.fr\/LBB\/wp-content\/uploads\/2013\/07\/tussor10_t.jpg\",\"datePublished\":\"2011-03-16T13:24:41+00:00\",\"dateModified\":\"2013-07-30T12:28:05+00:00\",\"inLanguage\":\"fr-FR\",\"potentialAction\":[{\"@type\":\"ReadAction\",\"target\":[\"https:\/\/lyonbondyblog.fr\/LBB\/ca-sert-a-rien-que-je-vienne-au-lycee-si-cest-pour-me-faire-virer-de-cours\/\"]}]},{\"@type\":\"ImageObject\",\"inLanguage\":\"fr-FR\",\"@id\":\"https:\/\/lyonbondyblog.fr\/LBB\/ca-sert-a-rien-que-je-vienne-au-lycee-si-cest-pour-me-faire-virer-de-cours\/#primaryimage\",\"url\":\"https:\/\/lyonbondyblog.fr\/LBB\/wp-content\/uploads\/2013\/07\/tussor10_t.jpg\",\"contentUrl\":\"https:\/\/lyonbondyblog.fr\/LBB\/wp-content\/uploads\/2013\/07\/tussor10_t.jpg\",\"width\":193,\"height\":152},{\"@type\":\"WebSite\",\"@id\":\"https:\/\/lyonbondyblog.fr\/LBB\/#website\",\"url\":\"https:\/\/lyonbondyblog.fr\/LBB\/\",\"name\":\"Lyon Bondy Blog\",\"description\":\"\",\"publisher\":{\"@id\":\"https:\/\/lyonbondyblog.fr\/LBB\/#organization\"},\"potentialAction\":[{\"@type\":\"SearchAction\",\"target\":{\"@type\":\"EntryPoint\",\"urlTemplate\":\"https:\/\/lyonbondyblog.fr\/LBB\/?s={search_term_string}\"},\"query-input\":\"required name=search_term_string\"}],\"inLanguage\":\"fr-FR\"},{\"@type\":\"Organization\",\"@id\":\"https:\/\/lyonbondyblog.fr\/LBB\/#organization\",\"name\":\"LYON BONDY BLOG\",\"url\":\"https:\/\/lyonbondyblog.fr\/LBB\/\",\"logo\":{\"@type\":\"ImageObject\",\"inLanguage\":\"fr-FR\",\"@id\":\"https:\/\/lyonbondyblog.fr\/LBB\/#\/schema\/logo\/image\/\",\"url\":\"http:\/\/lyonbondyblog.fr\/LBB\/wp-content\/uploads\/2014\/10\/logo-portable-144.png\",\"contentUrl\":\"http:\/\/lyonbondyblog.fr\/LBB\/wp-content\/uploads\/2014\/10\/logo-portable-144.png\",\"width\":144,\"height\":123,\"caption\":\"LYON BONDY BLOG\"},\"image\":{\"@id\":\"https:\/\/lyonbondyblog.fr\/LBB\/#\/schema\/logo\/image\/\"},\"sameAs\":[\"https:\/\/www.facebook.com\/lyonbondyblog\",\"https:\/\/x.com\/bondybloglyon\"]},{\"@type\":\"Person\",\"@id\":\"https:\/\/lyonbondyblog.fr\/LBB\/#\/schema\/person\/e45f8d27baac75072daa0be50c409b25\",\"name\":\"La r\u00e9daction\",\"description\":\"Cr\u00e9e en 2008, la r\u00e9daction du Lyon Bondy Blog s'applique \u00e0 proposer une information locale diff\u00e9rente et compl\u00e9mentaire des m\u00e9dias traditionnels.\",\"sameAs\":[\"https:\/\/www.facebook.com\/lyonbondyblog\",\"https:\/\/x.com\/BondyBlogLyon\"],\"url\":\"https:\/\/lyonbondyblog.fr\/LBB\/author\/admin\/\"}]}<\/script>\n<!-- \/ Yoast SEO plugin. -->","yoast_head_json":{"title":"\u00ab \u00c7a sert \u00e0 rien que je vienne au lyc\u00e9e si c\u2019est pour me faire virer de cours ! \u00bb - Lyon Bondy Blog","robots":{"index":"index","follow":"follow","max-snippet":"max-snippet:-1","max-image-preview":"max-image-preview:large","max-video-preview":"max-video-preview:-1"},"canonical":"https:\/\/lyonbondyblog.fr\/LBB\/ca-sert-a-rien-que-je-vienne-au-lycee-si-cest-pour-me-faire-virer-de-cours\/","og_locale":"fr_FR","og_type":"article","og_title":"\u00ab \u00c7a sert \u00e0 rien que je vienne au lyc\u00e9e si c\u2019est pour me faire virer de cours ! \u00bb - Lyon Bondy Blog","og_description":"Mbarka a rencontr\u00e9 deux \u00e9l\u00e8ves de lyc\u00e9e professionnel. L\u2019un d\u2019entre eux, Samuel, se fait souvent mettre \u00e0 la porte de sa classe. T\u00e9moignage. \u00a0Samuel fr\u00e9quente &hellip;","og_url":"https:\/\/lyonbondyblog.fr\/LBB\/ca-sert-a-rien-que-je-vienne-au-lycee-si-cest-pour-me-faire-virer-de-cours\/","og_site_name":"Lyon Bondy Blog","article_publisher":"https:\/\/www.facebook.com\/lyonbondyblog","article_author":"https:\/\/www.facebook.com\/lyonbondyblog","article_published_time":"2011-03-16T13:24:41+00:00","article_modified_time":"2013-07-30T12:28:05+00:00","og_image":[{"width":193,"height":152,"url":"https:\/\/lyonbondyblog.fr\/LBB\/wp-content\/uploads\/2013\/07\/tussor10_t.jpg","type":"image\/jpeg"}],"author":"La r\u00e9daction","twitter_card":"summary_large_image","twitter_creator":"@BondyBlogLyon","twitter_site":"@bondybloglyon","schema":{"@context":"https:\/\/schema.org","@graph":[{"@type":"Article","@id":"https:\/\/lyonbondyblog.fr\/LBB\/ca-sert-a-rien-que-je-vienne-au-lycee-si-cest-pour-me-faire-virer-de-cours\/#article","isPartOf":{"@id":"https:\/\/lyonbondyblog.fr\/LBB\/ca-sert-a-rien-que-je-vienne-au-lycee-si-cest-pour-me-faire-virer-de-cours\/"},"author":{"name":"La r\u00e9daction","@id":"https:\/\/lyonbondyblog.fr\/LBB\/#\/schema\/person\/e45f8d27baac75072daa0be50c409b25"},"headline":"\u00ab \u00c7a sert \u00e0 rien que je vienne au lyc\u00e9e si c\u2019est pour me faire virer de cours ! \u00bb","datePublished":"2011-03-16T13:24:41+00:00","dateModified":"2013-07-30T12:28:05+00:00","mainEntityOfPage":{"@id":"https:\/\/lyonbondyblog.fr\/LBB\/ca-sert-a-rien-que-je-vienne-au-lycee-si-cest-pour-me-faire-virer-de-cours\/"},"wordCount":1316,"commentCount":0,"publisher":{"@id":"https:\/\/lyonbondyblog.fr\/LBB\/#organization"},"image":{"@id":"https:\/\/lyonbondyblog.fr\/LBB\/ca-sert-a-rien-que-je-vienne-au-lycee-si-cest-pour-me-faire-virer-de-cours\/#primaryimage"},"thumbnailUrl":"https:\/\/lyonbondyblog.fr\/LBB\/wp-content\/uploads\/2013\/07\/tussor10_t.jpg","keywords":["lyon","Lyon Bondy Blog"],"articleSection":["Lyon","Soci\u00e9t\u00e9"],"inLanguage":"fr-FR","potentialAction":[{"@type":"CommentAction","name":"Comment","target":["https:\/\/lyonbondyblog.fr\/LBB\/ca-sert-a-rien-que-je-vienne-au-lycee-si-cest-pour-me-faire-virer-de-cours\/#respond"]}]},{"@type":"WebPage","@id":"https:\/\/lyonbondyblog.fr\/LBB\/ca-sert-a-rien-que-je-vienne-au-lycee-si-cest-pour-me-faire-virer-de-cours\/","url":"https:\/\/lyonbondyblog.fr\/LBB\/ca-sert-a-rien-que-je-vienne-au-lycee-si-cest-pour-me-faire-virer-de-cours\/","name":"\u00ab \u00c7a sert \u00e0 rien que je vienne au lyc\u00e9e si c\u2019est pour me faire virer de cours ! \u00bb - Lyon Bondy Blog","isPartOf":{"@id":"https:\/\/lyonbondyblog.fr\/LBB\/#website"},"primaryImageOfPage":{"@id":"https:\/\/lyonbondyblog.fr\/LBB\/ca-sert-a-rien-que-je-vienne-au-lycee-si-cest-pour-me-faire-virer-de-cours\/#primaryimage"},"image":{"@id":"https:\/\/lyonbondyblog.fr\/LBB\/ca-sert-a-rien-que-je-vienne-au-lycee-si-cest-pour-me-faire-virer-de-cours\/#primaryimage"},"thumbnailUrl":"https:\/\/lyonbondyblog.fr\/LBB\/wp-content\/uploads\/2013\/07\/tussor10_t.jpg","datePublished":"2011-03-16T13:24:41+00:00","dateModified":"2013-07-30T12:28:05+00:00","inLanguage":"fr-FR","potentialAction":[{"@type":"ReadAction","target":["https:\/\/lyonbondyblog.fr\/LBB\/ca-sert-a-rien-que-je-vienne-au-lycee-si-cest-pour-me-faire-virer-de-cours\/"]}]},{"@type":"ImageObject","inLanguage":"fr-FR","@id":"https:\/\/lyonbondyblog.fr\/LBB\/ca-sert-a-rien-que-je-vienne-au-lycee-si-cest-pour-me-faire-virer-de-cours\/#primaryimage","url":"https:\/\/lyonbondyblog.fr\/LBB\/wp-content\/uploads\/2013\/07\/tussor10_t.jpg","contentUrl":"https:\/\/lyonbondyblog.fr\/LBB\/wp-content\/uploads\/2013\/07\/tussor10_t.jpg","width":193,"height":152},{"@type":"WebSite","@id":"https:\/\/lyonbondyblog.fr\/LBB\/#website","url":"https:\/\/lyonbondyblog.fr\/LBB\/","name":"Lyon Bondy Blog","description":"","publisher":{"@id":"https:\/\/lyonbondyblog.fr\/LBB\/#organization"},"potentialAction":[{"@type":"SearchAction","target":{"@type":"EntryPoint","urlTemplate":"https:\/\/lyonbondyblog.fr\/LBB\/?s={search_term_string}"},"query-input":"required name=search_term_string"}],"inLanguage":"fr-FR"},{"@type":"Organization","@id":"https:\/\/lyonbondyblog.fr\/LBB\/#organization","name":"LYON BONDY BLOG","url":"https:\/\/lyonbondyblog.fr\/LBB\/","logo":{"@type":"ImageObject","inLanguage":"fr-FR","@id":"https:\/\/lyonbondyblog.fr\/LBB\/#\/schema\/logo\/image\/","url":"http:\/\/lyonbondyblog.fr\/LBB\/wp-content\/uploads\/2014\/10\/logo-portable-144.png","contentUrl":"http:\/\/lyonbondyblog.fr\/LBB\/wp-content\/uploads\/2014\/10\/logo-portable-144.png","width":144,"height":123,"caption":"LYON BONDY BLOG"},"image":{"@id":"https:\/\/lyonbondyblog.fr\/LBB\/#\/schema\/logo\/image\/"},"sameAs":["https:\/\/www.facebook.com\/lyonbondyblog","https:\/\/x.com\/bondybloglyon"]},{"@type":"Person","@id":"https:\/\/lyonbondyblog.fr\/LBB\/#\/schema\/person\/e45f8d27baac75072daa0be50c409b25","name":"La r\u00e9daction","description":"Cr\u00e9e en 2008, la r\u00e9daction du Lyon Bondy Blog s'applique \u00e0 proposer une information locale diff\u00e9rente et compl\u00e9mentaire des m\u00e9dias traditionnels.","sameAs":["https:\/\/www.facebook.com\/lyonbondyblog","https:\/\/x.com\/BondyBlogLyon"],"url":"https:\/\/lyonbondyblog.fr\/LBB\/author\/admin\/"}]}},"_links":{"self":[{"href":"https:\/\/lyonbondyblog.fr\/LBB\/wp-json\/wp\/v2\/posts\/2140","targetHints":{"allow":["GET"]}}],"collection":[{"href":"https:\/\/lyonbondyblog.fr\/LBB\/wp-json\/wp\/v2\/posts"}],"about":[{"href":"https:\/\/lyonbondyblog.fr\/LBB\/wp-json\/wp\/v2\/types\/post"}],"author":[{"embeddable":true,"href":"https:\/\/lyonbondyblog.fr\/LBB\/wp-json\/wp\/v2\/users\/1"}],"replies":[{"embeddable":true,"href":"https:\/\/lyonbondyblog.fr\/LBB\/wp-json\/wp\/v2\/comments?post=2140"}],"version-history":[{"count":0,"href":"https:\/\/lyonbondyblog.fr\/LBB\/wp-json\/wp\/v2\/posts\/2140\/revisions"}],"wp:featuredmedia":[{"embeddable":true,"href":"https:\/\/lyonbondyblog.fr\/LBB\/wp-json\/wp\/v2\/media\/2142"}],"wp:attachment":[{"href":"https:\/\/lyonbondyblog.fr\/LBB\/wp-json\/wp\/v2\/media?parent=2140"}],"wp:term":[{"taxonomy":"category","embeddable":true,"href":"https:\/\/lyonbondyblog.fr\/LBB\/wp-json\/wp\/v2\/categories?post=2140"},{"taxonomy":"post_tag","embeddable":true,"href":"https:\/\/lyonbondyblog.fr\/LBB\/wp-json\/wp\/v2\/tags?post=2140"}],"curies":[{"name":"wp","href":"https:\/\/api.w.org\/{rel}","templated":true}]}}