{"id":21392,"date":"2020-12-02T18:25:54","date_gmt":"2020-12-02T17:25:54","guid":{"rendered":"http:\/\/lyonbondyblog.fr\/LBB\/?p=21392"},"modified":"2020-12-02T18:26:56","modified_gmt":"2020-12-02T17:26:56","slug":"hlm-tension-dans-le-parc-social-lyonnais","status":"publish","type":"post","link":"https:\/\/lyonbondyblog.fr\/LBB\/hlm-tension-dans-le-parc-social-lyonnais\/","title":{"rendered":"HLM : tension dans le parc social lyonnais"},"content":{"rendered":"<h4><b>La majorit\u00e9 m\u00e9tropolitaine compte construire 6000 logements sociaux chaque ann\u00e9e, pour soulager la tension entre offre et demande de logements sociaux. Mais l\u2019op\u00e9ration pourrait s\u2019av\u00e9rer plus difficile -et plus longue- que pr\u00e9vue.&nbsp;<\/b><\/h4>\n<p><img loading=\"lazy\" decoding=\"async\" class=\"wp-image-21394 aligncenter\" src=\"https:\/\/lyonbondyblog.fr\/LBB\/wp-content\/uploads\/2020\/12\/Photo-HLM-1200x675.jpg\" alt=\"\" width=\"521\" height=\"293\" srcset=\"https:\/\/lyonbondyblog.fr\/LBB\/wp-content\/uploads\/2020\/12\/Photo-HLM-1200x675.jpg 1200w, https:\/\/lyonbondyblog.fr\/LBB\/wp-content\/uploads\/2020\/12\/Photo-HLM-768x432.jpg 768w, https:\/\/lyonbondyblog.fr\/LBB\/wp-content\/uploads\/2020\/12\/Photo-HLM-1920x1080.jpg 1920w, https:\/\/lyonbondyblog.fr\/LBB\/wp-content\/uploads\/2020\/12\/Photo-HLM-600x338.jpg 600w, https:\/\/lyonbondyblog.fr\/LBB\/wp-content\/uploads\/2020\/12\/Photo-HLM-750x420.jpg 750w, https:\/\/lyonbondyblog.fr\/LBB\/wp-content\/uploads\/2020\/12\/Photo-HLM-1140x641.jpg 1140w\" sizes=\"auto, (max-width: 521px) 100vw, 521px\" \/><\/p>\n<p><span style=\"font-weight: 400;\">Un parc social bond\u00e9. Depuis 2010, le Fichier commun de la demande locative sociale, plac\u00e9 sous l\u2019\u00e9gide de la M\u00e9tropole, regroupe toutes les demandes avant de les rediriger vers ses trois bailleurs sociaux (Grand Lyon Habitat, Lyon M\u00e9tropole Habitat et Est M\u00e9tropole Habitat). Avec environ 80 000 demandeurs recens\u00e9s sur son territoire <\/span><a href=\"https:\/\/www.grandlyon.com\/fileadmin\/user_upload\/media\/pdf\/habitat\/20200923_chiffres-cles-logement-2019.pdf\"><span style=\"font-weight: 400;\">contre 70 000 fin 2019<\/span><\/a><span style=\"font-weight: 400;\">, la m\u00e9tropole de Lyon fait face \u00e0 une situation de tension rarement observ\u00e9e entre offre et besoin de logements sociaux. Un chiffre d\u00e9j\u00e0 largement sup\u00e9rieur aux nombres de logements sociaux propos\u00e9s dans l\u2019agglom\u00e9ration, mais qui bondit chaque ann\u00e9e \u00e0 vitesse grand V. En 2020, le nombre d\u2019attributions de logements sociaux (9 883 en 2019) devrait baisser significativement : la semaine derni\u00e8re, le vice-pr\u00e9sident \u00e0 la m\u00e9tropole de Lyon charg\u00e9 du logement <\/span><a href=\"https:\/\/www.lyonmag.com\/article\/111652\/renaud-payre-il-faut-absolument-offrir-plus-de-logements-sociaux-dans-la-metropole-de-lyon\/60\/\"><span style=\"font-weight: 400;\">Renaud Payre, invit\u00e9 de G\u00e9rard Angel<\/span><\/a><span style=\"font-weight: 400;\">, indiquait que \u201c<\/span><i><span style=\"font-weight: 400;\">d<\/span><\/i><i><span style=\"font-weight: 400;\">ans le parc social, on avait jusqu\u2019\u00e0 pr\u00e9sent sept demandes pour une satisfaite. Cette ann\u00e9e, nous monterions \u00e0 14 ou 16 demandes pour une seule satisfaite\u201d<\/span><\/i><i><span style=\"font-weight: 400;\">.<\/span><\/i><span style=\"font-weight: 400;\"> En raison du niveau tr\u00e8s \u00e9lev\u00e9 des loyers dans la m\u00e9tropole, difficile d\u2019attendre que des logements sociaux se lib\u00e8rent prochainement dans une proportion significative pour att\u00e9nuer le probl\u00e8me. <\/span><i><span style=\"font-weight: 400;\">\u201cLa situation \u00e9conomique des gens fait qu\u2019ils changent moins de logement<\/span><\/i><span style=\"font-weight: 400;\">, explique C\u00e9line Reynaud, directrice g\u00e9n\u00e9ral du bailleur social <\/span><a href=\"https:\/\/www.est-metropole-habitat.fr\/\"><span style=\"font-weight: 400;\">Est M\u00e9tropole Habitat<\/span><\/a><span style=\"font-weight: 400;\"> qui officie \u00e0 Villeurbanne, V\u00e9nissieux, Vaulx-en-Velin, Bron, D\u00e9cines, Saint-Priest, Meyzieu, Mons et Saint-Fons.<\/span><i><span style=\"font-weight: 400;\"> \u201cIl y a une baisse de ce qu&rsquo;on appelle le \u00ab\u00a0taux de rotation\u00a0\u00bb, le nombre de gens qui quittent leur logement social diminue. Aujourd&rsquo;hui, on est entre 5 et 6%, ce qui est tr\u00e8s tr\u00e8s faible\u201d<\/span><\/i><span style=\"font-weight: 400;\">, poursuit <\/span><a href=\"https:\/\/www.brefeco.com\/actualite\/habitat\/changement-de-direction-la-tete-dest-metropole-habitat\"><span style=\"font-weight: 400;\">celle qui a succ\u00e9d\u00e9 \u00e0 C\u00e9dric Van Styvendael<\/span><\/a><span style=\"font-weight: 400;\">, \u00e9lu par la suite maire de Villeurbanne. <\/span><i><span style=\"font-weight: 400;\">&nbsp;<\/span><\/i><\/p>\n<h4><b>\u201c6000 logements sociaux, \u00e7a serait beau !\u201d<\/b><\/h4>\n<p><span style=\"font-weight: 400;\">L\u2019urgence pour les pouvoirs publics semble donc de d\u00e9velopper une nouvelle offre de logements sur le march\u00e9. La majorit\u00e9 \u00e9cologiste avait d\u2019ailleurs int\u00e9gr\u00e9 la promesse de construire 6000 logements sociaux annuels dans son programme \u00e9lectoral. Particuli\u00e8rement ambitieux (en 2019, l\u2019objectif \u00e9tait de financer chaque ann\u00e9e 4 000 logements sociaux dont 84% de logements neufs, et fut difficilement atteint), le chiffre a \u00e9t\u00e9 confirm\u00e9 par Bruno Bernard et Renaud Payre \u00e0 l\u2019occasion de diverses rencontres avec leurs partenaires. <\/span><i><span style=\"font-weight: 400;\">\u00ab\u00a0\u00c7a me semble infaisable dans les prochaines ann\u00e9es\u201d, <\/span><\/i><span style=\"font-weight: 400;\">s\u2019\u00e9tonne <\/span><a href=\"https:\/\/www.brefeco.com\/actualite\/batiment-travaux-publics\/samuel-minot-btp-la-reprise-est-reussie-mais-la-relance-reste\"><span style=\"font-weight: 400;\">Samuel Minot, pr\u00e9sident de la f\u00e9d\u00e9ration des entreprises du BTP Rh\u00f4ne et M\u00e9tropole<\/span><\/a><span style=\"font-weight: 400;\">. <\/span><i><span style=\"font-weight: 400;\">Si on arrive \u00e0 le tenir dans les derni\u00e8res ann\u00e9es de mandat, \u00e7a serait beau ! On parle de beaucoup de choses, du logement social \u00e0 l\u2019encadrement des loyers, mais il y a un probl\u00e8me d\u2019offre\u201d. <\/span><\/i><span style=\"font-weight: 400;\">Le leader patronal attend avec impatience les d\u00e9tails de ce plan de construction massive de logements sociaux neufs. Ces objectifs seront d\u00e9taill\u00e9s \u00e0 l\u2019occasion de la tr\u00e8s attendue Programmation pluriannuelle des investissements (PPI), qui devrait \u00eatre d\u00e9voil\u00e9e d\u00e9but 2021. L\u2019op\u00e9ration pourrait s\u2019av\u00e9rer particuli\u00e8rement compliqu\u00e9e, et ne devrait pas se mat\u00e9rialiser au moins \u00e0 moyen-terme : \u201c<\/span><i><span style=\"font-weight: 400;\">Il faut construire, mais cette logique suppose d&rsquo;avoir des terrains, d&rsquo;avoir des logements \u00e0 acheter dans des conditions de march\u00e9 qui nous permettent de proposer des loyers bas de mani\u00e8re \u00e9conomiquement viable. Et les prix du foncier comme les prix de l&rsquo;immobilier sont chers sur la m\u00e9tropole, et rendent le travail plus difficile pour les bailleurs sociaux.<\/span><\/i><span style=\"font-weight: 400;\">\u201d d\u00e9veloppe C\u00e9line Reynaud. Malgr\u00e9 les efforts de la nouvelle majorit\u00e9 pour contenir les prix du march\u00e9 (encadrement des loyers, ma\u00eetrise fonci\u00e8re), la disponibilit\u00e9 de terrains ou de b\u00e2timents du parc priv\u00e9 semblent difficilement propices \u00e0 la r\u00e9alisation de tels objectifs dans les prochaines ann\u00e9es.&nbsp;<\/span><\/p>\n<p><span style=\"font-weight: 400;\">Autre obstacle \u00e0 un d\u00e9veloppement rapide du parc social : parall\u00e8lement \u00e0 la construction de logements sociaux, certains quartiers devront passer par la case d\u00e9molition dans le cadre du Plan de Renouvellement Urbain. Si la plupart des logements d\u00e9truits seront compens\u00e9s par de nouvelles constructions ou attributions depuis le parc priv\u00e9 au rythme de la recherche de mixit\u00e9 sociale (et donc probablement plus proches du centre de Lyon), l\u2019\u00e9quation est finalement nulle en termes quantitatifs. <\/span><i><span style=\"font-weight: 400;\">\u201cLa logique de renouvellement urbain ne cr\u00e9e pas de nouveaux logements, on ne fait que compenser l\u2019offre perdue<\/span><\/i><span style=\"font-weight: 400;\">\u201d, reconna\u00eet C\u00e9line Reynaud. Dans la m\u00e9tropole, de nombreux quartiers demeurent concern\u00e9s par des projets de d\u00e9molition dans les prochaines ann\u00e9es, \u00e0 Lyon (Mermoz Sud, Langlet Santy dans le 8e arrondissement, La Sauvegarde dans le 9e), Villeurbanne (quartier des Buers), Vaulx-en-Velin (Mas du Taureau, La Grappini\u00e8re) ou V\u00e9nissieux (Minguettes).&nbsp;<\/span><\/p>\n<h4><b>Les m\u00e9nages \u00e0 la peine dans les HLM<\/b><\/h4>\n<p><span style=\"font-weight: 400;\">Dans les logements g\u00e9r\u00e9s par Grand Lyon Habitat, 62 % des nouveaux locataires se situent en dessous de 60 % d\u2019un plafond de ressources pour un couple de 27 870 \u20ac annuels. <\/span><span style=\"font-weight: 400;\">Situation de pr\u00e9carit\u00e9 oblige, la population du parc social lyonnais (soit 20% des m\u00e9nages de l\u2019agglom\u00e9ration d\u2019apr\u00e8s les chiffres de 2016) se voit d\u2019ores et d\u00e9j\u00e0 souffrir de la crise sanitaire : au sein des logements g\u00e9r\u00e9s par trois principaux bailleurs sociaux de l\u2019agglom\u00e9ration, on estime l\u2019augmentation globale des loyers impay\u00e9s \u00e0 15% avec le confinement. <\/span><i><span style=\"font-weight: 400;\">\u201cDans le parc social, les m\u00e9nages sont particuli\u00e8rement touch\u00e9s par le confinement, mais presque davantage aujourd\u2019hui<\/span><\/i><span style=\"font-weight: 400;\">, s\u2019inqui\u00e8te C\u00e9line Reynaud<\/span><i><span style=\"font-weight: 400;\">. Il y a des m\u00e9nages pour lesquels c\u2019est le premier impay\u00e9, pour qui l\u2019impay\u00e9 est encore soit naissant, soit d\u2019un petit volume<\/span><\/i><span style=\"font-weight: 400;\">\u201d. Un ph\u00e9nom\u00e8ne qui pourrait pousser les bailleurs \u00e0 mettre en place une obligation de pr\u00e9l\u00e8vement automatique \u00e0 la signature du bail. Une r\u00e9ponse inadapt\u00e9e pour les syndicats de locataires. \u201c<\/span><i><span style=\"font-weight: 400;\">A quoi cela sert si les gens n\u2019ont pas de sous ?\u201d<\/span><\/i><span style=\"font-weight: 400;\">, s\u2019interroge Orida Lagati, pr\u00e9sidente de la <a href=\"http:\/\/www.lacnl.com\/f%C3%A9d%C3%A9ration-cnl-rh%C3%B4ne-69\">Conf\u00e9d\u00e9ration Nationale du Logement (CNL) du Rh\u00f4ne<\/a>. <\/span><i><span style=\"font-weight: 400;\">\u201cA Saint-Priest, les locataires sont d\u00e9j\u00e0 dans l\u2019embarras suite aux grosses r\u00e9gularisations de charges. Le pr\u00e9l\u00e8vement ne va rien solutionner \u00e0 la paup\u00e9risation de la population des HLM. Les mauvais payeurs ne sont pas une g\u00e9n\u00e9ralit\u00e9. Les gens, ils n\u2019en peuvent plus\u201d<\/span><\/i><span style=\"font-weight: 400;\">. Pour att\u00e9nuer la mont\u00e9e en grade des impay\u00e9s, la m\u00e9tropole de Lyon avait vot\u00e9 d\u00e8s le 8 juin dernier la cr\u00e9ation du <\/span><a href=\"https:\/\/demarches.toodego.com\/social\/fond-d-urgence-impayes-de-loyers-v2\/#:~:text=Cette%20aide%20s'adresse%20aux,locataires&amp;text=propri%C3%A9taires%20occupants%20en%20copropri%C3%A9t%C3%A9\"><span style=\"font-weight: 400;\">Fonds d\u2019urgence pour les impay\u00e9s de loyers et charges<\/span><\/a><span style=\"font-weight: 400;\">, une aide exceptionnelle conditionn\u00e9e aux revenus et plafonn\u00e9e \u00e0 3000 euros par foyer. L\u2019Etat, lui, a annonc\u00e9 par l\u2019interm\u00e9diaire du premier ministre Jean Castex son souhait de \u00ab\u00a0<\/span><i><span style=\"font-weight: 400;\">redynamiser l\u2019aide de 150 euros vers\u00e9e par Action Logement\u201d<\/span><\/i> <a href=\"https:\/\/www.actionlogement.fr\/aide-urgence-logement\"><span style=\"font-weight: 400;\">entr\u00e9 en vigueur en juin dernier<\/span><\/a><span style=\"font-weight: 400;\"> afin de \u201c<\/span><i><span style=\"font-weight: 400;\">pr\u00e9venir les impay\u00e9s de loyer<\/span><\/i><span style=\"font-weight: 400;\">\u201d.&nbsp;<\/span><\/p>\n<!-- AddThis Advanced Settings generic via filter on the_content --><!-- AddThis Share Buttons generic via filter on the_content -->","protected":false},"excerpt":{"rendered":"<p>La majorit\u00e9 m\u00e9tropolitaine compte construire 6000 logements sociaux chaque ann\u00e9e, pour soulager la tension entre offre et demande de logements sociaux. Mais l\u2019op\u00e9ration pourrait s\u2019av\u00e9rer &hellip; <!-- AddThis Advanced Settings generic via filter on wp_trim_excerpt --><!-- AddThis Share Buttons generic via filter on wp_trim_excerpt --><\/p>\n","protected":false},"author":16328,"featured_media":21394,"comment_status":"open","ping_status":"open","sticky":false,"template":"","format":"standard","meta":{"_FSMCFIC_featured_image_caption":"","_FSMCFIC_featured_image_nocaption":"","_FSMCFIC_featured_image_hide":"","footnotes":""},"categories":[23076,4,22015,13738],"tags":[],"class_list":["post-21392","post","type-post","status-publish","format-standard","has-post-thumbnail","hentry","category-logement","category-lyon","category-metropole","category-projet-urbain"],"yoast_head":"<!-- This site is optimized with the Yoast SEO plugin v22.8 - https:\/\/yoast.com\/wordpress\/plugins\/seo\/ -->\n<title>HLM : tension dans le parc social lyonnais - Lyon Bondy Blog<\/title>\n<meta name=\"robots\" content=\"index, follow, max-snippet:-1, max-image-preview:large, max-video-preview:-1\" \/>\n<link rel=\"canonical\" href=\"https:\/\/lyonbondyblog.fr\/LBB\/hlm-tension-dans-le-parc-social-lyonnais\/\" \/>\n<meta property=\"og:locale\" content=\"fr_FR\" \/>\n<meta property=\"og:type\" content=\"article\" \/>\n<meta property=\"og:title\" content=\"HLM : tension dans le parc social lyonnais - Lyon Bondy Blog\" \/>\n<meta property=\"og:description\" content=\"La majorit\u00e9 m\u00e9tropolitaine compte construire 6000 logements sociaux chaque ann\u00e9e, pour soulager la tension entre offre et demande de logements sociaux. Mais l\u2019op\u00e9ration pourrait s\u2019av\u00e9rer &hellip;\" \/>\n<meta property=\"og:url\" content=\"https:\/\/lyonbondyblog.fr\/LBB\/hlm-tension-dans-le-parc-social-lyonnais\/\" \/>\n<meta property=\"og:site_name\" content=\"Lyon Bondy Blog\" \/>\n<meta property=\"article:publisher\" content=\"https:\/\/www.facebook.com\/lyonbondyblog\" \/>\n<meta property=\"article:published_time\" content=\"2020-12-02T17:25:54+00:00\" \/>\n<meta property=\"article:modified_time\" content=\"2020-12-02T17:26:56+00:00\" \/>\n<meta property=\"og:image\" content=\"https:\/\/lyonbondyblog.fr\/LBB\/wp-content\/uploads\/2020\/12\/Photo-HLM-1920x1080.jpg\" \/>\n\t<meta property=\"og:image:width\" content=\"1920\" \/>\n\t<meta property=\"og:image:height\" content=\"1080\" \/>\n\t<meta property=\"og:image:type\" content=\"image\/jpeg\" \/>\n<meta name=\"author\" content=\"Maxime Pechkechian\" \/>\n<meta name=\"twitter:card\" content=\"summary_large_image\" \/>\n<meta name=\"twitter:creator\" content=\"@bondybloglyon\" \/>\n<meta name=\"twitter:site\" content=\"@bondybloglyon\" \/>\n<script type=\"application\/ld+json\" class=\"yoast-schema-graph\">{\"@context\":\"https:\/\/schema.org\",\"@graph\":[{\"@type\":\"Article\",\"@id\":\"https:\/\/lyonbondyblog.fr\/LBB\/hlm-tension-dans-le-parc-social-lyonnais\/#article\",\"isPartOf\":{\"@id\":\"https:\/\/lyonbondyblog.fr\/LBB\/hlm-tension-dans-le-parc-social-lyonnais\/\"},\"author\":{\"name\":\"Maxime Pechkechian\",\"@id\":\"https:\/\/lyonbondyblog.fr\/LBB\/#\/schema\/person\/e030df63ce4bdf66338fec824c5ba04c\"},\"headline\":\"HLM : tension dans le parc social lyonnais\",\"datePublished\":\"2020-12-02T17:25:54+00:00\",\"dateModified\":\"2020-12-02T17:26:56+00:00\",\"mainEntityOfPage\":{\"@id\":\"https:\/\/lyonbondyblog.fr\/LBB\/hlm-tension-dans-le-parc-social-lyonnais\/\"},\"wordCount\":1181,\"commentCount\":0,\"publisher\":{\"@id\":\"https:\/\/lyonbondyblog.fr\/LBB\/#organization\"},\"image\":{\"@id\":\"https:\/\/lyonbondyblog.fr\/LBB\/hlm-tension-dans-le-parc-social-lyonnais\/#primaryimage\"},\"thumbnailUrl\":\"https:\/\/lyonbondyblog.fr\/LBB\/wp-content\/uploads\/2020\/12\/Photo-HLM.jpg\",\"articleSection\":[\"Logement\",\"Lyon\",\"M\u00e9tropole\",\"Projet Urbain\"],\"inLanguage\":\"fr-FR\",\"potentialAction\":[{\"@type\":\"CommentAction\",\"name\":\"Comment\",\"target\":[\"https:\/\/lyonbondyblog.fr\/LBB\/hlm-tension-dans-le-parc-social-lyonnais\/#respond\"]}]},{\"@type\":\"WebPage\",\"@id\":\"https:\/\/lyonbondyblog.fr\/LBB\/hlm-tension-dans-le-parc-social-lyonnais\/\",\"url\":\"https:\/\/lyonbondyblog.fr\/LBB\/hlm-tension-dans-le-parc-social-lyonnais\/\",\"name\":\"HLM : tension dans le parc social lyonnais - Lyon Bondy Blog\",\"isPartOf\":{\"@id\":\"https:\/\/lyonbondyblog.fr\/LBB\/#website\"},\"primaryImageOfPage\":{\"@id\":\"https:\/\/lyonbondyblog.fr\/LBB\/hlm-tension-dans-le-parc-social-lyonnais\/#primaryimage\"},\"image\":{\"@id\":\"https:\/\/lyonbondyblog.fr\/LBB\/hlm-tension-dans-le-parc-social-lyonnais\/#primaryimage\"},\"thumbnailUrl\":\"https:\/\/lyonbondyblog.fr\/LBB\/wp-content\/uploads\/2020\/12\/Photo-HLM.jpg\",\"datePublished\":\"2020-12-02T17:25:54+00:00\",\"dateModified\":\"2020-12-02T17:26:56+00:00\",\"inLanguage\":\"fr-FR\",\"potentialAction\":[{\"@type\":\"ReadAction\",\"target\":[\"https:\/\/lyonbondyblog.fr\/LBB\/hlm-tension-dans-le-parc-social-lyonnais\/\"]}]},{\"@type\":\"ImageObject\",\"inLanguage\":\"fr-FR\",\"@id\":\"https:\/\/lyonbondyblog.fr\/LBB\/hlm-tension-dans-le-parc-social-lyonnais\/#primaryimage\",\"url\":\"https:\/\/lyonbondyblog.fr\/LBB\/wp-content\/uploads\/2020\/12\/Photo-HLM.jpg\",\"contentUrl\":\"https:\/\/lyonbondyblog.fr\/LBB\/wp-content\/uploads\/2020\/12\/Photo-HLM.jpg\",\"width\":4755,\"height\":2675},{\"@type\":\"WebSite\",\"@id\":\"https:\/\/lyonbondyblog.fr\/LBB\/#website\",\"url\":\"https:\/\/lyonbondyblog.fr\/LBB\/\",\"name\":\"Lyon Bondy Blog\",\"description\":\"\",\"publisher\":{\"@id\":\"https:\/\/lyonbondyblog.fr\/LBB\/#organization\"},\"potentialAction\":[{\"@type\":\"SearchAction\",\"target\":{\"@type\":\"EntryPoint\",\"urlTemplate\":\"https:\/\/lyonbondyblog.fr\/LBB\/?s={search_term_string}\"},\"query-input\":\"required name=search_term_string\"}],\"inLanguage\":\"fr-FR\"},{\"@type\":\"Organization\",\"@id\":\"https:\/\/lyonbondyblog.fr\/LBB\/#organization\",\"name\":\"LYON BONDY BLOG\",\"url\":\"https:\/\/lyonbondyblog.fr\/LBB\/\",\"logo\":{\"@type\":\"ImageObject\",\"inLanguage\":\"fr-FR\",\"@id\":\"https:\/\/lyonbondyblog.fr\/LBB\/#\/schema\/logo\/image\/\",\"url\":\"http:\/\/lyonbondyblog.fr\/LBB\/wp-content\/uploads\/2014\/10\/logo-portable-144.png\",\"contentUrl\":\"http:\/\/lyonbondyblog.fr\/LBB\/wp-content\/uploads\/2014\/10\/logo-portable-144.png\",\"width\":144,\"height\":123,\"caption\":\"LYON BONDY BLOG\"},\"image\":{\"@id\":\"https:\/\/lyonbondyblog.fr\/LBB\/#\/schema\/logo\/image\/\"},\"sameAs\":[\"https:\/\/www.facebook.com\/lyonbondyblog\",\"https:\/\/x.com\/bondybloglyon\"]},{\"@type\":\"Person\",\"@id\":\"https:\/\/lyonbondyblog.fr\/LBB\/#\/schema\/person\/e030df63ce4bdf66338fec824c5ba04c\",\"name\":\"Maxime Pechkechian\",\"url\":\"https:\/\/lyonbondyblog.fr\/LBB\/author\/maximepechkechian\/\"}]}<\/script>\n<!-- \/ Yoast SEO plugin. -->","yoast_head_json":{"title":"HLM : tension dans le parc social lyonnais - Lyon Bondy Blog","robots":{"index":"index","follow":"follow","max-snippet":"max-snippet:-1","max-image-preview":"max-image-preview:large","max-video-preview":"max-video-preview:-1"},"canonical":"https:\/\/lyonbondyblog.fr\/LBB\/hlm-tension-dans-le-parc-social-lyonnais\/","og_locale":"fr_FR","og_type":"article","og_title":"HLM : tension dans le parc social lyonnais - Lyon Bondy Blog","og_description":"La majorit\u00e9 m\u00e9tropolitaine compte construire 6000 logements sociaux chaque ann\u00e9e, pour soulager la tension entre offre et demande de logements sociaux. Mais l\u2019op\u00e9ration pourrait s\u2019av\u00e9rer &hellip;","og_url":"https:\/\/lyonbondyblog.fr\/LBB\/hlm-tension-dans-le-parc-social-lyonnais\/","og_site_name":"Lyon Bondy Blog","article_publisher":"https:\/\/www.facebook.com\/lyonbondyblog","article_published_time":"2020-12-02T17:25:54+00:00","article_modified_time":"2020-12-02T17:26:56+00:00","og_image":[{"width":1920,"height":1080,"url":"https:\/\/lyonbondyblog.fr\/LBB\/wp-content\/uploads\/2020\/12\/Photo-HLM-1920x1080.jpg","type":"image\/jpeg"}],"author":"Maxime Pechkechian","twitter_card":"summary_large_image","twitter_creator":"@bondybloglyon","twitter_site":"@bondybloglyon","schema":{"@context":"https:\/\/schema.org","@graph":[{"@type":"Article","@id":"https:\/\/lyonbondyblog.fr\/LBB\/hlm-tension-dans-le-parc-social-lyonnais\/#article","isPartOf":{"@id":"https:\/\/lyonbondyblog.fr\/LBB\/hlm-tension-dans-le-parc-social-lyonnais\/"},"author":{"name":"Maxime Pechkechian","@id":"https:\/\/lyonbondyblog.fr\/LBB\/#\/schema\/person\/e030df63ce4bdf66338fec824c5ba04c"},"headline":"HLM : tension dans le parc social lyonnais","datePublished":"2020-12-02T17:25:54+00:00","dateModified":"2020-12-02T17:26:56+00:00","mainEntityOfPage":{"@id":"https:\/\/lyonbondyblog.fr\/LBB\/hlm-tension-dans-le-parc-social-lyonnais\/"},"wordCount":1181,"commentCount":0,"publisher":{"@id":"https:\/\/lyonbondyblog.fr\/LBB\/#organization"},"image":{"@id":"https:\/\/lyonbondyblog.fr\/LBB\/hlm-tension-dans-le-parc-social-lyonnais\/#primaryimage"},"thumbnailUrl":"https:\/\/lyonbondyblog.fr\/LBB\/wp-content\/uploads\/2020\/12\/Photo-HLM.jpg","articleSection":["Logement","Lyon","M\u00e9tropole","Projet Urbain"],"inLanguage":"fr-FR","potentialAction":[{"@type":"CommentAction","name":"Comment","target":["https:\/\/lyonbondyblog.fr\/LBB\/hlm-tension-dans-le-parc-social-lyonnais\/#respond"]}]},{"@type":"WebPage","@id":"https:\/\/lyonbondyblog.fr\/LBB\/hlm-tension-dans-le-parc-social-lyonnais\/","url":"https:\/\/lyonbondyblog.fr\/LBB\/hlm-tension-dans-le-parc-social-lyonnais\/","name":"HLM : tension dans le parc social lyonnais - Lyon Bondy Blog","isPartOf":{"@id":"https:\/\/lyonbondyblog.fr\/LBB\/#website"},"primaryImageOfPage":{"@id":"https:\/\/lyonbondyblog.fr\/LBB\/hlm-tension-dans-le-parc-social-lyonnais\/#primaryimage"},"image":{"@id":"https:\/\/lyonbondyblog.fr\/LBB\/hlm-tension-dans-le-parc-social-lyonnais\/#primaryimage"},"thumbnailUrl":"https:\/\/lyonbondyblog.fr\/LBB\/wp-content\/uploads\/2020\/12\/Photo-HLM.jpg","datePublished":"2020-12-02T17:25:54+00:00","dateModified":"2020-12-02T17:26:56+00:00","inLanguage":"fr-FR","potentialAction":[{"@type":"ReadAction","target":["https:\/\/lyonbondyblog.fr\/LBB\/hlm-tension-dans-le-parc-social-lyonnais\/"]}]},{"@type":"ImageObject","inLanguage":"fr-FR","@id":"https:\/\/lyonbondyblog.fr\/LBB\/hlm-tension-dans-le-parc-social-lyonnais\/#primaryimage","url":"https:\/\/lyonbondyblog.fr\/LBB\/wp-content\/uploads\/2020\/12\/Photo-HLM.jpg","contentUrl":"https:\/\/lyonbondyblog.fr\/LBB\/wp-content\/uploads\/2020\/12\/Photo-HLM.jpg","width":4755,"height":2675},{"@type":"WebSite","@id":"https:\/\/lyonbondyblog.fr\/LBB\/#website","url":"https:\/\/lyonbondyblog.fr\/LBB\/","name":"Lyon Bondy Blog","description":"","publisher":{"@id":"https:\/\/lyonbondyblog.fr\/LBB\/#organization"},"potentialAction":[{"@type":"SearchAction","target":{"@type":"EntryPoint","urlTemplate":"https:\/\/lyonbondyblog.fr\/LBB\/?s={search_term_string}"},"query-input":"required name=search_term_string"}],"inLanguage":"fr-FR"},{"@type":"Organization","@id":"https:\/\/lyonbondyblog.fr\/LBB\/#organization","name":"LYON BONDY BLOG","url":"https:\/\/lyonbondyblog.fr\/LBB\/","logo":{"@type":"ImageObject","inLanguage":"fr-FR","@id":"https:\/\/lyonbondyblog.fr\/LBB\/#\/schema\/logo\/image\/","url":"http:\/\/lyonbondyblog.fr\/LBB\/wp-content\/uploads\/2014\/10\/logo-portable-144.png","contentUrl":"http:\/\/lyonbondyblog.fr\/LBB\/wp-content\/uploads\/2014\/10\/logo-portable-144.png","width":144,"height":123,"caption":"LYON BONDY BLOG"},"image":{"@id":"https:\/\/lyonbondyblog.fr\/LBB\/#\/schema\/logo\/image\/"},"sameAs":["https:\/\/www.facebook.com\/lyonbondyblog","https:\/\/x.com\/bondybloglyon"]},{"@type":"Person","@id":"https:\/\/lyonbondyblog.fr\/LBB\/#\/schema\/person\/e030df63ce4bdf66338fec824c5ba04c","name":"Maxime Pechkechian","url":"https:\/\/lyonbondyblog.fr\/LBB\/author\/maximepechkechian\/"}]}},"_links":{"self":[{"href":"https:\/\/lyonbondyblog.fr\/LBB\/wp-json\/wp\/v2\/posts\/21392","targetHints":{"allow":["GET"]}}],"collection":[{"href":"https:\/\/lyonbondyblog.fr\/LBB\/wp-json\/wp\/v2\/posts"}],"about":[{"href":"https:\/\/lyonbondyblog.fr\/LBB\/wp-json\/wp\/v2\/types\/post"}],"author":[{"embeddable":true,"href":"https:\/\/lyonbondyblog.fr\/LBB\/wp-json\/wp\/v2\/users\/16328"}],"replies":[{"embeddable":true,"href":"https:\/\/lyonbondyblog.fr\/LBB\/wp-json\/wp\/v2\/comments?post=21392"}],"version-history":[{"count":5,"href":"https:\/\/lyonbondyblog.fr\/LBB\/wp-json\/wp\/v2\/posts\/21392\/revisions"}],"predecessor-version":[{"id":21398,"href":"https:\/\/lyonbondyblog.fr\/LBB\/wp-json\/wp\/v2\/posts\/21392\/revisions\/21398"}],"wp:featuredmedia":[{"embeddable":true,"href":"https:\/\/lyonbondyblog.fr\/LBB\/wp-json\/wp\/v2\/media\/21394"}],"wp:attachment":[{"href":"https:\/\/lyonbondyblog.fr\/LBB\/wp-json\/wp\/v2\/media?parent=21392"}],"wp:term":[{"taxonomy":"category","embeddable":true,"href":"https:\/\/lyonbondyblog.fr\/LBB\/wp-json\/wp\/v2\/categories?post=21392"},{"taxonomy":"post_tag","embeddable":true,"href":"https:\/\/lyonbondyblog.fr\/LBB\/wp-json\/wp\/v2\/tags?post=21392"}],"curies":[{"name":"wp","href":"https:\/\/api.w.org\/{rel}","templated":true}]}}