{"id":21294,"date":"2020-11-18T18:18:12","date_gmt":"2020-11-18T17:18:12","guid":{"rendered":"http:\/\/lyonbondyblog.fr\/LBB\/?p=21294"},"modified":"2020-11-18T18:27:16","modified_gmt":"2020-11-18T17:27:16","slug":"rassemblement-a-lyon-contre-la-proposition-de-loi-relative-a-la-securite-globale","status":"publish","type":"post","link":"https:\/\/lyonbondyblog.fr\/LBB\/rassemblement-a-lyon-contre-la-proposition-de-loi-relative-a-la-securite-globale\/","title":{"rendered":"Rassemblement \u00e0 Lyon contre la proposition de loi relative \u00e0 la s\u00e9curit\u00e9 globale"},"content":{"rendered":"<p><b>Ce 17 novembre \u00e0 18h, l\u2019Assembl\u00e9e Nationale examinait en premi\u00e8re lecture la <\/b><a href=\"http:\/\/www.assemblee-nationale.fr\/dyn\/15\/textes\/l15b3452_proposition-loi#tocUniqueId29\"><b>proposition de loi relative \u00e0 la s\u00e9curit\u00e9 globale<\/b><\/a><b>. Au m\u00eame moment, des milliers de manifestants se rassemblaient devant l\u2019Assembl\u00e9e Nationale et dans toute la France pour s\u2019y opposer. A Lyon, entre 700 et 2500 personnes \u00e9taient r\u00e9unies devant <\/b><a href=\"https:\/\/www.facebook.com\/events\/2739942659598657\"><b>l\u2019H\u00f4tel de pr\u00e9fecture du Rh\u00f4ne<\/b><\/a><b>.<\/b><\/p>\n<p><img loading=\"lazy\" decoding=\"async\" class=\"wp-image-21295 aligncenter\" src=\"https:\/\/lyonbondyblog.fr\/LBB\/wp-content\/uploads\/2020\/11\/manif-1200x800.jpg\" alt=\"\" width=\"693\" height=\"462\" srcset=\"https:\/\/lyonbondyblog.fr\/LBB\/wp-content\/uploads\/2020\/11\/manif-1200x800.jpg 1200w, https:\/\/lyonbondyblog.fr\/LBB\/wp-content\/uploads\/2020\/11\/manif-768x512.jpg 768w, https:\/\/lyonbondyblog.fr\/LBB\/wp-content\/uploads\/2020\/11\/manif-1920x1280.jpg 1920w, https:\/\/lyonbondyblog.fr\/LBB\/wp-content\/uploads\/2020\/11\/manif-600x400.jpg 600w, https:\/\/lyonbondyblog.fr\/LBB\/wp-content\/uploads\/2020\/11\/manif-272x182.jpg 272w, https:\/\/lyonbondyblog.fr\/LBB\/wp-content\/uploads\/2020\/11\/manif.jpg 2048w\" sizes=\"auto, (max-width: 693px) 100vw, 693px\" \/><\/p>\n<p><span style=\"font-weight: 400;\">Pr\u00e9sent\u00e9e par les d\u00e9put\u00e9s Jean-Michel Fauvergue et Alice Thourot (LREM), la proposition de loi porte notamment sur les conditions d\u2019activit\u00e9 des forces de s\u00e9curit\u00e9 int\u00e9rieure, de la police municipale et des agents de s\u00e9curit\u00e9 priv\u00e9e. Le gouvernement a engag\u00e9 une proc\u00e9dure acc\u00e9l\u00e9r\u00e9e le 26 octobre, et le texte devrait \u00eatre vot\u00e9 d\u00e8s le mardi 24 novembre. A noter que la d\u00e9put\u00e9e de la 6<\/span><span style=\"font-weight: 400;\">e<\/span><span style=\"font-weight: 400;\"> circonscription du Rh\u00f4ne Anissa Khedher (LREM) a d\u00e9fendu la pertinence de la loi en commission de la d\u00e9fense nationale.&nbsp;<\/span><\/p>\n<p><span style=\"font-weight: 400;\">Pourtant, de nombreuses voix se sont \u00e9lev\u00e9es ces derni\u00e8res semaines \u00e0 l\u2019instar de la <\/span><a href=\"https:\/\/juridique.defenseurdesdroits.fr\/index.php?lvl=notice_display&amp;id=34870&amp;opac_view=-1\"><span style=\"font-weight: 400;\">D\u00e9fenseure des Droits<\/span><\/a><span style=\"font-weight: 400;\"> ou m\u00eame du <\/span><a href=\"https:\/\/www.lemonde.fr\/societe\/article\/2020\/11\/16\/le-conseil-des-droits-de-l-homme-de-l-onu-s-inquiete-du-contenu-de-la-proposition-de-loi-pour-une-securite-globale_6059972_3224.html\"><span style=\"font-weight: 400;\">conseil des droits de l\u2019homme de l\u2019ONU<\/span><\/a><span style=\"font-weight: 400;\">, qui estiment que la loi porterait atteinte aux droits \u00e0 la vie priv\u00e9e, \u00e0 la libert\u00e9 d\u2019expression et \u00e0 la libert\u00e9 d\u2019association. A l\u2019occasion du rassemblement lyonnais, de nombreux collectifs (Ligue des Droits de l\u2019Homme, Alternatiba, Gilets Jaunes, Surveillons-les, Association des Victimes des Crimes S\u00e9curitaires&#8230;) ont pu revenir sur les motifs de leur opposition au texte.&nbsp;<\/span><\/p>\n<p><b>L\u2019article 24 : un danger pour la libert\u00e9 de presse\u2026 et pour la justice ?&nbsp;<\/b><\/p>\n<p><span style=\"font-weight: 400;\">L\u2019article 24 cristallise les tensions : cette disposition pr\u00e9voit de punir<\/span><i><span style=\"font-weight: 400;\"> \u00ab d\u2019un an d\u2019emprisonnement et de 45 000 euros d\u2019amende le fait de diffuser, par quelque moyen que ce soit et quel qu\u2019en soit le support, dans le but qu\u2019il soit port\u00e9 atteinte \u00e0 son int\u00e9grit\u00e9 physique ou psychique, l\u2019image du visage ou tout autre \u00e9l\u00e9ment d\u2019identification d\u2019un fonctionnaire de la police nationale ou d\u2019un militaire de la gendarmerie nationale lorsqu\u2019il agit dans le cadre d\u2019une op\u00e9ration de police<\/span><\/i><span style=\"font-weight: 400;\"> (&#8230;) \u00bb.&nbsp;<\/span><\/p>\n<p><span style=\"font-weight: 400;\">Selon <\/span><a href=\"https:\/\/ldh69.fr\/2020\/11\/10\/une-proposition-de-loi-securite-globale-contre-la-liberte-de-la-presse\/\"><span style=\"font-weight: 400;\">la Ligue des Droits de l\u2019Homme et le Syndicat National des Journalistes<\/span><\/a><span style=\"font-weight: 400;\">, cet article a en r\u00e9alit\u00e9 pour objectif de restreindre la libert\u00e9 de presse, en permettant aux forces de l\u2019ordre <\/span><i><span style=\"font-weight: 400;\">\u00ab d\u2019interpeller tout journaliste qui filme et est soup\u00e7onn\u00e9 de diffuser en direct une op\u00e9ration de police \u00bb. <\/span><\/i><span style=\"font-weight: 400;\">Pour <\/span><a href=\"https:\/\/www.laquadrature.net\/\"><span style=\"font-weight: 400;\">la Quadrature du Net<\/span><\/a><span style=\"font-weight: 400;\">, association de lutte contre la censure et la surveillance, cette disposition pose en effet un probl\u00e8me pour les \u00ab live streams \u00bb en manifestation. \u201c<\/span><i><span style=\"font-weight: 400;\">G\u00e9rald Darmanin parle de flouter les \u00e9l\u00e9ments d\u2019identification des policiers sur les images film\u00e9es, c\u2019est-\u00e0-dire les RIO et les visages. Dans ce cas, c\u2019est mat\u00e9riellement impossible donc on coupe la possibilit\u00e9 aux personnes de documenter les manifestations de cette fa\u00e7on<\/span><\/i><span style=\"font-weight: 400;\">\u201d.<\/span><span style=\"font-weight: 400;\">&nbsp;&nbsp;[efn_note]<\/span><span style=\"font-weight: 400;\">L\u2019entretien, r\u00e9alis\u00e9 conjointement avec le <\/span><i><span style=\"font-weight: 400;\">Bondy Blog<\/span><\/i><span style=\"font-weight: 400;\">, est disponible dans son enti\u00e8ret\u00e9 sur son <\/span><a href=\"https:\/\/www.bondyblog.fr\/opinions\/interview\/loi-de-securite-globale-une-menace-multiple-selon-la-quadrature-du-net\/\"><span style=\"font-weight: 400;\">site<\/span><\/a><span style=\"font-weight: 400;\">[\/efn_note]<\/span><\/p>\n<p><span style=\"font-weight: 400;\">Pr\u00e9sente sur place, l\u2019association des victimes de violences polici\u00e8res craint \u00e9galement que cette d\u00e9cision entrave les enqu\u00eates. Dans un <\/span><a href=\"https:\/\/surveillonslesart.files.wordpress.com\/2020\/11\/rapport_la_fabrique_de_loubli_surveillonsles.pdf\"><span style=\"font-weight: 400;\">rapport<\/span><\/a><span style=\"font-weight: 400;\"> consacr\u00e9 aux plaintes contre la police en manifestation, le <\/span><a href=\"https:\/\/surveillonsles.art.blog\/\"><span style=\"font-weight: 400;\">Comit\u00e9 de liaison contre les violences polici\u00e8res<\/span><\/a><span style=\"font-weight: 400;\"> souligne ainsi l\u2019importance de la diffusion des images pour ouvrir une enqu\u00eate : sur les 16 enqu\u00eates \u00e9tudi\u00e9es, plus du tiers ont ainsi \u00e9t\u00e9 ouvertes suite \u00e0 une m\u00e9diatisation des faits, tandis que les images permettaient aux enqu\u00eateurs d\u2019identifier le ou les auteurs des blessures (comme dans le <\/span><a href=\"https:\/\/www.20minutes.fr\/justice\/2819451-20200710-violences-policieres-deux-agents-renvoyes-correctionnelle-avoir-frappe-manifestant-lyon\"><span style=\"font-weight: 400;\">cas d\u2019Arthur<\/span><\/a><span style=\"font-weight: 400;\"> par exemple, qui avait perdu neuf dents en marge des manifestations du 10 d\u00e9cembre 2019).<\/span><\/p>\n<p><span style=\"font-weight: 400;\">Pierre Tholly, secr\u00e9taire du syndicat policier Alliance (qui r\u00e9clamait de longue date le floutage des policiers) en Auvergne-Rh\u00f4ne-Alpes, est pourtant formel. \u201c<\/span><i><span style=\"font-weight: 400;\">On pourra toujours filmer les policiers, ce n\u2019est pas la question ! On demande juste qu\u2019on ne puisse plus reconna\u00eetre le visage d\u2019un flic sur les r\u00e9seaux, parce qu\u2019on sait qu\u2019il est tr\u00e8s facile de reconna\u00eetre quelqu\u2019un sur une photo. Apr\u00e8s, qu&rsquo;on se serve d&rsquo;une vid\u00e9o en mati\u00e8re p\u00e9nale, pour identifier un policier qui aurait un comportement inadapt\u00e9, on n\u2019a jamais dit qu&rsquo;on souhaitait que \u00e7a n&rsquo;existe plus !\u201d<\/span><\/i><span style=\"font-weight: 400;\"> Pour Lionel Perrin, du Comit\u00e9 de liaison, cet argument ne tient pas. \u201c<\/span><i><span style=\"font-weight: 400;\">S\u2019il y a vraiment un probl\u00e8me de s\u00e9curit\u00e9 qui vient fonder cette demande des syndicats, on attend toujours que le gouvernement nous dise quels sont les risques que la loi entend prot\u00e9ger. Quels sont les cas de policiers qui auraient \u00e9t\u00e9 pris \u00e0 partie apr\u00e8s avoir \u00e9t\u00e9 identifi\u00e9s sur les r\u00e9seaux sociaux ? On nous dit qu\u2019il faut prot\u00e9ger l\u2019anonymat des policiers, mais en pratique ils sont d\u00e9j\u00e0 cagoul\u00e9s sans avoir le droit de l\u2019\u00eatre, ils ne portent pas leur num\u00e9ro d\u2019identification&#8230; Que reste-t-il \u00e0 cacher ? Il faut<\/span><\/i> <i><span style=\"font-weight: 400;\">remettre les choses dans leur contexte, car les bless\u00e9s se trouvent du c\u00f4t\u00e9 des manifestants, et pas de la police !<\/span><\/i><span style=\"font-weight: 400;\">\u201d.&nbsp;&nbsp;<\/span><\/p>\n<p><span style=\"font-weight: 400;\">Un cinqui\u00e8me des victimes recens\u00e9es par le Comit\u00e9 \u00e9taient par ailleurs<\/span><i><span style=\"font-weight: 400;\"> \u201cen train de prendre des images de la police, ou venaient de le faire\u201d<\/span><\/i><span style=\"font-weight: 400;\">. Un signe selon Lionel Perrin que les personnes filmant la police sont d\u00e9j\u00e0 des cibles prioritaires. Il craint ainsi que cette disposition l\u00e9gislative dissuade ceux qui souhaiteraient capter des images de la police. Un avis partag\u00e9 par la Quadrature du Net : \u201c<\/span><i><span style=\"font-weight: 400;\">Avec cet article, on va redonner aux policiers un argument juridique qui pourra \u00eatre utilis\u00e9 \u00e0 mauvais escient sur le terrain<\/span><\/i><span style=\"font-weight: 400;\">.\u201d<\/span><\/p>\n<p><img loading=\"lazy\" decoding=\"async\" class=\"wp-image-21296 aligncenter\" src=\"https:\/\/lyonbondyblog.fr\/LBB\/wp-content\/uploads\/2020\/11\/cette-photo-nexisterait-pas-1200x800.jpg\" alt=\"\" width=\"665\" height=\"443\" srcset=\"https:\/\/lyonbondyblog.fr\/LBB\/wp-content\/uploads\/2020\/11\/cette-photo-nexisterait-pas-1200x800.jpg 1200w, https:\/\/lyonbondyblog.fr\/LBB\/wp-content\/uploads\/2020\/11\/cette-photo-nexisterait-pas-768x512.jpg 768w, https:\/\/lyonbondyblog.fr\/LBB\/wp-content\/uploads\/2020\/11\/cette-photo-nexisterait-pas-1920x1280.jpg 1920w, https:\/\/lyonbondyblog.fr\/LBB\/wp-content\/uploads\/2020\/11\/cette-photo-nexisterait-pas-600x400.jpg 600w, https:\/\/lyonbondyblog.fr\/LBB\/wp-content\/uploads\/2020\/11\/cette-photo-nexisterait-pas-272x182.jpg 272w, https:\/\/lyonbondyblog.fr\/LBB\/wp-content\/uploads\/2020\/11\/cette-photo-nexisterait-pas.jpg 2048w\" sizes=\"auto, (max-width: 665px) 100vw, 665px\" \/><\/p>\n<p><b>Des nouvelles technologies pour les forces de l\u2019ordre en manifestation<\/b><\/p>\n<p><span style=\"font-weight: 400;\">Au del\u00e0 de l\u2019article 24, la proposition de loi \u00e9largit les moyens techniques disponibles pour les forces de l\u2019ordre. L\u2019article 22 pr\u00e9voit notamment d\u2019autoriser l\u2019utilisation de drones dans le cadre de la surveillance des manifestations. D\u00e9j\u00e0 existante, la pratique prendrait un caract\u00e8re l\u00e9gal, au grand dam des opposants \u00e0 la loi comme la Quadrature du Net : \u201c<\/span><i><span style=\"font-weight: 400;\">On coupe compl\u00e8tement le lien qui peut encore exister entre le policier qui est face \u00e0 un manifestant et qui voit un visage. Cette vision a\u00e9rienne ne voit plus les visages, elle n\u2019envisage la manifestation que comme un flux<\/span><\/i><span style=\"font-weight: 400;\">.\u201d Avec la crainte que cette \u201c<\/span><i><span style=\"font-weight: 400;\">vision haute et lointaine<\/span><\/i><span style=\"font-weight: 400;\">\u201d s\u2019av\u00e8re propice \u00e0 des ordres \u201c<\/span><i><span style=\"font-weight: 400;\">d\u00e9connect\u00e9s des consid\u00e9rations humaines les plus \u00e9l\u00e9mentaires<\/span><\/i><span style=\"font-weight: 400;\">\u201d, comme d\u00e9taill\u00e9 dans un article publi\u00e9 fin octobre <\/span><a href=\"https:\/\/www.laquadrature.net\/2020\/10\/29\/loi-securite-globale-surveillance-generalisee-des-manifestations\/\"><span style=\"font-weight: 400;\">sur le site de l\u2019association<\/span><\/a><span style=\"font-weight: 400;\">.&nbsp;<\/span><\/p>\n<p><span style=\"font-weight: 400;\">De son c\u00f4t\u00e9, l\u2019article 21 \u00e9largit aussi l\u2019utilisation des cam\u00e9ras-pi\u00e9tons que portent les forces de l\u2019ordre depuis quatre ans. Jusque l\u00e0 interdites d\u2019acc\u00e8s aux agents et exploitables seulement apr\u00e8s leur captation, les s\u00e9quences enregistr\u00e9es pourront d\u00e9sormais \u00eatre transmises en temps r\u00e9el. Une mani\u00e8re, selon la Quadrature, de favoriser \u201c<\/span><i><span style=\"font-weight: 400;\">l\u2019analyse automatis\u00e9e et en temps r\u00e9el des images<\/span><\/i><span style=\"font-weight: 400;\">\u201d. De l\u00e0, cette technologie permettrait par exemple de \u201c<\/span><i><span style=\"font-weight: 400;\">choisir un visage de manifestant, et d\u00e9cider de le suivre tout au long d\u2019une manifestation<\/span><\/i><span style=\"font-weight: 400;\">\u201d. Une possibilit\u00e9 qui menacerait le droit \u00e0 la libert\u00e9 d\u2019association et de r\u00e9union pacifique : \u201c<\/span><i><span style=\"font-weight: 400;\">On peut imaginer un syst\u00e8me o\u00f9 \u00e0 l\u2019entr\u00e9e d\u2019une manifestation, un policier filme un visage, qui est reconnu, identifi\u00e9 par exemple en tant que militant, et \u00e0 qui on va essayer d\u2019emp\u00eacher le plus possible l\u2019acc\u00e8s \u00e0 la manifestation<\/span><\/i><span style=\"font-weight: 400;\">.\u201d L\u2019association a d\u2019ailleurs appel\u00e9 les citoyens oppos\u00e9s \u00e0 cette proposition de loi \u00e0 <\/span><a href=\"https:\/\/www.laquadrature.net\/securiteglobale\/\"><span style=\"font-weight: 400;\">joindre directement les d\u00e9put\u00e9s<\/span><\/a>&nbsp;pour exprimer leurs inqui\u00e9tudes<span style=\"font-weight: 400;\">.<\/span><\/p>\n<!-- AddThis Advanced Settings generic via filter on the_content --><!-- AddThis Share Buttons generic via filter on the_content -->","protected":false},"excerpt":{"rendered":"<p>Ce 17 novembre \u00e0 18h, l\u2019Assembl\u00e9e Nationale examinait en premi\u00e8re lecture la proposition de loi relative \u00e0 la s\u00e9curit\u00e9 globale. Au m\u00eame moment, des milliers &hellip; <!-- AddThis Advanced Settings generic via filter on wp_trim_excerpt --><!-- AddThis Share Buttons generic via filter on wp_trim_excerpt --><\/p>\n","protected":false},"author":27168,"featured_media":21295,"comment_status":"open","ping_status":"open","sticky":false,"template":"","format":"standard","meta":{"_FSMCFIC_featured_image_caption":"","_FSMCFIC_featured_image_nocaption":"","_FSMCFIC_featured_image_hide":"","footnotes":""},"categories":[6447,23077,6,3887,22672],"tags":[],"class_list":["post-21294","post","type-post","status-publish","format-standard","has-post-thumbnail","hentry","category-manifestations","category-police","category-politique","category-securite","category-violences"],"yoast_head":"<!-- This site is optimized with the Yoast SEO plugin v22.8 - https:\/\/yoast.com\/wordpress\/plugins\/seo\/ -->\n<title>Rassemblement \u00e0 Lyon contre la proposition de loi relative \u00e0 la s\u00e9curit\u00e9 globale - Lyon Bondy Blog<\/title>\n<meta name=\"robots\" content=\"index, follow, max-snippet:-1, max-image-preview:large, max-video-preview:-1\" \/>\n<link rel=\"canonical\" href=\"https:\/\/lyonbondyblog.fr\/LBB\/rassemblement-a-lyon-contre-la-proposition-de-loi-relative-a-la-securite-globale\/\" \/>\n<meta property=\"og:locale\" content=\"fr_FR\" \/>\n<meta property=\"og:type\" content=\"article\" \/>\n<meta property=\"og:title\" content=\"Rassemblement \u00e0 Lyon contre la proposition de loi relative \u00e0 la s\u00e9curit\u00e9 globale - Lyon Bondy Blog\" \/>\n<meta property=\"og:description\" content=\"Ce 17 novembre \u00e0 18h, l\u2019Assembl\u00e9e Nationale examinait en premi\u00e8re lecture la proposition de loi relative \u00e0 la s\u00e9curit\u00e9 globale. Au m\u00eame moment, des milliers &hellip;\" \/>\n<meta property=\"og:url\" content=\"https:\/\/lyonbondyblog.fr\/LBB\/rassemblement-a-lyon-contre-la-proposition-de-loi-relative-a-la-securite-globale\/\" \/>\n<meta property=\"og:site_name\" content=\"Lyon Bondy Blog\" \/>\n<meta property=\"article:publisher\" content=\"https:\/\/www.facebook.com\/lyonbondyblog\" \/>\n<meta property=\"article:published_time\" content=\"2020-11-18T17:18:12+00:00\" \/>\n<meta property=\"article:modified_time\" content=\"2020-11-18T17:27:16+00:00\" \/>\n<meta property=\"og:image\" content=\"https:\/\/lyonbondyblog.fr\/LBB\/wp-content\/uploads\/2020\/11\/manif.jpg\" \/>\n\t<meta property=\"og:image:width\" content=\"2048\" \/>\n\t<meta property=\"og:image:height\" content=\"1365\" \/>\n\t<meta property=\"og:image:type\" content=\"image\/jpeg\" \/>\n<meta name=\"author\" content=\"clement Drognat\" \/>\n<meta name=\"twitter:card\" content=\"summary_large_image\" \/>\n<meta name=\"twitter:creator\" content=\"@bondybloglyon\" \/>\n<meta name=\"twitter:site\" content=\"@bondybloglyon\" \/>\n<script type=\"application\/ld+json\" class=\"yoast-schema-graph\">{\"@context\":\"https:\/\/schema.org\",\"@graph\":[{\"@type\":\"Article\",\"@id\":\"https:\/\/lyonbondyblog.fr\/LBB\/rassemblement-a-lyon-contre-la-proposition-de-loi-relative-a-la-securite-globale\/#article\",\"isPartOf\":{\"@id\":\"https:\/\/lyonbondyblog.fr\/LBB\/rassemblement-a-lyon-contre-la-proposition-de-loi-relative-a-la-securite-globale\/\"},\"author\":{\"name\":\"clement Drognat\",\"@id\":\"https:\/\/lyonbondyblog.fr\/LBB\/#\/schema\/person\/b5fa6aea5756b0a09d40abe87d994760\"},\"headline\":\"Rassemblement \u00e0 Lyon contre la proposition de loi relative \u00e0 la s\u00e9curit\u00e9 globale\",\"datePublished\":\"2020-11-18T17:18:12+00:00\",\"dateModified\":\"2020-11-18T17:27:16+00:00\",\"mainEntityOfPage\":{\"@id\":\"https:\/\/lyonbondyblog.fr\/LBB\/rassemblement-a-lyon-contre-la-proposition-de-loi-relative-a-la-securite-globale\/\"},\"wordCount\":1310,\"commentCount\":0,\"publisher\":{\"@id\":\"https:\/\/lyonbondyblog.fr\/LBB\/#organization\"},\"image\":{\"@id\":\"https:\/\/lyonbondyblog.fr\/LBB\/rassemblement-a-lyon-contre-la-proposition-de-loi-relative-a-la-securite-globale\/#primaryimage\"},\"thumbnailUrl\":\"https:\/\/lyonbondyblog.fr\/LBB\/wp-content\/uploads\/2020\/11\/manif.jpg\",\"articleSection\":[\"Manifestations\",\"Police\",\"Politique\",\"S\u00e9curit\u00e9\",\"Violences\"],\"inLanguage\":\"fr-FR\",\"potentialAction\":[{\"@type\":\"CommentAction\",\"name\":\"Comment\",\"target\":[\"https:\/\/lyonbondyblog.fr\/LBB\/rassemblement-a-lyon-contre-la-proposition-de-loi-relative-a-la-securite-globale\/#respond\"]}]},{\"@type\":\"WebPage\",\"@id\":\"https:\/\/lyonbondyblog.fr\/LBB\/rassemblement-a-lyon-contre-la-proposition-de-loi-relative-a-la-securite-globale\/\",\"url\":\"https:\/\/lyonbondyblog.fr\/LBB\/rassemblement-a-lyon-contre-la-proposition-de-loi-relative-a-la-securite-globale\/\",\"name\":\"Rassemblement \u00e0 Lyon contre la proposition de loi relative \u00e0 la s\u00e9curit\u00e9 globale - Lyon Bondy Blog\",\"isPartOf\":{\"@id\":\"https:\/\/lyonbondyblog.fr\/LBB\/#website\"},\"primaryImageOfPage\":{\"@id\":\"https:\/\/lyonbondyblog.fr\/LBB\/rassemblement-a-lyon-contre-la-proposition-de-loi-relative-a-la-securite-globale\/#primaryimage\"},\"image\":{\"@id\":\"https:\/\/lyonbondyblog.fr\/LBB\/rassemblement-a-lyon-contre-la-proposition-de-loi-relative-a-la-securite-globale\/#primaryimage\"},\"thumbnailUrl\":\"https:\/\/lyonbondyblog.fr\/LBB\/wp-content\/uploads\/2020\/11\/manif.jpg\",\"datePublished\":\"2020-11-18T17:18:12+00:00\",\"dateModified\":\"2020-11-18T17:27:16+00:00\",\"inLanguage\":\"fr-FR\",\"potentialAction\":[{\"@type\":\"ReadAction\",\"target\":[\"https:\/\/lyonbondyblog.fr\/LBB\/rassemblement-a-lyon-contre-la-proposition-de-loi-relative-a-la-securite-globale\/\"]}]},{\"@type\":\"ImageObject\",\"inLanguage\":\"fr-FR\",\"@id\":\"https:\/\/lyonbondyblog.fr\/LBB\/rassemblement-a-lyon-contre-la-proposition-de-loi-relative-a-la-securite-globale\/#primaryimage\",\"url\":\"https:\/\/lyonbondyblog.fr\/LBB\/wp-content\/uploads\/2020\/11\/manif.jpg\",\"contentUrl\":\"https:\/\/lyonbondyblog.fr\/LBB\/wp-content\/uploads\/2020\/11\/manif.jpg\",\"width\":2048,\"height\":1365},{\"@type\":\"WebSite\",\"@id\":\"https:\/\/lyonbondyblog.fr\/LBB\/#website\",\"url\":\"https:\/\/lyonbondyblog.fr\/LBB\/\",\"name\":\"Lyon Bondy Blog\",\"description\":\"\",\"publisher\":{\"@id\":\"https:\/\/lyonbondyblog.fr\/LBB\/#organization\"},\"potentialAction\":[{\"@type\":\"SearchAction\",\"target\":{\"@type\":\"EntryPoint\",\"urlTemplate\":\"https:\/\/lyonbondyblog.fr\/LBB\/?s={search_term_string}\"},\"query-input\":\"required name=search_term_string\"}],\"inLanguage\":\"fr-FR\"},{\"@type\":\"Organization\",\"@id\":\"https:\/\/lyonbondyblog.fr\/LBB\/#organization\",\"name\":\"LYON BONDY BLOG\",\"url\":\"https:\/\/lyonbondyblog.fr\/LBB\/\",\"logo\":{\"@type\":\"ImageObject\",\"inLanguage\":\"fr-FR\",\"@id\":\"https:\/\/lyonbondyblog.fr\/LBB\/#\/schema\/logo\/image\/\",\"url\":\"http:\/\/lyonbondyblog.fr\/LBB\/wp-content\/uploads\/2014\/10\/logo-portable-144.png\",\"contentUrl\":\"http:\/\/lyonbondyblog.fr\/LBB\/wp-content\/uploads\/2014\/10\/logo-portable-144.png\",\"width\":144,\"height\":123,\"caption\":\"LYON BONDY BLOG\"},\"image\":{\"@id\":\"https:\/\/lyonbondyblog.fr\/LBB\/#\/schema\/logo\/image\/\"},\"sameAs\":[\"https:\/\/www.facebook.com\/lyonbondyblog\",\"https:\/\/x.com\/bondybloglyon\"]},{\"@type\":\"Person\",\"@id\":\"https:\/\/lyonbondyblog.fr\/LBB\/#\/schema\/person\/b5fa6aea5756b0a09d40abe87d994760\",\"name\":\"clement Drognat\",\"url\":\"https:\/\/lyonbondyblog.fr\/LBB\/author\/clementdrognat\/\"}]}<\/script>\n<!-- \/ Yoast SEO plugin. -->","yoast_head_json":{"title":"Rassemblement \u00e0 Lyon contre la proposition de loi relative \u00e0 la s\u00e9curit\u00e9 globale - Lyon Bondy Blog","robots":{"index":"index","follow":"follow","max-snippet":"max-snippet:-1","max-image-preview":"max-image-preview:large","max-video-preview":"max-video-preview:-1"},"canonical":"https:\/\/lyonbondyblog.fr\/LBB\/rassemblement-a-lyon-contre-la-proposition-de-loi-relative-a-la-securite-globale\/","og_locale":"fr_FR","og_type":"article","og_title":"Rassemblement \u00e0 Lyon contre la proposition de loi relative \u00e0 la s\u00e9curit\u00e9 globale - Lyon Bondy Blog","og_description":"Ce 17 novembre \u00e0 18h, l\u2019Assembl\u00e9e Nationale examinait en premi\u00e8re lecture la proposition de loi relative \u00e0 la s\u00e9curit\u00e9 globale. Au m\u00eame moment, des milliers &hellip;","og_url":"https:\/\/lyonbondyblog.fr\/LBB\/rassemblement-a-lyon-contre-la-proposition-de-loi-relative-a-la-securite-globale\/","og_site_name":"Lyon Bondy Blog","article_publisher":"https:\/\/www.facebook.com\/lyonbondyblog","article_published_time":"2020-11-18T17:18:12+00:00","article_modified_time":"2020-11-18T17:27:16+00:00","og_image":[{"width":2048,"height":1365,"url":"https:\/\/lyonbondyblog.fr\/LBB\/wp-content\/uploads\/2020\/11\/manif.jpg","type":"image\/jpeg"}],"author":"clement Drognat","twitter_card":"summary_large_image","twitter_creator":"@bondybloglyon","twitter_site":"@bondybloglyon","schema":{"@context":"https:\/\/schema.org","@graph":[{"@type":"Article","@id":"https:\/\/lyonbondyblog.fr\/LBB\/rassemblement-a-lyon-contre-la-proposition-de-loi-relative-a-la-securite-globale\/#article","isPartOf":{"@id":"https:\/\/lyonbondyblog.fr\/LBB\/rassemblement-a-lyon-contre-la-proposition-de-loi-relative-a-la-securite-globale\/"},"author":{"name":"clement Drognat","@id":"https:\/\/lyonbondyblog.fr\/LBB\/#\/schema\/person\/b5fa6aea5756b0a09d40abe87d994760"},"headline":"Rassemblement \u00e0 Lyon contre la proposition de loi relative \u00e0 la s\u00e9curit\u00e9 globale","datePublished":"2020-11-18T17:18:12+00:00","dateModified":"2020-11-18T17:27:16+00:00","mainEntityOfPage":{"@id":"https:\/\/lyonbondyblog.fr\/LBB\/rassemblement-a-lyon-contre-la-proposition-de-loi-relative-a-la-securite-globale\/"},"wordCount":1310,"commentCount":0,"publisher":{"@id":"https:\/\/lyonbondyblog.fr\/LBB\/#organization"},"image":{"@id":"https:\/\/lyonbondyblog.fr\/LBB\/rassemblement-a-lyon-contre-la-proposition-de-loi-relative-a-la-securite-globale\/#primaryimage"},"thumbnailUrl":"https:\/\/lyonbondyblog.fr\/LBB\/wp-content\/uploads\/2020\/11\/manif.jpg","articleSection":["Manifestations","Police","Politique","S\u00e9curit\u00e9","Violences"],"inLanguage":"fr-FR","potentialAction":[{"@type":"CommentAction","name":"Comment","target":["https:\/\/lyonbondyblog.fr\/LBB\/rassemblement-a-lyon-contre-la-proposition-de-loi-relative-a-la-securite-globale\/#respond"]}]},{"@type":"WebPage","@id":"https:\/\/lyonbondyblog.fr\/LBB\/rassemblement-a-lyon-contre-la-proposition-de-loi-relative-a-la-securite-globale\/","url":"https:\/\/lyonbondyblog.fr\/LBB\/rassemblement-a-lyon-contre-la-proposition-de-loi-relative-a-la-securite-globale\/","name":"Rassemblement \u00e0 Lyon contre la proposition de loi relative \u00e0 la s\u00e9curit\u00e9 globale - Lyon Bondy Blog","isPartOf":{"@id":"https:\/\/lyonbondyblog.fr\/LBB\/#website"},"primaryImageOfPage":{"@id":"https:\/\/lyonbondyblog.fr\/LBB\/rassemblement-a-lyon-contre-la-proposition-de-loi-relative-a-la-securite-globale\/#primaryimage"},"image":{"@id":"https:\/\/lyonbondyblog.fr\/LBB\/rassemblement-a-lyon-contre-la-proposition-de-loi-relative-a-la-securite-globale\/#primaryimage"},"thumbnailUrl":"https:\/\/lyonbondyblog.fr\/LBB\/wp-content\/uploads\/2020\/11\/manif.jpg","datePublished":"2020-11-18T17:18:12+00:00","dateModified":"2020-11-18T17:27:16+00:00","inLanguage":"fr-FR","potentialAction":[{"@type":"ReadAction","target":["https:\/\/lyonbondyblog.fr\/LBB\/rassemblement-a-lyon-contre-la-proposition-de-loi-relative-a-la-securite-globale\/"]}]},{"@type":"ImageObject","inLanguage":"fr-FR","@id":"https:\/\/lyonbondyblog.fr\/LBB\/rassemblement-a-lyon-contre-la-proposition-de-loi-relative-a-la-securite-globale\/#primaryimage","url":"https:\/\/lyonbondyblog.fr\/LBB\/wp-content\/uploads\/2020\/11\/manif.jpg","contentUrl":"https:\/\/lyonbondyblog.fr\/LBB\/wp-content\/uploads\/2020\/11\/manif.jpg","width":2048,"height":1365},{"@type":"WebSite","@id":"https:\/\/lyonbondyblog.fr\/LBB\/#website","url":"https:\/\/lyonbondyblog.fr\/LBB\/","name":"Lyon Bondy Blog","description":"","publisher":{"@id":"https:\/\/lyonbondyblog.fr\/LBB\/#organization"},"potentialAction":[{"@type":"SearchAction","target":{"@type":"EntryPoint","urlTemplate":"https:\/\/lyonbondyblog.fr\/LBB\/?s={search_term_string}"},"query-input":"required name=search_term_string"}],"inLanguage":"fr-FR"},{"@type":"Organization","@id":"https:\/\/lyonbondyblog.fr\/LBB\/#organization","name":"LYON BONDY BLOG","url":"https:\/\/lyonbondyblog.fr\/LBB\/","logo":{"@type":"ImageObject","inLanguage":"fr-FR","@id":"https:\/\/lyonbondyblog.fr\/LBB\/#\/schema\/logo\/image\/","url":"http:\/\/lyonbondyblog.fr\/LBB\/wp-content\/uploads\/2014\/10\/logo-portable-144.png","contentUrl":"http:\/\/lyonbondyblog.fr\/LBB\/wp-content\/uploads\/2014\/10\/logo-portable-144.png","width":144,"height":123,"caption":"LYON BONDY BLOG"},"image":{"@id":"https:\/\/lyonbondyblog.fr\/LBB\/#\/schema\/logo\/image\/"},"sameAs":["https:\/\/www.facebook.com\/lyonbondyblog","https:\/\/x.com\/bondybloglyon"]},{"@type":"Person","@id":"https:\/\/lyonbondyblog.fr\/LBB\/#\/schema\/person\/b5fa6aea5756b0a09d40abe87d994760","name":"clement Drognat","url":"https:\/\/lyonbondyblog.fr\/LBB\/author\/clementdrognat\/"}]}},"_links":{"self":[{"href":"https:\/\/lyonbondyblog.fr\/LBB\/wp-json\/wp\/v2\/posts\/21294","targetHints":{"allow":["GET"]}}],"collection":[{"href":"https:\/\/lyonbondyblog.fr\/LBB\/wp-json\/wp\/v2\/posts"}],"about":[{"href":"https:\/\/lyonbondyblog.fr\/LBB\/wp-json\/wp\/v2\/types\/post"}],"author":[{"embeddable":true,"href":"https:\/\/lyonbondyblog.fr\/LBB\/wp-json\/wp\/v2\/users\/27168"}],"replies":[{"embeddable":true,"href":"https:\/\/lyonbondyblog.fr\/LBB\/wp-json\/wp\/v2\/comments?post=21294"}],"version-history":[{"count":2,"href":"https:\/\/lyonbondyblog.fr\/LBB\/wp-json\/wp\/v2\/posts\/21294\/revisions"}],"predecessor-version":[{"id":21298,"href":"https:\/\/lyonbondyblog.fr\/LBB\/wp-json\/wp\/v2\/posts\/21294\/revisions\/21298"}],"wp:featuredmedia":[{"embeddable":true,"href":"https:\/\/lyonbondyblog.fr\/LBB\/wp-json\/wp\/v2\/media\/21295"}],"wp:attachment":[{"href":"https:\/\/lyonbondyblog.fr\/LBB\/wp-json\/wp\/v2\/media?parent=21294"}],"wp:term":[{"taxonomy":"category","embeddable":true,"href":"https:\/\/lyonbondyblog.fr\/LBB\/wp-json\/wp\/v2\/categories?post=21294"},{"taxonomy":"post_tag","embeddable":true,"href":"https:\/\/lyonbondyblog.fr\/LBB\/wp-json\/wp\/v2\/tags?post=21294"}],"curies":[{"name":"wp","href":"https:\/\/api.w.org\/{rel}","templated":true}]}}