{"id":21219,"date":"2020-11-03T16:57:43","date_gmt":"2020-11-03T15:57:43","guid":{"rendered":"http:\/\/lyonbondyblog.fr\/LBB\/?p=21219"},"modified":"2020-11-06T17:17:22","modified_gmt":"2020-11-06T16:17:22","slug":"100-jours-de-gregory-doucet-julien-pcf-toute-population-en-gentrifie-une-autre","status":"publish","type":"post","link":"https:\/\/lyonbondyblog.fr\/LBB\/100-jours-de-gregory-doucet-julien-pcf-toute-population-en-gentrifie-une-autre\/","title":{"rendered":"100 jours de Gr\u00e9gory Doucet : Julien (PCF) \u00ab\u00a0Toute population en gentrifie une autre\u201d"},"content":{"rendered":"<p><b>Nous continuons notre s\u00e9rie d\u2019entretiens sur les 100 jours de Gr\u00e9gory Doucet \u00e0 la Mairie de Lyon avec Julien, militant du Parti Communiste Fran\u00e7ais. Dans cet entretien, Julien insiste sur l\u2019importance des politiques de logements.<\/b><\/p>\n<p><img loading=\"lazy\" decoding=\"async\" class=\"wp-image-21220 aligncenter\" src=\"https:\/\/lyonbondyblog.fr\/LBB\/wp-content\/uploads\/2020\/11\/PCF-Logo-1200x831.png\" alt=\"\" width=\"955\" height=\"661\" srcset=\"https:\/\/lyonbondyblog.fr\/LBB\/wp-content\/uploads\/2020\/11\/PCF-Logo.png 1200w, https:\/\/lyonbondyblog.fr\/LBB\/wp-content\/uploads\/2020\/11\/PCF-Logo-768x532.png 768w, https:\/\/lyonbondyblog.fr\/LBB\/wp-content\/uploads\/2020\/11\/PCF-Logo-600x416.png 600w\" sizes=\"auto, (max-width: 955px) 100vw, 955px\" \/><\/p>\n<p><span style=\"font-weight: 400;\">Cet entretien a \u00e9t\u00e9 r\u00e9alis\u00e9 le lundi 19 octobre 2020. Il est important de le remettre dans son contexte, notamment au regard des annonces municipales (annulation de la F\u00eate des Lumi\u00e8res) ou gouvernementales (deuxi\u00e8me confinement).<\/span><\/p>\n<p><b>Quel regard portez-vous sur le d\u00e9but de mandat de Gr\u00e9gory Doucet ?<\/b><\/p>\n<p><span style=\"font-weight: 400;\">Mon regard il est globalement positif puisqu\u2019on sort d\u2019une p\u00e9riode o\u00f9 il ne s\u2019est pas pass\u00e9 grand chose : le dernier mandat de Collomb. Il y a un nouveau dynamisme. J\u2019ai vu des \u00e9lus tr\u00e8s investis. Malgr\u00e9 le retard des \u00e9lections, ils ont pris le train assez vite. Ils ont sorti des projets d\u00e8s le mois de septembre. C\u2019est all\u00e9 tr\u00e8s vite notamment sur la pi\u00e9tonisation des \u00e9coles, cela aurait d\u00fb \u00eatre d\u00e9j\u00e0 fait depuis 10 ans. Collomb s\u2019y est refus\u00e9 toutes ces ann\u00e9es. On a senti une volont\u00e9 de rattrapage.<\/span><\/p>\n<p><span style=\"font-weight: 400;\">Ils ont fait preuve d\u2019un courage politique sur tout ce qui concerne \u00ab\u00a0les mobilit\u00e9s\u00a0\u00bb, pour encourager par exemple les am\u00e9nagements pour le v\u00e9lo. Les pi\u00e9tons et les v\u00e9los sont mis au centre de la ville.<\/span><\/p>\n<p><span style=\"font-weight: 400;\">Maintenant est-ce que ce courage politique va se traduire aussi dans la politique du logement social ? Il faudra surveiller \u00e7a dans les prochains mois.&nbsp;&nbsp;<\/span><\/p>\n<p><b>Quel est selon-vous le dossier que la mairie doit mettre en priorit\u00e9 ? Et faites-vous confiance \u00e0 Gr\u00e9gory Doucet et son \u00e9quipe pour y faire fasse ?<\/b><\/p>\n<p><span style=\"font-weight: 400;\">Le dossier principal pour moi c\u2019est la politique du logement !<\/span><\/p>\n<p><span style=\"font-weight: 400;\">L\u2019augmentation des prix de l\u2019immobilier, aussi bien \u00e0 l\u2019achat qu\u2019en location, fait que les lyonnais n\u2019arrivent plus \u00e0 se loger dans leur ville ! <\/span><\/p>\n<p><span style=\"font-weight: 400;\">On assiste \u00e0 un remplacement des populations qu\u2019on appelle la gentrification. Ce n\u2019est pas forc\u00e9ment quelque chose de n\u00e9gatif comme on le voit \u00e0 la Soie, mais toute population en gentrifie une autre. On arrive \u00e0 voir des populations de classe moyenne ou sup\u00e9rieure qui se font gentrifier par une autre population encore plus riche.<br \/>\n<\/span><span style=\"font-weight: 400;\">Ce qui pose souci, c\u2019est que ces populations vont aller gentrifier des populations plus populaires et les mettre encore plus loin. Cela am\u00e8ne de nouvelles probl\u00e9matiques sur les transports\u2026 Je ne suis pas s\u00fbr que les verts vont prendre ce probl\u00e8me \u00e0 bras le corps.&nbsp;<\/span><\/p>\n<p><b>Le Maire et le pr\u00e9sident de la M\u00e9tropole <\/b><a href=\"https:\/\/france3-regions.francetvinfo.fr\/auvergne-rhone-alpes\/rhone\/lyon\/maire-lyon-gregory-doucet-demande-au-premier-ministre-assouplissement-fermeture-bars-22h-1879564.html\"><b>ont demand\u00e9 le 1er octobre au Premier Ministre<\/b><\/a><b> l\u2019assouplissement des mesures sanitaires dans la m\u00e9tropole lyonnaise.<\/b> <b>Gr\u00e9gory Doucet avait montr\u00e9 qu\u2019il \u00e9tait <\/b><a href=\"https:\/\/france3-regions.francetvinfo.fr\/auvergne-rhone-alpes\/rhone\/lyon\/fermeture-bars-lyon-maire-lyon-gregory-doucet-regrette-changement-brutal-methode-1878422.html\"><b>contre la fermeture des bars<\/b><\/a><b>, qu\u2019aviez-vous pens\u00e9 de sa position sur le sujet ? Selon vous, quelles r\u00e9percussions aura le couvre-feu sur les lyonnais ?&nbsp;<\/b><\/p>\n<p><span style=\"font-weight: 400;\">Le couvre-feu, si c\u2019est juste pour dire aux gens \u201c ne prenez pas de risque, ne sortez pas de chez vous \u201d c\u2019est un peu absurde ou alors, il faut aussi imposer aux entreprises de privil\u00e9gier le t\u00e9l\u00e9travail.<\/span><\/p>\n<p><span style=\"font-weight: 400;\">Ne pas simplement sacrifier la vie sociale et culturelle au nom d\u2019une crise sanitaire o\u00f9 le seul souci c\u2019est la saturation des h\u00f4pitaux. Je n\u2019ai pas forc\u00e9ment d\u2019avis sur le positionnement de Gr\u00e9gory Doucet : il a quand m\u00eame un \u00e9lectorat commer\u00e7ant \u00e0 prot\u00e9ger\u2026 Ce qui est s\u00fbr c\u2019est qu\u2019on paye la non-cr\u00e9ation de lits en h\u00f4pital et le non-recrutement d\u2019infirmiers.<\/span><\/p>\n<p><b>En septembre, Gr\u00e9gory Doucet a sign\u00e9 une <\/b><a href=\"https:\/\/www.lyoncapitale.fr\/actualite\/lyon-gregory-doucet-signe-une-tribune-pour-un-moratoire-sur-la-5g\/\"><b>tribune <\/b><\/a><b>pour un moratoire sur la 5G, afin qu\u2019il y ait avant son d\u00e9ploiement, un d\u00e9bat d\u00e9mocratique \u00e0 son propos. Etes-vous d\u2019accord avec cette tribune ?&nbsp;<\/b><\/p>\n<p><span style=\"font-weight: 400;\">Je n\u2019ai pas lu la tribune, mais n\u2019importe quelle technologie qui appara\u00eet devrait faire l\u2019objet d\u2019un d\u00e9bat. A savoir dans un premier temps si on est pour ou contre son arriv\u00e9e. L\u2019absence de d\u00e9bat est plus choquante que l\u2019installation de la 5G elle-m\u00eame.<\/span><\/p>\n<p><span style=\"font-weight: 400;\">La question est de savoir comment elle est mise en place, par qui et pour qui ? S\u2019il s\u2019agit de servir l&rsquo;hospitalier ou la t\u00e9l\u00e9m\u00e9decine, tant mieux !<\/span><\/p>\n<p><span style=\"font-weight: 400;\">C\u2019est toujours pareil, \u00e0 qui profite le crime ? S\u2019il s\u2019agit de mieux collecter les donn\u00e9es pour les GAFAM, je ne vois pas trop l\u2019int\u00e9r\u00eat. Donc il faut un d\u00e9bat sur la 5G, que l\u2019on puisse se positionner clairement dessus.&nbsp;<\/span><\/p>\n<p><b>Derni\u00e8rement, Gr\u00e9gory Doucet pr\u00e9voyait de <\/b><a href=\"https:\/\/www.lyoncapitale.fr\/actualite\/covid-19-gregory-doucet-veut-une-fete-des-lumieres-adaptee\/\"><b>maintenir la f\u00eate des lumi\u00e8res \u00e0 une jauge de 5000 personnes<\/b><\/a><b>. Pensez-vous qu\u2019il est encore possible de la maintenir, et dans quelles conditions ?<\/b><\/p>\n<p><span style=\"font-weight: 400;\">Je pense qu\u2019il n\u2019est malheureusement pas possible de la maintenir. Si on \u00e9coute le corps m\u00e9dical et les sp\u00e9cialistes tout indique le contraire. Depuis juin, on nous annonce un nouveau confinement \u00e0 la fin de l\u2019automne, je ne pense pas que dans deux semaines la situation se soit grandement am\u00e9lior\u00e9e et qu\u2019on puisse maintenir la f\u00eate des lumi\u00e8res. Je pense aussi que Gr\u00e9gory Doucet en a conscience et qu\u2019il essaye d\u2019adapter quelque chose pour sa tenue. De mon point de vue cela semble tr\u00e8s compliqu\u00e9.<\/span><\/p>\n<p><b>Voyez-vous une diff\u00e9rence dans vos capacit\u00e9s \u00e0 discuter avec la majorit\u00e9 lyonnaise depuis que les \u00e9quipes de Gr\u00e9gory Doucet sont au pouvoir ?&nbsp;<\/b><\/p>\n<p><span style=\"font-weight: 400;\">Pour l\u2019instant non\u2026 Les \u00e9lus communistes n\u2019ont pas de mal \u00e0 discuter avec leur majorit\u00e9. Il y a d\u2019ailleurs beaucoup de maires d\u2019arrondissements qui sont ouverts \u00e0 de nombreuses propositions communistes mais pas seulement. Il y a un climat serein, de dialogue, de d\u00e9bat et de prise en compte des diff\u00e9rentes id\u00e9es. Apr\u00e8s il faudra voir comment \u00e7a se mat\u00e9rialise pour le citoyen lambda. Il voulait d\u00e9poussi\u00e9rer les conseils de quartiers et les remettre \u00e0 l\u2019ordre du jour. A Monplaisir, il y a une esp\u00e8ce d\u2019antichambre anti-d\u00e9mocratique avec un \u00e9lu qui prenait les meilleurs id\u00e9es pour les mettre sur un programme et qui ne laissait aucune marge de manoeuvre aux citoyens pour cr\u00e9er des projets. Si demain la majorit\u00e9 met vraiment un budget pour ces conseils et donne une libert\u00e9 au d\u00e9bat, \u00e7a peut \u00eatre int\u00e9ressant.&nbsp;<\/span><\/p>\n<p><b>Gr\u00e9gory Doucet souhaite <\/b><a href=\"https:\/\/www.mediacites.fr\/enquete\/lyon\/2020\/10\/13\/securite-face-a-la-colere-des-habitants-le-jeu-dequilibriste-des-pouvoirs-publics-lyonnais\/\"><b>recruter <\/b><\/a><b>20 policiers municipaux suppl\u00e9mentaires, parall\u00e8lement il projette d\u2019implanter dans tous les quartiers une antenne de police municipale. Faites-vous confiance aux \u00e9lus \u00e9cologistes pour traiter les questions de s\u00e9curit\u00e9 et pourquoi ? <\/b><span style=\"font-weight: 400;\">&nbsp;&nbsp;<\/span><\/p>\n<p><span style=\"font-weight: 400;\">Je suis relativement confiant envers eux pour traiter les questions de s\u00e9curit\u00e9. Ce n\u2019est pas l&rsquo;apanage des \u00e9cologistes ou de quiconque. La question c\u2019est de savoir quelle police on veut. Je suis totalement favorable \u00e0 un d\u00e9ploiement d\u2019antenne de police municipale mais pas que, aussi de services publics dans les quartiers. Que ce soit des bureaux de poste ou m\u00eame les guichets SNCF. Le red\u00e9ploiement des services publics dans tous les arrondissement est une vraie probl\u00e9matique. Le simple d\u00e9ploiement de forces de police est insuffisant. Il faut aussi que dans les centres sociaux qu&rsquo;il y ait un lien avec les assistantes sociales. Il faut un parcours complet d\u2019alternative \u00e0 la d\u00e9linquance. Quoi qu&rsquo;il arrive, avoir une police de terrain qui est abordable \u00e0 pieds et qui n\u2019est pas l\u00e0 uniquement pour mettre des contraventions c\u2019est toujours utile. Cela d\u00e9pend de la mani\u00e8re dont on voit un ASVP ou un agent de police municipale. Il faut restaurer un dialogue, cr\u00e9er un quartier o\u00f9 les liens sociaux permettent de r\u00e9pondre \u00e0 n\u2019importe quel probl\u00e8me sans que cela ne monte en violence.<\/span><\/p>\n<p><b>La Mairie souhaite renforcer son action pour l\u2019\u00e9galit\u00e9 \u00e0 travers la mise en place<\/b><a href=\"https:\/\/www.franceinter.fr\/un-budget-genre-a-la-mairie-de-lyon-qu-est-ce-que-ca-va-changer\"><b> d\u2019un \u201cbudget sensible au genre\u201d<\/b><\/a> <b>sur l\u2019\u00e9ducation et le sport, la valorisation du travail des femmes \u00e0 travers la commande publique ou encore l\u2019ouverture d\u2019un d\u00e9bat sur l\u2019\u00e9criture inclusive. Pensez-vous que ces initiatives sont&nbsp; efficaces ou qu\u2019il s\u2019agit d\u2019une campagne de communication ?&nbsp; \u00cates-vous favorables \u00e0 ce genre de pratiques de discrimination positive ?<\/b><\/p>\n<p><span style=\"font-weight: 400;\">Je dirais que oui, je suis favorable \u00e0 la discrimination positive. Je ne pense pas que l\u2019ensemble des sujets r\u00e9gleront les principaux probl\u00e8mes que peut avoir une femme \u00e0 Lyon. Aujourd\u2019hui on a cinq logements pour femmes battues \u00e0 Lyon. Pour moi il faut massivement d\u00e9velopper des appartements de refuge. Il y a tout un parcours r\u00e9sidentiel \u00e0 cr\u00e9er lorsqu\u2019une femme d\u00e9cide de s\u2019\u00e9chapper, cinq r\u00e9sidences c\u2019est totalement ridicule dans le parc social !&nbsp;<\/span><\/p>\n<p><span style=\"font-weight: 400;\">Sur le harc\u00e8lement de rue, on attend aussi beaucoup plus ! J\u2019ai des amies qui se sentent mal de nuit dans des quartiers comme la Guilloti\u00e8re. La question ce n\u2019est pas simplement celle de l\u2019\u00e9criture, il y a la question de l\u2019\u00e9ducation mais aussi des moyens \u00e0 donner pour faire face au harc\u00e8lement. M\u00eame \u00e0 v\u00e9lo des femmes se font harceler \u00e0 Lyon. Il faut aussi de la r\u00e9pression, il y a des lois, il faut les appliquer.&nbsp;<\/span><\/p>\n<p><b>La m\u00e9tropole de Lyon a fait plusieurs propositions d\u2019aide aux quartiers populaires tels que la <\/b><a href=\"https:\/\/www.mediacites.fr\/promesse\/creer-des-maisons-de-lalimentation-notamment-dans-les-37-quartiers-prioritaires-de-la-politique-de-la-ville\/\"><b>cr\u00e9ation de Maison de l\u2019alimentation dans les 37 quartiers prioritaires de la ville<\/b><\/a><b> ou encore l\u2019augmentation significative du nombre de logements sociaux. Que pensez-vous du fait que la M\u00e9tropole semble prendre les d\u00e9cisions les plus importantes en la mati\u00e8re ?<\/b><\/p>\n<p><span style=\"font-weight: 400;\">Ca d\u00e9pend du pourcentage qu\u2019on met dans les logements sociaux. Aujourd\u2019hui les 25% r\u00e9glementaires ne sont pas suffisants lorsque 80% de la population y a droit. Il y a la question du nombre mais pas que. Je suis un peu d\u00e9sappoint\u00e9 sur le terme de \u201cmixit\u00e9 sociale\u201d, je n\u2019y crois pas pour la simple et bonne raison que les riches ne se m\u00e9langeront jamais !<\/span><\/p>\n<p><span style=\"font-weight: 400;\">Ce qu\u2019on a fait \u00e0 la Duch\u00e8re ou \u00e0 Mermoz c\u2019est pas de la mixit\u00e9 sociale. On invite des classes moyennes qui ne peuvent se loger sur Lyon. On fait baisser un stock de logement pour de la mixit\u00e9 sociale mais en fait ces logements sont occup\u00e9s par des gens de classe moyenne et les logements sociaux vont plus loin. L\u2019encadrement des loyers est une premi\u00e8re d\u00e9marche pour le parc locatif. A aucun moment il n\u2019est question de l\u2019achat. Les loyers sont un probl\u00e8mes, les loyers comme Airbnb c\u2019est un autre probl\u00e8me. Mais si l\u2019achat reste \u00e0 6000 euros le m\u00e8tre carr\u00e9, on n\u2019a rien r\u00e9gl\u00e9. Il y a des gens qui ont une capacit\u00e9 d\u2019investissement et ils vont \u00eatre les seuls propri\u00e9taires. Soit on en fait une mesure qui change le cours des choses sur les 20 ou 30 prochaines ann\u00e9es, par exemple, en interdisant des constructions qui ne sont pas des logements sociaux. Dans le quartier de la Guilloti\u00e8re on est proche des 16-17 % de logements sociaux, pour qu\u2019ils arrivent au 25% l\u00e9gal, il faut que toutes les nouvelles constructions y soient consacr\u00e9es. Si on veut que les habitants restent dans Lyon, il va falloir des r\u00e8gles beaucoup plus rigoureuses qu\u2019un simple encadrement de loyer. Actuellement on reste sur une dynamique de gentrification.&nbsp;<\/span><\/p>\n<p><b>Pour <\/b><a href=\"https:\/\/www.rue89lyon.fr\/2020\/06\/29\/lyon-qui-est-ladjointe-cle-des-ecologistes-placee-a-la-democratie-participative\/\"><b>redynamiser la d\u00e9mocratie participative<\/b><\/a><b> \u00e0 Lyon, la Mairie travaille sur la cr\u00e9ation de conseils des a\u00een\u00e9s, de conseils d\u2019arrondissement des enfants ou encore d\u2019un barom\u00e8tre du bien-\u00eatre des lyonnais. On peut aussi noter la cr\u00e9ation d\u2019un budget g\u00e9r\u00e9 par les citoyens repr\u00e9sentant au total 5% du budget d\u2019investissements. Que pensez-vous de ces initiatives ? Pensez-vous qu\u2019elles permettent r\u00e9ellement une meilleure participation politique des citoyens, alors que l\u2019abstention est en hausse ces derni\u00e8res ann\u00e9es ?<\/b><\/p>\n<p><span style=\"font-weight: 400;\">Globalement c\u2019est hyper positif ! Ce qu\u2019il manquait au conseils de quartier c\u2019\u00e9tait un budget mais aussi une repr\u00e9sentativit\u00e9. C\u2019est pas juste une marionnette qu\u2019on agite en temps qu\u2019\u00e9lu tous les six mois pour se donner bonne conscience. Pour ce qui est de la repr\u00e9sentativit\u00e9, on voit qu\u2019aux conseils de quartiers ce sont toujours le m\u00eames t\u00eates. On peut se questionner : est-ce que des associations sportives, des associations de commer\u00e7ants ou autre pourraient int\u00e9grer ces m\u00eames conseils ? Je pense qu\u2019il y a un gros manque de repr\u00e9sentativit\u00e9, \u00e7a ne repr\u00e9sente jamais le quartier dans sa classe d\u2019\u00e2ge ou sa cat\u00e9gorie socioprofessionnelle. Il y a aussi la question du lieu et des horaires. Les marges de man\u0153uvre sont nombreuses, cela pourrait avoir lieu le samedi apr\u00e8s-midi sur une place du quartier plut\u00f4t qu\u2019un soir de semaine dans une petite salle.&nbsp;<\/span><\/p>\n<p><b>Concr\u00e8tement, quels changements esp\u00e9rez-vous encore dans la gestion municipale de Gregory Doucet ?<\/b><\/p>\n<p><span style=\"font-weight: 400;\">On est en d\u00e9but de mandat, il y a encore des tas de choses \u00e0 faire. On en saura plus dans quelques jours avec la PPI (Plan pluriannuel d\u2019investissement). En 100 jours ils ont quand m\u00eame fait des choses, que ce soit la pi\u00e9tonnisation, sur les mobilit\u00e9s. Maintenant c\u2019est la question des logements et des services publics qui doit \u00eatre davantage mise en avant. Il ne faut pas que l\u2019\u00e9nergie qu\u2019ils ont mis dans ces 100 premiers jours se d\u00e9gonflent pour le reste du mandat. <\/span><\/p>\n<!-- AddThis Advanced Settings generic via filter on the_content --><!-- AddThis Share Buttons generic via filter on the_content -->","protected":false},"excerpt":{"rendered":"<p>Nous continuons notre s\u00e9rie d\u2019entretiens sur les 100 jours de Gr\u00e9gory Doucet \u00e0 la Mairie de Lyon avec Julien, militant du Parti Communiste Fran\u00e7ais. Dans &hellip; <!-- AddThis Advanced Settings generic via filter on wp_trim_excerpt --><!-- AddThis Share Buttons generic via filter on wp_trim_excerpt --><\/p>\n","protected":false},"author":1,"featured_media":21220,"comment_status":"open","ping_status":"open","sticky":false,"template":"","format":"standard","meta":{"_FSMCFIC_featured_image_caption":"","_FSMCFIC_featured_image_nocaption":"","_FSMCFIC_featured_image_hide":"","footnotes":""},"categories":[4,6],"tags":[],"class_list":["post-21219","post","type-post","status-publish","format-standard","has-post-thumbnail","hentry","category-lyon","category-politique"],"yoast_head":"<!-- This site is optimized with the Yoast SEO plugin v22.8 - https:\/\/yoast.com\/wordpress\/plugins\/seo\/ -->\n<title>100 jours de Gr\u00e9gory Doucet : Julien (PCF) &quot;Toute population en gentrifie une autre\u201d - Lyon Bondy Blog<\/title>\n<meta name=\"robots\" content=\"index, follow, max-snippet:-1, max-image-preview:large, max-video-preview:-1\" \/>\n<link rel=\"canonical\" href=\"https:\/\/lyonbondyblog.fr\/LBB\/100-jours-de-gregory-doucet-julien-pcf-toute-population-en-gentrifie-une-autre\/\" \/>\n<meta property=\"og:locale\" content=\"fr_FR\" \/>\n<meta property=\"og:type\" content=\"article\" \/>\n<meta property=\"og:title\" content=\"100 jours de Gr\u00e9gory Doucet : Julien (PCF) &quot;Toute population en gentrifie une autre\u201d - Lyon Bondy Blog\" \/>\n<meta property=\"og:description\" content=\"Nous continuons notre s\u00e9rie d\u2019entretiens sur les 100 jours de Gr\u00e9gory Doucet \u00e0 la Mairie de Lyon avec Julien, militant du Parti Communiste Fran\u00e7ais. Dans &hellip;\" \/>\n<meta property=\"og:url\" content=\"https:\/\/lyonbondyblog.fr\/LBB\/100-jours-de-gregory-doucet-julien-pcf-toute-population-en-gentrifie-une-autre\/\" \/>\n<meta property=\"og:site_name\" content=\"Lyon Bondy Blog\" \/>\n<meta property=\"article:publisher\" content=\"https:\/\/www.facebook.com\/lyonbondyblog\" \/>\n<meta property=\"article:author\" content=\"https:\/\/www.facebook.com\/lyonbondyblog\" \/>\n<meta property=\"article:published_time\" content=\"2020-11-03T15:57:43+00:00\" \/>\n<meta property=\"article:modified_time\" content=\"2020-11-06T16:17:22+00:00\" \/>\n<meta property=\"og:image\" content=\"https:\/\/lyonbondyblog.fr\/LBB\/wp-content\/uploads\/2020\/11\/PCF-Logo.png\" \/>\n\t<meta property=\"og:image:width\" content=\"1200\" \/>\n\t<meta property=\"og:image:height\" content=\"831\" \/>\n\t<meta property=\"og:image:type\" content=\"image\/png\" \/>\n<meta name=\"author\" content=\"La r\u00e9daction\" \/>\n<meta name=\"twitter:card\" content=\"summary_large_image\" \/>\n<meta name=\"twitter:creator\" content=\"@BondyBlogLyon\" \/>\n<meta name=\"twitter:site\" content=\"@bondybloglyon\" \/>\n<script type=\"application\/ld+json\" class=\"yoast-schema-graph\">{\"@context\":\"https:\/\/schema.org\",\"@graph\":[{\"@type\":\"Article\",\"@id\":\"https:\/\/lyonbondyblog.fr\/LBB\/100-jours-de-gregory-doucet-julien-pcf-toute-population-en-gentrifie-une-autre\/#article\",\"isPartOf\":{\"@id\":\"https:\/\/lyonbondyblog.fr\/LBB\/100-jours-de-gregory-doucet-julien-pcf-toute-population-en-gentrifie-une-autre\/\"},\"author\":{\"name\":\"La r\u00e9daction\",\"@id\":\"https:\/\/lyonbondyblog.fr\/LBB\/#\/schema\/person\/e45f8d27baac75072daa0be50c409b25\"},\"headline\":\"100 jours de Gr\u00e9gory Doucet : Julien (PCF) \u00ab\u00a0Toute population en gentrifie une autre\u201d\",\"datePublished\":\"2020-11-03T15:57:43+00:00\",\"dateModified\":\"2020-11-06T16:17:22+00:00\",\"mainEntityOfPage\":{\"@id\":\"https:\/\/lyonbondyblog.fr\/LBB\/100-jours-de-gregory-doucet-julien-pcf-toute-population-en-gentrifie-une-autre\/\"},\"wordCount\":2292,\"commentCount\":0,\"publisher\":{\"@id\":\"https:\/\/lyonbondyblog.fr\/LBB\/#organization\"},\"image\":{\"@id\":\"https:\/\/lyonbondyblog.fr\/LBB\/100-jours-de-gregory-doucet-julien-pcf-toute-population-en-gentrifie-une-autre\/#primaryimage\"},\"thumbnailUrl\":\"https:\/\/lyonbondyblog.fr\/LBB\/wp-content\/uploads\/2020\/11\/PCF-Logo.png\",\"articleSection\":[\"Lyon\",\"Politique\"],\"inLanguage\":\"fr-FR\",\"potentialAction\":[{\"@type\":\"CommentAction\",\"name\":\"Comment\",\"target\":[\"https:\/\/lyonbondyblog.fr\/LBB\/100-jours-de-gregory-doucet-julien-pcf-toute-population-en-gentrifie-une-autre\/#respond\"]}]},{\"@type\":\"WebPage\",\"@id\":\"https:\/\/lyonbondyblog.fr\/LBB\/100-jours-de-gregory-doucet-julien-pcf-toute-population-en-gentrifie-une-autre\/\",\"url\":\"https:\/\/lyonbondyblog.fr\/LBB\/100-jours-de-gregory-doucet-julien-pcf-toute-population-en-gentrifie-une-autre\/\",\"name\":\"100 jours de Gr\u00e9gory Doucet : Julien (PCF) \\\"Toute population en gentrifie une autre\u201d - Lyon Bondy Blog\",\"isPartOf\":{\"@id\":\"https:\/\/lyonbondyblog.fr\/LBB\/#website\"},\"primaryImageOfPage\":{\"@id\":\"https:\/\/lyonbondyblog.fr\/LBB\/100-jours-de-gregory-doucet-julien-pcf-toute-population-en-gentrifie-une-autre\/#primaryimage\"},\"image\":{\"@id\":\"https:\/\/lyonbondyblog.fr\/LBB\/100-jours-de-gregory-doucet-julien-pcf-toute-population-en-gentrifie-une-autre\/#primaryimage\"},\"thumbnailUrl\":\"https:\/\/lyonbondyblog.fr\/LBB\/wp-content\/uploads\/2020\/11\/PCF-Logo.png\",\"datePublished\":\"2020-11-03T15:57:43+00:00\",\"dateModified\":\"2020-11-06T16:17:22+00:00\",\"inLanguage\":\"fr-FR\",\"potentialAction\":[{\"@type\":\"ReadAction\",\"target\":[\"https:\/\/lyonbondyblog.fr\/LBB\/100-jours-de-gregory-doucet-julien-pcf-toute-population-en-gentrifie-une-autre\/\"]}]},{\"@type\":\"ImageObject\",\"inLanguage\":\"fr-FR\",\"@id\":\"https:\/\/lyonbondyblog.fr\/LBB\/100-jours-de-gregory-doucet-julien-pcf-toute-population-en-gentrifie-une-autre\/#primaryimage\",\"url\":\"https:\/\/lyonbondyblog.fr\/LBB\/wp-content\/uploads\/2020\/11\/PCF-Logo.png\",\"contentUrl\":\"https:\/\/lyonbondyblog.fr\/LBB\/wp-content\/uploads\/2020\/11\/PCF-Logo.png\",\"width\":1200,\"height\":831},{\"@type\":\"WebSite\",\"@id\":\"https:\/\/lyonbondyblog.fr\/LBB\/#website\",\"url\":\"https:\/\/lyonbondyblog.fr\/LBB\/\",\"name\":\"Lyon Bondy Blog\",\"description\":\"\",\"publisher\":{\"@id\":\"https:\/\/lyonbondyblog.fr\/LBB\/#organization\"},\"potentialAction\":[{\"@type\":\"SearchAction\",\"target\":{\"@type\":\"EntryPoint\",\"urlTemplate\":\"https:\/\/lyonbondyblog.fr\/LBB\/?s={search_term_string}\"},\"query-input\":\"required name=search_term_string\"}],\"inLanguage\":\"fr-FR\"},{\"@type\":\"Organization\",\"@id\":\"https:\/\/lyonbondyblog.fr\/LBB\/#organization\",\"name\":\"LYON BONDY BLOG\",\"url\":\"https:\/\/lyonbondyblog.fr\/LBB\/\",\"logo\":{\"@type\":\"ImageObject\",\"inLanguage\":\"fr-FR\",\"@id\":\"https:\/\/lyonbondyblog.fr\/LBB\/#\/schema\/logo\/image\/\",\"url\":\"http:\/\/lyonbondyblog.fr\/LBB\/wp-content\/uploads\/2014\/10\/logo-portable-144.png\",\"contentUrl\":\"http:\/\/lyonbondyblog.fr\/LBB\/wp-content\/uploads\/2014\/10\/logo-portable-144.png\",\"width\":144,\"height\":123,\"caption\":\"LYON BONDY BLOG\"},\"image\":{\"@id\":\"https:\/\/lyonbondyblog.fr\/LBB\/#\/schema\/logo\/image\/\"},\"sameAs\":[\"https:\/\/www.facebook.com\/lyonbondyblog\",\"https:\/\/x.com\/bondybloglyon\"]},{\"@type\":\"Person\",\"@id\":\"https:\/\/lyonbondyblog.fr\/LBB\/#\/schema\/person\/e45f8d27baac75072daa0be50c409b25\",\"name\":\"La r\u00e9daction\",\"description\":\"Cr\u00e9e en 2008, la r\u00e9daction du Lyon Bondy Blog s'applique \u00e0 proposer une information locale diff\u00e9rente et compl\u00e9mentaire des m\u00e9dias traditionnels.\",\"sameAs\":[\"https:\/\/www.facebook.com\/lyonbondyblog\",\"https:\/\/x.com\/BondyBlogLyon\"],\"url\":\"https:\/\/lyonbondyblog.fr\/LBB\/author\/admin\/\"}]}<\/script>\n<!-- \/ Yoast SEO plugin. -->","yoast_head_json":{"title":"100 jours de Gr\u00e9gory Doucet : Julien (PCF) \"Toute population en gentrifie une autre\u201d - Lyon Bondy Blog","robots":{"index":"index","follow":"follow","max-snippet":"max-snippet:-1","max-image-preview":"max-image-preview:large","max-video-preview":"max-video-preview:-1"},"canonical":"https:\/\/lyonbondyblog.fr\/LBB\/100-jours-de-gregory-doucet-julien-pcf-toute-population-en-gentrifie-une-autre\/","og_locale":"fr_FR","og_type":"article","og_title":"100 jours de Gr\u00e9gory Doucet : Julien (PCF) \"Toute population en gentrifie une autre\u201d - Lyon Bondy Blog","og_description":"Nous continuons notre s\u00e9rie d\u2019entretiens sur les 100 jours de Gr\u00e9gory Doucet \u00e0 la Mairie de Lyon avec Julien, militant du Parti Communiste Fran\u00e7ais. Dans &hellip;","og_url":"https:\/\/lyonbondyblog.fr\/LBB\/100-jours-de-gregory-doucet-julien-pcf-toute-population-en-gentrifie-une-autre\/","og_site_name":"Lyon Bondy Blog","article_publisher":"https:\/\/www.facebook.com\/lyonbondyblog","article_author":"https:\/\/www.facebook.com\/lyonbondyblog","article_published_time":"2020-11-03T15:57:43+00:00","article_modified_time":"2020-11-06T16:17:22+00:00","og_image":[{"width":1200,"height":831,"url":"https:\/\/lyonbondyblog.fr\/LBB\/wp-content\/uploads\/2020\/11\/PCF-Logo.png","type":"image\/png"}],"author":"La r\u00e9daction","twitter_card":"summary_large_image","twitter_creator":"@BondyBlogLyon","twitter_site":"@bondybloglyon","schema":{"@context":"https:\/\/schema.org","@graph":[{"@type":"Article","@id":"https:\/\/lyonbondyblog.fr\/LBB\/100-jours-de-gregory-doucet-julien-pcf-toute-population-en-gentrifie-une-autre\/#article","isPartOf":{"@id":"https:\/\/lyonbondyblog.fr\/LBB\/100-jours-de-gregory-doucet-julien-pcf-toute-population-en-gentrifie-une-autre\/"},"author":{"name":"La r\u00e9daction","@id":"https:\/\/lyonbondyblog.fr\/LBB\/#\/schema\/person\/e45f8d27baac75072daa0be50c409b25"},"headline":"100 jours de Gr\u00e9gory Doucet : Julien (PCF) \u00ab\u00a0Toute population en gentrifie une autre\u201d","datePublished":"2020-11-03T15:57:43+00:00","dateModified":"2020-11-06T16:17:22+00:00","mainEntityOfPage":{"@id":"https:\/\/lyonbondyblog.fr\/LBB\/100-jours-de-gregory-doucet-julien-pcf-toute-population-en-gentrifie-une-autre\/"},"wordCount":2292,"commentCount":0,"publisher":{"@id":"https:\/\/lyonbondyblog.fr\/LBB\/#organization"},"image":{"@id":"https:\/\/lyonbondyblog.fr\/LBB\/100-jours-de-gregory-doucet-julien-pcf-toute-population-en-gentrifie-une-autre\/#primaryimage"},"thumbnailUrl":"https:\/\/lyonbondyblog.fr\/LBB\/wp-content\/uploads\/2020\/11\/PCF-Logo.png","articleSection":["Lyon","Politique"],"inLanguage":"fr-FR","potentialAction":[{"@type":"CommentAction","name":"Comment","target":["https:\/\/lyonbondyblog.fr\/LBB\/100-jours-de-gregory-doucet-julien-pcf-toute-population-en-gentrifie-une-autre\/#respond"]}]},{"@type":"WebPage","@id":"https:\/\/lyonbondyblog.fr\/LBB\/100-jours-de-gregory-doucet-julien-pcf-toute-population-en-gentrifie-une-autre\/","url":"https:\/\/lyonbondyblog.fr\/LBB\/100-jours-de-gregory-doucet-julien-pcf-toute-population-en-gentrifie-une-autre\/","name":"100 jours de Gr\u00e9gory Doucet : Julien (PCF) \"Toute population en gentrifie une autre\u201d - Lyon Bondy Blog","isPartOf":{"@id":"https:\/\/lyonbondyblog.fr\/LBB\/#website"},"primaryImageOfPage":{"@id":"https:\/\/lyonbondyblog.fr\/LBB\/100-jours-de-gregory-doucet-julien-pcf-toute-population-en-gentrifie-une-autre\/#primaryimage"},"image":{"@id":"https:\/\/lyonbondyblog.fr\/LBB\/100-jours-de-gregory-doucet-julien-pcf-toute-population-en-gentrifie-une-autre\/#primaryimage"},"thumbnailUrl":"https:\/\/lyonbondyblog.fr\/LBB\/wp-content\/uploads\/2020\/11\/PCF-Logo.png","datePublished":"2020-11-03T15:57:43+00:00","dateModified":"2020-11-06T16:17:22+00:00","inLanguage":"fr-FR","potentialAction":[{"@type":"ReadAction","target":["https:\/\/lyonbondyblog.fr\/LBB\/100-jours-de-gregory-doucet-julien-pcf-toute-population-en-gentrifie-une-autre\/"]}]},{"@type":"ImageObject","inLanguage":"fr-FR","@id":"https:\/\/lyonbondyblog.fr\/LBB\/100-jours-de-gregory-doucet-julien-pcf-toute-population-en-gentrifie-une-autre\/#primaryimage","url":"https:\/\/lyonbondyblog.fr\/LBB\/wp-content\/uploads\/2020\/11\/PCF-Logo.png","contentUrl":"https:\/\/lyonbondyblog.fr\/LBB\/wp-content\/uploads\/2020\/11\/PCF-Logo.png","width":1200,"height":831},{"@type":"WebSite","@id":"https:\/\/lyonbondyblog.fr\/LBB\/#website","url":"https:\/\/lyonbondyblog.fr\/LBB\/","name":"Lyon Bondy Blog","description":"","publisher":{"@id":"https:\/\/lyonbondyblog.fr\/LBB\/#organization"},"potentialAction":[{"@type":"SearchAction","target":{"@type":"EntryPoint","urlTemplate":"https:\/\/lyonbondyblog.fr\/LBB\/?s={search_term_string}"},"query-input":"required name=search_term_string"}],"inLanguage":"fr-FR"},{"@type":"Organization","@id":"https:\/\/lyonbondyblog.fr\/LBB\/#organization","name":"LYON BONDY BLOG","url":"https:\/\/lyonbondyblog.fr\/LBB\/","logo":{"@type":"ImageObject","inLanguage":"fr-FR","@id":"https:\/\/lyonbondyblog.fr\/LBB\/#\/schema\/logo\/image\/","url":"http:\/\/lyonbondyblog.fr\/LBB\/wp-content\/uploads\/2014\/10\/logo-portable-144.png","contentUrl":"http:\/\/lyonbondyblog.fr\/LBB\/wp-content\/uploads\/2014\/10\/logo-portable-144.png","width":144,"height":123,"caption":"LYON BONDY BLOG"},"image":{"@id":"https:\/\/lyonbondyblog.fr\/LBB\/#\/schema\/logo\/image\/"},"sameAs":["https:\/\/www.facebook.com\/lyonbondyblog","https:\/\/x.com\/bondybloglyon"]},{"@type":"Person","@id":"https:\/\/lyonbondyblog.fr\/LBB\/#\/schema\/person\/e45f8d27baac75072daa0be50c409b25","name":"La r\u00e9daction","description":"Cr\u00e9e en 2008, la r\u00e9daction du Lyon Bondy Blog s'applique \u00e0 proposer une information locale diff\u00e9rente et compl\u00e9mentaire des m\u00e9dias traditionnels.","sameAs":["https:\/\/www.facebook.com\/lyonbondyblog","https:\/\/x.com\/BondyBlogLyon"],"url":"https:\/\/lyonbondyblog.fr\/LBB\/author\/admin\/"}]}},"_links":{"self":[{"href":"https:\/\/lyonbondyblog.fr\/LBB\/wp-json\/wp\/v2\/posts\/21219","targetHints":{"allow":["GET"]}}],"collection":[{"href":"https:\/\/lyonbondyblog.fr\/LBB\/wp-json\/wp\/v2\/posts"}],"about":[{"href":"https:\/\/lyonbondyblog.fr\/LBB\/wp-json\/wp\/v2\/types\/post"}],"author":[{"embeddable":true,"href":"https:\/\/lyonbondyblog.fr\/LBB\/wp-json\/wp\/v2\/users\/1"}],"replies":[{"embeddable":true,"href":"https:\/\/lyonbondyblog.fr\/LBB\/wp-json\/wp\/v2\/comments?post=21219"}],"version-history":[{"count":4,"href":"https:\/\/lyonbondyblog.fr\/LBB\/wp-json\/wp\/v2\/posts\/21219\/revisions"}],"predecessor-version":[{"id":21222,"href":"https:\/\/lyonbondyblog.fr\/LBB\/wp-json\/wp\/v2\/posts\/21219\/revisions\/21222"}],"wp:featuredmedia":[{"embeddable":true,"href":"https:\/\/lyonbondyblog.fr\/LBB\/wp-json\/wp\/v2\/media\/21220"}],"wp:attachment":[{"href":"https:\/\/lyonbondyblog.fr\/LBB\/wp-json\/wp\/v2\/media?parent=21219"}],"wp:term":[{"taxonomy":"category","embeddable":true,"href":"https:\/\/lyonbondyblog.fr\/LBB\/wp-json\/wp\/v2\/categories?post=21219"},{"taxonomy":"post_tag","embeddable":true,"href":"https:\/\/lyonbondyblog.fr\/LBB\/wp-json\/wp\/v2\/tags?post=21219"}],"curies":[{"name":"wp","href":"https:\/\/api.w.org\/{rel}","templated":true}]}}