{"id":21201,"date":"2020-10-30T17:24:20","date_gmt":"2020-10-30T16:24:20","guid":{"rendered":"http:\/\/lyonbondyblog.fr\/LBB\/?p=21201"},"modified":"2020-10-30T17:34:08","modified_gmt":"2020-10-30T16:34:08","slug":"les-toiles-des-momes-bilan-de-la-15e-edition-au-cineduchere","status":"publish","type":"post","link":"https:\/\/lyonbondyblog.fr\/LBB\/les-toiles-des-momes-bilan-de-la-15e-edition-au-cineduchere\/","title":{"rendered":"Les Toiles des M\u00f4mes : bilan de la 15e \u00e9dition au Cin\u00e9Duch\u00e8re."},"content":{"rendered":"<p><b>Avant l&rsquo;interruption suite \u00e0 l\u2019annonce d\u2019un nouveau confinement par Emmanuel Macron ce mercredi 28 octobre, 48 salles du r\u00e9seau GRAC ont tout de m\u00eame pu accueillir le public du samedi 17 au jeudi 29 octobre la quinzi\u00e8me \u00e9dition du festival de cin\u00e9ma pour jeune public<\/b><b><i> Les Toiles des M\u00f4mes<\/i><\/b><b>.<\/b><\/p>\n<p>Au Cin\u00e9Duch\u00e8re, le public a pu assister \u00e0 des projections de films d\u2019art et essai, parfois suivies d\u2019ateliers et d\u2019animations organis\u00e9s par l\u2019association. Dans la matin\u00e9e du mercredi 28 octobre, dix enfants ont ainsi pu participer \u00e0 l\u2019atelier de collage organis\u00e9 par Dani\u00e8le et Sylvette, deux b\u00e9n\u00e9voles de Cin\u00e9Duch\u00e8re, apr\u00e8s la diffusion du court-m\u00e9trage La Baleine et l\u2019escargote, de Max Lang et Daniel Snaddon. <em>\u00ab \u00c0 chaque fois qu\u2019on organise une animation, on a un peu plus de monde qu\u2019une s\u00e9ance sans accompagnement \u00bb<\/em>, se r\u00e9jouit J\u00e9r\u00e9my Guichardaz, adjoint \u00e0 la direction du cin\u00e9ma.<\/p>\n<p>Parmi les dix-huit films diffus\u00e9s \u00e0 l\u2019occasion du festival, on retrouve Calamity, une enfance de Martha Jane Cannary de R\u00e9mi Chay\u00e9 mais aussi Petit Vampire de Joann Sfar, tir\u00e9 d\u2019une s\u00e9rie de bandes-dessin\u00e9es \u00e9crites et dessin\u00e9es par l\u2019auteur ni\u00e7ois, publi\u00e9es depuis 1999. Le film relate l\u2019histoire de Petit Vampire, qui a 10 ans depuis 300 ans et r\u00eave d\u2019aller \u00e0 l\u2019\u00e9cole pour se faire des amis. \u00c0 l\u2019aide de son fid\u00e8le bouledogue, Fantomate, il parviendra \u00e0 s\u2019\u00e9chapper du manoir dans lequel il se cachait avec sa famille, et se liera d\u2019amiti\u00e9 avec Michel, un \u00e9l\u00e8ve de l\u2019\u00e9cole dans laquelle il s\u2019est rendu en cachette. Cependant, cette rencontre se fera aux d\u00e9pens de sa s\u00e9curit\u00e9 puisqu\u2019il sera rapidement rep\u00e9r\u00e9 par le monstre \u00e0 t\u00eate de lune Gibbous, qui \u00e9tait sur ses traces et celles de sa famille depuis des ann\u00e9es. Un passage sur grand-\u00e9cran qui a conquis les jeunes spectateurs : <em>\u00ab L\u2019histoire \u00e9tait marrante et originale et pour ceux qui voulait conna\u00eetre les origines de Petit Vampire, c\u2019\u00e9tait bien \u00bb<\/em>, affirme Z\u00e9lie, 12 ans, en sortant de la salle. Telma, 13 ans, \u00e9tait <em>\u00ab tr\u00e8s heureuse qu\u2019ils en aient fait un film \u00bb<\/em> et l\u2019a trouv\u00e9 <em>\u00ab tr\u00e8s marrant, et adapt\u00e9 m\u00eame \u00e0 ceux qui ont un \u00e2ge un peu plus \u00e9lev\u00e9 \u00bb<\/em>.<\/p>\n<p><strong>\u00ab Un bilan plut\u00f4t correct \u00bb au Cin\u00e9Duch\u00e8re<\/strong><\/p>\n<p>Cin\u00e9Duch\u00e8re a pu compter sur la pr\u00e9sence de ses habitu\u00e9s, qui n\u2019ont pas h\u00e9sit\u00e9 \u00e0 enfiler leur masque pour garnir les salles de projection. Alors que la crise sanitaire du Covid-19 a tr\u00e8s fortement impact\u00e9 les cin\u00e9mas fran\u00e7ais, qui ont connu une importante baisse de leur fr\u00e9quentation, Cin\u00e9Duch\u00e8re enregistre une baisse de 40 % de sa fr\u00e9quentation depuis le mois de septembre, selon sa directrice Emmanuelle Bureau. Le festival n\u2019y a pas \u00e9chapp\u00e9. <em>\u00ab Les spectateurs \u00e9taient globalement moins nombreux que les ann\u00e9es pr\u00e9c\u00e9dentes, malgr\u00e9 un bilan plut\u00f4t correct \u00bb<\/em>, confie J\u00e9r\u00e9my Guichardaz.<\/p>\n<p>M\u00eame si Emmanuelle Bureau se dit<em> \u00ab un peu d\u00e9\u00e7ue \u00bb<\/em> de n\u2019arriver que difficilement \u00e0 attirer les jeunes duch\u00e9rois vers le monde culturel et en particulier le septi\u00e8me art, d\u2019autres \u00e9v\u00e9nements rencontrent de plus vifs succ\u00e8s. C\u2019est le cas de l\u2019op\u00e9ration \u00ab Passeurs d\u2019images \u00bb, organis\u00e9e cette semaine, au cours de laquelle des jeunes \u00e2g\u00e9s de 12 \u00e0 14 ans ont r\u00e9alis\u00e9 un court m\u00e9trage d\u2019environ sept minutes sur le th\u00e8me du harc\u00e8lement. <em>\u00ab C\u2019est une action qui permet vraiment de se rapprocher des jeunes du quartier, de faire des choses avec eux, de leur faire d\u00e9couvrir le cin\u00e9ma et de les faire parler. C\u2019est quelque chose dont on est assez fiers \u00bb<\/em>, explique la pr\u00e9sidente.<\/p>\n<p>Nina Sobetsky<\/p>\n<!-- AddThis Advanced Settings generic via filter on the_content --><!-- AddThis Share Buttons generic via filter on the_content -->","protected":false},"excerpt":{"rendered":"<p>Avant l&rsquo;interruption suite \u00e0 l\u2019annonce d\u2019un nouveau confinement par Emmanuel Macron ce mercredi 28 octobre, 48 salles du r\u00e9seau GRAC ont tout de m\u00eame pu &hellip; <!-- AddThis Advanced Settings generic via filter on wp_trim_excerpt --><!-- AddThis Share Buttons generic via filter on wp_trim_excerpt --><\/p>\n","protected":false},"author":1,"featured_media":21205,"comment_status":"open","ping_status":"open","sticky":false,"template":"","format":"standard","meta":{"_FSMCFIC_featured_image_caption":"","_FSMCFIC_featured_image_nocaption":"","_FSMCFIC_featured_image_hide":"","footnotes":""},"categories":[13114,3,22233,5324],"tags":[],"class_list":["post-21201","post","type-post","status-publish","format-standard","has-post-thumbnail","hentry","category-cinema","category-culture","category-duchere","category-jeunesse"],"yoast_head":"<!-- This site is optimized with the Yoast SEO plugin v22.8 - https:\/\/yoast.com\/wordpress\/plugins\/seo\/ -->\n<title>Les Toiles des M\u00f4mes : bilan de la 15e \u00e9dition au Cin\u00e9Duch\u00e8re. - Lyon Bondy Blog<\/title>\n<meta name=\"robots\" content=\"index, follow, max-snippet:-1, max-image-preview:large, max-video-preview:-1\" \/>\n<link rel=\"canonical\" href=\"https:\/\/lyonbondyblog.fr\/LBB\/les-toiles-des-momes-bilan-de-la-15e-edition-au-cineduchere\/\" \/>\n<meta property=\"og:locale\" content=\"fr_FR\" \/>\n<meta property=\"og:type\" content=\"article\" \/>\n<meta property=\"og:title\" content=\"Les Toiles des M\u00f4mes : bilan de la 15e \u00e9dition au Cin\u00e9Duch\u00e8re. - Lyon Bondy Blog\" \/>\n<meta property=\"og:description\" content=\"Avant l&rsquo;interruption suite \u00e0 l\u2019annonce d\u2019un nouveau confinement par Emmanuel Macron ce mercredi 28 octobre, 48 salles du r\u00e9seau GRAC ont tout de m\u00eame pu &hellip;\" \/>\n<meta property=\"og:url\" content=\"https:\/\/lyonbondyblog.fr\/LBB\/les-toiles-des-momes-bilan-de-la-15e-edition-au-cineduchere\/\" \/>\n<meta property=\"og:site_name\" content=\"Lyon Bondy Blog\" \/>\n<meta property=\"article:publisher\" content=\"https:\/\/www.facebook.com\/lyonbondyblog\" \/>\n<meta property=\"article:author\" content=\"https:\/\/www.facebook.com\/lyonbondyblog\" \/>\n<meta property=\"article:published_time\" content=\"2020-10-30T16:24:20+00:00\" \/>\n<meta property=\"article:modified_time\" content=\"2020-10-30T16:34:08+00:00\" \/>\n<meta property=\"og:image\" content=\"https:\/\/lyonbondyblog.fr\/LBB\/wp-content\/uploads\/2020\/10\/CINEDUCHERE-SIMONCAVALIER\u00a9007-1920x1282.jpg\" \/>\n\t<meta property=\"og:image:width\" content=\"1920\" \/>\n\t<meta property=\"og:image:height\" content=\"1282\" \/>\n\t<meta property=\"og:image:type\" content=\"image\/jpeg\" \/>\n<meta name=\"author\" content=\"La r\u00e9daction\" \/>\n<meta name=\"twitter:card\" content=\"summary_large_image\" \/>\n<meta name=\"twitter:creator\" content=\"@BondyBlogLyon\" \/>\n<meta name=\"twitter:site\" content=\"@bondybloglyon\" \/>\n<script type=\"application\/ld+json\" class=\"yoast-schema-graph\">{\"@context\":\"https:\/\/schema.org\",\"@graph\":[{\"@type\":\"Article\",\"@id\":\"https:\/\/lyonbondyblog.fr\/LBB\/les-toiles-des-momes-bilan-de-la-15e-edition-au-cineduchere\/#article\",\"isPartOf\":{\"@id\":\"https:\/\/lyonbondyblog.fr\/LBB\/les-toiles-des-momes-bilan-de-la-15e-edition-au-cineduchere\/\"},\"author\":{\"name\":\"La r\u00e9daction\",\"@id\":\"https:\/\/lyonbondyblog.fr\/LBB\/#\/schema\/person\/e45f8d27baac75072daa0be50c409b25\"},\"headline\":\"Les Toiles des M\u00f4mes : bilan de la 15e \u00e9dition au Cin\u00e9Duch\u00e8re.\",\"datePublished\":\"2020-10-30T16:24:20+00:00\",\"dateModified\":\"2020-10-30T16:34:08+00:00\",\"mainEntityOfPage\":{\"@id\":\"https:\/\/lyonbondyblog.fr\/LBB\/les-toiles-des-momes-bilan-de-la-15e-edition-au-cineduchere\/\"},\"wordCount\":658,\"commentCount\":0,\"publisher\":{\"@id\":\"https:\/\/lyonbondyblog.fr\/LBB\/#organization\"},\"image\":{\"@id\":\"https:\/\/lyonbondyblog.fr\/LBB\/les-toiles-des-momes-bilan-de-la-15e-edition-au-cineduchere\/#primaryimage\"},\"thumbnailUrl\":\"https:\/\/lyonbondyblog.fr\/LBB\/wp-content\/uploads\/2020\/10\/CINEDUCHERE-SIMONCAVALIER\u00a9007.jpg\",\"articleSection\":[\"Cin\u00e9ma\",\"Culture\",\"Duch\u00e8re\",\"Jeunesse\"],\"inLanguage\":\"fr-FR\",\"potentialAction\":[{\"@type\":\"CommentAction\",\"name\":\"Comment\",\"target\":[\"https:\/\/lyonbondyblog.fr\/LBB\/les-toiles-des-momes-bilan-de-la-15e-edition-au-cineduchere\/#respond\"]}]},{\"@type\":\"WebPage\",\"@id\":\"https:\/\/lyonbondyblog.fr\/LBB\/les-toiles-des-momes-bilan-de-la-15e-edition-au-cineduchere\/\",\"url\":\"https:\/\/lyonbondyblog.fr\/LBB\/les-toiles-des-momes-bilan-de-la-15e-edition-au-cineduchere\/\",\"name\":\"Les Toiles des M\u00f4mes : bilan de la 15e \u00e9dition au Cin\u00e9Duch\u00e8re. - Lyon Bondy Blog\",\"isPartOf\":{\"@id\":\"https:\/\/lyonbondyblog.fr\/LBB\/#website\"},\"primaryImageOfPage\":{\"@id\":\"https:\/\/lyonbondyblog.fr\/LBB\/les-toiles-des-momes-bilan-de-la-15e-edition-au-cineduchere\/#primaryimage\"},\"image\":{\"@id\":\"https:\/\/lyonbondyblog.fr\/LBB\/les-toiles-des-momes-bilan-de-la-15e-edition-au-cineduchere\/#primaryimage\"},\"thumbnailUrl\":\"https:\/\/lyonbondyblog.fr\/LBB\/wp-content\/uploads\/2020\/10\/CINEDUCHERE-SIMONCAVALIER\u00a9007.jpg\",\"datePublished\":\"2020-10-30T16:24:20+00:00\",\"dateModified\":\"2020-10-30T16:34:08+00:00\",\"inLanguage\":\"fr-FR\",\"potentialAction\":[{\"@type\":\"ReadAction\",\"target\":[\"https:\/\/lyonbondyblog.fr\/LBB\/les-toiles-des-momes-bilan-de-la-15e-edition-au-cineduchere\/\"]}]},{\"@type\":\"ImageObject\",\"inLanguage\":\"fr-FR\",\"@id\":\"https:\/\/lyonbondyblog.fr\/LBB\/les-toiles-des-momes-bilan-de-la-15e-edition-au-cineduchere\/#primaryimage\",\"url\":\"https:\/\/lyonbondyblog.fr\/LBB\/wp-content\/uploads\/2020\/10\/CINEDUCHERE-SIMONCAVALIER\u00a9007.jpg\",\"contentUrl\":\"https:\/\/lyonbondyblog.fr\/LBB\/wp-content\/uploads\/2020\/10\/CINEDUCHERE-SIMONCAVALIER\u00a9007.jpg\",\"width\":3600,\"height\":2403,\"caption\":\"CINEDUCHERE-SIMONCAVALIER\u00a9007\"},{\"@type\":\"WebSite\",\"@id\":\"https:\/\/lyonbondyblog.fr\/LBB\/#website\",\"url\":\"https:\/\/lyonbondyblog.fr\/LBB\/\",\"name\":\"Lyon Bondy Blog\",\"description\":\"\",\"publisher\":{\"@id\":\"https:\/\/lyonbondyblog.fr\/LBB\/#organization\"},\"potentialAction\":[{\"@type\":\"SearchAction\",\"target\":{\"@type\":\"EntryPoint\",\"urlTemplate\":\"https:\/\/lyonbondyblog.fr\/LBB\/?s={search_term_string}\"},\"query-input\":\"required name=search_term_string\"}],\"inLanguage\":\"fr-FR\"},{\"@type\":\"Organization\",\"@id\":\"https:\/\/lyonbondyblog.fr\/LBB\/#organization\",\"name\":\"LYON BONDY BLOG\",\"url\":\"https:\/\/lyonbondyblog.fr\/LBB\/\",\"logo\":{\"@type\":\"ImageObject\",\"inLanguage\":\"fr-FR\",\"@id\":\"https:\/\/lyonbondyblog.fr\/LBB\/#\/schema\/logo\/image\/\",\"url\":\"http:\/\/lyonbondyblog.fr\/LBB\/wp-content\/uploads\/2014\/10\/logo-portable-144.png\",\"contentUrl\":\"http:\/\/lyonbondyblog.fr\/LBB\/wp-content\/uploads\/2014\/10\/logo-portable-144.png\",\"width\":144,\"height\":123,\"caption\":\"LYON BONDY BLOG\"},\"image\":{\"@id\":\"https:\/\/lyonbondyblog.fr\/LBB\/#\/schema\/logo\/image\/\"},\"sameAs\":[\"https:\/\/www.facebook.com\/lyonbondyblog\",\"https:\/\/x.com\/bondybloglyon\"]},{\"@type\":\"Person\",\"@id\":\"https:\/\/lyonbondyblog.fr\/LBB\/#\/schema\/person\/e45f8d27baac75072daa0be50c409b25\",\"name\":\"La r\u00e9daction\",\"description\":\"Cr\u00e9e en 2008, la r\u00e9daction du Lyon Bondy Blog s'applique \u00e0 proposer une information locale diff\u00e9rente et compl\u00e9mentaire des m\u00e9dias traditionnels.\",\"sameAs\":[\"https:\/\/www.facebook.com\/lyonbondyblog\",\"https:\/\/x.com\/BondyBlogLyon\"],\"url\":\"https:\/\/lyonbondyblog.fr\/LBB\/author\/admin\/\"}]}<\/script>\n<!-- \/ Yoast SEO plugin. -->","yoast_head_json":{"title":"Les Toiles des M\u00f4mes : bilan de la 15e \u00e9dition au Cin\u00e9Duch\u00e8re. - Lyon Bondy Blog","robots":{"index":"index","follow":"follow","max-snippet":"max-snippet:-1","max-image-preview":"max-image-preview:large","max-video-preview":"max-video-preview:-1"},"canonical":"https:\/\/lyonbondyblog.fr\/LBB\/les-toiles-des-momes-bilan-de-la-15e-edition-au-cineduchere\/","og_locale":"fr_FR","og_type":"article","og_title":"Les Toiles des M\u00f4mes : bilan de la 15e \u00e9dition au Cin\u00e9Duch\u00e8re. - Lyon Bondy Blog","og_description":"Avant l&rsquo;interruption suite \u00e0 l\u2019annonce d\u2019un nouveau confinement par Emmanuel Macron ce mercredi 28 octobre, 48 salles du r\u00e9seau GRAC ont tout de m\u00eame pu &hellip;","og_url":"https:\/\/lyonbondyblog.fr\/LBB\/les-toiles-des-momes-bilan-de-la-15e-edition-au-cineduchere\/","og_site_name":"Lyon Bondy Blog","article_publisher":"https:\/\/www.facebook.com\/lyonbondyblog","article_author":"https:\/\/www.facebook.com\/lyonbondyblog","article_published_time":"2020-10-30T16:24:20+00:00","article_modified_time":"2020-10-30T16:34:08+00:00","og_image":[{"width":1920,"height":1282,"url":"https:\/\/lyonbondyblog.fr\/LBB\/wp-content\/uploads\/2020\/10\/CINEDUCHERE-SIMONCAVALIER\u00a9007-1920x1282.jpg","type":"image\/jpeg"}],"author":"La r\u00e9daction","twitter_card":"summary_large_image","twitter_creator":"@BondyBlogLyon","twitter_site":"@bondybloglyon","schema":{"@context":"https:\/\/schema.org","@graph":[{"@type":"Article","@id":"https:\/\/lyonbondyblog.fr\/LBB\/les-toiles-des-momes-bilan-de-la-15e-edition-au-cineduchere\/#article","isPartOf":{"@id":"https:\/\/lyonbondyblog.fr\/LBB\/les-toiles-des-momes-bilan-de-la-15e-edition-au-cineduchere\/"},"author":{"name":"La r\u00e9daction","@id":"https:\/\/lyonbondyblog.fr\/LBB\/#\/schema\/person\/e45f8d27baac75072daa0be50c409b25"},"headline":"Les Toiles des M\u00f4mes : bilan de la 15e \u00e9dition au Cin\u00e9Duch\u00e8re.","datePublished":"2020-10-30T16:24:20+00:00","dateModified":"2020-10-30T16:34:08+00:00","mainEntityOfPage":{"@id":"https:\/\/lyonbondyblog.fr\/LBB\/les-toiles-des-momes-bilan-de-la-15e-edition-au-cineduchere\/"},"wordCount":658,"commentCount":0,"publisher":{"@id":"https:\/\/lyonbondyblog.fr\/LBB\/#organization"},"image":{"@id":"https:\/\/lyonbondyblog.fr\/LBB\/les-toiles-des-momes-bilan-de-la-15e-edition-au-cineduchere\/#primaryimage"},"thumbnailUrl":"https:\/\/lyonbondyblog.fr\/LBB\/wp-content\/uploads\/2020\/10\/CINEDUCHERE-SIMONCAVALIER\u00a9007.jpg","articleSection":["Cin\u00e9ma","Culture","Duch\u00e8re","Jeunesse"],"inLanguage":"fr-FR","potentialAction":[{"@type":"CommentAction","name":"Comment","target":["https:\/\/lyonbondyblog.fr\/LBB\/les-toiles-des-momes-bilan-de-la-15e-edition-au-cineduchere\/#respond"]}]},{"@type":"WebPage","@id":"https:\/\/lyonbondyblog.fr\/LBB\/les-toiles-des-momes-bilan-de-la-15e-edition-au-cineduchere\/","url":"https:\/\/lyonbondyblog.fr\/LBB\/les-toiles-des-momes-bilan-de-la-15e-edition-au-cineduchere\/","name":"Les Toiles des M\u00f4mes : bilan de la 15e \u00e9dition au Cin\u00e9Duch\u00e8re. - Lyon Bondy Blog","isPartOf":{"@id":"https:\/\/lyonbondyblog.fr\/LBB\/#website"},"primaryImageOfPage":{"@id":"https:\/\/lyonbondyblog.fr\/LBB\/les-toiles-des-momes-bilan-de-la-15e-edition-au-cineduchere\/#primaryimage"},"image":{"@id":"https:\/\/lyonbondyblog.fr\/LBB\/les-toiles-des-momes-bilan-de-la-15e-edition-au-cineduchere\/#primaryimage"},"thumbnailUrl":"https:\/\/lyonbondyblog.fr\/LBB\/wp-content\/uploads\/2020\/10\/CINEDUCHERE-SIMONCAVALIER\u00a9007.jpg","datePublished":"2020-10-30T16:24:20+00:00","dateModified":"2020-10-30T16:34:08+00:00","inLanguage":"fr-FR","potentialAction":[{"@type":"ReadAction","target":["https:\/\/lyonbondyblog.fr\/LBB\/les-toiles-des-momes-bilan-de-la-15e-edition-au-cineduchere\/"]}]},{"@type":"ImageObject","inLanguage":"fr-FR","@id":"https:\/\/lyonbondyblog.fr\/LBB\/les-toiles-des-momes-bilan-de-la-15e-edition-au-cineduchere\/#primaryimage","url":"https:\/\/lyonbondyblog.fr\/LBB\/wp-content\/uploads\/2020\/10\/CINEDUCHERE-SIMONCAVALIER\u00a9007.jpg","contentUrl":"https:\/\/lyonbondyblog.fr\/LBB\/wp-content\/uploads\/2020\/10\/CINEDUCHERE-SIMONCAVALIER\u00a9007.jpg","width":3600,"height":2403,"caption":"CINEDUCHERE-SIMONCAVALIER\u00a9007"},{"@type":"WebSite","@id":"https:\/\/lyonbondyblog.fr\/LBB\/#website","url":"https:\/\/lyonbondyblog.fr\/LBB\/","name":"Lyon Bondy Blog","description":"","publisher":{"@id":"https:\/\/lyonbondyblog.fr\/LBB\/#organization"},"potentialAction":[{"@type":"SearchAction","target":{"@type":"EntryPoint","urlTemplate":"https:\/\/lyonbondyblog.fr\/LBB\/?s={search_term_string}"},"query-input":"required name=search_term_string"}],"inLanguage":"fr-FR"},{"@type":"Organization","@id":"https:\/\/lyonbondyblog.fr\/LBB\/#organization","name":"LYON BONDY BLOG","url":"https:\/\/lyonbondyblog.fr\/LBB\/","logo":{"@type":"ImageObject","inLanguage":"fr-FR","@id":"https:\/\/lyonbondyblog.fr\/LBB\/#\/schema\/logo\/image\/","url":"http:\/\/lyonbondyblog.fr\/LBB\/wp-content\/uploads\/2014\/10\/logo-portable-144.png","contentUrl":"http:\/\/lyonbondyblog.fr\/LBB\/wp-content\/uploads\/2014\/10\/logo-portable-144.png","width":144,"height":123,"caption":"LYON BONDY BLOG"},"image":{"@id":"https:\/\/lyonbondyblog.fr\/LBB\/#\/schema\/logo\/image\/"},"sameAs":["https:\/\/www.facebook.com\/lyonbondyblog","https:\/\/x.com\/bondybloglyon"]},{"@type":"Person","@id":"https:\/\/lyonbondyblog.fr\/LBB\/#\/schema\/person\/e45f8d27baac75072daa0be50c409b25","name":"La r\u00e9daction","description":"Cr\u00e9e en 2008, la r\u00e9daction du Lyon Bondy Blog s'applique \u00e0 proposer une information locale diff\u00e9rente et compl\u00e9mentaire des m\u00e9dias traditionnels.","sameAs":["https:\/\/www.facebook.com\/lyonbondyblog","https:\/\/x.com\/BondyBlogLyon"],"url":"https:\/\/lyonbondyblog.fr\/LBB\/author\/admin\/"}]}},"_links":{"self":[{"href":"https:\/\/lyonbondyblog.fr\/LBB\/wp-json\/wp\/v2\/posts\/21201","targetHints":{"allow":["GET"]}}],"collection":[{"href":"https:\/\/lyonbondyblog.fr\/LBB\/wp-json\/wp\/v2\/posts"}],"about":[{"href":"https:\/\/lyonbondyblog.fr\/LBB\/wp-json\/wp\/v2\/types\/post"}],"author":[{"embeddable":true,"href":"https:\/\/lyonbondyblog.fr\/LBB\/wp-json\/wp\/v2\/users\/1"}],"replies":[{"embeddable":true,"href":"https:\/\/lyonbondyblog.fr\/LBB\/wp-json\/wp\/v2\/comments?post=21201"}],"version-history":[{"count":9,"href":"https:\/\/lyonbondyblog.fr\/LBB\/wp-json\/wp\/v2\/posts\/21201\/revisions"}],"predecessor-version":[{"id":21211,"href":"https:\/\/lyonbondyblog.fr\/LBB\/wp-json\/wp\/v2\/posts\/21201\/revisions\/21211"}],"wp:featuredmedia":[{"embeddable":true,"href":"https:\/\/lyonbondyblog.fr\/LBB\/wp-json\/wp\/v2\/media\/21205"}],"wp:attachment":[{"href":"https:\/\/lyonbondyblog.fr\/LBB\/wp-json\/wp\/v2\/media?parent=21201"}],"wp:term":[{"taxonomy":"category","embeddable":true,"href":"https:\/\/lyonbondyblog.fr\/LBB\/wp-json\/wp\/v2\/categories?post=21201"},{"taxonomy":"post_tag","embeddable":true,"href":"https:\/\/lyonbondyblog.fr\/LBB\/wp-json\/wp\/v2\/tags?post=21201"}],"curies":[{"name":"wp","href":"https:\/\/api.w.org\/{rel}","templated":true}]}}