{"id":21190,"date":"2020-10-28T17:30:18","date_gmt":"2020-10-28T16:30:18","guid":{"rendered":"http:\/\/lyonbondyblog.fr\/LBB\/?p=21190"},"modified":"2020-10-28T18:28:07","modified_gmt":"2020-10-28T17:28:07","slug":"fabien-roussel-pour-empecher-que-la-misere-se-developpe-nous-devons-preserver-les-emplois-existants","status":"publish","type":"post","link":"https:\/\/lyonbondyblog.fr\/LBB\/fabien-roussel-pour-empecher-que-la-misere-se-developpe-nous-devons-preserver-les-emplois-existants\/","title":{"rendered":"Fabien Roussel : \u00ab Pour emp\u00eacher que la mis\u00e8re se d\u00e9veloppe, nous devons pr\u00e9server les emplois existants \u00bb"},"content":{"rendered":"<p><b>Ce mercredi 28 octobre, le secr\u00e9taire national du Parti Communiste Fran\u00e7ais Fabien Roussel s\u2019est rendu sur le site General Electric de Villeurbanne. Il \u00e9tait aux c\u00f4t\u00e9s de salari\u00e9s, des repr\u00e9sentants syndicaux et d\u2019autres acteurs politiques pour d\u00e9noncer les plans de restructuration de l\u2019entreprise am\u00e9ricaine. A cette occasion, le Lyon Bondy Blog s\u2019est entretenu avec lui.<\/b><\/p>\n<figure id=\"attachment_21191\" aria-describedby=\"caption-attachment-21191\" style=\"width: 974px\" class=\"wp-caption aligncenter\"><img loading=\"lazy\" decoding=\"async\" class=\" wp-image-21191\" src=\"https:\/\/lyonbondyblog.fr\/LBB\/wp-content\/uploads\/2020\/10\/IMG_20201028_170048-1200x675.jpg\" alt=\"\" width=\"974\" height=\"548\" srcset=\"https:\/\/lyonbondyblog.fr\/LBB\/wp-content\/uploads\/2020\/10\/IMG_20201028_170048-1200x675.jpg 1200w, https:\/\/lyonbondyblog.fr\/LBB\/wp-content\/uploads\/2020\/10\/IMG_20201028_170048-768x432.jpg 768w, https:\/\/lyonbondyblog.fr\/LBB\/wp-content\/uploads\/2020\/10\/IMG_20201028_170048-1920x1079.jpg 1920w, https:\/\/lyonbondyblog.fr\/LBB\/wp-content\/uploads\/2020\/10\/IMG_20201028_170048-600x337.jpg 600w, https:\/\/lyonbondyblog.fr\/LBB\/wp-content\/uploads\/2020\/10\/IMG_20201028_170048-1140x641.jpg 1140w\" sizes=\"auto, (max-width: 974px) 100vw, 974px\" \/><figcaption id=\"caption-attachment-21191\" class=\"wp-caption-text\">Cr\u00e9dit photo : Nina Sobetsky<\/figcaption><\/figure>\n<p><span style=\"font-weight: 400;\">Le rassemblement devant General Electric a dur\u00e9 plusieurs heures pendant lesquelles diff\u00e9rents repr\u00e9sentants des salari\u00e9s et acteurs politiques se sont succ\u00e9d\u00e9s \u00e0 la tribune. Parmi eux, des syndicalistes de la CGT, de la CFDT et de la CFE-CGC. C\u00f4t\u00e9 politique, on retrouvait le maire de Villeurbanne C\u00e9dric Van Styvendael, la conseill\u00e8re r\u00e9gionale LFI Emilie Marche, le s\u00e9nateur PS du Rh\u00f4ne Gilbert-Luc Devinaz, la vice-pr\u00e9sidente de la M\u00e9tropole de Lyon Emeline Baume et Fabien Roussel, le secr\u00e9taire national du Parti Communiste Fran\u00e7ais.<\/span><\/p>\n<p><span style=\"font-weight: 400;\">Ce dernier a accept\u00e9 de nous accorder un entretien \u00e0 la fin du rassemblement. Apr\u00e8s quoi, il a rejoint les h\u00f4pitaux SUD de Lyon puis les salari\u00e9s de JTEKT \u00e0 Irigny eux aussi concern\u00e9s par un plan de restructuration de leur entreprise.<\/span><\/p>\n<figure id=\"attachment_21192\" aria-describedby=\"caption-attachment-21192\" style=\"width: 919px\" class=\"wp-caption aligncenter\"><img loading=\"lazy\" decoding=\"async\" class=\" wp-image-21192\" src=\"https:\/\/lyonbondyblog.fr\/LBB\/wp-content\/uploads\/2020\/10\/Fabien-Roussel2.jpg\" alt=\"\" width=\"919\" height=\"517\" srcset=\"https:\/\/lyonbondyblog.fr\/LBB\/wp-content\/uploads\/2020\/10\/Fabien-Roussel2.jpg 960w, https:\/\/lyonbondyblog.fr\/LBB\/wp-content\/uploads\/2020\/10\/Fabien-Roussel2-768x432.jpg 768w, https:\/\/lyonbondyblog.fr\/LBB\/wp-content\/uploads\/2020\/10\/Fabien-Roussel2-600x338.jpg 600w\" sizes=\"auto, (max-width: 919px) 100vw, 919px\" \/><figcaption id=\"caption-attachment-21192\" class=\"wp-caption-text\">Cr\u00e9dit Photo : Corinne Matignon<\/figcaption><\/figure>\n<p><b>Dans le Rh\u00f4ne on assiste impuissant \u00e0 une s\u00e9rie de d\u00e9localisations. Aujourd\u2019hui<\/b><a href=\"https:\/\/lyonbondyblog.fr\/LBB\/a-villeurbanne-les-elus-et-les-salaries-de-general-electric-unis-contre-le-plan-de-restructuration\/\"><b> les General Electric de Villeurbanne et de Saint Priest<\/b><\/a><b>, demain <\/b><a href=\"https:\/\/france3-regions.francetvinfo.fr\/auvergne-rhone-alpes\/rhone\/lyon\/fermeture-essilor-lyon-centaine-salaries-concernes-vaulx-velin-1884576.html\"><b>les salari\u00e9s d\u2019Essilor \u00e0 Vaulx-en-Velin<\/b><\/a><b>. Que propose le PCF pour ces salari\u00e9s ?<\/b><\/p>\n<p><span style=\"font-weight: 400;\">Pour chacune de ces fili\u00e8res industrielles, en l&rsquo;occurrence ici celle de l\u2019\u00e9lectrique, mais aussi pour Essilor \u00e0 Vaulx-en-Velin ou JTEKT \u00e0 Irigny cette fois dans la fili\u00e8re automobile, nous pensons que pendant cette p\u00e9riode de pand\u00e9mie, tout doit \u00eatre mis en \u0153uvre pour pr\u00e9server nos emplois et les outils industriels. Quand il y a une crise sanitaire telle que celle que nous vivons, pour emp\u00eacher que la mis\u00e8re se d\u00e9veloppe, nous devons pr\u00e9server les emplois existants. Bien s\u00fbr, il faut faire en sorte d\u2019en cr\u00e9er de nouveaux mais au moins pr\u00e9server les emplois existants. C\u2019est pour cela que, d\u00e8s qu\u2019il y a l\u2019annonce d\u2019un plan social, nous devons nous mobiliser pour trouver les solutions ensemble pour maintenir l\u2019activit\u00e9, les savoir-faire, les emplois et les salaires.<\/span><\/p>\n<p><b>Dans la m\u00e9tropole lyonnaise, <\/b><a href=\"https:\/\/lyonbondyblog.fr\/LBB\/municipales-2020-la-liste-de-la-gauche-unie-vivons-vraiment-lyon-presente-ses-candidats\/\"><b>le Parti Communiste Fran\u00e7ais s\u2019est alli\u00e9 avec le reste de la gauche aux m\u00e9tropolitaines, aux municipales et aux s\u00e9natoriales<\/b><\/a><b> pour n\u2019avoir que peu d\u2019\u00e9lus. Est-ce une bonne strat\u00e9gie ou plut\u00f4t quelle sera la strat\u00e9gie \u00e9lectorale du PCF lors des prochaines \u00e9ch\u00e9ances, que ce soit pour les r\u00e9gionales ou pour l\u2019\u00e9lection pr\u00e9sidentielle ?<\/b><\/p>\n<p><span style=\"font-weight: 400;\">Tout d\u2019abord, chaque scrutin est diff\u00e9rent ! Parce que chaque mode de scrutin est diff\u00e9rent. Ce n\u2019est pas le m\u00eame scrutin lors d\u2019une \u00e9lection r\u00e9gionale, une \u00e9lection d\u00e9partementale et encore moins pour une \u00e9lection pr\u00e9sidentielle. Ce sont des scrutins qui ont des territoires et des enjeux compl\u00e9tement diff\u00e9rents. L\u2019enjeu, pour le Parti Communiste Fran\u00e7ais, c\u2019est de montrer \u00e0 chacune de ces \u00e9lections que d\u2019autres choix sont possibles : permettant de lutter contre la pauvret\u00e9 et la mis\u00e8re, permettant de pr\u00e9server nos emplois et reconqu\u00e9rir notre souverainet\u00e9 industrielle, permettant de d\u00e9velopper des services publics et de mettre en oeuvre la transition \u00e9cologique comme c\u2019est attendu depuis trop longtemps ! Nous voulons montrer nous -Parti Communiste Fran\u00e7ais- qu\u2019il y a d\u2019autres choix \u00e0 faire et que les richesses que nous cr\u00e9ons, peuvent servir \u00e0 cela !<\/span><\/p>\n<p><span style=\"font-weight: 400;\">Notre objectif, c\u2019est d\u2019\u00eatre pr\u00e9sent dans les luttes mais aussi dans les \u00e9lections pour porter ces id\u00e9es. Alors parfois nous allons \u00e0 ces \u00e9lections avec d\u2019autres forces politiques avec qui nous partageons des combats. Que cela soit au niveau local ou au niveau national comme par exemple lors de l\u2019\u00e9lection pr\u00e9sidentielle, l\u2019enjeu c\u2019est de porter ces id\u00e9es. Dans la mani\u00e8re dont est faite la V\u00e8me R\u00e9publique, pour porter ces id\u00e9es, bien souvent il faut pr\u00e9senter un candidat. C\u2019est ce \u00e0 quoi le Parti Communiste Fran\u00e7ais doit se pr\u00e9parer pour la prochaine \u00e9lection de 2022.<\/span><\/p>\n<p><b>Donc, vous nous dites qu\u2019en 2022 le Parti Communiste Fran\u00e7ais va partir seul dans la course \u00e0 la pr\u00e9sidentielle ?<\/b><\/p>\n<p><span style=\"font-weight: 400;\">Non, je n\u2019ai pas dit \u00e7a ! J\u2019ai dit que nous devons nous pr\u00e9parer et faire en sorte que pour 2022, nos id\u00e9es et nos propositions participent \u00e0 ce d\u00e9bat. Cela peut passer par la pr\u00e9sence d\u2019un candidat du Parti Communiste \u00e0 cette \u00e9lection. On se pr\u00e9pare \u00e0 cette \u00e9ch\u00e9ance pour savoir comment nous allons faire vivre ces id\u00e9es.&nbsp;<\/span><\/p>\n<p><b>Selon vous que faut-il faire pour \u00e9viter la casse sociale qui s&rsquo;acc\u00e9l\u00e8re avec la pand\u00e9mie, en particulier pour les plus pr\u00e9caires ?<\/b><\/p>\n<p><span style=\"font-weight: 400;\">Alors justement on en a parl\u00e9 hier \u00e0 l\u2019Assembl\u00e9e Nationale dans le cadre du plan de relance. Il y a toute une partie des emplois qui passent au travers de l\u2019ensemble des dispositifs mis en place par l\u2019Etat, ce sont les emplois intermittents, les CDD, les emplois pr\u00e9caires qui ont \u00e9t\u00e9 stopp\u00e9s avec cette pand\u00e9mie. Il faut pouvoir mettre un filet de s\u00e9curit\u00e9 \u00e0 tous ces emplois. Ce que nous proposons, c\u2019est faire en sorte que les usines ne ferment pas, que l\u2019activit\u00e9 \u00e9conomique ne s\u2019arr\u00eate pas pour pouvoir maintenir au maximum ces emplois et les CDI-ser si possible. Pour tous les jeunes et les pr\u00e9caires qui ont perdu ces emplois, il faut qu\u2019ils puissent avoir acc\u00e8s aux aides, au ch\u00f4mage. Pour ceux qui ont moins de 25 ans, qu\u2019ils puissent b\u00e9n\u00e9ficier d\u2019une allocation de retour \u00e0 l\u2019emploi ou du RSA qui leur est interdit aujourd\u2019hui.<\/span><\/p>\n<p><b>Le meurtre du professeur Paty a remis au c\u0153ur du d\u00e9bat public la question de la la\u00efcit\u00e9. <\/b><a href=\"https:\/\/www.lemonde.fr\/archives\/article\/1946\/11\/02\/le-parti-communiste-et-la-laicite_1874532_1819218.html\"><b>Historiquement les communistes sont en pointe sur cette question<\/b><\/a><b>, comment expliquer ce retour en force du religieux dans la sph\u00e8re publique ?&nbsp;<\/b><\/p>\n<p><span style=\"font-weight: 400;\">C\u2019est une vraie question, ce serait bien de la creuser\u2026 Je pense que \u00e7a doit servir les int\u00e9r\u00eats de quelques uns, une minorit\u00e9. C\u2019est d\u2019ailleurs une construction politique th\u00e9oris\u00e9e par certains conservateurs am\u00e9ricains, des \u00e9vang\u00e9listes,&#8230; qui th\u00e9orisent le choc des civilisations, la guerre des religions et qui alimentent ce choc des civilisations pour contribuer \u00e0 ce qu\u2019il y ait un affrontement. Quand des hommes et des femmes s\u2019affrontent pour ces questions-l\u00e0, pendant ce temps, les autres sont tranquilles. Ceux qui ont le pouvoir, le conservent. C\u2019est un sujet qui est tr\u00e8s pr\u00e9occupant ! En France, la loi de 1905 a permis de faire en sorte que peu importe notre religion, que l\u2019on soit croyant ou non, on puisse vivre ensemble dans la paix et la fraternit\u00e9. L\u2019enjeu, c\u2019est de pouvoir maintenir cet \u00e9quilibre et de pouvoir continuer \u00e0 vivre ensemble !<\/span><\/p>\n<p><b>Lors d\u2019un entretien avec le Lyon Bondy Blog, le politologue <\/b><a href=\"https:\/\/lyonbondyblog.fr\/LBB\/interview-abstention-paul-bacot-les-politiques-ont-du-mal-a-convaincre-partie-1\/\"><b>Paul Bacot a expliqu\u00e9 \u00ab qu\u2019<\/b><b><i>une partie de la jeunesse semble pr\u00e9f\u00e9rer se consacrer \u00e0 des formes de participations autres que la participation \u00e9lectorale \u00bb.<\/i><\/b><\/a><b> Comment amener ces jeunes qui sont susceptibles d\u2019entendre votre discours aux urnes ?<\/b><\/p>\n<p><span style=\"font-weight: 400;\">C\u2019est en discutant avec eux avec le plus de sinc\u00e9rit\u00e9, \u00e0 c\u0153ur ouvert. En \u00e9tant nous-m\u00eames responsables politiques, capables de se remettre en question et de partir de leurs pr\u00e9occupations, pas de venir avec nos id\u00e9es. C\u2019est vraiment une d\u00e9marche qu\u2019il faut revoir enti\u00e8rement. Il faut aussi en face que ceux que l\u2019on rencontre soient ouverts \u00e0 la discussion et pr\u00eats \u00e0 \u00e9couter et \u00e0 entendre. Pour que \u00e7a puisse fonctionner, il faut que chacun fasse un pas. Moi, je suis pr\u00eat \u00e0 le faire dans cet esprit-l\u00e0, c\u2019est-\u00e0-dire en \u00e9tant pr\u00eat \u00e0 me remettre en question, \u00e0 remettre en question les id\u00e9es que l\u2019on met dans la discussion pour \u00eatre d\u00e9battues et aussi en voulant \u00e9couter les jeunes et partir de leurs probl\u00e8mes et d\u2019y r\u00e9pondre et pas de venir avec mes sujets.<\/span><\/p>\n<p><b>Nous travaillons beaucoup dans les quartiers populaires de l\u2019agglom\u00e9ration, comment expliquez vous le d\u00e9clin de l\u2019influence des communistes dans ces quartiers et que comptez vous faire pour y rem\u00e9dier ? Comment faire pour reconnecter ces quartiers avec les centres urbains et leur enlever cette image de quartier dortoir voire de ghetto?<\/b><\/p>\n<p><span style=\"font-weight: 400;\">Je suis bien en peine de pouvoir r\u00e9pondre \u00e0 votre question parce que les quartiers dont vous me parlez je ne les connais pas particuli\u00e8rement. On a justement mis au c\u0153ur de nos priorit\u00e9s, au Parti Communiste Fran\u00e7ais, la lutte contre l\u2019abstention, le fait que les gens se d\u00e9tournent compl\u00e8tement de la vie politique, qu\u2019ils la rejettent et la vomissent, et que d\u00e8s qu\u2019un \u00e9lu se pointe il est forc\u00e9ment vu comme un profiteur, un tricheur, un voleur. C\u2019est terrible ce qu\u2019il se passe dans notre pays et \u00e7a menace la d\u00e9mocratie. Je n\u2019ai pas la baguette magique pour r\u00e9parer \u00e7a. Ce que nous pensons nous c\u2019est que si nous voulons redonner envie aux gens de s\u2019y int\u00e9resser, il faut aller les voir et parler avec eux, il faut se montrer et \u00eatre proche de leurs probl\u00e8mes et essayer de trouver des r\u00e9ponses \u00e0 leurs probl\u00e8mes, les aider. Ce n\u2019est pas leur parler du capitalisme mais c\u2019est parfois leur parler de comment on trouve une solution pour remplir le frigo, comment on fait pour qu\u2019il y ait un arr\u00eat de bus l\u00e0 o\u00f9 il est le plus utile, comment on fait en sorte qu\u2019un bureau de poste ait des horaires plus adapt\u00e9s. Ce sont des combats que nous pouvons mener et que nous menons dans des quartiers et qui montrent aux gens que quand on est ensemble on arrive \u00e0 gagner. C&rsquo;est avec des victoires du quotidien que parfois on arrive \u00e0 redonner envie aux gens de s\u2019engager.&nbsp;<\/span><\/p>\n<p><b>Bien qu\u2019une majeure partie de la population accepte les mesures prises pour faire face \u00e0 la crise sanitaire, de nombreuses personnes se questionnent quant \u00e0 un effacement progressif de nos libert\u00e9s. Est-ce qu\u2019il est l\u00e9gitime de se questionner vis-\u00e0-vis de nos libert\u00e9s?<\/b><\/p>\n<p><span style=\"font-weight: 400;\">Oui c\u2019est l\u00e9gitime parce que c\u2019est la France et la France est le pays de la libert\u00e9. En m\u00eame temps, on est face \u00e0 un virus terrible, mortel, on n\u2019est pas pr\u00eat de voir les ravages qu\u2019il va faire dans notre pays. On vient de d\u00e9passer les 35 000 morts, donc il faut accepter, pour limiter la circulation de ce virus et tant qu\u2019on n\u2019a pas trouv\u00e9 de vaccin, de devoir rester chez soi, enferm\u00e9, de limiter les contacts. C\u2019est pour cela qu\u2019au Parti Communiste Fran\u00e7ais nous disons que si cela doit p\u00e9naliser l\u2019\u00e9conomie parce qu\u2019on reste chez soi il faut le faire car la priorit\u00e9 c\u2019est la sant\u00e9, c\u2019est la vie. On ne peut pas dire que pour des raisons \u00e9conomiques il faut continuer d\u2019aller au travail, de s\u2019entasser dans les bus et les tramways, au p\u00e9ril de sa vie et de cr\u00e9er des clusters. La priorit\u00e9 doit \u00eatre la sant\u00e9. Il ne faut pas forc\u00e9ment y voir une privation de libert\u00e9s mais plut\u00f4t le souci des autres et de la sant\u00e9 publique.<\/span><\/p>\n<p style=\"text-align: right;\">Article \u00e9crit par Nina Sobetsky et Alexandre Tellier<\/p>\n<!-- AddThis Advanced Settings generic via filter on the_content --><!-- AddThis Share Buttons generic via filter on the_content -->","protected":false},"excerpt":{"rendered":"<p>Ce mercredi 28 octobre, le secr\u00e9taire national du Parti Communiste Fran\u00e7ais Fabien Roussel s\u2019est rendu sur le site General Electric de Villeurbanne. Il \u00e9tait aux &hellip; <!-- AddThis Advanced Settings generic via filter on wp_trim_excerpt --><!-- AddThis Share Buttons generic via filter on wp_trim_excerpt --><\/p>\n","protected":false},"author":1,"featured_media":21191,"comment_status":"open","ping_status":"open","sticky":false,"template":"","format":"standard","meta":{"_FSMCFIC_featured_image_caption":"","_FSMCFIC_featured_image_nocaption":"","_FSMCFIC_featured_image_hide":"","footnotes":""},"categories":[22686,6,22676],"tags":[],"class_list":["post-21190","post","type-post","status-publish","format-standard","has-post-thumbnail","hentry","category-emploi","category-politique","category-syndicat"],"yoast_head":"<!-- This site is optimized with the Yoast SEO plugin v22.8 - https:\/\/yoast.com\/wordpress\/plugins\/seo\/ -->\n<title>Fabien Roussel : \u00ab Pour emp\u00eacher que la mis\u00e8re se d\u00e9veloppe, nous devons pr\u00e9server les emplois existants \u00bb - Lyon Bondy Blog<\/title>\n<meta name=\"robots\" content=\"index, follow, max-snippet:-1, max-image-preview:large, max-video-preview:-1\" \/>\n<link rel=\"canonical\" href=\"https:\/\/lyonbondyblog.fr\/LBB\/fabien-roussel-pour-empecher-que-la-misere-se-developpe-nous-devons-preserver-les-emplois-existants\/\" \/>\n<meta property=\"og:locale\" content=\"fr_FR\" \/>\n<meta property=\"og:type\" content=\"article\" \/>\n<meta property=\"og:title\" content=\"Fabien Roussel : \u00ab Pour emp\u00eacher que la mis\u00e8re se d\u00e9veloppe, nous devons pr\u00e9server les emplois existants \u00bb - Lyon Bondy Blog\" \/>\n<meta property=\"og:description\" content=\"Ce mercredi 28 octobre, le secr\u00e9taire national du Parti Communiste Fran\u00e7ais Fabien Roussel s\u2019est rendu sur le site General Electric de Villeurbanne. Il \u00e9tait aux &hellip;\" \/>\n<meta property=\"og:url\" content=\"https:\/\/lyonbondyblog.fr\/LBB\/fabien-roussel-pour-empecher-que-la-misere-se-developpe-nous-devons-preserver-les-emplois-existants\/\" \/>\n<meta property=\"og:site_name\" content=\"Lyon Bondy Blog\" \/>\n<meta property=\"article:publisher\" content=\"https:\/\/www.facebook.com\/lyonbondyblog\" \/>\n<meta property=\"article:author\" content=\"https:\/\/www.facebook.com\/lyonbondyblog\" \/>\n<meta property=\"article:published_time\" content=\"2020-10-28T16:30:18+00:00\" \/>\n<meta property=\"article:modified_time\" content=\"2020-10-28T17:28:07+00:00\" \/>\n<meta property=\"og:image\" content=\"https:\/\/lyonbondyblog.fr\/LBB\/wp-content\/uploads\/2020\/10\/IMG_20201028_170048.jpg\" \/>\n\t<meta property=\"og:image:width\" content=\"2999\" \/>\n\t<meta property=\"og:image:height\" content=\"1686\" \/>\n\t<meta property=\"og:image:type\" content=\"image\/jpeg\" \/>\n<meta name=\"author\" content=\"La r\u00e9daction\" \/>\n<meta name=\"twitter:card\" content=\"summary_large_image\" \/>\n<meta name=\"twitter:creator\" content=\"@BondyBlogLyon\" \/>\n<meta name=\"twitter:site\" content=\"@bondybloglyon\" \/>\n<script type=\"application\/ld+json\" class=\"yoast-schema-graph\">{\"@context\":\"https:\/\/schema.org\",\"@graph\":[{\"@type\":\"Article\",\"@id\":\"https:\/\/lyonbondyblog.fr\/LBB\/fabien-roussel-pour-empecher-que-la-misere-se-developpe-nous-devons-preserver-les-emplois-existants\/#article\",\"isPartOf\":{\"@id\":\"https:\/\/lyonbondyblog.fr\/LBB\/fabien-roussel-pour-empecher-que-la-misere-se-developpe-nous-devons-preserver-les-emplois-existants\/\"},\"author\":{\"name\":\"La r\u00e9daction\",\"@id\":\"https:\/\/lyonbondyblog.fr\/LBB\/#\/schema\/person\/e45f8d27baac75072daa0be50c409b25\"},\"headline\":\"Fabien Roussel : \u00ab Pour emp\u00eacher que la mis\u00e8re se d\u00e9veloppe, nous devons pr\u00e9server les emplois existants \u00bb\",\"datePublished\":\"2020-10-28T16:30:18+00:00\",\"dateModified\":\"2020-10-28T17:28:07+00:00\",\"mainEntityOfPage\":{\"@id\":\"https:\/\/lyonbondyblog.fr\/LBB\/fabien-roussel-pour-empecher-que-la-misere-se-developpe-nous-devons-preserver-les-emplois-existants\/\"},\"wordCount\":2008,\"commentCount\":0,\"publisher\":{\"@id\":\"https:\/\/lyonbondyblog.fr\/LBB\/#organization\"},\"image\":{\"@id\":\"https:\/\/lyonbondyblog.fr\/LBB\/fabien-roussel-pour-empecher-que-la-misere-se-developpe-nous-devons-preserver-les-emplois-existants\/#primaryimage\"},\"thumbnailUrl\":\"https:\/\/lyonbondyblog.fr\/LBB\/wp-content\/uploads\/2020\/10\/IMG_20201028_170048.jpg\",\"articleSection\":[\"Emploi\",\"Politique\",\"Syndicat\"],\"inLanguage\":\"fr-FR\",\"potentialAction\":[{\"@type\":\"CommentAction\",\"name\":\"Comment\",\"target\":[\"https:\/\/lyonbondyblog.fr\/LBB\/fabien-roussel-pour-empecher-que-la-misere-se-developpe-nous-devons-preserver-les-emplois-existants\/#respond\"]}]},{\"@type\":\"WebPage\",\"@id\":\"https:\/\/lyonbondyblog.fr\/LBB\/fabien-roussel-pour-empecher-que-la-misere-se-developpe-nous-devons-preserver-les-emplois-existants\/\",\"url\":\"https:\/\/lyonbondyblog.fr\/LBB\/fabien-roussel-pour-empecher-que-la-misere-se-developpe-nous-devons-preserver-les-emplois-existants\/\",\"name\":\"Fabien Roussel : \u00ab Pour emp\u00eacher que la mis\u00e8re se d\u00e9veloppe, nous devons pr\u00e9server les emplois existants \u00bb - Lyon Bondy Blog\",\"isPartOf\":{\"@id\":\"https:\/\/lyonbondyblog.fr\/LBB\/#website\"},\"primaryImageOfPage\":{\"@id\":\"https:\/\/lyonbondyblog.fr\/LBB\/fabien-roussel-pour-empecher-que-la-misere-se-developpe-nous-devons-preserver-les-emplois-existants\/#primaryimage\"},\"image\":{\"@id\":\"https:\/\/lyonbondyblog.fr\/LBB\/fabien-roussel-pour-empecher-que-la-misere-se-developpe-nous-devons-preserver-les-emplois-existants\/#primaryimage\"},\"thumbnailUrl\":\"https:\/\/lyonbondyblog.fr\/LBB\/wp-content\/uploads\/2020\/10\/IMG_20201028_170048.jpg\",\"datePublished\":\"2020-10-28T16:30:18+00:00\",\"dateModified\":\"2020-10-28T17:28:07+00:00\",\"inLanguage\":\"fr-FR\",\"potentialAction\":[{\"@type\":\"ReadAction\",\"target\":[\"https:\/\/lyonbondyblog.fr\/LBB\/fabien-roussel-pour-empecher-que-la-misere-se-developpe-nous-devons-preserver-les-emplois-existants\/\"]}]},{\"@type\":\"ImageObject\",\"inLanguage\":\"fr-FR\",\"@id\":\"https:\/\/lyonbondyblog.fr\/LBB\/fabien-roussel-pour-empecher-que-la-misere-se-developpe-nous-devons-preserver-les-emplois-existants\/#primaryimage\",\"url\":\"https:\/\/lyonbondyblog.fr\/LBB\/wp-content\/uploads\/2020\/10\/IMG_20201028_170048.jpg\",\"contentUrl\":\"https:\/\/lyonbondyblog.fr\/LBB\/wp-content\/uploads\/2020\/10\/IMG_20201028_170048.jpg\",\"width\":2999,\"height\":1686,\"caption\":\"Cr\u00e9dit photo : Nina Sobetsky\"},{\"@type\":\"WebSite\",\"@id\":\"https:\/\/lyonbondyblog.fr\/LBB\/#website\",\"url\":\"https:\/\/lyonbondyblog.fr\/LBB\/\",\"name\":\"Lyon Bondy Blog\",\"description\":\"\",\"publisher\":{\"@id\":\"https:\/\/lyonbondyblog.fr\/LBB\/#organization\"},\"potentialAction\":[{\"@type\":\"SearchAction\",\"target\":{\"@type\":\"EntryPoint\",\"urlTemplate\":\"https:\/\/lyonbondyblog.fr\/LBB\/?s={search_term_string}\"},\"query-input\":\"required name=search_term_string\"}],\"inLanguage\":\"fr-FR\"},{\"@type\":\"Organization\",\"@id\":\"https:\/\/lyonbondyblog.fr\/LBB\/#organization\",\"name\":\"LYON BONDY BLOG\",\"url\":\"https:\/\/lyonbondyblog.fr\/LBB\/\",\"logo\":{\"@type\":\"ImageObject\",\"inLanguage\":\"fr-FR\",\"@id\":\"https:\/\/lyonbondyblog.fr\/LBB\/#\/schema\/logo\/image\/\",\"url\":\"http:\/\/lyonbondyblog.fr\/LBB\/wp-content\/uploads\/2014\/10\/logo-portable-144.png\",\"contentUrl\":\"http:\/\/lyonbondyblog.fr\/LBB\/wp-content\/uploads\/2014\/10\/logo-portable-144.png\",\"width\":144,\"height\":123,\"caption\":\"LYON BONDY BLOG\"},\"image\":{\"@id\":\"https:\/\/lyonbondyblog.fr\/LBB\/#\/schema\/logo\/image\/\"},\"sameAs\":[\"https:\/\/www.facebook.com\/lyonbondyblog\",\"https:\/\/x.com\/bondybloglyon\"]},{\"@type\":\"Person\",\"@id\":\"https:\/\/lyonbondyblog.fr\/LBB\/#\/schema\/person\/e45f8d27baac75072daa0be50c409b25\",\"name\":\"La r\u00e9daction\",\"description\":\"Cr\u00e9e en 2008, la r\u00e9daction du Lyon Bondy Blog s'applique \u00e0 proposer une information locale diff\u00e9rente et compl\u00e9mentaire des m\u00e9dias traditionnels.\",\"sameAs\":[\"https:\/\/www.facebook.com\/lyonbondyblog\",\"https:\/\/x.com\/BondyBlogLyon\"],\"url\":\"https:\/\/lyonbondyblog.fr\/LBB\/author\/admin\/\"}]}<\/script>\n<!-- \/ Yoast SEO plugin. -->","yoast_head_json":{"title":"Fabien Roussel : \u00ab Pour emp\u00eacher que la mis\u00e8re se d\u00e9veloppe, nous devons pr\u00e9server les emplois existants \u00bb - Lyon Bondy Blog","robots":{"index":"index","follow":"follow","max-snippet":"max-snippet:-1","max-image-preview":"max-image-preview:large","max-video-preview":"max-video-preview:-1"},"canonical":"https:\/\/lyonbondyblog.fr\/LBB\/fabien-roussel-pour-empecher-que-la-misere-se-developpe-nous-devons-preserver-les-emplois-existants\/","og_locale":"fr_FR","og_type":"article","og_title":"Fabien Roussel : \u00ab Pour emp\u00eacher que la mis\u00e8re se d\u00e9veloppe, nous devons pr\u00e9server les emplois existants \u00bb - Lyon Bondy Blog","og_description":"Ce mercredi 28 octobre, le secr\u00e9taire national du Parti Communiste Fran\u00e7ais Fabien Roussel s\u2019est rendu sur le site General Electric de Villeurbanne. Il \u00e9tait aux &hellip;","og_url":"https:\/\/lyonbondyblog.fr\/LBB\/fabien-roussel-pour-empecher-que-la-misere-se-developpe-nous-devons-preserver-les-emplois-existants\/","og_site_name":"Lyon Bondy Blog","article_publisher":"https:\/\/www.facebook.com\/lyonbondyblog","article_author":"https:\/\/www.facebook.com\/lyonbondyblog","article_published_time":"2020-10-28T16:30:18+00:00","article_modified_time":"2020-10-28T17:28:07+00:00","og_image":[{"width":2999,"height":1686,"url":"https:\/\/lyonbondyblog.fr\/LBB\/wp-content\/uploads\/2020\/10\/IMG_20201028_170048.jpg","type":"image\/jpeg"}],"author":"La r\u00e9daction","twitter_card":"summary_large_image","twitter_creator":"@BondyBlogLyon","twitter_site":"@bondybloglyon","schema":{"@context":"https:\/\/schema.org","@graph":[{"@type":"Article","@id":"https:\/\/lyonbondyblog.fr\/LBB\/fabien-roussel-pour-empecher-que-la-misere-se-developpe-nous-devons-preserver-les-emplois-existants\/#article","isPartOf":{"@id":"https:\/\/lyonbondyblog.fr\/LBB\/fabien-roussel-pour-empecher-que-la-misere-se-developpe-nous-devons-preserver-les-emplois-existants\/"},"author":{"name":"La r\u00e9daction","@id":"https:\/\/lyonbondyblog.fr\/LBB\/#\/schema\/person\/e45f8d27baac75072daa0be50c409b25"},"headline":"Fabien Roussel : \u00ab Pour emp\u00eacher que la mis\u00e8re se d\u00e9veloppe, nous devons pr\u00e9server les emplois existants \u00bb","datePublished":"2020-10-28T16:30:18+00:00","dateModified":"2020-10-28T17:28:07+00:00","mainEntityOfPage":{"@id":"https:\/\/lyonbondyblog.fr\/LBB\/fabien-roussel-pour-empecher-que-la-misere-se-developpe-nous-devons-preserver-les-emplois-existants\/"},"wordCount":2008,"commentCount":0,"publisher":{"@id":"https:\/\/lyonbondyblog.fr\/LBB\/#organization"},"image":{"@id":"https:\/\/lyonbondyblog.fr\/LBB\/fabien-roussel-pour-empecher-que-la-misere-se-developpe-nous-devons-preserver-les-emplois-existants\/#primaryimage"},"thumbnailUrl":"https:\/\/lyonbondyblog.fr\/LBB\/wp-content\/uploads\/2020\/10\/IMG_20201028_170048.jpg","articleSection":["Emploi","Politique","Syndicat"],"inLanguage":"fr-FR","potentialAction":[{"@type":"CommentAction","name":"Comment","target":["https:\/\/lyonbondyblog.fr\/LBB\/fabien-roussel-pour-empecher-que-la-misere-se-developpe-nous-devons-preserver-les-emplois-existants\/#respond"]}]},{"@type":"WebPage","@id":"https:\/\/lyonbondyblog.fr\/LBB\/fabien-roussel-pour-empecher-que-la-misere-se-developpe-nous-devons-preserver-les-emplois-existants\/","url":"https:\/\/lyonbondyblog.fr\/LBB\/fabien-roussel-pour-empecher-que-la-misere-se-developpe-nous-devons-preserver-les-emplois-existants\/","name":"Fabien Roussel : \u00ab Pour emp\u00eacher que la mis\u00e8re se d\u00e9veloppe, nous devons pr\u00e9server les emplois existants \u00bb - Lyon Bondy Blog","isPartOf":{"@id":"https:\/\/lyonbondyblog.fr\/LBB\/#website"},"primaryImageOfPage":{"@id":"https:\/\/lyonbondyblog.fr\/LBB\/fabien-roussel-pour-empecher-que-la-misere-se-developpe-nous-devons-preserver-les-emplois-existants\/#primaryimage"},"image":{"@id":"https:\/\/lyonbondyblog.fr\/LBB\/fabien-roussel-pour-empecher-que-la-misere-se-developpe-nous-devons-preserver-les-emplois-existants\/#primaryimage"},"thumbnailUrl":"https:\/\/lyonbondyblog.fr\/LBB\/wp-content\/uploads\/2020\/10\/IMG_20201028_170048.jpg","datePublished":"2020-10-28T16:30:18+00:00","dateModified":"2020-10-28T17:28:07+00:00","inLanguage":"fr-FR","potentialAction":[{"@type":"ReadAction","target":["https:\/\/lyonbondyblog.fr\/LBB\/fabien-roussel-pour-empecher-que-la-misere-se-developpe-nous-devons-preserver-les-emplois-existants\/"]}]},{"@type":"ImageObject","inLanguage":"fr-FR","@id":"https:\/\/lyonbondyblog.fr\/LBB\/fabien-roussel-pour-empecher-que-la-misere-se-developpe-nous-devons-preserver-les-emplois-existants\/#primaryimage","url":"https:\/\/lyonbondyblog.fr\/LBB\/wp-content\/uploads\/2020\/10\/IMG_20201028_170048.jpg","contentUrl":"https:\/\/lyonbondyblog.fr\/LBB\/wp-content\/uploads\/2020\/10\/IMG_20201028_170048.jpg","width":2999,"height":1686,"caption":"Cr\u00e9dit photo : Nina Sobetsky"},{"@type":"WebSite","@id":"https:\/\/lyonbondyblog.fr\/LBB\/#website","url":"https:\/\/lyonbondyblog.fr\/LBB\/","name":"Lyon Bondy Blog","description":"","publisher":{"@id":"https:\/\/lyonbondyblog.fr\/LBB\/#organization"},"potentialAction":[{"@type":"SearchAction","target":{"@type":"EntryPoint","urlTemplate":"https:\/\/lyonbondyblog.fr\/LBB\/?s={search_term_string}"},"query-input":"required name=search_term_string"}],"inLanguage":"fr-FR"},{"@type":"Organization","@id":"https:\/\/lyonbondyblog.fr\/LBB\/#organization","name":"LYON BONDY BLOG","url":"https:\/\/lyonbondyblog.fr\/LBB\/","logo":{"@type":"ImageObject","inLanguage":"fr-FR","@id":"https:\/\/lyonbondyblog.fr\/LBB\/#\/schema\/logo\/image\/","url":"http:\/\/lyonbondyblog.fr\/LBB\/wp-content\/uploads\/2014\/10\/logo-portable-144.png","contentUrl":"http:\/\/lyonbondyblog.fr\/LBB\/wp-content\/uploads\/2014\/10\/logo-portable-144.png","width":144,"height":123,"caption":"LYON BONDY BLOG"},"image":{"@id":"https:\/\/lyonbondyblog.fr\/LBB\/#\/schema\/logo\/image\/"},"sameAs":["https:\/\/www.facebook.com\/lyonbondyblog","https:\/\/x.com\/bondybloglyon"]},{"@type":"Person","@id":"https:\/\/lyonbondyblog.fr\/LBB\/#\/schema\/person\/e45f8d27baac75072daa0be50c409b25","name":"La r\u00e9daction","description":"Cr\u00e9e en 2008, la r\u00e9daction du Lyon Bondy Blog s'applique \u00e0 proposer une information locale diff\u00e9rente et compl\u00e9mentaire des m\u00e9dias traditionnels.","sameAs":["https:\/\/www.facebook.com\/lyonbondyblog","https:\/\/x.com\/BondyBlogLyon"],"url":"https:\/\/lyonbondyblog.fr\/LBB\/author\/admin\/"}]}},"_links":{"self":[{"href":"https:\/\/lyonbondyblog.fr\/LBB\/wp-json\/wp\/v2\/posts\/21190","targetHints":{"allow":["GET"]}}],"collection":[{"href":"https:\/\/lyonbondyblog.fr\/LBB\/wp-json\/wp\/v2\/posts"}],"about":[{"href":"https:\/\/lyonbondyblog.fr\/LBB\/wp-json\/wp\/v2\/types\/post"}],"author":[{"embeddable":true,"href":"https:\/\/lyonbondyblog.fr\/LBB\/wp-json\/wp\/v2\/users\/1"}],"replies":[{"embeddable":true,"href":"https:\/\/lyonbondyblog.fr\/LBB\/wp-json\/wp\/v2\/comments?post=21190"}],"version-history":[{"count":4,"href":"https:\/\/lyonbondyblog.fr\/LBB\/wp-json\/wp\/v2\/posts\/21190\/revisions"}],"predecessor-version":[{"id":21196,"href":"https:\/\/lyonbondyblog.fr\/LBB\/wp-json\/wp\/v2\/posts\/21190\/revisions\/21196"}],"wp:featuredmedia":[{"embeddable":true,"href":"https:\/\/lyonbondyblog.fr\/LBB\/wp-json\/wp\/v2\/media\/21191"}],"wp:attachment":[{"href":"https:\/\/lyonbondyblog.fr\/LBB\/wp-json\/wp\/v2\/media?parent=21190"}],"wp:term":[{"taxonomy":"category","embeddable":true,"href":"https:\/\/lyonbondyblog.fr\/LBB\/wp-json\/wp\/v2\/categories?post=21190"},{"taxonomy":"post_tag","embeddable":true,"href":"https:\/\/lyonbondyblog.fr\/LBB\/wp-json\/wp\/v2\/tags?post=21190"}],"curies":[{"name":"wp","href":"https:\/\/api.w.org\/{rel}","templated":true}]}}