{"id":21186,"date":"2020-10-27T17:37:13","date_gmt":"2020-10-27T16:37:13","guid":{"rendered":"http:\/\/lyonbondyblog.fr\/LBB\/?p=21186"},"modified":"2020-11-19T14:03:59","modified_gmt":"2020-11-19T13:03:59","slug":"100-jours-de-gregory-doucet-pour-julien-prissette-lyon-en-commun-pour-linstant-cest-plutot-positif","status":"publish","type":"post","link":"https:\/\/lyonbondyblog.fr\/LBB\/100-jours-de-gregory-doucet-pour-julien-prissette-lyon-en-commun-pour-linstant-cest-plutot-positif\/","title":{"rendered":"100 jours de Gr\u00e9gory Doucet : pour Julien Prissette (Lyon en Commun), \u201cpour l\u2019instant, c\u2019est plut\u00f4t positif\u201d"},"content":{"rendered":"<p><b>Nous continuons notre s\u00e9rie d\u2019entretiens avec Julien Prissette, militant Lyon en Commun et France Insoumise. Contact\u00e9 ce lundi 19 octobre, il dresse un panorama des 100 premiers jours de Gr\u00e9gory Doucet \u00e0 la mairie. <\/b><\/p>\n<figure id=\"attachment_21187\" aria-describedby=\"caption-attachment-21187\" style=\"width: 327px\" class=\"wp-caption aligncenter\"><img loading=\"lazy\" decoding=\"async\" class=\"wp-image-21187\" src=\"https:\/\/lyonbondyblog.fr\/LBB\/wp-content\/uploads\/2020\/10\/Julien-Prisette-800x1200.jpg\" alt=\"\" width=\"327\" height=\"491\" srcset=\"https:\/\/lyonbondyblog.fr\/LBB\/wp-content\/uploads\/2020\/10\/Julien-Prisette-800x1200.jpg 800w, https:\/\/lyonbondyblog.fr\/LBB\/wp-content\/uploads\/2020\/10\/Julien-Prisette-768x1153.jpg 768w, https:\/\/lyonbondyblog.fr\/LBB\/wp-content\/uploads\/2020\/10\/Julien-Prisette-600x901.jpg 600w, https:\/\/lyonbondyblog.fr\/LBB\/wp-content\/uploads\/2020\/10\/Julien-Prisette.jpg 1066w\" sizes=\"auto, (max-width: 327px) 100vw, 327px\" \/><figcaption id=\"caption-attachment-21187\" class=\"wp-caption-text\">Julien Prissette, militant Lyon en Commun et France Insoumise.<\/figcaption><\/figure>\n<p><b>Quel regard portez-vous sur le d\u00e9but de mandat de Gr\u00e9gory Doucet ?<\/b><\/p>\n<p><span style=\"font-weight: 400;\">Plut\u00f4t un bon regard pour l\u2019instant. Il a commenc\u00e9 \u00e0 mettre en place des th\u00e8mes sur lesquelles on s\u2019\u00e9tait accord\u00e9 auparavant avec Lyon en Commun. Pour l\u2019instant c\u2019est plut\u00f4t positif.<\/span><\/p>\n<p><b>Quel est selon vous le dossier principal que la Mairie doit traiter en priorit\u00e9 et faites-vous confiance \u00e0 Gregory Doucet et son \u00e9quipe pour y faire face ?<\/b><\/p>\n<p><span style=\"font-weight: 400;\">Tr\u00e8s clairement le dossier principal c\u2019est la gestion de la crise Covid, c\u2019est quelque chose qui impacte tous les lyonnais.<\/span> Il faut \u00eatre sur la br\u00e8che par rapport aux d\u00e9cisions du gouvernement ou du pr\u00e9fet<span style=\"font-weight: 400;\">. L\u00e0-dessus, je sais que Gregory Doucet a \u00e9t\u00e9 beaucoup en contact avec le Pr\u00e9fet du Rh\u00f4ne. Malheureusement, ce travail-l\u00e0 n\u2019a pas forc\u00e9ment pay\u00e9 par rapport aux annonces gouvernementales. Mais sur ce dossier, je lui fais confiance ! Ils sont aussi tr\u00e8s attentifs au niveau de l\u2019\u00e9pid\u00e9mie, au niveau des institutions, que ce soit pour les \u00e9coles ou des EHPAD.<\/span><\/p>\n<p><b>Le Maire et le pr\u00e9sident de la M\u00e9tropole ont demand\u00e9 <\/b><a href=\"https:\/\/france3-regions.francetvinfo.fr\/auvergne-rhone-alpes\/rhone\/lyon\/maire-lyon-gregory-doucet-demande-au-premier-ministre-assouplissement-fermeture-bars-22h-1879564.html\"><b>jeudi 1er octobre au Premier Ministre l\u2019assouplissement des mesures sanitaires dans la m\u00e9tropole lyonnaise<\/b><\/a><b>. Gr\u00e9gory Doucet avait montr\u00e9 qu\u2019il \u00e9tait <\/b><a href=\"https:\/\/france3-regions.francetvinfo.fr\/auvergne-rhone-alpes\/rhone\/lyon\/fermeture-bars-lyon-maire-lyon-gregory-doucet-regrette-changement-brutal-methode-1878422.html\"><b>contre la fermeture des bars<\/b><\/a><b>, qu\u2019aviez-vous pens\u00e9 de sa position sur le sujet ? Selon vous, quelles r\u00e9percussions aura le couvre-feu sur les Lyonnais ?<\/b><\/p>\n<p><span style=\"font-weight: 400;\">Je suis d\u2019autant plus impliqu\u00e9 l\u00e0-dessus puisque je suis cuisinier et que je travaille dans un restaurant. Il y a deux choses : d\u2019une part<\/span> le couvre-feu a un impact violent sur notre fa\u00e7on de vivre et sur nos interactions sociales<span style=\"font-weight: 400;\">. Apr\u00e8s c\u2019est certainement une mesure qu\u2019il faut prendre. A propos de la position qu\u2019ont pu avoir Gr\u00e9gory Doucet ou Bruno Bernard, je pense qu\u2019il faut continuer \u00e0 dialoguer comme ils le font pour trouver la meilleure solution. Eviter au maximum de mettre la population dans une situation difficile, que ce soit au niveau social ou \u00e9conomique, tout en gardant des actes concrets pour enrayer l\u2019\u00e9pid\u00e9mie.<\/span><\/p>\n<p><b>En septembre, Gr\u00e9gory Doucet a sign\u00e9 une <\/b><a href=\"https:\/\/www.lyoncapitale.fr\/actualite\/lyon-gregory-doucet-signe-une-tribune-pour-un-moratoire-sur-la-5g\/\"><b>tribune <\/b><\/a><b>pour un moratoire sur la 5G, afin qu\u2019il y ait avant son d\u00e9ploiement, un d\u00e9bat d\u00e9mocratique \u00e0 son propos. Etes-vous d\u2019accord avec cette tribune ?&nbsp;<\/b><\/p>\n<p><span style=\"font-weight: 400;\">Oui, je suis compl\u00e9tement d\u2019accord avec cette tribune ! Je pense que c\u2019est important de d\u00e9battre sur la 5G, que ce soit sur son impact \u00e9cologique mais aussi sur les bienfaits que pourraient avoir cette technologie. <\/span>Il ne faut pas remettre en question l\u2019avanc\u00e9e technologique mais il faut un d\u00e9bat \u00e9clair\u00e9<span style=\"font-weight: 400;\">.<\/span><\/p>\n<p><b>Derni\u00e8rement, Gr\u00e9gory Doucet pr\u00e9voyait de <\/b><a href=\"https:\/\/www.lyoncapitale.fr\/actualite\/covid-19-gregory-doucet-veut-une-fete-des-lumieres-adaptee\/\"><b>maintenir la f\u00eate des lumi\u00e8res \u00e0 une jauge de 5000 personnes<\/b><\/a><b>. Pensez-vous qu\u2019il est encore possible de la maintenir, et dans quelles conditions ?<\/b><\/p>\n<p><span style=\"font-weight: 400;\">Personnellement je ne me prononcerai pas sur ce sujet&#8230; Gr\u00e9gory Doucet ne peut pas prendre cette d\u00e9cision au vu de la situation sanitaire qui \u00e9volue de jour en jour. Je pense que cette d\u00e9cision devrait \u00eatre prise dans les semaines qui vont venir. <\/span><i>Il faut avant tout assurer la s\u00e9curit\u00e9 au niveau sanitaire.&nbsp;<\/i><\/p>\n<p><b>Voyez-vous une diff\u00e9rence dans vos capacit\u00e9s \u00e0 discuter avec la majorit\u00e9 lyonnaise depuis que les \u00e9quipes de Gr\u00e9gory Doucet sont au pouvoir ?&nbsp;<\/b><\/p>\n<p><span style=\"font-weight: 400;\">Pas sp\u00e9cialement, le groupe Lyon en Commun reste vigilant par rapport aux id\u00e9es que nous portons. En particulier sur la question de la la\u00efcit\u00e9. On a su affirmer nos positions face \u00e0 la majorit\u00e9, cela a \u00e9t\u00e9 plut\u00f4t entendu. Le dialogue se fait bien au niveau de la majorit\u00e9.<\/span><\/p>\n<p><b>Gr\u00e9gory Doucet souhaite <\/b><a href=\"https:\/\/www.mediacites.fr\/enquete\/lyon\/2020\/10\/13\/securite-face-a-la-colere-des-habitants-le-jeu-dequilibriste-des-pouvoirs-publics-lyonnais\/\"><b>recruter 20 policiers municipaux suppl\u00e9mentaires<\/b><\/a><b>, parall\u00e8lement il projette d\u2019implanter dans tous les quartiers une antenne de police municipale. Faites-vous confiance aux \u00e9lus \u00e9cologistes pour traiter les questions de s\u00e9curit\u00e9 et pourquoi ?&nbsp;<\/b><\/p>\n<p><span style=\"font-weight: 400;\">J\u2019ai confiance en la majorit\u00e9. Quelque soit le bord politique, la question de la s\u00e9curit\u00e9 est importante. On a peut-\u00eatre des visions diff\u00e9rentes en fonction des partis ou des id\u00e9ologies. Par exemple, \u00e0 Lyon en commun on pousse pour qu\u2019il y ait plus de pr\u00e9vention. On pousse aussi pour qu\u2019il y ait plus de pr\u00e9sence humaine pour r\u00e9gler les probl\u00e8mes d\u2019ins\u00e9curit\u00e9 plut\u00f4t que d\u2019\u00eatre simplement dans la r\u00e9pression. Ne pas miser uniquement sur les moyens technologiques comme la vid\u00e9o-verbalisation. On peut voir qu\u2019il y a des sensibilit\u00e9s diff\u00e9rentes dans la majorit\u00e9. On en est arriv\u00e9 \u00e0 un compromis \u00e0 savoir augmenter les effectifs. On peut toujours \u00e9tudier les int\u00e9r\u00eats de la vid\u00e9o-verbalisation. Les \u00e9lus \u201cLyon En Commun\u201d ne sont pas ferm\u00e9s, il faut \u00e9tudier toutes les pistes.<\/span><\/p>\n<p><b>La Mairie souhaite renforcer son action pour l\u2019\u00e9galit\u00e9 \u00e0 travers la mise en place d\u2019un \u201c<\/b><a href=\"https:\/\/www.franceinter.fr\/un-budget-genre-a-la-mairie-de-lyon-qu-est-ce-que-ca-va-changer\"><b>budget sensible au genre<\/b><\/a><b>\u201d <\/b><b>sur l\u2019\u00e9ducation et le sport, la valorisation du travail des femmes \u00e0 travers la commande publique ou encore l\u2019ouverture d\u2019un d\u00e9bat sur l\u2019\u00e9criture inclusive. Pensez-vous que ces initiatives sont&nbsp; efficaces ou qu\u2019il s\u2019agit d\u2019une campagne de communication ? \u00cates-vous favorables \u00e0 ce genre de pratiques de discrimination positive ?<\/b><\/p>\n<p><span style=\"font-weight: 400;\">L\u00e0-dessus, je ne suis pas s\u00fbr que l\u2019on puisse parler de dicrimination positive. On est plus s\u00fbr de l\u2019\u00e9galit\u00e9 femmes-hommes. Celle-ci sous-entendrait des mesures d\u2019\u00e9quit\u00e9. L\u00e0, il s\u2019agit de ramener \u00e0 l\u2019\u00e9galit\u00e9. Ce sont des valeurs que je porte aussi.<\/span><\/p>\n<p><b>La m\u00e9tropole de Lyon a fait plusieurs propositions d\u2019aide aux quartiers populaires tels que la c<\/b><a href=\"https:\/\/www.mediacites.fr\/promesse\/creer-des-maisons-de-lalimentation-notamment-dans-les-37-quartiers-prioritaires-de-la-politique-de-la-ville\/\"><b>r\u00e9ation de Maison de l\u2019alimentation dans les 37 quartiers prioritaires de la ville<\/b><\/a><b> ou encore l\u2019augmentation significative du nombre de logements sociaux. Que pensez-vous du fait que la M\u00e9tropole semble prendre l\u2019ascendant sur les sujets sociaux ?&nbsp;<\/b><\/p>\n<p><span style=\"font-weight: 400;\">L\u2019action sociale est une des comp\u00e9tences principales de la M\u00e9tropole. Elle est d\u2019abord port\u00e9e par le d\u00e9partement, en l&rsquo;occurrence pour Lyon, c\u2019est la M\u00e9tropole. C\u2019est tout \u00e0 fait normal que ces projets \u00e9manent d\u2019elle. La majorit\u00e9 \u00e0 Lyon travaille de mani\u00e8re \u00e9troite avec l&rsquo;ex\u00e9cutif de la m\u00e9tropole que ce soit sur la question de la s\u00e9curit\u00e9 alimentaire ou m\u00eame sur l\u2019encadrement des loyers propos\u00e9s par Renaud Payre.<\/span><\/p>\n<p><b>Pour redynamiser la <\/b><a href=\"https:\/\/www.rue89lyon.fr\/2020\/06\/29\/lyon-qui-est-ladjointe-cle-des-ecologistes-placee-a-la-democratie-participative\/\"><b>d\u00e9mocratie participative <\/b><\/a><b>\u00e0 Lyon, la Mairie travaille sur la cr\u00e9ation de conseils des a\u00een\u00e9s, de conseils d\u2019arrondissement des enfants ou encore d\u2019un barom\u00e8tre du bien-\u00eatre des lyonnais. On peut aussi noter la cr\u00e9ation d\u2019un budget g\u00e9r\u00e9 par les citoyens repr\u00e9sentant au <\/b><a href=\"https:\/\/www.lyon.fr\/actualite\/vie-municipale\/gregory-doucet-elu-maire-de-lyon\"><b>total 5% du budget d\u2019investissements<\/b><\/a><b>. Que pensez-vous que ces initiatives permettent r\u00e9ellement une meilleure participation politique des citoyens, alors que l\u2019abstention est en hausse ces derni\u00e8res ann\u00e9es ?<\/b><\/p>\n<p><span style=\"font-weight: 400;\">Oui, je pense que c&rsquo;est positif de partir de presque rien et d\u2019amener de nouvelles choses. Apr\u00e8s tout, ceci est encore \u00e0 l\u2019\u00e9tat de projet&#8230; il faut encore que \u00e7a se mette en place. Il faudra du temps pour \u00e9valuer ces avanc\u00e9es. En tout cas, il y a une vraie importance \u00e0 se concerter, \u00e0 avoir des d\u00e9bats d\u00e9mocratiques pour redonner aussi de la confiance aux citoyens. Les 5% du budget d\u2019investissement aux citoyens c\u2019est une tr\u00e8s bonne id\u00e9e ! Par rapport \u00e0 l\u2019augmentation de cette perte de confiance, il y a certainement plus \u00e0 faire. Nous, nous souhaitons encourager ces d\u00e9marches et nous cherchons \u00e0 \u00eatre toujours plus en discussion avec les citoyens.<\/span><\/p>\n<p><b>Concr\u00e8tement, quels changements esp\u00e9rez-vous encore dans la gestion municipale de Gregory Doucet ?<\/b><\/p>\n<p><span style=\"font-weight: 400;\">Je n\u2019ai pas grand chose \u00e0 dire de plus. On va voir comment les choses vont \u00e9voluer, et on r\u00e9agira en fonction. La majorit\u00e9 doit encore se mettre en place. 100 jours, c\u2019est beaucoup et peu en m\u00eame temps. Je crois qu&rsquo;il reste encore environ 2000 jours pour ce mandat.&nbsp;<\/span><\/p>\n<!-- AddThis Advanced Settings generic via filter on the_content --><!-- AddThis Share Buttons generic via filter on the_content -->","protected":false},"excerpt":{"rendered":"<p>Nous continuons notre s\u00e9rie d\u2019entretiens avec Julien Prissette, militant Lyon en Commun et France Insoumise. Contact\u00e9 ce lundi 19 octobre, il dresse un panorama des &hellip; <!-- AddThis Advanced Settings generic via filter on wp_trim_excerpt --><!-- AddThis Share Buttons generic via filter on wp_trim_excerpt --><\/p>\n","protected":false},"author":1,"featured_media":21187,"comment_status":"open","ping_status":"open","sticky":false,"template":"","format":"standard","meta":{"_FSMCFIC_featured_image_caption":"","_FSMCFIC_featured_image_nocaption":"","_FSMCFIC_featured_image_hide":"","footnotes":""},"categories":[22685,4,6],"tags":[],"class_list":["post-21186","post","type-post","status-publish","format-standard","has-post-thumbnail","hentry","category-doucet","category-lyon","category-politique"],"yoast_head":"<!-- This site is optimized with the Yoast SEO plugin v22.8 - https:\/\/yoast.com\/wordpress\/plugins\/seo\/ -->\n<title>100 jours de Gr\u00e9gory Doucet : pour Julien Prissette (Lyon en Commun), \u201cpour l\u2019instant, c\u2019est plut\u00f4t positif\u201d - Lyon Bondy Blog<\/title>\n<meta name=\"robots\" content=\"index, follow, max-snippet:-1, max-image-preview:large, max-video-preview:-1\" \/>\n<link rel=\"canonical\" href=\"https:\/\/lyonbondyblog.fr\/LBB\/100-jours-de-gregory-doucet-pour-julien-prissette-lyon-en-commun-pour-linstant-cest-plutot-positif\/\" \/>\n<meta property=\"og:locale\" content=\"fr_FR\" \/>\n<meta property=\"og:type\" content=\"article\" \/>\n<meta property=\"og:title\" content=\"100 jours de Gr\u00e9gory Doucet : pour Julien Prissette (Lyon en Commun), \u201cpour l\u2019instant, c\u2019est plut\u00f4t positif\u201d - Lyon Bondy Blog\" \/>\n<meta property=\"og:description\" content=\"Nous continuons notre s\u00e9rie d\u2019entretiens avec Julien Prissette, militant Lyon en Commun et France Insoumise. Contact\u00e9 ce lundi 19 octobre, il dresse un panorama des &hellip;\" \/>\n<meta property=\"og:url\" content=\"https:\/\/lyonbondyblog.fr\/LBB\/100-jours-de-gregory-doucet-pour-julien-prissette-lyon-en-commun-pour-linstant-cest-plutot-positif\/\" \/>\n<meta property=\"og:site_name\" content=\"Lyon Bondy Blog\" \/>\n<meta property=\"article:publisher\" content=\"https:\/\/www.facebook.com\/lyonbondyblog\" \/>\n<meta property=\"article:author\" content=\"https:\/\/www.facebook.com\/lyonbondyblog\" \/>\n<meta property=\"article:published_time\" content=\"2020-10-27T16:37:13+00:00\" \/>\n<meta property=\"article:modified_time\" content=\"2020-11-19T13:03:59+00:00\" \/>\n<meta property=\"og:image\" content=\"https:\/\/lyonbondyblog.fr\/LBB\/wp-content\/uploads\/2020\/10\/Julien-Prisette.jpg\" \/>\n\t<meta property=\"og:image:width\" content=\"1066\" \/>\n\t<meta property=\"og:image:height\" content=\"1600\" \/>\n\t<meta property=\"og:image:type\" content=\"image\/jpeg\" \/>\n<meta name=\"author\" content=\"La r\u00e9daction\" \/>\n<meta name=\"twitter:card\" content=\"summary_large_image\" \/>\n<meta name=\"twitter:creator\" content=\"@BondyBlogLyon\" \/>\n<meta name=\"twitter:site\" content=\"@bondybloglyon\" \/>\n<script type=\"application\/ld+json\" class=\"yoast-schema-graph\">{\"@context\":\"https:\/\/schema.org\",\"@graph\":[{\"@type\":\"Article\",\"@id\":\"https:\/\/lyonbondyblog.fr\/LBB\/100-jours-de-gregory-doucet-pour-julien-prissette-lyon-en-commun-pour-linstant-cest-plutot-positif\/#article\",\"isPartOf\":{\"@id\":\"https:\/\/lyonbondyblog.fr\/LBB\/100-jours-de-gregory-doucet-pour-julien-prissette-lyon-en-commun-pour-linstant-cest-plutot-positif\/\"},\"author\":{\"name\":\"La r\u00e9daction\",\"@id\":\"https:\/\/lyonbondyblog.fr\/LBB\/#\/schema\/person\/e45f8d27baac75072daa0be50c409b25\"},\"headline\":\"100 jours de Gr\u00e9gory Doucet : pour Julien Prissette (Lyon en Commun), \u201cpour l\u2019instant, c\u2019est plut\u00f4t positif\u201d\",\"datePublished\":\"2020-10-27T16:37:13+00:00\",\"dateModified\":\"2020-11-19T13:03:59+00:00\",\"mainEntityOfPage\":{\"@id\":\"https:\/\/lyonbondyblog.fr\/LBB\/100-jours-de-gregory-doucet-pour-julien-prissette-lyon-en-commun-pour-linstant-cest-plutot-positif\/\"},\"wordCount\":1409,\"commentCount\":0,\"publisher\":{\"@id\":\"https:\/\/lyonbondyblog.fr\/LBB\/#organization\"},\"image\":{\"@id\":\"https:\/\/lyonbondyblog.fr\/LBB\/100-jours-de-gregory-doucet-pour-julien-prissette-lyon-en-commun-pour-linstant-cest-plutot-positif\/#primaryimage\"},\"thumbnailUrl\":\"https:\/\/lyonbondyblog.fr\/LBB\/wp-content\/uploads\/2020\/10\/Julien-Prisette.jpg\",\"articleSection\":[\"Doucet\",\"Lyon\",\"Politique\"],\"inLanguage\":\"fr-FR\",\"potentialAction\":[{\"@type\":\"CommentAction\",\"name\":\"Comment\",\"target\":[\"https:\/\/lyonbondyblog.fr\/LBB\/100-jours-de-gregory-doucet-pour-julien-prissette-lyon-en-commun-pour-linstant-cest-plutot-positif\/#respond\"]}]},{\"@type\":\"WebPage\",\"@id\":\"https:\/\/lyonbondyblog.fr\/LBB\/100-jours-de-gregory-doucet-pour-julien-prissette-lyon-en-commun-pour-linstant-cest-plutot-positif\/\",\"url\":\"https:\/\/lyonbondyblog.fr\/LBB\/100-jours-de-gregory-doucet-pour-julien-prissette-lyon-en-commun-pour-linstant-cest-plutot-positif\/\",\"name\":\"100 jours de Gr\u00e9gory Doucet : pour Julien Prissette (Lyon en Commun), \u201cpour l\u2019instant, c\u2019est plut\u00f4t positif\u201d - Lyon Bondy Blog\",\"isPartOf\":{\"@id\":\"https:\/\/lyonbondyblog.fr\/LBB\/#website\"},\"primaryImageOfPage\":{\"@id\":\"https:\/\/lyonbondyblog.fr\/LBB\/100-jours-de-gregory-doucet-pour-julien-prissette-lyon-en-commun-pour-linstant-cest-plutot-positif\/#primaryimage\"},\"image\":{\"@id\":\"https:\/\/lyonbondyblog.fr\/LBB\/100-jours-de-gregory-doucet-pour-julien-prissette-lyon-en-commun-pour-linstant-cest-plutot-positif\/#primaryimage\"},\"thumbnailUrl\":\"https:\/\/lyonbondyblog.fr\/LBB\/wp-content\/uploads\/2020\/10\/Julien-Prisette.jpg\",\"datePublished\":\"2020-10-27T16:37:13+00:00\",\"dateModified\":\"2020-11-19T13:03:59+00:00\",\"inLanguage\":\"fr-FR\",\"potentialAction\":[{\"@type\":\"ReadAction\",\"target\":[\"https:\/\/lyonbondyblog.fr\/LBB\/100-jours-de-gregory-doucet-pour-julien-prissette-lyon-en-commun-pour-linstant-cest-plutot-positif\/\"]}]},{\"@type\":\"ImageObject\",\"inLanguage\":\"fr-FR\",\"@id\":\"https:\/\/lyonbondyblog.fr\/LBB\/100-jours-de-gregory-doucet-pour-julien-prissette-lyon-en-commun-pour-linstant-cest-plutot-positif\/#primaryimage\",\"url\":\"https:\/\/lyonbondyblog.fr\/LBB\/wp-content\/uploads\/2020\/10\/Julien-Prisette.jpg\",\"contentUrl\":\"https:\/\/lyonbondyblog.fr\/LBB\/wp-content\/uploads\/2020\/10\/Julien-Prisette.jpg\",\"width\":1066,\"height\":1600},{\"@type\":\"WebSite\",\"@id\":\"https:\/\/lyonbondyblog.fr\/LBB\/#website\",\"url\":\"https:\/\/lyonbondyblog.fr\/LBB\/\",\"name\":\"Lyon Bondy Blog\",\"description\":\"\",\"publisher\":{\"@id\":\"https:\/\/lyonbondyblog.fr\/LBB\/#organization\"},\"potentialAction\":[{\"@type\":\"SearchAction\",\"target\":{\"@type\":\"EntryPoint\",\"urlTemplate\":\"https:\/\/lyonbondyblog.fr\/LBB\/?s={search_term_string}\"},\"query-input\":\"required name=search_term_string\"}],\"inLanguage\":\"fr-FR\"},{\"@type\":\"Organization\",\"@id\":\"https:\/\/lyonbondyblog.fr\/LBB\/#organization\",\"name\":\"LYON BONDY BLOG\",\"url\":\"https:\/\/lyonbondyblog.fr\/LBB\/\",\"logo\":{\"@type\":\"ImageObject\",\"inLanguage\":\"fr-FR\",\"@id\":\"https:\/\/lyonbondyblog.fr\/LBB\/#\/schema\/logo\/image\/\",\"url\":\"http:\/\/lyonbondyblog.fr\/LBB\/wp-content\/uploads\/2014\/10\/logo-portable-144.png\",\"contentUrl\":\"http:\/\/lyonbondyblog.fr\/LBB\/wp-content\/uploads\/2014\/10\/logo-portable-144.png\",\"width\":144,\"height\":123,\"caption\":\"LYON BONDY BLOG\"},\"image\":{\"@id\":\"https:\/\/lyonbondyblog.fr\/LBB\/#\/schema\/logo\/image\/\"},\"sameAs\":[\"https:\/\/www.facebook.com\/lyonbondyblog\",\"https:\/\/x.com\/bondybloglyon\"]},{\"@type\":\"Person\",\"@id\":\"https:\/\/lyonbondyblog.fr\/LBB\/#\/schema\/person\/e45f8d27baac75072daa0be50c409b25\",\"name\":\"La r\u00e9daction\",\"description\":\"Cr\u00e9e en 2008, la r\u00e9daction du Lyon Bondy Blog s'applique \u00e0 proposer une information locale diff\u00e9rente et compl\u00e9mentaire des m\u00e9dias traditionnels.\",\"sameAs\":[\"https:\/\/www.facebook.com\/lyonbondyblog\",\"https:\/\/x.com\/BondyBlogLyon\"],\"url\":\"https:\/\/lyonbondyblog.fr\/LBB\/author\/admin\/\"}]}<\/script>\n<!-- \/ Yoast SEO plugin. -->","yoast_head_json":{"title":"100 jours de Gr\u00e9gory Doucet : pour Julien Prissette (Lyon en Commun), \u201cpour l\u2019instant, c\u2019est plut\u00f4t positif\u201d - Lyon Bondy Blog","robots":{"index":"index","follow":"follow","max-snippet":"max-snippet:-1","max-image-preview":"max-image-preview:large","max-video-preview":"max-video-preview:-1"},"canonical":"https:\/\/lyonbondyblog.fr\/LBB\/100-jours-de-gregory-doucet-pour-julien-prissette-lyon-en-commun-pour-linstant-cest-plutot-positif\/","og_locale":"fr_FR","og_type":"article","og_title":"100 jours de Gr\u00e9gory Doucet : pour Julien Prissette (Lyon en Commun), \u201cpour l\u2019instant, c\u2019est plut\u00f4t positif\u201d - Lyon Bondy Blog","og_description":"Nous continuons notre s\u00e9rie d\u2019entretiens avec Julien Prissette, militant Lyon en Commun et France Insoumise. Contact\u00e9 ce lundi 19 octobre, il dresse un panorama des &hellip;","og_url":"https:\/\/lyonbondyblog.fr\/LBB\/100-jours-de-gregory-doucet-pour-julien-prissette-lyon-en-commun-pour-linstant-cest-plutot-positif\/","og_site_name":"Lyon Bondy Blog","article_publisher":"https:\/\/www.facebook.com\/lyonbondyblog","article_author":"https:\/\/www.facebook.com\/lyonbondyblog","article_published_time":"2020-10-27T16:37:13+00:00","article_modified_time":"2020-11-19T13:03:59+00:00","og_image":[{"width":1066,"height":1600,"url":"https:\/\/lyonbondyblog.fr\/LBB\/wp-content\/uploads\/2020\/10\/Julien-Prisette.jpg","type":"image\/jpeg"}],"author":"La r\u00e9daction","twitter_card":"summary_large_image","twitter_creator":"@BondyBlogLyon","twitter_site":"@bondybloglyon","schema":{"@context":"https:\/\/schema.org","@graph":[{"@type":"Article","@id":"https:\/\/lyonbondyblog.fr\/LBB\/100-jours-de-gregory-doucet-pour-julien-prissette-lyon-en-commun-pour-linstant-cest-plutot-positif\/#article","isPartOf":{"@id":"https:\/\/lyonbondyblog.fr\/LBB\/100-jours-de-gregory-doucet-pour-julien-prissette-lyon-en-commun-pour-linstant-cest-plutot-positif\/"},"author":{"name":"La r\u00e9daction","@id":"https:\/\/lyonbondyblog.fr\/LBB\/#\/schema\/person\/e45f8d27baac75072daa0be50c409b25"},"headline":"100 jours de Gr\u00e9gory Doucet : pour Julien Prissette (Lyon en Commun), \u201cpour l\u2019instant, c\u2019est plut\u00f4t positif\u201d","datePublished":"2020-10-27T16:37:13+00:00","dateModified":"2020-11-19T13:03:59+00:00","mainEntityOfPage":{"@id":"https:\/\/lyonbondyblog.fr\/LBB\/100-jours-de-gregory-doucet-pour-julien-prissette-lyon-en-commun-pour-linstant-cest-plutot-positif\/"},"wordCount":1409,"commentCount":0,"publisher":{"@id":"https:\/\/lyonbondyblog.fr\/LBB\/#organization"},"image":{"@id":"https:\/\/lyonbondyblog.fr\/LBB\/100-jours-de-gregory-doucet-pour-julien-prissette-lyon-en-commun-pour-linstant-cest-plutot-positif\/#primaryimage"},"thumbnailUrl":"https:\/\/lyonbondyblog.fr\/LBB\/wp-content\/uploads\/2020\/10\/Julien-Prisette.jpg","articleSection":["Doucet","Lyon","Politique"],"inLanguage":"fr-FR","potentialAction":[{"@type":"CommentAction","name":"Comment","target":["https:\/\/lyonbondyblog.fr\/LBB\/100-jours-de-gregory-doucet-pour-julien-prissette-lyon-en-commun-pour-linstant-cest-plutot-positif\/#respond"]}]},{"@type":"WebPage","@id":"https:\/\/lyonbondyblog.fr\/LBB\/100-jours-de-gregory-doucet-pour-julien-prissette-lyon-en-commun-pour-linstant-cest-plutot-positif\/","url":"https:\/\/lyonbondyblog.fr\/LBB\/100-jours-de-gregory-doucet-pour-julien-prissette-lyon-en-commun-pour-linstant-cest-plutot-positif\/","name":"100 jours de Gr\u00e9gory Doucet : pour Julien Prissette (Lyon en Commun), \u201cpour l\u2019instant, c\u2019est plut\u00f4t positif\u201d - Lyon Bondy Blog","isPartOf":{"@id":"https:\/\/lyonbondyblog.fr\/LBB\/#website"},"primaryImageOfPage":{"@id":"https:\/\/lyonbondyblog.fr\/LBB\/100-jours-de-gregory-doucet-pour-julien-prissette-lyon-en-commun-pour-linstant-cest-plutot-positif\/#primaryimage"},"image":{"@id":"https:\/\/lyonbondyblog.fr\/LBB\/100-jours-de-gregory-doucet-pour-julien-prissette-lyon-en-commun-pour-linstant-cest-plutot-positif\/#primaryimage"},"thumbnailUrl":"https:\/\/lyonbondyblog.fr\/LBB\/wp-content\/uploads\/2020\/10\/Julien-Prisette.jpg","datePublished":"2020-10-27T16:37:13+00:00","dateModified":"2020-11-19T13:03:59+00:00","inLanguage":"fr-FR","potentialAction":[{"@type":"ReadAction","target":["https:\/\/lyonbondyblog.fr\/LBB\/100-jours-de-gregory-doucet-pour-julien-prissette-lyon-en-commun-pour-linstant-cest-plutot-positif\/"]}]},{"@type":"ImageObject","inLanguage":"fr-FR","@id":"https:\/\/lyonbondyblog.fr\/LBB\/100-jours-de-gregory-doucet-pour-julien-prissette-lyon-en-commun-pour-linstant-cest-plutot-positif\/#primaryimage","url":"https:\/\/lyonbondyblog.fr\/LBB\/wp-content\/uploads\/2020\/10\/Julien-Prisette.jpg","contentUrl":"https:\/\/lyonbondyblog.fr\/LBB\/wp-content\/uploads\/2020\/10\/Julien-Prisette.jpg","width":1066,"height":1600},{"@type":"WebSite","@id":"https:\/\/lyonbondyblog.fr\/LBB\/#website","url":"https:\/\/lyonbondyblog.fr\/LBB\/","name":"Lyon Bondy Blog","description":"","publisher":{"@id":"https:\/\/lyonbondyblog.fr\/LBB\/#organization"},"potentialAction":[{"@type":"SearchAction","target":{"@type":"EntryPoint","urlTemplate":"https:\/\/lyonbondyblog.fr\/LBB\/?s={search_term_string}"},"query-input":"required name=search_term_string"}],"inLanguage":"fr-FR"},{"@type":"Organization","@id":"https:\/\/lyonbondyblog.fr\/LBB\/#organization","name":"LYON BONDY BLOG","url":"https:\/\/lyonbondyblog.fr\/LBB\/","logo":{"@type":"ImageObject","inLanguage":"fr-FR","@id":"https:\/\/lyonbondyblog.fr\/LBB\/#\/schema\/logo\/image\/","url":"http:\/\/lyonbondyblog.fr\/LBB\/wp-content\/uploads\/2014\/10\/logo-portable-144.png","contentUrl":"http:\/\/lyonbondyblog.fr\/LBB\/wp-content\/uploads\/2014\/10\/logo-portable-144.png","width":144,"height":123,"caption":"LYON BONDY BLOG"},"image":{"@id":"https:\/\/lyonbondyblog.fr\/LBB\/#\/schema\/logo\/image\/"},"sameAs":["https:\/\/www.facebook.com\/lyonbondyblog","https:\/\/x.com\/bondybloglyon"]},{"@type":"Person","@id":"https:\/\/lyonbondyblog.fr\/LBB\/#\/schema\/person\/e45f8d27baac75072daa0be50c409b25","name":"La r\u00e9daction","description":"Cr\u00e9e en 2008, la r\u00e9daction du Lyon Bondy Blog s'applique \u00e0 proposer une information locale diff\u00e9rente et compl\u00e9mentaire des m\u00e9dias traditionnels.","sameAs":["https:\/\/www.facebook.com\/lyonbondyblog","https:\/\/x.com\/BondyBlogLyon"],"url":"https:\/\/lyonbondyblog.fr\/LBB\/author\/admin\/"}]}},"_links":{"self":[{"href":"https:\/\/lyonbondyblog.fr\/LBB\/wp-json\/wp\/v2\/posts\/21186","targetHints":{"allow":["GET"]}}],"collection":[{"href":"https:\/\/lyonbondyblog.fr\/LBB\/wp-json\/wp\/v2\/posts"}],"about":[{"href":"https:\/\/lyonbondyblog.fr\/LBB\/wp-json\/wp\/v2\/types\/post"}],"author":[{"embeddable":true,"href":"https:\/\/lyonbondyblog.fr\/LBB\/wp-json\/wp\/v2\/users\/1"}],"replies":[{"embeddable":true,"href":"https:\/\/lyonbondyblog.fr\/LBB\/wp-json\/wp\/v2\/comments?post=21186"}],"version-history":[{"count":4,"href":"https:\/\/lyonbondyblog.fr\/LBB\/wp-json\/wp\/v2\/posts\/21186\/revisions"}],"predecessor-version":[{"id":21247,"href":"https:\/\/lyonbondyblog.fr\/LBB\/wp-json\/wp\/v2\/posts\/21186\/revisions\/21247"}],"wp:featuredmedia":[{"embeddable":true,"href":"https:\/\/lyonbondyblog.fr\/LBB\/wp-json\/wp\/v2\/media\/21187"}],"wp:attachment":[{"href":"https:\/\/lyonbondyblog.fr\/LBB\/wp-json\/wp\/v2\/media?parent=21186"}],"wp:term":[{"taxonomy":"category","embeddable":true,"href":"https:\/\/lyonbondyblog.fr\/LBB\/wp-json\/wp\/v2\/categories?post=21186"},{"taxonomy":"post_tag","embeddable":true,"href":"https:\/\/lyonbondyblog.fr\/LBB\/wp-json\/wp\/v2\/tags?post=21186"}],"curies":[{"name":"wp","href":"https:\/\/api.w.org\/{rel}","templated":true}]}}