{"id":2118,"date":"2011-03-12T14:12:16","date_gmt":"2011-03-12T13:12:16","guid":{"rendered":"http:\/\/lyonbondyblog.fr\/LBB\/?p=2118"},"modified":"2013-07-30T14:14:21","modified_gmt":"2013-07-30T12:14:21","slug":"le-tremblement-de-terre-ma-fait-flipper","status":"publish","type":"post","link":"https:\/\/lyonbondyblog.fr\/LBB\/le-tremblement-de-terre-ma-fait-flipper\/","title":{"rendered":"\u00ab Le tremblement de terre m\u2019a fait flipper \u00bb"},"content":{"rendered":"<p><strong>T\u00e9moignage de Danie Wong , Etudiante en LEA anglais-japonais \u00e0 l&rsquo;universit\u00e9 Jean Moulin Lyon 3. De la rentr\u00e9e de Septembre 2010 \u00e0 fin Ao\u00fbt\/Septembre 2011, elle r\u00e9alise sa troisi\u00e8me ann\u00e9e de licence au Japon, Tokyo, Seikei University.<\/strong><\/p>\n<div><a title=\" -- Cliquez pour voir l'image en entier\" href=\"http:\/\/yahoo.lyon.bondyblog.fr\/images\/japon.jpg\" target=\"_blank\"> <img decoding=\"async\" class=\"alignright\" alt=\" -- Cliquez pour voir l'image en entier\" src=\"http:\/\/yahoo.lyon.bondyblog.fr\/images\/japon_t.jpg\" border=\"0\" \/> <\/a><\/div>\n<div><\/div>\n<p>\u00ab\u00a0Bon, tout le monde sait d\u00e9j\u00e0 qu\u2019il y a eu un tremblement de terre assez impressionnant au Japon. J\u2019\u00e9tais dans ma chambre \u00e0 ce moment-l\u00e0. Je pensais m\u00eame aller \u00e0 Shinjuku. J\u2019\u00e9tais sur internet quand cela a commenc\u00e9 \u00e0 secouer. Doucement d\u2019abord. J\u2019ai lev\u00e9 un sourcil en pensant \u00ab\u00a0Tiens, c\u2019est bien le premier que je ressens\u00a0\u00bb. Puis j&rsquo;ai trouv\u00e9 que cela durait un peu trop longtemps quand d\u2019un coup c\u2019est devenu plus violent. Mes tiroirs s\u2019ouvraient, des objets tombaient au sol, &#8230;<\/p>\n<p><b>Je ne savais pas trop quoi faire je me suis donc cach\u00e9e sous mon bureau<\/b> et j\u2019ai attendu, un peu inqui\u00e8te. Quand cela fut termin\u00e9, je suis all\u00e9e dans le couloir pour voir s\u2019il n\u2019y avait que moi qui avait trouv\u00e9 les secousses ultra puissantes et tout le monde est sorti de sa chambre en panique. La concierge de notre b\u00e2timent, arriva compl\u00e8tement paniqu\u00e9e et eut du mal \u00e0 parler.<\/p>\n<p><b>Il a fallu que l\u2019on se rassemble et que l\u2019on aille dans la cour de la fac<\/b>. Il y avait l\u00e0 tout plein de monde\u2026Vraiment beaucoup. Il y eut une nouvelle vague de tremblement si forte que tout le monde s\u2019assit au sol et tenta de s\u2019\u00e9loigner le plus possible des arbres.<\/p>\n<p><b>Ensuite, nous avons attendu et encore attendu. <\/b>Seikei (nom de l&rsquo;universit\u00e9) ne voulait pas nous laisser partir avant d\u2019\u00eatre s\u00fbre. Finalement, ils nous ont compt\u00e9s. Ceux qui ne pouvaient pas rentrer chez eux, (puisqu\u2019il n\u2019y a plus de train \u00e0 ce moment-l\u00e0) ont \u00e9t\u00e9 install\u00e9s dans diverses classes avec les news en continu. Nous, on a pu rentrer au kaikan (nom du dortoir).<\/p>\n<p><b>Depuis, \u00e9videmment, on ne parle que de \u00e7a \u00e0 la t\u00e9l\u00e9 japonaise. En boucle. <\/b>Sendai semble alors \u00eatre tr\u00e8s touch\u00e9e et cela m\u2019attriste beaucoup parce que j\u2019avais ador\u00e9 cette ville quand j\u2019y \u00e9tait all\u00e9e et les gens que j\u2019avais rencontr\u00e9 l\u00e0-bas \u00e9taient adorables.<br \/>\nJe connais pas mal de gens coinc\u00e9s en centre-ville parce que le chaos r\u00e8gne dans les transports.<\/p>\n<p><b>Le tremblement de terre m\u2019a fait flipp\u00e9 parce que c&rsquo;\u00e9tait la premi\u00e8re fois que je vivais quelque chose d&rsquo;aussi intense et angoissant\u00a0<\/b>et qu\u2019il a vraiment secou\u00e9 tr\u00e8s fort. Au point qu&rsquo;on ne parle plus que de cela \u00e0 la t\u00e9l\u00e9, sur Facebook (ils sont habitu\u00e9s d\u2019ordinaire) mais aussi partout dans le monde.<\/p>\n<p><b>Depuis, de petits secousses se font ressentir (parfois un peu plus fortes) et finissent par donner la naus\u00e9e<\/b>.<br \/>\nLe s\u00e9isme a eu lieu en d\u00e9but d\u2019apr\u00e8s-midi. \u00a0Il est presque 1 heure du matin maintenant.<br \/>\nA pr\u00e9sent, j&rsquo;esp\u00e8re que la situation va s&rsquo;arranger \u00e0 Sendai parce que \u00e7a n\u2019a pas l\u2019air bien beau par l\u00e0 bas.<\/p>\n<p>(Le t\u00e9moignage de Danie Wong a \u00e9t\u00e9 l\u00e9g\u00e9rement coup\u00e9 et retravaill\u00e9 par la r\u00e9daction apr\u00e8s publication)<\/p>\n<!-- AddThis Advanced Settings generic via filter on the_content --><!-- AddThis Share Buttons generic via filter on the_content -->","protected":false},"excerpt":{"rendered":"<p>T\u00e9moignage de Danie Wong , Etudiante en LEA anglais-japonais \u00e0 l&rsquo;universit\u00e9 Jean Moulin Lyon 3. De la rentr\u00e9e de Septembre 2010 \u00e0 fin Ao\u00fbt\/Septembre 2011, &hellip; <!-- AddThis Advanced Settings generic via filter on wp_trim_excerpt --><!-- AddThis Share Buttons generic via filter on wp_trim_excerpt --><\/p>\n","protected":false},"author":1,"featured_media":0,"comment_status":"open","ping_status":"open","sticky":false,"template":"","format":"standard","meta":{"_FSMCFIC_featured_image_caption":"","_FSMCFIC_featured_image_nocaption":"","_FSMCFIC_featured_image_hide":"","footnotes":""},"categories":[4],"tags":[10,112],"class_list":["post-2118","post","type-post","status-publish","format-standard","hentry","category-lyon","tag-lyon-2","tag-lyon-bondy-blog"],"yoast_head":"<!-- This site is optimized with the Yoast SEO plugin v22.8 - https:\/\/yoast.com\/wordpress\/plugins\/seo\/ -->\n<title>\u00ab Le tremblement de terre m\u2019a fait flipper \u00bb - Lyon Bondy Blog<\/title>\n<meta name=\"robots\" content=\"index, follow, max-snippet:-1, max-image-preview:large, max-video-preview:-1\" \/>\n<link rel=\"canonical\" href=\"https:\/\/lyonbondyblog.fr\/LBB\/le-tremblement-de-terre-ma-fait-flipper\/\" \/>\n<meta property=\"og:locale\" content=\"fr_FR\" \/>\n<meta property=\"og:type\" content=\"article\" \/>\n<meta property=\"og:title\" content=\"\u00ab Le tremblement de terre m\u2019a fait flipper \u00bb - Lyon Bondy Blog\" \/>\n<meta property=\"og:description\" content=\"T\u00e9moignage de Danie Wong , Etudiante en LEA anglais-japonais \u00e0 l&rsquo;universit\u00e9 Jean Moulin Lyon 3. De la rentr\u00e9e de Septembre 2010 \u00e0 fin Ao\u00fbt\/Septembre 2011, &hellip;\" \/>\n<meta property=\"og:url\" content=\"https:\/\/lyonbondyblog.fr\/LBB\/le-tremblement-de-terre-ma-fait-flipper\/\" \/>\n<meta property=\"og:site_name\" content=\"Lyon Bondy Blog\" \/>\n<meta property=\"article:publisher\" content=\"https:\/\/www.facebook.com\/lyonbondyblog\" \/>\n<meta property=\"article:author\" content=\"https:\/\/www.facebook.com\/lyonbondyblog\" \/>\n<meta property=\"article:published_time\" content=\"2011-03-12T13:12:16+00:00\" \/>\n<meta property=\"article:modified_time\" content=\"2013-07-30T12:14:21+00:00\" \/>\n<meta property=\"og:image\" content=\"http:\/\/yahoo.lyon.bondyblog.fr\/images\/japon_t.jpg\" \/>\n<meta name=\"author\" content=\"La r\u00e9daction\" \/>\n<meta name=\"twitter:card\" content=\"summary_large_image\" \/>\n<meta name=\"twitter:creator\" content=\"@BondyBlogLyon\" \/>\n<meta name=\"twitter:site\" content=\"@bondybloglyon\" \/>\n<script type=\"application\/ld+json\" class=\"yoast-schema-graph\">{\"@context\":\"https:\/\/schema.org\",\"@graph\":[{\"@type\":\"Article\",\"@id\":\"https:\/\/lyonbondyblog.fr\/LBB\/le-tremblement-de-terre-ma-fait-flipper\/#article\",\"isPartOf\":{\"@id\":\"https:\/\/lyonbondyblog.fr\/LBB\/le-tremblement-de-terre-ma-fait-flipper\/\"},\"author\":{\"name\":\"La r\u00e9daction\",\"@id\":\"https:\/\/lyonbondyblog.fr\/LBB\/#\/schema\/person\/e45f8d27baac75072daa0be50c409b25\"},\"headline\":\"\u00ab Le tremblement de terre m\u2019a fait flipper \u00bb\",\"datePublished\":\"2011-03-12T13:12:16+00:00\",\"dateModified\":\"2013-07-30T12:14:21+00:00\",\"mainEntityOfPage\":{\"@id\":\"https:\/\/lyonbondyblog.fr\/LBB\/le-tremblement-de-terre-ma-fait-flipper\/\"},\"wordCount\":551,\"commentCount\":0,\"publisher\":{\"@id\":\"https:\/\/lyonbondyblog.fr\/LBB\/#organization\"},\"image\":{\"@id\":\"https:\/\/lyonbondyblog.fr\/LBB\/le-tremblement-de-terre-ma-fait-flipper\/#primaryimage\"},\"thumbnailUrl\":\"http:\/\/yahoo.lyon.bondyblog.fr\/images\/japon_t.jpg\",\"keywords\":[\"lyon\",\"Lyon Bondy Blog\"],\"articleSection\":[\"Lyon\"],\"inLanguage\":\"fr-FR\",\"potentialAction\":[{\"@type\":\"CommentAction\",\"name\":\"Comment\",\"target\":[\"https:\/\/lyonbondyblog.fr\/LBB\/le-tremblement-de-terre-ma-fait-flipper\/#respond\"]}]},{\"@type\":\"WebPage\",\"@id\":\"https:\/\/lyonbondyblog.fr\/LBB\/le-tremblement-de-terre-ma-fait-flipper\/\",\"url\":\"https:\/\/lyonbondyblog.fr\/LBB\/le-tremblement-de-terre-ma-fait-flipper\/\",\"name\":\"\u00ab Le tremblement de terre m\u2019a fait flipper \u00bb - Lyon Bondy Blog\",\"isPartOf\":{\"@id\":\"https:\/\/lyonbondyblog.fr\/LBB\/#website\"},\"primaryImageOfPage\":{\"@id\":\"https:\/\/lyonbondyblog.fr\/LBB\/le-tremblement-de-terre-ma-fait-flipper\/#primaryimage\"},\"image\":{\"@id\":\"https:\/\/lyonbondyblog.fr\/LBB\/le-tremblement-de-terre-ma-fait-flipper\/#primaryimage\"},\"thumbnailUrl\":\"http:\/\/yahoo.lyon.bondyblog.fr\/images\/japon_t.jpg\",\"datePublished\":\"2011-03-12T13:12:16+00:00\",\"dateModified\":\"2013-07-30T12:14:21+00:00\",\"inLanguage\":\"fr-FR\",\"potentialAction\":[{\"@type\":\"ReadAction\",\"target\":[\"https:\/\/lyonbondyblog.fr\/LBB\/le-tremblement-de-terre-ma-fait-flipper\/\"]}]},{\"@type\":\"ImageObject\",\"inLanguage\":\"fr-FR\",\"@id\":\"https:\/\/lyonbondyblog.fr\/LBB\/le-tremblement-de-terre-ma-fait-flipper\/#primaryimage\",\"url\":\"http:\/\/yahoo.lyon.bondyblog.fr\/images\/japon_t.jpg\",\"contentUrl\":\"http:\/\/yahoo.lyon.bondyblog.fr\/images\/japon_t.jpg\"},{\"@type\":\"WebSite\",\"@id\":\"https:\/\/lyonbondyblog.fr\/LBB\/#website\",\"url\":\"https:\/\/lyonbondyblog.fr\/LBB\/\",\"name\":\"Lyon Bondy Blog\",\"description\":\"\",\"publisher\":{\"@id\":\"https:\/\/lyonbondyblog.fr\/LBB\/#organization\"},\"potentialAction\":[{\"@type\":\"SearchAction\",\"target\":{\"@type\":\"EntryPoint\",\"urlTemplate\":\"https:\/\/lyonbondyblog.fr\/LBB\/?s={search_term_string}\"},\"query-input\":\"required name=search_term_string\"}],\"inLanguage\":\"fr-FR\"},{\"@type\":\"Organization\",\"@id\":\"https:\/\/lyonbondyblog.fr\/LBB\/#organization\",\"name\":\"LYON BONDY BLOG\",\"url\":\"https:\/\/lyonbondyblog.fr\/LBB\/\",\"logo\":{\"@type\":\"ImageObject\",\"inLanguage\":\"fr-FR\",\"@id\":\"https:\/\/lyonbondyblog.fr\/LBB\/#\/schema\/logo\/image\/\",\"url\":\"http:\/\/lyonbondyblog.fr\/LBB\/wp-content\/uploads\/2014\/10\/logo-portable-144.png\",\"contentUrl\":\"http:\/\/lyonbondyblog.fr\/LBB\/wp-content\/uploads\/2014\/10\/logo-portable-144.png\",\"width\":144,\"height\":123,\"caption\":\"LYON BONDY BLOG\"},\"image\":{\"@id\":\"https:\/\/lyonbondyblog.fr\/LBB\/#\/schema\/logo\/image\/\"},\"sameAs\":[\"https:\/\/www.facebook.com\/lyonbondyblog\",\"https:\/\/x.com\/bondybloglyon\"]},{\"@type\":\"Person\",\"@id\":\"https:\/\/lyonbondyblog.fr\/LBB\/#\/schema\/person\/e45f8d27baac75072daa0be50c409b25\",\"name\":\"La r\u00e9daction\",\"description\":\"Cr\u00e9e en 2008, la r\u00e9daction du Lyon Bondy Blog s'applique \u00e0 proposer une information locale diff\u00e9rente et compl\u00e9mentaire des m\u00e9dias traditionnels.\",\"sameAs\":[\"https:\/\/www.facebook.com\/lyonbondyblog\",\"https:\/\/x.com\/BondyBlogLyon\"],\"url\":\"https:\/\/lyonbondyblog.fr\/LBB\/author\/admin\/\"}]}<\/script>\n<!-- \/ Yoast SEO plugin. -->","yoast_head_json":{"title":"\u00ab Le tremblement de terre m\u2019a fait flipper \u00bb - Lyon Bondy Blog","robots":{"index":"index","follow":"follow","max-snippet":"max-snippet:-1","max-image-preview":"max-image-preview:large","max-video-preview":"max-video-preview:-1"},"canonical":"https:\/\/lyonbondyblog.fr\/LBB\/le-tremblement-de-terre-ma-fait-flipper\/","og_locale":"fr_FR","og_type":"article","og_title":"\u00ab Le tremblement de terre m\u2019a fait flipper \u00bb - Lyon Bondy Blog","og_description":"T\u00e9moignage de Danie Wong , Etudiante en LEA anglais-japonais \u00e0 l&rsquo;universit\u00e9 Jean Moulin Lyon 3. De la rentr\u00e9e de Septembre 2010 \u00e0 fin Ao\u00fbt\/Septembre 2011, &hellip;","og_url":"https:\/\/lyonbondyblog.fr\/LBB\/le-tremblement-de-terre-ma-fait-flipper\/","og_site_name":"Lyon Bondy Blog","article_publisher":"https:\/\/www.facebook.com\/lyonbondyblog","article_author":"https:\/\/www.facebook.com\/lyonbondyblog","article_published_time":"2011-03-12T13:12:16+00:00","article_modified_time":"2013-07-30T12:14:21+00:00","og_image":[{"url":"http:\/\/yahoo.lyon.bondyblog.fr\/images\/japon_t.jpg"}],"author":"La r\u00e9daction","twitter_card":"summary_large_image","twitter_creator":"@BondyBlogLyon","twitter_site":"@bondybloglyon","schema":{"@context":"https:\/\/schema.org","@graph":[{"@type":"Article","@id":"https:\/\/lyonbondyblog.fr\/LBB\/le-tremblement-de-terre-ma-fait-flipper\/#article","isPartOf":{"@id":"https:\/\/lyonbondyblog.fr\/LBB\/le-tremblement-de-terre-ma-fait-flipper\/"},"author":{"name":"La r\u00e9daction","@id":"https:\/\/lyonbondyblog.fr\/LBB\/#\/schema\/person\/e45f8d27baac75072daa0be50c409b25"},"headline":"\u00ab Le tremblement de terre m\u2019a fait flipper \u00bb","datePublished":"2011-03-12T13:12:16+00:00","dateModified":"2013-07-30T12:14:21+00:00","mainEntityOfPage":{"@id":"https:\/\/lyonbondyblog.fr\/LBB\/le-tremblement-de-terre-ma-fait-flipper\/"},"wordCount":551,"commentCount":0,"publisher":{"@id":"https:\/\/lyonbondyblog.fr\/LBB\/#organization"},"image":{"@id":"https:\/\/lyonbondyblog.fr\/LBB\/le-tremblement-de-terre-ma-fait-flipper\/#primaryimage"},"thumbnailUrl":"http:\/\/yahoo.lyon.bondyblog.fr\/images\/japon_t.jpg","keywords":["lyon","Lyon Bondy Blog"],"articleSection":["Lyon"],"inLanguage":"fr-FR","potentialAction":[{"@type":"CommentAction","name":"Comment","target":["https:\/\/lyonbondyblog.fr\/LBB\/le-tremblement-de-terre-ma-fait-flipper\/#respond"]}]},{"@type":"WebPage","@id":"https:\/\/lyonbondyblog.fr\/LBB\/le-tremblement-de-terre-ma-fait-flipper\/","url":"https:\/\/lyonbondyblog.fr\/LBB\/le-tremblement-de-terre-ma-fait-flipper\/","name":"\u00ab Le tremblement de terre m\u2019a fait flipper \u00bb - Lyon Bondy Blog","isPartOf":{"@id":"https:\/\/lyonbondyblog.fr\/LBB\/#website"},"primaryImageOfPage":{"@id":"https:\/\/lyonbondyblog.fr\/LBB\/le-tremblement-de-terre-ma-fait-flipper\/#primaryimage"},"image":{"@id":"https:\/\/lyonbondyblog.fr\/LBB\/le-tremblement-de-terre-ma-fait-flipper\/#primaryimage"},"thumbnailUrl":"http:\/\/yahoo.lyon.bondyblog.fr\/images\/japon_t.jpg","datePublished":"2011-03-12T13:12:16+00:00","dateModified":"2013-07-30T12:14:21+00:00","inLanguage":"fr-FR","potentialAction":[{"@type":"ReadAction","target":["https:\/\/lyonbondyblog.fr\/LBB\/le-tremblement-de-terre-ma-fait-flipper\/"]}]},{"@type":"ImageObject","inLanguage":"fr-FR","@id":"https:\/\/lyonbondyblog.fr\/LBB\/le-tremblement-de-terre-ma-fait-flipper\/#primaryimage","url":"http:\/\/yahoo.lyon.bondyblog.fr\/images\/japon_t.jpg","contentUrl":"http:\/\/yahoo.lyon.bondyblog.fr\/images\/japon_t.jpg"},{"@type":"WebSite","@id":"https:\/\/lyonbondyblog.fr\/LBB\/#website","url":"https:\/\/lyonbondyblog.fr\/LBB\/","name":"Lyon Bondy Blog","description":"","publisher":{"@id":"https:\/\/lyonbondyblog.fr\/LBB\/#organization"},"potentialAction":[{"@type":"SearchAction","target":{"@type":"EntryPoint","urlTemplate":"https:\/\/lyonbondyblog.fr\/LBB\/?s={search_term_string}"},"query-input":"required name=search_term_string"}],"inLanguage":"fr-FR"},{"@type":"Organization","@id":"https:\/\/lyonbondyblog.fr\/LBB\/#organization","name":"LYON BONDY BLOG","url":"https:\/\/lyonbondyblog.fr\/LBB\/","logo":{"@type":"ImageObject","inLanguage":"fr-FR","@id":"https:\/\/lyonbondyblog.fr\/LBB\/#\/schema\/logo\/image\/","url":"http:\/\/lyonbondyblog.fr\/LBB\/wp-content\/uploads\/2014\/10\/logo-portable-144.png","contentUrl":"http:\/\/lyonbondyblog.fr\/LBB\/wp-content\/uploads\/2014\/10\/logo-portable-144.png","width":144,"height":123,"caption":"LYON BONDY BLOG"},"image":{"@id":"https:\/\/lyonbondyblog.fr\/LBB\/#\/schema\/logo\/image\/"},"sameAs":["https:\/\/www.facebook.com\/lyonbondyblog","https:\/\/x.com\/bondybloglyon"]},{"@type":"Person","@id":"https:\/\/lyonbondyblog.fr\/LBB\/#\/schema\/person\/e45f8d27baac75072daa0be50c409b25","name":"La r\u00e9daction","description":"Cr\u00e9e en 2008, la r\u00e9daction du Lyon Bondy Blog s'applique \u00e0 proposer une information locale diff\u00e9rente et compl\u00e9mentaire des m\u00e9dias traditionnels.","sameAs":["https:\/\/www.facebook.com\/lyonbondyblog","https:\/\/x.com\/BondyBlogLyon"],"url":"https:\/\/lyonbondyblog.fr\/LBB\/author\/admin\/"}]}},"_links":{"self":[{"href":"https:\/\/lyonbondyblog.fr\/LBB\/wp-json\/wp\/v2\/posts\/2118","targetHints":{"allow":["GET"]}}],"collection":[{"href":"https:\/\/lyonbondyblog.fr\/LBB\/wp-json\/wp\/v2\/posts"}],"about":[{"href":"https:\/\/lyonbondyblog.fr\/LBB\/wp-json\/wp\/v2\/types\/post"}],"author":[{"embeddable":true,"href":"https:\/\/lyonbondyblog.fr\/LBB\/wp-json\/wp\/v2\/users\/1"}],"replies":[{"embeddable":true,"href":"https:\/\/lyonbondyblog.fr\/LBB\/wp-json\/wp\/v2\/comments?post=2118"}],"version-history":[{"count":0,"href":"https:\/\/lyonbondyblog.fr\/LBB\/wp-json\/wp\/v2\/posts\/2118\/revisions"}],"wp:attachment":[{"href":"https:\/\/lyonbondyblog.fr\/LBB\/wp-json\/wp\/v2\/media?parent=2118"}],"wp:term":[{"taxonomy":"category","embeddable":true,"href":"https:\/\/lyonbondyblog.fr\/LBB\/wp-json\/wp\/v2\/categories?post=2118"},{"taxonomy":"post_tag","embeddable":true,"href":"https:\/\/lyonbondyblog.fr\/LBB\/wp-json\/wp\/v2\/tags?post=2118"}],"curies":[{"name":"wp","href":"https:\/\/api.w.org\/{rel}","templated":true}]}}