{"id":21175,"date":"2020-10-23T16:10:30","date_gmt":"2020-10-23T14:10:30","guid":{"rendered":"http:\/\/lyonbondyblog.fr\/LBB\/?p=21175"},"modified":"2020-11-19T14:04:41","modified_gmt":"2020-11-19T13:04:41","slug":"les-100-premiers-jours-de-gregory-doucet-a-la-mairie-de-lyon-vu-par-des-militants-lyonnais-de-differents-partis","status":"publish","type":"post","link":"https:\/\/lyonbondyblog.fr\/LBB\/les-100-premiers-jours-de-gregory-doucet-a-la-mairie-de-lyon-vu-par-des-militants-lyonnais-de-differents-partis\/","title":{"rendered":"Les 100 premiers jours de Gr\u00e9gory Doucet \u00e0 la Mairie de Lyon vus par des militants lyonnais de diff\u00e9rents partis"},"content":{"rendered":"<p><b>Il est courant de dire que les 100 premiers jours d&rsquo;un mandat \u00e9lectoral donnent le ton \u00e0 l&rsquo;ensemble de la l\u00e9gislature. C&rsquo;est pendant cette p\u00e9riode que les grandes lignes sont d\u00e9finies. Ce 12 octobre, le maire de Lyon Gr\u00e9gory Doucet f\u00eatait justement ses 100 jours \u00e0 la t\u00eate de la ville. Bien que cette p\u00e9riode ait \u00e9t\u00e9 fortement perturb\u00e9e par la crise du Coronavirus, on peut commencer \u00e0 discerner la fa\u00e7on de gouverner de Gregory Doucet. C&rsquo;est pourquoi il nous a sembl\u00e9 important de demander \u00e0 de jeunes militants locaux de tous bords politiques de nous donner leurs avis sur ce d\u00e9but de mandat.<\/b><\/p>\n<figure id=\"attachment_20152\" aria-describedby=\"caption-attachment-20152\" style=\"width: 959px\" class=\"wp-caption aligncenter\"><img loading=\"lazy\" decoding=\"async\" class=\" wp-image-20152\" src=\"https:\/\/lyonbondyblog.fr\/LBB\/wp-content\/uploads\/2020\/06\/IMG_1774-1200x800.jpg\" alt=\"\" width=\"959\" height=\"639\" srcset=\"https:\/\/lyonbondyblog.fr\/LBB\/wp-content\/uploads\/2020\/06\/IMG_1774-1200x800.jpg 1200w, https:\/\/lyonbondyblog.fr\/LBB\/wp-content\/uploads\/2020\/06\/IMG_1774-768x512.jpg 768w, https:\/\/lyonbondyblog.fr\/LBB\/wp-content\/uploads\/2020\/06\/IMG_1774-1920x1280.jpg 1920w, https:\/\/lyonbondyblog.fr\/LBB\/wp-content\/uploads\/2020\/06\/IMG_1774-600x400.jpg 600w\" sizes=\"auto, (max-width: 959px) 100vw, 959px\" \/><figcaption id=\"caption-attachment-20152\" class=\"wp-caption-text\">Gr\u00e9gory Doucet. Cr\u00e9dits : In\u00e8s Mitanne<\/figcaption><\/figure>\n<p><span style=\"font-weight: 400;\">La semaine prochaine, une s\u00e9rie d\u2019interviews para\u00eetra sur le site du Lyon Bondy Blog. Il s\u2019agit d\u2019entretiens r\u00e9alis\u00e9s avec des militants lyonnais et non des \u00e9lus allant du Rassemblement National au Parti Communiste fran\u00e7ais. Vous pourrez ainsi en quelques articles survoler les diff\u00e9rents points de vue de l&rsquo;ensemble du spectre politique local sur la nouvelle municipalit\u00e9. Nous avons essay\u00e9 de n&rsquo;oublier aucune tendance. Ne pouvant pas parler de tous les sujets nous nous sommes concentr\u00e9 sur l\u2019actualit\u00e9 mais aussi sur diff\u00e9rentes th\u00e9matiques telles que la s\u00e9curit\u00e9, le social ou encore la d\u00e9mocratie locale et participative. <\/span><\/p>\n<p><span style=\"font-weight: 400;\">Nous tenons \u00e0 remercier les militants qui nous ont r\u00e9pondu&nbsp;<\/span><\/p>\n<p><span style=\"font-weight: 400;\">Liste des interviews \u00e0 para\u00eetre :<\/span><\/p>\n<p><span style=\"font-weight: 400;\">Militant PCF : Julien<\/span><\/p>\n<p><span style=\"font-weight: 400;\">Militante FI : Flora-Kim Mainaud<\/span><\/p>\n<p><span style=\"font-weight: 400;\">Militant FI &#8211; Lyon en Commun : Julien Prissette&nbsp;<\/span><\/p>\n<p><span style=\"font-weight: 400;\">Militant EELV : Nicolas Markovic<\/span><\/p>\n<p><span style=\"font-weight: 400;\">Militante PS : Mona Rabier<\/span><\/p>\n<p><span style=\"font-weight: 400;\">Militante LREM : Camille-Lou Artieda-Peindarie&nbsp;<\/span><\/p>\n<p><span style=\"font-weight: 400;\">Militant UDI : Jule Le Mener<\/span><\/p>\n<p><span style=\"font-weight: 400;\">Militant LR : Th\u00e9o Munafo<\/span><\/p>\n<p><span style=\"font-weight: 400;\">Militant RN : Fabien Muradian<\/span><\/p>\n<p><span style=\"font-weight: 400;\">On ne peut pas r\u00e9sumer un mandat uniquement \u00e0 ses 100 premiers jours, surtout en pleine crise sanitaire. C&rsquo;est pourquoi nous renouvellerons ces entretiens r\u00e9guli\u00e8rement durant les 6 prochaines ann\u00e9es en interrogeant des professionnels (commer\u00e7ants, promoteurs, taxis \u2026), des associations et aussi nos lecteurs car pour nous l&rsquo;avis de tous est important. Nos colonnes sont bien entendu ouvertes aux r\u00e9ponses de la municipalit\u00e9 aux remarques exprim\u00e9es par nos invit\u00e9s. Ces entretiens ne se veulent ni \u00e0 charge ni \u00e0 la gloire de la municipalit\u00e9 actuelle, juste un instantan\u00e9 de l&rsquo;opinion locale.<\/span><\/p>\n<!-- AddThis Advanced Settings generic via filter on the_content --><!-- AddThis Share Buttons generic via filter on the_content -->","protected":false},"excerpt":{"rendered":"<p>Il est courant de dire que les 100 premiers jours d&rsquo;un mandat \u00e9lectoral donnent le ton \u00e0 l&rsquo;ensemble de la l\u00e9gislature. C&rsquo;est pendant cette p\u00e9riode &hellip; <!-- AddThis Advanced Settings generic via filter on wp_trim_excerpt --><!-- AddThis Share Buttons generic via filter on wp_trim_excerpt --><\/p>\n","protected":false},"author":1,"featured_media":20152,"comment_status":"open","ping_status":"open","sticky":false,"template":"","format":"standard","meta":{"_FSMCFIC_featured_image_caption":"","_FSMCFIC_featured_image_nocaption":"","_FSMCFIC_featured_image_hide":"","footnotes":""},"categories":[22685,4,6],"tags":[],"class_list":["post-21175","post","type-post","status-publish","format-standard","has-post-thumbnail","hentry","category-doucet","category-lyon","category-politique"],"yoast_head":"<!-- This site is optimized with the Yoast SEO plugin v22.8 - https:\/\/yoast.com\/wordpress\/plugins\/seo\/ -->\n<title>Les 100 premiers jours de Gr\u00e9gory Doucet \u00e0 la Mairie de Lyon vus par des militants lyonnais de diff\u00e9rents partis - Lyon Bondy Blog<\/title>\n<meta name=\"robots\" content=\"index, follow, max-snippet:-1, max-image-preview:large, max-video-preview:-1\" \/>\n<link rel=\"canonical\" href=\"https:\/\/lyonbondyblog.fr\/LBB\/les-100-premiers-jours-de-gregory-doucet-a-la-mairie-de-lyon-vu-par-des-militants-lyonnais-de-differents-partis\/\" \/>\n<meta property=\"og:locale\" content=\"fr_FR\" \/>\n<meta property=\"og:type\" content=\"article\" \/>\n<meta property=\"og:title\" content=\"Les 100 premiers jours de Gr\u00e9gory Doucet \u00e0 la Mairie de Lyon vus par des militants lyonnais de diff\u00e9rents partis - Lyon Bondy Blog\" \/>\n<meta property=\"og:description\" content=\"Il est courant de dire que les 100 premiers jours d&rsquo;un mandat \u00e9lectoral donnent le ton \u00e0 l&rsquo;ensemble de la l\u00e9gislature. C&rsquo;est pendant cette p\u00e9riode &hellip;\" \/>\n<meta property=\"og:url\" content=\"https:\/\/lyonbondyblog.fr\/LBB\/les-100-premiers-jours-de-gregory-doucet-a-la-mairie-de-lyon-vu-par-des-militants-lyonnais-de-differents-partis\/\" \/>\n<meta property=\"og:site_name\" content=\"Lyon Bondy Blog\" \/>\n<meta property=\"article:publisher\" content=\"https:\/\/www.facebook.com\/lyonbondyblog\" \/>\n<meta property=\"article:author\" content=\"https:\/\/www.facebook.com\/lyonbondyblog\" \/>\n<meta property=\"article:published_time\" content=\"2020-10-23T14:10:30+00:00\" \/>\n<meta property=\"article:modified_time\" content=\"2020-11-19T13:04:41+00:00\" \/>\n<meta property=\"og:image\" content=\"https:\/\/lyonbondyblog.fr\/LBB\/wp-content\/uploads\/2020\/06\/IMG_1774-1920x1280.jpg\" \/>\n\t<meta property=\"og:image:width\" content=\"1920\" \/>\n\t<meta property=\"og:image:height\" content=\"1280\" \/>\n\t<meta property=\"og:image:type\" content=\"image\/jpeg\" \/>\n<meta name=\"author\" content=\"La r\u00e9daction\" \/>\n<meta name=\"twitter:card\" content=\"summary_large_image\" \/>\n<meta name=\"twitter:creator\" content=\"@BondyBlogLyon\" \/>\n<meta name=\"twitter:site\" content=\"@bondybloglyon\" \/>\n<script type=\"application\/ld+json\" class=\"yoast-schema-graph\">{\"@context\":\"https:\/\/schema.org\",\"@graph\":[{\"@type\":\"Article\",\"@id\":\"https:\/\/lyonbondyblog.fr\/LBB\/les-100-premiers-jours-de-gregory-doucet-a-la-mairie-de-lyon-vu-par-des-militants-lyonnais-de-differents-partis\/#article\",\"isPartOf\":{\"@id\":\"https:\/\/lyonbondyblog.fr\/LBB\/les-100-premiers-jours-de-gregory-doucet-a-la-mairie-de-lyon-vu-par-des-militants-lyonnais-de-differents-partis\/\"},\"author\":{\"name\":\"La r\u00e9daction\",\"@id\":\"https:\/\/lyonbondyblog.fr\/LBB\/#\/schema\/person\/e45f8d27baac75072daa0be50c409b25\"},\"headline\":\"Les 100 premiers jours de Gr\u00e9gory Doucet \u00e0 la Mairie de Lyon vus par des militants lyonnais de diff\u00e9rents partis\",\"datePublished\":\"2020-10-23T14:10:30+00:00\",\"dateModified\":\"2020-11-19T13:04:41+00:00\",\"mainEntityOfPage\":{\"@id\":\"https:\/\/lyonbondyblog.fr\/LBB\/les-100-premiers-jours-de-gregory-doucet-a-la-mairie-de-lyon-vu-par-des-militants-lyonnais-de-differents-partis\/\"},\"wordCount\":403,\"commentCount\":0,\"publisher\":{\"@id\":\"https:\/\/lyonbondyblog.fr\/LBB\/#organization\"},\"image\":{\"@id\":\"https:\/\/lyonbondyblog.fr\/LBB\/les-100-premiers-jours-de-gregory-doucet-a-la-mairie-de-lyon-vu-par-des-militants-lyonnais-de-differents-partis\/#primaryimage\"},\"thumbnailUrl\":\"https:\/\/lyonbondyblog.fr\/LBB\/wp-content\/uploads\/2020\/06\/IMG_1774.jpg\",\"articleSection\":[\"Doucet\",\"Lyon\",\"Politique\"],\"inLanguage\":\"fr-FR\",\"potentialAction\":[{\"@type\":\"CommentAction\",\"name\":\"Comment\",\"target\":[\"https:\/\/lyonbondyblog.fr\/LBB\/les-100-premiers-jours-de-gregory-doucet-a-la-mairie-de-lyon-vu-par-des-militants-lyonnais-de-differents-partis\/#respond\"]}]},{\"@type\":\"WebPage\",\"@id\":\"https:\/\/lyonbondyblog.fr\/LBB\/les-100-premiers-jours-de-gregory-doucet-a-la-mairie-de-lyon-vu-par-des-militants-lyonnais-de-differents-partis\/\",\"url\":\"https:\/\/lyonbondyblog.fr\/LBB\/les-100-premiers-jours-de-gregory-doucet-a-la-mairie-de-lyon-vu-par-des-militants-lyonnais-de-differents-partis\/\",\"name\":\"Les 100 premiers jours de Gr\u00e9gory Doucet \u00e0 la Mairie de Lyon vus par des militants lyonnais de diff\u00e9rents partis - Lyon Bondy Blog\",\"isPartOf\":{\"@id\":\"https:\/\/lyonbondyblog.fr\/LBB\/#website\"},\"primaryImageOfPage\":{\"@id\":\"https:\/\/lyonbondyblog.fr\/LBB\/les-100-premiers-jours-de-gregory-doucet-a-la-mairie-de-lyon-vu-par-des-militants-lyonnais-de-differents-partis\/#primaryimage\"},\"image\":{\"@id\":\"https:\/\/lyonbondyblog.fr\/LBB\/les-100-premiers-jours-de-gregory-doucet-a-la-mairie-de-lyon-vu-par-des-militants-lyonnais-de-differents-partis\/#primaryimage\"},\"thumbnailUrl\":\"https:\/\/lyonbondyblog.fr\/LBB\/wp-content\/uploads\/2020\/06\/IMG_1774.jpg\",\"datePublished\":\"2020-10-23T14:10:30+00:00\",\"dateModified\":\"2020-11-19T13:04:41+00:00\",\"inLanguage\":\"fr-FR\",\"potentialAction\":[{\"@type\":\"ReadAction\",\"target\":[\"https:\/\/lyonbondyblog.fr\/LBB\/les-100-premiers-jours-de-gregory-doucet-a-la-mairie-de-lyon-vu-par-des-militants-lyonnais-de-differents-partis\/\"]}]},{\"@type\":\"ImageObject\",\"inLanguage\":\"fr-FR\",\"@id\":\"https:\/\/lyonbondyblog.fr\/LBB\/les-100-premiers-jours-de-gregory-doucet-a-la-mairie-de-lyon-vu-par-des-militants-lyonnais-de-differents-partis\/#primaryimage\",\"url\":\"https:\/\/lyonbondyblog.fr\/LBB\/wp-content\/uploads\/2020\/06\/IMG_1774.jpg\",\"contentUrl\":\"https:\/\/lyonbondyblog.fr\/LBB\/wp-content\/uploads\/2020\/06\/IMG_1774.jpg\",\"width\":6000,\"height\":4000,\"caption\":\"Gr\u00e9gory Doucet. Cr\u00e9dits : In\u00e8s Mitanne\"},{\"@type\":\"WebSite\",\"@id\":\"https:\/\/lyonbondyblog.fr\/LBB\/#website\",\"url\":\"https:\/\/lyonbondyblog.fr\/LBB\/\",\"name\":\"Lyon Bondy Blog\",\"description\":\"\",\"publisher\":{\"@id\":\"https:\/\/lyonbondyblog.fr\/LBB\/#organization\"},\"potentialAction\":[{\"@type\":\"SearchAction\",\"target\":{\"@type\":\"EntryPoint\",\"urlTemplate\":\"https:\/\/lyonbondyblog.fr\/LBB\/?s={search_term_string}\"},\"query-input\":\"required name=search_term_string\"}],\"inLanguage\":\"fr-FR\"},{\"@type\":\"Organization\",\"@id\":\"https:\/\/lyonbondyblog.fr\/LBB\/#organization\",\"name\":\"LYON BONDY BLOG\",\"url\":\"https:\/\/lyonbondyblog.fr\/LBB\/\",\"logo\":{\"@type\":\"ImageObject\",\"inLanguage\":\"fr-FR\",\"@id\":\"https:\/\/lyonbondyblog.fr\/LBB\/#\/schema\/logo\/image\/\",\"url\":\"http:\/\/lyonbondyblog.fr\/LBB\/wp-content\/uploads\/2014\/10\/logo-portable-144.png\",\"contentUrl\":\"http:\/\/lyonbondyblog.fr\/LBB\/wp-content\/uploads\/2014\/10\/logo-portable-144.png\",\"width\":144,\"height\":123,\"caption\":\"LYON BONDY BLOG\"},\"image\":{\"@id\":\"https:\/\/lyonbondyblog.fr\/LBB\/#\/schema\/logo\/image\/\"},\"sameAs\":[\"https:\/\/www.facebook.com\/lyonbondyblog\",\"https:\/\/x.com\/bondybloglyon\"]},{\"@type\":\"Person\",\"@id\":\"https:\/\/lyonbondyblog.fr\/LBB\/#\/schema\/person\/e45f8d27baac75072daa0be50c409b25\",\"name\":\"La r\u00e9daction\",\"description\":\"Cr\u00e9e en 2008, la r\u00e9daction du Lyon Bondy Blog s'applique \u00e0 proposer une information locale diff\u00e9rente et compl\u00e9mentaire des m\u00e9dias traditionnels.\",\"sameAs\":[\"https:\/\/www.facebook.com\/lyonbondyblog\",\"https:\/\/x.com\/BondyBlogLyon\"],\"url\":\"https:\/\/lyonbondyblog.fr\/LBB\/author\/admin\/\"}]}<\/script>\n<!-- \/ Yoast SEO plugin. -->","yoast_head_json":{"title":"Les 100 premiers jours de Gr\u00e9gory Doucet \u00e0 la Mairie de Lyon vus par des militants lyonnais de diff\u00e9rents partis - Lyon Bondy Blog","robots":{"index":"index","follow":"follow","max-snippet":"max-snippet:-1","max-image-preview":"max-image-preview:large","max-video-preview":"max-video-preview:-1"},"canonical":"https:\/\/lyonbondyblog.fr\/LBB\/les-100-premiers-jours-de-gregory-doucet-a-la-mairie-de-lyon-vu-par-des-militants-lyonnais-de-differents-partis\/","og_locale":"fr_FR","og_type":"article","og_title":"Les 100 premiers jours de Gr\u00e9gory Doucet \u00e0 la Mairie de Lyon vus par des militants lyonnais de diff\u00e9rents partis - Lyon Bondy Blog","og_description":"Il est courant de dire que les 100 premiers jours d&rsquo;un mandat \u00e9lectoral donnent le ton \u00e0 l&rsquo;ensemble de la l\u00e9gislature. C&rsquo;est pendant cette p\u00e9riode &hellip;","og_url":"https:\/\/lyonbondyblog.fr\/LBB\/les-100-premiers-jours-de-gregory-doucet-a-la-mairie-de-lyon-vu-par-des-militants-lyonnais-de-differents-partis\/","og_site_name":"Lyon Bondy Blog","article_publisher":"https:\/\/www.facebook.com\/lyonbondyblog","article_author":"https:\/\/www.facebook.com\/lyonbondyblog","article_published_time":"2020-10-23T14:10:30+00:00","article_modified_time":"2020-11-19T13:04:41+00:00","og_image":[{"width":1920,"height":1280,"url":"https:\/\/lyonbondyblog.fr\/LBB\/wp-content\/uploads\/2020\/06\/IMG_1774-1920x1280.jpg","type":"image\/jpeg"}],"author":"La r\u00e9daction","twitter_card":"summary_large_image","twitter_creator":"@BondyBlogLyon","twitter_site":"@bondybloglyon","schema":{"@context":"https:\/\/schema.org","@graph":[{"@type":"Article","@id":"https:\/\/lyonbondyblog.fr\/LBB\/les-100-premiers-jours-de-gregory-doucet-a-la-mairie-de-lyon-vu-par-des-militants-lyonnais-de-differents-partis\/#article","isPartOf":{"@id":"https:\/\/lyonbondyblog.fr\/LBB\/les-100-premiers-jours-de-gregory-doucet-a-la-mairie-de-lyon-vu-par-des-militants-lyonnais-de-differents-partis\/"},"author":{"name":"La r\u00e9daction","@id":"https:\/\/lyonbondyblog.fr\/LBB\/#\/schema\/person\/e45f8d27baac75072daa0be50c409b25"},"headline":"Les 100 premiers jours de Gr\u00e9gory Doucet \u00e0 la Mairie de Lyon vus par des militants lyonnais de diff\u00e9rents partis","datePublished":"2020-10-23T14:10:30+00:00","dateModified":"2020-11-19T13:04:41+00:00","mainEntityOfPage":{"@id":"https:\/\/lyonbondyblog.fr\/LBB\/les-100-premiers-jours-de-gregory-doucet-a-la-mairie-de-lyon-vu-par-des-militants-lyonnais-de-differents-partis\/"},"wordCount":403,"commentCount":0,"publisher":{"@id":"https:\/\/lyonbondyblog.fr\/LBB\/#organization"},"image":{"@id":"https:\/\/lyonbondyblog.fr\/LBB\/les-100-premiers-jours-de-gregory-doucet-a-la-mairie-de-lyon-vu-par-des-militants-lyonnais-de-differents-partis\/#primaryimage"},"thumbnailUrl":"https:\/\/lyonbondyblog.fr\/LBB\/wp-content\/uploads\/2020\/06\/IMG_1774.jpg","articleSection":["Doucet","Lyon","Politique"],"inLanguage":"fr-FR","potentialAction":[{"@type":"CommentAction","name":"Comment","target":["https:\/\/lyonbondyblog.fr\/LBB\/les-100-premiers-jours-de-gregory-doucet-a-la-mairie-de-lyon-vu-par-des-militants-lyonnais-de-differents-partis\/#respond"]}]},{"@type":"WebPage","@id":"https:\/\/lyonbondyblog.fr\/LBB\/les-100-premiers-jours-de-gregory-doucet-a-la-mairie-de-lyon-vu-par-des-militants-lyonnais-de-differents-partis\/","url":"https:\/\/lyonbondyblog.fr\/LBB\/les-100-premiers-jours-de-gregory-doucet-a-la-mairie-de-lyon-vu-par-des-militants-lyonnais-de-differents-partis\/","name":"Les 100 premiers jours de Gr\u00e9gory Doucet \u00e0 la Mairie de Lyon vus par des militants lyonnais de diff\u00e9rents partis - Lyon Bondy Blog","isPartOf":{"@id":"https:\/\/lyonbondyblog.fr\/LBB\/#website"},"primaryImageOfPage":{"@id":"https:\/\/lyonbondyblog.fr\/LBB\/les-100-premiers-jours-de-gregory-doucet-a-la-mairie-de-lyon-vu-par-des-militants-lyonnais-de-differents-partis\/#primaryimage"},"image":{"@id":"https:\/\/lyonbondyblog.fr\/LBB\/les-100-premiers-jours-de-gregory-doucet-a-la-mairie-de-lyon-vu-par-des-militants-lyonnais-de-differents-partis\/#primaryimage"},"thumbnailUrl":"https:\/\/lyonbondyblog.fr\/LBB\/wp-content\/uploads\/2020\/06\/IMG_1774.jpg","datePublished":"2020-10-23T14:10:30+00:00","dateModified":"2020-11-19T13:04:41+00:00","inLanguage":"fr-FR","potentialAction":[{"@type":"ReadAction","target":["https:\/\/lyonbondyblog.fr\/LBB\/les-100-premiers-jours-de-gregory-doucet-a-la-mairie-de-lyon-vu-par-des-militants-lyonnais-de-differents-partis\/"]}]},{"@type":"ImageObject","inLanguage":"fr-FR","@id":"https:\/\/lyonbondyblog.fr\/LBB\/les-100-premiers-jours-de-gregory-doucet-a-la-mairie-de-lyon-vu-par-des-militants-lyonnais-de-differents-partis\/#primaryimage","url":"https:\/\/lyonbondyblog.fr\/LBB\/wp-content\/uploads\/2020\/06\/IMG_1774.jpg","contentUrl":"https:\/\/lyonbondyblog.fr\/LBB\/wp-content\/uploads\/2020\/06\/IMG_1774.jpg","width":6000,"height":4000,"caption":"Gr\u00e9gory Doucet. Cr\u00e9dits : In\u00e8s Mitanne"},{"@type":"WebSite","@id":"https:\/\/lyonbondyblog.fr\/LBB\/#website","url":"https:\/\/lyonbondyblog.fr\/LBB\/","name":"Lyon Bondy Blog","description":"","publisher":{"@id":"https:\/\/lyonbondyblog.fr\/LBB\/#organization"},"potentialAction":[{"@type":"SearchAction","target":{"@type":"EntryPoint","urlTemplate":"https:\/\/lyonbondyblog.fr\/LBB\/?s={search_term_string}"},"query-input":"required name=search_term_string"}],"inLanguage":"fr-FR"},{"@type":"Organization","@id":"https:\/\/lyonbondyblog.fr\/LBB\/#organization","name":"LYON BONDY BLOG","url":"https:\/\/lyonbondyblog.fr\/LBB\/","logo":{"@type":"ImageObject","inLanguage":"fr-FR","@id":"https:\/\/lyonbondyblog.fr\/LBB\/#\/schema\/logo\/image\/","url":"http:\/\/lyonbondyblog.fr\/LBB\/wp-content\/uploads\/2014\/10\/logo-portable-144.png","contentUrl":"http:\/\/lyonbondyblog.fr\/LBB\/wp-content\/uploads\/2014\/10\/logo-portable-144.png","width":144,"height":123,"caption":"LYON BONDY BLOG"},"image":{"@id":"https:\/\/lyonbondyblog.fr\/LBB\/#\/schema\/logo\/image\/"},"sameAs":["https:\/\/www.facebook.com\/lyonbondyblog","https:\/\/x.com\/bondybloglyon"]},{"@type":"Person","@id":"https:\/\/lyonbondyblog.fr\/LBB\/#\/schema\/person\/e45f8d27baac75072daa0be50c409b25","name":"La r\u00e9daction","description":"Cr\u00e9e en 2008, la r\u00e9daction du Lyon Bondy Blog s'applique \u00e0 proposer une information locale diff\u00e9rente et compl\u00e9mentaire des m\u00e9dias traditionnels.","sameAs":["https:\/\/www.facebook.com\/lyonbondyblog","https:\/\/x.com\/BondyBlogLyon"],"url":"https:\/\/lyonbondyblog.fr\/LBB\/author\/admin\/"}]}},"_links":{"self":[{"href":"https:\/\/lyonbondyblog.fr\/LBB\/wp-json\/wp\/v2\/posts\/21175","targetHints":{"allow":["GET"]}}],"collection":[{"href":"https:\/\/lyonbondyblog.fr\/LBB\/wp-json\/wp\/v2\/posts"}],"about":[{"href":"https:\/\/lyonbondyblog.fr\/LBB\/wp-json\/wp\/v2\/types\/post"}],"author":[{"embeddable":true,"href":"https:\/\/lyonbondyblog.fr\/LBB\/wp-json\/wp\/v2\/users\/1"}],"replies":[{"embeddable":true,"href":"https:\/\/lyonbondyblog.fr\/LBB\/wp-json\/wp\/v2\/comments?post=21175"}],"version-history":[{"count":4,"href":"https:\/\/lyonbondyblog.fr\/LBB\/wp-json\/wp\/v2\/posts\/21175\/revisions"}],"predecessor-version":[{"id":21180,"href":"https:\/\/lyonbondyblog.fr\/LBB\/wp-json\/wp\/v2\/posts\/21175\/revisions\/21180"}],"wp:featuredmedia":[{"embeddable":true,"href":"https:\/\/lyonbondyblog.fr\/LBB\/wp-json\/wp\/v2\/media\/20152"}],"wp:attachment":[{"href":"https:\/\/lyonbondyblog.fr\/LBB\/wp-json\/wp\/v2\/media?parent=21175"}],"wp:term":[{"taxonomy":"category","embeddable":true,"href":"https:\/\/lyonbondyblog.fr\/LBB\/wp-json\/wp\/v2\/categories?post=21175"},{"taxonomy":"post_tag","embeddable":true,"href":"https:\/\/lyonbondyblog.fr\/LBB\/wp-json\/wp\/v2\/tags?post=21175"}],"curies":[{"name":"wp","href":"https:\/\/api.w.org\/{rel}","templated":true}]}}