{"id":2115,"date":"2011-03-11T14:09:45","date_gmt":"2011-03-11T13:09:45","guid":{"rendered":"http:\/\/lyonbondyblog.fr\/LBB\/?p=2115"},"modified":"2013-07-30T14:12:00","modified_gmt":"2013-07-30T12:12:00","slug":"viree-sur-gerland-tournage-mental","status":"publish","type":"post","link":"https:\/\/lyonbondyblog.fr\/LBB\/viree-sur-gerland-tournage-mental\/","title":{"rendered":"Vir\u00e9e sur Gerland, Tournage mental"},"content":{"rendered":"<p><strong>D&rsquo;une pierre deux coups (au moins), voil\u00e0 un billet urbain en forme de poup\u00e9e russe. Premier volet d&rsquo;une mini-s\u00e9rie consacr\u00e9e \u00e0 l&rsquo;\u00e9volution d&rsquo;un atelier vid\u00e9o depuis et autour du quartier Gerland. Entr\u00e9e en mati\u00e8re matinale, curieuse et sur le terrain.<\/strong><\/p>\n<div><a title=\" -- Cliquez pour voir l'image en entier\" href=\"http:\/\/yahoo.lyon.bondyblog.fr\/images\/ger_1.jpg\" target=\"_blank\"> <img decoding=\"async\" class=\"alignright\" alt=\" -- Cliquez pour voir l'image en entier\" src=\"http:\/\/yahoo.lyon.bondyblog.fr\/images\/ger_1_t.jpg\" border=\"0\" \/> <\/a><\/div>\n<div><\/div>\n<p>En ce samedi matin, le quartier lyonnais au nom le plus fameux \u00e0 travers l&rsquo;hexagone, voire au-del\u00e0 , a laiss\u00e9 au vestiaire sa tenue\u00a0 d&rsquo;\u00e9bullition et son odeur de foule. Pas de bousculade \u00e0 la sortie du m\u00e9tro, ni de mar\u00e9e humaine \u00e0 affronter pour trouver, puis rejoindre sa sortie. La fourmili\u00e8re se tait \u00e0 l&rsquo;or\u00e9e de ce premier week-end de mars.<\/p>\n<p>L&rsquo;horizon d\u00e9gag\u00e9 des cascades d&rsquo;escaliers vides r\u00e9sonne d&rsquo;un silence de cath\u00e9drale, amplifi\u00e9 par les mensurations de l&rsquo;architecture.\u00a0 Un \u00e9trange et fascinant rapport de d\u00e9mesure s&rsquo;installe entre ce lieu et ma pr\u00e9sence, comme si le m\u00e9tro m&rsquo;avait port\u00e9 \u00e0 peine au-del\u00e0 du terminus, jusque dans une cavit\u00e9 temporelle interm\u00e9diaire et engourdie. Mais rien de cela ici, seulement les premiers indices d&rsquo;une enqu\u00eate sur le point de commencer, raison de ma pr\u00e9sence ici.<\/p>\n<p>En effet, depuis la premi\u00e8re semaine du mois de f\u00e9vrier, se tient au centre social de Gerland un atelier vid\u00e9o propos\u00e9 avec l&rsquo;association lyonnaise \u00ab\u00a0Les Inattendus \u00a0\u00bb . Cette premi\u00e8re collaboration entre ces deux structures, t\u00e9moigne d&rsquo;un d\u00e9sir commun de r\u00e9alisation audiovisuelle autour d&rsquo;un quartier pluriel, en mutation.\u00a0\u00a0 D&rsquo;autre part, elle marque l&rsquo;\u00e9tablissement ou la concr\u00e9tisation d&rsquo;une intimit\u00e9 forte, nouvelle peut-\u00eatre, entre un territoire et des habitants, une Histoire et des histoires.<\/p>\n<p>Articul\u00e9 en trois grands moments de f\u00e9vrier \u00e0 juin, les ateliers offrent l&rsquo;opportunit\u00e9 de la conception d&rsquo;un objet filmique, depuis l&rsquo;initiation technique jusqu&rsquo;au montage, en passant par les phases d&rsquo;\u00e9criture et de r\u00e9alisation.<\/p>\n<p>Cette volont\u00e9 de proposer, d&rsquo;accompagner et d&rsquo;aider autrui \u00e0 donner vie \u00e0 des \u00eatres d&rsquo;images et de sons, libres, uniques et vivants, et toujours en \u00e9troite connivence avec le territoire couvert, s&rsquo; inscrit depuis plusieurs ann\u00e9es dans l&rsquo;identit\u00e9 des \u00ab\u00a0Inattendus\u00a0\u00bb. En effet, depuis l&rsquo;effervescence de la Guilloti\u00e8re ou elle a \u00e9lu r\u00e9sidence, elle s&rsquo;attache \u00e0 insuffler\u00a0 un\u00a0 courant m\u00ealant pratique participative \u00e0 une logique de \u00ab\u00a0diffusion d&rsquo;un cin\u00e9ma (tr\u00e8s) ind\u00e9pendant\u00a0\u00bb.<\/p>\n<p>Ainsi, d&rsquo;\u00e2ges et d&rsquo;horizons diverses, une douzaine de participants ont r\u00e9pondu pr\u00e9sent, joignant ce projet ouvert \u00e0 tous, gratuit, sans exigence d&rsquo;exp\u00e9rience.<\/p>\n<p>Apr\u00e8s une premi\u00e8re session partag\u00e9e entre rencontre et prise en main avec les\u00a0 outils audiovisuels, et discussions visant \u00e0 partager et approfondir exp\u00e9riences et connaissances autour de ce lieu d&rsquo;investigation commun, participants et encadrants se retrouvent pour une balade urbaine du quartier dans le sillage de St\u00e9phane Badey.<\/p>\n<p>Employ\u00e9 par le mus\u00e9e Gadagne, porteur et passeur de l&rsquo;histoire lyonnaise, coutumier animateur des explorations citadines, mais \u00e9galement adh\u00e9rent aux \u00ab\u00a0Robins des Villes\u00a0\u00bb, association qui comme son nom l&rsquo;indique, s&rsquo;applique \u00e0 tisser un r\u00e9seau et une relation nouvelle entre les diff\u00e9rents acteurs de la ville, notre guide aux multiples casquettes tricote un solide fil rouge fait d&rsquo;\u00e9rudition, d\u2019humour et de passion. Esquiss\u00e9e en amont, autour de lignes directrices \u00e9merg\u00e9es lors d\u2019\u00e9changes, l&rsquo;itin\u00e9raire porte nos pas entre contextualisation g\u00e9ographique, gen\u00e8se industrielle, d\u00e9veloppement de l&rsquo;urbanisation et\u00a0 questions sociales.<\/p>\n<p>Rapidement, nous parlons avec les jambes et marchons avec la bouche. Le convoi s&rsquo;\u00e9lance, attentif et tranquille, le sourire aux l\u00e8vres sous un soleil blanc. Slalom entre pass\u00e9 et pr\u00e9sent, d&rsquo;un nom \u00e0 un autre, de \u00ab\u00a0la Mouche\u00a0\u00bb \u00e0 Gerland, oscillant d\u2019une face \u00e0 l\u2019autre de ce territoire patchwork dont on per\u00e7oit les diff\u00e9rentes et surprenantes couleurs, beaucoup moins les coutures. Entour\u00e9 de S\u00e9bastien et Julia des \u00ab\u00a0Inattendus\u00a0\u00bb, captant scrupuleusement images et sons sous les fen\u00eatres ouvertes de la cit\u00e9 Jardin, \u00e0 la rencontre des habitants dans les jardins de l&rsquo;atelier des friches. Ce matin, l\u2019heure\u00a0 \u00e0 beau \u00eatre \u00e0 la sem\u00e9e, la discussion se fait imm\u00e9diatement, chaleureusement avec ces touristes occasionnels.<\/p>\n<p>Port\u00e9 par les app\u00e9tissantes odeurs de midi, nous franchissons un invisible foss\u00e9, quittant la rive r\u00e9sidentielle populaire pour se diriger vers un ancien haut-lieu industriel, jadis r\u00e9put\u00e9 pour d&rsquo;autres odeurs, bien moins all\u00e9chantes. Celles l\u00e0 m\u00eame, qui firent de cette zone excentr\u00e9e l&#8217;emplacement id\u00e9al pour les industries polluantes, alors tenue \u00e0 bonne distance du coeur de la ville. En suivant l&rsquo;avenue Tony Garnier,\u00a0 figure in\u00e9vitable lorsque l\u2019on songe \u00e0 l\u2019architecture et \u00e0 l\u2019urbanisation du quartier, nous arrivons \u00e0 la hauteur des terrains d&rsquo;entrainement de l&rsquo;OL\u00a0 jouxtant de quelques m\u00e8tres les jardins ouvriers de la section du livre. L\u2019image est probante et symbolique du contraste et de l&rsquo;h\u00e9t\u00e9rog\u00e9n\u00e9it\u00e9 de l&rsquo;endroit. Ni la premi\u00e8re, ni la derni\u00e8re de la journ\u00e9e.<\/p>\n<p>Aux abords du biopole, regroupement d&rsquo;entreprises de pointe dans le domaine m\u00e9dical et pharmaceutique, \u00e0 quelques encablures spatiales et temporelles des cabanes de bois et des logements insalubres des ouvriers du d\u00e9but du 20\u00e8me si\u00e8cle, une voie de garage abrite un alignement de camping-cars endormis, foyer de prostitution \u00e0 la nuit tomb\u00e9e. D\u00e9lirante organisation d\u2019un espace r\u00e9v\u00e9lant une contiguit\u00e9 d&rsquo;activit\u00e9s en apparence si antinomiques, sur un p\u00e9rim\u00e8tre si restreint. Le jeu des associations symboliques les plus improbables se poursuit \u00e0 l&rsquo;approche de la monumentale halle Tony Garnier, monument class\u00e9, vestige des abattoirs et du march\u00e9 \u00e0 bestiaux d\u00e9sormais reconfigur\u00e9e en parc d&rsquo;\u00e9levage culturel massif et haut lieu pour les foires et meetings de tous poils.<\/p>\n<p>Il suffit de franchir la grande arche et de s&rsquo;engager dans l&rsquo;all\u00e9e d&rsquo;Italie, art\u00e8re vitale de ce que certains nomment le quartier de la viande, pour acc\u00e9der \u00e0 un autre temple, des \u00e9lites cette fois avec la d\u00e9centralisation en terre lyonnaise de L&rsquo;\u00c9cole Normale Sup\u00e9rieure. Profitant de l\u2019am\u00e9nagement d\u2019importantes parcelles de terrains, typiques du quartier et de son importante exploitation industrielle pass\u00e9e, l&rsquo;illustre \u00e9tablissement public fa\u00e7onne l&rsquo;excellence et entretient l&rsquo;interdisciplinarit\u00e9 sur deux p\u00f4les. Ici, sur les bordures de l&rsquo;all\u00e9e dans une sorte de navire de verre, quelques centaines de m\u00e8tres plus loin, sur le parvis Descartes, dans un cadre moderne et verdoyant, mais derri\u00e8re un enclos de b\u00e9ton et de barreaux \u00e9tanches.<\/p>\n<p>A l&rsquo;angle de la rue Andr\u00e9 Bollier et de l&rsquo;All\u00e9e de Fontenay , se hissant avec peine au del\u00e0 d&rsquo; un rideau de logements sociaux flambant neuf, le clocher de l&rsquo;\u00e9glise s&rsquo;appr\u00eate \u00e0 sonner quatorze heures lorsque nous contemplons l&rsquo; apparition de la ZAC du bon lait, nouvelle pi\u00e8ce de ce grand puzzle dont l&rsquo;osmose et l&rsquo;unit\u00e9 ne sont que g\u00e9ographiques.<\/p>\n<p>Si la balade continue, aujourd&rsquo;hui, nos routes se s\u00e9parent ici.<\/p>\n<p>Je rebrousse chemin\u00a0 direction le m\u00e9tro Debourg, abasourdi par un tel entrelacs\u00a0 de dissonances, fascin\u00e9 par le r\u00e9investissement des activit\u00e9s d&rsquo;antan et les rimes qui en d\u00e9coulent. La fatigue et la faim aidant, l&rsquo;ironie se fait mordante. J&rsquo;ai du mal \u00e0 r\u00e9sister au plaisir de pincer de concert certaines cordes\u00a0 constituant cette vaste toile, et ainsi, \u00e0 force de combinaisons, essay\u00e9 d&rsquo;en extraire une m\u00e9lodie qui en tracerait les contours. Gerland, je pense \u00e0 toi. Les mots en qu\u00eate de r\u00e9sonance, rebondissent d&rsquo;un trottoir \u00e0 l&rsquo;autre de l&rsquo;avenue Jaur\u00e8s.\u00a0 Montre-moi ton visage, toi qui en a tant. Fais entendre ta voix, toi qui en a tant. Accorde moi une danse, si tu tiens debout. D&rsquo;un bloc. D&rsquo;un \u00e9lan.<\/p>\n<p>Rendez-vous \u00e0 la prochaine \u00e9tape\u2026<\/p>\n<p>&nbsp;<\/p>\n<p>&nbsp;<\/p>\n<p>&nbsp;<\/p>\n<p>* Centre Social Gerland\u00a0\u00a0\u00a0\u00a0\u00a0\u00a0\u00a0 http:\/\/csgerland.com\/<\/p>\n<p>*Les Inattendus\u00a0\u00a0\u00a0\u00a0\u00a0\u00a0\u00a0\u00a0\u00a0\u00a0\u00a0\u00a0\u00a0\u00a0\u00a0\u00a0\u00a0\u00a0\u00a0\u00a0 http:\/\/www.inattendus.com\/<\/p>\n<p>*Mus\u00e9e Gadagne\u00a0\u00a0\u00a0\u00a0\u00a0\u00a0\u00a0\u00a0\u00a0\u00a0\u00a0\u00a0\u00a0\u00a0\u00a0\u00a0\u00a0 http:\/\/www.gadagne.musees.lyon.fr\/<\/p>\n<p>*Les Robins des Villes\u00a0\u00a0\u00a0\u00a0\u00a0\u00a0\u00a0\u00a0\u00a0 <a href=\"http:\/\/www.robinsdesvilles.org\/spip.php?rubrique1\">http:\/\/www.robinsdesvilles.org\/spip.php?rubrique1<\/a><\/p>\n<p>*Les Ateliers des Friches\u00a0\u00a0\u00a0\u00a0\u00a0 http:\/\/www.latelierdesfriches.fr\/contact.htm<\/p>\n<p style=\"text-align: right;\"><span style=\"text-decoration: underline;\">Jean-Romain Mora<\/span><\/p>\n<!-- AddThis Advanced Settings generic via filter on the_content --><!-- AddThis Share Buttons generic via filter on the_content -->","protected":false},"excerpt":{"rendered":"<p>D&rsquo;une pierre deux coups (au moins), voil\u00e0 un billet urbain en forme de poup\u00e9e russe. Premier volet d&rsquo;une mini-s\u00e9rie consacr\u00e9e \u00e0 l&rsquo;\u00e9volution d&rsquo;un atelier vid\u00e9o &hellip; <!-- AddThis Advanced Settings generic via filter on wp_trim_excerpt --><!-- AddThis Share Buttons generic via filter on wp_trim_excerpt --><\/p>\n","protected":false},"author":1,"featured_media":2116,"comment_status":"open","ping_status":"open","sticky":false,"template":"","format":"standard","meta":{"_FSMCFIC_featured_image_caption":"","_FSMCFIC_featured_image_nocaption":"","_FSMCFIC_featured_image_hide":"","footnotes":""},"categories":[4],"tags":[10,112],"class_list":["post-2115","post","type-post","status-publish","format-standard","has-post-thumbnail","hentry","category-lyon","tag-lyon-2","tag-lyon-bondy-blog"],"yoast_head":"<!-- This site is optimized with the Yoast SEO plugin v22.8 - https:\/\/yoast.com\/wordpress\/plugins\/seo\/ -->\n<title>Vir\u00e9e sur Gerland, Tournage mental - Lyon Bondy Blog<\/title>\n<meta name=\"robots\" content=\"index, follow, max-snippet:-1, max-image-preview:large, max-video-preview:-1\" \/>\n<link rel=\"canonical\" href=\"https:\/\/lyonbondyblog.fr\/LBB\/viree-sur-gerland-tournage-mental\/\" \/>\n<meta property=\"og:locale\" content=\"fr_FR\" \/>\n<meta property=\"og:type\" content=\"article\" \/>\n<meta property=\"og:title\" content=\"Vir\u00e9e sur Gerland, Tournage mental - Lyon Bondy Blog\" \/>\n<meta property=\"og:description\" content=\"D&rsquo;une pierre deux coups (au moins), voil\u00e0 un billet urbain en forme de poup\u00e9e russe. Premier volet d&rsquo;une mini-s\u00e9rie consacr\u00e9e \u00e0 l&rsquo;\u00e9volution d&rsquo;un atelier vid\u00e9o &hellip;\" \/>\n<meta property=\"og:url\" content=\"https:\/\/lyonbondyblog.fr\/LBB\/viree-sur-gerland-tournage-mental\/\" \/>\n<meta property=\"og:site_name\" content=\"Lyon Bondy Blog\" \/>\n<meta property=\"article:publisher\" content=\"https:\/\/www.facebook.com\/lyonbondyblog\" \/>\n<meta property=\"article:author\" content=\"https:\/\/www.facebook.com\/lyonbondyblog\" \/>\n<meta property=\"article:published_time\" content=\"2011-03-11T13:09:45+00:00\" \/>\n<meta property=\"article:modified_time\" content=\"2013-07-30T12:12:00+00:00\" \/>\n<meta property=\"og:image\" content=\"https:\/\/lyonbondyblog.fr\/LBB\/wp-content\/uploads\/2013\/07\/ger_1_t.jpg\" \/>\n\t<meta property=\"og:image:width\" content=\"193\" \/>\n\t<meta property=\"og:image:height\" content=\"145\" \/>\n\t<meta property=\"og:image:type\" content=\"image\/jpeg\" \/>\n<meta name=\"author\" content=\"La r\u00e9daction\" \/>\n<meta name=\"twitter:card\" content=\"summary_large_image\" \/>\n<meta name=\"twitter:creator\" content=\"@BondyBlogLyon\" \/>\n<meta name=\"twitter:site\" content=\"@bondybloglyon\" \/>\n<script type=\"application\/ld+json\" class=\"yoast-schema-graph\">{\"@context\":\"https:\/\/schema.org\",\"@graph\":[{\"@type\":\"Article\",\"@id\":\"https:\/\/lyonbondyblog.fr\/LBB\/viree-sur-gerland-tournage-mental\/#article\",\"isPartOf\":{\"@id\":\"https:\/\/lyonbondyblog.fr\/LBB\/viree-sur-gerland-tournage-mental\/\"},\"author\":{\"name\":\"La r\u00e9daction\",\"@id\":\"https:\/\/lyonbondyblog.fr\/LBB\/#\/schema\/person\/e45f8d27baac75072daa0be50c409b25\"},\"headline\":\"Vir\u00e9e sur Gerland, Tournage mental\",\"datePublished\":\"2011-03-11T13:09:45+00:00\",\"dateModified\":\"2013-07-30T12:12:00+00:00\",\"mainEntityOfPage\":{\"@id\":\"https:\/\/lyonbondyblog.fr\/LBB\/viree-sur-gerland-tournage-mental\/\"},\"wordCount\":1309,\"commentCount\":0,\"publisher\":{\"@id\":\"https:\/\/lyonbondyblog.fr\/LBB\/#organization\"},\"image\":{\"@id\":\"https:\/\/lyonbondyblog.fr\/LBB\/viree-sur-gerland-tournage-mental\/#primaryimage\"},\"thumbnailUrl\":\"https:\/\/lyonbondyblog.fr\/LBB\/wp-content\/uploads\/2013\/07\/ger_1_t.jpg\",\"keywords\":[\"lyon\",\"Lyon Bondy Blog\"],\"articleSection\":[\"Lyon\"],\"inLanguage\":\"fr-FR\",\"potentialAction\":[{\"@type\":\"CommentAction\",\"name\":\"Comment\",\"target\":[\"https:\/\/lyonbondyblog.fr\/LBB\/viree-sur-gerland-tournage-mental\/#respond\"]}]},{\"@type\":\"WebPage\",\"@id\":\"https:\/\/lyonbondyblog.fr\/LBB\/viree-sur-gerland-tournage-mental\/\",\"url\":\"https:\/\/lyonbondyblog.fr\/LBB\/viree-sur-gerland-tournage-mental\/\",\"name\":\"Vir\u00e9e sur Gerland, Tournage mental - Lyon Bondy Blog\",\"isPartOf\":{\"@id\":\"https:\/\/lyonbondyblog.fr\/LBB\/#website\"},\"primaryImageOfPage\":{\"@id\":\"https:\/\/lyonbondyblog.fr\/LBB\/viree-sur-gerland-tournage-mental\/#primaryimage\"},\"image\":{\"@id\":\"https:\/\/lyonbondyblog.fr\/LBB\/viree-sur-gerland-tournage-mental\/#primaryimage\"},\"thumbnailUrl\":\"https:\/\/lyonbondyblog.fr\/LBB\/wp-content\/uploads\/2013\/07\/ger_1_t.jpg\",\"datePublished\":\"2011-03-11T13:09:45+00:00\",\"dateModified\":\"2013-07-30T12:12:00+00:00\",\"inLanguage\":\"fr-FR\",\"potentialAction\":[{\"@type\":\"ReadAction\",\"target\":[\"https:\/\/lyonbondyblog.fr\/LBB\/viree-sur-gerland-tournage-mental\/\"]}]},{\"@type\":\"ImageObject\",\"inLanguage\":\"fr-FR\",\"@id\":\"https:\/\/lyonbondyblog.fr\/LBB\/viree-sur-gerland-tournage-mental\/#primaryimage\",\"url\":\"https:\/\/lyonbondyblog.fr\/LBB\/wp-content\/uploads\/2013\/07\/ger_1_t.jpg\",\"contentUrl\":\"https:\/\/lyonbondyblog.fr\/LBB\/wp-content\/uploads\/2013\/07\/ger_1_t.jpg\",\"width\":193,\"height\":145},{\"@type\":\"WebSite\",\"@id\":\"https:\/\/lyonbondyblog.fr\/LBB\/#website\",\"url\":\"https:\/\/lyonbondyblog.fr\/LBB\/\",\"name\":\"Lyon Bondy Blog\",\"description\":\"\",\"publisher\":{\"@id\":\"https:\/\/lyonbondyblog.fr\/LBB\/#organization\"},\"potentialAction\":[{\"@type\":\"SearchAction\",\"target\":{\"@type\":\"EntryPoint\",\"urlTemplate\":\"https:\/\/lyonbondyblog.fr\/LBB\/?s={search_term_string}\"},\"query-input\":\"required name=search_term_string\"}],\"inLanguage\":\"fr-FR\"},{\"@type\":\"Organization\",\"@id\":\"https:\/\/lyonbondyblog.fr\/LBB\/#organization\",\"name\":\"LYON BONDY BLOG\",\"url\":\"https:\/\/lyonbondyblog.fr\/LBB\/\",\"logo\":{\"@type\":\"ImageObject\",\"inLanguage\":\"fr-FR\",\"@id\":\"https:\/\/lyonbondyblog.fr\/LBB\/#\/schema\/logo\/image\/\",\"url\":\"http:\/\/lyonbondyblog.fr\/LBB\/wp-content\/uploads\/2014\/10\/logo-portable-144.png\",\"contentUrl\":\"http:\/\/lyonbondyblog.fr\/LBB\/wp-content\/uploads\/2014\/10\/logo-portable-144.png\",\"width\":144,\"height\":123,\"caption\":\"LYON BONDY BLOG\"},\"image\":{\"@id\":\"https:\/\/lyonbondyblog.fr\/LBB\/#\/schema\/logo\/image\/\"},\"sameAs\":[\"https:\/\/www.facebook.com\/lyonbondyblog\",\"https:\/\/x.com\/bondybloglyon\"]},{\"@type\":\"Person\",\"@id\":\"https:\/\/lyonbondyblog.fr\/LBB\/#\/schema\/person\/e45f8d27baac75072daa0be50c409b25\",\"name\":\"La r\u00e9daction\",\"description\":\"Cr\u00e9e en 2008, la r\u00e9daction du Lyon Bondy Blog s'applique \u00e0 proposer une information locale diff\u00e9rente et compl\u00e9mentaire des m\u00e9dias traditionnels.\",\"sameAs\":[\"https:\/\/www.facebook.com\/lyonbondyblog\",\"https:\/\/x.com\/BondyBlogLyon\"],\"url\":\"https:\/\/lyonbondyblog.fr\/LBB\/author\/admin\/\"}]}<\/script>\n<!-- \/ Yoast SEO plugin. -->","yoast_head_json":{"title":"Vir\u00e9e sur Gerland, Tournage mental - Lyon Bondy Blog","robots":{"index":"index","follow":"follow","max-snippet":"max-snippet:-1","max-image-preview":"max-image-preview:large","max-video-preview":"max-video-preview:-1"},"canonical":"https:\/\/lyonbondyblog.fr\/LBB\/viree-sur-gerland-tournage-mental\/","og_locale":"fr_FR","og_type":"article","og_title":"Vir\u00e9e sur Gerland, Tournage mental - Lyon Bondy Blog","og_description":"D&rsquo;une pierre deux coups (au moins), voil\u00e0 un billet urbain en forme de poup\u00e9e russe. Premier volet d&rsquo;une mini-s\u00e9rie consacr\u00e9e \u00e0 l&rsquo;\u00e9volution d&rsquo;un atelier vid\u00e9o &hellip;","og_url":"https:\/\/lyonbondyblog.fr\/LBB\/viree-sur-gerland-tournage-mental\/","og_site_name":"Lyon Bondy Blog","article_publisher":"https:\/\/www.facebook.com\/lyonbondyblog","article_author":"https:\/\/www.facebook.com\/lyonbondyblog","article_published_time":"2011-03-11T13:09:45+00:00","article_modified_time":"2013-07-30T12:12:00+00:00","og_image":[{"width":193,"height":145,"url":"https:\/\/lyonbondyblog.fr\/LBB\/wp-content\/uploads\/2013\/07\/ger_1_t.jpg","type":"image\/jpeg"}],"author":"La r\u00e9daction","twitter_card":"summary_large_image","twitter_creator":"@BondyBlogLyon","twitter_site":"@bondybloglyon","schema":{"@context":"https:\/\/schema.org","@graph":[{"@type":"Article","@id":"https:\/\/lyonbondyblog.fr\/LBB\/viree-sur-gerland-tournage-mental\/#article","isPartOf":{"@id":"https:\/\/lyonbondyblog.fr\/LBB\/viree-sur-gerland-tournage-mental\/"},"author":{"name":"La r\u00e9daction","@id":"https:\/\/lyonbondyblog.fr\/LBB\/#\/schema\/person\/e45f8d27baac75072daa0be50c409b25"},"headline":"Vir\u00e9e sur Gerland, Tournage mental","datePublished":"2011-03-11T13:09:45+00:00","dateModified":"2013-07-30T12:12:00+00:00","mainEntityOfPage":{"@id":"https:\/\/lyonbondyblog.fr\/LBB\/viree-sur-gerland-tournage-mental\/"},"wordCount":1309,"commentCount":0,"publisher":{"@id":"https:\/\/lyonbondyblog.fr\/LBB\/#organization"},"image":{"@id":"https:\/\/lyonbondyblog.fr\/LBB\/viree-sur-gerland-tournage-mental\/#primaryimage"},"thumbnailUrl":"https:\/\/lyonbondyblog.fr\/LBB\/wp-content\/uploads\/2013\/07\/ger_1_t.jpg","keywords":["lyon","Lyon Bondy Blog"],"articleSection":["Lyon"],"inLanguage":"fr-FR","potentialAction":[{"@type":"CommentAction","name":"Comment","target":["https:\/\/lyonbondyblog.fr\/LBB\/viree-sur-gerland-tournage-mental\/#respond"]}]},{"@type":"WebPage","@id":"https:\/\/lyonbondyblog.fr\/LBB\/viree-sur-gerland-tournage-mental\/","url":"https:\/\/lyonbondyblog.fr\/LBB\/viree-sur-gerland-tournage-mental\/","name":"Vir\u00e9e sur Gerland, Tournage mental - Lyon Bondy Blog","isPartOf":{"@id":"https:\/\/lyonbondyblog.fr\/LBB\/#website"},"primaryImageOfPage":{"@id":"https:\/\/lyonbondyblog.fr\/LBB\/viree-sur-gerland-tournage-mental\/#primaryimage"},"image":{"@id":"https:\/\/lyonbondyblog.fr\/LBB\/viree-sur-gerland-tournage-mental\/#primaryimage"},"thumbnailUrl":"https:\/\/lyonbondyblog.fr\/LBB\/wp-content\/uploads\/2013\/07\/ger_1_t.jpg","datePublished":"2011-03-11T13:09:45+00:00","dateModified":"2013-07-30T12:12:00+00:00","inLanguage":"fr-FR","potentialAction":[{"@type":"ReadAction","target":["https:\/\/lyonbondyblog.fr\/LBB\/viree-sur-gerland-tournage-mental\/"]}]},{"@type":"ImageObject","inLanguage":"fr-FR","@id":"https:\/\/lyonbondyblog.fr\/LBB\/viree-sur-gerland-tournage-mental\/#primaryimage","url":"https:\/\/lyonbondyblog.fr\/LBB\/wp-content\/uploads\/2013\/07\/ger_1_t.jpg","contentUrl":"https:\/\/lyonbondyblog.fr\/LBB\/wp-content\/uploads\/2013\/07\/ger_1_t.jpg","width":193,"height":145},{"@type":"WebSite","@id":"https:\/\/lyonbondyblog.fr\/LBB\/#website","url":"https:\/\/lyonbondyblog.fr\/LBB\/","name":"Lyon Bondy Blog","description":"","publisher":{"@id":"https:\/\/lyonbondyblog.fr\/LBB\/#organization"},"potentialAction":[{"@type":"SearchAction","target":{"@type":"EntryPoint","urlTemplate":"https:\/\/lyonbondyblog.fr\/LBB\/?s={search_term_string}"},"query-input":"required name=search_term_string"}],"inLanguage":"fr-FR"},{"@type":"Organization","@id":"https:\/\/lyonbondyblog.fr\/LBB\/#organization","name":"LYON BONDY BLOG","url":"https:\/\/lyonbondyblog.fr\/LBB\/","logo":{"@type":"ImageObject","inLanguage":"fr-FR","@id":"https:\/\/lyonbondyblog.fr\/LBB\/#\/schema\/logo\/image\/","url":"http:\/\/lyonbondyblog.fr\/LBB\/wp-content\/uploads\/2014\/10\/logo-portable-144.png","contentUrl":"http:\/\/lyonbondyblog.fr\/LBB\/wp-content\/uploads\/2014\/10\/logo-portable-144.png","width":144,"height":123,"caption":"LYON BONDY BLOG"},"image":{"@id":"https:\/\/lyonbondyblog.fr\/LBB\/#\/schema\/logo\/image\/"},"sameAs":["https:\/\/www.facebook.com\/lyonbondyblog","https:\/\/x.com\/bondybloglyon"]},{"@type":"Person","@id":"https:\/\/lyonbondyblog.fr\/LBB\/#\/schema\/person\/e45f8d27baac75072daa0be50c409b25","name":"La r\u00e9daction","description":"Cr\u00e9e en 2008, la r\u00e9daction du Lyon Bondy Blog s'applique \u00e0 proposer une information locale diff\u00e9rente et compl\u00e9mentaire des m\u00e9dias traditionnels.","sameAs":["https:\/\/www.facebook.com\/lyonbondyblog","https:\/\/x.com\/BondyBlogLyon"],"url":"https:\/\/lyonbondyblog.fr\/LBB\/author\/admin\/"}]}},"_links":{"self":[{"href":"https:\/\/lyonbondyblog.fr\/LBB\/wp-json\/wp\/v2\/posts\/2115","targetHints":{"allow":["GET"]}}],"collection":[{"href":"https:\/\/lyonbondyblog.fr\/LBB\/wp-json\/wp\/v2\/posts"}],"about":[{"href":"https:\/\/lyonbondyblog.fr\/LBB\/wp-json\/wp\/v2\/types\/post"}],"author":[{"embeddable":true,"href":"https:\/\/lyonbondyblog.fr\/LBB\/wp-json\/wp\/v2\/users\/1"}],"replies":[{"embeddable":true,"href":"https:\/\/lyonbondyblog.fr\/LBB\/wp-json\/wp\/v2\/comments?post=2115"}],"version-history":[{"count":0,"href":"https:\/\/lyonbondyblog.fr\/LBB\/wp-json\/wp\/v2\/posts\/2115\/revisions"}],"wp:featuredmedia":[{"embeddable":true,"href":"https:\/\/lyonbondyblog.fr\/LBB\/wp-json\/wp\/v2\/media\/2116"}],"wp:attachment":[{"href":"https:\/\/lyonbondyblog.fr\/LBB\/wp-json\/wp\/v2\/media?parent=2115"}],"wp:term":[{"taxonomy":"category","embeddable":true,"href":"https:\/\/lyonbondyblog.fr\/LBB\/wp-json\/wp\/v2\/categories?post=2115"},{"taxonomy":"post_tag","embeddable":true,"href":"https:\/\/lyonbondyblog.fr\/LBB\/wp-json\/wp\/v2\/tags?post=2115"}],"curies":[{"name":"wp","href":"https:\/\/api.w.org\/{rel}","templated":true}]}}