{"id":21028,"date":"2020-10-05T17:00:00","date_gmt":"2020-10-05T15:00:00","guid":{"rendered":"http:\/\/lyonbondyblog.fr\/LBB\/?p=21028"},"modified":"2020-10-05T17:01:24","modified_gmt":"2020-10-05T15:01:24","slug":"la-cgt-sdmis-sapeurs-pompiers-de-la-metropole-et-du-rhone-demande-un-reel-recrutement-suite-a-un-week-end-de-violences","status":"publish","type":"post","link":"https:\/\/lyonbondyblog.fr\/LBB\/la-cgt-sdmis-sapeurs-pompiers-de-la-metropole-et-du-rhone-demande-un-reel-recrutement-suite-a-un-week-end-de-violences\/","title":{"rendered":"La CGT-SDMIS (sapeurs-pompiers de la m\u00e9tropole et du Rh\u00f4ne) demande un r\u00e9el recrutement suite \u00e0 un week-end de violences."},"content":{"rendered":"<p><b>Entre la nuit du samedi 3 octobre et la matin\u00e9e du dimanche, les pompiers ont \u00e9t\u00e9 doublement victimes de violences \u00e0 Rillieux et dans le 7\u00e8me arrondissement de Lyon.<\/b><\/p>\n<p><img loading=\"lazy\" decoding=\"async\" class=\"size-full wp-image-21029 aligncenter\" src=\"https:\/\/lyonbondyblog.fr\/LBB\/wp-content\/uploads\/2020\/10\/CGT-pompiers.png\" alt=\"\" width=\"788\" height=\"202\" srcset=\"https:\/\/lyonbondyblog.fr\/LBB\/wp-content\/uploads\/2020\/10\/CGT-pompiers.png 788w, https:\/\/lyonbondyblog.fr\/LBB\/wp-content\/uploads\/2020\/10\/CGT-pompiers-768x197.png 768w, https:\/\/lyonbondyblog.fr\/LBB\/wp-content\/uploads\/2020\/10\/CGT-pompiers-600x154.png 600w\" sizes=\"auto, (max-width: 788px) 100vw, 788px\" \/><\/p>\n<p><span style=\"font-weight: 400;\">Samedi 3 octobre au soir, alors que les sapeurs-pompiers de la m\u00e9tropole et du Rh\u00f4ne (SDMIS) intervenaient sur des v\u00e9hicules incendi\u00e9s \u00e0 Rillieux, les engins des pompiers ont re\u00e7u des jets de projectiles mettant en danger ces derniers. Au petit matin, une rixe \u00e9clate dans un bar associatif du 7\u00e8me arrondissement. Un sapeur-pompier de la caserne d\u2019en face (caserne de Rochat) intervient et re\u00e7oit un coup de hache \u00e0 la t\u00eate. Le sapeur-pompier bless\u00e9 est ensuite amen\u00e9 \u00e0 l&rsquo;h\u00f4pital. Ses jours n\u2019ont pas \u00e9t\u00e9 mis en danger et il est maintenant sorti de l\u2019h\u00f4pital. Dans les deux cas, des plaintes ont \u00e9t\u00e9 d\u00e9pos\u00e9es.&nbsp;<\/span><\/p>\n<p><img loading=\"lazy\" decoding=\"async\" class=\"size-full wp-image-21030 aligncenter\" src=\"https:\/\/lyonbondyblog.fr\/LBB\/wp-content\/uploads\/2020\/10\/120852902_1226699347699197_3443625464327455191_n.png\" alt=\"\" width=\"280\" height=\"374\"><\/p>\n<p><span style=\"font-weight: 400;\">Les sapeurs-pompiers rencontreront le pr\u00e9fet ce mercredi 7 octobre \u00e0 14h au SDMIS.&nbsp;<\/span><\/p>\n<p><span style=\"font-weight: 400;\">Marc Darcissac (repr\u00e9sentant CHSCT et membre de la commission ex\u00e9cutive de la CGT-SDMIS) nous a r\u00e9pondu \u00e0 propos de la visite du pr\u00e9fet : \u00ab&nbsp;<em>Nous allons lui demander comment il compte r\u00e9gler ces probl\u00e8mes. Ils veulent nous passer \u00e0 deux au lieu de trois effectifs par engins nous sommes contre et demandons plus d\u2019effectifs par engin. Nous voulons une vraie politique de recrutement aussi bien pour les pompiers que pour les policiers car on se rend compte que les cam\u00e9ras de vid\u00e9o-surveillance n\u2019ont pas d\u2019effet sur le terrain&nbsp;\u00bb.<\/em><\/span><\/p>\n<p>&nbsp;<\/p>\n<!-- AddThis Advanced Settings generic via filter on the_content --><!-- AddThis Share Buttons generic via filter on the_content -->","protected":false},"excerpt":{"rendered":"<p>Entre la nuit du samedi 3 octobre et la matin\u00e9e du dimanche, les pompiers ont \u00e9t\u00e9 doublement victimes de violences \u00e0 Rillieux et dans le &hellip; <!-- AddThis Advanced Settings generic via filter on wp_trim_excerpt --><!-- AddThis Share Buttons generic via filter on wp_trim_excerpt --><\/p>\n","protected":false},"author":27169,"featured_media":21029,"comment_status":"open","ping_status":"open","sticky":false,"template":"","format":"standard","meta":{"_FSMCFIC_featured_image_caption":"","_FSMCFIC_featured_image_nocaption":"","_FSMCFIC_featured_image_hide":"","footnotes":""},"categories":[22673,4,22672],"tags":[],"class_list":["post-21028","post","type-post","status-publish","format-standard","has-post-thumbnail","hentry","category-cgt","category-lyon","category-violences"],"yoast_head":"<!-- This site is optimized with the Yoast SEO plugin v22.8 - https:\/\/yoast.com\/wordpress\/plugins\/seo\/ -->\n<title>La CGT-SDMIS (sapeurs-pompiers de la m\u00e9tropole et du Rh\u00f4ne) demande un r\u00e9el recrutement suite \u00e0 un week-end de violences. - Lyon Bondy Blog<\/title>\n<meta name=\"robots\" content=\"index, follow, max-snippet:-1, max-image-preview:large, max-video-preview:-1\" \/>\n<link rel=\"canonical\" href=\"https:\/\/lyonbondyblog.fr\/LBB\/la-cgt-sdmis-sapeurs-pompiers-de-la-metropole-et-du-rhone-demande-un-reel-recrutement-suite-a-un-week-end-de-violences\/\" \/>\n<meta property=\"og:locale\" content=\"fr_FR\" \/>\n<meta property=\"og:type\" content=\"article\" \/>\n<meta property=\"og:title\" content=\"La CGT-SDMIS (sapeurs-pompiers de la m\u00e9tropole et du Rh\u00f4ne) demande un r\u00e9el recrutement suite \u00e0 un week-end de violences. - Lyon Bondy Blog\" \/>\n<meta property=\"og:description\" content=\"Entre la nuit du samedi 3 octobre et la matin\u00e9e du dimanche, les pompiers ont \u00e9t\u00e9 doublement victimes de violences \u00e0 Rillieux et dans le &hellip;\" \/>\n<meta property=\"og:url\" content=\"https:\/\/lyonbondyblog.fr\/LBB\/la-cgt-sdmis-sapeurs-pompiers-de-la-metropole-et-du-rhone-demande-un-reel-recrutement-suite-a-un-week-end-de-violences\/\" \/>\n<meta property=\"og:site_name\" content=\"Lyon Bondy Blog\" \/>\n<meta property=\"article:publisher\" content=\"https:\/\/www.facebook.com\/lyonbondyblog\" \/>\n<meta property=\"article:published_time\" content=\"2020-10-05T15:00:00+00:00\" \/>\n<meta property=\"article:modified_time\" content=\"2020-10-05T15:01:24+00:00\" \/>\n<meta property=\"og:image\" content=\"https:\/\/lyonbondyblog.fr\/LBB\/wp-content\/uploads\/2020\/10\/CGT-pompiers.png\" \/>\n\t<meta property=\"og:image:width\" content=\"788\" \/>\n\t<meta property=\"og:image:height\" content=\"202\" \/>\n\t<meta property=\"og:image:type\" content=\"image\/png\" \/>\n<meta name=\"author\" content=\"Alexandre Tellier\" \/>\n<meta name=\"twitter:card\" content=\"summary_large_image\" \/>\n<meta name=\"twitter:creator\" content=\"@bondybloglyon\" \/>\n<meta name=\"twitter:site\" content=\"@bondybloglyon\" \/>\n<script type=\"application\/ld+json\" class=\"yoast-schema-graph\">{\"@context\":\"https:\/\/schema.org\",\"@graph\":[{\"@type\":\"Article\",\"@id\":\"https:\/\/lyonbondyblog.fr\/LBB\/la-cgt-sdmis-sapeurs-pompiers-de-la-metropole-et-du-rhone-demande-un-reel-recrutement-suite-a-un-week-end-de-violences\/#article\",\"isPartOf\":{\"@id\":\"https:\/\/lyonbondyblog.fr\/LBB\/la-cgt-sdmis-sapeurs-pompiers-de-la-metropole-et-du-rhone-demande-un-reel-recrutement-suite-a-un-week-end-de-violences\/\"},\"author\":{\"name\":\"Alexandre Tellier\",\"@id\":\"https:\/\/lyonbondyblog.fr\/LBB\/#\/schema\/person\/c4998483fcdf6d1c89c0ba5b5bf16286\"},\"headline\":\"La CGT-SDMIS (sapeurs-pompiers de la m\u00e9tropole et du Rh\u00f4ne) demande un r\u00e9el recrutement suite \u00e0 un week-end de violences.\",\"datePublished\":\"2020-10-05T15:00:00+00:00\",\"dateModified\":\"2020-10-05T15:01:24+00:00\",\"mainEntityOfPage\":{\"@id\":\"https:\/\/lyonbondyblog.fr\/LBB\/la-cgt-sdmis-sapeurs-pompiers-de-la-metropole-et-du-rhone-demande-un-reel-recrutement-suite-a-un-week-end-de-violences\/\"},\"wordCount\":275,\"commentCount\":0,\"publisher\":{\"@id\":\"https:\/\/lyonbondyblog.fr\/LBB\/#organization\"},\"image\":{\"@id\":\"https:\/\/lyonbondyblog.fr\/LBB\/la-cgt-sdmis-sapeurs-pompiers-de-la-metropole-et-du-rhone-demande-un-reel-recrutement-suite-a-un-week-end-de-violences\/#primaryimage\"},\"thumbnailUrl\":\"https:\/\/lyonbondyblog.fr\/LBB\/wp-content\/uploads\/2020\/10\/CGT-pompiers.png\",\"articleSection\":[\"CGT\",\"Lyon\",\"Violences\"],\"inLanguage\":\"fr-FR\",\"potentialAction\":[{\"@type\":\"CommentAction\",\"name\":\"Comment\",\"target\":[\"https:\/\/lyonbondyblog.fr\/LBB\/la-cgt-sdmis-sapeurs-pompiers-de-la-metropole-et-du-rhone-demande-un-reel-recrutement-suite-a-un-week-end-de-violences\/#respond\"]}]},{\"@type\":\"WebPage\",\"@id\":\"https:\/\/lyonbondyblog.fr\/LBB\/la-cgt-sdmis-sapeurs-pompiers-de-la-metropole-et-du-rhone-demande-un-reel-recrutement-suite-a-un-week-end-de-violences\/\",\"url\":\"https:\/\/lyonbondyblog.fr\/LBB\/la-cgt-sdmis-sapeurs-pompiers-de-la-metropole-et-du-rhone-demande-un-reel-recrutement-suite-a-un-week-end-de-violences\/\",\"name\":\"La CGT-SDMIS (sapeurs-pompiers de la m\u00e9tropole et du Rh\u00f4ne) demande un r\u00e9el recrutement suite \u00e0 un week-end de violences. - Lyon Bondy Blog\",\"isPartOf\":{\"@id\":\"https:\/\/lyonbondyblog.fr\/LBB\/#website\"},\"primaryImageOfPage\":{\"@id\":\"https:\/\/lyonbondyblog.fr\/LBB\/la-cgt-sdmis-sapeurs-pompiers-de-la-metropole-et-du-rhone-demande-un-reel-recrutement-suite-a-un-week-end-de-violences\/#primaryimage\"},\"image\":{\"@id\":\"https:\/\/lyonbondyblog.fr\/LBB\/la-cgt-sdmis-sapeurs-pompiers-de-la-metropole-et-du-rhone-demande-un-reel-recrutement-suite-a-un-week-end-de-violences\/#primaryimage\"},\"thumbnailUrl\":\"https:\/\/lyonbondyblog.fr\/LBB\/wp-content\/uploads\/2020\/10\/CGT-pompiers.png\",\"datePublished\":\"2020-10-05T15:00:00+00:00\",\"dateModified\":\"2020-10-05T15:01:24+00:00\",\"inLanguage\":\"fr-FR\",\"potentialAction\":[{\"@type\":\"ReadAction\",\"target\":[\"https:\/\/lyonbondyblog.fr\/LBB\/la-cgt-sdmis-sapeurs-pompiers-de-la-metropole-et-du-rhone-demande-un-reel-recrutement-suite-a-un-week-end-de-violences\/\"]}]},{\"@type\":\"ImageObject\",\"inLanguage\":\"fr-FR\",\"@id\":\"https:\/\/lyonbondyblog.fr\/LBB\/la-cgt-sdmis-sapeurs-pompiers-de-la-metropole-et-du-rhone-demande-un-reel-recrutement-suite-a-un-week-end-de-violences\/#primaryimage\",\"url\":\"https:\/\/lyonbondyblog.fr\/LBB\/wp-content\/uploads\/2020\/10\/CGT-pompiers.png\",\"contentUrl\":\"https:\/\/lyonbondyblog.fr\/LBB\/wp-content\/uploads\/2020\/10\/CGT-pompiers.png\",\"width\":788,\"height\":202},{\"@type\":\"WebSite\",\"@id\":\"https:\/\/lyonbondyblog.fr\/LBB\/#website\",\"url\":\"https:\/\/lyonbondyblog.fr\/LBB\/\",\"name\":\"Lyon Bondy Blog\",\"description\":\"\",\"publisher\":{\"@id\":\"https:\/\/lyonbondyblog.fr\/LBB\/#organization\"},\"potentialAction\":[{\"@type\":\"SearchAction\",\"target\":{\"@type\":\"EntryPoint\",\"urlTemplate\":\"https:\/\/lyonbondyblog.fr\/LBB\/?s={search_term_string}\"},\"query-input\":\"required name=search_term_string\"}],\"inLanguage\":\"fr-FR\"},{\"@type\":\"Organization\",\"@id\":\"https:\/\/lyonbondyblog.fr\/LBB\/#organization\",\"name\":\"LYON BONDY BLOG\",\"url\":\"https:\/\/lyonbondyblog.fr\/LBB\/\",\"logo\":{\"@type\":\"ImageObject\",\"inLanguage\":\"fr-FR\",\"@id\":\"https:\/\/lyonbondyblog.fr\/LBB\/#\/schema\/logo\/image\/\",\"url\":\"http:\/\/lyonbondyblog.fr\/LBB\/wp-content\/uploads\/2014\/10\/logo-portable-144.png\",\"contentUrl\":\"http:\/\/lyonbondyblog.fr\/LBB\/wp-content\/uploads\/2014\/10\/logo-portable-144.png\",\"width\":144,\"height\":123,\"caption\":\"LYON BONDY BLOG\"},\"image\":{\"@id\":\"https:\/\/lyonbondyblog.fr\/LBB\/#\/schema\/logo\/image\/\"},\"sameAs\":[\"https:\/\/www.facebook.com\/lyonbondyblog\",\"https:\/\/x.com\/bondybloglyon\"]},{\"@type\":\"Person\",\"@id\":\"https:\/\/lyonbondyblog.fr\/LBB\/#\/schema\/person\/c4998483fcdf6d1c89c0ba5b5bf16286\",\"name\":\"Alexandre Tellier\",\"url\":\"https:\/\/lyonbondyblog.fr\/LBB\/author\/alextellier\/\"}]}<\/script>\n<!-- \/ Yoast SEO plugin. -->","yoast_head_json":{"title":"La CGT-SDMIS (sapeurs-pompiers de la m\u00e9tropole et du Rh\u00f4ne) demande un r\u00e9el recrutement suite \u00e0 un week-end de violences. - Lyon Bondy Blog","robots":{"index":"index","follow":"follow","max-snippet":"max-snippet:-1","max-image-preview":"max-image-preview:large","max-video-preview":"max-video-preview:-1"},"canonical":"https:\/\/lyonbondyblog.fr\/LBB\/la-cgt-sdmis-sapeurs-pompiers-de-la-metropole-et-du-rhone-demande-un-reel-recrutement-suite-a-un-week-end-de-violences\/","og_locale":"fr_FR","og_type":"article","og_title":"La CGT-SDMIS (sapeurs-pompiers de la m\u00e9tropole et du Rh\u00f4ne) demande un r\u00e9el recrutement suite \u00e0 un week-end de violences. - Lyon Bondy Blog","og_description":"Entre la nuit du samedi 3 octobre et la matin\u00e9e du dimanche, les pompiers ont \u00e9t\u00e9 doublement victimes de violences \u00e0 Rillieux et dans le &hellip;","og_url":"https:\/\/lyonbondyblog.fr\/LBB\/la-cgt-sdmis-sapeurs-pompiers-de-la-metropole-et-du-rhone-demande-un-reel-recrutement-suite-a-un-week-end-de-violences\/","og_site_name":"Lyon Bondy Blog","article_publisher":"https:\/\/www.facebook.com\/lyonbondyblog","article_published_time":"2020-10-05T15:00:00+00:00","article_modified_time":"2020-10-05T15:01:24+00:00","og_image":[{"width":788,"height":202,"url":"https:\/\/lyonbondyblog.fr\/LBB\/wp-content\/uploads\/2020\/10\/CGT-pompiers.png","type":"image\/png"}],"author":"Alexandre Tellier","twitter_card":"summary_large_image","twitter_creator":"@bondybloglyon","twitter_site":"@bondybloglyon","schema":{"@context":"https:\/\/schema.org","@graph":[{"@type":"Article","@id":"https:\/\/lyonbondyblog.fr\/LBB\/la-cgt-sdmis-sapeurs-pompiers-de-la-metropole-et-du-rhone-demande-un-reel-recrutement-suite-a-un-week-end-de-violences\/#article","isPartOf":{"@id":"https:\/\/lyonbondyblog.fr\/LBB\/la-cgt-sdmis-sapeurs-pompiers-de-la-metropole-et-du-rhone-demande-un-reel-recrutement-suite-a-un-week-end-de-violences\/"},"author":{"name":"Alexandre Tellier","@id":"https:\/\/lyonbondyblog.fr\/LBB\/#\/schema\/person\/c4998483fcdf6d1c89c0ba5b5bf16286"},"headline":"La CGT-SDMIS (sapeurs-pompiers de la m\u00e9tropole et du Rh\u00f4ne) demande un r\u00e9el recrutement suite \u00e0 un week-end de violences.","datePublished":"2020-10-05T15:00:00+00:00","dateModified":"2020-10-05T15:01:24+00:00","mainEntityOfPage":{"@id":"https:\/\/lyonbondyblog.fr\/LBB\/la-cgt-sdmis-sapeurs-pompiers-de-la-metropole-et-du-rhone-demande-un-reel-recrutement-suite-a-un-week-end-de-violences\/"},"wordCount":275,"commentCount":0,"publisher":{"@id":"https:\/\/lyonbondyblog.fr\/LBB\/#organization"},"image":{"@id":"https:\/\/lyonbondyblog.fr\/LBB\/la-cgt-sdmis-sapeurs-pompiers-de-la-metropole-et-du-rhone-demande-un-reel-recrutement-suite-a-un-week-end-de-violences\/#primaryimage"},"thumbnailUrl":"https:\/\/lyonbondyblog.fr\/LBB\/wp-content\/uploads\/2020\/10\/CGT-pompiers.png","articleSection":["CGT","Lyon","Violences"],"inLanguage":"fr-FR","potentialAction":[{"@type":"CommentAction","name":"Comment","target":["https:\/\/lyonbondyblog.fr\/LBB\/la-cgt-sdmis-sapeurs-pompiers-de-la-metropole-et-du-rhone-demande-un-reel-recrutement-suite-a-un-week-end-de-violences\/#respond"]}]},{"@type":"WebPage","@id":"https:\/\/lyonbondyblog.fr\/LBB\/la-cgt-sdmis-sapeurs-pompiers-de-la-metropole-et-du-rhone-demande-un-reel-recrutement-suite-a-un-week-end-de-violences\/","url":"https:\/\/lyonbondyblog.fr\/LBB\/la-cgt-sdmis-sapeurs-pompiers-de-la-metropole-et-du-rhone-demande-un-reel-recrutement-suite-a-un-week-end-de-violences\/","name":"La CGT-SDMIS (sapeurs-pompiers de la m\u00e9tropole et du Rh\u00f4ne) demande un r\u00e9el recrutement suite \u00e0 un week-end de violences. - Lyon Bondy Blog","isPartOf":{"@id":"https:\/\/lyonbondyblog.fr\/LBB\/#website"},"primaryImageOfPage":{"@id":"https:\/\/lyonbondyblog.fr\/LBB\/la-cgt-sdmis-sapeurs-pompiers-de-la-metropole-et-du-rhone-demande-un-reel-recrutement-suite-a-un-week-end-de-violences\/#primaryimage"},"image":{"@id":"https:\/\/lyonbondyblog.fr\/LBB\/la-cgt-sdmis-sapeurs-pompiers-de-la-metropole-et-du-rhone-demande-un-reel-recrutement-suite-a-un-week-end-de-violences\/#primaryimage"},"thumbnailUrl":"https:\/\/lyonbondyblog.fr\/LBB\/wp-content\/uploads\/2020\/10\/CGT-pompiers.png","datePublished":"2020-10-05T15:00:00+00:00","dateModified":"2020-10-05T15:01:24+00:00","inLanguage":"fr-FR","potentialAction":[{"@type":"ReadAction","target":["https:\/\/lyonbondyblog.fr\/LBB\/la-cgt-sdmis-sapeurs-pompiers-de-la-metropole-et-du-rhone-demande-un-reel-recrutement-suite-a-un-week-end-de-violences\/"]}]},{"@type":"ImageObject","inLanguage":"fr-FR","@id":"https:\/\/lyonbondyblog.fr\/LBB\/la-cgt-sdmis-sapeurs-pompiers-de-la-metropole-et-du-rhone-demande-un-reel-recrutement-suite-a-un-week-end-de-violences\/#primaryimage","url":"https:\/\/lyonbondyblog.fr\/LBB\/wp-content\/uploads\/2020\/10\/CGT-pompiers.png","contentUrl":"https:\/\/lyonbondyblog.fr\/LBB\/wp-content\/uploads\/2020\/10\/CGT-pompiers.png","width":788,"height":202},{"@type":"WebSite","@id":"https:\/\/lyonbondyblog.fr\/LBB\/#website","url":"https:\/\/lyonbondyblog.fr\/LBB\/","name":"Lyon Bondy Blog","description":"","publisher":{"@id":"https:\/\/lyonbondyblog.fr\/LBB\/#organization"},"potentialAction":[{"@type":"SearchAction","target":{"@type":"EntryPoint","urlTemplate":"https:\/\/lyonbondyblog.fr\/LBB\/?s={search_term_string}"},"query-input":"required name=search_term_string"}],"inLanguage":"fr-FR"},{"@type":"Organization","@id":"https:\/\/lyonbondyblog.fr\/LBB\/#organization","name":"LYON BONDY BLOG","url":"https:\/\/lyonbondyblog.fr\/LBB\/","logo":{"@type":"ImageObject","inLanguage":"fr-FR","@id":"https:\/\/lyonbondyblog.fr\/LBB\/#\/schema\/logo\/image\/","url":"http:\/\/lyonbondyblog.fr\/LBB\/wp-content\/uploads\/2014\/10\/logo-portable-144.png","contentUrl":"http:\/\/lyonbondyblog.fr\/LBB\/wp-content\/uploads\/2014\/10\/logo-portable-144.png","width":144,"height":123,"caption":"LYON BONDY BLOG"},"image":{"@id":"https:\/\/lyonbondyblog.fr\/LBB\/#\/schema\/logo\/image\/"},"sameAs":["https:\/\/www.facebook.com\/lyonbondyblog","https:\/\/x.com\/bondybloglyon"]},{"@type":"Person","@id":"https:\/\/lyonbondyblog.fr\/LBB\/#\/schema\/person\/c4998483fcdf6d1c89c0ba5b5bf16286","name":"Alexandre Tellier","url":"https:\/\/lyonbondyblog.fr\/LBB\/author\/alextellier\/"}]}},"_links":{"self":[{"href":"https:\/\/lyonbondyblog.fr\/LBB\/wp-json\/wp\/v2\/posts\/21028","targetHints":{"allow":["GET"]}}],"collection":[{"href":"https:\/\/lyonbondyblog.fr\/LBB\/wp-json\/wp\/v2\/posts"}],"about":[{"href":"https:\/\/lyonbondyblog.fr\/LBB\/wp-json\/wp\/v2\/types\/post"}],"author":[{"embeddable":true,"href":"https:\/\/lyonbondyblog.fr\/LBB\/wp-json\/wp\/v2\/users\/27169"}],"replies":[{"embeddable":true,"href":"https:\/\/lyonbondyblog.fr\/LBB\/wp-json\/wp\/v2\/comments?post=21028"}],"version-history":[{"count":3,"href":"https:\/\/lyonbondyblog.fr\/LBB\/wp-json\/wp\/v2\/posts\/21028\/revisions"}],"predecessor-version":[{"id":21033,"href":"https:\/\/lyonbondyblog.fr\/LBB\/wp-json\/wp\/v2\/posts\/21028\/revisions\/21033"}],"wp:featuredmedia":[{"embeddable":true,"href":"https:\/\/lyonbondyblog.fr\/LBB\/wp-json\/wp\/v2\/media\/21029"}],"wp:attachment":[{"href":"https:\/\/lyonbondyblog.fr\/LBB\/wp-json\/wp\/v2\/media?parent=21028"}],"wp:term":[{"taxonomy":"category","embeddable":true,"href":"https:\/\/lyonbondyblog.fr\/LBB\/wp-json\/wp\/v2\/categories?post=21028"},{"taxonomy":"post_tag","embeddable":true,"href":"https:\/\/lyonbondyblog.fr\/LBB\/wp-json\/wp\/v2\/tags?post=21028"}],"curies":[{"name":"wp","href":"https:\/\/api.w.org\/{rel}","templated":true}]}}