{"id":21018,"date":"2020-10-02T13:02:31","date_gmt":"2020-10-02T11:02:31","guid":{"rendered":"http:\/\/lyonbondyblog.fr\/LBB\/?p=21018"},"modified":"2020-10-06T17:40:21","modified_gmt":"2020-10-06T15:40:21","slug":"marche-des-solidarites-37-ans-apres-la-marche-pour-legalite-un-retour-a-venissieux","status":"publish","type":"post","link":"https:\/\/lyonbondyblog.fr\/LBB\/marche-des-solidarites-37-ans-apres-la-marche-pour-legalite-un-retour-a-venissieux\/","title":{"rendered":"Marche des solidarit\u00e9s : 37 ans apr\u00e8s la marche pour l\u2019\u00e9galit\u00e9, un retour \u00e0 V\u00e9nissieux"},"content":{"rendered":"<p><b>Depuis le 19 septembre, des sans-papiers marchent pour r\u00e9clamer des droits, ils pr\u00e9voient d\u2019arriver \u00e0 l\u2019Elys\u00e9e le 17 octobre. Le Lyon Bondy Blog s\u2019est rendu au march\u00e9 des Minguettes de V\u00e9nissieux ce jeudi 1<\/b><b>er<\/b><b> octobre pour rencontrer les marcheurs de Montpellier et Marseille ainsi que le r\u00e9seau associatif \u00e0 leurs c\u00f4t\u00e9s.<\/b><\/p>\n<p>&nbsp;<\/p>\n<p><img loading=\"lazy\" decoding=\"async\" class=\" wp-image-21019 aligncenter\" src=\"https:\/\/lyonbondyblog.fr\/LBB\/wp-content\/uploads\/2020\/10\/marche-solidarit\u00e9-1.png\" alt=\"\" width=\"423\" height=\"317\"><\/p>\n<p>&nbsp;<\/p>\n<p><span style=\"font-weight: 400;\">Ce n\u2019est pas un hasard si la marche des solidarit\u00e9s passe par le quartier des Minguettes, en 1983 lors de la marche pour l\u2019\u00e9galit\u00e9, 9 des 17 jeunes qui composent le premier cort\u00e8ge sont issus de ce quartier. Djamel Attalah et Farid l&rsquo;Haoua, marcheurs historiques de 1983 \u00e9taient pr\u00e9sents hier au rassemblement de V\u00e9nissieux.<\/span><\/p>\n<p><span style=\"font-weight: 400;\">Trois revendications ressortent lors de ce rassemblement et depuis le d\u00e9but de la marche : la r\u00e9gularisation de tous les sans-papiers, un logement pour tous et la fermeture des centres de r\u00e9tention administrative (CRA).<\/span><\/p>\n<p><span style=\"font-weight: 400;\">Sur le plan national, de <\/span><a href=\"https:\/\/blogs.mediapart.fr\/marche-des-solidarites\/blog\/120820\/19-septembre-17-octobre-marche-nationale-des-sans-papiers\"><span style=\"font-weight: 400;\">nombreuses organisations soutiennent cette marche<\/span><\/a><span style=\"font-weight: 400;\">, des associations, des syndicats et des partis politiques. Ce 1<\/span><span style=\"font-weight: 400;\">er<\/span><span style=\"font-weight: 400;\"> octobre, une centaine de personnes \u00e9taient pr\u00e9sent au rassemblement de V\u00e9nissieux. Parmi elles, on retouve divers collectifs sans-papiers (CSP), la Cimade, M\u00e9decins du Monde, R\u00e9seau \u00e9ducation sans fronti\u00e8res (RESF), Alternatiba, le mouvement pour une alternative non-violente (MAN), l\u2019Union juive fran\u00e7aise pour la paix (UJFP) et des \u00e9lus de V\u00e9nissieux.<\/span><\/p>\n<p><span style=\"font-weight: 400;\">Le Lyon Bondy Blog est all\u00e9 \u00e0 la rencontre des sans papiers en marche depuis le 19 septembre mais aussi des acteurs locaux qui les ont accueillis.<\/span><\/p>\n<p><b>Pourquoi \u00eates vous mobilis\u00e9 ?<\/b><\/p>\n<p><span style=\"font-weight: 400;\">Jean, sans-papier en marche depuis le 19 septembre et membre de la coordination des sans-papiers de Paris : <\/span><i><span style=\"font-weight: 400;\">La crise sanitaire qu\u2019on appelle la bombe sanitaire au sein des migrants est venue amplifier la pr\u00e9carit\u00e9 qui \u00e9tait d\u00e9j\u00e0 l\u00e0. Nous avons fait une grande manifestation le 30 mai pour r\u00e9clamer la r\u00e9gularisation de tous les sans-papiers et la fermeture des centres de r\u00e9tention administrative. Dans ces CRA, il y a eu de nombreux cas de Covid, l\u2019Etat n\u2019a pas r\u00e9agi et on s\u2019est organis\u00e9 une seconde fois le 20 juin pour demander la fermeture. Il n\u2019y a pas eu de r\u00e9action mais nous ne pouvons pas baisser les bras, nous continuons la lutte. Face \u00e0 cette passivit\u00e9, l\u2019id\u00e9e de la marche en direction de l\u2019Elys\u00e9e est n\u00e9e. C\u2019est pourquoi je suis ici aujourd\u2019hui.<\/span><\/i><\/p>\n<p><span style=\"font-weight: 400;\">Cyril, membre d\u2019Alternatiba : <\/span><i><span style=\"font-weight: 400;\">Je suis mobilis\u00e9 dans le cadre de la marche nationale des sans-papiers qui a d\u00e9but\u00e9 le 19 septembre de Marseille et de Montpellier. C\u2019est important de les accueillir convenablement, de montrer qu\u2019ils ne sont pas seuls dans leur combat. Aujourd\u2019hui ils passent par le quartier embl\u00e9matique de la marche pour l\u2019\u00e9galit\u00e9 de 1983. Demain nous accueillons les marcheurs de Grenoble avec un rassemblement devant le centre de r\u00e9tention administrative de Saint-Exup\u00e9ry.<\/span><\/i><\/p>\n<p><img loading=\"lazy\" decoding=\"async\" class=\"size-full wp-image-21020 aligncenter\" src=\"https:\/\/lyonbondyblog.fr\/LBB\/wp-content\/uploads\/2020\/10\/marche-solidarit\u00e9-3.png\" alt=\"\" width=\"373\" height=\"280\"><\/p>\n<p><span style=\"font-weight: 400;\">Pascale Delorme, professeure retrait\u00e9e et membre de r\u00e9seau \u00e9ducation sans fronti\u00e8re (RESF) : <\/span><i><span style=\"font-weight: 400;\">J\u2019\u00e9tais l\u00e0 en 1983 quand la marche pour l\u2019\u00e9galit\u00e9 a d\u00e9but\u00e9e. C\u2019est normal que je sois l\u00e0 aujourd\u2019hui&nbsp;puisque j\u2019habite \u00e0 V\u00e9nissieux et que RESF appelle \u00e0 cette manifestation pour accompagner les revendications des sans-papiers. Certaines familles sont sur le sol depuis plus de dix ans et ne pas avoir de papiers fait qu\u2019on ne peut pas \u00eatre consid\u00e9r\u00e9. Cela implique du travail au noir, parfois des marchands de sommeil. Nous devons montrer notre soutien.<\/span><\/i><\/p>\n<p><img loading=\"lazy\" decoding=\"async\" class=\"size-full wp-image-21022 aligncenter\" src=\"https:\/\/lyonbondyblog.fr\/LBB\/wp-content\/uploads\/2020\/10\/marche-solidarit\u00e9-2.png\" alt=\"\" width=\"280\" height=\"382\"><\/p>\n<p><span style=\"font-weight: 400;\">Amir, sans-papiers en marche depuis le 19 septembre et membre du collectif des sans-papiers de Marseille : <\/span><i><span style=\"font-weight: 400;\">On a organis\u00e9 avec le CSP13 une manifestation \u00e0 Marseille qui donne le d\u00e9part de cette marche historique des sans-papiers. Malgr\u00e9 nos multiples manifestations le gouvernement reste sourd \u00e0 nos revendications alors on ne l\u00e2che pas ! Nous continuons notre marche en direction de l\u2019Elys\u00e9e.&nbsp;<\/span><\/i><\/p>\n<p><span style=\"font-weight: 400;\">Idir Boumertit, adjoint \u00e0 la politique de la ville de V\u00e9nissieux : <\/span><i><span style=\"font-weight: 400;\">J\u2019ai \u00e9t\u00e9 inform\u00e9 de cette marche il y a quelques semaines, je suis sensible \u00e0 la cause des sans-papiers donc c\u2019\u00e9tait logique d\u2019\u00eatre ici aujourd\u2019hui. En 1983 \u00e7a a d\u00e9but\u00e9 ici, 37 ans plus tard on se retrouve \u00e0 V\u00e9nissieux. Malgr\u00e9 les ann\u00e9es, il y a encore des grosses difficult\u00e9s, le pays des droits de l\u2019homme n\u2019est pas en capacit\u00e9 de r\u00e9pondre \u00e0 l\u2019urgence sociale de personnes qui ont fui des situations catastrophiques. C\u2019est important d\u2019\u00eatre ici aujourd\u2019hui.&nbsp;<\/span><\/i><\/p>\n<p><span style=\"font-weight: 400;\">Chantal, b\u00e9n\u00e9vole \u00e0 M\u00e9decin du Monde : <\/span><i><span style=\"font-weight: 400;\">On est l\u00e0 pour accueillir les marcheurs, on fait des soins parce qu\u2019ils ont les pieds dans un mauvais \u00e9tat. Quelques-uns sont enrhum\u00e9 ou ont de la fi\u00e8vre. Ils sont courageux ! De mani\u00e8re g\u00e9n\u00e9rale, on re\u00e7oit des personnes qui n\u2019ont pas acc\u00e8s aux soins et nous les aidons d\u2019un point de vue m\u00e9dical mais aussi d\u2019un point de vue administratif. Ceux qui n\u2019ont pas de papiers ont quand m\u00eame deux droits en France, le droit aux soins et le droit \u00e0 l\u2019\u00e9ducation pour les enfants. Il faut se battre pour ces droits.<\/span><\/i><\/p>\n<p><img loading=\"lazy\" decoding=\"async\" class=\"size-full wp-image-21021 aligncenter\" src=\"https:\/\/lyonbondyblog.fr\/LBB\/wp-content\/uploads\/2020\/10\/marche-solidarit\u00e9-4.png\" alt=\"\" width=\"373\" height=\"280\"><\/p>\n<p>&nbsp;<\/p>\n<p><b>Qu\u2019attendez-vous comme r\u00e9ponse du gouvernement ce 17 octobre \u00e0 Paris ?<\/b><span style=\"font-weight: 400;\">&nbsp;<\/span><\/p>\n<p><span style=\"font-weight: 400;\">Jean: <\/span><i><span style=\"font-weight: 400;\">Nous attendons que le gouvernement anticipe les choses. Qu\u2019il nous \u00e9coute enfin car nous sommes des \u00eatres humains comme eux. Il se targue d\u2019\u00eatre le pays des droits de l\u2019homme et nous vivons dans une grande pr\u00e9carit\u00e9 mais ils s\u2019en fiche. Alors c\u2019est \u00e0 nous d\u2019\u00eatre visible pour r\u00e9clamer haut et fort la r\u00e9gularisation de tous les sans-papiers.&nbsp;<\/span><\/i><\/p>\n<p><span style=\"font-weight: 400;\">Cyril : <\/span><i><span style=\"font-weight: 400;\">On demande \u00e0 ce qu\u2019il y ait une r\u00e9gularisation massive de tous les sans-papiers. On le voit avec la crise sanitaire, les sans-papiers \u00e9taient souvent en premi\u00e8re ligne, ils travaillaient dans des emplois invisibles. Que ce soit pour le m\u00e9nage en EHPAD ou \u00e0 l&rsquo;h\u00f4pital, des aides \u00e0 domiciles ou ceux qui ramassent les poubelles. C\u2019est normal qu\u2019ils aient les m\u00eames droits que le reste de la population.&nbsp;<\/span><\/i><\/p>\n<p><span style=\"font-weight: 400;\">Pascale : J<\/span><i><span style=\"font-weight: 400;\">e pense que le gouvernement va botter en touche car ce gouvernement est autiste. Il a beaucoup de mal \u00e0 \u00e9couter les revendications qui viennent d\u2019en-bas. Si on arrive \u00e0 se faire entendre ce sera d\u00e9j\u00e0 bien<\/span><\/i><span style=\"font-weight: 400;\">.&nbsp;<\/span><\/p>\n<p><span style=\"font-weight: 400;\">Amir : <\/span><i><span style=\"font-weight: 400;\">J\u2019attends une r\u00e9ponse positive aux revendications de ces milliers de personnes qui se trouvent en situation irr\u00e9guli\u00e8re. Personne n\u2019a choisi d\u2019\u00eatre un sans-papier. Le 17 octobre on esp\u00e8re bien \u00eatre entendu, on a choisi de taper plus fort et surtout dans la plus haute instance, l\u2019Elys\u00e9e.&nbsp;&nbsp;&nbsp;<\/span><\/i><\/p>\n<p><span style=\"font-weight: 400;\">Idir : <\/span><i><span style=\"font-weight: 400;\">On pourrait esp\u00e9rer qu\u2019Emmanuel Macron les re\u00e7oivent comme Mitterrand a accueilli les marcheurs de 1983. Que le gouvernement soit bienveillant surtout dans cette p\u00e9riode de crise sanitaire. Qu\u2019enfin ils permettent \u00e0 ces gens d\u2019avoir les moyens de vivre, de vivre dignement en leur octroyant des droits.<\/span><\/i><\/p>\n<p><span style=\"font-weight: 400;\">Chantal : <\/span><i><span style=\"font-weight: 400;\">Qu\u2019ils r\u00e9pondent enfin aux revendications. Je souhaite que tous les gens qui sont dans la rue puissent trouver un logement. C\u2019est la premi\u00e8re chose \u00e0 faire pour qu\u2019ils soient en bonne sant\u00e9, qu\u2019ils aient un abri.<\/span><\/i><\/p>\n<p><img loading=\"lazy\" decoding=\"async\" class=\"size-full wp-image-21023 aligncenter\" src=\"https:\/\/lyonbondyblog.fr\/LBB\/wp-content\/uploads\/2020\/10\/marche-solidarit\u00e9-5.png\" alt=\"\" width=\"373\" height=\"280\"><\/p>\n<p>&nbsp;<\/p>\n<p><span style=\"font-weight: 400;\">A la fin du rassemblement, les marcheurs ont \u00e9t\u00e9 accueillis chez divers b\u00e9n\u00e9voles pour la nuit.<\/span><\/p>\n<p><span style=\"font-weight: 400;\">Vendredi 2 octobre, les marcheurs de Marseille et de Montpellier vont retrouver ceux de Grenoble devant le Centre de r\u00e9tention administrative de Saint-Exup\u00e9ry pour r\u00e9clamer sa fermeture. Samedi, une grande manifestation est organis\u00e9 \u00e0 Lyon en soutien aux sans-papiers et \u00e0 leurs revendications. La prochaine \u00e9tape de la marche sera \u00e0 Belleville-sur-Sa\u00f4ne ce dimanche.<\/span><\/p>\n<!-- AddThis Advanced Settings generic via filter on the_content --><!-- AddThis Share Buttons generic via filter on the_content -->","protected":false},"excerpt":{"rendered":"<p>Depuis le 19 septembre, des sans-papiers marchent pour r\u00e9clamer des droits, ils pr\u00e9voient d\u2019arriver \u00e0 l\u2019Elys\u00e9e le 17 octobre. Le Lyon Bondy Blog s\u2019est rendu &hellip; <!-- AddThis Advanced Settings generic via filter on wp_trim_excerpt --><!-- AddThis Share Buttons generic via filter on wp_trim_excerpt --><\/p>\n","protected":false},"author":27169,"featured_media":21019,"comment_status":"open","ping_status":"open","sticky":false,"template":"","format":"standard","meta":{"_FSMCFIC_featured_image_caption":"","_FSMCFIC_featured_image_nocaption":"","_FSMCFIC_featured_image_hide":"","footnotes":""},"categories":[22671,6506,6974],"tags":[],"class_list":["post-21018","post","type-post","status-publish","format-standard","has-post-thumbnail","hentry","category-sans-papiers","category-solidarite","category-venissieux"],"yoast_head":"<!-- This site is optimized with the Yoast SEO plugin v22.8 - https:\/\/yoast.com\/wordpress\/plugins\/seo\/ -->\n<title>Marche des solidarit\u00e9s : 37 ans apr\u00e8s la marche pour l\u2019\u00e9galit\u00e9, un retour \u00e0 V\u00e9nissieux - Lyon Bondy Blog<\/title>\n<meta name=\"robots\" content=\"index, follow, max-snippet:-1, max-image-preview:large, max-video-preview:-1\" \/>\n<link rel=\"canonical\" href=\"https:\/\/lyonbondyblog.fr\/LBB\/marche-des-solidarites-37-ans-apres-la-marche-pour-legalite-un-retour-a-venissieux\/\" \/>\n<meta property=\"og:locale\" content=\"fr_FR\" \/>\n<meta property=\"og:type\" content=\"article\" \/>\n<meta property=\"og:title\" content=\"Marche des solidarit\u00e9s : 37 ans apr\u00e8s la marche pour l\u2019\u00e9galit\u00e9, un retour \u00e0 V\u00e9nissieux - Lyon Bondy Blog\" \/>\n<meta property=\"og:description\" content=\"Depuis le 19 septembre, des sans-papiers marchent pour r\u00e9clamer des droits, ils pr\u00e9voient d\u2019arriver \u00e0 l\u2019Elys\u00e9e le 17 octobre. Le Lyon Bondy Blog s\u2019est rendu &hellip;\" \/>\n<meta property=\"og:url\" content=\"https:\/\/lyonbondyblog.fr\/LBB\/marche-des-solidarites-37-ans-apres-la-marche-pour-legalite-un-retour-a-venissieux\/\" \/>\n<meta property=\"og:site_name\" content=\"Lyon Bondy Blog\" \/>\n<meta property=\"article:publisher\" content=\"https:\/\/www.facebook.com\/lyonbondyblog\" \/>\n<meta property=\"article:published_time\" content=\"2020-10-02T11:02:31+00:00\" \/>\n<meta property=\"article:modified_time\" content=\"2020-10-06T15:40:21+00:00\" \/>\n<meta property=\"og:image\" content=\"https:\/\/lyonbondyblog.fr\/LBB\/wp-content\/uploads\/2020\/10\/marche-solidarit\u00e9-1.png\" \/>\n\t<meta property=\"og:image:width\" content=\"373\" \/>\n\t<meta property=\"og:image:height\" content=\"280\" \/>\n\t<meta property=\"og:image:type\" content=\"image\/png\" \/>\n<meta name=\"author\" content=\"Alexandre Tellier\" \/>\n<meta name=\"twitter:card\" content=\"summary_large_image\" \/>\n<meta name=\"twitter:creator\" content=\"@bondybloglyon\" \/>\n<meta name=\"twitter:site\" content=\"@bondybloglyon\" \/>\n<script type=\"application\/ld+json\" class=\"yoast-schema-graph\">{\"@context\":\"https:\/\/schema.org\",\"@graph\":[{\"@type\":\"Article\",\"@id\":\"https:\/\/lyonbondyblog.fr\/LBB\/marche-des-solidarites-37-ans-apres-la-marche-pour-legalite-un-retour-a-venissieux\/#article\",\"isPartOf\":{\"@id\":\"https:\/\/lyonbondyblog.fr\/LBB\/marche-des-solidarites-37-ans-apres-la-marche-pour-legalite-un-retour-a-venissieux\/\"},\"author\":{\"name\":\"Alexandre Tellier\",\"@id\":\"https:\/\/lyonbondyblog.fr\/LBB\/#\/schema\/person\/c4998483fcdf6d1c89c0ba5b5bf16286\"},\"headline\":\"Marche des solidarit\u00e9s : 37 ans apr\u00e8s la marche pour l\u2019\u00e9galit\u00e9, un retour \u00e0 V\u00e9nissieux\",\"datePublished\":\"2020-10-02T11:02:31+00:00\",\"dateModified\":\"2020-10-06T15:40:21+00:00\",\"mainEntityOfPage\":{\"@id\":\"https:\/\/lyonbondyblog.fr\/LBB\/marche-des-solidarites-37-ans-apres-la-marche-pour-legalite-un-retour-a-venissieux\/\"},\"wordCount\":1293,\"commentCount\":1,\"publisher\":{\"@id\":\"https:\/\/lyonbondyblog.fr\/LBB\/#organization\"},\"image\":{\"@id\":\"https:\/\/lyonbondyblog.fr\/LBB\/marche-des-solidarites-37-ans-apres-la-marche-pour-legalite-un-retour-a-venissieux\/#primaryimage\"},\"thumbnailUrl\":\"https:\/\/lyonbondyblog.fr\/LBB\/wp-content\/uploads\/2020\/10\/marche-solidarit\u00e9-1.png\",\"articleSection\":[\"Sans-papiers\",\"Solidarit\u00e9\",\"V\u00e9nissieux\"],\"inLanguage\":\"fr-FR\",\"potentialAction\":[{\"@type\":\"CommentAction\",\"name\":\"Comment\",\"target\":[\"https:\/\/lyonbondyblog.fr\/LBB\/marche-des-solidarites-37-ans-apres-la-marche-pour-legalite-un-retour-a-venissieux\/#respond\"]}]},{\"@type\":\"WebPage\",\"@id\":\"https:\/\/lyonbondyblog.fr\/LBB\/marche-des-solidarites-37-ans-apres-la-marche-pour-legalite-un-retour-a-venissieux\/\",\"url\":\"https:\/\/lyonbondyblog.fr\/LBB\/marche-des-solidarites-37-ans-apres-la-marche-pour-legalite-un-retour-a-venissieux\/\",\"name\":\"Marche des solidarit\u00e9s : 37 ans apr\u00e8s la marche pour l\u2019\u00e9galit\u00e9, un retour \u00e0 V\u00e9nissieux - Lyon Bondy Blog\",\"isPartOf\":{\"@id\":\"https:\/\/lyonbondyblog.fr\/LBB\/#website\"},\"primaryImageOfPage\":{\"@id\":\"https:\/\/lyonbondyblog.fr\/LBB\/marche-des-solidarites-37-ans-apres-la-marche-pour-legalite-un-retour-a-venissieux\/#primaryimage\"},\"image\":{\"@id\":\"https:\/\/lyonbondyblog.fr\/LBB\/marche-des-solidarites-37-ans-apres-la-marche-pour-legalite-un-retour-a-venissieux\/#primaryimage\"},\"thumbnailUrl\":\"https:\/\/lyonbondyblog.fr\/LBB\/wp-content\/uploads\/2020\/10\/marche-solidarit\u00e9-1.png\",\"datePublished\":\"2020-10-02T11:02:31+00:00\",\"dateModified\":\"2020-10-06T15:40:21+00:00\",\"inLanguage\":\"fr-FR\",\"potentialAction\":[{\"@type\":\"ReadAction\",\"target\":[\"https:\/\/lyonbondyblog.fr\/LBB\/marche-des-solidarites-37-ans-apres-la-marche-pour-legalite-un-retour-a-venissieux\/\"]}]},{\"@type\":\"ImageObject\",\"inLanguage\":\"fr-FR\",\"@id\":\"https:\/\/lyonbondyblog.fr\/LBB\/marche-des-solidarites-37-ans-apres-la-marche-pour-legalite-un-retour-a-venissieux\/#primaryimage\",\"url\":\"https:\/\/lyonbondyblog.fr\/LBB\/wp-content\/uploads\/2020\/10\/marche-solidarit\u00e9-1.png\",\"contentUrl\":\"https:\/\/lyonbondyblog.fr\/LBB\/wp-content\/uploads\/2020\/10\/marche-solidarit\u00e9-1.png\",\"width\":373,\"height\":280},{\"@type\":\"WebSite\",\"@id\":\"https:\/\/lyonbondyblog.fr\/LBB\/#website\",\"url\":\"https:\/\/lyonbondyblog.fr\/LBB\/\",\"name\":\"Lyon Bondy Blog\",\"description\":\"\",\"publisher\":{\"@id\":\"https:\/\/lyonbondyblog.fr\/LBB\/#organization\"},\"potentialAction\":[{\"@type\":\"SearchAction\",\"target\":{\"@type\":\"EntryPoint\",\"urlTemplate\":\"https:\/\/lyonbondyblog.fr\/LBB\/?s={search_term_string}\"},\"query-input\":\"required name=search_term_string\"}],\"inLanguage\":\"fr-FR\"},{\"@type\":\"Organization\",\"@id\":\"https:\/\/lyonbondyblog.fr\/LBB\/#organization\",\"name\":\"LYON BONDY BLOG\",\"url\":\"https:\/\/lyonbondyblog.fr\/LBB\/\",\"logo\":{\"@type\":\"ImageObject\",\"inLanguage\":\"fr-FR\",\"@id\":\"https:\/\/lyonbondyblog.fr\/LBB\/#\/schema\/logo\/image\/\",\"url\":\"http:\/\/lyonbondyblog.fr\/LBB\/wp-content\/uploads\/2014\/10\/logo-portable-144.png\",\"contentUrl\":\"http:\/\/lyonbondyblog.fr\/LBB\/wp-content\/uploads\/2014\/10\/logo-portable-144.png\",\"width\":144,\"height\":123,\"caption\":\"LYON BONDY BLOG\"},\"image\":{\"@id\":\"https:\/\/lyonbondyblog.fr\/LBB\/#\/schema\/logo\/image\/\"},\"sameAs\":[\"https:\/\/www.facebook.com\/lyonbondyblog\",\"https:\/\/x.com\/bondybloglyon\"]},{\"@type\":\"Person\",\"@id\":\"https:\/\/lyonbondyblog.fr\/LBB\/#\/schema\/person\/c4998483fcdf6d1c89c0ba5b5bf16286\",\"name\":\"Alexandre Tellier\",\"url\":\"https:\/\/lyonbondyblog.fr\/LBB\/author\/alextellier\/\"}]}<\/script>\n<!-- \/ Yoast SEO plugin. -->","yoast_head_json":{"title":"Marche des solidarit\u00e9s : 37 ans apr\u00e8s la marche pour l\u2019\u00e9galit\u00e9, un retour \u00e0 V\u00e9nissieux - Lyon Bondy Blog","robots":{"index":"index","follow":"follow","max-snippet":"max-snippet:-1","max-image-preview":"max-image-preview:large","max-video-preview":"max-video-preview:-1"},"canonical":"https:\/\/lyonbondyblog.fr\/LBB\/marche-des-solidarites-37-ans-apres-la-marche-pour-legalite-un-retour-a-venissieux\/","og_locale":"fr_FR","og_type":"article","og_title":"Marche des solidarit\u00e9s : 37 ans apr\u00e8s la marche pour l\u2019\u00e9galit\u00e9, un retour \u00e0 V\u00e9nissieux - Lyon Bondy Blog","og_description":"Depuis le 19 septembre, des sans-papiers marchent pour r\u00e9clamer des droits, ils pr\u00e9voient d\u2019arriver \u00e0 l\u2019Elys\u00e9e le 17 octobre. Le Lyon Bondy Blog s\u2019est rendu &hellip;","og_url":"https:\/\/lyonbondyblog.fr\/LBB\/marche-des-solidarites-37-ans-apres-la-marche-pour-legalite-un-retour-a-venissieux\/","og_site_name":"Lyon Bondy Blog","article_publisher":"https:\/\/www.facebook.com\/lyonbondyblog","article_published_time":"2020-10-02T11:02:31+00:00","article_modified_time":"2020-10-06T15:40:21+00:00","og_image":[{"width":373,"height":280,"url":"https:\/\/lyonbondyblog.fr\/LBB\/wp-content\/uploads\/2020\/10\/marche-solidarit\u00e9-1.png","type":"image\/png"}],"author":"Alexandre Tellier","twitter_card":"summary_large_image","twitter_creator":"@bondybloglyon","twitter_site":"@bondybloglyon","schema":{"@context":"https:\/\/schema.org","@graph":[{"@type":"Article","@id":"https:\/\/lyonbondyblog.fr\/LBB\/marche-des-solidarites-37-ans-apres-la-marche-pour-legalite-un-retour-a-venissieux\/#article","isPartOf":{"@id":"https:\/\/lyonbondyblog.fr\/LBB\/marche-des-solidarites-37-ans-apres-la-marche-pour-legalite-un-retour-a-venissieux\/"},"author":{"name":"Alexandre Tellier","@id":"https:\/\/lyonbondyblog.fr\/LBB\/#\/schema\/person\/c4998483fcdf6d1c89c0ba5b5bf16286"},"headline":"Marche des solidarit\u00e9s : 37 ans apr\u00e8s la marche pour l\u2019\u00e9galit\u00e9, un retour \u00e0 V\u00e9nissieux","datePublished":"2020-10-02T11:02:31+00:00","dateModified":"2020-10-06T15:40:21+00:00","mainEntityOfPage":{"@id":"https:\/\/lyonbondyblog.fr\/LBB\/marche-des-solidarites-37-ans-apres-la-marche-pour-legalite-un-retour-a-venissieux\/"},"wordCount":1293,"commentCount":1,"publisher":{"@id":"https:\/\/lyonbondyblog.fr\/LBB\/#organization"},"image":{"@id":"https:\/\/lyonbondyblog.fr\/LBB\/marche-des-solidarites-37-ans-apres-la-marche-pour-legalite-un-retour-a-venissieux\/#primaryimage"},"thumbnailUrl":"https:\/\/lyonbondyblog.fr\/LBB\/wp-content\/uploads\/2020\/10\/marche-solidarit\u00e9-1.png","articleSection":["Sans-papiers","Solidarit\u00e9","V\u00e9nissieux"],"inLanguage":"fr-FR","potentialAction":[{"@type":"CommentAction","name":"Comment","target":["https:\/\/lyonbondyblog.fr\/LBB\/marche-des-solidarites-37-ans-apres-la-marche-pour-legalite-un-retour-a-venissieux\/#respond"]}]},{"@type":"WebPage","@id":"https:\/\/lyonbondyblog.fr\/LBB\/marche-des-solidarites-37-ans-apres-la-marche-pour-legalite-un-retour-a-venissieux\/","url":"https:\/\/lyonbondyblog.fr\/LBB\/marche-des-solidarites-37-ans-apres-la-marche-pour-legalite-un-retour-a-venissieux\/","name":"Marche des solidarit\u00e9s : 37 ans apr\u00e8s la marche pour l\u2019\u00e9galit\u00e9, un retour \u00e0 V\u00e9nissieux - Lyon Bondy Blog","isPartOf":{"@id":"https:\/\/lyonbondyblog.fr\/LBB\/#website"},"primaryImageOfPage":{"@id":"https:\/\/lyonbondyblog.fr\/LBB\/marche-des-solidarites-37-ans-apres-la-marche-pour-legalite-un-retour-a-venissieux\/#primaryimage"},"image":{"@id":"https:\/\/lyonbondyblog.fr\/LBB\/marche-des-solidarites-37-ans-apres-la-marche-pour-legalite-un-retour-a-venissieux\/#primaryimage"},"thumbnailUrl":"https:\/\/lyonbondyblog.fr\/LBB\/wp-content\/uploads\/2020\/10\/marche-solidarit\u00e9-1.png","datePublished":"2020-10-02T11:02:31+00:00","dateModified":"2020-10-06T15:40:21+00:00","inLanguage":"fr-FR","potentialAction":[{"@type":"ReadAction","target":["https:\/\/lyonbondyblog.fr\/LBB\/marche-des-solidarites-37-ans-apres-la-marche-pour-legalite-un-retour-a-venissieux\/"]}]},{"@type":"ImageObject","inLanguage":"fr-FR","@id":"https:\/\/lyonbondyblog.fr\/LBB\/marche-des-solidarites-37-ans-apres-la-marche-pour-legalite-un-retour-a-venissieux\/#primaryimage","url":"https:\/\/lyonbondyblog.fr\/LBB\/wp-content\/uploads\/2020\/10\/marche-solidarit\u00e9-1.png","contentUrl":"https:\/\/lyonbondyblog.fr\/LBB\/wp-content\/uploads\/2020\/10\/marche-solidarit\u00e9-1.png","width":373,"height":280},{"@type":"WebSite","@id":"https:\/\/lyonbondyblog.fr\/LBB\/#website","url":"https:\/\/lyonbondyblog.fr\/LBB\/","name":"Lyon Bondy Blog","description":"","publisher":{"@id":"https:\/\/lyonbondyblog.fr\/LBB\/#organization"},"potentialAction":[{"@type":"SearchAction","target":{"@type":"EntryPoint","urlTemplate":"https:\/\/lyonbondyblog.fr\/LBB\/?s={search_term_string}"},"query-input":"required name=search_term_string"}],"inLanguage":"fr-FR"},{"@type":"Organization","@id":"https:\/\/lyonbondyblog.fr\/LBB\/#organization","name":"LYON BONDY BLOG","url":"https:\/\/lyonbondyblog.fr\/LBB\/","logo":{"@type":"ImageObject","inLanguage":"fr-FR","@id":"https:\/\/lyonbondyblog.fr\/LBB\/#\/schema\/logo\/image\/","url":"http:\/\/lyonbondyblog.fr\/LBB\/wp-content\/uploads\/2014\/10\/logo-portable-144.png","contentUrl":"http:\/\/lyonbondyblog.fr\/LBB\/wp-content\/uploads\/2014\/10\/logo-portable-144.png","width":144,"height":123,"caption":"LYON BONDY BLOG"},"image":{"@id":"https:\/\/lyonbondyblog.fr\/LBB\/#\/schema\/logo\/image\/"},"sameAs":["https:\/\/www.facebook.com\/lyonbondyblog","https:\/\/x.com\/bondybloglyon"]},{"@type":"Person","@id":"https:\/\/lyonbondyblog.fr\/LBB\/#\/schema\/person\/c4998483fcdf6d1c89c0ba5b5bf16286","name":"Alexandre Tellier","url":"https:\/\/lyonbondyblog.fr\/LBB\/author\/alextellier\/"}]}},"_links":{"self":[{"href":"https:\/\/lyonbondyblog.fr\/LBB\/wp-json\/wp\/v2\/posts\/21018","targetHints":{"allow":["GET"]}}],"collection":[{"href":"https:\/\/lyonbondyblog.fr\/LBB\/wp-json\/wp\/v2\/posts"}],"about":[{"href":"https:\/\/lyonbondyblog.fr\/LBB\/wp-json\/wp\/v2\/types\/post"}],"author":[{"embeddable":true,"href":"https:\/\/lyonbondyblog.fr\/LBB\/wp-json\/wp\/v2\/users\/27169"}],"replies":[{"embeddable":true,"href":"https:\/\/lyonbondyblog.fr\/LBB\/wp-json\/wp\/v2\/comments?post=21018"}],"version-history":[{"count":4,"href":"https:\/\/lyonbondyblog.fr\/LBB\/wp-json\/wp\/v2\/posts\/21018\/revisions"}],"predecessor-version":[{"id":21034,"href":"https:\/\/lyonbondyblog.fr\/LBB\/wp-json\/wp\/v2\/posts\/21018\/revisions\/21034"}],"wp:featuredmedia":[{"embeddable":true,"href":"https:\/\/lyonbondyblog.fr\/LBB\/wp-json\/wp\/v2\/media\/21019"}],"wp:attachment":[{"href":"https:\/\/lyonbondyblog.fr\/LBB\/wp-json\/wp\/v2\/media?parent=21018"}],"wp:term":[{"taxonomy":"category","embeddable":true,"href":"https:\/\/lyonbondyblog.fr\/LBB\/wp-json\/wp\/v2\/categories?post=21018"},{"taxonomy":"post_tag","embeddable":true,"href":"https:\/\/lyonbondyblog.fr\/LBB\/wp-json\/wp\/v2\/tags?post=21018"}],"curies":[{"name":"wp","href":"https:\/\/api.w.org\/{rel}","templated":true}]}}