{"id":20946,"date":"2020-09-22T16:58:23","date_gmt":"2020-09-22T14:58:23","guid":{"rendered":"http:\/\/lyonbondyblog.fr\/LBB\/?p=20946"},"modified":"2020-09-30T16:58:29","modified_gmt":"2020-09-30T14:58:29","slug":"nathalie-arthaud-les-sauvages-on-les-retrouve-dabord-dans-les-conseils-dadministrations-des-grandes-entreprises-comme-bridgestone","status":"publish","type":"post","link":"https:\/\/lyonbondyblog.fr\/LBB\/nathalie-arthaud-les-sauvages-on-les-retrouve-dabord-dans-les-conseils-dadministrations-des-grandes-entreprises-comme-bridgestone\/","title":{"rendered":"Nathalie Arthaud : \u00ab Les sauvages on les retrouve d\u2019abord dans les conseils d\u2019administrations des grandes entreprises comme Bridgestone \u00bb"},"content":{"rendered":"<p><b>La f\u00eate annuelle de Lutte Ouvri\u00e8re se tenait ce samedi 19 septembre \u00e0 Saint-Priest. Le Lyon Bondy Blog a interrog\u00e9 Nathalie Arthaud (porte-parole et ex-candidate du parti \u00e0 la pr\u00e9sidentielle) sur l\u2019actualit\u00e9.<\/b><\/p>\n<p><img loading=\"lazy\" decoding=\"async\" class=\" wp-image-20947 aligncenter\" src=\"https:\/\/lyonbondyblog.fr\/LBB\/wp-content\/uploads\/2020\/09\/Nathalie-Arthaud-1200x900.jpg\" alt=\"\" width=\"799\" height=\"599\" srcset=\"https:\/\/lyonbondyblog.fr\/LBB\/wp-content\/uploads\/2020\/09\/Nathalie-Arthaud-1200x900.jpg 1200w, https:\/\/lyonbondyblog.fr\/LBB\/wp-content\/uploads\/2020\/09\/Nathalie-Arthaud-768x576.jpg 768w, https:\/\/lyonbondyblog.fr\/LBB\/wp-content\/uploads\/2020\/09\/Nathalie-Arthaud-1920x1440.jpg 1920w, https:\/\/lyonbondyblog.fr\/LBB\/wp-content\/uploads\/2020\/09\/Nathalie-Arthaud-600x450.jpg 600w, https:\/\/lyonbondyblog.fr\/LBB\/wp-content\/uploads\/2020\/09\/Nathalie-Arthaud.jpg 2048w\" sizes=\"auto, (max-width: 799px) 100vw, 799px\" \/><b>&nbsp;<\/b><b>La manifestation de jeudi a r\u00e9uni pr\u00e8s de 3000 personnes \u00e0 Lyon et 10000 \u00e0 Paris, est-ce satisfaisant pour une rentr\u00e9e sociale ?<\/b><\/p>\n<p><span style=\"font-weight: 400;\">C\u2019est toujours important d\u2019affirmer ces perspectives, de dire qu\u2019on a un combat \u00e0 mener. D\u2019affirmer nos convictions. Notre moral ne d\u00e9pend pas du nombre de manifestants ou de gr\u00e9vistes. Il d\u00e9pend de nos convictions, on peut changer la soci\u00e9t\u00e9, on peut se d\u00e9fendre, on peut faire payer le grand patronat.<\/span><\/p>\n<p><b>Quelle place pour LO dans cette rentr\u00e9e sociale ?&nbsp;<\/b><\/p>\n<p><span style=\"font-weight: 400;\">C\u2019est une place particuli\u00e8re, parce qu\u2019on d\u00e9fend des perspectives r\u00e9volutionnaires. On pense qu\u2019on peut aspirer \u00e0 une soci\u00e9t\u00e9 d\u00e9barrass\u00e9e des actionnaires, de la dictature des capitalistes. Les entreprises on peut les faire tourner sans cette minorit\u00e9 de parasites. Sans forc\u00e9ment rechercher un taux de rentabilit\u00e9 ou des profits faramineux, on peut les faire tourner si elles r\u00e9pondent aux besoins de la soci\u00e9t\u00e9. Notre place particuli\u00e8re, c\u2019est d\u2019apporter cette n\u00e9cessit\u00e9, celle d\u2019abattre le capitalisme.&nbsp;<\/span><\/p>\n<p><b>Les salari\u00e9s de General Electric \u00e0 Villeurbanne et \u00e0 Saint-Priest se sont mobilis\u00e9s jeudi apr\u00e8s avoir appris que 753 postes \u00e9taient menac\u00e9s en France.<\/b><a href=\"https:\/\/www.ladepeche.fr\/2020\/09\/16\/les-pneus-bridgestone-vont-fermer-leur-usine-de-bethune-et-supprimer-863-emplois-9074518.php\"> <b>On a aussi appris mercredi la fermeture de l\u2019usine de pneus Bridgestone \u00e0 B\u00e9thune<\/b><\/a><b>, c\u2019est presque 900 emplois qui sont menac\u00e9s. Comment analysez-vous les vagues de licenciements et de \u00ab plans de restructurations \u00bb dans ces entreprises ?<\/b><\/p>\n<p><span style=\"font-weight: 400;\">Ce ne sont pas des nouveaut\u00e9s, la crise du capitalisme on y est. On y est depuis des ann\u00e9es, depuis m\u00eame des d\u00e9cennies. C\u2019est un syst\u00e8me qui est moribond le capitalisme, aujourd\u2019hui les march\u00e9s ne se d\u00e9veloppent plus, c\u2019est la saturation. Ce que le grand patronat ne trouve plus dans le d\u00e9veloppement des march\u00e9s, ils vont aller le chercher sur le dos des travailleurs en aggravant l\u2019exploitation, en supprimant des emplois, en demandant \u00e0 ceux qui restent de travailler plus. C\u2019est une offensive d\u2019un capitalisme d\u00e9cadent qui a atteint ses limites.&nbsp;<\/span><\/p>\n<p>&nbsp;<\/p>\n<p><img loading=\"lazy\" decoding=\"async\" class=\" wp-image-20948 aligncenter\" src=\"https:\/\/lyonbondyblog.fr\/LBB\/wp-content\/uploads\/2020\/09\/F\u00eate-LO-1-1200x900.jpg\" alt=\"\" width=\"719\" height=\"539\" srcset=\"https:\/\/lyonbondyblog.fr\/LBB\/wp-content\/uploads\/2020\/09\/F\u00eate-LO-1-1200x900.jpg 1200w, https:\/\/lyonbondyblog.fr\/LBB\/wp-content\/uploads\/2020\/09\/F\u00eate-LO-1-768x576.jpg 768w, https:\/\/lyonbondyblog.fr\/LBB\/wp-content\/uploads\/2020\/09\/F\u00eate-LO-1-1920x1440.jpg 1920w, https:\/\/lyonbondyblog.fr\/LBB\/wp-content\/uploads\/2020\/09\/F\u00eate-LO-1-600x450.jpg 600w, https:\/\/lyonbondyblog.fr\/LBB\/wp-content\/uploads\/2020\/09\/F\u00eate-LO-1.jpg 2048w\" sizes=\"auto, (max-width: 719px) 100vw, 719px\" \/><\/p>\n<p>&nbsp;<\/p>\n<p><b>Les syndicats doivent-ils n\u00e9gocier?&nbsp;<\/b><\/p>\n<p><span style=\"font-weight: 400;\">N\u00e9gocier quoi&nbsp;?! Qu\u2019il y ait moins de salari\u00e9s licenci\u00e9s&nbsp;? Qu\u2019ils veuillent bien accepter encore des millions pour r\u00e9duire leur plan de suppression d\u2019emplois&nbsp;? On sait ce qu\u2019ils en font de cet argent-l\u00e0, ils l\u2019encaissent et ils finissent par faire ce qu\u2019ils veulent. Il est inacceptable aujourd\u2019hui quand on appartient au monde du travail de perdre son gagne-pain. Dans cette soci\u00e9t\u00e9 capitaliste c\u2019est le seul moyen de vivre pour ceux qui n\u2019ont pas de capitaux, pour ceux qui n\u2019ont pas de rente. On parle d\u2019une soci\u00e9t\u00e9 de droit, une soci\u00e9t\u00e9 o\u00f9 ce serait la libert\u00e9, l\u2019\u00e9galit\u00e9, la fraternit\u00e9\u2026 mais le premier des droits c\u2019est de pouvoir gagner sa vie. Depuis le confinement on a perdu plus 700&nbsp;000 emplois sans m\u00eame que le grand patronat ait besoin de mettre en place des plans de sauvegarde de l\u2019emploi.&nbsp;&nbsp;<\/span><\/p>\n<p><b>Donc vous pensez que ces plans de restructurations ne sont pas uniquement la cons\u00e9quence de la crise sanitaire mais qu\u2019il y a des \u00ab&nbsp;effets d\u2019aubaine&nbsp;\u00bb, comme le d\u00e9noncent par exemple Philippe Martinez et Yves Veyrier ?<\/b><\/p>\n<p><span style=\"font-weight: 400;\">Bien s\u00fbr qu\u2019il y a des effets d\u2019aubaine. Les march\u00e9s se r\u00e9tractent, dans le domaine productif il y a de moins en moins de profits donc \u00e9videment on est face \u00e0 un capitalisme qui se durcit. La lutte de classe ne peut \u00eatre que plus exacerb\u00e9e dans cette situation de crise. Quand j\u2019entends Philippe Martinez expliquer qu\u2019il faut faire un pacte avec le patronat pour qu\u2019il supprime moins d\u2019emplois, \u00e7a me fait doucement sourire. Un pacte avec ce grand patronat qui ne jure que par ses profits, qui ne respecte rien, qui transforme des r\u00e9gions enti\u00e8res en d\u00e9sert industriel. M\u00eame lorsqu\u2019ils signent de vagues engagements, de toute fa\u00e7on, ils font ce qu\u2019ils veulent.<\/span><\/p>\n<p><b>A gauche, beaucoup regrettent l\u2019absence de contreparties patronales au plan de relance, avec en t\u00eate le spectre du CICE, qui on peut le rappeler \u00e0 cr\u00e9er 100 000 emplois depuis sa cr\u00e9ation pour un co\u00fbt de 90 milliards d\u2019euros (France Strat\u00e9gie). Quelle est votre opinion sur le sujet ?<\/b><\/p>\n<p><span style=\"font-weight: 400;\">Il y a un aspect r\u00e9voltant et choquant de voir que cet argent est donn\u00e9 inconditionnellement parce que quand un salari\u00e9 ou qu\u2019un allocataire de l\u2019APL ou du RSA a besoin de recevoir une allocation, lui, on lui demande des contreparties, des justifications. Ceux qui pensent pouvoir les contraindre, s\u2019ils ne sont pas pr\u00eats \u00e0 les renverser, ils n\u2019auront que leurs yeux pour pleurer.<\/span><\/p>\n<p><b>La cr\u00e9ation d\u2019un Haut-Commissariat au Plan vous satisfait-elle ?<\/b><\/p>\n<p><span style=\"font-weight: 400;\">\u00c7a me fait vraiment rire! Je pense que Bayrou ne sauvera pas plus l\u2019industrie que Royal n\u2019a sauv\u00e9 les ours blancs de l\u2019Arctique. C\u2019est un peu le m\u00eame genre de mission. Bien s\u00fbr, il faudrait organiser cette \u00e9conomie, il faudrait qu\u2019elle soit rationnelle. Mais actuellement les d\u00e9cisionnaires, ce sont les grands actionnaires.<\/span><\/p>\n<p><b>Pendant le confinement, les Fran\u00e7ais ont applaudi les travailleurs occupant des emplois pr\u00e9tendument \u00ab&nbsp;peu qualifi\u00e9s&nbsp;\u00bb comme le personnel hospitalier ou encore les caissiers, les \u00e9boueurs&#8230; Que devrait-on faire pour prot\u00e9ger ces travailleurs et pour valoriser davantage leurs savoir-faire ?<\/b><\/p>\n<p><span style=\"font-weight: 400;\">M\u00eame Macron a expliqu\u00e9 qu\u2019il fallait qu\u2019ils soient pay\u00e9s \u00e0 leur juste valeur. Et puis lui qui a le pouvoir de revaloriser ces salaires, est-ce qu\u2019il a choisi de le faire&nbsp;? Non&nbsp;! Je suis frapp\u00e9e par ce plan de relance de 100 milliards, c\u2019est l\u2019\u00e9quivalent de 2,7 millions d\u2019emplois pay\u00e9s \u00e0 1800 euros pendant un an. L\u2019Etat a l\u2019argent pour cr\u00e9er des emplois dans les h\u00f4pitaux, dans les EHPAD, dans les transports\u2026 les moyens pour changer les conditions de travail, pour les revaloriser. Il choisit de ne pas le faire parce que c\u2019est un Etat qui est au service de la bourgeoisie. Ces travailleurs, ces ouvriers, ils sont \u00e0 la base de tout donc bien s\u00fbr il faut augmenter les salaires, il faut baisser le temps de travail pour mieux le r\u00e9partir. C\u2019est \u00e0 l\u2019oppos\u00e9 de la politique actuelle.<\/span><\/p>\n<p><b>Les soignants de 40 d\u00e9partements (en grande partie dans l\u2019Est de la France ou aux alentours du grand Paris) ont re\u00e7u une prime Covid de 1500 euros tandis que ceux des autres d\u00e9partements n\u2019ont obtenu que 500 euros, est-ce justifi\u00e9 ?<\/b><\/p>\n<p><span style=\"font-weight: 400;\">Ce n\u2019est pas justifi\u00e9, \u00e7a fait partie des petits signes qui montrent tout leur m\u00e9pris, \u00e7a permet de diviser. Ces primes sont les bienvenues mais pas \u00e0 la hauteur de ce qui est digne d\u2019une soci\u00e9t\u00e9 du 21<\/span><span style=\"font-weight: 400;\">\u00e8me<\/span><span style=\"font-weight: 400;\"> si\u00e8cle.&nbsp;<\/span><\/p>\n<p><b>Les sans-abris ont connu un confinement encore plus difficile que le reste du temps. Que proposez-vous pour les sans-abris en France ?&nbsp;<\/b><\/p>\n<p><span style=\"font-weight: 400;\">Les sans-abris c\u2019est le haut de l\u2019iceberg, il y a aussi tous les mal-log\u00e9s, ceux qui vivent dans des logements insalubres, trop petits. Il faut tout changer. C\u2019est tr\u00e8s simple, il faut construire des logements.&nbsp;<a href=\"https:\/\/www.francebleu.fr\/infos\/societe\/1er-fevrier-1954-l-appel-de-l-abbe-pierre-et-l-insurrection-de-la-bonte-1517329389\">Depuis l\u2019appel de l\u2019Abb\u00e9 Pierre qui date de 1954<\/a>&nbsp;on pleurniche sur cette question-l\u00e0&nbsp;! Quand va-t-il y avoir un grand plan de construction? Il y a un tas de chose \u00e0 faire mais aujourd\u2019hui, la bourgeoisie, c\u2019est devenu un boulet. Un boulet qui ramasse l\u2019argent et qui n\u2019investit pas. Parce qu\u2019investir dans les logements, ce n\u2019est pas assez rentable.<\/span><\/p>\n<p><b>L\u2019ancienne patineuse artistique Sarah Abitbol victime de violences sexuelles durant son adolescence r\u00e9clame \u00ab&nbsp;la non-prescription pour les crimes sexuels&nbsp;\u00bb comme cela existe en Suisse, au Pays de Galle et en Californie, \u00eates-vous en faveur de cette proposition ?<\/b><\/p>\n<p><span style=\"font-weight: 400;\">Oui, je suis plut\u00f4t en faveur de la non-prescription. \u00c7a fait partie des oppressions, des rapports de domination qui vont de pair avec cette soci\u00e9t\u00e9. La violence vis-\u00e0-vis des femmes c\u2019est dans tous les milieux. Plus on a du pouvoir, plus on est en situation de l\u2019imposer.<\/span><\/p>\n<p><b>Qu\u2019avez-vous \u00e0 r\u00e9pondre au nouveau Ministre de l\u2019int\u00e9rieur lorsqu\u2019il parle d\u2019&nbsp;\u00ab&nbsp;ensauvagement&nbsp;\u00bb de la soci\u00e9t\u00e9 ?<\/b><\/p>\n<p><span style=\"font-weight: 400;\">Le capitalisme est une soci\u00e9t\u00e9 sauvage. Que cette soci\u00e9t\u00e9 sauvage fasse des sauvages et bien oui. Mais les sauvages on les retrouve d\u2019abord dans les conseils d\u2019administrations des grandes entreprises comme Bridgestone qui se fichent de priver d\u2019avenir des familles enti\u00e8res. Eux, ils se comportent comme des sauvages.&nbsp;<\/span><\/p>\n<p>&nbsp;<\/p>\n<p><img loading=\"lazy\" decoding=\"async\" class=\" wp-image-20949 aligncenter\" src=\"https:\/\/lyonbondyblog.fr\/LBB\/wp-content\/uploads\/2020\/09\/f\u00eate-LO-2-1200x900.jpg\" alt=\"\" width=\"728\" height=\"546\" srcset=\"https:\/\/lyonbondyblog.fr\/LBB\/wp-content\/uploads\/2020\/09\/f\u00eate-LO-2-1200x900.jpg 1200w, https:\/\/lyonbondyblog.fr\/LBB\/wp-content\/uploads\/2020\/09\/f\u00eate-LO-2-768x576.jpg 768w, https:\/\/lyonbondyblog.fr\/LBB\/wp-content\/uploads\/2020\/09\/f\u00eate-LO-2-1920x1440.jpg 1920w, https:\/\/lyonbondyblog.fr\/LBB\/wp-content\/uploads\/2020\/09\/f\u00eate-LO-2-600x450.jpg 600w, https:\/\/lyonbondyblog.fr\/LBB\/wp-content\/uploads\/2020\/09\/f\u00eate-LO-2.jpg 2048w\" sizes=\"auto, (max-width: 728px) 100vw, 728px\" \/><\/p>\n<p>&nbsp;<\/p>\n<p><b>En m\u00eame temps que l\u2019ouverture de la f\u00eate de LO se tenait \u00e0 Lyon une journ\u00e9e contre le d\u00e9ploiement de la 5G. Quelle est votre position sur ce sujet ?<\/b><\/p>\n<p><span style=\"font-weight: 400;\">Cela serait normal dans une soci\u00e9t\u00e9 vraiment d\u00e9mocratique que toutes ces questions-l\u00e0 soient d\u00e9battues. Que tous ces plans qui engagent l\u2019avenir ne soient pas d\u00e9cid\u00e9s dans des conseils d\u2019administrations. Est-ce qu\u2019on nous demande comment on fabrique les voitures, si on veut plus de transport en commun&nbsp;? Est-ce qu\u2019on nous donne le choix de d\u00e9finir ces grandes priorit\u00e9s qui constituent notre vie enti\u00e8re. Je comprends ceux qui ne trouvent pas \u00e7a normal.<\/span><\/p>\n<p><b>Que repr\u00e9sente pour vous Gis\u00e8le Halimi, d\u00e9c\u00e9d\u00e9e ce 28 juillet ? Quels sont les enseignements qu\u2019on peut retirer de ses combats ?<\/b><\/p>\n<p><span style=\"font-weight: 400;\">Une grande dame qui avait un courage inou\u00ef, une aspiration \u00e0 la justice. Que ce soit son combat pour les droits des femmes et l\u2019\u00e9mancipation des femmes mais aussi pour celui en faveur de l\u2019ind\u00e9pendance de l\u2019Alg\u00e9rie, pour la lib\u00e9ration des peuples colonis\u00e9s. Je crois qu\u2019il lui a fallu encore plus de courage pour mener ce combat. D\u00e9fendre des militants du FLN dans cette p\u00e9riode-l\u00e0 lui a co\u00fbt\u00e9 des menaces, l\u2019opprobre\u2026 et elle l\u2019a fait avec des convictions tellement profondes, une telle \u00e9vidence. Je trouve \u00e7a formidable et tr\u00e8s inspirant.<\/span><\/p>\n<!-- AddThis Advanced Settings generic via filter on the_content --><!-- AddThis Share Buttons generic via filter on the_content -->","protected":false},"excerpt":{"rendered":"<p>La f\u00eate annuelle de Lutte Ouvri\u00e8re se tenait ce samedi 19 septembre \u00e0 Saint-Priest. Le Lyon Bondy Blog a interrog\u00e9 Nathalie Arthaud (porte-parole et ex-candidate &hellip; <!-- AddThis Advanced Settings generic via filter on wp_trim_excerpt --><!-- AddThis Share Buttons generic via filter on wp_trim_excerpt --><\/p>\n","protected":false},"author":27169,"featured_media":20947,"comment_status":"open","ping_status":"open","sticky":false,"template":"","format":"standard","meta":{"_FSMCFIC_featured_image_caption":"","_FSMCFIC_featured_image_nocaption":"","_FSMCFIC_featured_image_hide":"","footnotes":""},"categories":[6,13014],"tags":[],"class_list":["post-20946","post","type-post","status-publish","format-standard","has-post-thumbnail","hentry","category-politique","category-saint-priest"],"yoast_head":"<!-- This site is optimized with the Yoast SEO plugin v22.8 - https:\/\/yoast.com\/wordpress\/plugins\/seo\/ -->\n<title>Nathalie Arthaud : \u00ab Les sauvages on les retrouve d\u2019abord dans les conseils d\u2019administrations des grandes entreprises comme Bridgestone \u00bb - Lyon Bondy Blog<\/title>\n<meta name=\"robots\" content=\"index, follow, max-snippet:-1, max-image-preview:large, max-video-preview:-1\" \/>\n<link rel=\"canonical\" href=\"https:\/\/lyonbondyblog.fr\/LBB\/nathalie-arthaud-les-sauvages-on-les-retrouve-dabord-dans-les-conseils-dadministrations-des-grandes-entreprises-comme-bridgestone\/\" \/>\n<meta property=\"og:locale\" content=\"fr_FR\" \/>\n<meta property=\"og:type\" content=\"article\" \/>\n<meta property=\"og:title\" content=\"Nathalie Arthaud : \u00ab Les sauvages on les retrouve d\u2019abord dans les conseils d\u2019administrations des grandes entreprises comme Bridgestone \u00bb - Lyon Bondy Blog\" \/>\n<meta property=\"og:description\" content=\"La f\u00eate annuelle de Lutte Ouvri\u00e8re se tenait ce samedi 19 septembre \u00e0 Saint-Priest. Le Lyon Bondy Blog a interrog\u00e9 Nathalie Arthaud (porte-parole et ex-candidate &hellip;\" \/>\n<meta property=\"og:url\" content=\"https:\/\/lyonbondyblog.fr\/LBB\/nathalie-arthaud-les-sauvages-on-les-retrouve-dabord-dans-les-conseils-dadministrations-des-grandes-entreprises-comme-bridgestone\/\" \/>\n<meta property=\"og:site_name\" content=\"Lyon Bondy Blog\" \/>\n<meta property=\"article:publisher\" content=\"https:\/\/www.facebook.com\/lyonbondyblog\" \/>\n<meta property=\"article:published_time\" content=\"2020-09-22T14:58:23+00:00\" \/>\n<meta property=\"article:modified_time\" content=\"2020-09-30T14:58:29+00:00\" \/>\n<meta property=\"og:image\" content=\"https:\/\/lyonbondyblog.fr\/LBB\/wp-content\/uploads\/2020\/09\/Nathalie-Arthaud.jpg\" \/>\n\t<meta property=\"og:image:width\" content=\"2048\" \/>\n\t<meta property=\"og:image:height\" content=\"1536\" \/>\n\t<meta property=\"og:image:type\" content=\"image\/jpeg\" \/>\n<meta name=\"author\" content=\"Alexandre Tellier\" \/>\n<meta name=\"twitter:card\" content=\"summary_large_image\" \/>\n<meta name=\"twitter:creator\" content=\"@bondybloglyon\" \/>\n<meta name=\"twitter:site\" content=\"@bondybloglyon\" \/>\n<script type=\"application\/ld+json\" class=\"yoast-schema-graph\">{\"@context\":\"https:\/\/schema.org\",\"@graph\":[{\"@type\":\"Article\",\"@id\":\"https:\/\/lyonbondyblog.fr\/LBB\/nathalie-arthaud-les-sauvages-on-les-retrouve-dabord-dans-les-conseils-dadministrations-des-grandes-entreprises-comme-bridgestone\/#article\",\"isPartOf\":{\"@id\":\"https:\/\/lyonbondyblog.fr\/LBB\/nathalie-arthaud-les-sauvages-on-les-retrouve-dabord-dans-les-conseils-dadministrations-des-grandes-entreprises-comme-bridgestone\/\"},\"author\":{\"name\":\"Alexandre Tellier\",\"@id\":\"https:\/\/lyonbondyblog.fr\/LBB\/#\/schema\/person\/c4998483fcdf6d1c89c0ba5b5bf16286\"},\"headline\":\"Nathalie Arthaud : \u00ab Les sauvages on les retrouve d\u2019abord dans les conseils d\u2019administrations des grandes entreprises comme Bridgestone \u00bb\",\"datePublished\":\"2020-09-22T14:58:23+00:00\",\"dateModified\":\"2020-09-30T14:58:29+00:00\",\"mainEntityOfPage\":{\"@id\":\"https:\/\/lyonbondyblog.fr\/LBB\/nathalie-arthaud-les-sauvages-on-les-retrouve-dabord-dans-les-conseils-dadministrations-des-grandes-entreprises-comme-bridgestone\/\"},\"wordCount\":1762,\"commentCount\":0,\"publisher\":{\"@id\":\"https:\/\/lyonbondyblog.fr\/LBB\/#organization\"},\"image\":{\"@id\":\"https:\/\/lyonbondyblog.fr\/LBB\/nathalie-arthaud-les-sauvages-on-les-retrouve-dabord-dans-les-conseils-dadministrations-des-grandes-entreprises-comme-bridgestone\/#primaryimage\"},\"thumbnailUrl\":\"https:\/\/lyonbondyblog.fr\/LBB\/wp-content\/uploads\/2020\/09\/Nathalie-Arthaud.jpg\",\"articleSection\":[\"Politique\",\"Saint Priest\"],\"inLanguage\":\"fr-FR\",\"potentialAction\":[{\"@type\":\"CommentAction\",\"name\":\"Comment\",\"target\":[\"https:\/\/lyonbondyblog.fr\/LBB\/nathalie-arthaud-les-sauvages-on-les-retrouve-dabord-dans-les-conseils-dadministrations-des-grandes-entreprises-comme-bridgestone\/#respond\"]}]},{\"@type\":\"WebPage\",\"@id\":\"https:\/\/lyonbondyblog.fr\/LBB\/nathalie-arthaud-les-sauvages-on-les-retrouve-dabord-dans-les-conseils-dadministrations-des-grandes-entreprises-comme-bridgestone\/\",\"url\":\"https:\/\/lyonbondyblog.fr\/LBB\/nathalie-arthaud-les-sauvages-on-les-retrouve-dabord-dans-les-conseils-dadministrations-des-grandes-entreprises-comme-bridgestone\/\",\"name\":\"Nathalie Arthaud : \u00ab Les sauvages on les retrouve d\u2019abord dans les conseils d\u2019administrations des grandes entreprises comme Bridgestone \u00bb - Lyon Bondy Blog\",\"isPartOf\":{\"@id\":\"https:\/\/lyonbondyblog.fr\/LBB\/#website\"},\"primaryImageOfPage\":{\"@id\":\"https:\/\/lyonbondyblog.fr\/LBB\/nathalie-arthaud-les-sauvages-on-les-retrouve-dabord-dans-les-conseils-dadministrations-des-grandes-entreprises-comme-bridgestone\/#primaryimage\"},\"image\":{\"@id\":\"https:\/\/lyonbondyblog.fr\/LBB\/nathalie-arthaud-les-sauvages-on-les-retrouve-dabord-dans-les-conseils-dadministrations-des-grandes-entreprises-comme-bridgestone\/#primaryimage\"},\"thumbnailUrl\":\"https:\/\/lyonbondyblog.fr\/LBB\/wp-content\/uploads\/2020\/09\/Nathalie-Arthaud.jpg\",\"datePublished\":\"2020-09-22T14:58:23+00:00\",\"dateModified\":\"2020-09-30T14:58:29+00:00\",\"inLanguage\":\"fr-FR\",\"potentialAction\":[{\"@type\":\"ReadAction\",\"target\":[\"https:\/\/lyonbondyblog.fr\/LBB\/nathalie-arthaud-les-sauvages-on-les-retrouve-dabord-dans-les-conseils-dadministrations-des-grandes-entreprises-comme-bridgestone\/\"]}]},{\"@type\":\"ImageObject\",\"inLanguage\":\"fr-FR\",\"@id\":\"https:\/\/lyonbondyblog.fr\/LBB\/nathalie-arthaud-les-sauvages-on-les-retrouve-dabord-dans-les-conseils-dadministrations-des-grandes-entreprises-comme-bridgestone\/#primaryimage\",\"url\":\"https:\/\/lyonbondyblog.fr\/LBB\/wp-content\/uploads\/2020\/09\/Nathalie-Arthaud.jpg\",\"contentUrl\":\"https:\/\/lyonbondyblog.fr\/LBB\/wp-content\/uploads\/2020\/09\/Nathalie-Arthaud.jpg\",\"width\":2048,\"height\":1536},{\"@type\":\"WebSite\",\"@id\":\"https:\/\/lyonbondyblog.fr\/LBB\/#website\",\"url\":\"https:\/\/lyonbondyblog.fr\/LBB\/\",\"name\":\"Lyon Bondy Blog\",\"description\":\"\",\"publisher\":{\"@id\":\"https:\/\/lyonbondyblog.fr\/LBB\/#organization\"},\"potentialAction\":[{\"@type\":\"SearchAction\",\"target\":{\"@type\":\"EntryPoint\",\"urlTemplate\":\"https:\/\/lyonbondyblog.fr\/LBB\/?s={search_term_string}\"},\"query-input\":\"required name=search_term_string\"}],\"inLanguage\":\"fr-FR\"},{\"@type\":\"Organization\",\"@id\":\"https:\/\/lyonbondyblog.fr\/LBB\/#organization\",\"name\":\"LYON BONDY BLOG\",\"url\":\"https:\/\/lyonbondyblog.fr\/LBB\/\",\"logo\":{\"@type\":\"ImageObject\",\"inLanguage\":\"fr-FR\",\"@id\":\"https:\/\/lyonbondyblog.fr\/LBB\/#\/schema\/logo\/image\/\",\"url\":\"http:\/\/lyonbondyblog.fr\/LBB\/wp-content\/uploads\/2014\/10\/logo-portable-144.png\",\"contentUrl\":\"http:\/\/lyonbondyblog.fr\/LBB\/wp-content\/uploads\/2014\/10\/logo-portable-144.png\",\"width\":144,\"height\":123,\"caption\":\"LYON BONDY BLOG\"},\"image\":{\"@id\":\"https:\/\/lyonbondyblog.fr\/LBB\/#\/schema\/logo\/image\/\"},\"sameAs\":[\"https:\/\/www.facebook.com\/lyonbondyblog\",\"https:\/\/x.com\/bondybloglyon\"]},{\"@type\":\"Person\",\"@id\":\"https:\/\/lyonbondyblog.fr\/LBB\/#\/schema\/person\/c4998483fcdf6d1c89c0ba5b5bf16286\",\"name\":\"Alexandre Tellier\",\"url\":\"https:\/\/lyonbondyblog.fr\/LBB\/author\/alextellier\/\"}]}<\/script>\n<!-- \/ Yoast SEO plugin. -->","yoast_head_json":{"title":"Nathalie Arthaud : \u00ab Les sauvages on les retrouve d\u2019abord dans les conseils d\u2019administrations des grandes entreprises comme Bridgestone \u00bb - Lyon Bondy Blog","robots":{"index":"index","follow":"follow","max-snippet":"max-snippet:-1","max-image-preview":"max-image-preview:large","max-video-preview":"max-video-preview:-1"},"canonical":"https:\/\/lyonbondyblog.fr\/LBB\/nathalie-arthaud-les-sauvages-on-les-retrouve-dabord-dans-les-conseils-dadministrations-des-grandes-entreprises-comme-bridgestone\/","og_locale":"fr_FR","og_type":"article","og_title":"Nathalie Arthaud : \u00ab Les sauvages on les retrouve d\u2019abord dans les conseils d\u2019administrations des grandes entreprises comme Bridgestone \u00bb - Lyon Bondy Blog","og_description":"La f\u00eate annuelle de Lutte Ouvri\u00e8re se tenait ce samedi 19 septembre \u00e0 Saint-Priest. Le Lyon Bondy Blog a interrog\u00e9 Nathalie Arthaud (porte-parole et ex-candidate &hellip;","og_url":"https:\/\/lyonbondyblog.fr\/LBB\/nathalie-arthaud-les-sauvages-on-les-retrouve-dabord-dans-les-conseils-dadministrations-des-grandes-entreprises-comme-bridgestone\/","og_site_name":"Lyon Bondy Blog","article_publisher":"https:\/\/www.facebook.com\/lyonbondyblog","article_published_time":"2020-09-22T14:58:23+00:00","article_modified_time":"2020-09-30T14:58:29+00:00","og_image":[{"width":2048,"height":1536,"url":"https:\/\/lyonbondyblog.fr\/LBB\/wp-content\/uploads\/2020\/09\/Nathalie-Arthaud.jpg","type":"image\/jpeg"}],"author":"Alexandre Tellier","twitter_card":"summary_large_image","twitter_creator":"@bondybloglyon","twitter_site":"@bondybloglyon","schema":{"@context":"https:\/\/schema.org","@graph":[{"@type":"Article","@id":"https:\/\/lyonbondyblog.fr\/LBB\/nathalie-arthaud-les-sauvages-on-les-retrouve-dabord-dans-les-conseils-dadministrations-des-grandes-entreprises-comme-bridgestone\/#article","isPartOf":{"@id":"https:\/\/lyonbondyblog.fr\/LBB\/nathalie-arthaud-les-sauvages-on-les-retrouve-dabord-dans-les-conseils-dadministrations-des-grandes-entreprises-comme-bridgestone\/"},"author":{"name":"Alexandre Tellier","@id":"https:\/\/lyonbondyblog.fr\/LBB\/#\/schema\/person\/c4998483fcdf6d1c89c0ba5b5bf16286"},"headline":"Nathalie Arthaud : \u00ab Les sauvages on les retrouve d\u2019abord dans les conseils d\u2019administrations des grandes entreprises comme Bridgestone \u00bb","datePublished":"2020-09-22T14:58:23+00:00","dateModified":"2020-09-30T14:58:29+00:00","mainEntityOfPage":{"@id":"https:\/\/lyonbondyblog.fr\/LBB\/nathalie-arthaud-les-sauvages-on-les-retrouve-dabord-dans-les-conseils-dadministrations-des-grandes-entreprises-comme-bridgestone\/"},"wordCount":1762,"commentCount":0,"publisher":{"@id":"https:\/\/lyonbondyblog.fr\/LBB\/#organization"},"image":{"@id":"https:\/\/lyonbondyblog.fr\/LBB\/nathalie-arthaud-les-sauvages-on-les-retrouve-dabord-dans-les-conseils-dadministrations-des-grandes-entreprises-comme-bridgestone\/#primaryimage"},"thumbnailUrl":"https:\/\/lyonbondyblog.fr\/LBB\/wp-content\/uploads\/2020\/09\/Nathalie-Arthaud.jpg","articleSection":["Politique","Saint Priest"],"inLanguage":"fr-FR","potentialAction":[{"@type":"CommentAction","name":"Comment","target":["https:\/\/lyonbondyblog.fr\/LBB\/nathalie-arthaud-les-sauvages-on-les-retrouve-dabord-dans-les-conseils-dadministrations-des-grandes-entreprises-comme-bridgestone\/#respond"]}]},{"@type":"WebPage","@id":"https:\/\/lyonbondyblog.fr\/LBB\/nathalie-arthaud-les-sauvages-on-les-retrouve-dabord-dans-les-conseils-dadministrations-des-grandes-entreprises-comme-bridgestone\/","url":"https:\/\/lyonbondyblog.fr\/LBB\/nathalie-arthaud-les-sauvages-on-les-retrouve-dabord-dans-les-conseils-dadministrations-des-grandes-entreprises-comme-bridgestone\/","name":"Nathalie Arthaud : \u00ab Les sauvages on les retrouve d\u2019abord dans les conseils d\u2019administrations des grandes entreprises comme Bridgestone \u00bb - Lyon Bondy Blog","isPartOf":{"@id":"https:\/\/lyonbondyblog.fr\/LBB\/#website"},"primaryImageOfPage":{"@id":"https:\/\/lyonbondyblog.fr\/LBB\/nathalie-arthaud-les-sauvages-on-les-retrouve-dabord-dans-les-conseils-dadministrations-des-grandes-entreprises-comme-bridgestone\/#primaryimage"},"image":{"@id":"https:\/\/lyonbondyblog.fr\/LBB\/nathalie-arthaud-les-sauvages-on-les-retrouve-dabord-dans-les-conseils-dadministrations-des-grandes-entreprises-comme-bridgestone\/#primaryimage"},"thumbnailUrl":"https:\/\/lyonbondyblog.fr\/LBB\/wp-content\/uploads\/2020\/09\/Nathalie-Arthaud.jpg","datePublished":"2020-09-22T14:58:23+00:00","dateModified":"2020-09-30T14:58:29+00:00","inLanguage":"fr-FR","potentialAction":[{"@type":"ReadAction","target":["https:\/\/lyonbondyblog.fr\/LBB\/nathalie-arthaud-les-sauvages-on-les-retrouve-dabord-dans-les-conseils-dadministrations-des-grandes-entreprises-comme-bridgestone\/"]}]},{"@type":"ImageObject","inLanguage":"fr-FR","@id":"https:\/\/lyonbondyblog.fr\/LBB\/nathalie-arthaud-les-sauvages-on-les-retrouve-dabord-dans-les-conseils-dadministrations-des-grandes-entreprises-comme-bridgestone\/#primaryimage","url":"https:\/\/lyonbondyblog.fr\/LBB\/wp-content\/uploads\/2020\/09\/Nathalie-Arthaud.jpg","contentUrl":"https:\/\/lyonbondyblog.fr\/LBB\/wp-content\/uploads\/2020\/09\/Nathalie-Arthaud.jpg","width":2048,"height":1536},{"@type":"WebSite","@id":"https:\/\/lyonbondyblog.fr\/LBB\/#website","url":"https:\/\/lyonbondyblog.fr\/LBB\/","name":"Lyon Bondy Blog","description":"","publisher":{"@id":"https:\/\/lyonbondyblog.fr\/LBB\/#organization"},"potentialAction":[{"@type":"SearchAction","target":{"@type":"EntryPoint","urlTemplate":"https:\/\/lyonbondyblog.fr\/LBB\/?s={search_term_string}"},"query-input":"required name=search_term_string"}],"inLanguage":"fr-FR"},{"@type":"Organization","@id":"https:\/\/lyonbondyblog.fr\/LBB\/#organization","name":"LYON BONDY BLOG","url":"https:\/\/lyonbondyblog.fr\/LBB\/","logo":{"@type":"ImageObject","inLanguage":"fr-FR","@id":"https:\/\/lyonbondyblog.fr\/LBB\/#\/schema\/logo\/image\/","url":"http:\/\/lyonbondyblog.fr\/LBB\/wp-content\/uploads\/2014\/10\/logo-portable-144.png","contentUrl":"http:\/\/lyonbondyblog.fr\/LBB\/wp-content\/uploads\/2014\/10\/logo-portable-144.png","width":144,"height":123,"caption":"LYON BONDY BLOG"},"image":{"@id":"https:\/\/lyonbondyblog.fr\/LBB\/#\/schema\/logo\/image\/"},"sameAs":["https:\/\/www.facebook.com\/lyonbondyblog","https:\/\/x.com\/bondybloglyon"]},{"@type":"Person","@id":"https:\/\/lyonbondyblog.fr\/LBB\/#\/schema\/person\/c4998483fcdf6d1c89c0ba5b5bf16286","name":"Alexandre Tellier","url":"https:\/\/lyonbondyblog.fr\/LBB\/author\/alextellier\/"}]}},"_links":{"self":[{"href":"https:\/\/lyonbondyblog.fr\/LBB\/wp-json\/wp\/v2\/posts\/20946","targetHints":{"allow":["GET"]}}],"collection":[{"href":"https:\/\/lyonbondyblog.fr\/LBB\/wp-json\/wp\/v2\/posts"}],"about":[{"href":"https:\/\/lyonbondyblog.fr\/LBB\/wp-json\/wp\/v2\/types\/post"}],"author":[{"embeddable":true,"href":"https:\/\/lyonbondyblog.fr\/LBB\/wp-json\/wp\/v2\/users\/27169"}],"replies":[{"embeddable":true,"href":"https:\/\/lyonbondyblog.fr\/LBB\/wp-json\/wp\/v2\/comments?post=20946"}],"version-history":[{"count":5,"href":"https:\/\/lyonbondyblog.fr\/LBB\/wp-json\/wp\/v2\/posts\/20946\/revisions"}],"predecessor-version":[{"id":20954,"href":"https:\/\/lyonbondyblog.fr\/LBB\/wp-json\/wp\/v2\/posts\/20946\/revisions\/20954"}],"wp:featuredmedia":[{"embeddable":true,"href":"https:\/\/lyonbondyblog.fr\/LBB\/wp-json\/wp\/v2\/media\/20947"}],"wp:attachment":[{"href":"https:\/\/lyonbondyblog.fr\/LBB\/wp-json\/wp\/v2\/media?parent=20946"}],"wp:term":[{"taxonomy":"category","embeddable":true,"href":"https:\/\/lyonbondyblog.fr\/LBB\/wp-json\/wp\/v2\/categories?post=20946"},{"taxonomy":"post_tag","embeddable":true,"href":"https:\/\/lyonbondyblog.fr\/LBB\/wp-json\/wp\/v2\/tags?post=20946"}],"curies":[{"name":"wp","href":"https:\/\/api.w.org\/{rel}","templated":true}]}}