{"id":20918,"date":"2020-09-18T18:59:17","date_gmt":"2020-09-18T16:59:17","guid":{"rendered":"http:\/\/lyonbondyblog.fr\/LBB\/?p=20918"},"modified":"2020-09-30T17:01:23","modified_gmt":"2020-09-30T15:01:23","slug":"premiere-conference-de-presse-du-maire-de-villeurbanne-securite-covid-ecologie-et-urbanisme","status":"publish","type":"post","link":"https:\/\/lyonbondyblog.fr\/LBB\/premiere-conference-de-presse-du-maire-de-villeurbanne-securite-covid-ecologie-et-urbanisme\/","title":{"rendered":"Premi\u00e8re conf\u00e9rence de presse du maire de Villeurbanne : s\u00e9curit\u00e9, Covid, \u00e9cologie et urbanisme"},"content":{"rendered":"<p><b>Ce jeudi 17 septembre, C\u00e9dric Van Styvendael tenait sa premi\u00e8re conf\u00e9rence de presse en tant que maire de Villeurbanne, \u00e0 l\u2019h\u00f4tel de ville. L\u2019occasion pour lui de revenir sur les deux premiers mois de son mandat et les chantiers qui l\u2019attendent.&nbsp;<\/b><\/p>\n<p><b><img loading=\"lazy\" decoding=\"async\" class=\" wp-image-20920 aligncenter\" src=\"https:\/\/lyonbondyblog.fr\/LBB\/wp-content\/uploads\/2020\/09\/conf-presse-cvd.jpg\" alt=\"\" width=\"588\" height=\"324\" srcset=\"https:\/\/lyonbondyblog.fr\/LBB\/wp-content\/uploads\/2020\/09\/conf-presse-cvd.jpg 1170w, https:\/\/lyonbondyblog.fr\/LBB\/wp-content\/uploads\/2020\/09\/conf-presse-cvd-768x424.jpg 768w, https:\/\/lyonbondyblog.fr\/LBB\/wp-content\/uploads\/2020\/09\/conf-presse-cvd-600x331.jpg 600w\" sizes=\"auto, (max-width: 588px) 100vw, 588px\" \/><\/b><\/p>\n<p style=\"text-align: center;\"><span style=\"font-size: 8pt;\"><i><span style=\"font-weight: 400;\">cr\u00e9dits : Mairie de Villeurbanne<\/span><\/i><\/span><\/p>\n<p><span style=\"font-weight: 400;\">D\u00e8s les premi\u00e8res phrases, le ton est donn\u00e9. Selon le maire, l\u2019\u00e9quipe municipale \u201cs\u2019est mis imm\u00e9diatement au travail\u201d, contrainte par les enjeux s\u00e9curitaires et l\u2019\u00e9pid\u00e9mie de coronavirus. <\/span><span style=\"font-weight: 400;\"><br \/>\n<\/span><span style=\"font-weight: 400;\">S\u2019il a r\u00e9affirm\u00e9 la l\u00e9gitimit\u00e9 de son \u00e9lection (il a \u00e9t\u00e9 \u00e9lu avec 70% des voix, mais avec une participation de seulement 25%) et assur\u00e9 que l\u2019actualit\u00e9 ne l\u2019avait pas forc\u00e9 \u00e0 \u201crevoir profond\u00e9ment [ses] priorit\u00e9s\u201d, la conf\u00e9rence a d\u00e9but\u00e9 par des discussions sur la s\u00e9curit\u00e9 et la situation sanitaire. Les dossiers \u201cqui sont au coeur du programme\u201d (transports, \u00e9cologie, loyers\u2026) ont pour l\u2019instant \u00e9t\u00e9 rel\u00e9gu\u00e9s au second plan.<\/span><\/p>\n<p>&nbsp;<\/p>\n<p><b>Une action concert\u00e9e sur la s\u00e9curit\u00e9, \u201cau coeur de notre capacit\u00e9 \u00e0 recr\u00e9er un lien de confiance entre la ville et ses habitants\u201d<\/b><\/p>\n<p><span style=\"font-weight: 400;\">Face \u00e0 la \u201cr\u00e9organisation du trafic de drogue dans certains quartiers\u201d (notamment le Tonkin et Grandcl\u00e9ment) et \u201cl\u2019exasp\u00e9ration\u201d des villeurbannais, le maire s\u2019est d\u2019abord f\u00e9licit\u00e9 de l\u2019existence d\u2019un dialogue avec les repr\u00e9sentants des habitants.&nbsp;<\/span><\/p>\n<p><span style=\"font-weight: 400;\">S\u2019il s\u2019est d\u00e9clar\u00e9 \u201clucide\u201d par rapport aux limites des pouvoirs de la municipalit\u00e9 en mati\u00e8re de s\u00e9curit\u00e9, il a promis ne pas abandonner ces questions au seul pouvoir r\u00e9galien de l\u2019Etat et estime n\u00e9cessaire de \u201ccroiser les moyens d\u2019actions\u201d.&nbsp;<\/span><\/p>\n<p><img loading=\"lazy\" decoding=\"async\" class=\"alignnone size-full wp-image-20921\" src=\"https:\/\/lyonbondyblog.fr\/LBB\/wp-content\/uploads\/2020\/09\/Tweets-Van-Styvendael-s\u00e9curit\u00e9-pr\u00e9fet-procureur.jpg\" alt=\"\" width=\"449\" height=\"88\"><\/p>\n<p><span style=\"font-weight: 400;\">Il a annonc\u00e9 avoir rencontr\u00e9 cet \u00e9t\u00e9 tous les acteurs de la s\u00e9curit\u00e9 avec son adjoint \u00e0 la pr\u00e9vention de la d\u00e9linquance Yann Crombecque, notamment le pr\u00e9fet, le procureur ainsi que les forces de polices municipales et nationales. Il se r\u00e9jouit d\u2019ailleurs de l\u2019opportunit\u00e9 pour tous ces acteurs de travailler ensemble, notamment sur la cr\u00e9ation d\u2019un \u201cgroupe local de pr\u00e9vention de la d\u00e9linquance\u201d au Tonkin qui permettrait une strat\u00e9gie concert\u00e9e sur ce territoire. Le maire a ainsi demand\u00e9 au pr\u00e9fet de classer ce quartier en \u201cQuartier de Reconqu\u00eate R\u00e9publicaine\u201d pour b\u00e9n\u00e9ficier de renforts de police nationale, pour traiter des difficult\u00e9s li\u00e9es au trafic de drogue et aux nuisances.&nbsp;<\/span><\/p>\n<p><span style=\"font-weight: 400;\">Parmi les moyens engag\u00e9s, le maire a annonc\u00e9 la mise en place d\u2019un protocole \u201cin\u00e9dit\u201d d\u2019ici la fin de l\u2019ann\u00e9e pour traiter plus rapidement des infractions et imposer des sanctions adapt\u00e9es et imm\u00e9diates. Il a \u00e9galement d\u00e9clar\u00e9 vouloir augmenter les effectifs de la police municipale, avec l\u2019objectif de pourvoir 75 postes d\u2019ici la fin du mandat contre seulement 39 aujourd\u2019hui. Pour cela, l\u2019\u00e9quipe municipale devra notamment travailler sur le manque d\u2019attractivit\u00e9 salariale de Villeurbanne.&nbsp;<\/span><\/p>\n<p><span style=\"font-weight: 400;\">Pour lutter contre les \u201cirritants\u201d, la mairie a \u00e9galement mis en place cet \u00e9t\u00e9 la vid\u00e9o-verbalisation du stationnement sauvage ou g\u00eanant, et souhaite exp\u00e9rimenter un dispositif de radars contre les nuisances sonores<\/span><\/p>\n<p><span style=\"font-weight: 400;\">En marge de ces strat\u00e9gies coercitives, C\u00e9dric Van Styvendael a enfin exprim\u00e9 sa volont\u00e9 de doubler les effectifs des \u00e9ducateurs de pr\u00e9vention d\u2019ici la fin de son mandat.&nbsp;<\/span><\/p>\n<p>&nbsp;<\/p>\n<p><b>Une rentr\u00e9e sous le signe de la Covid-19<\/b><\/p>\n<p><span style=\"font-weight: 400;\">Sur la crise sanitaire, le premier enjeu soulev\u00e9 par le maire a \u00e9t\u00e9 celui de la r\u00e9ouverture des \u00e9coles et des services p\u00e9ri-scolaires. Il a ainsi soulign\u00e9 le travail des \u00e9quipes pour assurer le maintien de ces services, en expliquant que des cas de Covid-19 ont d\u00e9j\u00e0 \u00e9t\u00e9 signal\u00e9s et pris en charge dans une quinzaine d\u2019\u00e9coles villeurbannaises. Explicitant la strat\u00e9gie (possible mise en quarantaine d\u2019une classe en cas de cas chez un \u00e9l\u00e8ve, isolement et rep\u00e9rage des cas contact pour un adulte), il a mis l\u2019accent sur la volont\u00e9 municipale de ne pas avoir \u00e0 fermer compl\u00e8tement d\u2019\u00e9cole, notamment face \u00e0 l\u2019absent\u00e9isme subi du c\u00f4t\u00e9 du personnel. <\/span><\/p>\n<p><span style=\"font-weight: 400;\">Vice-Pr\u00e9sident de la M\u00e9tropole \u00e0 la Culture, il a annonc\u00e9 par ailleurs que la mairie d\u00e9bloquerait un budget d\u2019un million d\u2019euros pour 2020 et 2021 visant \u00e0 accompagner les acteurs culturels villeurbannais mis \u00e0 mal par la crise.&nbsp;<\/span><\/p>\n<p><span style=\"font-weight: 400;\">Le maire a \u00e9galement insist\u00e9 sur l\u2019enjeu du d\u00e9pistage et pr\u00e9voit l\u2019ouverture d\u2019un centre de d\u00e9pistage municipal la semaine du 21 septembre, \u00e0 la salle des Gratte-ciel. En lien avec la Pr\u00e9fecture et l\u2019Agence R\u00e9gionale de Sant\u00e9, la municipalit\u00e9 cherche \u00e0 \u00e9tablir des \u201ccrit\u00e8res de priorisation\u201d, notamment pour les personnels occupant des fonctions-clefs pour la continuit\u00e9 du service public. Les modalit\u00e9s pr\u00e9cises devraient \u00eatre annonc\u00e9es tr\u00e8s prochainement.<\/span><\/p>\n<p><span style=\"font-weight: 400;\">Il a enfin indiqu\u00e9 un durcissement de la r\u00e9pression des personnes ne portant pas de masques : \u201cpour celles et ceux qui n\u2019auraient pas compris la phase p\u00e9dagogique, nous serons malheureusement amen\u00e9s \u00e0 adresser des contraventions\u201d.<\/span><\/p>\n<p>&nbsp;<\/p>\n<p><b>In\u00e9galit\u00e9s : priorit\u00e9 \u00e0 l\u2019encadrement des loyers et au retour \u00e0 l\u2019emploi<\/b><\/p>\n<p><span style=\"font-weight: 400;\">Rappelant son engagement, le maire a d\u00e9nonc\u00e9 l\u2019augmentation des loyers villeurbannais (+ 65% en 10 ans) et du prix de l\u2019immobilier (+ 13% entre 2017 et 2019). D\u00e9non\u00e7ant des comportements \u201cd\u00e9raisonnables\u201d des acteurs de la promotion immobili\u00e8re, il s&rsquo;est dit \u201ccontraint\u201d de solliciter la M\u00e9tropole pour prendre des mesures d\u2019encadrement des loyers pour l\u2019ann\u00e9e 2021.<\/span><\/p>\n<p><span style=\"font-weight: 400;\">&nbsp;<img loading=\"lazy\" decoding=\"async\" class=\"alignnone size-full wp-image-20922\" src=\"https:\/\/lyonbondyblog.fr\/LBB\/wp-content\/uploads\/2020\/09\/tweets-van-styvandael-encadrement-des-loyers.jpg\" alt=\"\" width=\"461\" height=\"117\"><\/span><\/p>\n<p><span style=\"font-weight: 400;\">Sur la question du pouvoir d\u2019achat, il a \u00e9galement partag\u00e9 son intention d\u2019\u00e9tendre progressivement le dispositif \u201cTerritoire Z\u00e9ro Ch\u00f4meur de Longue Dur\u00e9e\u201d. Pour l\u2019instant, celui-ci avait uniquement \u00e9t\u00e9 exp\u00e9riment\u00e9 dans le quartier de Saint-Jean.&nbsp;&nbsp;<\/span><\/p>\n<p><span style=\"font-weight: 400;\">S\u2019il n\u2019a pas \u00e9voqu\u00e9 le sujet lors de sa prise de parole<\/span><a href=\"https:\/\/lyonbondyblog.fr\/LBB\/journee-de-mobilisation-dans-la-metropole-ce-jeudi-17-septembre\/\"><span style=\"font-weight: 400;\">, le maire avait r\u00e9cemment d\u00e9nonc\u00e9 le \u201cplan de restructuration\u201d annonc\u00e9 par General Electric<\/span><\/a><span style=\"font-weight: 400;\">, qui devrait causer 175 suppressions d\u2019emplois \u00e0 Villeurbanne.<\/span><\/p>\n<p>&nbsp;<\/p>\n<p><b>Urgence \u00e9cologique : pi\u00e9tonisation et moratoire 5G<\/b><\/p>\n<p><span style=\"font-weight: 400;\">Sur l\u2019\u00e9cologie, C\u00e9dric Van Styvendael a d\u2019abord rappel\u00e9 de ses voeux un moratoire sur le d\u00e9ploiement de la 5G. \u00c9voquant les recommandations de la Convention Citoyenne pour la transition \u00e9cologique, il a reproch\u00e9 au Pr\u00e9sident de la R\u00e9publique ses \u201cpetites phrases\u201d et repris les arguments qu\u2019il avait mis en avant dans une <\/span><a href=\"https:\/\/www.lejdd.fr\/Societe\/5g-une-soixantaine-de-maires-et-de-deputes-demandent-un-moratoire-au-moins-jusqua-lete-2021-3991401\"><span style=\"font-weight: 400;\">tribune <\/span><\/a><span style=\"font-weight: 400;\">publi\u00e9e par le JDD.<\/span><\/p>\n<p><img loading=\"lazy\" decoding=\"async\" class=\"alignnone size-full wp-image-20923\" src=\"https:\/\/lyonbondyblog.fr\/LBB\/wp-content\/uploads\/2020\/09\/Tweet-VS-5G.jpg\" alt=\"\" width=\"440\" height=\"121\"><\/p>\n<p><span style=\"font-weight: 400;\">Annon\u00e7ant la participation de Villeurbanne \u00e0 l\u2019op\u00e9ration \u201cLa voie est libre\u201d le week-end du 26, le maire est \u00e9galement revenu sur ses d\u00e9cisions en termes de pi\u00e9tonisation. Il a sp\u00e9cifiquement annonc\u00e9 ne pas souhaiter rouvrir l\u2019avenue Henri-Barbusse aux voitures. Enfin, il a exprim\u00e9 sa volont\u00e9 de mener \u00e0 bien des projets de pacification de la circulation automobile autour de deux \u00e9coles dans les mois qui viennent.<\/span><\/p>\n<p>&nbsp;<\/p>\n<p><b>Transports, urbanisme et vie villeurbannaise&nbsp;<\/b><\/p>\n<p><span style=\"font-weight: 400;\">Le maire a \u00e9voqu\u00e9 un futur projet urbain, qui ne fait pas encore l\u2019objet d\u2019\u00e9tudes. Il s\u2019agit de la couverture du p\u00e9riph\u00e9rique au niveau du pont de Cusset. Ce recouvrement permettrait selon lui d\u2019effacer la fronti\u00e8re entre deux parties de Villeurbanne, de lutter contre la pollution de l\u2019air et sonore ainsi que de v\u00e9g\u00e9taliser la zone.&nbsp;<\/span><\/p>\n<p><span style=\"font-weight: 400;\">Concernant les transports, une concertation est pr\u00e9vue pour savoir si le tram T6 reliera la rue Paul-Verlaine et Flachet. Pour l\u2019instant ce qui est s\u00fbr, c\u2019est que cette ligne ne passera pas par l\u2019avenue Henri-Barbusse. La future ligne A8 doit selon C\u00e9dric Van Styvendael \u00eatre op\u00e9rationnelle avant la fin de son mandat. Toutefois, son trac\u00e9 reste \u00e0 d\u00e9finir.&nbsp;<\/span><\/p>\n<p><span style=\"font-weight: 400;\">A propos de l\u2019ASVEL, C\u00e9dric Van Styvendael a enfin insist\u00e9 sur l\u2019appartenance du club \u00e0 Villeurbanne alors que le projet de l\u2019Arena de Villeurbanne n\u2019a pas \u00e9t\u00e9 choisi au profit d\u2019une Arena \u00e0 D\u00e9cines. L\u2019ASVEL est li\u00e9e \u00e0 l\u2019Astroballe de Villeurbanne jusqu\u2019en Ao\u00fbt 2021 et la ville compte encore investir dans cette salle, au risque que le loyer augmente pour l\u2019ASVEL.&nbsp;<\/span><\/p>\n<!-- AddThis Advanced Settings generic via filter on the_content --><!-- AddThis Share Buttons generic via filter on the_content -->","protected":false},"excerpt":{"rendered":"<p>Ce jeudi 17 septembre, C\u00e9dric Van Styvendael tenait sa premi\u00e8re conf\u00e9rence de presse en tant que maire de Villeurbanne, \u00e0 l\u2019h\u00f4tel de ville. L\u2019occasion pour &hellip; <!-- AddThis Advanced Settings generic via filter on wp_trim_excerpt --><!-- AddThis Share Buttons generic via filter on wp_trim_excerpt --><\/p>\n","protected":false},"author":27168,"featured_media":20920,"comment_status":"open","ping_status":"open","sticky":false,"template":"","format":"standard","meta":{"_FSMCFIC_featured_image_caption":"","_FSMCFIC_featured_image_nocaption":"","_FSMCFIC_featured_image_hide":"","footnotes":""},"categories":[22420,6446,13739,6,13738,3887,11256,10388],"tags":[],"class_list":["post-20918","post","type-post","status-publish","format-standard","has-post-thumbnail","hentry","category-covid-19","category-ecologie","category-gratte-ciel","category-politique","category-projet-urbain","category-securite","category-transport","category-villeurbanne"],"yoast_head":"<!-- This site is optimized with the Yoast SEO plugin v22.8 - https:\/\/yoast.com\/wordpress\/plugins\/seo\/ -->\n<title>Premi\u00e8re conf\u00e9rence de presse du maire de Villeurbanne : s\u00e9curit\u00e9, Covid, \u00e9cologie et urbanisme - Lyon Bondy Blog<\/title>\n<meta name=\"robots\" content=\"index, follow, max-snippet:-1, max-image-preview:large, max-video-preview:-1\" \/>\n<link rel=\"canonical\" href=\"https:\/\/lyonbondyblog.fr\/LBB\/premiere-conference-de-presse-du-maire-de-villeurbanne-securite-covid-ecologie-et-urbanisme\/\" \/>\n<meta property=\"og:locale\" content=\"fr_FR\" \/>\n<meta property=\"og:type\" content=\"article\" \/>\n<meta property=\"og:title\" content=\"Premi\u00e8re conf\u00e9rence de presse du maire de Villeurbanne : s\u00e9curit\u00e9, Covid, \u00e9cologie et urbanisme - Lyon Bondy Blog\" \/>\n<meta property=\"og:description\" content=\"Ce jeudi 17 septembre, C\u00e9dric Van Styvendael tenait sa premi\u00e8re conf\u00e9rence de presse en tant que maire de Villeurbanne, \u00e0 l\u2019h\u00f4tel de ville. L\u2019occasion pour &hellip;\" \/>\n<meta property=\"og:url\" content=\"https:\/\/lyonbondyblog.fr\/LBB\/premiere-conference-de-presse-du-maire-de-villeurbanne-securite-covid-ecologie-et-urbanisme\/\" \/>\n<meta property=\"og:site_name\" content=\"Lyon Bondy Blog\" \/>\n<meta property=\"article:publisher\" content=\"https:\/\/www.facebook.com\/lyonbondyblog\" \/>\n<meta property=\"article:published_time\" content=\"2020-09-18T16:59:17+00:00\" \/>\n<meta property=\"article:modified_time\" content=\"2020-09-30T15:01:23+00:00\" \/>\n<meta property=\"og:image\" content=\"https:\/\/lyonbondyblog.fr\/LBB\/wp-content\/uploads\/2020\/09\/conf-presse-cvd.jpg\" \/>\n\t<meta property=\"og:image:width\" content=\"1170\" \/>\n\t<meta property=\"og:image:height\" content=\"646\" \/>\n\t<meta property=\"og:image:type\" content=\"image\/jpeg\" \/>\n<meta name=\"author\" content=\"clement Drognat\" \/>\n<meta name=\"twitter:card\" content=\"summary_large_image\" \/>\n<meta name=\"twitter:creator\" content=\"@bondybloglyon\" \/>\n<meta name=\"twitter:site\" content=\"@bondybloglyon\" \/>\n<script type=\"application\/ld+json\" class=\"yoast-schema-graph\">{\"@context\":\"https:\/\/schema.org\",\"@graph\":[{\"@type\":\"Article\",\"@id\":\"https:\/\/lyonbondyblog.fr\/LBB\/premiere-conference-de-presse-du-maire-de-villeurbanne-securite-covid-ecologie-et-urbanisme\/#article\",\"isPartOf\":{\"@id\":\"https:\/\/lyonbondyblog.fr\/LBB\/premiere-conference-de-presse-du-maire-de-villeurbanne-securite-covid-ecologie-et-urbanisme\/\"},\"author\":{\"name\":\"clement Drognat\",\"@id\":\"https:\/\/lyonbondyblog.fr\/LBB\/#\/schema\/person\/b5fa6aea5756b0a09d40abe87d994760\"},\"headline\":\"Premi\u00e8re conf\u00e9rence de presse du maire de Villeurbanne : s\u00e9curit\u00e9, Covid, \u00e9cologie et urbanisme\",\"datePublished\":\"2020-09-18T16:59:17+00:00\",\"dateModified\":\"2020-09-30T15:01:23+00:00\",\"mainEntityOfPage\":{\"@id\":\"https:\/\/lyonbondyblog.fr\/LBB\/premiere-conference-de-presse-du-maire-de-villeurbanne-securite-covid-ecologie-et-urbanisme\/\"},\"wordCount\":1376,\"commentCount\":0,\"publisher\":{\"@id\":\"https:\/\/lyonbondyblog.fr\/LBB\/#organization\"},\"image\":{\"@id\":\"https:\/\/lyonbondyblog.fr\/LBB\/premiere-conference-de-presse-du-maire-de-villeurbanne-securite-covid-ecologie-et-urbanisme\/#primaryimage\"},\"thumbnailUrl\":\"https:\/\/lyonbondyblog.fr\/LBB\/wp-content\/uploads\/2020\/09\/conf-presse-cvd.jpg\",\"articleSection\":[\"Covid-19\",\"\u00c9cologie\",\"Gratte-Ciel\",\"Politique\",\"Projet Urbain\",\"S\u00e9curit\u00e9\",\"Transport\",\"Villeurbanne\"],\"inLanguage\":\"fr-FR\",\"potentialAction\":[{\"@type\":\"CommentAction\",\"name\":\"Comment\",\"target\":[\"https:\/\/lyonbondyblog.fr\/LBB\/premiere-conference-de-presse-du-maire-de-villeurbanne-securite-covid-ecologie-et-urbanisme\/#respond\"]}]},{\"@type\":\"WebPage\",\"@id\":\"https:\/\/lyonbondyblog.fr\/LBB\/premiere-conference-de-presse-du-maire-de-villeurbanne-securite-covid-ecologie-et-urbanisme\/\",\"url\":\"https:\/\/lyonbondyblog.fr\/LBB\/premiere-conference-de-presse-du-maire-de-villeurbanne-securite-covid-ecologie-et-urbanisme\/\",\"name\":\"Premi\u00e8re conf\u00e9rence de presse du maire de Villeurbanne : s\u00e9curit\u00e9, Covid, \u00e9cologie et urbanisme - Lyon Bondy Blog\",\"isPartOf\":{\"@id\":\"https:\/\/lyonbondyblog.fr\/LBB\/#website\"},\"primaryImageOfPage\":{\"@id\":\"https:\/\/lyonbondyblog.fr\/LBB\/premiere-conference-de-presse-du-maire-de-villeurbanne-securite-covid-ecologie-et-urbanisme\/#primaryimage\"},\"image\":{\"@id\":\"https:\/\/lyonbondyblog.fr\/LBB\/premiere-conference-de-presse-du-maire-de-villeurbanne-securite-covid-ecologie-et-urbanisme\/#primaryimage\"},\"thumbnailUrl\":\"https:\/\/lyonbondyblog.fr\/LBB\/wp-content\/uploads\/2020\/09\/conf-presse-cvd.jpg\",\"datePublished\":\"2020-09-18T16:59:17+00:00\",\"dateModified\":\"2020-09-30T15:01:23+00:00\",\"inLanguage\":\"fr-FR\",\"potentialAction\":[{\"@type\":\"ReadAction\",\"target\":[\"https:\/\/lyonbondyblog.fr\/LBB\/premiere-conference-de-presse-du-maire-de-villeurbanne-securite-covid-ecologie-et-urbanisme\/\"]}]},{\"@type\":\"ImageObject\",\"inLanguage\":\"fr-FR\",\"@id\":\"https:\/\/lyonbondyblog.fr\/LBB\/premiere-conference-de-presse-du-maire-de-villeurbanne-securite-covid-ecologie-et-urbanisme\/#primaryimage\",\"url\":\"https:\/\/lyonbondyblog.fr\/LBB\/wp-content\/uploads\/2020\/09\/conf-presse-cvd.jpg\",\"contentUrl\":\"https:\/\/lyonbondyblog.fr\/LBB\/wp-content\/uploads\/2020\/09\/conf-presse-cvd.jpg\",\"width\":1170,\"height\":646},{\"@type\":\"WebSite\",\"@id\":\"https:\/\/lyonbondyblog.fr\/LBB\/#website\",\"url\":\"https:\/\/lyonbondyblog.fr\/LBB\/\",\"name\":\"Lyon Bondy Blog\",\"description\":\"\",\"publisher\":{\"@id\":\"https:\/\/lyonbondyblog.fr\/LBB\/#organization\"},\"potentialAction\":[{\"@type\":\"SearchAction\",\"target\":{\"@type\":\"EntryPoint\",\"urlTemplate\":\"https:\/\/lyonbondyblog.fr\/LBB\/?s={search_term_string}\"},\"query-input\":\"required name=search_term_string\"}],\"inLanguage\":\"fr-FR\"},{\"@type\":\"Organization\",\"@id\":\"https:\/\/lyonbondyblog.fr\/LBB\/#organization\",\"name\":\"LYON BONDY BLOG\",\"url\":\"https:\/\/lyonbondyblog.fr\/LBB\/\",\"logo\":{\"@type\":\"ImageObject\",\"inLanguage\":\"fr-FR\",\"@id\":\"https:\/\/lyonbondyblog.fr\/LBB\/#\/schema\/logo\/image\/\",\"url\":\"http:\/\/lyonbondyblog.fr\/LBB\/wp-content\/uploads\/2014\/10\/logo-portable-144.png\",\"contentUrl\":\"http:\/\/lyonbondyblog.fr\/LBB\/wp-content\/uploads\/2014\/10\/logo-portable-144.png\",\"width\":144,\"height\":123,\"caption\":\"LYON BONDY BLOG\"},\"image\":{\"@id\":\"https:\/\/lyonbondyblog.fr\/LBB\/#\/schema\/logo\/image\/\"},\"sameAs\":[\"https:\/\/www.facebook.com\/lyonbondyblog\",\"https:\/\/x.com\/bondybloglyon\"]},{\"@type\":\"Person\",\"@id\":\"https:\/\/lyonbondyblog.fr\/LBB\/#\/schema\/person\/b5fa6aea5756b0a09d40abe87d994760\",\"name\":\"clement Drognat\",\"url\":\"https:\/\/lyonbondyblog.fr\/LBB\/author\/clementdrognat\/\"}]}<\/script>\n<!-- \/ Yoast SEO plugin. -->","yoast_head_json":{"title":"Premi\u00e8re conf\u00e9rence de presse du maire de Villeurbanne : s\u00e9curit\u00e9, Covid, \u00e9cologie et urbanisme - Lyon Bondy Blog","robots":{"index":"index","follow":"follow","max-snippet":"max-snippet:-1","max-image-preview":"max-image-preview:large","max-video-preview":"max-video-preview:-1"},"canonical":"https:\/\/lyonbondyblog.fr\/LBB\/premiere-conference-de-presse-du-maire-de-villeurbanne-securite-covid-ecologie-et-urbanisme\/","og_locale":"fr_FR","og_type":"article","og_title":"Premi\u00e8re conf\u00e9rence de presse du maire de Villeurbanne : s\u00e9curit\u00e9, Covid, \u00e9cologie et urbanisme - Lyon Bondy Blog","og_description":"Ce jeudi 17 septembre, C\u00e9dric Van Styvendael tenait sa premi\u00e8re conf\u00e9rence de presse en tant que maire de Villeurbanne, \u00e0 l\u2019h\u00f4tel de ville. L\u2019occasion pour &hellip;","og_url":"https:\/\/lyonbondyblog.fr\/LBB\/premiere-conference-de-presse-du-maire-de-villeurbanne-securite-covid-ecologie-et-urbanisme\/","og_site_name":"Lyon Bondy Blog","article_publisher":"https:\/\/www.facebook.com\/lyonbondyblog","article_published_time":"2020-09-18T16:59:17+00:00","article_modified_time":"2020-09-30T15:01:23+00:00","og_image":[{"width":1170,"height":646,"url":"https:\/\/lyonbondyblog.fr\/LBB\/wp-content\/uploads\/2020\/09\/conf-presse-cvd.jpg","type":"image\/jpeg"}],"author":"clement Drognat","twitter_card":"summary_large_image","twitter_creator":"@bondybloglyon","twitter_site":"@bondybloglyon","schema":{"@context":"https:\/\/schema.org","@graph":[{"@type":"Article","@id":"https:\/\/lyonbondyblog.fr\/LBB\/premiere-conference-de-presse-du-maire-de-villeurbanne-securite-covid-ecologie-et-urbanisme\/#article","isPartOf":{"@id":"https:\/\/lyonbondyblog.fr\/LBB\/premiere-conference-de-presse-du-maire-de-villeurbanne-securite-covid-ecologie-et-urbanisme\/"},"author":{"name":"clement Drognat","@id":"https:\/\/lyonbondyblog.fr\/LBB\/#\/schema\/person\/b5fa6aea5756b0a09d40abe87d994760"},"headline":"Premi\u00e8re conf\u00e9rence de presse du maire de Villeurbanne : s\u00e9curit\u00e9, Covid, \u00e9cologie et urbanisme","datePublished":"2020-09-18T16:59:17+00:00","dateModified":"2020-09-30T15:01:23+00:00","mainEntityOfPage":{"@id":"https:\/\/lyonbondyblog.fr\/LBB\/premiere-conference-de-presse-du-maire-de-villeurbanne-securite-covid-ecologie-et-urbanisme\/"},"wordCount":1376,"commentCount":0,"publisher":{"@id":"https:\/\/lyonbondyblog.fr\/LBB\/#organization"},"image":{"@id":"https:\/\/lyonbondyblog.fr\/LBB\/premiere-conference-de-presse-du-maire-de-villeurbanne-securite-covid-ecologie-et-urbanisme\/#primaryimage"},"thumbnailUrl":"https:\/\/lyonbondyblog.fr\/LBB\/wp-content\/uploads\/2020\/09\/conf-presse-cvd.jpg","articleSection":["Covid-19","\u00c9cologie","Gratte-Ciel","Politique","Projet Urbain","S\u00e9curit\u00e9","Transport","Villeurbanne"],"inLanguage":"fr-FR","potentialAction":[{"@type":"CommentAction","name":"Comment","target":["https:\/\/lyonbondyblog.fr\/LBB\/premiere-conference-de-presse-du-maire-de-villeurbanne-securite-covid-ecologie-et-urbanisme\/#respond"]}]},{"@type":"WebPage","@id":"https:\/\/lyonbondyblog.fr\/LBB\/premiere-conference-de-presse-du-maire-de-villeurbanne-securite-covid-ecologie-et-urbanisme\/","url":"https:\/\/lyonbondyblog.fr\/LBB\/premiere-conference-de-presse-du-maire-de-villeurbanne-securite-covid-ecologie-et-urbanisme\/","name":"Premi\u00e8re conf\u00e9rence de presse du maire de Villeurbanne : s\u00e9curit\u00e9, Covid, \u00e9cologie et urbanisme - Lyon Bondy Blog","isPartOf":{"@id":"https:\/\/lyonbondyblog.fr\/LBB\/#website"},"primaryImageOfPage":{"@id":"https:\/\/lyonbondyblog.fr\/LBB\/premiere-conference-de-presse-du-maire-de-villeurbanne-securite-covid-ecologie-et-urbanisme\/#primaryimage"},"image":{"@id":"https:\/\/lyonbondyblog.fr\/LBB\/premiere-conference-de-presse-du-maire-de-villeurbanne-securite-covid-ecologie-et-urbanisme\/#primaryimage"},"thumbnailUrl":"https:\/\/lyonbondyblog.fr\/LBB\/wp-content\/uploads\/2020\/09\/conf-presse-cvd.jpg","datePublished":"2020-09-18T16:59:17+00:00","dateModified":"2020-09-30T15:01:23+00:00","inLanguage":"fr-FR","potentialAction":[{"@type":"ReadAction","target":["https:\/\/lyonbondyblog.fr\/LBB\/premiere-conference-de-presse-du-maire-de-villeurbanne-securite-covid-ecologie-et-urbanisme\/"]}]},{"@type":"ImageObject","inLanguage":"fr-FR","@id":"https:\/\/lyonbondyblog.fr\/LBB\/premiere-conference-de-presse-du-maire-de-villeurbanne-securite-covid-ecologie-et-urbanisme\/#primaryimage","url":"https:\/\/lyonbondyblog.fr\/LBB\/wp-content\/uploads\/2020\/09\/conf-presse-cvd.jpg","contentUrl":"https:\/\/lyonbondyblog.fr\/LBB\/wp-content\/uploads\/2020\/09\/conf-presse-cvd.jpg","width":1170,"height":646},{"@type":"WebSite","@id":"https:\/\/lyonbondyblog.fr\/LBB\/#website","url":"https:\/\/lyonbondyblog.fr\/LBB\/","name":"Lyon Bondy Blog","description":"","publisher":{"@id":"https:\/\/lyonbondyblog.fr\/LBB\/#organization"},"potentialAction":[{"@type":"SearchAction","target":{"@type":"EntryPoint","urlTemplate":"https:\/\/lyonbondyblog.fr\/LBB\/?s={search_term_string}"},"query-input":"required name=search_term_string"}],"inLanguage":"fr-FR"},{"@type":"Organization","@id":"https:\/\/lyonbondyblog.fr\/LBB\/#organization","name":"LYON BONDY BLOG","url":"https:\/\/lyonbondyblog.fr\/LBB\/","logo":{"@type":"ImageObject","inLanguage":"fr-FR","@id":"https:\/\/lyonbondyblog.fr\/LBB\/#\/schema\/logo\/image\/","url":"http:\/\/lyonbondyblog.fr\/LBB\/wp-content\/uploads\/2014\/10\/logo-portable-144.png","contentUrl":"http:\/\/lyonbondyblog.fr\/LBB\/wp-content\/uploads\/2014\/10\/logo-portable-144.png","width":144,"height":123,"caption":"LYON BONDY BLOG"},"image":{"@id":"https:\/\/lyonbondyblog.fr\/LBB\/#\/schema\/logo\/image\/"},"sameAs":["https:\/\/www.facebook.com\/lyonbondyblog","https:\/\/x.com\/bondybloglyon"]},{"@type":"Person","@id":"https:\/\/lyonbondyblog.fr\/LBB\/#\/schema\/person\/b5fa6aea5756b0a09d40abe87d994760","name":"clement Drognat","url":"https:\/\/lyonbondyblog.fr\/LBB\/author\/clementdrognat\/"}]}},"_links":{"self":[{"href":"https:\/\/lyonbondyblog.fr\/LBB\/wp-json\/wp\/v2\/posts\/20918","targetHints":{"allow":["GET"]}}],"collection":[{"href":"https:\/\/lyonbondyblog.fr\/LBB\/wp-json\/wp\/v2\/posts"}],"about":[{"href":"https:\/\/lyonbondyblog.fr\/LBB\/wp-json\/wp\/v2\/types\/post"}],"author":[{"embeddable":true,"href":"https:\/\/lyonbondyblog.fr\/LBB\/wp-json\/wp\/v2\/users\/27168"}],"replies":[{"embeddable":true,"href":"https:\/\/lyonbondyblog.fr\/LBB\/wp-json\/wp\/v2\/comments?post=20918"}],"version-history":[{"count":3,"href":"https:\/\/lyonbondyblog.fr\/LBB\/wp-json\/wp\/v2\/posts\/20918\/revisions"}],"predecessor-version":[{"id":20926,"href":"https:\/\/lyonbondyblog.fr\/LBB\/wp-json\/wp\/v2\/posts\/20918\/revisions\/20926"}],"wp:featuredmedia":[{"embeddable":true,"href":"https:\/\/lyonbondyblog.fr\/LBB\/wp-json\/wp\/v2\/media\/20920"}],"wp:attachment":[{"href":"https:\/\/lyonbondyblog.fr\/LBB\/wp-json\/wp\/v2\/media?parent=20918"}],"wp:term":[{"taxonomy":"category","embeddable":true,"href":"https:\/\/lyonbondyblog.fr\/LBB\/wp-json\/wp\/v2\/categories?post=20918"},{"taxonomy":"post_tag","embeddable":true,"href":"https:\/\/lyonbondyblog.fr\/LBB\/wp-json\/wp\/v2\/tags?post=20918"}],"curies":[{"name":"wp","href":"https:\/\/api.w.org\/{rel}","templated":true}]}}