{"id":20820,"date":"2020-08-24T17:00:03","date_gmt":"2020-08-24T15:00:03","guid":{"rendered":"http:\/\/lyonbondyblog.fr\/LBB\/?p=20820"},"modified":"2020-08-24T17:00:03","modified_gmt":"2020-08-24T15:00:03","slug":"precarite-les-femmes-seules-sont-les-premieres-victimes-de-ce-fleau","status":"publish","type":"post","link":"https:\/\/lyonbondyblog.fr\/LBB\/precarite-les-femmes-seules-sont-les-premieres-victimes-de-ce-fleau\/","title":{"rendered":"Pr\u00e9carit\u00e9 : les femmes seules sont les premi\u00e8res victimes de ce fl\u00e9au."},"content":{"rendered":"<p class=\"Corps\"><strong>Selon <a href=\"https:\/\/www.insee.fr\/fr\/statistiques\/3742067\"><span class=\"Hyperlink0\">une \u00e9tude de l\u2019INSEE\u00a0<\/span><\/a>parue en mars 2019, la monoparentalit\u00e9 amplifie les in\u00e9galit\u00e9s de niveau de vie entre les femmes et les hommes. En Auvergne-Rh\u00f4ne-Alpes, cette \u00e9tude a permis de faire un constat sur la situation des m\u00e8res c\u00e9libataires. Les familles monoparentales sont plus susceptibles de vivre dans la pr\u00e9carit\u00e9, \u00ab\u00a0<span class=\"Aucun\"><i>notamment lorsque le parent est une femme\u00a0<\/i><\/span>\u00bb.<\/strong><\/p>\n<p class=\"Corps\">La pr\u00e9carit\u00e9 est un ph\u00e9nom\u00e8ne qui touche \u00e9norm\u00e9ment les femmes. Dans le Rh\u00f4ne, l\u2019association <a href=\"https:\/\/www.google.com\/url?sa=t&amp;rct=j&amp;q=&amp;esrc=s&amp;source=web&amp;cd=&amp;cad=rja&amp;uact=8&amp;ved=2ahUKEwitw9avp6zrAhVFLBoKHWqyDLIQFjAAegQIBBAB&amp;url=https:\/\/fr-fr.facebook.com\/lescolibrissolidaires\/&amp;usg=AOvVaw3OBpAjv7tXZYGXX8kFWm7P\"><span class=\"Hyperlink0\">les colibris solidaires de V\u00e9nissieux<\/span><\/a>leur vient en aide en leur apportant \u00ab<span class=\"Aucun\"><i>\u00a0du soutien en colis alimentaire et de l\u2019aide \u00e0 l\u2019ameublement\u00a0\u00bb, <\/i><\/span>raconte Oirda GUESSAS, pr\u00e9sidente de l\u2019association<span class=\"Aucun\"><i>. <\/i><\/span>Ce probl\u00e8me touche les femmes de toutes les cat\u00e9gories et aucun quartier n\u2019est \u00e9pargn\u00e9<span class=\"Aucun\"><i>. \u00ab\u00a0C\u2019est dispatcher. On a des demandes d\u2019aide qui vient d\u2019un peu partout.\u00a0\u00bb<\/i><\/span>Les demandes vont de Lyon 9\u00e8me \u00e0 V\u00e9nissieux en passant par Lyon 5\u00e8me et Lyon 6\u00e8me.<\/p>\n<p class=\"Corps\"><b>Les m\u00e8res en premi\u00e8re position<\/b><\/p>\n<p class=\"Corps\">Dans cette r\u00e9gion de la France pr\u00e8s de 13% de la population vit sous le seuil de pauvret\u00e9. Ce pourcentage est jug\u00e9 faible par rapport au chiffre national (14,9%), cependant les femmes seules restent les principales concern\u00e9es dans la zone. C\u2019est pourquoi les demandes d\u2019aides chez <a href=\"https:\/\/www.google.com\/url?sa=t&amp;rct=j&amp;q=&amp;esrc=s&amp;source=web&amp;cd=&amp;cad=rja&amp;uact=8&amp;ved=2ahUKEwitw9avp6zrAhVFLBoKHWqyDLIQFjAAegQIBBAB&amp;url=https:\/\/fr-fr.facebook.com\/lescolibrissolidaires\/&amp;usg=AOvVaw3OBpAjv7tXZYGXX8kFWm7P\"><span class=\"Hyperlink0\">les colibris solidaires<\/span><\/a>viennent \u00ab\u00a0<span class=\"Aucun\"><i>beaucoup des m\u00e8res isol\u00e9es.\u00a0\u00bb <\/i><\/span>Elles connaissent plus de difficult\u00e9 pour subvenir \u00e0 leurs besoins car leur situation financi\u00e8re est souvent incertaine. D\u2019apr\u00e8s Oirda GUESSAS, \u00ab\u00a0<span class=\"Aucun\"><i>c\u2019est plus complexe pour ces femmes de trouver un travail stable parce qu\u2019il y a les probl\u00e8mes de mode de garde d\u2019enfant. D\u2019un c\u00f4t\u00e9 elles ont besoin de travailler et d\u2019un autre c\u00f4t\u00e9, elles n\u2019ont pas non plus la possibilit\u00e9 de prendre en charge ce qu\u2019elles font parce qu\u2019elles font le r\u00f4le du p\u00e8re et de la m\u00e8re.\u00a0\u00bb <\/i><\/span><i><\/i><\/p>\n<p class=\"Corps\"><span class=\"Aucun\"><i>\u00a0<\/i><\/span><\/p>\n<p class=\"Corps\"><b>Un acc\u00e8s au travail difficile<\/b><\/p>\n<p class=\"Corps\">\u00c0 cela s\u2019ajoute les probl\u00e8mes d\u2019acc\u00e8s au travail pour les femmes en g\u00e9n\u00e9ral. Dans la ville de Lyon, la population est compos\u00e9e de <a href=\"https:\/\/www.lyon.fr\/solidarite\/egalites-femmes-hommes\/quelques-chiffres-lyon\"><span class=\"Hyperlink0\">53,2%<\/span><\/a>de femmes et <a href=\"https:\/\/www.lyon.fr\/solidarite\/egalites-femmes-hommes\/quelques-chiffres-lyon\"><span class=\"Hyperlink0\">46,8%<\/span><\/a>d\u2019hommes. Les femmes sont certes plus pr\u00e9sentes dans la ville mais dans le monde du travail leur effectif est inf\u00e9rieur \u00e0 celui des hommes. \u00c0 Lyon, le taux d\u2019emploi des femmes est estim\u00e9 \u00e0 <a href=\"https:\/\/www.lyon.fr\/solidarite\/egalites-femmes-hommes\/quelques-chiffres-lyon\"><span class=\"Hyperlink0\">60,3%<\/span><\/a>et celui des hommes s\u2019\u00e9l\u00e8ve \u00e0 <a href=\"https:\/\/www.lyon.fr\/solidarite\/egalites-femmes-hommes\/quelques-chiffres-lyon\"><span class=\"Hyperlink0\">66,7%<\/span><\/a>.\u00a0 D\u2019ann\u00e9e en ann\u00e9e, les chiffres ont \u00e9volu\u00e9 mais les in\u00e9galit\u00e9s \u00ab<span class=\"Aucun\"><i>\u00a0au niveau des conditions et des salaires d\u2019une femme\u00a0<\/i><\/span>\u00bb persistent. Souvent, \u00ab<span class=\"Aucun\"><i>\u00a0une femme a besoin de prouver plus qu\u2019un homme qu\u2019elle est capable de travailler<\/i><\/span>\u00a0\u00bb, plaide Oirda GUESSAS.<\/p>\n<p class=\"Corps\">Face \u00e0 ce probl\u00e8me, de plus en plus d\u2019associations \u00ab\u00a0<span class=\"Aucun\"><i>militent pour \u00e9quilibrer ces in\u00e9galit\u00e9s<\/i><\/span>\u00a0\u00bb et mettent en place des dispositifs d\u2019accompagnement pour aider les femmes en tr\u00e8s grande pr\u00e9carit\u00e9.<\/p>\n<!-- AddThis Advanced Settings generic via filter on the_content --><!-- AddThis Share Buttons generic via filter on the_content -->","protected":false},"excerpt":{"rendered":"<p>Selon une \u00e9tude de l\u2019INSEE\u00a0parue en mars 2019, la monoparentalit\u00e9 amplifie les in\u00e9galit\u00e9s de niveau de vie entre les femmes et les hommes. En Auvergne-Rh\u00f4ne-Alpes, &hellip; <!-- AddThis Advanced Settings generic via filter on wp_trim_excerpt --><!-- AddThis Share Buttons generic via filter on wp_trim_excerpt --><\/p>\n","protected":false},"author":25738,"featured_media":20821,"comment_status":"open","ping_status":"open","sticky":false,"template":"","format":"standard","meta":{"_FSMCFIC_featured_image_caption":"","_FSMCFIC_featured_image_nocaption":"","_FSMCFIC_featured_image_hide":"","footnotes":""},"categories":[14149],"tags":[22479,387],"class_list":["post-20820","post","type-post","status-publish","format-standard","has-post-thumbnail","hentry","category-violences-conjugales","tag-femmes","tag-precarite"],"yoast_head":"<!-- This site is optimized with the Yoast SEO plugin v22.8 - https:\/\/yoast.com\/wordpress\/plugins\/seo\/ -->\n<title>Pr\u00e9carit\u00e9 : les femmes seules sont les premi\u00e8res victimes de ce fl\u00e9au. - Lyon Bondy Blog<\/title>\n<meta name=\"robots\" content=\"index, follow, max-snippet:-1, max-image-preview:large, max-video-preview:-1\" \/>\n<link rel=\"canonical\" href=\"https:\/\/lyonbondyblog.fr\/LBB\/precarite-les-femmes-seules-sont-les-premieres-victimes-de-ce-fleau\/\" \/>\n<meta property=\"og:locale\" content=\"fr_FR\" \/>\n<meta property=\"og:type\" content=\"article\" \/>\n<meta property=\"og:title\" content=\"Pr\u00e9carit\u00e9 : les femmes seules sont les premi\u00e8res victimes de ce fl\u00e9au. - Lyon Bondy Blog\" \/>\n<meta property=\"og:description\" content=\"Selon une \u00e9tude de l\u2019INSEE\u00a0parue en mars 2019, la monoparentalit\u00e9 amplifie les in\u00e9galit\u00e9s de niveau de vie entre les femmes et les hommes. En Auvergne-Rh\u00f4ne-Alpes, &hellip;\" \/>\n<meta property=\"og:url\" content=\"https:\/\/lyonbondyblog.fr\/LBB\/precarite-les-femmes-seules-sont-les-premieres-victimes-de-ce-fleau\/\" \/>\n<meta property=\"og:site_name\" content=\"Lyon Bondy Blog\" \/>\n<meta property=\"article:publisher\" content=\"https:\/\/www.facebook.com\/lyonbondyblog\" \/>\n<meta property=\"article:published_time\" content=\"2020-08-24T15:00:03+00:00\" \/>\n<meta property=\"og:image\" content=\"https:\/\/lyonbondyblog.fr\/LBB\/wp-content\/uploads\/2020\/08\/297710c_Vpnprhsmu2gUYyuKIDkayxu1.jpg\" \/>\n\t<meta property=\"og:image:width\" content=\"768\" \/>\n\t<meta property=\"og:image:height\" content=\"512\" \/>\n\t<meta property=\"og:image:type\" content=\"image\/jpeg\" \/>\n<meta name=\"author\" content=\"Raachidah Anrifou\" \/>\n<meta name=\"twitter:card\" content=\"summary_large_image\" \/>\n<meta name=\"twitter:creator\" content=\"@bondybloglyon\" \/>\n<meta name=\"twitter:site\" content=\"@bondybloglyon\" \/>\n<script type=\"application\/ld+json\" class=\"yoast-schema-graph\">{\"@context\":\"https:\/\/schema.org\",\"@graph\":[{\"@type\":\"Article\",\"@id\":\"https:\/\/lyonbondyblog.fr\/LBB\/precarite-les-femmes-seules-sont-les-premieres-victimes-de-ce-fleau\/#article\",\"isPartOf\":{\"@id\":\"https:\/\/lyonbondyblog.fr\/LBB\/precarite-les-femmes-seules-sont-les-premieres-victimes-de-ce-fleau\/\"},\"author\":{\"name\":\"Raachidah Anrifou\",\"@id\":\"https:\/\/lyonbondyblog.fr\/LBB\/#\/schema\/person\/f6ca1cf68ca02f63bb69735039536d90\"},\"headline\":\"Pr\u00e9carit\u00e9 : les femmes seules sont les premi\u00e8res victimes de ce fl\u00e9au.\",\"datePublished\":\"2020-08-24T15:00:03+00:00\",\"dateModified\":\"2020-08-24T15:00:03+00:00\",\"mainEntityOfPage\":{\"@id\":\"https:\/\/lyonbondyblog.fr\/LBB\/precarite-les-femmes-seules-sont-les-premieres-victimes-de-ce-fleau\/\"},\"wordCount\":499,\"commentCount\":0,\"publisher\":{\"@id\":\"https:\/\/lyonbondyblog.fr\/LBB\/#organization\"},\"image\":{\"@id\":\"https:\/\/lyonbondyblog.fr\/LBB\/precarite-les-femmes-seules-sont-les-premieres-victimes-de-ce-fleau\/#primaryimage\"},\"thumbnailUrl\":\"https:\/\/lyonbondyblog.fr\/LBB\/wp-content\/uploads\/2020\/08\/297710c_Vpnprhsmu2gUYyuKIDkayxu1.jpg\",\"keywords\":[\"femmes\",\"pr\u00e9carit\u00e9\"],\"articleSection\":[\"Violences conjugales\"],\"inLanguage\":\"fr-FR\",\"potentialAction\":[{\"@type\":\"CommentAction\",\"name\":\"Comment\",\"target\":[\"https:\/\/lyonbondyblog.fr\/LBB\/precarite-les-femmes-seules-sont-les-premieres-victimes-de-ce-fleau\/#respond\"]}]},{\"@type\":\"WebPage\",\"@id\":\"https:\/\/lyonbondyblog.fr\/LBB\/precarite-les-femmes-seules-sont-les-premieres-victimes-de-ce-fleau\/\",\"url\":\"https:\/\/lyonbondyblog.fr\/LBB\/precarite-les-femmes-seules-sont-les-premieres-victimes-de-ce-fleau\/\",\"name\":\"Pr\u00e9carit\u00e9 : les femmes seules sont les premi\u00e8res victimes de ce fl\u00e9au. - Lyon Bondy Blog\",\"isPartOf\":{\"@id\":\"https:\/\/lyonbondyblog.fr\/LBB\/#website\"},\"primaryImageOfPage\":{\"@id\":\"https:\/\/lyonbondyblog.fr\/LBB\/precarite-les-femmes-seules-sont-les-premieres-victimes-de-ce-fleau\/#primaryimage\"},\"image\":{\"@id\":\"https:\/\/lyonbondyblog.fr\/LBB\/precarite-les-femmes-seules-sont-les-premieres-victimes-de-ce-fleau\/#primaryimage\"},\"thumbnailUrl\":\"https:\/\/lyonbondyblog.fr\/LBB\/wp-content\/uploads\/2020\/08\/297710c_Vpnprhsmu2gUYyuKIDkayxu1.jpg\",\"datePublished\":\"2020-08-24T15:00:03+00:00\",\"dateModified\":\"2020-08-24T15:00:03+00:00\",\"inLanguage\":\"fr-FR\",\"potentialAction\":[{\"@type\":\"ReadAction\",\"target\":[\"https:\/\/lyonbondyblog.fr\/LBB\/precarite-les-femmes-seules-sont-les-premieres-victimes-de-ce-fleau\/\"]}]},{\"@type\":\"ImageObject\",\"inLanguage\":\"fr-FR\",\"@id\":\"https:\/\/lyonbondyblog.fr\/LBB\/precarite-les-femmes-seules-sont-les-premieres-victimes-de-ce-fleau\/#primaryimage\",\"url\":\"https:\/\/lyonbondyblog.fr\/LBB\/wp-content\/uploads\/2020\/08\/297710c_Vpnprhsmu2gUYyuKIDkayxu1.jpg\",\"contentUrl\":\"https:\/\/lyonbondyblog.fr\/LBB\/wp-content\/uploads\/2020\/08\/297710c_Vpnprhsmu2gUYyuKIDkayxu1.jpg\",\"width\":768,\"height\":512,\"caption\":\"des association se mobilisent contre ce fl\u00e9au. Cr\u00e9dit: le monde\"},{\"@type\":\"WebSite\",\"@id\":\"https:\/\/lyonbondyblog.fr\/LBB\/#website\",\"url\":\"https:\/\/lyonbondyblog.fr\/LBB\/\",\"name\":\"Lyon Bondy Blog\",\"description\":\"\",\"publisher\":{\"@id\":\"https:\/\/lyonbondyblog.fr\/LBB\/#organization\"},\"potentialAction\":[{\"@type\":\"SearchAction\",\"target\":{\"@type\":\"EntryPoint\",\"urlTemplate\":\"https:\/\/lyonbondyblog.fr\/LBB\/?s={search_term_string}\"},\"query-input\":\"required name=search_term_string\"}],\"inLanguage\":\"fr-FR\"},{\"@type\":\"Organization\",\"@id\":\"https:\/\/lyonbondyblog.fr\/LBB\/#organization\",\"name\":\"LYON BONDY BLOG\",\"url\":\"https:\/\/lyonbondyblog.fr\/LBB\/\",\"logo\":{\"@type\":\"ImageObject\",\"inLanguage\":\"fr-FR\",\"@id\":\"https:\/\/lyonbondyblog.fr\/LBB\/#\/schema\/logo\/image\/\",\"url\":\"http:\/\/lyonbondyblog.fr\/LBB\/wp-content\/uploads\/2014\/10\/logo-portable-144.png\",\"contentUrl\":\"http:\/\/lyonbondyblog.fr\/LBB\/wp-content\/uploads\/2014\/10\/logo-portable-144.png\",\"width\":144,\"height\":123,\"caption\":\"LYON BONDY BLOG\"},\"image\":{\"@id\":\"https:\/\/lyonbondyblog.fr\/LBB\/#\/schema\/logo\/image\/\"},\"sameAs\":[\"https:\/\/www.facebook.com\/lyonbondyblog\",\"https:\/\/x.com\/bondybloglyon\"]},{\"@type\":\"Person\",\"@id\":\"https:\/\/lyonbondyblog.fr\/LBB\/#\/schema\/person\/f6ca1cf68ca02f63bb69735039536d90\",\"name\":\"Raachidah Anrifou\",\"url\":\"https:\/\/lyonbondyblog.fr\/LBB\/author\/anrifourachi\/\"}]}<\/script>\n<!-- \/ Yoast SEO plugin. -->","yoast_head_json":{"title":"Pr\u00e9carit\u00e9 : les femmes seules sont les premi\u00e8res victimes de ce fl\u00e9au. - Lyon Bondy Blog","robots":{"index":"index","follow":"follow","max-snippet":"max-snippet:-1","max-image-preview":"max-image-preview:large","max-video-preview":"max-video-preview:-1"},"canonical":"https:\/\/lyonbondyblog.fr\/LBB\/precarite-les-femmes-seules-sont-les-premieres-victimes-de-ce-fleau\/","og_locale":"fr_FR","og_type":"article","og_title":"Pr\u00e9carit\u00e9 : les femmes seules sont les premi\u00e8res victimes de ce fl\u00e9au. - Lyon Bondy Blog","og_description":"Selon une \u00e9tude de l\u2019INSEE\u00a0parue en mars 2019, la monoparentalit\u00e9 amplifie les in\u00e9galit\u00e9s de niveau de vie entre les femmes et les hommes. En Auvergne-Rh\u00f4ne-Alpes, &hellip;","og_url":"https:\/\/lyonbondyblog.fr\/LBB\/precarite-les-femmes-seules-sont-les-premieres-victimes-de-ce-fleau\/","og_site_name":"Lyon Bondy Blog","article_publisher":"https:\/\/www.facebook.com\/lyonbondyblog","article_published_time":"2020-08-24T15:00:03+00:00","og_image":[{"width":768,"height":512,"url":"https:\/\/lyonbondyblog.fr\/LBB\/wp-content\/uploads\/2020\/08\/297710c_Vpnprhsmu2gUYyuKIDkayxu1.jpg","type":"image\/jpeg"}],"author":"Raachidah Anrifou","twitter_card":"summary_large_image","twitter_creator":"@bondybloglyon","twitter_site":"@bondybloglyon","schema":{"@context":"https:\/\/schema.org","@graph":[{"@type":"Article","@id":"https:\/\/lyonbondyblog.fr\/LBB\/precarite-les-femmes-seules-sont-les-premieres-victimes-de-ce-fleau\/#article","isPartOf":{"@id":"https:\/\/lyonbondyblog.fr\/LBB\/precarite-les-femmes-seules-sont-les-premieres-victimes-de-ce-fleau\/"},"author":{"name":"Raachidah Anrifou","@id":"https:\/\/lyonbondyblog.fr\/LBB\/#\/schema\/person\/f6ca1cf68ca02f63bb69735039536d90"},"headline":"Pr\u00e9carit\u00e9 : les femmes seules sont les premi\u00e8res victimes de ce fl\u00e9au.","datePublished":"2020-08-24T15:00:03+00:00","dateModified":"2020-08-24T15:00:03+00:00","mainEntityOfPage":{"@id":"https:\/\/lyonbondyblog.fr\/LBB\/precarite-les-femmes-seules-sont-les-premieres-victimes-de-ce-fleau\/"},"wordCount":499,"commentCount":0,"publisher":{"@id":"https:\/\/lyonbondyblog.fr\/LBB\/#organization"},"image":{"@id":"https:\/\/lyonbondyblog.fr\/LBB\/precarite-les-femmes-seules-sont-les-premieres-victimes-de-ce-fleau\/#primaryimage"},"thumbnailUrl":"https:\/\/lyonbondyblog.fr\/LBB\/wp-content\/uploads\/2020\/08\/297710c_Vpnprhsmu2gUYyuKIDkayxu1.jpg","keywords":["femmes","pr\u00e9carit\u00e9"],"articleSection":["Violences conjugales"],"inLanguage":"fr-FR","potentialAction":[{"@type":"CommentAction","name":"Comment","target":["https:\/\/lyonbondyblog.fr\/LBB\/precarite-les-femmes-seules-sont-les-premieres-victimes-de-ce-fleau\/#respond"]}]},{"@type":"WebPage","@id":"https:\/\/lyonbondyblog.fr\/LBB\/precarite-les-femmes-seules-sont-les-premieres-victimes-de-ce-fleau\/","url":"https:\/\/lyonbondyblog.fr\/LBB\/precarite-les-femmes-seules-sont-les-premieres-victimes-de-ce-fleau\/","name":"Pr\u00e9carit\u00e9 : les femmes seules sont les premi\u00e8res victimes de ce fl\u00e9au. - Lyon Bondy Blog","isPartOf":{"@id":"https:\/\/lyonbondyblog.fr\/LBB\/#website"},"primaryImageOfPage":{"@id":"https:\/\/lyonbondyblog.fr\/LBB\/precarite-les-femmes-seules-sont-les-premieres-victimes-de-ce-fleau\/#primaryimage"},"image":{"@id":"https:\/\/lyonbondyblog.fr\/LBB\/precarite-les-femmes-seules-sont-les-premieres-victimes-de-ce-fleau\/#primaryimage"},"thumbnailUrl":"https:\/\/lyonbondyblog.fr\/LBB\/wp-content\/uploads\/2020\/08\/297710c_Vpnprhsmu2gUYyuKIDkayxu1.jpg","datePublished":"2020-08-24T15:00:03+00:00","dateModified":"2020-08-24T15:00:03+00:00","inLanguage":"fr-FR","potentialAction":[{"@type":"ReadAction","target":["https:\/\/lyonbondyblog.fr\/LBB\/precarite-les-femmes-seules-sont-les-premieres-victimes-de-ce-fleau\/"]}]},{"@type":"ImageObject","inLanguage":"fr-FR","@id":"https:\/\/lyonbondyblog.fr\/LBB\/precarite-les-femmes-seules-sont-les-premieres-victimes-de-ce-fleau\/#primaryimage","url":"https:\/\/lyonbondyblog.fr\/LBB\/wp-content\/uploads\/2020\/08\/297710c_Vpnprhsmu2gUYyuKIDkayxu1.jpg","contentUrl":"https:\/\/lyonbondyblog.fr\/LBB\/wp-content\/uploads\/2020\/08\/297710c_Vpnprhsmu2gUYyuKIDkayxu1.jpg","width":768,"height":512,"caption":"des association se mobilisent contre ce fl\u00e9au. Cr\u00e9dit: le monde"},{"@type":"WebSite","@id":"https:\/\/lyonbondyblog.fr\/LBB\/#website","url":"https:\/\/lyonbondyblog.fr\/LBB\/","name":"Lyon Bondy Blog","description":"","publisher":{"@id":"https:\/\/lyonbondyblog.fr\/LBB\/#organization"},"potentialAction":[{"@type":"SearchAction","target":{"@type":"EntryPoint","urlTemplate":"https:\/\/lyonbondyblog.fr\/LBB\/?s={search_term_string}"},"query-input":"required name=search_term_string"}],"inLanguage":"fr-FR"},{"@type":"Organization","@id":"https:\/\/lyonbondyblog.fr\/LBB\/#organization","name":"LYON BONDY BLOG","url":"https:\/\/lyonbondyblog.fr\/LBB\/","logo":{"@type":"ImageObject","inLanguage":"fr-FR","@id":"https:\/\/lyonbondyblog.fr\/LBB\/#\/schema\/logo\/image\/","url":"http:\/\/lyonbondyblog.fr\/LBB\/wp-content\/uploads\/2014\/10\/logo-portable-144.png","contentUrl":"http:\/\/lyonbondyblog.fr\/LBB\/wp-content\/uploads\/2014\/10\/logo-portable-144.png","width":144,"height":123,"caption":"LYON BONDY BLOG"},"image":{"@id":"https:\/\/lyonbondyblog.fr\/LBB\/#\/schema\/logo\/image\/"},"sameAs":["https:\/\/www.facebook.com\/lyonbondyblog","https:\/\/x.com\/bondybloglyon"]},{"@type":"Person","@id":"https:\/\/lyonbondyblog.fr\/LBB\/#\/schema\/person\/f6ca1cf68ca02f63bb69735039536d90","name":"Raachidah Anrifou","url":"https:\/\/lyonbondyblog.fr\/LBB\/author\/anrifourachi\/"}]}},"_links":{"self":[{"href":"https:\/\/lyonbondyblog.fr\/LBB\/wp-json\/wp\/v2\/posts\/20820","targetHints":{"allow":["GET"]}}],"collection":[{"href":"https:\/\/lyonbondyblog.fr\/LBB\/wp-json\/wp\/v2\/posts"}],"about":[{"href":"https:\/\/lyonbondyblog.fr\/LBB\/wp-json\/wp\/v2\/types\/post"}],"author":[{"embeddable":true,"href":"https:\/\/lyonbondyblog.fr\/LBB\/wp-json\/wp\/v2\/users\/25738"}],"replies":[{"embeddable":true,"href":"https:\/\/lyonbondyblog.fr\/LBB\/wp-json\/wp\/v2\/comments?post=20820"}],"version-history":[{"count":2,"href":"https:\/\/lyonbondyblog.fr\/LBB\/wp-json\/wp\/v2\/posts\/20820\/revisions"}],"predecessor-version":[{"id":20823,"href":"https:\/\/lyonbondyblog.fr\/LBB\/wp-json\/wp\/v2\/posts\/20820\/revisions\/20823"}],"wp:featuredmedia":[{"embeddable":true,"href":"https:\/\/lyonbondyblog.fr\/LBB\/wp-json\/wp\/v2\/media\/20821"}],"wp:attachment":[{"href":"https:\/\/lyonbondyblog.fr\/LBB\/wp-json\/wp\/v2\/media?parent=20820"}],"wp:term":[{"taxonomy":"category","embeddable":true,"href":"https:\/\/lyonbondyblog.fr\/LBB\/wp-json\/wp\/v2\/categories?post=20820"},{"taxonomy":"post_tag","embeddable":true,"href":"https:\/\/lyonbondyblog.fr\/LBB\/wp-json\/wp\/v2\/tags?post=20820"}],"curies":[{"name":"wp","href":"https:\/\/api.w.org\/{rel}","templated":true}]}}