{"id":20779,"date":"2020-08-18T17:13:28","date_gmt":"2020-08-18T15:13:28","guid":{"rendered":"http:\/\/lyonbondyblog.fr\/LBB\/?p=20779"},"modified":"2020-08-18T17:26:54","modified_gmt":"2020-08-18T15:26:54","slug":"covid-19-a-mayotte-une-gestion-de-la-crise-remise-en-cause","status":"publish","type":"post","link":"https:\/\/lyonbondyblog.fr\/LBB\/covid-19-a-mayotte-une-gestion-de-la-crise-remise-en-cause\/","title":{"rendered":"COVID-19 \u00e0 Mayotte : Une gestion de la crise remise en cause."},"content":{"rendered":"<p style=\"text-align: justify;\"><strong><span style=\"font-family: arial, helvetica, sans-serif;\">Avec 3160 cas et 39 d\u00e9c\u00e8s confirm\u00e9s \u00e0 ce jour, Mayotte et <a href=\"https:\/\/lyonbondyblog.fr\/LBB\/covid-19-en-guyane-tout-ne-va-pas-bien-comme-lavait-declare-jean-castex\/\">La Guyane<\/a> sont les deux d\u00e9partements d\u2019outre-mer fortement touch\u00e9s par cette \u00e9pid\u00e9mie de coronavirus. Sur l\u2019\u00eele, des professionnels de la sant\u00e9 expliquent cette situation par \u00ab&nbsp;<i>un manquement&nbsp;<\/i>\u00bb de l\u2019Etat au niveau de la gestion de la crise et d\u2019autres renvoient la faute<span class=\"Apple-converted-space\">&nbsp; <\/span>\u00e0 la population.<span class=\"Apple-converted-space\">&nbsp;<\/span><\/span><\/strong><\/p>\n<p style=\"text-align: justify;\"><span style=\"font-family: georgia, palatino, serif; font-size: 10pt;\">L&rsquo;\u00eele de Mayotte se trouve entre Madagascar et l&rsquo;Afrique. Cr\u00e9dit : Carte du Monde<\/span><\/p>\n<p>&nbsp;<\/p>\n<p style=\"text-align: justify;\"><span style=\"font-family: arial, helvetica, sans-serif;\">Situ\u00e9 dans l\u2019oc\u00e9an indien, Mayotte est le 101 \u00e8me d\u00e9partement fran\u00e7ais d\u2019outre-mer compos\u00e9 de 270372 habitants selon des chiffres de l\u2019INSEE datant de 2019. Cette petite \u00eele fran\u00e7aise en cours de d\u00e9veloppement a connu une recrudescence du nombre de cas test\u00e9 positif durant cette pand\u00e9mie mondiale. \u00c0 ce jour le nombre de cas ne cesse d\u2019augmenter malgr\u00e9 la mise en place du confinement dans les villages les plus touch\u00e9s du territoire.<span class=\"Apple-converted-space\">&nbsp;<\/span><\/span><\/p>\n<p style=\"text-align: justify;\"><span style=\"font-family: arial, helvetica, sans-serif;\">Si Mayotte a connu un fort taux de contamination c\u2019est parce que la population refuse de se confiner d\u2019apr\u00e8s Philippe*, un docteur de l\u2019<a href=\"https:\/\/www.mayotte.ars.sante.fr\">ARS<\/a>. \u00ab<i>&nbsp;La population s\u2019est d\u00e9confin\u00e9e elle-m\u00eame<\/i>&nbsp;\u00bb et il y a eu \u00ab&nbsp;<i>des regroupements r\u00e9p\u00e9t\u00e9s sans protection.<\/i>&nbsp;\u00bb Selon lui, la pauvret\u00e9 de la population a \u00e9galement \u00ab&nbsp;<i>favoris\u00e9 la propagation du virus<\/i>.\u00bb Sur l\u2019\u00eele, ce m\u00eame discours est partag\u00e9 par de nombreuses personnes. C\u2019est le cas du pr\u00e9fet et de la directrice de l\u2019<a href=\"https:\/\/www.mayotte.ars.sante.fr\">ARS<\/a> lors de leur interview parue sur la chaine d\u2019information locale.<span class=\"Apple-converted-space\">&nbsp;<\/span><\/span><\/p>\n<p style=\"text-align: justify;\"><span style=\"font-family: arial, helvetica, sans-serif; font-size: 14pt;\"><b>Un rel\u00e2chement caus\u00e9 par l\u2019Etat<\/b><\/span><\/p>\n<p style=\"text-align: justify;\"><span style=\"font-family: arial, helvetica, sans-serif;\">Pourtant certains \u00e9lus du territoire sont d\u2019un autre avis. Pour Idriss*, un ancien \u00e9lu d\u2019une commune de l\u2019\u00eele, l\u2019\u00e9pid\u00e9mie a pris de l\u2019ampleur car l\u2019Etat a manqu\u00e9 de cr\u00e9dibilit\u00e9. Notamment, lors d\u2019une distribution de denr\u00e9es alimentaires faite par des militaires envoy\u00e9s au tout d\u00e9but de la crise. \u00ab<i>&nbsp;Les gens \u00e9taient tr\u00e8s proches et ne respectaient pas les r\u00e8gles de s\u00e9curit\u00e9.&nbsp;<\/i>\u00bb D\u2019apr\u00e8s lui, cette distribution a \u00e9t\u00e9 l\u2019\u00e9l\u00e9ment d\u00e9clencheur de ce \u00ab&nbsp;<i>rel\u00e2chement<\/i>&nbsp;\u00bb car \u00ab&nbsp;<i>l\u2019organisation de cet \u00e9v\u00e9nement a \u00e9t\u00e9 totalement improvis\u00e9e. <\/i>\u00bb Suite \u00e0 cette intervention de l\u2019Etat faite sans les mesures pr\u00e9conis\u00e9es, \u00ab&nbsp;<i>la population commen\u00e7ait \u00e0 se demander si l\u2019Etat n\u2019avait pas racont\u00e9 des bobards. <\/i>\u00bb \u00c0 cela s\u2019ajoute l\u2019absence de demande d\u2019implication des \u00e9lus de proximit\u00e9 qui a \u00e9galement amplifi\u00e9 le manque de consid\u00e9ration du discours de l\u2019Etat au sujet du confinement.<\/span><\/p>\n<p style=\"text-align: justify;\"><span style=\"font-family: arial, helvetica, sans-serif; font-size: 14pt;\"><b>Un sentiment de \u00ab manque de consid\u00e9ration&nbsp;\u00bb<\/b><\/span><\/p>\n<p style=\"text-align: justify;\"><span style=\"font-family: arial, helvetica, sans-serif;\">Du cot\u00e9 des sp\u00e9cialistes de la sant\u00e9, Karim*, un employ\u00e9 de l\u2019h\u00f4pital a constat\u00e9 un manque de suivi de la part des membres de l\u2019Etat durant cette pand\u00e9mie. Pour lui, les r\u00e8gles du confinement n\u2019\u00e9taient pas efficaces sur l\u2019\u00eele car \u00ab<i>&nbsp;beaucoup de gens \u00e9taient dehors<\/i>\u00bb gr\u00e2ce \u00e0 la mise \u00e0 disposition de l\u2019attestation de d\u00e9placement. \u00c0 Mayotte, il assistait \u00e0 des sc\u00e8nes o\u00f9 \u00ab&nbsp;<i>des centaines de personnes faisaient la queue coller-serrer devant un magas<\/i>in&nbsp;\u00bb sans qu\u2019il y ait des contr\u00f4les.<span class=\"Apple-converted-space\">&nbsp; <\/span>Pour lui, \u00ab&nbsp;<i>les r\u00e8gles auraient d\u00fb durcir<\/i>&nbsp;\u00bb mais \u00e7a n\u2019a pas \u00e9t\u00e9 le cas m\u00eame apr\u00e8s avoir fait ces remarques \u00e0 un policier. \u00ab&nbsp;<i>Le policier m\u2019a r\u00e9pondu en me disant qu\u2019\u00e0 partir du moment o\u00f9 ils ont une attestation on ne peut rien faire<\/i>&nbsp;\u00bb, s\u2019indigne Karim. Ce manque de suivi de la part de l\u2019Etat est un sentiment partag\u00e9 par d\u2019autres personnes sur l\u2019\u00eele comme Dayana*, une \u00e9tudiante venue en vacances cet \u00e9t\u00e9. \u00ab<i>&nbsp;On s\u2019est toujours senti mis de c\u00f4t\u00e9 et cette p\u00e9riode n\u2019a fait qu\u2019accentuer ce manque de consid\u00e9ration<\/i>&nbsp;\u00bb, confie-t-elle.<span class=\"Apple-converted-space\">&nbsp;<\/span><\/span><\/p>\n<p style=\"text-align: justify;\"><span style=\"font-family: arial, helvetica, sans-serif;\">Sur l\u2019\u00eele, les avis fusent sur cette gestion de la crise mais ce qui est s\u00fbr c\u2019est que le r\u00f4le de l\u2019Etat est syst\u00e9matiquement remis en cause. Pour redorer son image, le gouvernement devra mener des actions concr\u00e8tes et effacer \u00ab&nbsp;<i>ce manque de consid\u00e9ration <\/i>\u00bb ressenti par la population.<\/span><\/p>\n<p>&nbsp;<\/p>\n<p style=\"text-align: justify;\"><strong><span style=\"font-family: arial, helvetica, sans-serif; font-size: 10pt;\">*: Les noms ont \u00e9t\u00e9 modifi\u00e9s<\/span><\/strong><\/p>\n<!-- AddThis Advanced Settings generic via filter on the_content --><!-- AddThis Share Buttons generic via filter on the_content -->","protected":false},"excerpt":{"rendered":"<p>Avec 3160 cas et 39 d\u00e9c\u00e8s confirm\u00e9s \u00e0 ce jour, Mayotte et La Guyane sont les deux d\u00e9partements d\u2019outre-mer fortement touch\u00e9s par cette \u00e9pid\u00e9mie de &hellip; <!-- AddThis Advanced Settings generic via filter on wp_trim_excerpt --><!-- AddThis Share Buttons generic via filter on wp_trim_excerpt --><\/p>\n","protected":false},"author":1,"featured_media":20780,"comment_status":"open","ping_status":"open","sticky":false,"template":"","format":"standard","meta":{"_FSMCFIC_featured_image_caption":"","_FSMCFIC_featured_image_nocaption":"","_FSMCFIC_featured_image_hide":"","footnotes":""},"categories":[22420,2],"tags":[22213,22476,22475,22422,24],"class_list":["post-20779","post","type-post","status-publish","format-standard","has-post-thumbnail","hentry","category-covid-19","category-societe","tag-covid-19","tag-crise-sanitaire","tag-mayotte","tag-outre-mer","tag-societe-2"],"yoast_head":"<!-- This site is optimized with the Yoast SEO plugin v22.8 - https:\/\/yoast.com\/wordpress\/plugins\/seo\/ -->\n<title>COVID-19 \u00e0 Mayotte : Une gestion de la crise remise en cause. - Lyon Bondy Blog<\/title>\n<meta name=\"robots\" content=\"index, follow, max-snippet:-1, max-image-preview:large, max-video-preview:-1\" \/>\n<link rel=\"canonical\" href=\"https:\/\/lyonbondyblog.fr\/LBB\/covid-19-a-mayotte-une-gestion-de-la-crise-remise-en-cause\/\" \/>\n<meta property=\"og:locale\" content=\"fr_FR\" \/>\n<meta property=\"og:type\" content=\"article\" \/>\n<meta property=\"og:title\" content=\"COVID-19 \u00e0 Mayotte : Une gestion de la crise remise en cause. - Lyon Bondy Blog\" \/>\n<meta property=\"og:description\" content=\"Avec 3160 cas et 39 d\u00e9c\u00e8s confirm\u00e9s \u00e0 ce jour, Mayotte et La Guyane sont les deux d\u00e9partements d\u2019outre-mer fortement touch\u00e9s par cette \u00e9pid\u00e9mie de &hellip;\" \/>\n<meta property=\"og:url\" content=\"https:\/\/lyonbondyblog.fr\/LBB\/covid-19-a-mayotte-une-gestion-de-la-crise-remise-en-cause\/\" \/>\n<meta property=\"og:site_name\" content=\"Lyon Bondy Blog\" \/>\n<meta property=\"article:publisher\" content=\"https:\/\/www.facebook.com\/lyonbondyblog\" \/>\n<meta property=\"article:author\" content=\"https:\/\/www.facebook.com\/lyonbondyblog\" \/>\n<meta property=\"article:published_time\" content=\"2020-08-18T15:13:28+00:00\" \/>\n<meta property=\"article:modified_time\" content=\"2020-08-18T15:26:54+00:00\" \/>\n<meta property=\"og:image\" content=\"https:\/\/lyonbondyblog.fr\/LBB\/wp-content\/uploads\/2020\/08\/carte-mayotte.jpg\" \/>\n\t<meta property=\"og:image:width\" content=\"1032\" \/>\n\t<meta property=\"og:image:height\" content=\"1296\" \/>\n\t<meta property=\"og:image:type\" content=\"image\/jpeg\" \/>\n<meta name=\"author\" content=\"La r\u00e9daction\" \/>\n<meta name=\"twitter:card\" content=\"summary_large_image\" \/>\n<meta name=\"twitter:creator\" content=\"@BondyBlogLyon\" \/>\n<meta name=\"twitter:site\" content=\"@bondybloglyon\" \/>\n<script type=\"application\/ld+json\" class=\"yoast-schema-graph\">{\"@context\":\"https:\/\/schema.org\",\"@graph\":[{\"@type\":\"Article\",\"@id\":\"https:\/\/lyonbondyblog.fr\/LBB\/covid-19-a-mayotte-une-gestion-de-la-crise-remise-en-cause\/#article\",\"isPartOf\":{\"@id\":\"https:\/\/lyonbondyblog.fr\/LBB\/covid-19-a-mayotte-une-gestion-de-la-crise-remise-en-cause\/\"},\"author\":{\"name\":\"La r\u00e9daction\",\"@id\":\"https:\/\/lyonbondyblog.fr\/LBB\/#\/schema\/person\/e45f8d27baac75072daa0be50c409b25\"},\"headline\":\"COVID-19 \u00e0 Mayotte : Une gestion de la crise remise en cause.\",\"datePublished\":\"2020-08-18T15:13:28+00:00\",\"dateModified\":\"2020-08-18T15:26:54+00:00\",\"mainEntityOfPage\":{\"@id\":\"https:\/\/lyonbondyblog.fr\/LBB\/covid-19-a-mayotte-une-gestion-de-la-crise-remise-en-cause\/\"},\"wordCount\":735,\"commentCount\":0,\"publisher\":{\"@id\":\"https:\/\/lyonbondyblog.fr\/LBB\/#organization\"},\"image\":{\"@id\":\"https:\/\/lyonbondyblog.fr\/LBB\/covid-19-a-mayotte-une-gestion-de-la-crise-remise-en-cause\/#primaryimage\"},\"thumbnailUrl\":\"https:\/\/lyonbondyblog.fr\/LBB\/wp-content\/uploads\/2020\/08\/carte-mayotte.jpg\",\"keywords\":[\"Covid-19\",\"Crise sanitaire\",\"Mayotte\",\"Outre-mer\",\"societe\"],\"articleSection\":[\"Covid-19\",\"Soci\u00e9t\u00e9\"],\"inLanguage\":\"fr-FR\",\"potentialAction\":[{\"@type\":\"CommentAction\",\"name\":\"Comment\",\"target\":[\"https:\/\/lyonbondyblog.fr\/LBB\/covid-19-a-mayotte-une-gestion-de-la-crise-remise-en-cause\/#respond\"]}]},{\"@type\":\"WebPage\",\"@id\":\"https:\/\/lyonbondyblog.fr\/LBB\/covid-19-a-mayotte-une-gestion-de-la-crise-remise-en-cause\/\",\"url\":\"https:\/\/lyonbondyblog.fr\/LBB\/covid-19-a-mayotte-une-gestion-de-la-crise-remise-en-cause\/\",\"name\":\"COVID-19 \u00e0 Mayotte : Une gestion de la crise remise en cause. - Lyon Bondy Blog\",\"isPartOf\":{\"@id\":\"https:\/\/lyonbondyblog.fr\/LBB\/#website\"},\"primaryImageOfPage\":{\"@id\":\"https:\/\/lyonbondyblog.fr\/LBB\/covid-19-a-mayotte-une-gestion-de-la-crise-remise-en-cause\/#primaryimage\"},\"image\":{\"@id\":\"https:\/\/lyonbondyblog.fr\/LBB\/covid-19-a-mayotte-une-gestion-de-la-crise-remise-en-cause\/#primaryimage\"},\"thumbnailUrl\":\"https:\/\/lyonbondyblog.fr\/LBB\/wp-content\/uploads\/2020\/08\/carte-mayotte.jpg\",\"datePublished\":\"2020-08-18T15:13:28+00:00\",\"dateModified\":\"2020-08-18T15:26:54+00:00\",\"inLanguage\":\"fr-FR\",\"potentialAction\":[{\"@type\":\"ReadAction\",\"target\":[\"https:\/\/lyonbondyblog.fr\/LBB\/covid-19-a-mayotte-une-gestion-de-la-crise-remise-en-cause\/\"]}]},{\"@type\":\"ImageObject\",\"inLanguage\":\"fr-FR\",\"@id\":\"https:\/\/lyonbondyblog.fr\/LBB\/covid-19-a-mayotte-une-gestion-de-la-crise-remise-en-cause\/#primaryimage\",\"url\":\"https:\/\/lyonbondyblog.fr\/LBB\/wp-content\/uploads\/2020\/08\/carte-mayotte.jpg\",\"contentUrl\":\"https:\/\/lyonbondyblog.fr\/LBB\/wp-content\/uploads\/2020\/08\/carte-mayotte.jpg\",\"width\":1032,\"height\":1296,\"caption\":\"L'\u00eele de Mayotte se situe entre Madagascar et l'Afrique. Cr\u00e9dit : Carte du monde\"},{\"@type\":\"WebSite\",\"@id\":\"https:\/\/lyonbondyblog.fr\/LBB\/#website\",\"url\":\"https:\/\/lyonbondyblog.fr\/LBB\/\",\"name\":\"Lyon Bondy Blog\",\"description\":\"\",\"publisher\":{\"@id\":\"https:\/\/lyonbondyblog.fr\/LBB\/#organization\"},\"potentialAction\":[{\"@type\":\"SearchAction\",\"target\":{\"@type\":\"EntryPoint\",\"urlTemplate\":\"https:\/\/lyonbondyblog.fr\/LBB\/?s={search_term_string}\"},\"query-input\":\"required name=search_term_string\"}],\"inLanguage\":\"fr-FR\"},{\"@type\":\"Organization\",\"@id\":\"https:\/\/lyonbondyblog.fr\/LBB\/#organization\",\"name\":\"LYON BONDY BLOG\",\"url\":\"https:\/\/lyonbondyblog.fr\/LBB\/\",\"logo\":{\"@type\":\"ImageObject\",\"inLanguage\":\"fr-FR\",\"@id\":\"https:\/\/lyonbondyblog.fr\/LBB\/#\/schema\/logo\/image\/\",\"url\":\"http:\/\/lyonbondyblog.fr\/LBB\/wp-content\/uploads\/2014\/10\/logo-portable-144.png\",\"contentUrl\":\"http:\/\/lyonbondyblog.fr\/LBB\/wp-content\/uploads\/2014\/10\/logo-portable-144.png\",\"width\":144,\"height\":123,\"caption\":\"LYON BONDY BLOG\"},\"image\":{\"@id\":\"https:\/\/lyonbondyblog.fr\/LBB\/#\/schema\/logo\/image\/\"},\"sameAs\":[\"https:\/\/www.facebook.com\/lyonbondyblog\",\"https:\/\/x.com\/bondybloglyon\"]},{\"@type\":\"Person\",\"@id\":\"https:\/\/lyonbondyblog.fr\/LBB\/#\/schema\/person\/e45f8d27baac75072daa0be50c409b25\",\"name\":\"La r\u00e9daction\",\"description\":\"Cr\u00e9e en 2008, la r\u00e9daction du Lyon Bondy Blog s'applique \u00e0 proposer une information locale diff\u00e9rente et compl\u00e9mentaire des m\u00e9dias traditionnels.\",\"sameAs\":[\"https:\/\/www.facebook.com\/lyonbondyblog\",\"https:\/\/x.com\/BondyBlogLyon\"],\"url\":\"https:\/\/lyonbondyblog.fr\/LBB\/author\/admin\/\"}]}<\/script>\n<!-- \/ Yoast SEO plugin. -->","yoast_head_json":{"title":"COVID-19 \u00e0 Mayotte : Une gestion de la crise remise en cause. - Lyon Bondy Blog","robots":{"index":"index","follow":"follow","max-snippet":"max-snippet:-1","max-image-preview":"max-image-preview:large","max-video-preview":"max-video-preview:-1"},"canonical":"https:\/\/lyonbondyblog.fr\/LBB\/covid-19-a-mayotte-une-gestion-de-la-crise-remise-en-cause\/","og_locale":"fr_FR","og_type":"article","og_title":"COVID-19 \u00e0 Mayotte : Une gestion de la crise remise en cause. - Lyon Bondy Blog","og_description":"Avec 3160 cas et 39 d\u00e9c\u00e8s confirm\u00e9s \u00e0 ce jour, Mayotte et La Guyane sont les deux d\u00e9partements d\u2019outre-mer fortement touch\u00e9s par cette \u00e9pid\u00e9mie de &hellip;","og_url":"https:\/\/lyonbondyblog.fr\/LBB\/covid-19-a-mayotte-une-gestion-de-la-crise-remise-en-cause\/","og_site_name":"Lyon Bondy Blog","article_publisher":"https:\/\/www.facebook.com\/lyonbondyblog","article_author":"https:\/\/www.facebook.com\/lyonbondyblog","article_published_time":"2020-08-18T15:13:28+00:00","article_modified_time":"2020-08-18T15:26:54+00:00","og_image":[{"width":1032,"height":1296,"url":"https:\/\/lyonbondyblog.fr\/LBB\/wp-content\/uploads\/2020\/08\/carte-mayotte.jpg","type":"image\/jpeg"}],"author":"La r\u00e9daction","twitter_card":"summary_large_image","twitter_creator":"@BondyBlogLyon","twitter_site":"@bondybloglyon","schema":{"@context":"https:\/\/schema.org","@graph":[{"@type":"Article","@id":"https:\/\/lyonbondyblog.fr\/LBB\/covid-19-a-mayotte-une-gestion-de-la-crise-remise-en-cause\/#article","isPartOf":{"@id":"https:\/\/lyonbondyblog.fr\/LBB\/covid-19-a-mayotte-une-gestion-de-la-crise-remise-en-cause\/"},"author":{"name":"La r\u00e9daction","@id":"https:\/\/lyonbondyblog.fr\/LBB\/#\/schema\/person\/e45f8d27baac75072daa0be50c409b25"},"headline":"COVID-19 \u00e0 Mayotte : Une gestion de la crise remise en cause.","datePublished":"2020-08-18T15:13:28+00:00","dateModified":"2020-08-18T15:26:54+00:00","mainEntityOfPage":{"@id":"https:\/\/lyonbondyblog.fr\/LBB\/covid-19-a-mayotte-une-gestion-de-la-crise-remise-en-cause\/"},"wordCount":735,"commentCount":0,"publisher":{"@id":"https:\/\/lyonbondyblog.fr\/LBB\/#organization"},"image":{"@id":"https:\/\/lyonbondyblog.fr\/LBB\/covid-19-a-mayotte-une-gestion-de-la-crise-remise-en-cause\/#primaryimage"},"thumbnailUrl":"https:\/\/lyonbondyblog.fr\/LBB\/wp-content\/uploads\/2020\/08\/carte-mayotte.jpg","keywords":["Covid-19","Crise sanitaire","Mayotte","Outre-mer","societe"],"articleSection":["Covid-19","Soci\u00e9t\u00e9"],"inLanguage":"fr-FR","potentialAction":[{"@type":"CommentAction","name":"Comment","target":["https:\/\/lyonbondyblog.fr\/LBB\/covid-19-a-mayotte-une-gestion-de-la-crise-remise-en-cause\/#respond"]}]},{"@type":"WebPage","@id":"https:\/\/lyonbondyblog.fr\/LBB\/covid-19-a-mayotte-une-gestion-de-la-crise-remise-en-cause\/","url":"https:\/\/lyonbondyblog.fr\/LBB\/covid-19-a-mayotte-une-gestion-de-la-crise-remise-en-cause\/","name":"COVID-19 \u00e0 Mayotte : Une gestion de la crise remise en cause. - Lyon Bondy Blog","isPartOf":{"@id":"https:\/\/lyonbondyblog.fr\/LBB\/#website"},"primaryImageOfPage":{"@id":"https:\/\/lyonbondyblog.fr\/LBB\/covid-19-a-mayotte-une-gestion-de-la-crise-remise-en-cause\/#primaryimage"},"image":{"@id":"https:\/\/lyonbondyblog.fr\/LBB\/covid-19-a-mayotte-une-gestion-de-la-crise-remise-en-cause\/#primaryimage"},"thumbnailUrl":"https:\/\/lyonbondyblog.fr\/LBB\/wp-content\/uploads\/2020\/08\/carte-mayotte.jpg","datePublished":"2020-08-18T15:13:28+00:00","dateModified":"2020-08-18T15:26:54+00:00","inLanguage":"fr-FR","potentialAction":[{"@type":"ReadAction","target":["https:\/\/lyonbondyblog.fr\/LBB\/covid-19-a-mayotte-une-gestion-de-la-crise-remise-en-cause\/"]}]},{"@type":"ImageObject","inLanguage":"fr-FR","@id":"https:\/\/lyonbondyblog.fr\/LBB\/covid-19-a-mayotte-une-gestion-de-la-crise-remise-en-cause\/#primaryimage","url":"https:\/\/lyonbondyblog.fr\/LBB\/wp-content\/uploads\/2020\/08\/carte-mayotte.jpg","contentUrl":"https:\/\/lyonbondyblog.fr\/LBB\/wp-content\/uploads\/2020\/08\/carte-mayotte.jpg","width":1032,"height":1296,"caption":"L'\u00eele de Mayotte se situe entre Madagascar et l'Afrique. Cr\u00e9dit : Carte du monde"},{"@type":"WebSite","@id":"https:\/\/lyonbondyblog.fr\/LBB\/#website","url":"https:\/\/lyonbondyblog.fr\/LBB\/","name":"Lyon Bondy Blog","description":"","publisher":{"@id":"https:\/\/lyonbondyblog.fr\/LBB\/#organization"},"potentialAction":[{"@type":"SearchAction","target":{"@type":"EntryPoint","urlTemplate":"https:\/\/lyonbondyblog.fr\/LBB\/?s={search_term_string}"},"query-input":"required name=search_term_string"}],"inLanguage":"fr-FR"},{"@type":"Organization","@id":"https:\/\/lyonbondyblog.fr\/LBB\/#organization","name":"LYON BONDY BLOG","url":"https:\/\/lyonbondyblog.fr\/LBB\/","logo":{"@type":"ImageObject","inLanguage":"fr-FR","@id":"https:\/\/lyonbondyblog.fr\/LBB\/#\/schema\/logo\/image\/","url":"http:\/\/lyonbondyblog.fr\/LBB\/wp-content\/uploads\/2014\/10\/logo-portable-144.png","contentUrl":"http:\/\/lyonbondyblog.fr\/LBB\/wp-content\/uploads\/2014\/10\/logo-portable-144.png","width":144,"height":123,"caption":"LYON BONDY BLOG"},"image":{"@id":"https:\/\/lyonbondyblog.fr\/LBB\/#\/schema\/logo\/image\/"},"sameAs":["https:\/\/www.facebook.com\/lyonbondyblog","https:\/\/x.com\/bondybloglyon"]},{"@type":"Person","@id":"https:\/\/lyonbondyblog.fr\/LBB\/#\/schema\/person\/e45f8d27baac75072daa0be50c409b25","name":"La r\u00e9daction","description":"Cr\u00e9e en 2008, la r\u00e9daction du Lyon Bondy Blog s'applique \u00e0 proposer une information locale diff\u00e9rente et compl\u00e9mentaire des m\u00e9dias traditionnels.","sameAs":["https:\/\/www.facebook.com\/lyonbondyblog","https:\/\/x.com\/BondyBlogLyon"],"url":"https:\/\/lyonbondyblog.fr\/LBB\/author\/admin\/"}]}},"_links":{"self":[{"href":"https:\/\/lyonbondyblog.fr\/LBB\/wp-json\/wp\/v2\/posts\/20779","targetHints":{"allow":["GET"]}}],"collection":[{"href":"https:\/\/lyonbondyblog.fr\/LBB\/wp-json\/wp\/v2\/posts"}],"about":[{"href":"https:\/\/lyonbondyblog.fr\/LBB\/wp-json\/wp\/v2\/types\/post"}],"author":[{"embeddable":true,"href":"https:\/\/lyonbondyblog.fr\/LBB\/wp-json\/wp\/v2\/users\/1"}],"replies":[{"embeddable":true,"href":"https:\/\/lyonbondyblog.fr\/LBB\/wp-json\/wp\/v2\/comments?post=20779"}],"version-history":[{"count":6,"href":"https:\/\/lyonbondyblog.fr\/LBB\/wp-json\/wp\/v2\/posts\/20779\/revisions"}],"predecessor-version":[{"id":20787,"href":"https:\/\/lyonbondyblog.fr\/LBB\/wp-json\/wp\/v2\/posts\/20779\/revisions\/20787"}],"wp:featuredmedia":[{"embeddable":true,"href":"https:\/\/lyonbondyblog.fr\/LBB\/wp-json\/wp\/v2\/media\/20780"}],"wp:attachment":[{"href":"https:\/\/lyonbondyblog.fr\/LBB\/wp-json\/wp\/v2\/media?parent=20779"}],"wp:term":[{"taxonomy":"category","embeddable":true,"href":"https:\/\/lyonbondyblog.fr\/LBB\/wp-json\/wp\/v2\/categories?post=20779"},{"taxonomy":"post_tag","embeddable":true,"href":"https:\/\/lyonbondyblog.fr\/LBB\/wp-json\/wp\/v2\/tags?post=20779"}],"curies":[{"name":"wp","href":"https:\/\/api.w.org\/{rel}","templated":true}]}}