{"id":20737,"date":"2020-08-12T16:59:51","date_gmt":"2020-08-12T14:59:51","guid":{"rendered":"http:\/\/lyonbondyblog.fr\/LBB\/?p=20737"},"modified":"2020-08-12T18:35:36","modified_gmt":"2020-08-12T16:35:36","slug":"woodstower-annule-vive-woods-en-air","status":"publish","type":"post","link":"https:\/\/lyonbondyblog.fr\/LBB\/woodstower-annule-vive-woods-en-air\/","title":{"rendered":"Woodstower annul\u00e9, vive Woods en air"},"content":{"rendered":"<p><strong><span style=\"font-size: 10pt\">Comme <a href=\"https:\/\/www.leprogres.fr\/edition-est-lyonnais\/2020\/05\/17\/le-festival-woodstower-2020-est-annule\">beaucoup d\u2019\u00e9v\u00e8nements culturels de la r\u00e9gion<\/a> le festival Woodstower, qui f\u00eate cette ann\u00e9e ses 23 ans, est annul\u00e9. Mais les organisateurs proposent un open air au Grand Parc de Miribel.<\/span><\/strong><\/p>\n<p>Ce festival aurait d\u00fb cl\u00f4turer la saison d&rsquo;\u00e9t\u00e9, et faire la transition avec le mois d&rsquo;automne. Un dernier rendez-vous avant une autre saison de festival estivale. Mais le COVID en a d\u00e9cid\u00e9 autrement. Pour pallier ce manque de musique et de bonne ambiance, l&rsquo;association a d\u00fb\u00a0s&rsquo;adapter.<em> \u00ab\u00a0On suit les recommandations d gouvernement\u00a0: gels hydro alcooliques sur les bars, on va aussi d\u00e9limiter les espaces de danse et les masques obligatoire sur les pistes de danse, puisque la distanciation sociale est compliqu\u00e9e\u00a0\u00bb<\/em> pr\u00e9cise Maxime Noly, directeur et programmateur du festival. L\u2019histoire de ce festival est pourtant belle\u00a0: tout commence \u00e0 la fin des ann\u00e9es 1990, quand une simple f\u00eate d\u2019anniversaire donn\u00e9e \u00e0 la Tour de Salvagny se transforme en succ\u00e8s.<em> \u00abOn a demand\u00e9 aux \u00e9lus locaux de l\u2019\u00e9poque si on pouvait renouveler l\u2019exp\u00e9rience. Et en 1997, la 1<sup>\u00e8re<\/sup>\u00e9dition est lanc\u00e9e \u00e0 la Tour de Salvagny jusqu\u2019en 2005, ann\u00e9e de notre \u2018\u2019d\u00e9m\u00e9nagement\u2019\u2019 au Grand Parc de Miribel\u00a0\u00bb<\/em> se souvient-il. Malgr\u00e9 le contexte sanitaire exceptionnel, la m\u00e9tropole de Lyon a autoris\u00e9 cet open air. <em>\u00ab\u00a0En fait, c\u2019est un appel \u00e0 projet de la M\u00e9tropole pour avoir un peu de culture. On est aussi aid\u00e9 financi\u00e8rement par la municipalit\u00e9 de Vaulx-en-Velin (le grand-parc de Miribel rattach\u00e9 au<a href=\"https:\/\/www.grand-parc.fr\/qui-sommes-nous\/symalim\/comite-syndical\"> Symalim<\/a>, le syndicat mixte pour l\u2019am\u00e9nagement et la gestion du Grand Parc de Miribel-Jonage, dont fait partie \u00a0Vaulx-en-Velin, NDLR)\u00a0\u00bb <\/em>pr\u00e9cise l&rsquo;organisateur<em>.\u00a0<\/em>L\u2019ann\u00e9e derni\u00e8re les t\u00eates d\u2019affiche \u00e9taient Nekfeu, Synapson ou encore Etienne de Cr\u00e9cy. <em>\u00ab\u00a0Pour 2020, on avait contact\u00e9 Rom\u00e9o Elvis, PLK ou encore Dinos, mais vu les circonstances, on a adapt\u00e9 notre <a href=\"https:\/\/woodstower.com\/fr\/festival\/programmation\/\">programmation<\/a>. Sur les 3 sc\u00e8nes, les festivaliers pourront d\u00e9couvrir des artistes comme Ganache, qui fait de la n\u00e9o-soul, qui vient du label \u2018\u2019Ninkasi musik label\u2019\u2019, J\u00e4de, qui a fait The Voice il y a quelques ann\u00e9es et qui fait de la pop urbaine ou encore Supergombo qui fait de l\u2019afro-funk. Pour les animations, on propose \u2018\u2019Les Quatre Saisons\u2019\u2019 qui font du th\u00e9\u00e2tre burlesque et le \u2018\u2019Cirk Biz\u2019art\u2019\u2019 qui est une troupe de cirque. Tous ces artistes-l\u00e0 sont lyonnais\u00a0\u00bb<\/em> souligne Maxime Noly. Le record de fr\u00e9quentation \u00e0 battre est celui de l\u2019ann\u00e9e 2019, <em>\u00ab\u00a0o\u00f9 l\u2019on avait eu 35 000 personnes. On n\u2019a pas pour objectif d\u2019\u00eatre une \u2018\u2019machine \u00e0 fric\u2019\u2019, nous on veut faire entre 10 000 et 20 000 personnes. Si on a ces chiffres-l\u00e0 cette ann\u00e9e, c\u2019est bien\u00a0\u00bb<\/em> conclut-il.<\/p>\n<p>&nbsp;<\/p>\n<p>Woods en air\u00a0: le samedi 29 ao\u00fbt de 12h \u00e0 20h30 au Grand \u2013Parc de Miribel-Jonage.<\/p>\n<!-- AddThis Advanced Settings generic via filter on the_content --><!-- AddThis Share Buttons generic via filter on the_content -->","protected":false},"excerpt":{"rendered":"<p>Comme beaucoup d\u2019\u00e9v\u00e8nements culturels de la r\u00e9gion le festival Woodstower, qui f\u00eate cette ann\u00e9e ses 23 ans, est annul\u00e9. Mais les organisateurs proposent un open &hellip; <!-- AddThis Advanced Settings generic via filter on wp_trim_excerpt --><!-- AddThis Share Buttons generic via filter on wp_trim_excerpt --><\/p>\n","protected":false},"author":25640,"featured_media":20738,"comment_status":"open","ping_status":"open","sticky":false,"template":"","format":"standard","meta":{"_FSMCFIC_featured_image_caption":"","_FSMCFIC_featured_image_nocaption":"","_FSMCFIC_featured_image_hide":"","footnotes":""},"categories":[3,3792],"tags":[1952,264,1276,22473,22472],"class_list":["post-20737","post","type-post","status-publish","format-standard","has-post-thumbnail","hentry","category-culture","category-festival","tag-culture","tag-festival","tag-grand-parc-de-miribel-jonage","tag-open-air","tag-woodstower"],"yoast_head":"<!-- This site is optimized with the Yoast SEO plugin v22.8 - https:\/\/yoast.com\/wordpress\/plugins\/seo\/ -->\n<title>Woodstower annul\u00e9, vive Woods en air - Lyon Bondy Blog<\/title>\n<meta name=\"robots\" content=\"index, follow, max-snippet:-1, max-image-preview:large, max-video-preview:-1\" \/>\n<link rel=\"canonical\" href=\"https:\/\/lyonbondyblog.fr\/LBB\/woodstower-annule-vive-woods-en-air\/\" \/>\n<meta property=\"og:locale\" content=\"fr_FR\" \/>\n<meta property=\"og:type\" content=\"article\" \/>\n<meta property=\"og:title\" content=\"Woodstower annul\u00e9, vive Woods en air - Lyon Bondy Blog\" \/>\n<meta property=\"og:description\" content=\"Comme beaucoup d\u2019\u00e9v\u00e8nements culturels de la r\u00e9gion le festival Woodstower, qui f\u00eate cette ann\u00e9e ses 23 ans, est annul\u00e9. Mais les organisateurs proposent un open &hellip;\" \/>\n<meta property=\"og:url\" content=\"https:\/\/lyonbondyblog.fr\/LBB\/woodstower-annule-vive-woods-en-air\/\" \/>\n<meta property=\"og:site_name\" content=\"Lyon Bondy Blog\" \/>\n<meta property=\"article:publisher\" content=\"https:\/\/www.facebook.com\/lyonbondyblog\" \/>\n<meta property=\"article:published_time\" content=\"2020-08-12T14:59:51+00:00\" \/>\n<meta property=\"article:modified_time\" content=\"2020-08-12T16:35:36+00:00\" \/>\n<meta property=\"og:image\" content=\"https:\/\/lyonbondyblog.fr\/LBB\/wp-content\/uploads\/2020\/08\/photo-article-woodstower.jpeg\" \/>\n\t<meta property=\"og:image:width\" content=\"2048\" \/>\n\t<meta property=\"og:image:height\" content=\"1152\" \/>\n\t<meta property=\"og:image:type\" content=\"image\/jpeg\" \/>\n<meta name=\"author\" content=\"Marie De Monterno\" \/>\n<meta name=\"twitter:card\" content=\"summary_large_image\" \/>\n<meta name=\"twitter:creator\" content=\"@bondybloglyon\" \/>\n<meta name=\"twitter:site\" content=\"@bondybloglyon\" \/>\n<script type=\"application\/ld+json\" class=\"yoast-schema-graph\">{\"@context\":\"https:\/\/schema.org\",\"@graph\":[{\"@type\":\"Article\",\"@id\":\"https:\/\/lyonbondyblog.fr\/LBB\/woodstower-annule-vive-woods-en-air\/#article\",\"isPartOf\":{\"@id\":\"https:\/\/lyonbondyblog.fr\/LBB\/woodstower-annule-vive-woods-en-air\/\"},\"author\":{\"name\":\"Marie De Monterno\",\"@id\":\"https:\/\/lyonbondyblog.fr\/LBB\/#\/schema\/person\/37a8ef221a0428ac233a04c429b49856\"},\"headline\":\"Woodstower annul\u00e9, vive Woods en air\",\"datePublished\":\"2020-08-12T14:59:51+00:00\",\"dateModified\":\"2020-08-12T16:35:36+00:00\",\"mainEntityOfPage\":{\"@id\":\"https:\/\/lyonbondyblog.fr\/LBB\/woodstower-annule-vive-woods-en-air\/\"},\"wordCount\":477,\"commentCount\":0,\"publisher\":{\"@id\":\"https:\/\/lyonbondyblog.fr\/LBB\/#organization\"},\"image\":{\"@id\":\"https:\/\/lyonbondyblog.fr\/LBB\/woodstower-annule-vive-woods-en-air\/#primaryimage\"},\"thumbnailUrl\":\"https:\/\/lyonbondyblog.fr\/LBB\/wp-content\/uploads\/2020\/08\/photo-article-woodstower.jpeg\",\"keywords\":[\"Culture\",\"festival\",\"Grand parc de Miribel-Jonage\",\"open air\",\"woodstower\"],\"articleSection\":[\"Culture\",\"Festival\"],\"inLanguage\":\"fr-FR\",\"potentialAction\":[{\"@type\":\"CommentAction\",\"name\":\"Comment\",\"target\":[\"https:\/\/lyonbondyblog.fr\/LBB\/woodstower-annule-vive-woods-en-air\/#respond\"]}]},{\"@type\":\"WebPage\",\"@id\":\"https:\/\/lyonbondyblog.fr\/LBB\/woodstower-annule-vive-woods-en-air\/\",\"url\":\"https:\/\/lyonbondyblog.fr\/LBB\/woodstower-annule-vive-woods-en-air\/\",\"name\":\"Woodstower annul\u00e9, vive Woods en air - Lyon Bondy Blog\",\"isPartOf\":{\"@id\":\"https:\/\/lyonbondyblog.fr\/LBB\/#website\"},\"primaryImageOfPage\":{\"@id\":\"https:\/\/lyonbondyblog.fr\/LBB\/woodstower-annule-vive-woods-en-air\/#primaryimage\"},\"image\":{\"@id\":\"https:\/\/lyonbondyblog.fr\/LBB\/woodstower-annule-vive-woods-en-air\/#primaryimage\"},\"thumbnailUrl\":\"https:\/\/lyonbondyblog.fr\/LBB\/wp-content\/uploads\/2020\/08\/photo-article-woodstower.jpeg\",\"datePublished\":\"2020-08-12T14:59:51+00:00\",\"dateModified\":\"2020-08-12T16:35:36+00:00\",\"inLanguage\":\"fr-FR\",\"potentialAction\":[{\"@type\":\"ReadAction\",\"target\":[\"https:\/\/lyonbondyblog.fr\/LBB\/woodstower-annule-vive-woods-en-air\/\"]}]},{\"@type\":\"ImageObject\",\"inLanguage\":\"fr-FR\",\"@id\":\"https:\/\/lyonbondyblog.fr\/LBB\/woodstower-annule-vive-woods-en-air\/#primaryimage\",\"url\":\"https:\/\/lyonbondyblog.fr\/LBB\/wp-content\/uploads\/2020\/08\/photo-article-woodstower.jpeg\",\"contentUrl\":\"https:\/\/lyonbondyblog.fr\/LBB\/wp-content\/uploads\/2020\/08\/photo-article-woodstower.jpeg\",\"width\":2048,\"height\":1152,\"caption\":\"Affiche du \u2018\u2019woods en air\u2019\u2019 2020, open air de Woodstower : cr\u00e9dit : association woodstower\"},{\"@type\":\"WebSite\",\"@id\":\"https:\/\/lyonbondyblog.fr\/LBB\/#website\",\"url\":\"https:\/\/lyonbondyblog.fr\/LBB\/\",\"name\":\"Lyon Bondy Blog\",\"description\":\"\",\"publisher\":{\"@id\":\"https:\/\/lyonbondyblog.fr\/LBB\/#organization\"},\"potentialAction\":[{\"@type\":\"SearchAction\",\"target\":{\"@type\":\"EntryPoint\",\"urlTemplate\":\"https:\/\/lyonbondyblog.fr\/LBB\/?s={search_term_string}\"},\"query-input\":\"required name=search_term_string\"}],\"inLanguage\":\"fr-FR\"},{\"@type\":\"Organization\",\"@id\":\"https:\/\/lyonbondyblog.fr\/LBB\/#organization\",\"name\":\"LYON BONDY BLOG\",\"url\":\"https:\/\/lyonbondyblog.fr\/LBB\/\",\"logo\":{\"@type\":\"ImageObject\",\"inLanguage\":\"fr-FR\",\"@id\":\"https:\/\/lyonbondyblog.fr\/LBB\/#\/schema\/logo\/image\/\",\"url\":\"http:\/\/lyonbondyblog.fr\/LBB\/wp-content\/uploads\/2014\/10\/logo-portable-144.png\",\"contentUrl\":\"http:\/\/lyonbondyblog.fr\/LBB\/wp-content\/uploads\/2014\/10\/logo-portable-144.png\",\"width\":144,\"height\":123,\"caption\":\"LYON BONDY BLOG\"},\"image\":{\"@id\":\"https:\/\/lyonbondyblog.fr\/LBB\/#\/schema\/logo\/image\/\"},\"sameAs\":[\"https:\/\/www.facebook.com\/lyonbondyblog\",\"https:\/\/x.com\/bondybloglyon\"]},{\"@type\":\"Person\",\"@id\":\"https:\/\/lyonbondyblog.fr\/LBB\/#\/schema\/person\/37a8ef221a0428ac233a04c429b49856\",\"name\":\"Marie De Monterno\",\"url\":\"https:\/\/lyonbondyblog.fr\/LBB\/author\/mariedemonterno\/\"}]}<\/script>\n<!-- \/ Yoast SEO plugin. -->","yoast_head_json":{"title":"Woodstower annul\u00e9, vive Woods en air - Lyon Bondy Blog","robots":{"index":"index","follow":"follow","max-snippet":"max-snippet:-1","max-image-preview":"max-image-preview:large","max-video-preview":"max-video-preview:-1"},"canonical":"https:\/\/lyonbondyblog.fr\/LBB\/woodstower-annule-vive-woods-en-air\/","og_locale":"fr_FR","og_type":"article","og_title":"Woodstower annul\u00e9, vive Woods en air - Lyon Bondy Blog","og_description":"Comme beaucoup d\u2019\u00e9v\u00e8nements culturels de la r\u00e9gion le festival Woodstower, qui f\u00eate cette ann\u00e9e ses 23 ans, est annul\u00e9. Mais les organisateurs proposent un open &hellip;","og_url":"https:\/\/lyonbondyblog.fr\/LBB\/woodstower-annule-vive-woods-en-air\/","og_site_name":"Lyon Bondy Blog","article_publisher":"https:\/\/www.facebook.com\/lyonbondyblog","article_published_time":"2020-08-12T14:59:51+00:00","article_modified_time":"2020-08-12T16:35:36+00:00","og_image":[{"width":2048,"height":1152,"url":"https:\/\/lyonbondyblog.fr\/LBB\/wp-content\/uploads\/2020\/08\/photo-article-woodstower.jpeg","type":"image\/jpeg"}],"author":"Marie De Monterno","twitter_card":"summary_large_image","twitter_creator":"@bondybloglyon","twitter_site":"@bondybloglyon","schema":{"@context":"https:\/\/schema.org","@graph":[{"@type":"Article","@id":"https:\/\/lyonbondyblog.fr\/LBB\/woodstower-annule-vive-woods-en-air\/#article","isPartOf":{"@id":"https:\/\/lyonbondyblog.fr\/LBB\/woodstower-annule-vive-woods-en-air\/"},"author":{"name":"Marie De Monterno","@id":"https:\/\/lyonbondyblog.fr\/LBB\/#\/schema\/person\/37a8ef221a0428ac233a04c429b49856"},"headline":"Woodstower annul\u00e9, vive Woods en air","datePublished":"2020-08-12T14:59:51+00:00","dateModified":"2020-08-12T16:35:36+00:00","mainEntityOfPage":{"@id":"https:\/\/lyonbondyblog.fr\/LBB\/woodstower-annule-vive-woods-en-air\/"},"wordCount":477,"commentCount":0,"publisher":{"@id":"https:\/\/lyonbondyblog.fr\/LBB\/#organization"},"image":{"@id":"https:\/\/lyonbondyblog.fr\/LBB\/woodstower-annule-vive-woods-en-air\/#primaryimage"},"thumbnailUrl":"https:\/\/lyonbondyblog.fr\/LBB\/wp-content\/uploads\/2020\/08\/photo-article-woodstower.jpeg","keywords":["Culture","festival","Grand parc de Miribel-Jonage","open air","woodstower"],"articleSection":["Culture","Festival"],"inLanguage":"fr-FR","potentialAction":[{"@type":"CommentAction","name":"Comment","target":["https:\/\/lyonbondyblog.fr\/LBB\/woodstower-annule-vive-woods-en-air\/#respond"]}]},{"@type":"WebPage","@id":"https:\/\/lyonbondyblog.fr\/LBB\/woodstower-annule-vive-woods-en-air\/","url":"https:\/\/lyonbondyblog.fr\/LBB\/woodstower-annule-vive-woods-en-air\/","name":"Woodstower annul\u00e9, vive Woods en air - Lyon Bondy Blog","isPartOf":{"@id":"https:\/\/lyonbondyblog.fr\/LBB\/#website"},"primaryImageOfPage":{"@id":"https:\/\/lyonbondyblog.fr\/LBB\/woodstower-annule-vive-woods-en-air\/#primaryimage"},"image":{"@id":"https:\/\/lyonbondyblog.fr\/LBB\/woodstower-annule-vive-woods-en-air\/#primaryimage"},"thumbnailUrl":"https:\/\/lyonbondyblog.fr\/LBB\/wp-content\/uploads\/2020\/08\/photo-article-woodstower.jpeg","datePublished":"2020-08-12T14:59:51+00:00","dateModified":"2020-08-12T16:35:36+00:00","inLanguage":"fr-FR","potentialAction":[{"@type":"ReadAction","target":["https:\/\/lyonbondyblog.fr\/LBB\/woodstower-annule-vive-woods-en-air\/"]}]},{"@type":"ImageObject","inLanguage":"fr-FR","@id":"https:\/\/lyonbondyblog.fr\/LBB\/woodstower-annule-vive-woods-en-air\/#primaryimage","url":"https:\/\/lyonbondyblog.fr\/LBB\/wp-content\/uploads\/2020\/08\/photo-article-woodstower.jpeg","contentUrl":"https:\/\/lyonbondyblog.fr\/LBB\/wp-content\/uploads\/2020\/08\/photo-article-woodstower.jpeg","width":2048,"height":1152,"caption":"Affiche du \u2018\u2019woods en air\u2019\u2019 2020, open air de Woodstower : cr\u00e9dit : association woodstower"},{"@type":"WebSite","@id":"https:\/\/lyonbondyblog.fr\/LBB\/#website","url":"https:\/\/lyonbondyblog.fr\/LBB\/","name":"Lyon Bondy Blog","description":"","publisher":{"@id":"https:\/\/lyonbondyblog.fr\/LBB\/#organization"},"potentialAction":[{"@type":"SearchAction","target":{"@type":"EntryPoint","urlTemplate":"https:\/\/lyonbondyblog.fr\/LBB\/?s={search_term_string}"},"query-input":"required name=search_term_string"}],"inLanguage":"fr-FR"},{"@type":"Organization","@id":"https:\/\/lyonbondyblog.fr\/LBB\/#organization","name":"LYON BONDY BLOG","url":"https:\/\/lyonbondyblog.fr\/LBB\/","logo":{"@type":"ImageObject","inLanguage":"fr-FR","@id":"https:\/\/lyonbondyblog.fr\/LBB\/#\/schema\/logo\/image\/","url":"http:\/\/lyonbondyblog.fr\/LBB\/wp-content\/uploads\/2014\/10\/logo-portable-144.png","contentUrl":"http:\/\/lyonbondyblog.fr\/LBB\/wp-content\/uploads\/2014\/10\/logo-portable-144.png","width":144,"height":123,"caption":"LYON BONDY BLOG"},"image":{"@id":"https:\/\/lyonbondyblog.fr\/LBB\/#\/schema\/logo\/image\/"},"sameAs":["https:\/\/www.facebook.com\/lyonbondyblog","https:\/\/x.com\/bondybloglyon"]},{"@type":"Person","@id":"https:\/\/lyonbondyblog.fr\/LBB\/#\/schema\/person\/37a8ef221a0428ac233a04c429b49856","name":"Marie De Monterno","url":"https:\/\/lyonbondyblog.fr\/LBB\/author\/mariedemonterno\/"}]}},"_links":{"self":[{"href":"https:\/\/lyonbondyblog.fr\/LBB\/wp-json\/wp\/v2\/posts\/20737","targetHints":{"allow":["GET"]}}],"collection":[{"href":"https:\/\/lyonbondyblog.fr\/LBB\/wp-json\/wp\/v2\/posts"}],"about":[{"href":"https:\/\/lyonbondyblog.fr\/LBB\/wp-json\/wp\/v2\/types\/post"}],"author":[{"embeddable":true,"href":"https:\/\/lyonbondyblog.fr\/LBB\/wp-json\/wp\/v2\/users\/25640"}],"replies":[{"embeddable":true,"href":"https:\/\/lyonbondyblog.fr\/LBB\/wp-json\/wp\/v2\/comments?post=20737"}],"version-history":[{"count":3,"href":"https:\/\/lyonbondyblog.fr\/LBB\/wp-json\/wp\/v2\/posts\/20737\/revisions"}],"predecessor-version":[{"id":20742,"href":"https:\/\/lyonbondyblog.fr\/LBB\/wp-json\/wp\/v2\/posts\/20737\/revisions\/20742"}],"wp:featuredmedia":[{"embeddable":true,"href":"https:\/\/lyonbondyblog.fr\/LBB\/wp-json\/wp\/v2\/media\/20738"}],"wp:attachment":[{"href":"https:\/\/lyonbondyblog.fr\/LBB\/wp-json\/wp\/v2\/media?parent=20737"}],"wp:term":[{"taxonomy":"category","embeddable":true,"href":"https:\/\/lyonbondyblog.fr\/LBB\/wp-json\/wp\/v2\/categories?post=20737"},{"taxonomy":"post_tag","embeddable":true,"href":"https:\/\/lyonbondyblog.fr\/LBB\/wp-json\/wp\/v2\/tags?post=20737"}],"curies":[{"name":"wp","href":"https:\/\/api.w.org\/{rel}","templated":true}]}}