{"id":20662,"date":"2020-07-31T16:51:38","date_gmt":"2020-07-31T14:51:38","guid":{"rendered":"http:\/\/lyonbondyblog.fr\/LBB\/?p=20662"},"modified":"2020-08-06T11:42:00","modified_gmt":"2020-08-06T09:42:00","slug":"exposition-au-fort-saint-laurent-le-tarot-par-florina-aldo-perez","status":"publish","type":"post","link":"https:\/\/lyonbondyblog.fr\/LBB\/exposition-au-fort-saint-laurent-le-tarot-par-florina-aldo-perez\/","title":{"rendered":"Exposition au fort Saint Laurent : Le tarot par Florina Aldo Perez"},"content":{"rendered":"<p style=\"text-align: justify\"><strong><span style=\"font-family: arial, helvetica, sans-serif\">Pour la troisi\u00e8me fois en autant de mois, \u00ab\u00a0<a href=\"https:\/\/superposition-lyon.com\/\">Superposition<\/a>\u00a0\u00bb accueille un nouvel artiste dans son fort. Apr\u00e8s les succ\u00e8s de <a href=\"https:\/\/lyonbondyblog.fr\/LBB\/vernissage-au-fort-superposition-une-premiere-reussie-pour-spirale-art\/\">Spirale Art<\/a> et Bambi, c&rsquo;est au tour de <a href=\"https:\/\/lyonbondyblog.fr\/LBB\/exposition-au-fort-saint-laurent-les-confessions-de-florina-aldo-perez\/\">Florina Aledo \u00a0Perez<\/a> d&rsquo;\u00eatre \u00e0 l&rsquo;affiche. Originaire de Roumanie, l&rsquo;artiste a d\u00e9cid\u00e9 d&rsquo;orienter son exposition sur le th\u00e8me du tarot marseillais et plus principalement\u00a0<\/span><\/strong><strong><span style=\"font-family: arial, helvetica, sans-serif\">sur ses arcades. Zoom sur cette exposition qui va se d\u00e9rouler durant tout le mois.<\/span><\/strong><\/p>\n<p style=\"text-align: justify\"><span style=\"font-family: arial, helvetica, sans-serif;font-size: 12pt\">Habitu\u00e9e aux expositions et aux solo-shows, Florina Aldo Perez a cette fois-ci, d\u00e9cid\u00e9 de collaborer pour la premi\u00e8re fois avec Superposition. Pour la r\u00e9alisation de ce projet, elle a choisi le th\u00e8me du tarot. \u00ab\u00a0Ce n&rsquo;est pas un simple jeu. Il a un double sens o\u00f9 il r\u00e9pond aux questions de la vie.\u00a0\u00bb comme l&rsquo;explique l&rsquo;artiste. \u00c0 travers ce sujet, Florina s&rsquo;est emapar\u00e9e des questions sur le th\u00e8me de la vie et la qu\u00eate de la r\u00e9ussite. L&rsquo;artiste s&rsquo;est beaucoup inspir\u00e9e de l&rsquo;univers de la peintre mexicaine Frida Kahlo pour r\u00e9aliser ces peintures.<\/span><\/p>\n<p style=\"text-align: justify\" align=\"LEFT\"><span style=\"font-family: arial, helvetica, sans-serif;font-size: 12pt\">\u00c0 travers son exposition \u00ab\u00a0Beyond the card\u00a0\u00bb, l&rsquo;artiste cherche \u00e0 faire ressortir au maximum les \u00e9motions de ses admirateurs venus la voir. Une vision pouss\u00e9e \u00e0 son paroxysme puisque l&rsquo;artiste a entrepris l&rsquo;id\u00e9e de r\u00e9v\u00e9ler l&rsquo;avenir des visiteurs \u00e0 travers les cartes. De ce fait, elle se veut \u00eatre la relations entre les cartes et l&rsquo;Homme.\u00a0<\/span><\/p>\n<p style=\"text-align: justify\" align=\"LEFT\"><span style=\"font-family: arial, helvetica, sans-serif;font-size: 12pt\">C\u00f4t\u00e9 repr\u00e9sentation, la pyramide blanche est toujours pr\u00e9sente. Les visiteurs pourront ainsi s&rsquo;improviser artiste le temps d&rsquo;un instant d&rsquo;un instant. Une friperie sera ouverte pour les visiteurs souhaitant repartir avec un souvenir.\u00a0 De m\u00eame pour le caf\u00e9-terrasse qui permet de se d\u00e9salt\u00e9rer une fois l&rsquo;exposition termin\u00e9e. Un \u00ab\u00a0live-painting\u00a0\u00bb est \u00e9galement pr\u00e9vu samedi 1 ao\u00fbt \u00e0 partir de 14 heures et s&rsquo;arr\u00eatera un peu avant 22 heures. L&rsquo;artiste a d\u00e9cid\u00e9 de peindre sur un mur temporaire. Ce projet se r\u00e9alisera tous les jours sur les deux premi\u00e8res semaines du mois d&rsquo;ao\u00fbt.<\/span><\/p>\n<figure id=\"attachment_20668\" aria-describedby=\"caption-attachment-20668\" style=\"width: 614px\" class=\"wp-caption aligncenter\"><img loading=\"lazy\" decoding=\"async\" class=\"wp-image-20668 \" src=\"https:\/\/lyonbondyblog.fr\/LBB\/wp-content\/uploads\/2020\/07\/image00019-1200x900.jpeg\" alt=\"\" width=\"614\" height=\"460\" srcset=\"https:\/\/lyonbondyblog.fr\/LBB\/wp-content\/uploads\/2020\/07\/image00019-1200x900.jpeg 1200w, https:\/\/lyonbondyblog.fr\/LBB\/wp-content\/uploads\/2020\/07\/image00019-768x576.jpeg 768w, https:\/\/lyonbondyblog.fr\/LBB\/wp-content\/uploads\/2020\/07\/image00019-1920x1440.jpeg 1920w, https:\/\/lyonbondyblog.fr\/LBB\/wp-content\/uploads\/2020\/07\/image00019-600x450.jpeg 600w\" sizes=\"auto, (max-width: 614px) 100vw, 614px\" \/><figcaption id=\"caption-attachment-20668\" class=\"wp-caption-text\"><em>Mur sur lequel l&rsquo;artiste va r\u00e9aliser son live painting<\/em><\/figcaption><\/figure>\n<p style=\"text-align: justify\" align=\"LEFT\"><span style=\"font-family: arial, helvetica, sans-serif;font-size: 12pt\">Pour cette premi\u00e8re repr\u00e9sentation, le fort a accueilli 410 personnes et esp\u00e8re en attirer davantage durant cette p\u00e9riode d&rsquo;exposition qui se cl\u00f4turera le 29 ao\u00fbt.<\/span><\/p>\n<p style=\"text-align: justify\" align=\"LEFT\"><span style=\"font-family: arial, helvetica, sans-serif;font-size: 12pt\">Le contexte sanitaire n&rsquo;ayant pas chang\u00e9 durant cette p\u00e9riode scolaire, le fort dispose d&rsquo;une capacit\u00e9 d\u2019accueil de 200 personnes maximum. L&rsquo;exposition ne devra \u00e9galement pas d\u00e9passer les 10 personnes dans les lieux clos. Le port du masque reste lui aussi obligatoire pour une meilleure garantie de la s\u00e9curit\u00e9 de toutes et tous.<\/span><\/p>\n<!-- AddThis Advanced Settings generic via filter on the_content --><!-- AddThis Share Buttons generic via filter on the_content -->","protected":false},"excerpt":{"rendered":"<p>Pour la troisi\u00e8me fois en autant de mois, \u00ab\u00a0Superposition\u00a0\u00bb accueille un nouvel artiste dans son fort. Apr\u00e8s les succ\u00e8s de Spirale Art et Bambi, c&rsquo;est &hellip; <!-- AddThis Advanced Settings generic via filter on wp_trim_excerpt --><!-- AddThis Share Buttons generic via filter on wp_trim_excerpt --><\/p>\n","protected":false},"author":25372,"featured_media":20667,"comment_status":"open","ping_status":"open","sticky":false,"template":"","format":"standard","meta":{"_FSMCFIC_featured_image_caption":"","_FSMCFIC_featured_image_nocaption":"","_FSMCFIC_featured_image_hide":"","footnotes":""},"categories":[11249,3,14151,11250],"tags":[1016,22444,22439,2668,22443],"class_list":["post-20662","post","type-post","status-publish","format-standard","has-post-thumbnail","hentry","category-art","category-culture","category-planning-familial","category-street-art","tag-art","tag-beyond-the-card","tag-florina-aldo-perez","tag-superposition","tag-tarot"],"yoast_head":"<!-- This site is optimized with the Yoast SEO plugin v22.8 - https:\/\/yoast.com\/wordpress\/plugins\/seo\/ -->\n<title>Exposition au fort Saint Laurent : Le tarot par Florina Aldo Perez - Lyon Bondy Blog<\/title>\n<meta name=\"robots\" content=\"index, follow, max-snippet:-1, max-image-preview:large, max-video-preview:-1\" \/>\n<link rel=\"canonical\" href=\"https:\/\/lyonbondyblog.fr\/LBB\/exposition-au-fort-saint-laurent-le-tarot-par-florina-aldo-perez\/\" \/>\n<meta property=\"og:locale\" content=\"fr_FR\" \/>\n<meta property=\"og:type\" content=\"article\" \/>\n<meta property=\"og:title\" content=\"Exposition au fort Saint Laurent : Le tarot par Florina Aldo Perez - Lyon Bondy Blog\" \/>\n<meta property=\"og:description\" content=\"Pour la troisi\u00e8me fois en autant de mois, \u00ab\u00a0Superposition\u00a0\u00bb accueille un nouvel artiste dans son fort. Apr\u00e8s les succ\u00e8s de Spirale Art et Bambi, c&rsquo;est &hellip;\" \/>\n<meta property=\"og:url\" content=\"https:\/\/lyonbondyblog.fr\/LBB\/exposition-au-fort-saint-laurent-le-tarot-par-florina-aldo-perez\/\" \/>\n<meta property=\"og:site_name\" content=\"Lyon Bondy Blog\" \/>\n<meta property=\"article:publisher\" content=\"https:\/\/www.facebook.com\/lyonbondyblog\" \/>\n<meta property=\"article:published_time\" content=\"2020-07-31T14:51:38+00:00\" \/>\n<meta property=\"article:modified_time\" content=\"2020-08-06T09:42:00+00:00\" \/>\n<meta property=\"og:image\" content=\"https:\/\/lyonbondyblog.fr\/LBB\/wp-content\/uploads\/2020\/07\/image00007-1920x1440.jpeg\" \/>\n\t<meta property=\"og:image:width\" content=\"1920\" \/>\n\t<meta property=\"og:image:height\" content=\"1440\" \/>\n\t<meta property=\"og:image:type\" content=\"image\/jpeg\" \/>\n<meta name=\"author\" content=\"Thibaut Eperdussin\" \/>\n<meta name=\"twitter:card\" content=\"summary_large_image\" \/>\n<meta name=\"twitter:creator\" content=\"@bondybloglyon\" \/>\n<meta name=\"twitter:site\" content=\"@bondybloglyon\" \/>\n<script type=\"application\/ld+json\" class=\"yoast-schema-graph\">{\"@context\":\"https:\/\/schema.org\",\"@graph\":[{\"@type\":\"Article\",\"@id\":\"https:\/\/lyonbondyblog.fr\/LBB\/exposition-au-fort-saint-laurent-le-tarot-par-florina-aldo-perez\/#article\",\"isPartOf\":{\"@id\":\"https:\/\/lyonbondyblog.fr\/LBB\/exposition-au-fort-saint-laurent-le-tarot-par-florina-aldo-perez\/\"},\"author\":{\"name\":\"Thibaut Eperdussin\",\"@id\":\"https:\/\/lyonbondyblog.fr\/LBB\/#\/schema\/person\/c1df4942a547fc95610fb9930d1ac361\"},\"headline\":\"Exposition au fort Saint Laurent : Le tarot par Florina Aldo Perez\",\"datePublished\":\"2020-07-31T14:51:38+00:00\",\"dateModified\":\"2020-08-06T09:42:00+00:00\",\"mainEntityOfPage\":{\"@id\":\"https:\/\/lyonbondyblog.fr\/LBB\/exposition-au-fort-saint-laurent-le-tarot-par-florina-aldo-perez\/\"},\"wordCount\":445,\"commentCount\":0,\"publisher\":{\"@id\":\"https:\/\/lyonbondyblog.fr\/LBB\/#organization\"},\"image\":{\"@id\":\"https:\/\/lyonbondyblog.fr\/LBB\/exposition-au-fort-saint-laurent-le-tarot-par-florina-aldo-perez\/#primaryimage\"},\"thumbnailUrl\":\"https:\/\/lyonbondyblog.fr\/LBB\/wp-content\/uploads\/2020\/07\/image00007.jpeg\",\"keywords\":[\"Art\",\"beyond the card\",\"florina aldo perez\",\"Superposition\",\"tarot\"],\"articleSection\":[\"Art\",\"Culture\",\"Planning familial\",\"Street Art\"],\"inLanguage\":\"fr-FR\",\"potentialAction\":[{\"@type\":\"CommentAction\",\"name\":\"Comment\",\"target\":[\"https:\/\/lyonbondyblog.fr\/LBB\/exposition-au-fort-saint-laurent-le-tarot-par-florina-aldo-perez\/#respond\"]}]},{\"@type\":\"WebPage\",\"@id\":\"https:\/\/lyonbondyblog.fr\/LBB\/exposition-au-fort-saint-laurent-le-tarot-par-florina-aldo-perez\/\",\"url\":\"https:\/\/lyonbondyblog.fr\/LBB\/exposition-au-fort-saint-laurent-le-tarot-par-florina-aldo-perez\/\",\"name\":\"Exposition au fort Saint Laurent : Le tarot par Florina Aldo Perez - Lyon Bondy Blog\",\"isPartOf\":{\"@id\":\"https:\/\/lyonbondyblog.fr\/LBB\/#website\"},\"primaryImageOfPage\":{\"@id\":\"https:\/\/lyonbondyblog.fr\/LBB\/exposition-au-fort-saint-laurent-le-tarot-par-florina-aldo-perez\/#primaryimage\"},\"image\":{\"@id\":\"https:\/\/lyonbondyblog.fr\/LBB\/exposition-au-fort-saint-laurent-le-tarot-par-florina-aldo-perez\/#primaryimage\"},\"thumbnailUrl\":\"https:\/\/lyonbondyblog.fr\/LBB\/wp-content\/uploads\/2020\/07\/image00007.jpeg\",\"datePublished\":\"2020-07-31T14:51:38+00:00\",\"dateModified\":\"2020-08-06T09:42:00+00:00\",\"inLanguage\":\"fr-FR\",\"potentialAction\":[{\"@type\":\"ReadAction\",\"target\":[\"https:\/\/lyonbondyblog.fr\/LBB\/exposition-au-fort-saint-laurent-le-tarot-par-florina-aldo-perez\/\"]}]},{\"@type\":\"ImageObject\",\"inLanguage\":\"fr-FR\",\"@id\":\"https:\/\/lyonbondyblog.fr\/LBB\/exposition-au-fort-saint-laurent-le-tarot-par-florina-aldo-perez\/#primaryimage\",\"url\":\"https:\/\/lyonbondyblog.fr\/LBB\/wp-content\/uploads\/2020\/07\/image00007.jpeg\",\"contentUrl\":\"https:\/\/lyonbondyblog.fr\/LBB\/wp-content\/uploads\/2020\/07\/image00007.jpeg\",\"width\":4032,\"height\":3024,\"caption\":\"Quelques tableaux de l'exposition.\"},{\"@type\":\"WebSite\",\"@id\":\"https:\/\/lyonbondyblog.fr\/LBB\/#website\",\"url\":\"https:\/\/lyonbondyblog.fr\/LBB\/\",\"name\":\"Lyon Bondy Blog\",\"description\":\"\",\"publisher\":{\"@id\":\"https:\/\/lyonbondyblog.fr\/LBB\/#organization\"},\"potentialAction\":[{\"@type\":\"SearchAction\",\"target\":{\"@type\":\"EntryPoint\",\"urlTemplate\":\"https:\/\/lyonbondyblog.fr\/LBB\/?s={search_term_string}\"},\"query-input\":\"required name=search_term_string\"}],\"inLanguage\":\"fr-FR\"},{\"@type\":\"Organization\",\"@id\":\"https:\/\/lyonbondyblog.fr\/LBB\/#organization\",\"name\":\"LYON BONDY BLOG\",\"url\":\"https:\/\/lyonbondyblog.fr\/LBB\/\",\"logo\":{\"@type\":\"ImageObject\",\"inLanguage\":\"fr-FR\",\"@id\":\"https:\/\/lyonbondyblog.fr\/LBB\/#\/schema\/logo\/image\/\",\"url\":\"http:\/\/lyonbondyblog.fr\/LBB\/wp-content\/uploads\/2014\/10\/logo-portable-144.png\",\"contentUrl\":\"http:\/\/lyonbondyblog.fr\/LBB\/wp-content\/uploads\/2014\/10\/logo-portable-144.png\",\"width\":144,\"height\":123,\"caption\":\"LYON BONDY BLOG\"},\"image\":{\"@id\":\"https:\/\/lyonbondyblog.fr\/LBB\/#\/schema\/logo\/image\/\"},\"sameAs\":[\"https:\/\/www.facebook.com\/lyonbondyblog\",\"https:\/\/x.com\/bondybloglyon\"]},{\"@type\":\"Person\",\"@id\":\"https:\/\/lyonbondyblog.fr\/LBB\/#\/schema\/person\/c1df4942a547fc95610fb9930d1ac361\",\"name\":\"Thibaut Eperdussin\",\"url\":\"https:\/\/lyonbondyblog.fr\/LBB\/author\/thibauteperdussin\/\"}]}<\/script>\n<!-- \/ Yoast SEO plugin. -->","yoast_head_json":{"title":"Exposition au fort Saint Laurent : Le tarot par Florina Aldo Perez - Lyon Bondy Blog","robots":{"index":"index","follow":"follow","max-snippet":"max-snippet:-1","max-image-preview":"max-image-preview:large","max-video-preview":"max-video-preview:-1"},"canonical":"https:\/\/lyonbondyblog.fr\/LBB\/exposition-au-fort-saint-laurent-le-tarot-par-florina-aldo-perez\/","og_locale":"fr_FR","og_type":"article","og_title":"Exposition au fort Saint Laurent : Le tarot par Florina Aldo Perez - Lyon Bondy Blog","og_description":"Pour la troisi\u00e8me fois en autant de mois, \u00ab\u00a0Superposition\u00a0\u00bb accueille un nouvel artiste dans son fort. Apr\u00e8s les succ\u00e8s de Spirale Art et Bambi, c&rsquo;est &hellip;","og_url":"https:\/\/lyonbondyblog.fr\/LBB\/exposition-au-fort-saint-laurent-le-tarot-par-florina-aldo-perez\/","og_site_name":"Lyon Bondy Blog","article_publisher":"https:\/\/www.facebook.com\/lyonbondyblog","article_published_time":"2020-07-31T14:51:38+00:00","article_modified_time":"2020-08-06T09:42:00+00:00","og_image":[{"width":1920,"height":1440,"url":"https:\/\/lyonbondyblog.fr\/LBB\/wp-content\/uploads\/2020\/07\/image00007-1920x1440.jpeg","type":"image\/jpeg"}],"author":"Thibaut Eperdussin","twitter_card":"summary_large_image","twitter_creator":"@bondybloglyon","twitter_site":"@bondybloglyon","schema":{"@context":"https:\/\/schema.org","@graph":[{"@type":"Article","@id":"https:\/\/lyonbondyblog.fr\/LBB\/exposition-au-fort-saint-laurent-le-tarot-par-florina-aldo-perez\/#article","isPartOf":{"@id":"https:\/\/lyonbondyblog.fr\/LBB\/exposition-au-fort-saint-laurent-le-tarot-par-florina-aldo-perez\/"},"author":{"name":"Thibaut Eperdussin","@id":"https:\/\/lyonbondyblog.fr\/LBB\/#\/schema\/person\/c1df4942a547fc95610fb9930d1ac361"},"headline":"Exposition au fort Saint Laurent : Le tarot par Florina Aldo Perez","datePublished":"2020-07-31T14:51:38+00:00","dateModified":"2020-08-06T09:42:00+00:00","mainEntityOfPage":{"@id":"https:\/\/lyonbondyblog.fr\/LBB\/exposition-au-fort-saint-laurent-le-tarot-par-florina-aldo-perez\/"},"wordCount":445,"commentCount":0,"publisher":{"@id":"https:\/\/lyonbondyblog.fr\/LBB\/#organization"},"image":{"@id":"https:\/\/lyonbondyblog.fr\/LBB\/exposition-au-fort-saint-laurent-le-tarot-par-florina-aldo-perez\/#primaryimage"},"thumbnailUrl":"https:\/\/lyonbondyblog.fr\/LBB\/wp-content\/uploads\/2020\/07\/image00007.jpeg","keywords":["Art","beyond the card","florina aldo perez","Superposition","tarot"],"articleSection":["Art","Culture","Planning familial","Street Art"],"inLanguage":"fr-FR","potentialAction":[{"@type":"CommentAction","name":"Comment","target":["https:\/\/lyonbondyblog.fr\/LBB\/exposition-au-fort-saint-laurent-le-tarot-par-florina-aldo-perez\/#respond"]}]},{"@type":"WebPage","@id":"https:\/\/lyonbondyblog.fr\/LBB\/exposition-au-fort-saint-laurent-le-tarot-par-florina-aldo-perez\/","url":"https:\/\/lyonbondyblog.fr\/LBB\/exposition-au-fort-saint-laurent-le-tarot-par-florina-aldo-perez\/","name":"Exposition au fort Saint Laurent : Le tarot par Florina Aldo Perez - Lyon Bondy Blog","isPartOf":{"@id":"https:\/\/lyonbondyblog.fr\/LBB\/#website"},"primaryImageOfPage":{"@id":"https:\/\/lyonbondyblog.fr\/LBB\/exposition-au-fort-saint-laurent-le-tarot-par-florina-aldo-perez\/#primaryimage"},"image":{"@id":"https:\/\/lyonbondyblog.fr\/LBB\/exposition-au-fort-saint-laurent-le-tarot-par-florina-aldo-perez\/#primaryimage"},"thumbnailUrl":"https:\/\/lyonbondyblog.fr\/LBB\/wp-content\/uploads\/2020\/07\/image00007.jpeg","datePublished":"2020-07-31T14:51:38+00:00","dateModified":"2020-08-06T09:42:00+00:00","inLanguage":"fr-FR","potentialAction":[{"@type":"ReadAction","target":["https:\/\/lyonbondyblog.fr\/LBB\/exposition-au-fort-saint-laurent-le-tarot-par-florina-aldo-perez\/"]}]},{"@type":"ImageObject","inLanguage":"fr-FR","@id":"https:\/\/lyonbondyblog.fr\/LBB\/exposition-au-fort-saint-laurent-le-tarot-par-florina-aldo-perez\/#primaryimage","url":"https:\/\/lyonbondyblog.fr\/LBB\/wp-content\/uploads\/2020\/07\/image00007.jpeg","contentUrl":"https:\/\/lyonbondyblog.fr\/LBB\/wp-content\/uploads\/2020\/07\/image00007.jpeg","width":4032,"height":3024,"caption":"Quelques tableaux de l'exposition."},{"@type":"WebSite","@id":"https:\/\/lyonbondyblog.fr\/LBB\/#website","url":"https:\/\/lyonbondyblog.fr\/LBB\/","name":"Lyon Bondy Blog","description":"","publisher":{"@id":"https:\/\/lyonbondyblog.fr\/LBB\/#organization"},"potentialAction":[{"@type":"SearchAction","target":{"@type":"EntryPoint","urlTemplate":"https:\/\/lyonbondyblog.fr\/LBB\/?s={search_term_string}"},"query-input":"required name=search_term_string"}],"inLanguage":"fr-FR"},{"@type":"Organization","@id":"https:\/\/lyonbondyblog.fr\/LBB\/#organization","name":"LYON BONDY BLOG","url":"https:\/\/lyonbondyblog.fr\/LBB\/","logo":{"@type":"ImageObject","inLanguage":"fr-FR","@id":"https:\/\/lyonbondyblog.fr\/LBB\/#\/schema\/logo\/image\/","url":"http:\/\/lyonbondyblog.fr\/LBB\/wp-content\/uploads\/2014\/10\/logo-portable-144.png","contentUrl":"http:\/\/lyonbondyblog.fr\/LBB\/wp-content\/uploads\/2014\/10\/logo-portable-144.png","width":144,"height":123,"caption":"LYON BONDY BLOG"},"image":{"@id":"https:\/\/lyonbondyblog.fr\/LBB\/#\/schema\/logo\/image\/"},"sameAs":["https:\/\/www.facebook.com\/lyonbondyblog","https:\/\/x.com\/bondybloglyon"]},{"@type":"Person","@id":"https:\/\/lyonbondyblog.fr\/LBB\/#\/schema\/person\/c1df4942a547fc95610fb9930d1ac361","name":"Thibaut Eperdussin","url":"https:\/\/lyonbondyblog.fr\/LBB\/author\/thibauteperdussin\/"}]}},"_links":{"self":[{"href":"https:\/\/lyonbondyblog.fr\/LBB\/wp-json\/wp\/v2\/posts\/20662","targetHints":{"allow":["GET"]}}],"collection":[{"href":"https:\/\/lyonbondyblog.fr\/LBB\/wp-json\/wp\/v2\/posts"}],"about":[{"href":"https:\/\/lyonbondyblog.fr\/LBB\/wp-json\/wp\/v2\/types\/post"}],"author":[{"embeddable":true,"href":"https:\/\/lyonbondyblog.fr\/LBB\/wp-json\/wp\/v2\/users\/25372"}],"replies":[{"embeddable":true,"href":"https:\/\/lyonbondyblog.fr\/LBB\/wp-json\/wp\/v2\/comments?post=20662"}],"version-history":[{"count":3,"href":"https:\/\/lyonbondyblog.fr\/LBB\/wp-json\/wp\/v2\/posts\/20662\/revisions"}],"predecessor-version":[{"id":20673,"href":"https:\/\/lyonbondyblog.fr\/LBB\/wp-json\/wp\/v2\/posts\/20662\/revisions\/20673"}],"wp:featuredmedia":[{"embeddable":true,"href":"https:\/\/lyonbondyblog.fr\/LBB\/wp-json\/wp\/v2\/media\/20667"}],"wp:attachment":[{"href":"https:\/\/lyonbondyblog.fr\/LBB\/wp-json\/wp\/v2\/media?parent=20662"}],"wp:term":[{"taxonomy":"category","embeddable":true,"href":"https:\/\/lyonbondyblog.fr\/LBB\/wp-json\/wp\/v2\/categories?post=20662"},{"taxonomy":"post_tag","embeddable":true,"href":"https:\/\/lyonbondyblog.fr\/LBB\/wp-json\/wp\/v2\/tags?post=20662"}],"curies":[{"name":"wp","href":"https:\/\/api.w.org\/{rel}","templated":true}]}}