{"id":20643,"date":"2020-07-29T17:00:05","date_gmt":"2020-07-29T15:00:05","guid":{"rendered":"http:\/\/lyonbondyblog.fr\/LBB\/?p=20643"},"modified":"2020-07-29T17:00:05","modified_gmt":"2020-07-29T15:00:05","slug":"le-vieux-lyon-a-travers-le-regard-dartistes-locaux","status":"publish","type":"post","link":"https:\/\/lyonbondyblog.fr\/LBB\/le-vieux-lyon-a-travers-le-regard-dartistes-locaux\/","title":{"rendered":"Le Vieux Lyon \u00e0 travers le regard d\u2019artistes locaux"},"content":{"rendered":"<p style=\"text-align: justify\"><span style=\"font-family: arial, helvetica, sans-serif\"><strong>Du 16 au 31 juillet 2020, une exposition temporaire artistique a lieu \u00e0 la <a href=\"http:\/\/www.lesgaleriesdelatour-lyon.fr\/\">Galerie de la Tour\u00a0<\/a>dans le <a href=\"https:\/\/www.lyon-visite.info\/vieux-lyon\/\">Vieux Lyon<\/a>. Gr\u00e2ce aux \u0153uvres de quatre artistes lyonnais, cette exhibition estivale anime la ville de Lyon malgr\u00e9 le contexte sanitaire. <\/strong><\/span><\/p>\n<p style=\"text-align: justify\"><em><span style=\"font-size: 10pt\">Cr\u00e9dit photo : Michel Perrier.<\/span><\/em><\/p>\n<p style=\"text-align: justify\"><span style=\"font-family: arial, helvetica, sans-serif\">La pand\u00e9mie du <a href=\"https:\/\/lyonbondyblog.fr\/LBB\/la-gestion-politique-du-covid-19-selon-jcl\/\">Covid-19\u00a0<\/a>a entrain\u00e9 de nombreuses annulations d\u2019\u00e9v\u00e8nements culturels. Pour redynamiser l\u2019activit\u00e9 culturelle lyonnaise cet \u00e9t\u00e9, deux peintres et deux sculpteurs de la r\u00e9gion <a href=\"https:\/\/www.auvergnerhonealpes.fr\/\">Auvergne Rh\u00f4ne-Alpes\u00a0<\/a>exposent leurs \u0153uvres les plus r\u00e9centes. Le but\u00a0: faire visiter ou red\u00e9couvrir le <a href=\"https:\/\/www.lyon-visite.info\/vieux-lyon\/\">Vieux Lyon\u00a0<\/a>gr\u00e2ce \u00e0 leurs r\u00e9alisations.<\/span><\/p>\n<p style=\"text-align: justify\"><span style=\"font-family: arial, helvetica, sans-serif\">Une exposition artistique qui se d\u00e9roule \u00e0 la <a href=\"http:\/\/www.lesgaleriesdelatour-lyon.fr\/\">Galerie de la Tour\u00a0<\/a>(16 Rue du B\u0153uf, 69005 Lyon), un lieu embl\u00e9matique de l\u2019architecture lyonnaise de la Renaissance.<\/span><\/p>\n<p style=\"text-align: justify\"><span style=\"font-family: arial, helvetica, sans-serif\">Une exhibition temporaire du jeudi 16 au vendredi 31 Juillet 2020 inclus avec entr\u00e9e libre tous les jours de 11h \u00e0 19h. La <a href=\"http:\/\/www.lesgaleriesdelatour-lyon.fr\/\">Galerie de la Tour\u00a0<\/a>est situ\u00e9e pr\u00e8s des parkings St Jean et St Antoine et de l\u2019arr\u00eat <a href=\"https:\/\/www.lyon-visite.info\/vieux-lyon\/\">Vieux Lyon\u00a0<\/a>du m\u00e9tro D.<\/span><\/p>\n<p style=\"text-align: justify\">\n<p>&nbsp;<\/p>\n<p style=\"text-align: justify\"><span style=\"font-family: arial, helvetica, sans-serif;font-size: 14pt\"><strong>Des peintres et sculpteurs vari\u00e9s<\/strong><\/span><\/p>\n<p style=\"text-align: justify\"><span style=\"font-family: arial, helvetica, sans-serif\">Malgr\u00e9 leurs divergences de styles et de techniques artistiques, les quatre artistes exposent des \u0153uvres plut\u00f4t f\u00e9minines.\u00a0<\/span><span style=\"font-family: arial, helvetica, sans-serif\">Les deux peintres locaux\u00a0<a href=\"http:\/\/www.michel-perrier.com\/\">Michel Perrier\u00a0<\/a>et <a href=\"https:\/\/www.felixboulay.com\/\">F\u00e9lix Boulay\u00a0<\/a>proposent des \u0153uvres bien distinctes refl\u00e9tant leur personnalit\u00e9.<\/span><\/p>\n<p style=\"text-align: justify\"><span style=\"font-family: arial, helvetica, sans-serif\"><a href=\"http:\/\/www.michel-perrier.com\/\">Michel Perrier\u00a0<\/a>est un peintre figuratif aux influences n\u00e9o-impressionnistes et pointillistes. Passionn\u00e9 de cin\u00e9ma et de\u00a0musique et membre de l\u2019Acad\u00e9mie Lyonnaise de peinture, ses \u0153uvres sont le fruit de plusieurs techniques cr\u00e9ant des contrastes et des fondus.<\/span><\/p>\n<p style=\"text-align: justify\"><span style=\"font-family: arial, helvetica, sans-serif\"><a href=\"https:\/\/www.felixboulay.com\/\">F\u00e9lix Boulay\u00a0<\/a>est un artiste sp\u00e9cialis\u00e9 dans la peinture \u00e0 l\u2019huile et la repr\u00e9sentation de l\u2019ombre et la lumi\u00e8re. D\u2019origine asiatique, il s\u2019inspire de la culture orientale et joue avec la luminosit\u00e9 et l\u2019obscurit\u00e9 donnant ainsi un \u00e9clat vivant et un r\u00e9alisme \u00e0 ses tableaux.<\/span><\/p>\n<p style=\"text-align: justify\"><span style=\"font-family: arial, helvetica, sans-serif\">Les deux sculpteurs lyonnais <a href=\"https:\/\/www.lacroixdamas.com\/\">Fr\u00e9d\u00e9rique Lacroix-Damas\u00a0<\/a>et <a href=\"http:\/\/www.marc-roure.fr\/\">Marc Roure\u00a0<\/a>repr\u00e9sentent la femme et son corps de mani\u00e8re originale et in\u00e9dite.<\/span><\/p>\n<p style=\"text-align: justify\"><span style=\"font-family: arial, helvetica, sans-serif\"><a href=\"https:\/\/www.lacroixdamas.com\/\">Fr\u00e9d\u00e9rique Lacroix-Damas\u00a0<\/a>est une sculptrice humaniste repr\u00e9sentant la beaut\u00e9 et l\u2019harmonie des femmes dans la moindre partie de leur corps. Elle est sp\u00e9cialis\u00e9e dans les sculptures de terres model\u00e9es et s\u00e9ch\u00e9es et l\u2019art pari\u00e9tal.<\/span><\/p>\n<p style=\"text-align: justify\"><span style=\"font-family: arial, helvetica, sans-serif\"><a href=\"http:\/\/www.marc-roure.fr\/\">Marc Roure\u00a0<\/a>est un sculpteur ard\u00e9chois professionnel reconnu depuis 36 ans. Il r\u00e9alise des sculptures en bronze et en argent avec un style moderne et \u00e9l\u00e9gant. Durant cette exposition, il pr\u00e9sente sa nouvelle \u0153uvre\u00a0: le corps en mouvement d\u2019une femme.<\/span><\/p>\n<p style=\"text-align: justify\">\n<p style=\"text-align: justify\">\n<p style=\"text-align: justify\">\n<!-- AddThis Advanced Settings generic via filter on the_content --><!-- AddThis Share Buttons generic via filter on the_content -->","protected":false},"excerpt":{"rendered":"<p>Du 16 au 31 juillet 2020, une exposition temporaire artistique a lieu \u00e0 la Galerie de la Tour\u00a0dans le Vieux Lyon. Gr\u00e2ce aux \u0153uvres de &hellip; <!-- AddThis Advanced Settings generic via filter on wp_trim_excerpt --><!-- AddThis Share Buttons generic via filter on wp_trim_excerpt --><\/p>\n","protected":false},"author":25371,"featured_media":20647,"comment_status":"open","ping_status":"open","sticky":false,"template":"","format":"standard","meta":{"_FSMCFIC_featured_image_caption":"","_FSMCFIC_featured_image_nocaption":"","_FSMCFIC_featured_image_hide":"","footnotes":""},"categories":[11249,22420,4],"tags":[22432,22213,22438,22433,1640,22435,22436,22431,10,22437,22434,2795,22429,22430],"class_list":["post-20643","post","type-post","status-publish","format-standard","has-post-thumbnail","hentry","category-art","category-covid-19","category-lyon","tag-auvergne-rhone-alpes","tag-covid-19","tag-ete-2020","tag-exhibition-temporaire","tag-exposition-artistique","tag-felix-boulay","tag-frederique-lacroix-damas","tag-galerie-de-la-tour","tag-lyon-2","tag-marc-roure","tag-michel-perrier","tag-peinture","tag-sculpture","tag-vieux-lyon"],"yoast_head":"<!-- This site is optimized with the Yoast SEO plugin v22.8 - https:\/\/yoast.com\/wordpress\/plugins\/seo\/ -->\n<title>Le Vieux Lyon \u00e0 travers le regard d\u2019artistes locaux - Lyon Bondy Blog<\/title>\n<meta name=\"robots\" content=\"index, follow, max-snippet:-1, max-image-preview:large, max-video-preview:-1\" \/>\n<link rel=\"canonical\" href=\"https:\/\/lyonbondyblog.fr\/LBB\/le-vieux-lyon-a-travers-le-regard-dartistes-locaux\/\" \/>\n<meta property=\"og:locale\" content=\"fr_FR\" \/>\n<meta property=\"og:type\" content=\"article\" \/>\n<meta property=\"og:title\" content=\"Le Vieux Lyon \u00e0 travers le regard d\u2019artistes locaux - Lyon Bondy Blog\" \/>\n<meta property=\"og:description\" content=\"Du 16 au 31 juillet 2020, une exposition temporaire artistique a lieu \u00e0 la Galerie de la Tour\u00a0dans le Vieux Lyon. Gr\u00e2ce aux \u0153uvres de &hellip;\" \/>\n<meta property=\"og:url\" content=\"https:\/\/lyonbondyblog.fr\/LBB\/le-vieux-lyon-a-travers-le-regard-dartistes-locaux\/\" \/>\n<meta property=\"og:site_name\" content=\"Lyon Bondy Blog\" \/>\n<meta property=\"article:publisher\" content=\"https:\/\/www.facebook.com\/lyonbondyblog\" \/>\n<meta property=\"article:published_time\" content=\"2020-07-29T15:00:05+00:00\" \/>\n<meta property=\"og:image\" content=\"https:\/\/lyonbondyblog.fr\/LBB\/wp-content\/uploads\/2020\/07\/Cr\u00e9dit-photo-Michel-Perrier-1920x1440.jpg\" \/>\n\t<meta property=\"og:image:width\" content=\"1920\" \/>\n\t<meta property=\"og:image:height\" content=\"1440\" \/>\n\t<meta property=\"og:image:type\" content=\"image\/jpeg\" \/>\n<meta name=\"author\" content=\"Jade Lagnier\" \/>\n<meta name=\"twitter:card\" content=\"summary_large_image\" \/>\n<meta name=\"twitter:creator\" content=\"@bondybloglyon\" \/>\n<meta name=\"twitter:site\" content=\"@bondybloglyon\" \/>\n<script type=\"application\/ld+json\" class=\"yoast-schema-graph\">{\"@context\":\"https:\/\/schema.org\",\"@graph\":[{\"@type\":\"Article\",\"@id\":\"https:\/\/lyonbondyblog.fr\/LBB\/le-vieux-lyon-a-travers-le-regard-dartistes-locaux\/#article\",\"isPartOf\":{\"@id\":\"https:\/\/lyonbondyblog.fr\/LBB\/le-vieux-lyon-a-travers-le-regard-dartistes-locaux\/\"},\"author\":{\"name\":\"Jade Lagnier\",\"@id\":\"https:\/\/lyonbondyblog.fr\/LBB\/#\/schema\/person\/815584c75944ee266fb51813c1adc31b\"},\"headline\":\"Le Vieux Lyon \u00e0 travers le regard d\u2019artistes locaux\",\"datePublished\":\"2020-07-29T15:00:05+00:00\",\"dateModified\":\"2020-07-29T15:00:05+00:00\",\"mainEntityOfPage\":{\"@id\":\"https:\/\/lyonbondyblog.fr\/LBB\/le-vieux-lyon-a-travers-le-regard-dartistes-locaux\/\"},\"wordCount\":438,\"commentCount\":0,\"publisher\":{\"@id\":\"https:\/\/lyonbondyblog.fr\/LBB\/#organization\"},\"image\":{\"@id\":\"https:\/\/lyonbondyblog.fr\/LBB\/le-vieux-lyon-a-travers-le-regard-dartistes-locaux\/#primaryimage\"},\"thumbnailUrl\":\"https:\/\/lyonbondyblog.fr\/LBB\/wp-content\/uploads\/2020\/07\/Cr\u00e9dit-photo-Michel-Perrier.jpg\",\"keywords\":[\"Auvergne Rh\u00f4ne-Alpes\",\"Covid-19\",\"\u00e9t\u00e9 2020\",\"exhibition temporaire\",\"Exposition artistique\",\"F\u00e9lix Boulay\",\"Fr\u00e9d\u00e9rique Lacroix-Damas\",\"Galerie de la Tour\",\"lyon\",\"Marc Roure\",\"Michel Perrier\",\"peinture\",\"sculpture\",\"Vieux Lyon\"],\"articleSection\":[\"Art\",\"Covid-19\",\"Lyon\"],\"inLanguage\":\"fr-FR\",\"potentialAction\":[{\"@type\":\"CommentAction\",\"name\":\"Comment\",\"target\":[\"https:\/\/lyonbondyblog.fr\/LBB\/le-vieux-lyon-a-travers-le-regard-dartistes-locaux\/#respond\"]}]},{\"@type\":\"WebPage\",\"@id\":\"https:\/\/lyonbondyblog.fr\/LBB\/le-vieux-lyon-a-travers-le-regard-dartistes-locaux\/\",\"url\":\"https:\/\/lyonbondyblog.fr\/LBB\/le-vieux-lyon-a-travers-le-regard-dartistes-locaux\/\",\"name\":\"Le Vieux Lyon \u00e0 travers le regard d\u2019artistes locaux - Lyon Bondy Blog\",\"isPartOf\":{\"@id\":\"https:\/\/lyonbondyblog.fr\/LBB\/#website\"},\"primaryImageOfPage\":{\"@id\":\"https:\/\/lyonbondyblog.fr\/LBB\/le-vieux-lyon-a-travers-le-regard-dartistes-locaux\/#primaryimage\"},\"image\":{\"@id\":\"https:\/\/lyonbondyblog.fr\/LBB\/le-vieux-lyon-a-travers-le-regard-dartistes-locaux\/#primaryimage\"},\"thumbnailUrl\":\"https:\/\/lyonbondyblog.fr\/LBB\/wp-content\/uploads\/2020\/07\/Cr\u00e9dit-photo-Michel-Perrier.jpg\",\"datePublished\":\"2020-07-29T15:00:05+00:00\",\"dateModified\":\"2020-07-29T15:00:05+00:00\",\"inLanguage\":\"fr-FR\",\"potentialAction\":[{\"@type\":\"ReadAction\",\"target\":[\"https:\/\/lyonbondyblog.fr\/LBB\/le-vieux-lyon-a-travers-le-regard-dartistes-locaux\/\"]}]},{\"@type\":\"ImageObject\",\"inLanguage\":\"fr-FR\",\"@id\":\"https:\/\/lyonbondyblog.fr\/LBB\/le-vieux-lyon-a-travers-le-regard-dartistes-locaux\/#primaryimage\",\"url\":\"https:\/\/lyonbondyblog.fr\/LBB\/wp-content\/uploads\/2020\/07\/Cr\u00e9dit-photo-Michel-Perrier.jpg\",\"contentUrl\":\"https:\/\/lyonbondyblog.fr\/LBB\/wp-content\/uploads\/2020\/07\/Cr\u00e9dit-photo-Michel-Perrier.jpg\",\"width\":3968,\"height\":2976,\"caption\":\"Cr\u00e9dit photo : Michel Perrier\"},{\"@type\":\"WebSite\",\"@id\":\"https:\/\/lyonbondyblog.fr\/LBB\/#website\",\"url\":\"https:\/\/lyonbondyblog.fr\/LBB\/\",\"name\":\"Lyon Bondy Blog\",\"description\":\"\",\"publisher\":{\"@id\":\"https:\/\/lyonbondyblog.fr\/LBB\/#organization\"},\"potentialAction\":[{\"@type\":\"SearchAction\",\"target\":{\"@type\":\"EntryPoint\",\"urlTemplate\":\"https:\/\/lyonbondyblog.fr\/LBB\/?s={search_term_string}\"},\"query-input\":\"required name=search_term_string\"}],\"inLanguage\":\"fr-FR\"},{\"@type\":\"Organization\",\"@id\":\"https:\/\/lyonbondyblog.fr\/LBB\/#organization\",\"name\":\"LYON BONDY BLOG\",\"url\":\"https:\/\/lyonbondyblog.fr\/LBB\/\",\"logo\":{\"@type\":\"ImageObject\",\"inLanguage\":\"fr-FR\",\"@id\":\"https:\/\/lyonbondyblog.fr\/LBB\/#\/schema\/logo\/image\/\",\"url\":\"http:\/\/lyonbondyblog.fr\/LBB\/wp-content\/uploads\/2014\/10\/logo-portable-144.png\",\"contentUrl\":\"http:\/\/lyonbondyblog.fr\/LBB\/wp-content\/uploads\/2014\/10\/logo-portable-144.png\",\"width\":144,\"height\":123,\"caption\":\"LYON BONDY BLOG\"},\"image\":{\"@id\":\"https:\/\/lyonbondyblog.fr\/LBB\/#\/schema\/logo\/image\/\"},\"sameAs\":[\"https:\/\/www.facebook.com\/lyonbondyblog\",\"https:\/\/x.com\/bondybloglyon\"]},{\"@type\":\"Person\",\"@id\":\"https:\/\/lyonbondyblog.fr\/LBB\/#\/schema\/person\/815584c75944ee266fb51813c1adc31b\",\"name\":\"Jade Lagnier\",\"url\":\"https:\/\/lyonbondyblog.fr\/LBB\/author\/jadelagnier\/\"}]}<\/script>\n<!-- \/ Yoast SEO plugin. -->","yoast_head_json":{"title":"Le Vieux Lyon \u00e0 travers le regard d\u2019artistes locaux - Lyon Bondy Blog","robots":{"index":"index","follow":"follow","max-snippet":"max-snippet:-1","max-image-preview":"max-image-preview:large","max-video-preview":"max-video-preview:-1"},"canonical":"https:\/\/lyonbondyblog.fr\/LBB\/le-vieux-lyon-a-travers-le-regard-dartistes-locaux\/","og_locale":"fr_FR","og_type":"article","og_title":"Le Vieux Lyon \u00e0 travers le regard d\u2019artistes locaux - Lyon Bondy Blog","og_description":"Du 16 au 31 juillet 2020, une exposition temporaire artistique a lieu \u00e0 la Galerie de la Tour\u00a0dans le Vieux Lyon. Gr\u00e2ce aux \u0153uvres de &hellip;","og_url":"https:\/\/lyonbondyblog.fr\/LBB\/le-vieux-lyon-a-travers-le-regard-dartistes-locaux\/","og_site_name":"Lyon Bondy Blog","article_publisher":"https:\/\/www.facebook.com\/lyonbondyblog","article_published_time":"2020-07-29T15:00:05+00:00","og_image":[{"width":1920,"height":1440,"url":"https:\/\/lyonbondyblog.fr\/LBB\/wp-content\/uploads\/2020\/07\/Cr\u00e9dit-photo-Michel-Perrier-1920x1440.jpg","type":"image\/jpeg"}],"author":"Jade Lagnier","twitter_card":"summary_large_image","twitter_creator":"@bondybloglyon","twitter_site":"@bondybloglyon","schema":{"@context":"https:\/\/schema.org","@graph":[{"@type":"Article","@id":"https:\/\/lyonbondyblog.fr\/LBB\/le-vieux-lyon-a-travers-le-regard-dartistes-locaux\/#article","isPartOf":{"@id":"https:\/\/lyonbondyblog.fr\/LBB\/le-vieux-lyon-a-travers-le-regard-dartistes-locaux\/"},"author":{"name":"Jade Lagnier","@id":"https:\/\/lyonbondyblog.fr\/LBB\/#\/schema\/person\/815584c75944ee266fb51813c1adc31b"},"headline":"Le Vieux Lyon \u00e0 travers le regard d\u2019artistes locaux","datePublished":"2020-07-29T15:00:05+00:00","dateModified":"2020-07-29T15:00:05+00:00","mainEntityOfPage":{"@id":"https:\/\/lyonbondyblog.fr\/LBB\/le-vieux-lyon-a-travers-le-regard-dartistes-locaux\/"},"wordCount":438,"commentCount":0,"publisher":{"@id":"https:\/\/lyonbondyblog.fr\/LBB\/#organization"},"image":{"@id":"https:\/\/lyonbondyblog.fr\/LBB\/le-vieux-lyon-a-travers-le-regard-dartistes-locaux\/#primaryimage"},"thumbnailUrl":"https:\/\/lyonbondyblog.fr\/LBB\/wp-content\/uploads\/2020\/07\/Cr\u00e9dit-photo-Michel-Perrier.jpg","keywords":["Auvergne Rh\u00f4ne-Alpes","Covid-19","\u00e9t\u00e9 2020","exhibition temporaire","Exposition artistique","F\u00e9lix Boulay","Fr\u00e9d\u00e9rique Lacroix-Damas","Galerie de la Tour","lyon","Marc Roure","Michel Perrier","peinture","sculpture","Vieux Lyon"],"articleSection":["Art","Covid-19","Lyon"],"inLanguage":"fr-FR","potentialAction":[{"@type":"CommentAction","name":"Comment","target":["https:\/\/lyonbondyblog.fr\/LBB\/le-vieux-lyon-a-travers-le-regard-dartistes-locaux\/#respond"]}]},{"@type":"WebPage","@id":"https:\/\/lyonbondyblog.fr\/LBB\/le-vieux-lyon-a-travers-le-regard-dartistes-locaux\/","url":"https:\/\/lyonbondyblog.fr\/LBB\/le-vieux-lyon-a-travers-le-regard-dartistes-locaux\/","name":"Le Vieux Lyon \u00e0 travers le regard d\u2019artistes locaux - Lyon Bondy Blog","isPartOf":{"@id":"https:\/\/lyonbondyblog.fr\/LBB\/#website"},"primaryImageOfPage":{"@id":"https:\/\/lyonbondyblog.fr\/LBB\/le-vieux-lyon-a-travers-le-regard-dartistes-locaux\/#primaryimage"},"image":{"@id":"https:\/\/lyonbondyblog.fr\/LBB\/le-vieux-lyon-a-travers-le-regard-dartistes-locaux\/#primaryimage"},"thumbnailUrl":"https:\/\/lyonbondyblog.fr\/LBB\/wp-content\/uploads\/2020\/07\/Cr\u00e9dit-photo-Michel-Perrier.jpg","datePublished":"2020-07-29T15:00:05+00:00","dateModified":"2020-07-29T15:00:05+00:00","inLanguage":"fr-FR","potentialAction":[{"@type":"ReadAction","target":["https:\/\/lyonbondyblog.fr\/LBB\/le-vieux-lyon-a-travers-le-regard-dartistes-locaux\/"]}]},{"@type":"ImageObject","inLanguage":"fr-FR","@id":"https:\/\/lyonbondyblog.fr\/LBB\/le-vieux-lyon-a-travers-le-regard-dartistes-locaux\/#primaryimage","url":"https:\/\/lyonbondyblog.fr\/LBB\/wp-content\/uploads\/2020\/07\/Cr\u00e9dit-photo-Michel-Perrier.jpg","contentUrl":"https:\/\/lyonbondyblog.fr\/LBB\/wp-content\/uploads\/2020\/07\/Cr\u00e9dit-photo-Michel-Perrier.jpg","width":3968,"height":2976,"caption":"Cr\u00e9dit photo : Michel Perrier"},{"@type":"WebSite","@id":"https:\/\/lyonbondyblog.fr\/LBB\/#website","url":"https:\/\/lyonbondyblog.fr\/LBB\/","name":"Lyon Bondy Blog","description":"","publisher":{"@id":"https:\/\/lyonbondyblog.fr\/LBB\/#organization"},"potentialAction":[{"@type":"SearchAction","target":{"@type":"EntryPoint","urlTemplate":"https:\/\/lyonbondyblog.fr\/LBB\/?s={search_term_string}"},"query-input":"required name=search_term_string"}],"inLanguage":"fr-FR"},{"@type":"Organization","@id":"https:\/\/lyonbondyblog.fr\/LBB\/#organization","name":"LYON BONDY BLOG","url":"https:\/\/lyonbondyblog.fr\/LBB\/","logo":{"@type":"ImageObject","inLanguage":"fr-FR","@id":"https:\/\/lyonbondyblog.fr\/LBB\/#\/schema\/logo\/image\/","url":"http:\/\/lyonbondyblog.fr\/LBB\/wp-content\/uploads\/2014\/10\/logo-portable-144.png","contentUrl":"http:\/\/lyonbondyblog.fr\/LBB\/wp-content\/uploads\/2014\/10\/logo-portable-144.png","width":144,"height":123,"caption":"LYON BONDY BLOG"},"image":{"@id":"https:\/\/lyonbondyblog.fr\/LBB\/#\/schema\/logo\/image\/"},"sameAs":["https:\/\/www.facebook.com\/lyonbondyblog","https:\/\/x.com\/bondybloglyon"]},{"@type":"Person","@id":"https:\/\/lyonbondyblog.fr\/LBB\/#\/schema\/person\/815584c75944ee266fb51813c1adc31b","name":"Jade Lagnier","url":"https:\/\/lyonbondyblog.fr\/LBB\/author\/jadelagnier\/"}]}},"_links":{"self":[{"href":"https:\/\/lyonbondyblog.fr\/LBB\/wp-json\/wp\/v2\/posts\/20643","targetHints":{"allow":["GET"]}}],"collection":[{"href":"https:\/\/lyonbondyblog.fr\/LBB\/wp-json\/wp\/v2\/posts"}],"about":[{"href":"https:\/\/lyonbondyblog.fr\/LBB\/wp-json\/wp\/v2\/types\/post"}],"author":[{"embeddable":true,"href":"https:\/\/lyonbondyblog.fr\/LBB\/wp-json\/wp\/v2\/users\/25371"}],"replies":[{"embeddable":true,"href":"https:\/\/lyonbondyblog.fr\/LBB\/wp-json\/wp\/v2\/comments?post=20643"}],"version-history":[{"count":6,"href":"https:\/\/lyonbondyblog.fr\/LBB\/wp-json\/wp\/v2\/posts\/20643\/revisions"}],"predecessor-version":[{"id":20660,"href":"https:\/\/lyonbondyblog.fr\/LBB\/wp-json\/wp\/v2\/posts\/20643\/revisions\/20660"}],"wp:featuredmedia":[{"embeddable":true,"href":"https:\/\/lyonbondyblog.fr\/LBB\/wp-json\/wp\/v2\/media\/20647"}],"wp:attachment":[{"href":"https:\/\/lyonbondyblog.fr\/LBB\/wp-json\/wp\/v2\/media?parent=20643"}],"wp:term":[{"taxonomy":"category","embeddable":true,"href":"https:\/\/lyonbondyblog.fr\/LBB\/wp-json\/wp\/v2\/categories?post=20643"},{"taxonomy":"post_tag","embeddable":true,"href":"https:\/\/lyonbondyblog.fr\/LBB\/wp-json\/wp\/v2\/tags?post=20643"}],"curies":[{"name":"wp","href":"https:\/\/api.w.org\/{rel}","templated":true}]}}