{"id":20613,"date":"2020-07-25T17:20:09","date_gmt":"2020-07-25T15:20:09","guid":{"rendered":"http:\/\/lyonbondyblog.fr\/LBB\/?p=20613"},"modified":"2020-07-25T17:20:09","modified_gmt":"2020-07-25T15:20:09","slug":"le-lyon-bondy-blog-forme-de-jeunes-journalistes-a-givors","status":"publish","type":"post","link":"https:\/\/lyonbondyblog.fr\/LBB\/le-lyon-bondy-blog-forme-de-jeunes-journalistes-a-givors\/","title":{"rendered":"Le Lyon Bondy Blog forme de jeunes journalistes \u00e0 Givors"},"content":{"rendered":"<p><span style=\"font-family: arial, helvetica, sans-serif;\"><strong>Depuis le mercredi 15 juillet, le Lyon Bondy Blog se rend tous les jours au centre social Jacques Pr\u00e9vert dans le quartier des Vernes \u00e0 Givors. Sur la base du volontariat, ces sorties ont pour but d&rsquo;initier les jeunes aux m\u00e9tiers du journalisme et \u00e0 l&rsquo;utilisation des m\u00e9dias.<\/strong><\/span><\/p>\n<p>&nbsp;<\/p>\n<p><span style=\"font-family: arial, helvetica, sans-serif;\">Chaque journ\u00e9e, les jeunes ont appris les diff\u00e9rentes fonctions du m\u00e9tier de journaliste. Le premier <\/span><span style=\"font-family: arial, helvetica, sans-serif;\">jour, notre intervenant Thibaut Eperdussin a expliqu\u00e9 aux jeunes les m\u00e9thodes d&rsquo;\u00e9criture. La <\/span><span style=\"font-family: arial, helvetica, sans-serif;\">r\u00e9daction d&rsquo;articles et de br\u00e8ves durant cette journ\u00e9e a pu montrer aux jeunes les premi\u00e8res \u00e9tapes <\/span><span style=\"font-family: arial, helvetica, sans-serif;\">du m\u00e9tier de journaliste.<\/span><\/p>\n<p><span style=\"font-family: arial, helvetica, sans-serif;\"><img loading=\"lazy\" decoding=\"async\" class=\"alignnone size-medium wp-image-20580\" src=\"https:\/\/lyonbondyblog.fr\/LBB\/wp-content\/uploads\/2020\/07\/IMG_4563-1200x900.jpg\" alt=\"\" width=\"1200\" height=\"900\" srcset=\"https:\/\/lyonbondyblog.fr\/LBB\/wp-content\/uploads\/2020\/07\/IMG_4563-1200x900.jpg 1200w, https:\/\/lyonbondyblog.fr\/LBB\/wp-content\/uploads\/2020\/07\/IMG_4563-768x576.jpg 768w, https:\/\/lyonbondyblog.fr\/LBB\/wp-content\/uploads\/2020\/07\/IMG_4563-600x450.jpg 600w, https:\/\/lyonbondyblog.fr\/LBB\/wp-content\/uploads\/2020\/07\/IMG_4563.jpg 1295w\" sizes=\"auto, (max-width: 1200px) 100vw, 1200px\" \/><\/span><\/p>\n<p>&nbsp;<\/p>\n<p><span style=\"font-family: arial, helvetica, sans-serif;\">Le deuxi\u00e8me jour, l&rsquo;intervenant s&rsquo;est une nouvelle fois rendu a Givors pour poursuivre l&rsquo;initiation aux m\u00e9dias. Cette fois-ci, l&rsquo;objectif de la s\u00e9ance \u00e9tait de pr\u00e9parer les jeunes \u00e0 des questions pour le micro-trottoir du lendemain. Une initiation au montage sonore sur le logiciel informatique Audacity a \u00e9t\u00e9 mise en place. Un travail d&rsquo;\u00e9locution et de prise de parole a \u00e9galement \u00e9t\u00e9 r\u00e9alis\u00e9 afin de prendre confiance en soi et de poser des questions.<\/span><\/p>\n<p><span style=\"font-family: arial, helvetica, sans-serif;\"><img loading=\"lazy\" decoding=\"async\" class=\"alignnone size-medium wp-image-20583\" src=\"https:\/\/lyonbondyblog.fr\/LBB\/wp-content\/uploads\/2020\/07\/IMG_4570-1200x900.jpg\" alt=\"\" width=\"1200\" height=\"900\" srcset=\"https:\/\/lyonbondyblog.fr\/LBB\/wp-content\/uploads\/2020\/07\/IMG_4570-1200x900.jpg 1200w, https:\/\/lyonbondyblog.fr\/LBB\/wp-content\/uploads\/2020\/07\/IMG_4570-768x576.jpg 768w, https:\/\/lyonbondyblog.fr\/LBB\/wp-content\/uploads\/2020\/07\/IMG_4570-600x450.jpg 600w, https:\/\/lyonbondyblog.fr\/LBB\/wp-content\/uploads\/2020\/07\/IMG_4570.jpg 1295w\" sizes=\"auto, (max-width: 1200px) 100vw, 1200px\" \/><\/span><\/p>\n<p><span style=\"font-family: arial, helvetica, sans-serif;\"><img loading=\"lazy\" decoding=\"async\" class=\"alignnone size-medium wp-image-20582\" src=\"https:\/\/lyonbondyblog.fr\/LBB\/wp-content\/uploads\/2020\/07\/IMG_4569-1200x900.jpg\" alt=\"\" width=\"1200\" height=\"900\" srcset=\"https:\/\/lyonbondyblog.fr\/LBB\/wp-content\/uploads\/2020\/07\/IMG_4569-1200x900.jpg 1200w, https:\/\/lyonbondyblog.fr\/LBB\/wp-content\/uploads\/2020\/07\/IMG_4569-768x576.jpg 768w, https:\/\/lyonbondyblog.fr\/LBB\/wp-content\/uploads\/2020\/07\/IMG_4569-600x450.jpg 600w, https:\/\/lyonbondyblog.fr\/LBB\/wp-content\/uploads\/2020\/07\/IMG_4569.jpg 1832w\" sizes=\"auto, (max-width: 1200px) 100vw, 1200px\" \/><\/span><\/p>\n<p>&nbsp;<\/p>\n<p><span style=\"font-family: arial, helvetica, sans-serif;\">Le troisi\u00e8me jour, suivis par notre intervenant, les jeunes ont r\u00e9alis\u00e9 un micro-trottoir sur le th\u00e8me du <\/span><span style=\"font-family: arial, helvetica, sans-serif;\">confinement pendant la crise sanitaire. En se rendant au centre social, \u00e0 la boulangerie du quartier <\/span><span style=\"font-family: arial, helvetica, sans-serif;\">des Vernes ainsi qu&rsquo;au supermarch\u00e9, les jeunes ont pu recueillir bon nombres de t\u00e9moignages et <\/span><span style=\"font-family: arial, helvetica, sans-serif;\">d&rsquo;avis \u00e0 propos du quotidien des personnes durant cette p\u00e9riode particuli\u00e8re.<\/span><\/p>\n<p><span style=\"font-family: arial, helvetica, sans-serif;\"><img loading=\"lazy\" decoding=\"async\" class=\"alignnone size-medium wp-image-20595\" src=\"https:\/\/lyonbondyblog.fr\/LBB\/wp-content\/uploads\/2020\/07\/IMG_4584-e1595681492450-1200x1200.jpg\" alt=\"\" width=\"1200\" height=\"1200\" srcset=\"https:\/\/lyonbondyblog.fr\/LBB\/wp-content\/uploads\/2020\/07\/IMG_4584-e1595681492450-1200x1200.jpg 1200w, https:\/\/lyonbondyblog.fr\/LBB\/wp-content\/uploads\/2020\/07\/IMG_4584-e1595681492450-150x150.jpg 150w, https:\/\/lyonbondyblog.fr\/LBB\/wp-content\/uploads\/2020\/07\/IMG_4584-e1595681492450-768x768.jpg 768w, https:\/\/lyonbondyblog.fr\/LBB\/wp-content\/uploads\/2020\/07\/IMG_4584-e1595681492450-1920x1920.jpg 1920w, https:\/\/lyonbondyblog.fr\/LBB\/wp-content\/uploads\/2020\/07\/IMG_4584-e1595681492450-600x600.jpg 600w, https:\/\/lyonbondyblog.fr\/LBB\/wp-content\/uploads\/2020\/07\/IMG_4584-e1595681492450-360x360.jpg 360w, https:\/\/lyonbondyblog.fr\/LBB\/wp-content\/uploads\/2020\/07\/IMG_4584-e1595681492450-750x750.jpg 750w\" sizes=\"auto, (max-width: 1200px) 100vw, 1200px\" \/><\/span><\/p>\n<p><span style=\"font-family: arial, helvetica, sans-serif;\"><img loading=\"lazy\" decoding=\"async\" class=\"alignnone size-medium wp-image-20596\" src=\"https:\/\/lyonbondyblog.fr\/LBB\/wp-content\/uploads\/2020\/07\/IMG_4585-e1595681554936-1200x1200.jpg\" alt=\"\" width=\"1200\" height=\"1200\" srcset=\"https:\/\/lyonbondyblog.fr\/LBB\/wp-content\/uploads\/2020\/07\/IMG_4585-e1595681554936-1200x1200.jpg 1200w, https:\/\/lyonbondyblog.fr\/LBB\/wp-content\/uploads\/2020\/07\/IMG_4585-e1595681554936-150x150.jpg 150w, https:\/\/lyonbondyblog.fr\/LBB\/wp-content\/uploads\/2020\/07\/IMG_4585-e1595681554936-768x768.jpg 768w, https:\/\/lyonbondyblog.fr\/LBB\/wp-content\/uploads\/2020\/07\/IMG_4585-e1595681554936-1920x1920.jpg 1920w, https:\/\/lyonbondyblog.fr\/LBB\/wp-content\/uploads\/2020\/07\/IMG_4585-e1595681554936-600x600.jpg 600w, https:\/\/lyonbondyblog.fr\/LBB\/wp-content\/uploads\/2020\/07\/IMG_4585-e1595681554936-360x360.jpg 360w, https:\/\/lyonbondyblog.fr\/LBB\/wp-content\/uploads\/2020\/07\/IMG_4585-e1595681554936-750x750.jpg 750w\" sizes=\"auto, (max-width: 1200px) 100vw, 1200px\" \/><\/span><\/p>\n<p>&nbsp;<\/p>\n<p><span style=\"font-family: arial, helvetica, sans-serif;\">Les jours suivants, ce n&rsquo;est pas un mais deux intervenants ( Marie de Monterno et Victor Labrousse-Vergier) que le Lyon Bondy Blog a envoy\u00e9 sur Givors. Le but de ces s\u00e9ances ? Accompagner les jeunes et les aider \u00e0 filmer les personnes en leur posant des questions pr\u00e9par\u00e9es au pr\u00e9alable. A l&rsquo;issue de cette journ\u00e9e et soutenus par les intervenants, les jeunes ont r\u00e9alis\u00e9 un montage vid\u00e9o sur l&rsquo;ensemble des personnes interrog\u00e9es et souhaitant \u00eatre film\u00e9es. La technique de la retranscription audio a \u00e9galement \u00e9t\u00e9 vue durant ces journ\u00e9es d\u2019apprentissage.<\/span><\/p>\n<p>&nbsp;<\/p>\n<p><span style=\"font-family: arial, helvetica, sans-serif;\"><img loading=\"lazy\" decoding=\"async\" class=\"alignnone size-medium wp-image-20601\" src=\"https:\/\/lyonbondyblog.fr\/LBB\/wp-content\/uploads\/2020\/07\/IMG_20200722_150626-1200x900.jpg\" alt=\"\" width=\"1200\" height=\"900\" srcset=\"https:\/\/lyonbondyblog.fr\/LBB\/wp-content\/uploads\/2020\/07\/IMG_20200722_150626-1200x900.jpg 1200w, https:\/\/lyonbondyblog.fr\/LBB\/wp-content\/uploads\/2020\/07\/IMG_20200722_150626-768x576.jpg 768w, https:\/\/lyonbondyblog.fr\/LBB\/wp-content\/uploads\/2020\/07\/IMG_20200722_150626-1920x1440.jpg 1920w, https:\/\/lyonbondyblog.fr\/LBB\/wp-content\/uploads\/2020\/07\/IMG_20200722_150626-600x450.jpg 600w\" sizes=\"auto, (max-width: 1200px) 100vw, 1200px\" \/><\/span><\/p>\n<p><span style=\"font-family: arial, helvetica, sans-serif;\"><img loading=\"lazy\" decoding=\"async\" class=\"alignnone size-full wp-image-20603\" src=\"https:\/\/lyonbondyblog.fr\/LBB\/wp-content\/uploads\/2020\/07\/IMG_20200723_162048.jpg\" alt=\"\" width=\"915\" height=\"686\" srcset=\"https:\/\/lyonbondyblog.fr\/LBB\/wp-content\/uploads\/2020\/07\/IMG_20200723_162048.jpg 915w, https:\/\/lyonbondyblog.fr\/LBB\/wp-content\/uploads\/2020\/07\/IMG_20200723_162048-768x576.jpg 768w, https:\/\/lyonbondyblog.fr\/LBB\/wp-content\/uploads\/2020\/07\/IMG_20200723_162048-600x450.jpg 600w\" sizes=\"auto, (max-width: 915px) 100vw, 915px\" \/><\/span><\/p>\n<!-- AddThis Advanced Settings generic via filter on the_content --><!-- AddThis Share Buttons generic via filter on the_content -->","protected":false},"excerpt":{"rendered":"<p>Depuis le mercredi 15 juillet, le Lyon Bondy Blog se rend tous les jours au centre social Jacques Pr\u00e9vert dans le quartier des Vernes \u00e0 &hellip; <!-- AddThis Advanced Settings generic via filter on wp_trim_excerpt --><!-- AddThis Share Buttons generic via filter on wp_trim_excerpt --><\/p>\n","protected":false},"author":1,"featured_media":20578,"comment_status":"open","ping_status":"open","sticky":false,"template":"","format":"standard","meta":{"_FSMCFIC_featured_image_caption":"","_FSMCFIC_featured_image_nocaption":"","_FSMCFIC_featured_image_hide":"","footnotes":""},"categories":[22420,3517,5324,4035],"tags":[22425,22427,719,112,22426],"class_list":["post-20613","post","type-post","status-publish","format-standard","has-post-thumbnail","hentry","category-covid-19","category-education","category-jeunesse","category-medias","tag-centre-social-jacques-prevert","tag-formation-medias","tag-givors","tag-lyon-bondy-blog","tag-quartier-des-vernes"],"yoast_head":"<!-- This site is optimized with the Yoast SEO plugin v22.8 - https:\/\/yoast.com\/wordpress\/plugins\/seo\/ -->\n<title>Le Lyon Bondy Blog forme de jeunes journalistes \u00e0 Givors - Lyon Bondy Blog<\/title>\n<meta name=\"robots\" content=\"index, follow, max-snippet:-1, max-image-preview:large, max-video-preview:-1\" \/>\n<link rel=\"canonical\" href=\"https:\/\/lyonbondyblog.fr\/LBB\/le-lyon-bondy-blog-forme-de-jeunes-journalistes-a-givors\/\" \/>\n<meta property=\"og:locale\" content=\"fr_FR\" \/>\n<meta property=\"og:type\" content=\"article\" \/>\n<meta property=\"og:title\" content=\"Le Lyon Bondy Blog forme de jeunes journalistes \u00e0 Givors - Lyon Bondy Blog\" \/>\n<meta property=\"og:description\" content=\"Depuis le mercredi 15 juillet, le Lyon Bondy Blog se rend tous les jours au centre social Jacques Pr\u00e9vert dans le quartier des Vernes \u00e0 &hellip;\" \/>\n<meta property=\"og:url\" content=\"https:\/\/lyonbondyblog.fr\/LBB\/le-lyon-bondy-blog-forme-de-jeunes-journalistes-a-givors\/\" \/>\n<meta property=\"og:site_name\" content=\"Lyon Bondy Blog\" \/>\n<meta property=\"article:publisher\" content=\"https:\/\/www.facebook.com\/lyonbondyblog\" \/>\n<meta property=\"article:author\" content=\"https:\/\/www.facebook.com\/lyonbondyblog\" \/>\n<meta property=\"article:published_time\" content=\"2020-07-25T15:20:09+00:00\" \/>\n<meta property=\"og:image\" content=\"https:\/\/lyonbondyblog.fr\/LBB\/wp-content\/uploads\/2020\/07\/IMG_4561.jpg\" \/>\n\t<meta property=\"og:image:width\" content=\"1295\" \/>\n\t<meta property=\"og:image:height\" content=\"971\" \/>\n\t<meta property=\"og:image:type\" content=\"image\/jpeg\" \/>\n<meta name=\"author\" content=\"La r\u00e9daction\" \/>\n<meta name=\"twitter:card\" content=\"summary_large_image\" \/>\n<meta name=\"twitter:creator\" content=\"@BondyBlogLyon\" \/>\n<meta name=\"twitter:site\" content=\"@bondybloglyon\" \/>\n<script type=\"application\/ld+json\" class=\"yoast-schema-graph\">{\"@context\":\"https:\/\/schema.org\",\"@graph\":[{\"@type\":\"Article\",\"@id\":\"https:\/\/lyonbondyblog.fr\/LBB\/le-lyon-bondy-blog-forme-de-jeunes-journalistes-a-givors\/#article\",\"isPartOf\":{\"@id\":\"https:\/\/lyonbondyblog.fr\/LBB\/le-lyon-bondy-blog-forme-de-jeunes-journalistes-a-givors\/\"},\"author\":{\"name\":\"La r\u00e9daction\",\"@id\":\"https:\/\/lyonbondyblog.fr\/LBB\/#\/schema\/person\/e45f8d27baac75072daa0be50c409b25\"},\"headline\":\"Le Lyon Bondy Blog forme de jeunes journalistes \u00e0 Givors\",\"datePublished\":\"2020-07-25T15:20:09+00:00\",\"dateModified\":\"2020-07-25T15:20:09+00:00\",\"mainEntityOfPage\":{\"@id\":\"https:\/\/lyonbondyblog.fr\/LBB\/le-lyon-bondy-blog-forme-de-jeunes-journalistes-a-givors\/\"},\"wordCount\":359,\"commentCount\":0,\"publisher\":{\"@id\":\"https:\/\/lyonbondyblog.fr\/LBB\/#organization\"},\"image\":{\"@id\":\"https:\/\/lyonbondyblog.fr\/LBB\/le-lyon-bondy-blog-forme-de-jeunes-journalistes-a-givors\/#primaryimage\"},\"thumbnailUrl\":\"https:\/\/lyonbondyblog.fr\/LBB\/wp-content\/uploads\/2020\/07\/IMG_4561.jpg\",\"keywords\":[\"centre social Jacques Pr\u00e9vert\",\"formation m\u00e9dias\",\"givors\",\"Lyon Bondy Blog\",\"quartier des Vernes\"],\"articleSection\":[\"Covid-19\",\"Education\",\"Jeunesse\",\"M\u00e9dias\"],\"inLanguage\":\"fr-FR\",\"potentialAction\":[{\"@type\":\"CommentAction\",\"name\":\"Comment\",\"target\":[\"https:\/\/lyonbondyblog.fr\/LBB\/le-lyon-bondy-blog-forme-de-jeunes-journalistes-a-givors\/#respond\"]}]},{\"@type\":\"WebPage\",\"@id\":\"https:\/\/lyonbondyblog.fr\/LBB\/le-lyon-bondy-blog-forme-de-jeunes-journalistes-a-givors\/\",\"url\":\"https:\/\/lyonbondyblog.fr\/LBB\/le-lyon-bondy-blog-forme-de-jeunes-journalistes-a-givors\/\",\"name\":\"Le Lyon Bondy Blog forme de jeunes journalistes \u00e0 Givors - Lyon Bondy Blog\",\"isPartOf\":{\"@id\":\"https:\/\/lyonbondyblog.fr\/LBB\/#website\"},\"primaryImageOfPage\":{\"@id\":\"https:\/\/lyonbondyblog.fr\/LBB\/le-lyon-bondy-blog-forme-de-jeunes-journalistes-a-givors\/#primaryimage\"},\"image\":{\"@id\":\"https:\/\/lyonbondyblog.fr\/LBB\/le-lyon-bondy-blog-forme-de-jeunes-journalistes-a-givors\/#primaryimage\"},\"thumbnailUrl\":\"https:\/\/lyonbondyblog.fr\/LBB\/wp-content\/uploads\/2020\/07\/IMG_4561.jpg\",\"datePublished\":\"2020-07-25T15:20:09+00:00\",\"dateModified\":\"2020-07-25T15:20:09+00:00\",\"inLanguage\":\"fr-FR\",\"potentialAction\":[{\"@type\":\"ReadAction\",\"target\":[\"https:\/\/lyonbondyblog.fr\/LBB\/le-lyon-bondy-blog-forme-de-jeunes-journalistes-a-givors\/\"]}]},{\"@type\":\"ImageObject\",\"inLanguage\":\"fr-FR\",\"@id\":\"https:\/\/lyonbondyblog.fr\/LBB\/le-lyon-bondy-blog-forme-de-jeunes-journalistes-a-givors\/#primaryimage\",\"url\":\"https:\/\/lyonbondyblog.fr\/LBB\/wp-content\/uploads\/2020\/07\/IMG_4561.jpg\",\"contentUrl\":\"https:\/\/lyonbondyblog.fr\/LBB\/wp-content\/uploads\/2020\/07\/IMG_4561.jpg\",\"width\":1295,\"height\":971},{\"@type\":\"WebSite\",\"@id\":\"https:\/\/lyonbondyblog.fr\/LBB\/#website\",\"url\":\"https:\/\/lyonbondyblog.fr\/LBB\/\",\"name\":\"Lyon Bondy Blog\",\"description\":\"\",\"publisher\":{\"@id\":\"https:\/\/lyonbondyblog.fr\/LBB\/#organization\"},\"potentialAction\":[{\"@type\":\"SearchAction\",\"target\":{\"@type\":\"EntryPoint\",\"urlTemplate\":\"https:\/\/lyonbondyblog.fr\/LBB\/?s={search_term_string}\"},\"query-input\":\"required name=search_term_string\"}],\"inLanguage\":\"fr-FR\"},{\"@type\":\"Organization\",\"@id\":\"https:\/\/lyonbondyblog.fr\/LBB\/#organization\",\"name\":\"LYON BONDY BLOG\",\"url\":\"https:\/\/lyonbondyblog.fr\/LBB\/\",\"logo\":{\"@type\":\"ImageObject\",\"inLanguage\":\"fr-FR\",\"@id\":\"https:\/\/lyonbondyblog.fr\/LBB\/#\/schema\/logo\/image\/\",\"url\":\"http:\/\/lyonbondyblog.fr\/LBB\/wp-content\/uploads\/2014\/10\/logo-portable-144.png\",\"contentUrl\":\"http:\/\/lyonbondyblog.fr\/LBB\/wp-content\/uploads\/2014\/10\/logo-portable-144.png\",\"width\":144,\"height\":123,\"caption\":\"LYON BONDY BLOG\"},\"image\":{\"@id\":\"https:\/\/lyonbondyblog.fr\/LBB\/#\/schema\/logo\/image\/\"},\"sameAs\":[\"https:\/\/www.facebook.com\/lyonbondyblog\",\"https:\/\/x.com\/bondybloglyon\"]},{\"@type\":\"Person\",\"@id\":\"https:\/\/lyonbondyblog.fr\/LBB\/#\/schema\/person\/e45f8d27baac75072daa0be50c409b25\",\"name\":\"La r\u00e9daction\",\"description\":\"Cr\u00e9e en 2008, la r\u00e9daction du Lyon Bondy Blog s'applique \u00e0 proposer une information locale diff\u00e9rente et compl\u00e9mentaire des m\u00e9dias traditionnels.\",\"sameAs\":[\"https:\/\/www.facebook.com\/lyonbondyblog\",\"https:\/\/x.com\/BondyBlogLyon\"],\"url\":\"https:\/\/lyonbondyblog.fr\/LBB\/author\/admin\/\"}]}<\/script>\n<!-- \/ Yoast SEO plugin. -->","yoast_head_json":{"title":"Le Lyon Bondy Blog forme de jeunes journalistes \u00e0 Givors - Lyon Bondy Blog","robots":{"index":"index","follow":"follow","max-snippet":"max-snippet:-1","max-image-preview":"max-image-preview:large","max-video-preview":"max-video-preview:-1"},"canonical":"https:\/\/lyonbondyblog.fr\/LBB\/le-lyon-bondy-blog-forme-de-jeunes-journalistes-a-givors\/","og_locale":"fr_FR","og_type":"article","og_title":"Le Lyon Bondy Blog forme de jeunes journalistes \u00e0 Givors - Lyon Bondy Blog","og_description":"Depuis le mercredi 15 juillet, le Lyon Bondy Blog se rend tous les jours au centre social Jacques Pr\u00e9vert dans le quartier des Vernes \u00e0 &hellip;","og_url":"https:\/\/lyonbondyblog.fr\/LBB\/le-lyon-bondy-blog-forme-de-jeunes-journalistes-a-givors\/","og_site_name":"Lyon Bondy Blog","article_publisher":"https:\/\/www.facebook.com\/lyonbondyblog","article_author":"https:\/\/www.facebook.com\/lyonbondyblog","article_published_time":"2020-07-25T15:20:09+00:00","og_image":[{"width":1295,"height":971,"url":"https:\/\/lyonbondyblog.fr\/LBB\/wp-content\/uploads\/2020\/07\/IMG_4561.jpg","type":"image\/jpeg"}],"author":"La r\u00e9daction","twitter_card":"summary_large_image","twitter_creator":"@BondyBlogLyon","twitter_site":"@bondybloglyon","schema":{"@context":"https:\/\/schema.org","@graph":[{"@type":"Article","@id":"https:\/\/lyonbondyblog.fr\/LBB\/le-lyon-bondy-blog-forme-de-jeunes-journalistes-a-givors\/#article","isPartOf":{"@id":"https:\/\/lyonbondyblog.fr\/LBB\/le-lyon-bondy-blog-forme-de-jeunes-journalistes-a-givors\/"},"author":{"name":"La r\u00e9daction","@id":"https:\/\/lyonbondyblog.fr\/LBB\/#\/schema\/person\/e45f8d27baac75072daa0be50c409b25"},"headline":"Le Lyon Bondy Blog forme de jeunes journalistes \u00e0 Givors","datePublished":"2020-07-25T15:20:09+00:00","dateModified":"2020-07-25T15:20:09+00:00","mainEntityOfPage":{"@id":"https:\/\/lyonbondyblog.fr\/LBB\/le-lyon-bondy-blog-forme-de-jeunes-journalistes-a-givors\/"},"wordCount":359,"commentCount":0,"publisher":{"@id":"https:\/\/lyonbondyblog.fr\/LBB\/#organization"},"image":{"@id":"https:\/\/lyonbondyblog.fr\/LBB\/le-lyon-bondy-blog-forme-de-jeunes-journalistes-a-givors\/#primaryimage"},"thumbnailUrl":"https:\/\/lyonbondyblog.fr\/LBB\/wp-content\/uploads\/2020\/07\/IMG_4561.jpg","keywords":["centre social Jacques Pr\u00e9vert","formation m\u00e9dias","givors","Lyon Bondy Blog","quartier des Vernes"],"articleSection":["Covid-19","Education","Jeunesse","M\u00e9dias"],"inLanguage":"fr-FR","potentialAction":[{"@type":"CommentAction","name":"Comment","target":["https:\/\/lyonbondyblog.fr\/LBB\/le-lyon-bondy-blog-forme-de-jeunes-journalistes-a-givors\/#respond"]}]},{"@type":"WebPage","@id":"https:\/\/lyonbondyblog.fr\/LBB\/le-lyon-bondy-blog-forme-de-jeunes-journalistes-a-givors\/","url":"https:\/\/lyonbondyblog.fr\/LBB\/le-lyon-bondy-blog-forme-de-jeunes-journalistes-a-givors\/","name":"Le Lyon Bondy Blog forme de jeunes journalistes \u00e0 Givors - Lyon Bondy Blog","isPartOf":{"@id":"https:\/\/lyonbondyblog.fr\/LBB\/#website"},"primaryImageOfPage":{"@id":"https:\/\/lyonbondyblog.fr\/LBB\/le-lyon-bondy-blog-forme-de-jeunes-journalistes-a-givors\/#primaryimage"},"image":{"@id":"https:\/\/lyonbondyblog.fr\/LBB\/le-lyon-bondy-blog-forme-de-jeunes-journalistes-a-givors\/#primaryimage"},"thumbnailUrl":"https:\/\/lyonbondyblog.fr\/LBB\/wp-content\/uploads\/2020\/07\/IMG_4561.jpg","datePublished":"2020-07-25T15:20:09+00:00","dateModified":"2020-07-25T15:20:09+00:00","inLanguage":"fr-FR","potentialAction":[{"@type":"ReadAction","target":["https:\/\/lyonbondyblog.fr\/LBB\/le-lyon-bondy-blog-forme-de-jeunes-journalistes-a-givors\/"]}]},{"@type":"ImageObject","inLanguage":"fr-FR","@id":"https:\/\/lyonbondyblog.fr\/LBB\/le-lyon-bondy-blog-forme-de-jeunes-journalistes-a-givors\/#primaryimage","url":"https:\/\/lyonbondyblog.fr\/LBB\/wp-content\/uploads\/2020\/07\/IMG_4561.jpg","contentUrl":"https:\/\/lyonbondyblog.fr\/LBB\/wp-content\/uploads\/2020\/07\/IMG_4561.jpg","width":1295,"height":971},{"@type":"WebSite","@id":"https:\/\/lyonbondyblog.fr\/LBB\/#website","url":"https:\/\/lyonbondyblog.fr\/LBB\/","name":"Lyon Bondy Blog","description":"","publisher":{"@id":"https:\/\/lyonbondyblog.fr\/LBB\/#organization"},"potentialAction":[{"@type":"SearchAction","target":{"@type":"EntryPoint","urlTemplate":"https:\/\/lyonbondyblog.fr\/LBB\/?s={search_term_string}"},"query-input":"required name=search_term_string"}],"inLanguage":"fr-FR"},{"@type":"Organization","@id":"https:\/\/lyonbondyblog.fr\/LBB\/#organization","name":"LYON BONDY BLOG","url":"https:\/\/lyonbondyblog.fr\/LBB\/","logo":{"@type":"ImageObject","inLanguage":"fr-FR","@id":"https:\/\/lyonbondyblog.fr\/LBB\/#\/schema\/logo\/image\/","url":"http:\/\/lyonbondyblog.fr\/LBB\/wp-content\/uploads\/2014\/10\/logo-portable-144.png","contentUrl":"http:\/\/lyonbondyblog.fr\/LBB\/wp-content\/uploads\/2014\/10\/logo-portable-144.png","width":144,"height":123,"caption":"LYON BONDY BLOG"},"image":{"@id":"https:\/\/lyonbondyblog.fr\/LBB\/#\/schema\/logo\/image\/"},"sameAs":["https:\/\/www.facebook.com\/lyonbondyblog","https:\/\/x.com\/bondybloglyon"]},{"@type":"Person","@id":"https:\/\/lyonbondyblog.fr\/LBB\/#\/schema\/person\/e45f8d27baac75072daa0be50c409b25","name":"La r\u00e9daction","description":"Cr\u00e9e en 2008, la r\u00e9daction du Lyon Bondy Blog s'applique \u00e0 proposer une information locale diff\u00e9rente et compl\u00e9mentaire des m\u00e9dias traditionnels.","sameAs":["https:\/\/www.facebook.com\/lyonbondyblog","https:\/\/x.com\/BondyBlogLyon"],"url":"https:\/\/lyonbondyblog.fr\/LBB\/author\/admin\/"}]}},"_links":{"self":[{"href":"https:\/\/lyonbondyblog.fr\/LBB\/wp-json\/wp\/v2\/posts\/20613","targetHints":{"allow":["GET"]}}],"collection":[{"href":"https:\/\/lyonbondyblog.fr\/LBB\/wp-json\/wp\/v2\/posts"}],"about":[{"href":"https:\/\/lyonbondyblog.fr\/LBB\/wp-json\/wp\/v2\/types\/post"}],"author":[{"embeddable":true,"href":"https:\/\/lyonbondyblog.fr\/LBB\/wp-json\/wp\/v2\/users\/1"}],"replies":[{"embeddable":true,"href":"https:\/\/lyonbondyblog.fr\/LBB\/wp-json\/wp\/v2\/comments?post=20613"}],"version-history":[{"count":4,"href":"https:\/\/lyonbondyblog.fr\/LBB\/wp-json\/wp\/v2\/posts\/20613\/revisions"}],"predecessor-version":[{"id":20617,"href":"https:\/\/lyonbondyblog.fr\/LBB\/wp-json\/wp\/v2\/posts\/20613\/revisions\/20617"}],"wp:featuredmedia":[{"embeddable":true,"href":"https:\/\/lyonbondyblog.fr\/LBB\/wp-json\/wp\/v2\/media\/20578"}],"wp:attachment":[{"href":"https:\/\/lyonbondyblog.fr\/LBB\/wp-json\/wp\/v2\/media?parent=20613"}],"wp:term":[{"taxonomy":"category","embeddable":true,"href":"https:\/\/lyonbondyblog.fr\/LBB\/wp-json\/wp\/v2\/categories?post=20613"},{"taxonomy":"post_tag","embeddable":true,"href":"https:\/\/lyonbondyblog.fr\/LBB\/wp-json\/wp\/v2\/tags?post=20613"}],"curies":[{"name":"wp","href":"https:\/\/api.w.org\/{rel}","templated":true}]}}