{"id":20496,"date":"2020-07-17T17:00:03","date_gmt":"2020-07-17T15:00:03","guid":{"rendered":"http:\/\/lyonbondyblog.fr\/LBB\/?p=20496"},"modified":"2025-05-20T13:26:24","modified_gmt":"2025-05-20T11:26:24","slug":"violences-sexuelles-dans-le-sport-la-grande-omerta","status":"publish","type":"post","link":"https:\/\/lyonbondyblog.fr\/LBB\/violences-sexuelles-dans-le-sport-la-grande-omerta\/","title":{"rendered":"Violences sexuelles dans le sport : la Grande Omerta"},"content":{"rendered":"<p style=\"text-align: justify\"><span style=\"font-family: arial, helvetica, sans-serif\"><strong>Depuis des ann\u00e9es, le sport est victime de nombreuses affaires de <a href=\"https:\/\/www.lemonde.fr\/sport\/article\/2020\/02\/20\/violences-sexuelles-dans-le-sport-le-branle-bas-de-combat-des-federations_6030159_3242.html\">violences sexuelles\u00a0<\/a>et une omerta s\u2019est cr\u00e9\u00e9e. Un sujet tabou\u00a0: beaucoup savent mais peu osent en parler. Le Lyon Bondy Blog a men\u00e9 l\u2019enqu\u00eate pour faire la lumi\u00e8re sur ce dossier sensible.<\/strong><\/span><\/p>\n<p><span style=\"font-size: 10pt\"><em>Cr\u00e9dit photo :\u00a0<a href=\"https:\/\/unsplash.com\">https:\/\/unsplash.com<\/a><\/em><\/span><\/p>\n<p>&nbsp;<\/p>\n<p style=\"text-align: justify\"><span style=\"font-family: arial, helvetica, sans-serif\">Depuis les r\u00e9v\u00e9lations de <a href=\"https:\/\/www.youtube.com\/watch?v=Kcrt9zLGXDo\">Sarah Abitbol<\/a>, ex-championne de patinage artistique accusant son ancien entraineur <a href=\"https:\/\/www.francetvinfo.fr\/sports\/violences-sexuelles-dans-le-patinage\/qui-est-gilles-beyer-lex-entraineur-de-patinage-artistique-accuse-de-viols-et-d-agressions-sexuelles_3814629.html\">Gilles Beyer\u00a0<\/a>de l\u2019avoir viol\u00e9e lorsqu\u2019elle avait 15 ans, de nombreuses victimes osent raconter leurs exp\u00e9riences et traumatismes.\u00a0Plusieurs disciplines sportives sont d\u00e9sormais concern\u00e9es\u00a0: <a href=\"https:\/\/www.youtube.com\/watch?v=ZdY8mam2qEY\">le patinage artistique<\/a>, <a href=\"https:\/\/www.francetvinfo.fr\/societe\/harcelement-sexuel\/des-mains-aux-fesses-des-bisous-des-caresses-une-victime-presumee-de-violences-sexuelles-dans-l-athletisme-francais-temoigne_2686660.html\">l\u2019athl\u00e9tisme<\/a>, <a href=\"https:\/\/www.purepeople.com\/article\/catherine-moyon-de-baecque-agressee-sexuellement-a-paye-cher-d-avoir-parle_a374615\/1\">le lancer de marteau<\/a>, <a href=\"https:\/\/www.mediapart.fr\/journal\/france\/230520\/pedocriminalite-les-oeilleres-du-monde-equestre?utm_source=article_offert&amp;utm_medium=email&amp;utm_campaign=TRANSAC&amp;utm_content=&amp;utm_term=&amp;xtor=EPR-1013-%5Barticle-offert%5D&amp;M_BT=2375904619468\">l\u2019\u00e9quitation<\/a>, <a href=\"https:\/\/www.lemonde.fr\/justice\/article\/2012\/11\/16\/proces-de-camaret-la-longue-confession-d-isabelle-demongeot_5989522_1653604.html\">le tennis<\/a>, <a href=\"https:\/\/www.mediapart.fr\/journal\/france\/111219\/violences-sexuelles-dans-le-sport-des-agresseurs-qui-restent-en-poste?onglet=full\">le ping-pong<\/a>, <a href=\"https:\/\/www.youtube.com\/watch?v=QdV2G3MhOwo\">le football<\/a>, <a href=\"https:\/\/www.midilibre.fr\/2020\/02\/29\/viole-de-12-a-16-ans-le-combat-de-lex-rugbyman-sebastien-boueilh-contre-les-abus-sexuels,8765423.php\">le rugby<\/a>, <a href=\"https:\/\/www.sudouest.fr\/2012\/07\/29\/quand-le-sort-s-acharne-781818-8.php\">le tir sportif<\/a>, <a href=\"https:\/\/www.lefigaro.fr\/le-scan-sport\/2016\/12\/16\/27001-20161216ARTFIG00148-aux-etats-unis-368-gymnastes-victimes-d-agressions-sexuelles.php\">la gymnastique artistique\u00a0<\/a>ou encore <a href=\"https:\/\/sport24.lefigaro.fr\/autres-sports\/actualites\/violences-sexuelles-dans-le-sport-demission-du-president-de-la-federation-de-roller-et-skate-995660\">le roller et le skate<\/a>.<\/span><\/p>\n<p style=\"text-align: justify\"><span style=\"font-family: arial, helvetica, sans-serif\">D\u2019apr\u00e8s une <a href=\"https:\/\/www.lequipe.fr\/Tous-sports\/Actualites\/Pedophilie-dans-le-sport-enquete-sur-les-agressions-sexuelles-dans-les-clubs-amateurs\/1089109\">enqu\u00eate dans le milieu du sport r\u00e9alis\u00e9e par l\u2019\u00c9quipe<\/a>, en 2019 il y a eu 77 affaires de dysfonctionnements graves ayant fait au moins 276 victimes \u00e2g\u00e9es de moins de 15 ans au moment des faits.\u00a0Dans 77% des cas de violences recens\u00e9s, soit l\u2019agresseur poursuit son activit\u00e9 sportive malgr\u00e9 la proc\u00e9dure en cours, soit il retrouve un poste dans le milieu du sport apr\u00e8s avoir \u00e9t\u00e9 condamn\u00e9 pour une infraction sexuelle. Les entraineurs pr\u00e9dateurs se d\u00e9placent g\u00e9n\u00e9ralement de r\u00e9gion en r\u00e9gion et commettent donc plus de d\u00e9lits et de crimes sexuels.<\/span><\/p>\n<p style=\"text-align: justify\"><span style=\"font-family: arial, helvetica, sans-serif\">Selon les chiffres du <a href=\"http:\/\/www.sports.gouv.fr\/\">minist\u00e8re des Sports<\/a>, sur 77 affaires de violences (discriminations, homophobie, p\u00e9docriminalit\u00e9) 28 concernent des <a href=\"https:\/\/www.lemonde.fr\/sport\/article\/2020\/02\/20\/violences-sexuelles-dans-le-sport-le-branle-bas-de-combat-des-federations_6030159_3242.html\">violences sportives\u00a0<\/a>avec des victimes ayant moins de 15 ans lors des faits.<\/span><\/p>\n<p style=\"text-align: justify\"><span style=\"font-family: arial, helvetica, sans-serif\">Toujours selon le <a href=\"http:\/\/www.sports.gouv.fr\/\">minist\u00e8re des Sports<\/a>, le 1<sup>er<\/sup>juin 2020 on d\u00e9nombre 177 auteurs pr\u00e9sum\u00e9s de <a href=\"https:\/\/www.lemonde.fr\/sport\/article\/2020\/02\/20\/violences-sexuelles-dans-le-sport-le-branle-bas-de-combat-des-federations_6030159_3242.html\">violences dans le milieu sportif<\/a>. Mais ces 177 personnes mises en cause peuvent avoir fait plusieurs victimes. 167 d\u00e9partements et 40 f\u00e9d\u00e9rations sportives sont concern\u00e9s.\u00a0Sur ces 177 personnes, 62% (soit 110 personnes) exer\u00e7aient des fonctions d\u2019\u00e9ducateurs sportifs et 83 d\u2019entre eux \u00e9taient des professionnels.\u00a0Seuls 36 \u00e9taient titulaires de leur carte professionnelle de validit\u00e9 (n\u00e9cessaire pour valider leur honorabilit\u00e9) et 27 \u00e9taient des b\u00e9n\u00e9voles.<\/span><\/p>\n<p style=\"text-align: justify\"><span style=\"font-family: arial, helvetica, sans-serif\">78% de victimes sont des femmes, 98% des victimes \u00e9taient mineures durant les faits, 76% des violences d\u00e9clar\u00e9es concernent des faits sexuels, 39 personnes sur 177 ont commis des actes de violences en 2019.<\/span><\/p>\n<p>&nbsp;<\/p>\n<p style=\"text-align: justify\">\n<p style=\"text-align: justify\"><span style=\"font-family: arial, helvetica, sans-serif;font-size: 14pt\"><strong>Le sport entre f\u00e9minisation et sanctions<\/strong><\/span><\/p>\n<p style=\"text-align: justify\"><span style=\"font-family: arial, helvetica, sans-serif\">Le sport apparait \u00e0 la fin du XIX\u00e8me si\u00e8cle et est d\u2019origine masculine et militaire. Sa f\u00e9minisation ne d\u00e9butera qu\u2019au d\u00e9but du XX\u00e8me si\u00e8cle mais ne concernera qu\u2019une partie de la population. En 1912, <a href=\"http:\/\/www.femina1912.fr\/\">Femina sport\u00a0<\/a>est cr\u00e9\u00e9e puis en 1922 l\u2019olympiade f\u00e9minine est en cours d\u2019organisation. Mais ce n\u2019est qu\u2019en 1991 que la <a href=\"https:\/\/fr.fifa.com\/\">FIFA\u00a0<\/a>reconnait le football f\u00e9minin et organise la 1<sup>\u00e8re<\/sup>Coupe du monde f\u00e9minine \u00e0 P\u00e9kin. Suite \u00e0 cela, une ligue f\u00e9minine sportive sera initi\u00e9e en 1999.<\/span><\/p>\n<p style=\"text-align: justify\"><span style=\"font-family: arial, helvetica, sans-serif\">Depuis 2006, <a href=\"http:\/\/sports.gouv.fr\/IMG\/pdf\/guidejuridique.pdf\">le code du sport fran\u00e7ais\u00a0<\/a>punit les <a href=\"https:\/\/www.lemonde.fr\/sport\/article\/2020\/02\/20\/violences-sexuelles-dans-le-sport-le-branle-bas-de-combat-des-federations_6030159_3242.html\">violences sportives\u00a0<\/a>: jusqu\u2019\u00e0 15\u00a0000 \u20ac d\u2019amende et 5 ans de prison. Selon <a href=\"https:\/\/www.legifrance.gouv.fr\/affichCodeArticle.do?idArticle=LEGIARTI000034116962&amp;cidTexte=LEGITEXT000006071318&amp;dateTexte=20170303\">l&rsquo;article 212-9 du Code du sport<\/a>, une personne condamn\u00e9e pour un crime ou un d\u00e9lit \u00e0 caract\u00e8re sexuel ne peut entra\u00eener des athl\u00e8tes ou encadrer une activit\u00e9 sportive.\u00a0Lorsqu\u2019il s\u2019agit d\u2019un d\u00e9lit de discrimination, la sanction s\u2019\u00e9l\u00e8ve \u00e0 45\u00a0000 \u20ac d\u2019amende et 3 ans de prison. Concernant un d\u00e9lit de discrimination commis dans des lieux accueillant du public comme les clubs sportifs et lorsque l\u2019auteur est dans l\u2019exercice de ses fonctions, la peine encourue est de 5 ans de prison et 75\u00a0000\u20ac d\u2019amende (<a href=\"https:\/\/www.senat.fr\/rap\/l04-065\/l04-0653.html\">article 225-2 du code p\u00e9nal<\/a>et <a href=\"https:\/\/www.legifrance.gouv.fr\/affichCodeArticle.do?idArticle=LEGIARTI000006547540&amp;cidTexte=LEGITEXT000006071318&amp;dateTexte=20060525\">article L131-9 du Code du sport<\/a>).<\/span><\/p>\n<p>&nbsp;<\/p>\n<p style=\"text-align: justify\">\n<p style=\"text-align: justify\"><span style=\"font-family: arial, helvetica, sans-serif;font-size: 14pt\"><strong>Des symboles du sport f\u00e9minin<\/strong><\/span><\/p>\n<p style=\"text-align: justify\"><span style=\"font-family: arial, helvetica, sans-serif\">Les femmes ont r\u00e9colt\u00e9 autant de m\u00e9dailles que les hommes lors des <a href=\"https:\/\/www.olympic.org\/fr\/jeux-olympiques\">Jeux Olympiques<\/a>. De nombreux exemples le prouvent :<\/span><\/p>\n<ul style=\"text-align: justify\">\n<li><span style=\"font-family: arial, helvetica, sans-serif\"><a href=\"https:\/\/www.youtube.com\/watch?v=st7TVjuarOQ\">Colette Besson<\/a>, athl\u00e8te fran\u00e7aise du 400 et du 800 m\u00e8tres remporte la m\u00e9daille d\u2019or lors du 400 m\u00e8tres aux <a href=\"https:\/\/www.olympic.org\/fr\/jeux-olympiques\">Jeux olympiques\u00a0<\/a>de Mexico le 16 octobre 1968. Elle devient alors la 2<sup>\u00e8me<\/sup>championne olympique fran\u00e7aise. Elle re\u00e7oit la l\u00e9gion d\u2019honneur \u00e0 l\u2019<a href=\"https:\/\/www.elysee.fr\/\">\u00c9lys\u00e9e\u00a0<\/a>en 1969. Aujourd\u2019hui, plus de 80 installations sportives portent son nom. Elle est surnomm\u00e9e \u00ab\u00a0la petite fianc\u00e9e de la France\u00a0\u00bb.<\/span><\/li>\n<\/ul>\n<p style=\"text-align: justify\">\n<ul style=\"text-align: justify\">\n<li><span style=\"font-family: arial, helvetica, sans-serif\"><a href=\"https:\/\/www.youtube.com\/watch?v=1G6BXUf53to\">Carole Martin<\/a>, joueuse et entraineuse fran\u00e7aise de handball, est consid\u00e9r\u00e9e comme la meilleure joueuse fran\u00e7aise dans les ann\u00e9es 1980. En 1972, elle \u00e9tait d\u00e9j\u00e0 s\u00e9lectionn\u00e9e pour l\u2019\u00e9quipe de France alors qu\u2019elle n\u2019avait que 17 ans.<\/span><\/li>\n<\/ul>\n<p style=\"text-align: justify\">\n<ul style=\"text-align: justify\">\n<li><span style=\"font-family: arial, helvetica, sans-serif\"><a href=\"https:\/\/www.fff.fr\/equipes-de-france\/toutes-les-joueuses\/fiche-joueuse\/2543000093-corinne-diacre\">Corinne Diacre<\/a>, footballeuse fran\u00e7aise internationale qui, en 2014, est devenue la premi\u00e8re femme \u00e0 entrainer un club de football masculin professionnel. Il s\u2019agissait du club Clermont Foot 63.<\/span><\/li>\n<\/ul>\n<p style=\"text-align: justify\">\n<ul style=\"text-align: justify\">\n<li><span style=\"font-family: arial, helvetica, sans-serif\"><a href=\"https:\/\/www.20minutes.fr\/dossier\/florence_arthaud\">Florence Arthaud<\/a>, navigatrice fran\u00e7aise surnomm\u00e9e \u00ab\u00a0la petite fianc\u00e9e de l\u2019Atlantique\u00a0\u00bb. Elle est la premi\u00e8re femme \u00e0 avoir gagn\u00e9 la Route du Rhum en solitaire en novembre 1990 avec un temps de neuf jours, 21 heures et 42 minutes.<\/span><\/li>\n<\/ul>\n<p style=\"text-align: justify\">\n<ul style=\"text-align: justify\">\n<li><span style=\"font-family: arial, helvetica, sans-serif\"><a href=\"https:\/\/sport.francetvinfo.fr\/long-format\/jeux-olympiques-un-jour-une-legende\/j-07_marie-jose_perec.html\">Marie Jos\u00e9 Perec<\/a>, seule athl\u00e8te fran\u00e7aise \u00e0 \u00eatre triple championne olympique. (En 1992 avec le 400 m\u00e8tres aux Jeux de Barcelone, deux fois en 1996 lors des Jeux d\u2019Atlanta sur 400 et 200 m\u00e8tres). C\u2019est aussi la 2<sup>\u00e8me<\/sup>athl\u00e8te \u00e0 avoir r\u00e9alis\u00e9 ce doubl\u00e9 et la 1<sup>\u00e8re<\/sup>\u00e0 avoir remport\u00e9 le 400 m\u00e8tres lors de deux <a href=\"https:\/\/www.olympic.org\/fr\/jeux-olympiques\">Jeux Olympiques\u00a0<\/a>cons\u00e9cutifs.<\/span><\/li>\n<\/ul>\n<p style=\"text-align: justify\">\n<ul style=\"text-align: justify\">\n<li><span style=\"font-family: arial, helvetica, sans-serif\"><a href=\"https:\/\/boxeuse.com\/blogs\/blog\/myriam-lamare\">Myriam Lamare\u00a0<\/a>(boxeuse fran\u00e7aise triple championne du monde, double championne de France et double championne d\u2019Europe. Elle est la premi\u00e8re championne du monde de boxe reconnue par la WBA en 2004). et <a href=\"https:\/\/lyonbondyblog.fr\/LBB\/anne-sophie-mathis-boxe-remis-droit-chemin\/\">Anne-Sophie Mathis\u00a0<\/a>(boxeuse fran\u00e7aise et ancienne quadruple championne du monde dans la cat\u00e9gorie super-l\u00e9gers) sont les deux femmes qui ont lanc\u00e9 la boxe f\u00e9minine en France.<\/span><\/li>\n<\/ul>\n<p style=\"text-align: justify\">\n<ul style=\"text-align: justify\">\n<li><span style=\"font-family: arial, helvetica, sans-serif\"><a href=\"https:\/\/www.rtl.fr\/sport\/autres-sports\/comment-laure-manaudou-la-discrete-nageuse-est-entree-dans-la-legende-a-17-ans-7800627738\">Laure Manaudou<\/a>, nageuse fran\u00e7aise originaire de <a href=\"https:\/\/lyonbondyblog.fr\/LBB\/le-rhone-sportif-rugby-fete-ses-100-ans-de-tranquillite\/\">Villeurbanne<\/a>. Elle remporte \u00e0 17 ans la nage libre sur 400 m\u00e8tres aux <a href=\"https:\/\/www.olympic.org\/fr\/jeux-olympiques\">Jeux Olympiques\u00a0<\/a>d\u2019Ath\u00e8nes le 15 ao\u00fbt 2004. Elle devient alors la 2<sup>\u00e8me<\/sup>championne olympique fran\u00e7aise de natation.<\/span><\/li>\n<\/ul>\n<p style=\"text-align: justify\">\n<ul style=\"text-align: justify\">\n<li><span style=\"font-family: arial, helvetica, sans-serif\"><a href=\"https:\/\/www.ouest-france.fr\/sport\/judo\/quest-devenue-marie-claire-restoux-lex-championne-de-judo-3934482\">Marie Claire Restoux<\/a>, judoka fran\u00e7aise remportant l\u2019or lors des championnats du monde de Chiba au Japon en 1995. Elle est sacr\u00e9e championne olympique de judo en 1996 lors des <a href=\"https:\/\/www.olympic.org\/fr\/jeux-olympiques\">Jeux Olympiques\u00a0<\/a>d\u2019Atlanta puis championne du monde en 1997.<\/span><\/li>\n<\/ul>\n<p style=\"text-align: justify\">\n<ul style=\"text-align: justify\">\n<li><span style=\"font-family: arial, helvetica, sans-serif\"><a href=\"https:\/\/www.lequipe.fr\/Natation\/Article\/Roxana-maracineanu-a-jamais-la-premiere-championne-du-monde-francaise-de-natation\/973782\">Roxana Maracineanu<\/a>, actuelle Ministre d\u00e9l\u00e9gu\u00e9e charg\u00e9e des Sports. C\u2019est une nageuse fran\u00e7aise qui est devenue en 1998 \u00e0 Perth la 1<sup>\u00e8re<\/sup>championne du monde fran\u00e7aise de natation sur le 200 m\u00e8tres dos. Elle obtient aussi un titre et trois m\u00e9dailles europ\u00e9ennes aux championnats d\u2019Europe en 1999.<\/span><\/li>\n<\/ul>\n<p style=\"text-align: justify\">\n<p>&nbsp;<\/p>\n<p style=\"text-align: justify\"><span style=\"font-family: arial, helvetica, sans-serif;font-size: 14pt\"><strong>D\u00e9but du XX\u00e8me si\u00e8cle, l\u2019apog\u00e9e du sport f\u00e9minin<\/strong><\/span><\/p>\n<p style=\"text-align: justify\"><span style=\"font-family: arial, helvetica, sans-serif\">Au d\u00e9but du XX\u00e8me si\u00e8cle, les femmes faisaient tous types de sports comme le prouve la cr\u00e9ation de <a href=\"http:\/\/www.femina1912.fr\/\">Femina sport\u00a0<\/a>en 1912. Le 30 septembre 1917 a lieu en France la premi\u00e8re rencontre entre deux \u00e9quipes f\u00e9minines de football issues du club parisien <a href=\"http:\/\/www.femina1912.fr\/\">Femina sport<\/a>. A cette \u00e9poque, il y a d\u00e9j\u00e0 de nombreuses sportives remportant des comp\u00e9titions\u00a0:<\/span><\/p>\n<ul style=\"text-align: justify\">\n<li><span style=\"font-family: arial, helvetica, sans-serif\"><a href=\"https:\/\/www.franceinter.fr\/emissions\/autant-en-emporte-l-histoire\/autant-en-emporte-l-histoire-16-juin-2019\">Violette Morris<\/a>, athl\u00e8te et championne fran\u00e7aise omnisports ayant r\u00e9alis\u00e9 de nombreux records du monde (natation, rallye, football, poids, disque, javelot, waterpolo, cyclisme, boxe, moto) et figure fran\u00e7aise de la libert\u00e9 sexuelle f\u00e9minine. Elle a fait partie de <a href=\"http:\/\/www.femina1912.fr\/\">Femina sport\u00a0<\/a>\u00e0 Paris.<\/span><\/li>\n<\/ul>\n<p style=\"text-align: justify\">\n<ul style=\"text-align: justify\">\n<li><span style=\"font-family: arial, helvetica, sans-serif\"><a href=\"https:\/\/www.les-sports.info\/lucienne-velu-athletisme-spf37274.html\">Lucienne Velu<\/a>, athl\u00e8te et basketteuse fran\u00e7aise, championne du monde en 1934 lors des Jeux mondiaux f\u00e9minins et capitaine de l\u2019\u00e9quipe de France f\u00e9minine de basket \u00e9tant la 1<sup>\u00e8re<\/sup>\u00e9quipe nationale f\u00e9minine fran\u00e7aise championne du monde. Elle a \u00e9galement r\u00e9alis\u00e9 des records du monde dans la cat\u00e9gorie lancer de disque. C\u2019\u00e9tait aussi la rivale de <a href=\"https:\/\/www.franceinter.fr\/emissions\/autant-en-emporte-l-histoire\/autant-en-emporte-l-histoire-16-juin-2019\">Violette Morris\u00a0<\/a>car elles \u00e9taient toutes deux membres de <a href=\"http:\/\/www.femina1912.fr\/\">Femina sport<\/a>.<\/span><\/li>\n<\/ul>\n<p style=\"text-align: justify\">\n<ul style=\"text-align: justify\">\n<li><span style=\"font-family: arial, helvetica, sans-serif\"><a href=\"https:\/\/www.liberation.fr\/sports\/2019\/02\/16\/suzanne-lenglen-premiere-star-internationale-du-tennis-francais_1709604\">Suzanne Lenglen<\/a>, joueuse de tennis fran\u00e7aise et premi\u00e8re star internationale du tennis f\u00e9minin \u00e0 \u00eatre m\u00e9diatis\u00e9e. Elle remporte six victoires lors des Internationaux de France et six autres \u00e0 Wimbledon ainsi qu\u2019une m\u00e9daille d\u2019or olympique lors des Jeux d\u2019Anvers en 1920.<\/span><\/li>\n<\/ul>\n<p style=\"text-align: justify\">\n<ul style=\"text-align: justify\">\n<li><span style=\"font-family: arial, helvetica, sans-serif\"><a href=\"https:\/\/www.franceinter.fr\/emissions\/il-etait-une-femme\/il-etait-une-femme-16-juin-2019\">Marie Marvingt<\/a>, sportive, infirmi\u00e8re et journaliste fran\u00e7aise polyvalente et novatrice dans l\u2019aviation et l\u2019alpinisme. Elle \u00e9tait surnomm\u00e9e \u00ab\u00a0La fianc\u00e9e du danger\u00a0\u00bb et a \u00e9t\u00e9 une des premi\u00e8res femmes \u00e0 avoir le permis de conduire en 1899.<\/span><\/li>\n<\/ul>\n<p style=\"text-align: justify\">\n<ul style=\"text-align: justify\">\n<li><span style=\"font-family: arial, helvetica, sans-serif\"><a href=\"https:\/\/www.francebleu.fr\/emissions\/les-gens-d-ici\/pays-de-savoie\/marielle-goitschel-7-fois-championne-du-monde-episode-3\">Marielle Goitschel<\/a>, skieuse alpine fran\u00e7aise ayant remport\u00e9 deux m\u00e9dailles d\u2019or olympiques et sacr\u00e9e sept fois championne du monde en seulement six ans.<\/span><\/li>\n<\/ul>\n<p style=\"text-align: justify\">\n<ul style=\"text-align: justify\">\n<li><span style=\"font-family: arial, helvetica, sans-serif\"><a href=\"https:\/\/www.rfi.fr\/fr\/france\/20180308-journee-internationale-femmes-hommage-boris-diaw-mere-elisabeth-riffiod-mere-modele\">\u00c9lisabeth Riffiod<\/a>, m\u00e8re de Boris Diaw, championne de France \u00e0 plusieurs reprises et meilleure joueuse internationale fran\u00e7aise de basket. Elle compte \u00e0 son actif 247 s\u00e9lections en \u00e9quipe de France. Elle est le symbole f\u00e9minin du basket et a fait \u00e9voluer cette discipline pour les femmes.<\/span><\/li>\n<\/ul>\n<p style=\"text-align: justify\"><span style=\"font-family: arial, helvetica, sans-serif\">Dans les ann\u00e9es 60, ce sont les <a href=\"https:\/\/france3-regions.francetvinfo.fr\/grand-est\/marne\/reims\/reims-ville-pionniere-du-football-feminin-annees-1960-1668851.html\">joueuses fran\u00e7aises de Reims\u00a0<\/a>qui se sont battues pour faire reconnaitre le football f\u00e9minin.\u00a0En <a href=\"https:\/\/www.liberation.fr\/checknews\/2019\/06\/12\/pourquoi-les-handballeuses-championnes-du-monde-n-ont-pas-elles-aussi-recu-la-legion-d-honneur_1733190\">2017<\/a>, <a href=\"https:\/\/www.lci.fr\/autres-sports\/pourquoi-pas-nous-apres-les-bleus-la-championne-du-monde-de-hand-beatrice-edwige-se-demande-ou-est-sa-legion-d-honneur-2123330.html\">l\u2019\u00e9quipe de France f\u00e9minine de Handball\u00a0<\/a>a \u00e9t\u00e9 sacr\u00e9e championne du monde mais n\u2019a pas re\u00e7u de l\u00e9gion d\u2019honneur de la part de l\u2019\u00c9lys\u00e9e et du Pr\u00e9sident de la R\u00e9publique.<\/span><\/p>\n<p style=\"text-align: justify\">\n<p>&nbsp;<\/p>\n<p style=\"text-align: justify\"><span style=\"font-family: arial, helvetica, sans-serif;font-size: 14pt\"><strong>Lutter contre les <\/strong><a href=\"https:\/\/www.lemonde.fr\/sport\/article\/2020\/02\/20\/violences-sexuelles-dans-le-sport-le-branle-bas-de-combat-des-federations_6030159_3242.html\"><strong>violences sportives<\/strong><\/a><\/span><\/p>\n<p style=\"text-align: justify\"><span style=\"font-family: arial, helvetica, sans-serif\">Lors d\u2019une conf\u00e9rence de presse le 1<sup>er<\/sup>juillet dernier, le <a href=\"http:\/\/www.sports.gouv.fr\/\">minist\u00e8re des Sports\u00a0<\/a>et <a href=\"https:\/\/www.lequipe.fr\/Natation\/Article\/Roxana-maracineanu-a-jamais-la-premiere-championne-du-monde-francaise-de-natation\/973782\">Roxana Maracineanu\u00a0<\/a>ont propos\u00e9 des solutions pour lutter contre les <a href=\"https:\/\/www.lemonde.fr\/sport\/article\/2020\/02\/20\/violences-sexuelles-dans-le-sport-le-branle-bas-de-combat-des-federations_6030159_3242.html\">violences sportives<\/a>.\u00a0Un conf\u00e9rence de presse d\u00e9di\u00e9e \u00e0 la pr\u00e9vention <a href=\"https:\/\/www.lemonde.fr\/sport\/article\/2020\/02\/20\/violences-sexuelles-dans-le-sport-le-branle-bas-de-combat-des-federations_6030159_3242.html\">des violences dans le sport<\/a>.\u00a0De nombreux th\u00e8mes ont \u00e9t\u00e9 abord\u00e9s comme la protection de l\u2019enfance, le traitement des situations de violences, la mobilisation nationale ou encore la mise en place d\u00e8s <a href=\"https:\/\/www.francetvinfo.fr\/sports\/violences-dans-le-sport\/violences-sexuelles-dans-le-sport-le-controle-d-honorabilite-des-benevoles-systematise-d-ici-a-2021_3924103.html\">2021 d\u2019un contr\u00f4le automatique d\u2019honorabilit\u00e9 des salari\u00e9s et b\u00e9n\u00e9voles sportifs<\/a>.<\/span><\/p>\n<p style=\"text-align: justify\"><span style=\"font-family: arial, helvetica, sans-serif\">Selon le <a href=\"http:\/\/www.sports.gouv.fr\/\">minist\u00e8re des Sports<\/a>, \u00e0 ce jour\u00a0: 67 mesures administratives d\u2019interdictions d\u2019enseigner ont \u00e9t\u00e9 prononc\u00e9es en six mois, 27 signalements ont \u00e9t\u00e9 fait au procureur de la R\u00e9publique et 88 enqu\u00eates administratives sont encore en cours.\u00a0L\u2019objectif est de demander aux pr\u00e9sidents des associations de s\u2019impliquer davantage car tous les cadres d\u2019\u00c9tat doivent faire l\u2019objet <a href=\"https:\/\/www.francetvinfo.fr\/sports\/violences-dans-le-sport\/violences-sexuelles-dans-le-sport-le-controle-d-honorabilite-des-benevoles-systematise-d-ici-a-2021_3924103.html\">d\u2019un contr\u00f4le d\u2019honorabilit\u00e9<\/a>.\u00a0Le <a href=\"http:\/\/www.sports.gouv.fr\/\">minist\u00e8re des Sports\u00a0<\/a>veut axer ces solutions sur la pr\u00e9vention, l\u2019\u00e9ducation, parler du rapport au corps aux enfants, informer gr\u00e2ce au sport, la mobilisation nationale et d\u00e9partementale et la protection de l\u2019enfance.<\/span><\/p>\n<p style=\"text-align: justify\"><span style=\"font-family: arial, helvetica, sans-serif\"><a href=\"https:\/\/www.nouvelobs.com\/journaliste\/152921\/emmanuelle-anizon.html\">Emmanuelle Anizon<\/a>, journaliste et reporter fran\u00e7aise pour l\u2019<a href=\"https:\/\/www.nouvelobs.com\/\">Obs<\/a>, explique que ce n\u2019est pas \u00e0 quelques pr\u00e9dateurs sportifs qu\u2019on a affaire mais \u00e0 \u00ab\u00a0<a href=\"https:\/\/www.youtube.com\/watch?v=ZdY8mam2qEY&amp;t=316s\">un nid de pr\u00e9dateurs<\/a>\u00a0\u00bb.\u00a0L\u2019omerta concernant les violences dans le sport dure depuis des d\u00e9cennies et n\u2019est pas totalement bris\u00e9e.<\/span><\/p>\n<p style=\"text-align: justify\">\n<p style=\"text-align: justify\">\n<!-- AddThis Advanced Settings generic via filter on the_content --><!-- AddThis Share Buttons generic via filter on the_content -->","protected":false},"excerpt":{"rendered":"<p>Depuis des ann\u00e9es, le sport est victime de nombreuses affaires de violences sexuelles\u00a0et une omerta s\u2019est cr\u00e9\u00e9e. Un sujet tabou\u00a0: beaucoup savent mais peu osent &hellip; <!-- AddThis Advanced Settings generic via filter on wp_trim_excerpt --><!-- AddThis Share Buttons generic via filter on wp_trim_excerpt --><\/p>\n","protected":false},"author":25371,"featured_media":20503,"comment_status":"open","ping_status":"open","sticky":false,"template":"","format":"standard","meta":{"_FSMCFIC_featured_image_caption":"","_FSMCFIC_featured_image_nocaption":"","_FSMCFIC_featured_image_hide":"","footnotes":""},"categories":[965,8,2862],"tags":[22405,22403,22399,22400,22402,2243,22406,22397,22404,22401,22398,22407,22396],"class_list":["post-20496","post","type-post","status-publish","format-standard","has-post-thumbnail","hentry","category-chronique-judiciaire","category-france","category-sport","tag-code-du-sport-francais","tag-emmanuelle-anizon","tag-femina-sport","tag-fifa","tag-jeux-olympiques","tag-journalisme-denquete","tag-lequipe","tag-ministere-des-sports","tag-obs","tag-omerta","tag-roxana-maracineanu","tag-sarah-abitbol","tag-violences-sportives"],"yoast_head":"<!-- This site is optimized with the Yoast SEO plugin v22.8 - https:\/\/yoast.com\/wordpress\/plugins\/seo\/ -->\n<title>Violences sexuelles dans le sport : la Grande Omerta - Lyon Bondy Blog<\/title>\n<meta name=\"robots\" content=\"index, follow, max-snippet:-1, max-image-preview:large, max-video-preview:-1\" \/>\n<link rel=\"canonical\" href=\"https:\/\/lyonbondyblog.fr\/LBB\/violences-sexuelles-dans-le-sport-la-grande-omerta\/\" \/>\n<meta property=\"og:locale\" content=\"fr_FR\" \/>\n<meta property=\"og:type\" content=\"article\" \/>\n<meta property=\"og:title\" content=\"Violences sexuelles dans le sport : la Grande Omerta - Lyon Bondy Blog\" \/>\n<meta property=\"og:description\" content=\"Depuis des ann\u00e9es, le sport est victime de nombreuses affaires de violences sexuelles\u00a0et une omerta s\u2019est cr\u00e9\u00e9e. Un sujet tabou\u00a0: beaucoup savent mais peu osent &hellip;\" \/>\n<meta property=\"og:url\" content=\"https:\/\/lyonbondyblog.fr\/LBB\/violences-sexuelles-dans-le-sport-la-grande-omerta\/\" \/>\n<meta property=\"og:site_name\" content=\"Lyon Bondy Blog\" \/>\n<meta property=\"article:publisher\" content=\"https:\/\/www.facebook.com\/lyonbondyblog\" \/>\n<meta property=\"article:published_time\" content=\"2020-07-17T15:00:03+00:00\" \/>\n<meta property=\"article:modified_time\" content=\"2025-05-20T11:26:24+00:00\" \/>\n<meta property=\"og:image\" content=\"https:\/\/lyonbondyblog.fr\/LBB\/wp-content\/uploads\/2020\/07\/Photo-violences-sport.jpg\" \/>\n\t<meta property=\"og:image:width\" content=\"3000\" \/>\n\t<meta property=\"og:image:height\" content=\"2081\" \/>\n\t<meta property=\"og:image:type\" content=\"image\/jpeg\" \/>\n<meta name=\"author\" content=\"Jade Lagnier\" \/>\n<meta name=\"twitter:card\" content=\"summary_large_image\" \/>\n<meta name=\"twitter:creator\" content=\"@bondybloglyon\" \/>\n<meta name=\"twitter:site\" content=\"@bondybloglyon\" \/>\n<script type=\"application\/ld+json\" class=\"yoast-schema-graph\">{\"@context\":\"https:\/\/schema.org\",\"@graph\":[{\"@type\":\"Article\",\"@id\":\"https:\/\/lyonbondyblog.fr\/LBB\/violences-sexuelles-dans-le-sport-la-grande-omerta\/#article\",\"isPartOf\":{\"@id\":\"https:\/\/lyonbondyblog.fr\/LBB\/violences-sexuelles-dans-le-sport-la-grande-omerta\/\"},\"author\":{\"name\":\"Jade Lagnier\",\"@id\":\"https:\/\/lyonbondyblog.fr\/LBB\/#\/schema\/person\/815584c75944ee266fb51813c1adc31b\"},\"headline\":\"Violences sexuelles dans le sport : la Grande Omerta\",\"datePublished\":\"2020-07-17T15:00:03+00:00\",\"dateModified\":\"2025-05-20T11:26:24+00:00\",\"mainEntityOfPage\":{\"@id\":\"https:\/\/lyonbondyblog.fr\/LBB\/violences-sexuelles-dans-le-sport-la-grande-omerta\/\"},\"wordCount\":1750,\"commentCount\":0,\"publisher\":{\"@id\":\"https:\/\/lyonbondyblog.fr\/LBB\/#organization\"},\"image\":{\"@id\":\"https:\/\/lyonbondyblog.fr\/LBB\/violences-sexuelles-dans-le-sport-la-grande-omerta\/#primaryimage\"},\"thumbnailUrl\":\"https:\/\/lyonbondyblog.fr\/LBB\/wp-content\/uploads\/2020\/07\/Photo-violences-sport.jpg\",\"keywords\":[\"code du sport fran\u00e7ais\",\"emmanuelle anizon\",\"femina sport\",\"fifa\",\"jeux olympiques\",\"Journalisme d'enqu\u00eate\",\"l'\u00e9quipe\",\"minist\u00e8re des sports\",\"obs\",\"omerta\",\"Roxana Maracineanu\",\"sarah abitbol\",\"violences sportives\"],\"articleSection\":[\"Chronique judiciaire\",\"France\",\"Sport\"],\"inLanguage\":\"fr-FR\",\"potentialAction\":[{\"@type\":\"CommentAction\",\"name\":\"Comment\",\"target\":[\"https:\/\/lyonbondyblog.fr\/LBB\/violences-sexuelles-dans-le-sport-la-grande-omerta\/#respond\"]}]},{\"@type\":\"WebPage\",\"@id\":\"https:\/\/lyonbondyblog.fr\/LBB\/violences-sexuelles-dans-le-sport-la-grande-omerta\/\",\"url\":\"https:\/\/lyonbondyblog.fr\/LBB\/violences-sexuelles-dans-le-sport-la-grande-omerta\/\",\"name\":\"Violences sexuelles dans le sport : la Grande Omerta - Lyon Bondy Blog\",\"isPartOf\":{\"@id\":\"https:\/\/lyonbondyblog.fr\/LBB\/#website\"},\"primaryImageOfPage\":{\"@id\":\"https:\/\/lyonbondyblog.fr\/LBB\/violences-sexuelles-dans-le-sport-la-grande-omerta\/#primaryimage\"},\"image\":{\"@id\":\"https:\/\/lyonbondyblog.fr\/LBB\/violences-sexuelles-dans-le-sport-la-grande-omerta\/#primaryimage\"},\"thumbnailUrl\":\"https:\/\/lyonbondyblog.fr\/LBB\/wp-content\/uploads\/2020\/07\/Photo-violences-sport.jpg\",\"datePublished\":\"2020-07-17T15:00:03+00:00\",\"dateModified\":\"2025-05-20T11:26:24+00:00\",\"inLanguage\":\"fr-FR\",\"potentialAction\":[{\"@type\":\"ReadAction\",\"target\":[\"https:\/\/lyonbondyblog.fr\/LBB\/violences-sexuelles-dans-le-sport-la-grande-omerta\/\"]}]},{\"@type\":\"ImageObject\",\"inLanguage\":\"fr-FR\",\"@id\":\"https:\/\/lyonbondyblog.fr\/LBB\/violences-sexuelles-dans-le-sport-la-grande-omerta\/#primaryimage\",\"url\":\"https:\/\/lyonbondyblog.fr\/LBB\/wp-content\/uploads\/2020\/07\/Photo-violences-sport.jpg\",\"contentUrl\":\"https:\/\/lyonbondyblog.fr\/LBB\/wp-content\/uploads\/2020\/07\/Photo-violences-sport.jpg\",\"width\":3000,\"height\":2081,\"caption\":\"Cr\u00e9dit photo : unsplash\"},{\"@type\":\"WebSite\",\"@id\":\"https:\/\/lyonbondyblog.fr\/LBB\/#website\",\"url\":\"https:\/\/lyonbondyblog.fr\/LBB\/\",\"name\":\"Lyon Bondy Blog\",\"description\":\"\",\"publisher\":{\"@id\":\"https:\/\/lyonbondyblog.fr\/LBB\/#organization\"},\"potentialAction\":[{\"@type\":\"SearchAction\",\"target\":{\"@type\":\"EntryPoint\",\"urlTemplate\":\"https:\/\/lyonbondyblog.fr\/LBB\/?s={search_term_string}\"},\"query-input\":\"required name=search_term_string\"}],\"inLanguage\":\"fr-FR\"},{\"@type\":\"Organization\",\"@id\":\"https:\/\/lyonbondyblog.fr\/LBB\/#organization\",\"name\":\"LYON BONDY BLOG\",\"url\":\"https:\/\/lyonbondyblog.fr\/LBB\/\",\"logo\":{\"@type\":\"ImageObject\",\"inLanguage\":\"fr-FR\",\"@id\":\"https:\/\/lyonbondyblog.fr\/LBB\/#\/schema\/logo\/image\/\",\"url\":\"http:\/\/lyonbondyblog.fr\/LBB\/wp-content\/uploads\/2014\/10\/logo-portable-144.png\",\"contentUrl\":\"http:\/\/lyonbondyblog.fr\/LBB\/wp-content\/uploads\/2014\/10\/logo-portable-144.png\",\"width\":144,\"height\":123,\"caption\":\"LYON BONDY BLOG\"},\"image\":{\"@id\":\"https:\/\/lyonbondyblog.fr\/LBB\/#\/schema\/logo\/image\/\"},\"sameAs\":[\"https:\/\/www.facebook.com\/lyonbondyblog\",\"https:\/\/x.com\/bondybloglyon\"]},{\"@type\":\"Person\",\"@id\":\"https:\/\/lyonbondyblog.fr\/LBB\/#\/schema\/person\/815584c75944ee266fb51813c1adc31b\",\"name\":\"Jade Lagnier\",\"url\":\"https:\/\/lyonbondyblog.fr\/LBB\/author\/jadelagnier\/\"}]}<\/script>\n<!-- \/ Yoast SEO plugin. -->","yoast_head_json":{"title":"Violences sexuelles dans le sport : la Grande Omerta - Lyon Bondy Blog","robots":{"index":"index","follow":"follow","max-snippet":"max-snippet:-1","max-image-preview":"max-image-preview:large","max-video-preview":"max-video-preview:-1"},"canonical":"https:\/\/lyonbondyblog.fr\/LBB\/violences-sexuelles-dans-le-sport-la-grande-omerta\/","og_locale":"fr_FR","og_type":"article","og_title":"Violences sexuelles dans le sport : la Grande Omerta - Lyon Bondy Blog","og_description":"Depuis des ann\u00e9es, le sport est victime de nombreuses affaires de violences sexuelles\u00a0et une omerta s\u2019est cr\u00e9\u00e9e. Un sujet tabou\u00a0: beaucoup savent mais peu osent &hellip;","og_url":"https:\/\/lyonbondyblog.fr\/LBB\/violences-sexuelles-dans-le-sport-la-grande-omerta\/","og_site_name":"Lyon Bondy Blog","article_publisher":"https:\/\/www.facebook.com\/lyonbondyblog","article_published_time":"2020-07-17T15:00:03+00:00","article_modified_time":"2025-05-20T11:26:24+00:00","og_image":[{"width":3000,"height":2081,"url":"https:\/\/lyonbondyblog.fr\/LBB\/wp-content\/uploads\/2020\/07\/Photo-violences-sport.jpg","type":"image\/jpeg"}],"author":"Jade Lagnier","twitter_card":"summary_large_image","twitter_creator":"@bondybloglyon","twitter_site":"@bondybloglyon","schema":{"@context":"https:\/\/schema.org","@graph":[{"@type":"Article","@id":"https:\/\/lyonbondyblog.fr\/LBB\/violences-sexuelles-dans-le-sport-la-grande-omerta\/#article","isPartOf":{"@id":"https:\/\/lyonbondyblog.fr\/LBB\/violences-sexuelles-dans-le-sport-la-grande-omerta\/"},"author":{"name":"Jade Lagnier","@id":"https:\/\/lyonbondyblog.fr\/LBB\/#\/schema\/person\/815584c75944ee266fb51813c1adc31b"},"headline":"Violences sexuelles dans le sport : la Grande Omerta","datePublished":"2020-07-17T15:00:03+00:00","dateModified":"2025-05-20T11:26:24+00:00","mainEntityOfPage":{"@id":"https:\/\/lyonbondyblog.fr\/LBB\/violences-sexuelles-dans-le-sport-la-grande-omerta\/"},"wordCount":1750,"commentCount":0,"publisher":{"@id":"https:\/\/lyonbondyblog.fr\/LBB\/#organization"},"image":{"@id":"https:\/\/lyonbondyblog.fr\/LBB\/violences-sexuelles-dans-le-sport-la-grande-omerta\/#primaryimage"},"thumbnailUrl":"https:\/\/lyonbondyblog.fr\/LBB\/wp-content\/uploads\/2020\/07\/Photo-violences-sport.jpg","keywords":["code du sport fran\u00e7ais","emmanuelle anizon","femina sport","fifa","jeux olympiques","Journalisme d'enqu\u00eate","l'\u00e9quipe","minist\u00e8re des sports","obs","omerta","Roxana Maracineanu","sarah abitbol","violences sportives"],"articleSection":["Chronique judiciaire","France","Sport"],"inLanguage":"fr-FR","potentialAction":[{"@type":"CommentAction","name":"Comment","target":["https:\/\/lyonbondyblog.fr\/LBB\/violences-sexuelles-dans-le-sport-la-grande-omerta\/#respond"]}]},{"@type":"WebPage","@id":"https:\/\/lyonbondyblog.fr\/LBB\/violences-sexuelles-dans-le-sport-la-grande-omerta\/","url":"https:\/\/lyonbondyblog.fr\/LBB\/violences-sexuelles-dans-le-sport-la-grande-omerta\/","name":"Violences sexuelles dans le sport : la Grande Omerta - Lyon Bondy Blog","isPartOf":{"@id":"https:\/\/lyonbondyblog.fr\/LBB\/#website"},"primaryImageOfPage":{"@id":"https:\/\/lyonbondyblog.fr\/LBB\/violences-sexuelles-dans-le-sport-la-grande-omerta\/#primaryimage"},"image":{"@id":"https:\/\/lyonbondyblog.fr\/LBB\/violences-sexuelles-dans-le-sport-la-grande-omerta\/#primaryimage"},"thumbnailUrl":"https:\/\/lyonbondyblog.fr\/LBB\/wp-content\/uploads\/2020\/07\/Photo-violences-sport.jpg","datePublished":"2020-07-17T15:00:03+00:00","dateModified":"2025-05-20T11:26:24+00:00","inLanguage":"fr-FR","potentialAction":[{"@type":"ReadAction","target":["https:\/\/lyonbondyblog.fr\/LBB\/violences-sexuelles-dans-le-sport-la-grande-omerta\/"]}]},{"@type":"ImageObject","inLanguage":"fr-FR","@id":"https:\/\/lyonbondyblog.fr\/LBB\/violences-sexuelles-dans-le-sport-la-grande-omerta\/#primaryimage","url":"https:\/\/lyonbondyblog.fr\/LBB\/wp-content\/uploads\/2020\/07\/Photo-violences-sport.jpg","contentUrl":"https:\/\/lyonbondyblog.fr\/LBB\/wp-content\/uploads\/2020\/07\/Photo-violences-sport.jpg","width":3000,"height":2081,"caption":"Cr\u00e9dit photo : unsplash"},{"@type":"WebSite","@id":"https:\/\/lyonbondyblog.fr\/LBB\/#website","url":"https:\/\/lyonbondyblog.fr\/LBB\/","name":"Lyon Bondy Blog","description":"","publisher":{"@id":"https:\/\/lyonbondyblog.fr\/LBB\/#organization"},"potentialAction":[{"@type":"SearchAction","target":{"@type":"EntryPoint","urlTemplate":"https:\/\/lyonbondyblog.fr\/LBB\/?s={search_term_string}"},"query-input":"required name=search_term_string"}],"inLanguage":"fr-FR"},{"@type":"Organization","@id":"https:\/\/lyonbondyblog.fr\/LBB\/#organization","name":"LYON BONDY BLOG","url":"https:\/\/lyonbondyblog.fr\/LBB\/","logo":{"@type":"ImageObject","inLanguage":"fr-FR","@id":"https:\/\/lyonbondyblog.fr\/LBB\/#\/schema\/logo\/image\/","url":"http:\/\/lyonbondyblog.fr\/LBB\/wp-content\/uploads\/2014\/10\/logo-portable-144.png","contentUrl":"http:\/\/lyonbondyblog.fr\/LBB\/wp-content\/uploads\/2014\/10\/logo-portable-144.png","width":144,"height":123,"caption":"LYON BONDY BLOG"},"image":{"@id":"https:\/\/lyonbondyblog.fr\/LBB\/#\/schema\/logo\/image\/"},"sameAs":["https:\/\/www.facebook.com\/lyonbondyblog","https:\/\/x.com\/bondybloglyon"]},{"@type":"Person","@id":"https:\/\/lyonbondyblog.fr\/LBB\/#\/schema\/person\/815584c75944ee266fb51813c1adc31b","name":"Jade Lagnier","url":"https:\/\/lyonbondyblog.fr\/LBB\/author\/jadelagnier\/"}]}},"_links":{"self":[{"href":"https:\/\/lyonbondyblog.fr\/LBB\/wp-json\/wp\/v2\/posts\/20496","targetHints":{"allow":["GET"]}}],"collection":[{"href":"https:\/\/lyonbondyblog.fr\/LBB\/wp-json\/wp\/v2\/posts"}],"about":[{"href":"https:\/\/lyonbondyblog.fr\/LBB\/wp-json\/wp\/v2\/types\/post"}],"author":[{"embeddable":true,"href":"https:\/\/lyonbondyblog.fr\/LBB\/wp-json\/wp\/v2\/users\/25371"}],"replies":[{"embeddable":true,"href":"https:\/\/lyonbondyblog.fr\/LBB\/wp-json\/wp\/v2\/comments?post=20496"}],"version-history":[{"count":7,"href":"https:\/\/lyonbondyblog.fr\/LBB\/wp-json\/wp\/v2\/posts\/20496\/revisions"}],"predecessor-version":[{"id":20504,"href":"https:\/\/lyonbondyblog.fr\/LBB\/wp-json\/wp\/v2\/posts\/20496\/revisions\/20504"}],"wp:featuredmedia":[{"embeddable":true,"href":"https:\/\/lyonbondyblog.fr\/LBB\/wp-json\/wp\/v2\/media\/20503"}],"wp:attachment":[{"href":"https:\/\/lyonbondyblog.fr\/LBB\/wp-json\/wp\/v2\/media?parent=20496"}],"wp:term":[{"taxonomy":"category","embeddable":true,"href":"https:\/\/lyonbondyblog.fr\/LBB\/wp-json\/wp\/v2\/categories?post=20496"},{"taxonomy":"post_tag","embeddable":true,"href":"https:\/\/lyonbondyblog.fr\/LBB\/wp-json\/wp\/v2\/tags?post=20496"}],"curies":[{"name":"wp","href":"https:\/\/api.w.org\/{rel}","templated":true}]}}