{"id":20428,"date":"2020-07-11T17:32:56","date_gmt":"2020-07-11T15:32:56","guid":{"rendered":"http:\/\/lyonbondyblog.fr\/LBB\/?p=20428"},"modified":"2020-07-29T09:59:39","modified_gmt":"2020-07-29T07:59:39","slug":"dossier-sur-la-participation-citoyenne-avec-le-lbb-episode-4-le-cafe-citoyen-de-saint-genis-marylene-millet-a-la-rencontre-des-habitants","status":"publish","type":"post","link":"https:\/\/lyonbondyblog.fr\/LBB\/dossier-sur-la-participation-citoyenne-avec-le-lbb-episode-4-le-cafe-citoyen-de-saint-genis-marylene-millet-a-la-rencontre-des-habitants\/","title":{"rendered":"Dossier sur la participation citoyenne avec le LBB &#8211; \u00e9pisode 4 : Le caf\u00e9 citoyen de Saint-Genis : Maryl\u00e8ne Millet \u00e0 la rencontre des habitants"},"content":{"rendered":"<p style=\"text-align: justify\"><span style=\"font-family: arial, helvetica, sans-serif\"><b>Ce samedi 11 juillet avait lieu un caf\u00e9 citoyen \u00e0 Saint-Genis-Laval. Lieu d\u2019\u00e9changes entre l\u2019\u00e9lu et le citoyen, ce genre d\u2019\u00e9v\u00e8nement a pour ambition de r\u00e9pondre au manque de proximit\u00e9, surtout dans un contexte de d\u00e9fiance de la population envers les partis politiques traditionnels. Malgr\u00e9 de nombreux participants, les jeunes n\u2019ont pas r\u00e9pondu \u00e0 <span style=\"font-family: arial, helvetica, sans-serif\">l\u2019invitation.<\/span><\/b><\/span><\/p>\n<p style=\"text-align: justify\"><img loading=\"lazy\" decoding=\"async\" class=\"wp-image-20432 aligncenter\" src=\"https:\/\/lyonbondyblog.fr\/LBB\/wp-content\/uploads\/2020\/07\/IMG_20200711_094119-e1594479400923-900x1200.jpg\" alt=\"\" width=\"431\" height=\"574\" srcset=\"https:\/\/lyonbondyblog.fr\/LBB\/wp-content\/uploads\/2020\/07\/IMG_20200711_094119-e1594479400923-900x1200.jpg 900w, https:\/\/lyonbondyblog.fr\/LBB\/wp-content\/uploads\/2020\/07\/IMG_20200711_094119-e1594479400923-768x1024.jpg 768w, https:\/\/lyonbondyblog.fr\/LBB\/wp-content\/uploads\/2020\/07\/IMG_20200711_094119-e1594479400923-1440x1920.jpg 1440w, https:\/\/lyonbondyblog.fr\/LBB\/wp-content\/uploads\/2020\/07\/IMG_20200711_094119-e1594479400923-600x800.jpg 600w\" sizes=\"auto, (max-width: 431px) 100vw, 431px\" \/><\/p>\n<p style=\"text-align: justify\"><span style=\"font-family: arial, helvetica, sans-serif\">Maryl\u00e8ne Millet en pleine discussion avec une habitante, Saint- Genis-Laval.<\/span><\/p>\n<p style=\"text-align: justify\">\n<p style=\"text-align: justify\"><span style=\"font-family: arial, helvetica, sans-serif\">9 heures 30 \u00e0 Saint-Genis-Laval.<span class=\"Apple-converted-space\">\u00a0 <\/span>La place Jaboulay se remplit petit \u00e0 petit en ce samedi matin frisquet. Un stand a \u00e9t\u00e9 mont\u00e9. Au menu : viennoiseries, caf\u00e9 et jus de fruits. \u00ab\u00a0Il y a beaucoup de monde !\u00a0\u00bb, se r\u00e9jouit la maire <a href=\"https:\/\/lyonbondyblog.fr\/LBB\/marylene-millet-pour-un-travail-dequipe-a-st-genis-laval\/\">Maryl\u00e8ne Millet.<\/a> C\u2019est cette derni\u00e8re qui est \u00e0 l\u2019origine de ce caf\u00e9 citoyen, premier engagement des cents premiers jours de son mandat. Durant cette p\u00e9riode, l\u2019accent sera mis sur la proximit\u00e9, la redynamisation du centre-ville, la circulation, la s\u00e9curit\u00e9 publique, la vie associative et l\u2019\u00e9conomie. <\/span><\/p>\n<p style=\"text-align: justify\"><span style=\"font-family: arial, helvetica, sans-serif\">Ces rencontres avec les habitants auront lieu tous les mois (\u00e0 l\u2019exception des vacances scolaires) dans des endroits diff\u00e9rents de la ville pour toucher le plus de Saint-Genois possible. Avec sa liste Aimer Saint Genis, la maire actuelle a battu Roland Cr\u00e9mier (LREM), \u00e9dile de la ville depuis 2001 en recueillant 45,07 % des voix au second tour des \u00e9lections municipales.<span class=\"Apple-converted-space\">\u00a0<\/span><\/span><\/p>\n<p style=\"text-align: justify\"><span style=\"font-family: arial, helvetica, sans-serif\"><b>\u00ab\u00a0Un premier contact\u00a0\u00bb<\/b><\/span><\/p>\n<p style=\"text-align: justify\"><span style=\"font-family: arial, helvetica, sans-serif\">En ce d\u00e9but de mandat, \u00ab\u00a0aller vers\u00a0\u00bb est un peu le leitmotiv de la maire. Au milieu du stand, elle encha\u00eene les entretiens individuels avec les habitants venus exprimer leurs dol\u00e9ances, la f\u00e9liciter voire m\u00eame lui offrir un bouquet ou des p\u00e2tisseries. \u00ab\u00a0Ce moment d\u2019\u00e9change informel permet un premier contact.\u00a0\u00bb, nous explique Maryl\u00e8ne Millet. Le citoyen peut aussi d\u00e9couvrir la constitution de l\u2019\u00e9quipe municipale, et \u00e0 qui s\u2019adresser pour r\u00e9gler tel ou tel probl\u00e8me.<\/span><\/p>\n<p style=\"text-align: justify\"><span style=\"font-family: arial, helvetica, sans-serif\">C\u2019est le cas de Diane, habitante de Saint-Genis-Laval depuis deux ans et m\u00e8re de trois enfants. Elle est venue participer \u00e0 ce caf\u00e9-citoyen dans le but de rencontrer l\u2019\u00e9quipe de Maryl\u00e8ne Millet et en savoir davantage sur les projets de la nouvelle maire de la commune. V\u00e9ronique, assistante maternelle, souhaiterait l\u2019installation de ralentisseurs pr\u00e8s de la place Jaboulay et plus de surveillance \u00e0 la sortie des \u00e9tablissements scolaires. Anissa, assistante de direction, voudrait que sa ville devienne plus dynamique. \u00abOn se sent un peu comme dans un village, ce serait bien de redynamiser le centre-ville en d\u00e9veloppant de nouveaux commerces, en organisant des \u00e9v\u00e8nements sur la place\u00bb.<\/span><\/p>\n<p style=\"text-align: justify\"><span style=\"font-family: arial, helvetica, sans-serif\"><b>Une jeunesse quasi absente<\/b><\/span><\/p>\n<p style=\"text-align: justify\"><span style=\"font-family: arial, helvetica, sans-serif\">Saint-Genis-Laval n\u2019a pas \u00e9chapp\u00e9 \u00e0 la vague d\u2019abstention aux municipales qui a frapp\u00e9 la France avec plus de 60 % d\u2019abstention au second tour. Maryl\u00e8ne Millet estime qu\u2019avoir une proximit\u00e9 avec l\u2019habitant ne suffira pas \u00e0 endiguer cette crise d\u00e9mocratique. Une participation du citoyen \u00e0 la d\u00e9cision politique est n\u00e9cessaire. \u00ab\u00a0Il faut impliquer les habitants dans des commissions, dans des conseils de quartier\u00a0\u00bb. La \u00ab\u00a0transparence\u00a0\u00bb est un autre engagement de l\u2019\u00e9lue. Dans cette optique, une retransmission en direct sur Internet des conseils municipaux a \u00e9t\u00e9 mise en place.<span class=\"Apple-converted-space\">\u00a0 <\/span><\/span><\/p>\n<p style=\"text-align: justify\"><span style=\"font-family: arial, helvetica, sans-serif\">Par contre, les jeunes restent encore et toujours les grands absents de ce rassemblement. Maryl\u00e8ne Millet reste soucieuse de cette forte abstention chez les jeunes. \u00ab\u00a0Il faut essayer de les rencontrer\u00a0pour en parler\u00a0\u00bb. L\u2019\u00e9dile voudrait montrer que les institutions politiques restent toujours un moyen efficace pour participer au d\u00e9bat public. \u00ab\u00a0On voit \u00e0 travers leur engagement pour le climat que les jeunes ont envie de faire passer des messages. Je veux leur montrer qu\u2019on peut le faire en \u00e9tant \u00e9lu.\u00a0\u00bb <\/span><\/p>\n<p style=\"text-align: justify\"><span style=\"font-family: arial, helvetica, sans-serif\">Parmi les rares jeunes pr\u00e9sents, Jade (17 ans) regrette le manque d&rsquo;int\u00e9r\u00eat de la jeunesse Saint-Genoise, mais est confiante quant \u00e0 la capacit\u00e9 de la maire \u00e0 mobiliser les jeunes. \u00abLa pr\u00e9sence et l\u2019activit\u00e9 de Maryl\u00e8ne Millet sur les r\u00e9seaux sociaux favoriseront l\u2019implication de la jeunesse dans la collectivit\u00e9.\u00bb<span class=\"Apple-converted-space\">\u00a0<\/span><\/span><\/p>\n<p style=\"text-align: justify\"><img loading=\"lazy\" decoding=\"async\" class=\"wp-image-20434 aligncenter\" src=\"https:\/\/lyonbondyblog.fr\/LBB\/wp-content\/uploads\/2020\/07\/IMG_20200711_102342-1200x900.jpg\" alt=\"\" width=\"782\" height=\"587\" srcset=\"https:\/\/lyonbondyblog.fr\/LBB\/wp-content\/uploads\/2020\/07\/IMG_20200711_102342-1200x900.jpg 1200w, https:\/\/lyonbondyblog.fr\/LBB\/wp-content\/uploads\/2020\/07\/IMG_20200711_102342-768x576.jpg 768w, https:\/\/lyonbondyblog.fr\/LBB\/wp-content\/uploads\/2020\/07\/IMG_20200711_102342-1920x1440.jpg 1920w, https:\/\/lyonbondyblog.fr\/LBB\/wp-content\/uploads\/2020\/07\/IMG_20200711_102342-600x450.jpg 600w\" sizes=\"auto, (max-width: 782px) 100vw, 782px\" \/><\/p>\n<p style=\"text-align: justify\"><span style=\"font-family: arial, helvetica, sans-serif\">Le stand du caf\u00e9 citoyen \u00e0 la place Jaboulay, Saint-Genis-Laval.<\/span><\/p>\n<p style=\"text-align: justify\"><span style=\"font-family: arial, helvetica, sans-serif\">Victor Labrousse et Le\u00efla Ghedaifi<\/span><\/p>\n<!-- AddThis Advanced Settings generic via filter on the_content --><!-- AddThis Share Buttons generic via filter on the_content -->","protected":false},"excerpt":{"rendered":"<p>Ce samedi 11 juillet avait lieu un caf\u00e9 citoyen \u00e0 Saint-Genis-Laval. Lieu d\u2019\u00e9changes entre l\u2019\u00e9lu et le citoyen, ce genre d\u2019\u00e9v\u00e8nement a pour ambition de &hellip; <!-- AddThis Advanced Settings generic via filter on wp_trim_excerpt --><!-- AddThis Share Buttons generic via filter on wp_trim_excerpt --><\/p>\n","protected":false},"author":25739,"featured_media":20429,"comment_status":"open","ping_status":"open","sticky":false,"template":"","format":"standard","meta":{"_FSMCFIC_featured_image_caption":"","_FSMCFIC_featured_image_nocaption":"","_FSMCFIC_featured_image_hide":"","footnotes":""},"categories":[6,2],"tags":[22346,22348,22341,165,22347],"class_list":["post-20428","post","type-post","status-publish","format-standard","has-post-thumbnail","hentry","category-politique","category-societe","tag-cafe-citoyen","tag-marylene-millet","tag-participation-citoyenne","tag-politique-2","tag-saint-genis-laval"],"yoast_head":"<!-- This site is optimized with the Yoast SEO plugin v22.8 - https:\/\/yoast.com\/wordpress\/plugins\/seo\/ -->\n<title>Dossier sur la participation citoyenne avec le LBB - \u00e9pisode 4 : Le caf\u00e9 citoyen de Saint-Genis : Maryl\u00e8ne Millet \u00e0 la rencontre des habitants - Lyon Bondy Blog<\/title>\n<meta name=\"robots\" content=\"index, follow, max-snippet:-1, max-image-preview:large, max-video-preview:-1\" \/>\n<link rel=\"canonical\" href=\"https:\/\/lyonbondyblog.fr\/LBB\/dossier-sur-la-participation-citoyenne-avec-le-lbb-episode-4-le-cafe-citoyen-de-saint-genis-marylene-millet-a-la-rencontre-des-habitants\/\" \/>\n<meta property=\"og:locale\" content=\"fr_FR\" \/>\n<meta property=\"og:type\" content=\"article\" \/>\n<meta property=\"og:title\" content=\"Dossier sur la participation citoyenne avec le LBB - \u00e9pisode 4 : Le caf\u00e9 citoyen de Saint-Genis : Maryl\u00e8ne Millet \u00e0 la rencontre des habitants - Lyon Bondy Blog\" \/>\n<meta property=\"og:description\" content=\"Ce samedi 11 juillet avait lieu un caf\u00e9 citoyen \u00e0 Saint-Genis-Laval. Lieu d\u2019\u00e9changes entre l\u2019\u00e9lu et le citoyen, ce genre d\u2019\u00e9v\u00e8nement a pour ambition de &hellip;\" \/>\n<meta property=\"og:url\" content=\"https:\/\/lyonbondyblog.fr\/LBB\/dossier-sur-la-participation-citoyenne-avec-le-lbb-episode-4-le-cafe-citoyen-de-saint-genis-marylene-millet-a-la-rencontre-des-habitants\/\" \/>\n<meta property=\"og:site_name\" content=\"Lyon Bondy Blog\" \/>\n<meta property=\"article:publisher\" content=\"https:\/\/www.facebook.com\/lyonbondyblog\" \/>\n<meta property=\"article:published_time\" content=\"2020-07-11T15:32:56+00:00\" \/>\n<meta property=\"article:modified_time\" content=\"2020-07-29T07:59:39+00:00\" \/>\n<meta property=\"og:image\" content=\"https:\/\/lyonbondyblog.fr\/LBB\/wp-content\/uploads\/2020\/07\/IMG_20200711_102359-1920x1440.jpg\" \/>\n\t<meta property=\"og:image:width\" content=\"1920\" \/>\n\t<meta property=\"og:image:height\" content=\"1440\" \/>\n\t<meta property=\"og:image:type\" content=\"image\/jpeg\" \/>\n<meta name=\"author\" content=\"Victor Labrousse\" \/>\n<meta name=\"twitter:card\" content=\"summary_large_image\" \/>\n<meta name=\"twitter:creator\" content=\"@bondybloglyon\" \/>\n<meta name=\"twitter:site\" content=\"@bondybloglyon\" \/>\n<script type=\"application\/ld+json\" class=\"yoast-schema-graph\">{\"@context\":\"https:\/\/schema.org\",\"@graph\":[{\"@type\":\"Article\",\"@id\":\"https:\/\/lyonbondyblog.fr\/LBB\/dossier-sur-la-participation-citoyenne-avec-le-lbb-episode-4-le-cafe-citoyen-de-saint-genis-marylene-millet-a-la-rencontre-des-habitants\/#article\",\"isPartOf\":{\"@id\":\"https:\/\/lyonbondyblog.fr\/LBB\/dossier-sur-la-participation-citoyenne-avec-le-lbb-episode-4-le-cafe-citoyen-de-saint-genis-marylene-millet-a-la-rencontre-des-habitants\/\"},\"author\":{\"name\":\"Victor Labrousse\",\"@id\":\"https:\/\/lyonbondyblog.fr\/LBB\/#\/schema\/person\/cbbd9164af3ac3e721f2961e4178bb6e\"},\"headline\":\"Dossier sur la participation citoyenne avec le LBB &#8211; \u00e9pisode 4 : Le caf\u00e9 citoyen de Saint-Genis : Maryl\u00e8ne Millet \u00e0 la rencontre des habitants\",\"datePublished\":\"2020-07-11T15:32:56+00:00\",\"dateModified\":\"2020-07-29T07:59:39+00:00\",\"mainEntityOfPage\":{\"@id\":\"https:\/\/lyonbondyblog.fr\/LBB\/dossier-sur-la-participation-citoyenne-avec-le-lbb-episode-4-le-cafe-citoyen-de-saint-genis-marylene-millet-a-la-rencontre-des-habitants\/\"},\"wordCount\":698,\"commentCount\":0,\"publisher\":{\"@id\":\"https:\/\/lyonbondyblog.fr\/LBB\/#organization\"},\"image\":{\"@id\":\"https:\/\/lyonbondyblog.fr\/LBB\/dossier-sur-la-participation-citoyenne-avec-le-lbb-episode-4-le-cafe-citoyen-de-saint-genis-marylene-millet-a-la-rencontre-des-habitants\/#primaryimage\"},\"thumbnailUrl\":\"https:\/\/lyonbondyblog.fr\/LBB\/wp-content\/uploads\/2020\/07\/IMG_20200711_102359.jpg\",\"keywords\":[\"caf\u00e9 citoyen\",\"Maryl\u00e8ne Millet\",\"participation citoyenne\",\"politique\",\"Saint-Genis-Laval\"],\"articleSection\":[\"Politique\",\"Soci\u00e9t\u00e9\"],\"inLanguage\":\"fr-FR\",\"potentialAction\":[{\"@type\":\"CommentAction\",\"name\":\"Comment\",\"target\":[\"https:\/\/lyonbondyblog.fr\/LBB\/dossier-sur-la-participation-citoyenne-avec-le-lbb-episode-4-le-cafe-citoyen-de-saint-genis-marylene-millet-a-la-rencontre-des-habitants\/#respond\"]}]},{\"@type\":\"WebPage\",\"@id\":\"https:\/\/lyonbondyblog.fr\/LBB\/dossier-sur-la-participation-citoyenne-avec-le-lbb-episode-4-le-cafe-citoyen-de-saint-genis-marylene-millet-a-la-rencontre-des-habitants\/\",\"url\":\"https:\/\/lyonbondyblog.fr\/LBB\/dossier-sur-la-participation-citoyenne-avec-le-lbb-episode-4-le-cafe-citoyen-de-saint-genis-marylene-millet-a-la-rencontre-des-habitants\/\",\"name\":\"Dossier sur la participation citoyenne avec le LBB - \u00e9pisode 4 : Le caf\u00e9 citoyen de Saint-Genis : Maryl\u00e8ne Millet \u00e0 la rencontre des habitants - Lyon Bondy Blog\",\"isPartOf\":{\"@id\":\"https:\/\/lyonbondyblog.fr\/LBB\/#website\"},\"primaryImageOfPage\":{\"@id\":\"https:\/\/lyonbondyblog.fr\/LBB\/dossier-sur-la-participation-citoyenne-avec-le-lbb-episode-4-le-cafe-citoyen-de-saint-genis-marylene-millet-a-la-rencontre-des-habitants\/#primaryimage\"},\"image\":{\"@id\":\"https:\/\/lyonbondyblog.fr\/LBB\/dossier-sur-la-participation-citoyenne-avec-le-lbb-episode-4-le-cafe-citoyen-de-saint-genis-marylene-millet-a-la-rencontre-des-habitants\/#primaryimage\"},\"thumbnailUrl\":\"https:\/\/lyonbondyblog.fr\/LBB\/wp-content\/uploads\/2020\/07\/IMG_20200711_102359.jpg\",\"datePublished\":\"2020-07-11T15:32:56+00:00\",\"dateModified\":\"2020-07-29T07:59:39+00:00\",\"inLanguage\":\"fr-FR\",\"potentialAction\":[{\"@type\":\"ReadAction\",\"target\":[\"https:\/\/lyonbondyblog.fr\/LBB\/dossier-sur-la-participation-citoyenne-avec-le-lbb-episode-4-le-cafe-citoyen-de-saint-genis-marylene-millet-a-la-rencontre-des-habitants\/\"]}]},{\"@type\":\"ImageObject\",\"inLanguage\":\"fr-FR\",\"@id\":\"https:\/\/lyonbondyblog.fr\/LBB\/dossier-sur-la-participation-citoyenne-avec-le-lbb-episode-4-le-cafe-citoyen-de-saint-genis-marylene-millet-a-la-rencontre-des-habitants\/#primaryimage\",\"url\":\"https:\/\/lyonbondyblog.fr\/LBB\/wp-content\/uploads\/2020\/07\/IMG_20200711_102359.jpg\",\"contentUrl\":\"https:\/\/lyonbondyblog.fr\/LBB\/wp-content\/uploads\/2020\/07\/IMG_20200711_102359.jpg\",\"width\":4000,\"height\":3000},{\"@type\":\"WebSite\",\"@id\":\"https:\/\/lyonbondyblog.fr\/LBB\/#website\",\"url\":\"https:\/\/lyonbondyblog.fr\/LBB\/\",\"name\":\"Lyon Bondy Blog\",\"description\":\"\",\"publisher\":{\"@id\":\"https:\/\/lyonbondyblog.fr\/LBB\/#organization\"},\"potentialAction\":[{\"@type\":\"SearchAction\",\"target\":{\"@type\":\"EntryPoint\",\"urlTemplate\":\"https:\/\/lyonbondyblog.fr\/LBB\/?s={search_term_string}\"},\"query-input\":\"required name=search_term_string\"}],\"inLanguage\":\"fr-FR\"},{\"@type\":\"Organization\",\"@id\":\"https:\/\/lyonbondyblog.fr\/LBB\/#organization\",\"name\":\"LYON BONDY BLOG\",\"url\":\"https:\/\/lyonbondyblog.fr\/LBB\/\",\"logo\":{\"@type\":\"ImageObject\",\"inLanguage\":\"fr-FR\",\"@id\":\"https:\/\/lyonbondyblog.fr\/LBB\/#\/schema\/logo\/image\/\",\"url\":\"http:\/\/lyonbondyblog.fr\/LBB\/wp-content\/uploads\/2014\/10\/logo-portable-144.png\",\"contentUrl\":\"http:\/\/lyonbondyblog.fr\/LBB\/wp-content\/uploads\/2014\/10\/logo-portable-144.png\",\"width\":144,\"height\":123,\"caption\":\"LYON BONDY BLOG\"},\"image\":{\"@id\":\"https:\/\/lyonbondyblog.fr\/LBB\/#\/schema\/logo\/image\/\"},\"sameAs\":[\"https:\/\/www.facebook.com\/lyonbondyblog\",\"https:\/\/x.com\/bondybloglyon\"]},{\"@type\":\"Person\",\"@id\":\"https:\/\/lyonbondyblog.fr\/LBB\/#\/schema\/person\/cbbd9164af3ac3e721f2961e4178bb6e\",\"name\":\"Victor Labrousse\",\"url\":\"https:\/\/lyonbondyblog.fr\/LBB\/author\/victor-labrousse\/\"}]}<\/script>\n<!-- \/ Yoast SEO plugin. -->","yoast_head_json":{"title":"Dossier sur la participation citoyenne avec le LBB - \u00e9pisode 4 : Le caf\u00e9 citoyen de Saint-Genis : Maryl\u00e8ne Millet \u00e0 la rencontre des habitants - Lyon Bondy Blog","robots":{"index":"index","follow":"follow","max-snippet":"max-snippet:-1","max-image-preview":"max-image-preview:large","max-video-preview":"max-video-preview:-1"},"canonical":"https:\/\/lyonbondyblog.fr\/LBB\/dossier-sur-la-participation-citoyenne-avec-le-lbb-episode-4-le-cafe-citoyen-de-saint-genis-marylene-millet-a-la-rencontre-des-habitants\/","og_locale":"fr_FR","og_type":"article","og_title":"Dossier sur la participation citoyenne avec le LBB - \u00e9pisode 4 : Le caf\u00e9 citoyen de Saint-Genis : Maryl\u00e8ne Millet \u00e0 la rencontre des habitants - Lyon Bondy Blog","og_description":"Ce samedi 11 juillet avait lieu un caf\u00e9 citoyen \u00e0 Saint-Genis-Laval. Lieu d\u2019\u00e9changes entre l\u2019\u00e9lu et le citoyen, ce genre d\u2019\u00e9v\u00e8nement a pour ambition de &hellip;","og_url":"https:\/\/lyonbondyblog.fr\/LBB\/dossier-sur-la-participation-citoyenne-avec-le-lbb-episode-4-le-cafe-citoyen-de-saint-genis-marylene-millet-a-la-rencontre-des-habitants\/","og_site_name":"Lyon Bondy Blog","article_publisher":"https:\/\/www.facebook.com\/lyonbondyblog","article_published_time":"2020-07-11T15:32:56+00:00","article_modified_time":"2020-07-29T07:59:39+00:00","og_image":[{"width":1920,"height":1440,"url":"https:\/\/lyonbondyblog.fr\/LBB\/wp-content\/uploads\/2020\/07\/IMG_20200711_102359-1920x1440.jpg","type":"image\/jpeg"}],"author":"Victor Labrousse","twitter_card":"summary_large_image","twitter_creator":"@bondybloglyon","twitter_site":"@bondybloglyon","schema":{"@context":"https:\/\/schema.org","@graph":[{"@type":"Article","@id":"https:\/\/lyonbondyblog.fr\/LBB\/dossier-sur-la-participation-citoyenne-avec-le-lbb-episode-4-le-cafe-citoyen-de-saint-genis-marylene-millet-a-la-rencontre-des-habitants\/#article","isPartOf":{"@id":"https:\/\/lyonbondyblog.fr\/LBB\/dossier-sur-la-participation-citoyenne-avec-le-lbb-episode-4-le-cafe-citoyen-de-saint-genis-marylene-millet-a-la-rencontre-des-habitants\/"},"author":{"name":"Victor Labrousse","@id":"https:\/\/lyonbondyblog.fr\/LBB\/#\/schema\/person\/cbbd9164af3ac3e721f2961e4178bb6e"},"headline":"Dossier sur la participation citoyenne avec le LBB &#8211; \u00e9pisode 4 : Le caf\u00e9 citoyen de Saint-Genis : Maryl\u00e8ne Millet \u00e0 la rencontre des habitants","datePublished":"2020-07-11T15:32:56+00:00","dateModified":"2020-07-29T07:59:39+00:00","mainEntityOfPage":{"@id":"https:\/\/lyonbondyblog.fr\/LBB\/dossier-sur-la-participation-citoyenne-avec-le-lbb-episode-4-le-cafe-citoyen-de-saint-genis-marylene-millet-a-la-rencontre-des-habitants\/"},"wordCount":698,"commentCount":0,"publisher":{"@id":"https:\/\/lyonbondyblog.fr\/LBB\/#organization"},"image":{"@id":"https:\/\/lyonbondyblog.fr\/LBB\/dossier-sur-la-participation-citoyenne-avec-le-lbb-episode-4-le-cafe-citoyen-de-saint-genis-marylene-millet-a-la-rencontre-des-habitants\/#primaryimage"},"thumbnailUrl":"https:\/\/lyonbondyblog.fr\/LBB\/wp-content\/uploads\/2020\/07\/IMG_20200711_102359.jpg","keywords":["caf\u00e9 citoyen","Maryl\u00e8ne Millet","participation citoyenne","politique","Saint-Genis-Laval"],"articleSection":["Politique","Soci\u00e9t\u00e9"],"inLanguage":"fr-FR","potentialAction":[{"@type":"CommentAction","name":"Comment","target":["https:\/\/lyonbondyblog.fr\/LBB\/dossier-sur-la-participation-citoyenne-avec-le-lbb-episode-4-le-cafe-citoyen-de-saint-genis-marylene-millet-a-la-rencontre-des-habitants\/#respond"]}]},{"@type":"WebPage","@id":"https:\/\/lyonbondyblog.fr\/LBB\/dossier-sur-la-participation-citoyenne-avec-le-lbb-episode-4-le-cafe-citoyen-de-saint-genis-marylene-millet-a-la-rencontre-des-habitants\/","url":"https:\/\/lyonbondyblog.fr\/LBB\/dossier-sur-la-participation-citoyenne-avec-le-lbb-episode-4-le-cafe-citoyen-de-saint-genis-marylene-millet-a-la-rencontre-des-habitants\/","name":"Dossier sur la participation citoyenne avec le LBB - \u00e9pisode 4 : Le caf\u00e9 citoyen de Saint-Genis : Maryl\u00e8ne Millet \u00e0 la rencontre des habitants - Lyon Bondy Blog","isPartOf":{"@id":"https:\/\/lyonbondyblog.fr\/LBB\/#website"},"primaryImageOfPage":{"@id":"https:\/\/lyonbondyblog.fr\/LBB\/dossier-sur-la-participation-citoyenne-avec-le-lbb-episode-4-le-cafe-citoyen-de-saint-genis-marylene-millet-a-la-rencontre-des-habitants\/#primaryimage"},"image":{"@id":"https:\/\/lyonbondyblog.fr\/LBB\/dossier-sur-la-participation-citoyenne-avec-le-lbb-episode-4-le-cafe-citoyen-de-saint-genis-marylene-millet-a-la-rencontre-des-habitants\/#primaryimage"},"thumbnailUrl":"https:\/\/lyonbondyblog.fr\/LBB\/wp-content\/uploads\/2020\/07\/IMG_20200711_102359.jpg","datePublished":"2020-07-11T15:32:56+00:00","dateModified":"2020-07-29T07:59:39+00:00","inLanguage":"fr-FR","potentialAction":[{"@type":"ReadAction","target":["https:\/\/lyonbondyblog.fr\/LBB\/dossier-sur-la-participation-citoyenne-avec-le-lbb-episode-4-le-cafe-citoyen-de-saint-genis-marylene-millet-a-la-rencontre-des-habitants\/"]}]},{"@type":"ImageObject","inLanguage":"fr-FR","@id":"https:\/\/lyonbondyblog.fr\/LBB\/dossier-sur-la-participation-citoyenne-avec-le-lbb-episode-4-le-cafe-citoyen-de-saint-genis-marylene-millet-a-la-rencontre-des-habitants\/#primaryimage","url":"https:\/\/lyonbondyblog.fr\/LBB\/wp-content\/uploads\/2020\/07\/IMG_20200711_102359.jpg","contentUrl":"https:\/\/lyonbondyblog.fr\/LBB\/wp-content\/uploads\/2020\/07\/IMG_20200711_102359.jpg","width":4000,"height":3000},{"@type":"WebSite","@id":"https:\/\/lyonbondyblog.fr\/LBB\/#website","url":"https:\/\/lyonbondyblog.fr\/LBB\/","name":"Lyon Bondy Blog","description":"","publisher":{"@id":"https:\/\/lyonbondyblog.fr\/LBB\/#organization"},"potentialAction":[{"@type":"SearchAction","target":{"@type":"EntryPoint","urlTemplate":"https:\/\/lyonbondyblog.fr\/LBB\/?s={search_term_string}"},"query-input":"required name=search_term_string"}],"inLanguage":"fr-FR"},{"@type":"Organization","@id":"https:\/\/lyonbondyblog.fr\/LBB\/#organization","name":"LYON BONDY BLOG","url":"https:\/\/lyonbondyblog.fr\/LBB\/","logo":{"@type":"ImageObject","inLanguage":"fr-FR","@id":"https:\/\/lyonbondyblog.fr\/LBB\/#\/schema\/logo\/image\/","url":"http:\/\/lyonbondyblog.fr\/LBB\/wp-content\/uploads\/2014\/10\/logo-portable-144.png","contentUrl":"http:\/\/lyonbondyblog.fr\/LBB\/wp-content\/uploads\/2014\/10\/logo-portable-144.png","width":144,"height":123,"caption":"LYON BONDY BLOG"},"image":{"@id":"https:\/\/lyonbondyblog.fr\/LBB\/#\/schema\/logo\/image\/"},"sameAs":["https:\/\/www.facebook.com\/lyonbondyblog","https:\/\/x.com\/bondybloglyon"]},{"@type":"Person","@id":"https:\/\/lyonbondyblog.fr\/LBB\/#\/schema\/person\/cbbd9164af3ac3e721f2961e4178bb6e","name":"Victor Labrousse","url":"https:\/\/lyonbondyblog.fr\/LBB\/author\/victor-labrousse\/"}]}},"_links":{"self":[{"href":"https:\/\/lyonbondyblog.fr\/LBB\/wp-json\/wp\/v2\/posts\/20428","targetHints":{"allow":["GET"]}}],"collection":[{"href":"https:\/\/lyonbondyblog.fr\/LBB\/wp-json\/wp\/v2\/posts"}],"about":[{"href":"https:\/\/lyonbondyblog.fr\/LBB\/wp-json\/wp\/v2\/types\/post"}],"author":[{"embeddable":true,"href":"https:\/\/lyonbondyblog.fr\/LBB\/wp-json\/wp\/v2\/users\/25739"}],"replies":[{"embeddable":true,"href":"https:\/\/lyonbondyblog.fr\/LBB\/wp-json\/wp\/v2\/comments?post=20428"}],"version-history":[{"count":13,"href":"https:\/\/lyonbondyblog.fr\/LBB\/wp-json\/wp\/v2\/posts\/20428\/revisions"}],"predecessor-version":[{"id":20637,"href":"https:\/\/lyonbondyblog.fr\/LBB\/wp-json\/wp\/v2\/posts\/20428\/revisions\/20637"}],"wp:featuredmedia":[{"embeddable":true,"href":"https:\/\/lyonbondyblog.fr\/LBB\/wp-json\/wp\/v2\/media\/20429"}],"wp:attachment":[{"href":"https:\/\/lyonbondyblog.fr\/LBB\/wp-json\/wp\/v2\/media?parent=20428"}],"wp:term":[{"taxonomy":"category","embeddable":true,"href":"https:\/\/lyonbondyblog.fr\/LBB\/wp-json\/wp\/v2\/categories?post=20428"},{"taxonomy":"post_tag","embeddable":true,"href":"https:\/\/lyonbondyblog.fr\/LBB\/wp-json\/wp\/v2\/tags?post=20428"}],"curies":[{"name":"wp","href":"https:\/\/api.w.org\/{rel}","templated":true}]}}