{"id":20352,"date":"2020-07-02T17:27:45","date_gmt":"2020-07-02T15:27:45","guid":{"rendered":"http:\/\/lyonbondyblog.fr\/LBB\/?p=20352"},"modified":"2020-07-02T18:20:38","modified_gmt":"2020-07-02T16:20:38","slug":"florence-verney-carron-est-au-chevet-des-acteurs-culturels-de-la-region","status":"publish","type":"post","link":"https:\/\/lyonbondyblog.fr\/LBB\/florence-verney-carron-est-au-chevet-des-acteurs-culturels-de-la-region\/","title":{"rendered":"Florence Verney-Carron est au chevet des acteurs culturels de la r\u00e9gion"},"content":{"rendered":"<p style=\"text-align: justify;\"><span style=\"font-family: arial, helvetica, sans-serif;\"><strong>Victimes collat\u00e9rales du coronavirus, les acteurs culturels se retrouvent aujourd\u2019hui mal en point.&nbsp; Le secteur peine \u00e0 red\u00e9marrer et pour les aider \u00e0 se relever, <a href=\"https:\/\/www.auvergnerhonealpes.fr\/elu\/1144\/38-verney-carron-florence.htm\">F<\/a><a href=\"https:\/\/www.auvergnerhonealpes.fr\/elu\/1144\/38-verney-carron-florence.htm\">lorence Verney-Carron<\/a> vice-pr\u00e9sidente de la <a href=\"https:\/\/www.auvergnerhonealpes.fr\">R\u00e9gion<\/a> et d\u00e9l\u00e9gu\u00e9e \u00e0 la Culture et au Patrimoine leur consacre un <a href=\"https:\/\/www.auvergnerhonealpes.fr\/actualite\/851\/24-covid-19-un-grand-plan-de-relance-pour-la-culture.htm\">plan de sauvetage de 32 millions d\u2019euros<\/a>. Le Lyon Bondy Blog l\u2019a rencontr\u00e9e lors de sa conf\u00e9rence de presse du 30 Juin 2020.<\/strong><\/span><\/p>\n<p><span style=\"font-size: 10pt;\"><em>Florence Verney-Carron le 30 juin 2020 au M\u00e9morial Jean Moulin de Caluire-et-Cuire. Cr\u00e9dit photo : Raachidah Anrifou.<\/em><\/span><\/p>\n<p>&nbsp;<\/p>\n<p class=\"CorpsA\" style=\"text-align: justify;\"><span style=\"font-family: arial, helvetica, sans-serif;\"><span class=\"Aucun\"><b>Avec le <a href=\"https:\/\/lyonbondyblog.fr\/LBB\/la-gestion-politique-du-covid-19-selon-jcl\/\">Covid-19<\/a>, le secteur de la culture a \u00e9t\u00e9 fortement impact\u00e9, en tant que <\/b><\/span><span class=\"Aucun\"><b>Vice-<\/b><\/span><span class=\"Aucun\"><b>Pr\u00e9sidente de la <a href=\"https:\/\/www.auvergnerhonealpes.fr\">R\u00e9gion,<\/a> que comptez-vous mettre en place afin d\u2019apporter votre soutien aux acteurs culturels ?<\/b><\/span><\/span><\/p>\n<p class=\"CorpsA\" style=\"text-align: justify;\"><span style=\"font-family: arial, helvetica, sans-serif;\"><span class=\"Aucun\">D\u00e8s les premiers festivals annul\u00e9s, nous avons pris conscience de la difficult\u00e9 que \u00e7a serait pour le milieu culturel de faire face \u00e0 cette crise. Avec le <\/span><span class=\"Aucun\">Pr\u00e9sident de la <\/span><span class=\"Aucun\"><a href=\"https:\/\/www.auvergnerhonealpes.fr\">R\u00e9gion<\/a> <a href=\"https:\/\/www.20minutes.fr\/dossier\/laurent_wauquiez\">Laurent Wauquiez<\/a>, nous avons organis\u00e9 une premi\u00e8re r\u00e9union t\u00e9l\u00e9phonique r\u00e9unissant plus de 25 acteurs culturels et repr\u00e9sentants de l\u2019ensemble des secteurs et des esth\u00e9tiques c\u2019est-\u00e0-dire \u00e0 la fois le livre, le cin\u00e9ma, le spectacle vivant et la danse dans le spectacle vivant et l\u2019ensemble de ces acteurs ont fait part de leurs inqui\u00e9tudes. D\u00e8s l\u2019instant o\u00f9 nous avons eu ce premier constat, nous avons demand\u00e9 au service culture de la <\/span><span class=\"Aucun\"><a href=\"https:\/\/www.auvergnerhonealpes.fr\">R\u00e9gion<\/a> d\u2019appeler chaque acteur culturel pour voir \u00e0 peu pr\u00e8s dans quelle difficult\u00e9 il se trouvait. Suite \u00e0 cela, nous avons tout de suite mis en place un fond<\/span><span class=\"Aucun\">s d\u2019urgence et un num\u00e9ro d\u2019urgence qui pouvait \u00eatre appel\u00e9 par chaque acteur culturel qui se trouvait en difficult\u00e9 et nous avons pris une premi\u00e8re s\u00e9rie de mesures au tout d\u00e9but du confinement. Puis, nous avons eu une nouvelle r\u00e9union avec les acteurs culturels afin d\u2019adapter nos dispositifs. Actuellement, nous sommes dans la troisi\u00e8me phase. C\u2019est une phase o\u00f9 nous avons organis\u00e9 avec les autres collectivit\u00e9s, des groupes de travail pour pouvoir permettre de trouver les financements pour accompagner le rebond de l\u2019ensemble des activit\u00e9s culturelles dans notre r\u00e9gion.&nbsp;<\/span><\/span><\/p>\n<p>&nbsp;<\/p>\n<p class=\"CorpsA\" style=\"text-align: justify;\"><span class=\"Aucun\" style=\"font-family: arial, helvetica, sans-serif;\"><b>Combien d\u2019acteurs culturels avez-vous contact\u00e9 ? <\/b><\/span><\/p>\n<p class=\"CorpsA\" style=\"text-align: justify;\"><span style=\"font-family: arial, helvetica, sans-serif;\">Nous avons contact\u00e9 1200 acteurs culturels au t\u00e9l\u00e9phone qui sont les 1200 acteurs culturels avec qui nous avons des liens de subventions. Nous avons envoy\u00e9 plus de 1000 questionnaires et ces questionnaires nous ont donn\u00e9 un certain nombre d\u2019indications chiffr\u00e9es nous permettant de voir les difficult\u00e9s qu\u2019ils ont rencontr\u00e9es et nous continuons de fa\u00e7on tr\u00e8s \u00e9troite \u00e0 la fois via les t\u00eates de r\u00e9seaux et via l\u2019ensemble des repr\u00e9sentations syndicales du secteur culturel. Ces groupes de travail qui ont \u00e9t\u00e9 organis\u00e9s vont permettre constamment d\u2019avoir des retours des acteurs culturels sur l\u2019\u00e9volution des difficult\u00e9s qu\u2019ils rencontrent ou des d\u00e9veloppements possibles et encourager toutes les id\u00e9es nouvelles qui peuvent \u00eatre trouv\u00e9es comme on l\u2019a fait pour le <a href=\"https:\/\/www.annecy.org\">festival d\u2019Annecy<\/a>. Une nouvelle \u00e9dition du <a href=\"https:\/\/www.annecy.org\">festival d\u2019Annecy<\/a> s\u2019est d\u00e9roul\u00e9 sur le net et il a \u00e9t\u00e9 remarquablement suivi.&nbsp;<\/span><\/p>\n<p class=\"CorpsA\" style=\"text-align: justify;\"><span class=\"Aucun\" style=\"font-family: arial, helvetica, sans-serif;\"><i>&nbsp;<\/i><\/span><\/p>\n<p class=\"CorpsA\" style=\"text-align: justify;\"><span class=\"Aucun\" style=\"font-family: arial, helvetica, sans-serif;\"><b>Quelles sont vos attentes par rapport au plan de sauvetage que vous proposez aux acteurs culturels? <\/b><\/span><\/p>\n<p class=\"CorpsA\" style=\"text-align: justify;\"><span class=\"Aucun\" style=\"font-family: arial, helvetica, sans-serif;\">Ce que l\u2019on veut c\u2019est que personne ne soit sur le bord du chemin et qu\u2019on ait pu accompagner tout le monde et sp\u00e9cialement les plus fragiles : les artistes et les cr\u00e9ateurs. On veut que tout le monde puisse traverser cette crise, en sortir, grandir avec un certain nombre de le\u00e7ons et se dire qu\u2019on est tous ensemble pour faire face aux difficult\u00e9s. Et, on sera l\u00e0 au niveau du rebond de demain.&nbsp;<\/span><\/p>\n<p>&nbsp;<\/p>\n<p class=\"CorpsA\" style=\"text-align: justify;\"><span style=\"font-family: arial, helvetica, sans-serif;\"><span class=\"Aucun\"><b>Suite \u00e0 l\u2019\u00e9lection municipale et m\u00e9tropolitaine dans le Rh\u00f4ne, <a href=\"https:\/\/www.lyoncapitale.fr\/politique\/lyon-perrin-gilbert-future-adjointe-a-la-culture-en-cas-d-election-des-verts\/\">les <\/a><\/b><\/span><span class=\"Aucun\"><b><a href=\"https:\/\/www.lyoncapitale.fr\/politique\/lyon-perrin-gilbert-future-adjointe-a-la-culture-en-cas-d-election-des-verts\/\">Verts<\/a> ont pris le pouvoir dans la r\u00e9gion comment allez-vous collaborer avec <a href=\"https:\/\/www.lyoncapitale.fr\/politique\/lyon-perrin-gilbert-future-adjointe-a-la-culture-en-cas-d-election-des-verts\/?fbclid=IwAR2UKlrq8wcUHRKZXMlz5mwEZpoXqP89d7hRMdraH02uk-7UZyNDprliXNI\">Nathalie Perrin-Gilbert<\/a> ? <\/b><\/span><\/span><\/p>\n<p class=\"CorpsA\" style=\"text-align: justify;\"><span style=\"font-family: arial, helvetica, sans-serif;\"><span class=\"Aucun\">Nous travaillerons comme avec l\u2019ensemble des responsables en charge de la culture que \u00e7a soit des adjoints ou des vice-pr\u00e9sidents puisque j\u2019ai \u00e9t\u00e9 en contact avec l\u2019ensemble de ces acteurs sans avoir de soucis. On est dans une <\/span><span class=\"Aucun\">R\u00e9publique et les \u00e9lus ont l\u2019habitude de collaborer ensemble pour le bien de l\u2019ensemble de la communaut\u00e9 qu\u2019ils d\u00e9fendent et en l\u2019occurrence pour la culture. On va apprendre \u00e9galement \u00e0 se conna\u00eetre, il va y avoir un certain nombre de mesures et de discussions probablement mais il n\u2019y aura absolument pas de soucis.&nbsp;<\/span><\/span><\/p>\n<p class=\"CorpsA\" style=\"text-align: justify;\"><span class=\"Aucun\" style=\"font-family: arial, helvetica, sans-serif;\"><i>&nbsp;<\/i><\/span><\/p>\n<p class=\"CorpsA\" style=\"text-align: justify;\"><span class=\"Aucun\" style=\"font-family: arial, helvetica, sans-serif;\"><b>Pour l\u2019organisation du 8 d\u00e9cembre (<a href=\"https:\/\/www.fetedeslumieres.lyon.fr\/fr\">la f\u00eate des Lumi\u00e8res<\/a>) <a href=\"https:\/\/lyonbondyblog.fr\/LBB\/interview-gregory-doucet-pour-un-rassemblement-des-ecologistes-a-lyon-partie-1\/\">Gr\u00e9gory Doucet<\/a> compte faire une f\u00eate de proximit\u00e9, comment allez-vous faire pour assurer la s\u00e9curit\u00e9 des gens ? <\/b><\/span><\/p>\n<p class=\"CorpsA\" style=\"text-align: justify;\"><span class=\"Aucun\" style=\"font-family: arial, helvetica, sans-serif;\">Nous ne sommes pas en charge de la s\u00e9curit\u00e9 des citoyens dans les grandes manifestations, c\u2019est la pr\u00e9fecture. Nous ne sommes pas du tout concern\u00e9s par le 8 d\u00e9cembre.<\/span><\/p>\n<p class=\"CorpsA\" style=\"text-align: justify;\"><span class=\"Aucun\" style=\"font-family: arial, helvetica, sans-serif;\"><i>&nbsp;<\/i><\/span><\/p>\n<p class=\"CorpsA\" style=\"text-align: right;\"><span class=\"Aucun\" style=\"font-family: arial, helvetica, sans-serif;\">Raachidah Anrifou&nbsp;<\/span><\/p>\n<p class=\"CorpsA\" style=\"text-align: justify;\"><span class=\"Aucun\" style=\"font-family: arial, helvetica, sans-serif;\"><i>&nbsp;<\/i><\/span><\/p>\n<p class=\"CorpsA\" style=\"text-align: justify;\"><span class=\"Aucun\" style=\"font-family: arial, helvetica, sans-serif;\"><i>&nbsp;<\/i><\/span><\/p>\n<p class=\"CorpsA\" style=\"text-align: justify;\"><span class=\"Aucun\" style=\"font-family: arial, helvetica, sans-serif;\"><i>&nbsp;<\/i><\/span><\/p>\n<!-- AddThis Advanced Settings generic via filter on the_content --><!-- AddThis Share Buttons generic via filter on the_content -->","protected":false},"excerpt":{"rendered":"<p>Victimes collat\u00e9rales du coronavirus, les acteurs culturels se retrouvent aujourd\u2019hui mal en point.&nbsp; Le secteur peine \u00e0 red\u00e9marrer et pour les aider \u00e0 se relever, &hellip; <!-- AddThis Advanced Settings generic via filter on wp_trim_excerpt --><!-- AddThis Share Buttons generic via filter on wp_trim_excerpt --><\/p>\n","protected":false},"author":1,"featured_media":20356,"comment_status":"open","ping_status":"open","sticky":false,"template":"","format":"standard","meta":{"_FSMCFIC_featured_image_caption":"","_FSMCFIC_featured_image_nocaption":"","_FSMCFIC_featured_image_hide":"","footnotes":""},"categories":[3,4,4097],"tags":[22310,1952,864,22309,152,10,304],"class_list":["post-20352","post","type-post","status-publish","format-standard","has-post-thumbnail","hentry","category-culture","category-lyon","category-rencontre","tag-caluire-et-cuire","tag-culture","tag-fete-des-lumieres","tag-florence-verney-carron","tag-interview","tag-lyon-2","tag-region-rhone-alpes"],"yoast_head":"<!-- This site is optimized with the Yoast SEO plugin v22.8 - https:\/\/yoast.com\/wordpress\/plugins\/seo\/ -->\n<title>Florence Verney-Carron est au chevet des acteurs culturels de la r\u00e9gion - Lyon Bondy Blog<\/title>\n<meta name=\"robots\" content=\"index, follow, max-snippet:-1, max-image-preview:large, max-video-preview:-1\" \/>\n<link rel=\"canonical\" href=\"https:\/\/lyonbondyblog.fr\/LBB\/florence-verney-carron-est-au-chevet-des-acteurs-culturels-de-la-region\/\" \/>\n<meta property=\"og:locale\" content=\"fr_FR\" \/>\n<meta property=\"og:type\" content=\"article\" \/>\n<meta property=\"og:title\" content=\"Florence Verney-Carron est au chevet des acteurs culturels de la r\u00e9gion - Lyon Bondy Blog\" \/>\n<meta property=\"og:description\" content=\"Victimes collat\u00e9rales du coronavirus, les acteurs culturels se retrouvent aujourd\u2019hui mal en point.&nbsp; Le secteur peine \u00e0 red\u00e9marrer et pour les aider \u00e0 se relever, &hellip;\" \/>\n<meta property=\"og:url\" content=\"https:\/\/lyonbondyblog.fr\/LBB\/florence-verney-carron-est-au-chevet-des-acteurs-culturels-de-la-region\/\" \/>\n<meta property=\"og:site_name\" content=\"Lyon Bondy Blog\" \/>\n<meta property=\"article:publisher\" content=\"https:\/\/www.facebook.com\/lyonbondyblog\" \/>\n<meta property=\"article:author\" content=\"https:\/\/www.facebook.com\/lyonbondyblog\" \/>\n<meta property=\"article:published_time\" content=\"2020-07-02T15:27:45+00:00\" \/>\n<meta property=\"article:modified_time\" content=\"2020-07-02T16:20:38+00:00\" \/>\n<meta property=\"og:image\" content=\"https:\/\/lyonbondyblog.fr\/LBB\/wp-content\/uploads\/2020\/07\/Florence-Verney-Carron-cr\u00e9dit-Raachidah-Anrifou.jpg\" \/>\n\t<meta property=\"og:image:width\" content=\"4032\" \/>\n\t<meta property=\"og:image:height\" content=\"3024\" \/>\n\t<meta property=\"og:image:type\" content=\"image\/jpeg\" \/>\n<meta name=\"author\" content=\"La r\u00e9daction\" \/>\n<meta name=\"twitter:card\" content=\"summary_large_image\" \/>\n<meta name=\"twitter:creator\" content=\"@BondyBlogLyon\" \/>\n<meta name=\"twitter:site\" content=\"@bondybloglyon\" \/>\n<script type=\"application\/ld+json\" class=\"yoast-schema-graph\">{\"@context\":\"https:\/\/schema.org\",\"@graph\":[{\"@type\":\"Article\",\"@id\":\"https:\/\/lyonbondyblog.fr\/LBB\/florence-verney-carron-est-au-chevet-des-acteurs-culturels-de-la-region\/#article\",\"isPartOf\":{\"@id\":\"https:\/\/lyonbondyblog.fr\/LBB\/florence-verney-carron-est-au-chevet-des-acteurs-culturels-de-la-region\/\"},\"author\":{\"name\":\"La r\u00e9daction\",\"@id\":\"https:\/\/lyonbondyblog.fr\/LBB\/#\/schema\/person\/e45f8d27baac75072daa0be50c409b25\"},\"headline\":\"Florence Verney-Carron est au chevet des acteurs culturels de la r\u00e9gion\",\"datePublished\":\"2020-07-02T15:27:45+00:00\",\"dateModified\":\"2020-07-02T16:20:38+00:00\",\"mainEntityOfPage\":{\"@id\":\"https:\/\/lyonbondyblog.fr\/LBB\/florence-verney-carron-est-au-chevet-des-acteurs-culturels-de-la-region\/\"},\"wordCount\":856,\"commentCount\":0,\"publisher\":{\"@id\":\"https:\/\/lyonbondyblog.fr\/LBB\/#organization\"},\"image\":{\"@id\":\"https:\/\/lyonbondyblog.fr\/LBB\/florence-verney-carron-est-au-chevet-des-acteurs-culturels-de-la-region\/#primaryimage\"},\"thumbnailUrl\":\"https:\/\/lyonbondyblog.fr\/LBB\/wp-content\/uploads\/2020\/07\/Florence-Verney-Carron-cr\u00e9dit-Raachidah-Anrifou.jpg\",\"keywords\":[\"Caluire-et-Cuire\",\"Culture\",\"fete des lumi\u00e8res\",\"Florence Verney-Carron\",\"interview\",\"lyon\",\"r\u00e9gion Rhone-Alpes\"],\"articleSection\":[\"Culture\",\"Lyon\",\"Rencontre\"],\"inLanguage\":\"fr-FR\",\"potentialAction\":[{\"@type\":\"CommentAction\",\"name\":\"Comment\",\"target\":[\"https:\/\/lyonbondyblog.fr\/LBB\/florence-verney-carron-est-au-chevet-des-acteurs-culturels-de-la-region\/#respond\"]}]},{\"@type\":\"WebPage\",\"@id\":\"https:\/\/lyonbondyblog.fr\/LBB\/florence-verney-carron-est-au-chevet-des-acteurs-culturels-de-la-region\/\",\"url\":\"https:\/\/lyonbondyblog.fr\/LBB\/florence-verney-carron-est-au-chevet-des-acteurs-culturels-de-la-region\/\",\"name\":\"Florence Verney-Carron est au chevet des acteurs culturels de la r\u00e9gion - Lyon Bondy Blog\",\"isPartOf\":{\"@id\":\"https:\/\/lyonbondyblog.fr\/LBB\/#website\"},\"primaryImageOfPage\":{\"@id\":\"https:\/\/lyonbondyblog.fr\/LBB\/florence-verney-carron-est-au-chevet-des-acteurs-culturels-de-la-region\/#primaryimage\"},\"image\":{\"@id\":\"https:\/\/lyonbondyblog.fr\/LBB\/florence-verney-carron-est-au-chevet-des-acteurs-culturels-de-la-region\/#primaryimage\"},\"thumbnailUrl\":\"https:\/\/lyonbondyblog.fr\/LBB\/wp-content\/uploads\/2020\/07\/Florence-Verney-Carron-cr\u00e9dit-Raachidah-Anrifou.jpg\",\"datePublished\":\"2020-07-02T15:27:45+00:00\",\"dateModified\":\"2020-07-02T16:20:38+00:00\",\"inLanguage\":\"fr-FR\",\"potentialAction\":[{\"@type\":\"ReadAction\",\"target\":[\"https:\/\/lyonbondyblog.fr\/LBB\/florence-verney-carron-est-au-chevet-des-acteurs-culturels-de-la-region\/\"]}]},{\"@type\":\"ImageObject\",\"inLanguage\":\"fr-FR\",\"@id\":\"https:\/\/lyonbondyblog.fr\/LBB\/florence-verney-carron-est-au-chevet-des-acteurs-culturels-de-la-region\/#primaryimage\",\"url\":\"https:\/\/lyonbondyblog.fr\/LBB\/wp-content\/uploads\/2020\/07\/Florence-Verney-Carron-cr\u00e9dit-Raachidah-Anrifou.jpg\",\"contentUrl\":\"https:\/\/lyonbondyblog.fr\/LBB\/wp-content\/uploads\/2020\/07\/Florence-Verney-Carron-cr\u00e9dit-Raachidah-Anrifou.jpg\",\"width\":4032,\"height\":3024},{\"@type\":\"WebSite\",\"@id\":\"https:\/\/lyonbondyblog.fr\/LBB\/#website\",\"url\":\"https:\/\/lyonbondyblog.fr\/LBB\/\",\"name\":\"Lyon Bondy Blog\",\"description\":\"\",\"publisher\":{\"@id\":\"https:\/\/lyonbondyblog.fr\/LBB\/#organization\"},\"potentialAction\":[{\"@type\":\"SearchAction\",\"target\":{\"@type\":\"EntryPoint\",\"urlTemplate\":\"https:\/\/lyonbondyblog.fr\/LBB\/?s={search_term_string}\"},\"query-input\":\"required name=search_term_string\"}],\"inLanguage\":\"fr-FR\"},{\"@type\":\"Organization\",\"@id\":\"https:\/\/lyonbondyblog.fr\/LBB\/#organization\",\"name\":\"LYON BONDY BLOG\",\"url\":\"https:\/\/lyonbondyblog.fr\/LBB\/\",\"logo\":{\"@type\":\"ImageObject\",\"inLanguage\":\"fr-FR\",\"@id\":\"https:\/\/lyonbondyblog.fr\/LBB\/#\/schema\/logo\/image\/\",\"url\":\"http:\/\/lyonbondyblog.fr\/LBB\/wp-content\/uploads\/2014\/10\/logo-portable-144.png\",\"contentUrl\":\"http:\/\/lyonbondyblog.fr\/LBB\/wp-content\/uploads\/2014\/10\/logo-portable-144.png\",\"width\":144,\"height\":123,\"caption\":\"LYON BONDY BLOG\"},\"image\":{\"@id\":\"https:\/\/lyonbondyblog.fr\/LBB\/#\/schema\/logo\/image\/\"},\"sameAs\":[\"https:\/\/www.facebook.com\/lyonbondyblog\",\"https:\/\/x.com\/bondybloglyon\"]},{\"@type\":\"Person\",\"@id\":\"https:\/\/lyonbondyblog.fr\/LBB\/#\/schema\/person\/e45f8d27baac75072daa0be50c409b25\",\"name\":\"La r\u00e9daction\",\"description\":\"Cr\u00e9e en 2008, la r\u00e9daction du Lyon Bondy Blog s'applique \u00e0 proposer une information locale diff\u00e9rente et compl\u00e9mentaire des m\u00e9dias traditionnels.\",\"sameAs\":[\"https:\/\/www.facebook.com\/lyonbondyblog\",\"https:\/\/x.com\/BondyBlogLyon\"],\"url\":\"https:\/\/lyonbondyblog.fr\/LBB\/author\/admin\/\"}]}<\/script>\n<!-- \/ Yoast SEO plugin. -->","yoast_head_json":{"title":"Florence Verney-Carron est au chevet des acteurs culturels de la r\u00e9gion - Lyon Bondy Blog","robots":{"index":"index","follow":"follow","max-snippet":"max-snippet:-1","max-image-preview":"max-image-preview:large","max-video-preview":"max-video-preview:-1"},"canonical":"https:\/\/lyonbondyblog.fr\/LBB\/florence-verney-carron-est-au-chevet-des-acteurs-culturels-de-la-region\/","og_locale":"fr_FR","og_type":"article","og_title":"Florence Verney-Carron est au chevet des acteurs culturels de la r\u00e9gion - Lyon Bondy Blog","og_description":"Victimes collat\u00e9rales du coronavirus, les acteurs culturels se retrouvent aujourd\u2019hui mal en point.&nbsp; Le secteur peine \u00e0 red\u00e9marrer et pour les aider \u00e0 se relever, &hellip;","og_url":"https:\/\/lyonbondyblog.fr\/LBB\/florence-verney-carron-est-au-chevet-des-acteurs-culturels-de-la-region\/","og_site_name":"Lyon Bondy Blog","article_publisher":"https:\/\/www.facebook.com\/lyonbondyblog","article_author":"https:\/\/www.facebook.com\/lyonbondyblog","article_published_time":"2020-07-02T15:27:45+00:00","article_modified_time":"2020-07-02T16:20:38+00:00","og_image":[{"width":4032,"height":3024,"url":"https:\/\/lyonbondyblog.fr\/LBB\/wp-content\/uploads\/2020\/07\/Florence-Verney-Carron-cr\u00e9dit-Raachidah-Anrifou.jpg","type":"image\/jpeg"}],"author":"La r\u00e9daction","twitter_card":"summary_large_image","twitter_creator":"@BondyBlogLyon","twitter_site":"@bondybloglyon","schema":{"@context":"https:\/\/schema.org","@graph":[{"@type":"Article","@id":"https:\/\/lyonbondyblog.fr\/LBB\/florence-verney-carron-est-au-chevet-des-acteurs-culturels-de-la-region\/#article","isPartOf":{"@id":"https:\/\/lyonbondyblog.fr\/LBB\/florence-verney-carron-est-au-chevet-des-acteurs-culturels-de-la-region\/"},"author":{"name":"La r\u00e9daction","@id":"https:\/\/lyonbondyblog.fr\/LBB\/#\/schema\/person\/e45f8d27baac75072daa0be50c409b25"},"headline":"Florence Verney-Carron est au chevet des acteurs culturels de la r\u00e9gion","datePublished":"2020-07-02T15:27:45+00:00","dateModified":"2020-07-02T16:20:38+00:00","mainEntityOfPage":{"@id":"https:\/\/lyonbondyblog.fr\/LBB\/florence-verney-carron-est-au-chevet-des-acteurs-culturels-de-la-region\/"},"wordCount":856,"commentCount":0,"publisher":{"@id":"https:\/\/lyonbondyblog.fr\/LBB\/#organization"},"image":{"@id":"https:\/\/lyonbondyblog.fr\/LBB\/florence-verney-carron-est-au-chevet-des-acteurs-culturels-de-la-region\/#primaryimage"},"thumbnailUrl":"https:\/\/lyonbondyblog.fr\/LBB\/wp-content\/uploads\/2020\/07\/Florence-Verney-Carron-cr\u00e9dit-Raachidah-Anrifou.jpg","keywords":["Caluire-et-Cuire","Culture","fete des lumi\u00e8res","Florence Verney-Carron","interview","lyon","r\u00e9gion Rhone-Alpes"],"articleSection":["Culture","Lyon","Rencontre"],"inLanguage":"fr-FR","potentialAction":[{"@type":"CommentAction","name":"Comment","target":["https:\/\/lyonbondyblog.fr\/LBB\/florence-verney-carron-est-au-chevet-des-acteurs-culturels-de-la-region\/#respond"]}]},{"@type":"WebPage","@id":"https:\/\/lyonbondyblog.fr\/LBB\/florence-verney-carron-est-au-chevet-des-acteurs-culturels-de-la-region\/","url":"https:\/\/lyonbondyblog.fr\/LBB\/florence-verney-carron-est-au-chevet-des-acteurs-culturels-de-la-region\/","name":"Florence Verney-Carron est au chevet des acteurs culturels de la r\u00e9gion - Lyon Bondy Blog","isPartOf":{"@id":"https:\/\/lyonbondyblog.fr\/LBB\/#website"},"primaryImageOfPage":{"@id":"https:\/\/lyonbondyblog.fr\/LBB\/florence-verney-carron-est-au-chevet-des-acteurs-culturels-de-la-region\/#primaryimage"},"image":{"@id":"https:\/\/lyonbondyblog.fr\/LBB\/florence-verney-carron-est-au-chevet-des-acteurs-culturels-de-la-region\/#primaryimage"},"thumbnailUrl":"https:\/\/lyonbondyblog.fr\/LBB\/wp-content\/uploads\/2020\/07\/Florence-Verney-Carron-cr\u00e9dit-Raachidah-Anrifou.jpg","datePublished":"2020-07-02T15:27:45+00:00","dateModified":"2020-07-02T16:20:38+00:00","inLanguage":"fr-FR","potentialAction":[{"@type":"ReadAction","target":["https:\/\/lyonbondyblog.fr\/LBB\/florence-verney-carron-est-au-chevet-des-acteurs-culturels-de-la-region\/"]}]},{"@type":"ImageObject","inLanguage":"fr-FR","@id":"https:\/\/lyonbondyblog.fr\/LBB\/florence-verney-carron-est-au-chevet-des-acteurs-culturels-de-la-region\/#primaryimage","url":"https:\/\/lyonbondyblog.fr\/LBB\/wp-content\/uploads\/2020\/07\/Florence-Verney-Carron-cr\u00e9dit-Raachidah-Anrifou.jpg","contentUrl":"https:\/\/lyonbondyblog.fr\/LBB\/wp-content\/uploads\/2020\/07\/Florence-Verney-Carron-cr\u00e9dit-Raachidah-Anrifou.jpg","width":4032,"height":3024},{"@type":"WebSite","@id":"https:\/\/lyonbondyblog.fr\/LBB\/#website","url":"https:\/\/lyonbondyblog.fr\/LBB\/","name":"Lyon Bondy Blog","description":"","publisher":{"@id":"https:\/\/lyonbondyblog.fr\/LBB\/#organization"},"potentialAction":[{"@type":"SearchAction","target":{"@type":"EntryPoint","urlTemplate":"https:\/\/lyonbondyblog.fr\/LBB\/?s={search_term_string}"},"query-input":"required name=search_term_string"}],"inLanguage":"fr-FR"},{"@type":"Organization","@id":"https:\/\/lyonbondyblog.fr\/LBB\/#organization","name":"LYON BONDY BLOG","url":"https:\/\/lyonbondyblog.fr\/LBB\/","logo":{"@type":"ImageObject","inLanguage":"fr-FR","@id":"https:\/\/lyonbondyblog.fr\/LBB\/#\/schema\/logo\/image\/","url":"http:\/\/lyonbondyblog.fr\/LBB\/wp-content\/uploads\/2014\/10\/logo-portable-144.png","contentUrl":"http:\/\/lyonbondyblog.fr\/LBB\/wp-content\/uploads\/2014\/10\/logo-portable-144.png","width":144,"height":123,"caption":"LYON BONDY BLOG"},"image":{"@id":"https:\/\/lyonbondyblog.fr\/LBB\/#\/schema\/logo\/image\/"},"sameAs":["https:\/\/www.facebook.com\/lyonbondyblog","https:\/\/x.com\/bondybloglyon"]},{"@type":"Person","@id":"https:\/\/lyonbondyblog.fr\/LBB\/#\/schema\/person\/e45f8d27baac75072daa0be50c409b25","name":"La r\u00e9daction","description":"Cr\u00e9e en 2008, la r\u00e9daction du Lyon Bondy Blog s'applique \u00e0 proposer une information locale diff\u00e9rente et compl\u00e9mentaire des m\u00e9dias traditionnels.","sameAs":["https:\/\/www.facebook.com\/lyonbondyblog","https:\/\/x.com\/BondyBlogLyon"],"url":"https:\/\/lyonbondyblog.fr\/LBB\/author\/admin\/"}]}},"_links":{"self":[{"href":"https:\/\/lyonbondyblog.fr\/LBB\/wp-json\/wp\/v2\/posts\/20352","targetHints":{"allow":["GET"]}}],"collection":[{"href":"https:\/\/lyonbondyblog.fr\/LBB\/wp-json\/wp\/v2\/posts"}],"about":[{"href":"https:\/\/lyonbondyblog.fr\/LBB\/wp-json\/wp\/v2\/types\/post"}],"author":[{"embeddable":true,"href":"https:\/\/lyonbondyblog.fr\/LBB\/wp-json\/wp\/v2\/users\/1"}],"replies":[{"embeddable":true,"href":"https:\/\/lyonbondyblog.fr\/LBB\/wp-json\/wp\/v2\/comments?post=20352"}],"version-history":[{"count":7,"href":"https:\/\/lyonbondyblog.fr\/LBB\/wp-json\/wp\/v2\/posts\/20352\/revisions"}],"predecessor-version":[{"id":20360,"href":"https:\/\/lyonbondyblog.fr\/LBB\/wp-json\/wp\/v2\/posts\/20352\/revisions\/20360"}],"wp:featuredmedia":[{"embeddable":true,"href":"https:\/\/lyonbondyblog.fr\/LBB\/wp-json\/wp\/v2\/media\/20356"}],"wp:attachment":[{"href":"https:\/\/lyonbondyblog.fr\/LBB\/wp-json\/wp\/v2\/media?parent=20352"}],"wp:term":[{"taxonomy":"category","embeddable":true,"href":"https:\/\/lyonbondyblog.fr\/LBB\/wp-json\/wp\/v2\/categories?post=20352"},{"taxonomy":"post_tag","embeddable":true,"href":"https:\/\/lyonbondyblog.fr\/LBB\/wp-json\/wp\/v2\/tags?post=20352"}],"curies":[{"name":"wp","href":"https:\/\/api.w.org\/{rel}","templated":true}]}}