{"id":20249,"date":"2020-06-25T12:23:39","date_gmt":"2020-06-25T10:23:39","guid":{"rendered":"http:\/\/lyonbondyblog.fr\/LBB\/?p=20249"},"modified":"2020-06-25T12:23:39","modified_gmt":"2020-06-25T10:23:39","slug":"interview-municipales-2020-bron-cest-reparti-pour-un-tour-avec-jean-michel-longueval-partie-2","status":"publish","type":"post","link":"https:\/\/lyonbondyblog.fr\/LBB\/interview-municipales-2020-bron-cest-reparti-pour-un-tour-avec-jean-michel-longueval-partie-2\/","title":{"rendered":"[INTERVIEW] Municipales 2020 Bron : c&rsquo;est reparti pour un tour avec Jean-Michel Longueval (Partie 2)"},"content":{"rendered":"<p style=\"text-align: justify;\"><span style=\"font-family: arial, helvetica, sans-serif;\"><strong>Jean-Michel Longueval \u00e9tait le premier adjoint avant d&rsquo;\u00eatre Maire de la ville de Bron au d\u00e9part d&rsquo;<a href=\"https:\/\/www.annieguillemot.fr\/\">Annie Guillemot<\/a>, pour la pr\u00e9sidence du <a href=\"http:\/\/www.sytral.fr\/\">Sytral<\/a>. Depuis 2015, il occupe la Mairie et envisage de poursuivre ses projets lors d&rsquo;un second mandat. Le Lyon Bondy Blog lui a accord\u00e9 un entretien o\u00f9 il livre ses ambitions et ses projets pour les municipales 2020.<\/strong><\/span><\/p>\n<p style=\"text-align: justify;\"><span style=\"font-family: arial, helvetica, sans-serif;\"><strong>Vous \u00eates \u00e9galement candidat \u00e0 la m\u00e9tropole, quelles sont vos rapports avec <a href=\"https:\/\/rhone.eelv.fr\/candidat-e\/veronique-moreira\/\">V\u00e9ronique Moreira<\/a> et les Verts en g\u00e9n\u00e9ral ?<\/strong><\/span><\/p>\n<p style=\"text-align: justify;\"><span style=\"font-family: arial, helvetica, sans-serif;\">Les relations sont bonnes, on \u00e9tait d\u00e9j\u00e0 ensemble pour les municipales et c&rsquo;est tr\u00e8s naturellement que les verts sont venus dans ma liste. Notre mandat commun a facilit\u00e9 le dialogue. Concernant V\u00e9ronique Moreira qui \u00e9tait t\u00eate de liste de sa circonscription, elle est pass\u00e9 premi\u00e8re de liste&nbsp;: si l&rsquo;on remporte les \u00e9lections sur 8 \u00e9lus, EELV en aura 5 et moi 3. Inversement si c&rsquo;est la gauche qui arrive en t\u00eate. C\u2019est une alliance \u00e9quilibr\u00e9e.<\/span><\/p>\n<p style=\"text-align: justify;\"><span style=\"font-family: arial, helvetica, sans-serif;\"><strong>Quelle est votre impression concernant la fusion entre G\u00e9rard Collomb et <a href=\"https:\/\/lyonbondyblog.fr\/LBB\/francois-noel-buffet-vise-presidence-metropole\/\">Fran\u00e7ois-No\u00ebl Buffet<\/a> pour la m\u00e9tropole ?<\/strong><\/span><\/p>\n<p style=\"text-align: justify;\"><span style=\"font-family: arial, helvetica, sans-serif;\">Pour moi c&rsquo;est une fusion improbable ! Mes rapports avec Monsieur Collomb restent professionnel et je le respecte. G\u00e9rard Collomb a fait plein de choses pour la ville de Lyon, de Bon et pour la m\u00e9tropole avec lesquelles j&rsquo;\u00e9tais en accord. Mais de l\u00e0 \u00e0 faire une alliance avec Monsieur buffet ! Pas s\u00fbr qu&rsquo;il puisse garder son \u00e9lectorat \u00e0 la suite de cette alliance.<\/span><\/p>\n<p style=\"text-align: justify;\"><span style=\"font-family: arial, helvetica, sans-serif;\"><strong>Concernant le r\u00f4le de Bron dans la m\u00e9tropole, comment faites-vous pour ne pas vous perdre politiquement et garder les caract\u00e9ristiques ch\u00e8res \u00e0 la ville ?<\/strong><\/span><\/p>\n<p style=\"text-align: justify;\"><span style=\"font-family: arial, helvetica, sans-serif;\">On a notre identit\u00e9 et on existe dans la m\u00e9tropole. Cependant il est vrai qu&rsquo;il faut plus parler de Bron. Les d\u00e9marches doivent \u00eatre constructives, les banalit\u00e9s ne nous int\u00e9ressent pas. Il faut donc de la reconnaissance, de la fiert\u00e9 ! Le vote au suffrage universel pour la m\u00e9tropole va aussi permettre un dialogue avec les maires. Sans les villes, la m\u00e9tropole n\u2019existerait pas et n&rsquo;aurait pas de sens.<\/span><\/p>\n<p style=\"text-align: justify;\"><span style=\"font-family: arial, helvetica, sans-serif;\"><strong>Pensez-vous que les maires sont capables d\u2019\u00e9tablir un dialogue pour avancer ensemble ? <\/strong><\/span><\/p>\n<p style=\"text-align: justify;\"><span style=\"font-family: arial, helvetica, sans-serif;\">Oui mais il y a probl\u00e8me de r\u00e9flexion et d&rsquo;\u00e9quilibre. Le syst\u00e8me pr\u00e9c\u00e9dent emp\u00eachait de cr\u00e9er une solidarit\u00e9 entre les communes, ce qui est pourtant essentiel ! On doit \u00eatre solidaire pour ne pas entrer dans une guerre de financement entre communes, ce que je trouve lamentable. On peut trouver \u00e7a na\u00eff mais la solidarit\u00e9 entre les conseils g\u00e9n\u00e9raux, les associations ou les directeurs d&rsquo;actions sociales, existe&nbsp;! On peut esp\u00e9rer qu\u2019en parall\u00e8le la m\u00e9tropole d\u00e9l\u00e8gue plus de pouvoir aux maires, ce qui permettrait une meilleure collaboration entre les villes.<\/span><\/p>\n<p><iframe loading=\"lazy\" title=\"Interview Longueval- LBB\" width=\"1200\" height=\"675\" src=\"https:\/\/www.youtube.com\/embed\/0REIAe0l1e4?feature=oembed\" frameborder=\"0\" allow=\"accelerometer; autoplay; clipboard-write; encrypted-media; gyroscope; picture-in-picture\" allowfullscreen><\/iframe><\/p>\n<!-- AddThis Advanced Settings generic via filter on the_content --><!-- AddThis Share Buttons generic via filter on the_content -->","protected":false},"excerpt":{"rendered":"<p>Jean-Michel Longueval \u00e9tait le premier adjoint avant d&rsquo;\u00eatre Maire de la ville de Bron au d\u00e9part d&rsquo;Annie Guillemot, pour la pr\u00e9sidence du Sytral. Depuis 2015, &hellip; <!-- AddThis Advanced Settings generic via filter on wp_trim_excerpt --><!-- AddThis Share Buttons generic via filter on wp_trim_excerpt --><\/p>\n","protected":false},"author":1,"featured_media":20266,"comment_status":"open","ping_status":"open","sticky":false,"template":"","format":"standard","meta":{"_FSMCFIC_featured_image_caption":"","_FSMCFIC_featured_image_nocaption":"","_FSMCFIC_featured_image_hide":"","footnotes":""},"categories":[22224,6],"tags":[22287,657,1193,2999,656,22282,1277,6492],"class_list":["post-20249","post","type-post","status-publish","format-standard","has-post-thumbnail","hentry","category-municipales-2020-politique","category-politique","tag-bon","tag-bron","tag-collomb","tag-eelv","tag-fete-du-livre","tag-jean-michel-longueval","tag-metropole","tag-municipales-2020"],"yoast_head":"<!-- This site is optimized with the Yoast SEO plugin v22.8 - https:\/\/yoast.com\/wordpress\/plugins\/seo\/ -->\n<title>[INTERVIEW] Municipales 2020 Bron : c&#039;est reparti pour un tour avec Jean-Michel Longueval (Partie 2) - Lyon Bondy Blog<\/title>\n<meta name=\"robots\" content=\"index, follow, max-snippet:-1, max-image-preview:large, max-video-preview:-1\" \/>\n<link rel=\"canonical\" href=\"https:\/\/lyonbondyblog.fr\/LBB\/interview-municipales-2020-bron-cest-reparti-pour-un-tour-avec-jean-michel-longueval-partie-2\/\" \/>\n<meta property=\"og:locale\" content=\"fr_FR\" \/>\n<meta property=\"og:type\" content=\"article\" \/>\n<meta property=\"og:title\" content=\"[INTERVIEW] Municipales 2020 Bron : c&#039;est reparti pour un tour avec Jean-Michel Longueval (Partie 2) - Lyon Bondy Blog\" \/>\n<meta property=\"og:description\" content=\"Jean-Michel Longueval \u00e9tait le premier adjoint avant d&rsquo;\u00eatre Maire de la ville de Bron au d\u00e9part d&rsquo;Annie Guillemot, pour la pr\u00e9sidence du Sytral. Depuis 2015, &hellip;\" \/>\n<meta property=\"og:url\" content=\"https:\/\/lyonbondyblog.fr\/LBB\/interview-municipales-2020-bron-cest-reparti-pour-un-tour-avec-jean-michel-longueval-partie-2\/\" \/>\n<meta property=\"og:site_name\" content=\"Lyon Bondy Blog\" \/>\n<meta property=\"article:publisher\" content=\"https:\/\/www.facebook.com\/lyonbondyblog\" \/>\n<meta property=\"article:author\" content=\"https:\/\/www.facebook.com\/lyonbondyblog\" \/>\n<meta property=\"article:published_time\" content=\"2020-06-25T10:23:39+00:00\" \/>\n<meta property=\"og:image\" content=\"https:\/\/lyonbondyblog.fr\/LBB\/wp-content\/uploads\/2020\/06\/image00001.png\" \/>\n\t<meta property=\"og:image:width\" content=\"750\" \/>\n\t<meta property=\"og:image:height\" content=\"1334\" \/>\n\t<meta property=\"og:image:type\" content=\"image\/png\" \/>\n<meta name=\"author\" content=\"La r\u00e9daction\" \/>\n<meta name=\"twitter:card\" content=\"summary_large_image\" \/>\n<meta name=\"twitter:creator\" content=\"@BondyBlogLyon\" \/>\n<meta name=\"twitter:site\" content=\"@bondybloglyon\" \/>\n<script type=\"application\/ld+json\" class=\"yoast-schema-graph\">{\"@context\":\"https:\/\/schema.org\",\"@graph\":[{\"@type\":\"Article\",\"@id\":\"https:\/\/lyonbondyblog.fr\/LBB\/interview-municipales-2020-bron-cest-reparti-pour-un-tour-avec-jean-michel-longueval-partie-2\/#article\",\"isPartOf\":{\"@id\":\"https:\/\/lyonbondyblog.fr\/LBB\/interview-municipales-2020-bron-cest-reparti-pour-un-tour-avec-jean-michel-longueval-partie-2\/\"},\"author\":{\"name\":\"La r\u00e9daction\",\"@id\":\"https:\/\/lyonbondyblog.fr\/LBB\/#\/schema\/person\/e45f8d27baac75072daa0be50c409b25\"},\"headline\":\"[INTERVIEW] Municipales 2020 Bron : c&rsquo;est reparti pour un tour avec Jean-Michel Longueval (Partie 2)\",\"datePublished\":\"2020-06-25T10:23:39+00:00\",\"dateModified\":\"2020-06-25T10:23:39+00:00\",\"mainEntityOfPage\":{\"@id\":\"https:\/\/lyonbondyblog.fr\/LBB\/interview-municipales-2020-bron-cest-reparti-pour-un-tour-avec-jean-michel-longueval-partie-2\/\"},\"wordCount\":491,\"commentCount\":0,\"publisher\":{\"@id\":\"https:\/\/lyonbondyblog.fr\/LBB\/#organization\"},\"image\":{\"@id\":\"https:\/\/lyonbondyblog.fr\/LBB\/interview-municipales-2020-bron-cest-reparti-pour-un-tour-avec-jean-michel-longueval-partie-2\/#primaryimage\"},\"thumbnailUrl\":\"https:\/\/lyonbondyblog.fr\/LBB\/wp-content\/uploads\/2020\/06\/image00001.png\",\"keywords\":[\"Bon\",\"Bron\",\"collomb\",\"EELV\",\"F\u00eate du livre\",\"Jean-Michel Longueval\",\"M\u00e9tropole\",\"Municipales 2020\"],\"articleSection\":[\"Municipales 2020\",\"Politique\"],\"inLanguage\":\"fr-FR\",\"potentialAction\":[{\"@type\":\"CommentAction\",\"name\":\"Comment\",\"target\":[\"https:\/\/lyonbondyblog.fr\/LBB\/interview-municipales-2020-bron-cest-reparti-pour-un-tour-avec-jean-michel-longueval-partie-2\/#respond\"]}]},{\"@type\":\"WebPage\",\"@id\":\"https:\/\/lyonbondyblog.fr\/LBB\/interview-municipales-2020-bron-cest-reparti-pour-un-tour-avec-jean-michel-longueval-partie-2\/\",\"url\":\"https:\/\/lyonbondyblog.fr\/LBB\/interview-municipales-2020-bron-cest-reparti-pour-un-tour-avec-jean-michel-longueval-partie-2\/\",\"name\":\"[INTERVIEW] Municipales 2020 Bron : c'est reparti pour un tour avec Jean-Michel Longueval (Partie 2) - Lyon Bondy Blog\",\"isPartOf\":{\"@id\":\"https:\/\/lyonbondyblog.fr\/LBB\/#website\"},\"primaryImageOfPage\":{\"@id\":\"https:\/\/lyonbondyblog.fr\/LBB\/interview-municipales-2020-bron-cest-reparti-pour-un-tour-avec-jean-michel-longueval-partie-2\/#primaryimage\"},\"image\":{\"@id\":\"https:\/\/lyonbondyblog.fr\/LBB\/interview-municipales-2020-bron-cest-reparti-pour-un-tour-avec-jean-michel-longueval-partie-2\/#primaryimage\"},\"thumbnailUrl\":\"https:\/\/lyonbondyblog.fr\/LBB\/wp-content\/uploads\/2020\/06\/image00001.png\",\"datePublished\":\"2020-06-25T10:23:39+00:00\",\"dateModified\":\"2020-06-25T10:23:39+00:00\",\"inLanguage\":\"fr-FR\",\"potentialAction\":[{\"@type\":\"ReadAction\",\"target\":[\"https:\/\/lyonbondyblog.fr\/LBB\/interview-municipales-2020-bron-cest-reparti-pour-un-tour-avec-jean-michel-longueval-partie-2\/\"]}]},{\"@type\":\"ImageObject\",\"inLanguage\":\"fr-FR\",\"@id\":\"https:\/\/lyonbondyblog.fr\/LBB\/interview-municipales-2020-bron-cest-reparti-pour-un-tour-avec-jean-michel-longueval-partie-2\/#primaryimage\",\"url\":\"https:\/\/lyonbondyblog.fr\/LBB\/wp-content\/uploads\/2020\/06\/image00001.png\",\"contentUrl\":\"https:\/\/lyonbondyblog.fr\/LBB\/wp-content\/uploads\/2020\/06\/image00001.png\",\"width\":750,\"height\":1334,\"caption\":\"Jean-Michel Longueval au local du Lyon Bondy Blog. Cr\u00e9dits : Thibaut Eperdussin\"},{\"@type\":\"WebSite\",\"@id\":\"https:\/\/lyonbondyblog.fr\/LBB\/#website\",\"url\":\"https:\/\/lyonbondyblog.fr\/LBB\/\",\"name\":\"Lyon Bondy Blog\",\"description\":\"\",\"publisher\":{\"@id\":\"https:\/\/lyonbondyblog.fr\/LBB\/#organization\"},\"potentialAction\":[{\"@type\":\"SearchAction\",\"target\":{\"@type\":\"EntryPoint\",\"urlTemplate\":\"https:\/\/lyonbondyblog.fr\/LBB\/?s={search_term_string}\"},\"query-input\":\"required name=search_term_string\"}],\"inLanguage\":\"fr-FR\"},{\"@type\":\"Organization\",\"@id\":\"https:\/\/lyonbondyblog.fr\/LBB\/#organization\",\"name\":\"LYON BONDY BLOG\",\"url\":\"https:\/\/lyonbondyblog.fr\/LBB\/\",\"logo\":{\"@type\":\"ImageObject\",\"inLanguage\":\"fr-FR\",\"@id\":\"https:\/\/lyonbondyblog.fr\/LBB\/#\/schema\/logo\/image\/\",\"url\":\"http:\/\/lyonbondyblog.fr\/LBB\/wp-content\/uploads\/2014\/10\/logo-portable-144.png\",\"contentUrl\":\"http:\/\/lyonbondyblog.fr\/LBB\/wp-content\/uploads\/2014\/10\/logo-portable-144.png\",\"width\":144,\"height\":123,\"caption\":\"LYON BONDY BLOG\"},\"image\":{\"@id\":\"https:\/\/lyonbondyblog.fr\/LBB\/#\/schema\/logo\/image\/\"},\"sameAs\":[\"https:\/\/www.facebook.com\/lyonbondyblog\",\"https:\/\/x.com\/bondybloglyon\"]},{\"@type\":\"Person\",\"@id\":\"https:\/\/lyonbondyblog.fr\/LBB\/#\/schema\/person\/e45f8d27baac75072daa0be50c409b25\",\"name\":\"La r\u00e9daction\",\"description\":\"Cr\u00e9e en 2008, la r\u00e9daction du Lyon Bondy Blog s'applique \u00e0 proposer une information locale diff\u00e9rente et compl\u00e9mentaire des m\u00e9dias traditionnels.\",\"sameAs\":[\"https:\/\/www.facebook.com\/lyonbondyblog\",\"https:\/\/x.com\/BondyBlogLyon\"],\"url\":\"https:\/\/lyonbondyblog.fr\/LBB\/author\/admin\/\"}]}<\/script>\n<!-- \/ Yoast SEO plugin. -->","yoast_head_json":{"title":"[INTERVIEW] Municipales 2020 Bron : c'est reparti pour un tour avec Jean-Michel Longueval (Partie 2) - Lyon Bondy Blog","robots":{"index":"index","follow":"follow","max-snippet":"max-snippet:-1","max-image-preview":"max-image-preview:large","max-video-preview":"max-video-preview:-1"},"canonical":"https:\/\/lyonbondyblog.fr\/LBB\/interview-municipales-2020-bron-cest-reparti-pour-un-tour-avec-jean-michel-longueval-partie-2\/","og_locale":"fr_FR","og_type":"article","og_title":"[INTERVIEW] Municipales 2020 Bron : c'est reparti pour un tour avec Jean-Michel Longueval (Partie 2) - Lyon Bondy Blog","og_description":"Jean-Michel Longueval \u00e9tait le premier adjoint avant d&rsquo;\u00eatre Maire de la ville de Bron au d\u00e9part d&rsquo;Annie Guillemot, pour la pr\u00e9sidence du Sytral. Depuis 2015, &hellip;","og_url":"https:\/\/lyonbondyblog.fr\/LBB\/interview-municipales-2020-bron-cest-reparti-pour-un-tour-avec-jean-michel-longueval-partie-2\/","og_site_name":"Lyon Bondy Blog","article_publisher":"https:\/\/www.facebook.com\/lyonbondyblog","article_author":"https:\/\/www.facebook.com\/lyonbondyblog","article_published_time":"2020-06-25T10:23:39+00:00","og_image":[{"url":"https:\/\/lyonbondyblog.fr\/LBB\/wp-content\/uploads\/2020\/06\/image00001.png","width":750,"height":1334,"type":"image\/png"}],"author":"La r\u00e9daction","twitter_card":"summary_large_image","twitter_creator":"@BondyBlogLyon","twitter_site":"@bondybloglyon","schema":{"@context":"https:\/\/schema.org","@graph":[{"@type":"Article","@id":"https:\/\/lyonbondyblog.fr\/LBB\/interview-municipales-2020-bron-cest-reparti-pour-un-tour-avec-jean-michel-longueval-partie-2\/#article","isPartOf":{"@id":"https:\/\/lyonbondyblog.fr\/LBB\/interview-municipales-2020-bron-cest-reparti-pour-un-tour-avec-jean-michel-longueval-partie-2\/"},"author":{"name":"La r\u00e9daction","@id":"https:\/\/lyonbondyblog.fr\/LBB\/#\/schema\/person\/e45f8d27baac75072daa0be50c409b25"},"headline":"[INTERVIEW] Municipales 2020 Bron : c&rsquo;est reparti pour un tour avec Jean-Michel Longueval (Partie 2)","datePublished":"2020-06-25T10:23:39+00:00","dateModified":"2020-06-25T10:23:39+00:00","mainEntityOfPage":{"@id":"https:\/\/lyonbondyblog.fr\/LBB\/interview-municipales-2020-bron-cest-reparti-pour-un-tour-avec-jean-michel-longueval-partie-2\/"},"wordCount":491,"commentCount":0,"publisher":{"@id":"https:\/\/lyonbondyblog.fr\/LBB\/#organization"},"image":{"@id":"https:\/\/lyonbondyblog.fr\/LBB\/interview-municipales-2020-bron-cest-reparti-pour-un-tour-avec-jean-michel-longueval-partie-2\/#primaryimage"},"thumbnailUrl":"https:\/\/lyonbondyblog.fr\/LBB\/wp-content\/uploads\/2020\/06\/image00001.png","keywords":["Bon","Bron","collomb","EELV","F\u00eate du livre","Jean-Michel Longueval","M\u00e9tropole","Municipales 2020"],"articleSection":["Municipales 2020","Politique"],"inLanguage":"fr-FR","potentialAction":[{"@type":"CommentAction","name":"Comment","target":["https:\/\/lyonbondyblog.fr\/LBB\/interview-municipales-2020-bron-cest-reparti-pour-un-tour-avec-jean-michel-longueval-partie-2\/#respond"]}]},{"@type":"WebPage","@id":"https:\/\/lyonbondyblog.fr\/LBB\/interview-municipales-2020-bron-cest-reparti-pour-un-tour-avec-jean-michel-longueval-partie-2\/","url":"https:\/\/lyonbondyblog.fr\/LBB\/interview-municipales-2020-bron-cest-reparti-pour-un-tour-avec-jean-michel-longueval-partie-2\/","name":"[INTERVIEW] Municipales 2020 Bron : c'est reparti pour un tour avec Jean-Michel Longueval (Partie 2) - Lyon Bondy Blog","isPartOf":{"@id":"https:\/\/lyonbondyblog.fr\/LBB\/#website"},"primaryImageOfPage":{"@id":"https:\/\/lyonbondyblog.fr\/LBB\/interview-municipales-2020-bron-cest-reparti-pour-un-tour-avec-jean-michel-longueval-partie-2\/#primaryimage"},"image":{"@id":"https:\/\/lyonbondyblog.fr\/LBB\/interview-municipales-2020-bron-cest-reparti-pour-un-tour-avec-jean-michel-longueval-partie-2\/#primaryimage"},"thumbnailUrl":"https:\/\/lyonbondyblog.fr\/LBB\/wp-content\/uploads\/2020\/06\/image00001.png","datePublished":"2020-06-25T10:23:39+00:00","dateModified":"2020-06-25T10:23:39+00:00","inLanguage":"fr-FR","potentialAction":[{"@type":"ReadAction","target":["https:\/\/lyonbondyblog.fr\/LBB\/interview-municipales-2020-bron-cest-reparti-pour-un-tour-avec-jean-michel-longueval-partie-2\/"]}]},{"@type":"ImageObject","inLanguage":"fr-FR","@id":"https:\/\/lyonbondyblog.fr\/LBB\/interview-municipales-2020-bron-cest-reparti-pour-un-tour-avec-jean-michel-longueval-partie-2\/#primaryimage","url":"https:\/\/lyonbondyblog.fr\/LBB\/wp-content\/uploads\/2020\/06\/image00001.png","contentUrl":"https:\/\/lyonbondyblog.fr\/LBB\/wp-content\/uploads\/2020\/06\/image00001.png","width":750,"height":1334,"caption":"Jean-Michel Longueval au local du Lyon Bondy Blog. Cr\u00e9dits : Thibaut Eperdussin"},{"@type":"WebSite","@id":"https:\/\/lyonbondyblog.fr\/LBB\/#website","url":"https:\/\/lyonbondyblog.fr\/LBB\/","name":"Lyon Bondy Blog","description":"","publisher":{"@id":"https:\/\/lyonbondyblog.fr\/LBB\/#organization"},"potentialAction":[{"@type":"SearchAction","target":{"@type":"EntryPoint","urlTemplate":"https:\/\/lyonbondyblog.fr\/LBB\/?s={search_term_string}"},"query-input":"required name=search_term_string"}],"inLanguage":"fr-FR"},{"@type":"Organization","@id":"https:\/\/lyonbondyblog.fr\/LBB\/#organization","name":"LYON BONDY BLOG","url":"https:\/\/lyonbondyblog.fr\/LBB\/","logo":{"@type":"ImageObject","inLanguage":"fr-FR","@id":"https:\/\/lyonbondyblog.fr\/LBB\/#\/schema\/logo\/image\/","url":"http:\/\/lyonbondyblog.fr\/LBB\/wp-content\/uploads\/2014\/10\/logo-portable-144.png","contentUrl":"http:\/\/lyonbondyblog.fr\/LBB\/wp-content\/uploads\/2014\/10\/logo-portable-144.png","width":144,"height":123,"caption":"LYON BONDY BLOG"},"image":{"@id":"https:\/\/lyonbondyblog.fr\/LBB\/#\/schema\/logo\/image\/"},"sameAs":["https:\/\/www.facebook.com\/lyonbondyblog","https:\/\/x.com\/bondybloglyon"]},{"@type":"Person","@id":"https:\/\/lyonbondyblog.fr\/LBB\/#\/schema\/person\/e45f8d27baac75072daa0be50c409b25","name":"La r\u00e9daction","description":"Cr\u00e9e en 2008, la r\u00e9daction du Lyon Bondy Blog s'applique \u00e0 proposer une information locale diff\u00e9rente et compl\u00e9mentaire des m\u00e9dias traditionnels.","sameAs":["https:\/\/www.facebook.com\/lyonbondyblog","https:\/\/x.com\/BondyBlogLyon"],"url":"https:\/\/lyonbondyblog.fr\/LBB\/author\/admin\/"}]}},"_links":{"self":[{"href":"https:\/\/lyonbondyblog.fr\/LBB\/wp-json\/wp\/v2\/posts\/20249","targetHints":{"allow":["GET"]}}],"collection":[{"href":"https:\/\/lyonbondyblog.fr\/LBB\/wp-json\/wp\/v2\/posts"}],"about":[{"href":"https:\/\/lyonbondyblog.fr\/LBB\/wp-json\/wp\/v2\/types\/post"}],"author":[{"embeddable":true,"href":"https:\/\/lyonbondyblog.fr\/LBB\/wp-json\/wp\/v2\/users\/1"}],"replies":[{"embeddable":true,"href":"https:\/\/lyonbondyblog.fr\/LBB\/wp-json\/wp\/v2\/comments?post=20249"}],"version-history":[{"count":3,"href":"https:\/\/lyonbondyblog.fr\/LBB\/wp-json\/wp\/v2\/posts\/20249\/revisions"}],"predecessor-version":[{"id":20269,"href":"https:\/\/lyonbondyblog.fr\/LBB\/wp-json\/wp\/v2\/posts\/20249\/revisions\/20269"}],"wp:featuredmedia":[{"embeddable":true,"href":"https:\/\/lyonbondyblog.fr\/LBB\/wp-json\/wp\/v2\/media\/20266"}],"wp:attachment":[{"href":"https:\/\/lyonbondyblog.fr\/LBB\/wp-json\/wp\/v2\/media?parent=20249"}],"wp:term":[{"taxonomy":"category","embeddable":true,"href":"https:\/\/lyonbondyblog.fr\/LBB\/wp-json\/wp\/v2\/categories?post=20249"},{"taxonomy":"post_tag","embeddable":true,"href":"https:\/\/lyonbondyblog.fr\/LBB\/wp-json\/wp\/v2\/tags?post=20249"}],"curies":[{"name":"wp","href":"https:\/\/api.w.org\/{rel}","templated":true}]}}