{"id":2022,"date":"2011-03-15T11:56:53","date_gmt":"2011-03-15T10:56:53","guid":{"rendered":"http:\/\/lyonbondyblog.fr\/LBB\/?p=2022"},"modified":"2013-07-30T11:59:41","modified_gmt":"2013-07-30T09:59:41","slug":"genepi-une-journee-de-sensibilisation-sur-lunivers-carceral","status":"publish","type":"post","link":"https:\/\/lyonbondyblog.fr\/LBB\/genepi-une-journee-de-sensibilisation-sur-lunivers-carceral\/","title":{"rendered":"Genepi: Une journ\u00e9e de sensibilisation sur l&rsquo;univers carc\u00e9ral"},"content":{"rendered":"<p><strong>Le lecteur du Lyon Bondy Blog est curieux, amateur d&rsquo;\u00e9changes, de rencontres et de plein air? N&rsquo; est effray\u00e9 ni par les murailles, les cr\u00eapes au chocolat, et les sourires accueillant? Voil\u00e0 qui tombe \u00e0 pic&#8230;<\/strong><\/p>\n<div><img decoding=\"async\" class=\"alignright\" alt=\"\" src=\"http:\/\/yahoo.lyon.bondyblog.fr\/images\/passe_muraile.jpg\" \/><\/div>\n<div><\/div>\n<p>Tout change et depuis toujours. Ce mouvement perp\u00e9tuel, condition sine qua non \u00e0 l&rsquo;existence de tout organisme vivant, semble atteindre des proportions d\u00e9mentielles d\u00e8s lors que l&rsquo;on s&rsquo;attarde sur le cas de ce cher \u00eatre humain. Sans ordre d&rsquo;importance: les moeurs, les voitures, l&rsquo;art, les sciences,les modes, l&rsquo;architecture, les philosophies&#8230;Si la liste est sans fin, elle s&rsquo;av\u00e8re n\u00e9anmoins loin d&rsquo;\u00eatre inint\u00e9ressante.<\/p>\n<p>Aujourd&rsquo;hui en France, la prison est un genre d&rsquo;institution atypique et hautement symbolique de cette capacit\u00e9 \u00e0 r\u00e9v\u00e9ler quelque chose d&rsquo;une soci\u00e9t\u00e9 en se contentant de se montrer, d&rsquo;\u00eatre l\u00e0. L&rsquo;exemple lyonnais incarne ici une tendance nationale. Interrogeons le miroir.<\/p>\n<p>Que nous disent en 2011 les \u00e9tablissements de Saint-Paul et de Saint-Joseph situ\u00e9s dans le quartier de Perrache? Ils montrent, mais sans \u00eatre l\u00e0. Depuis leurs fermeture, Ils affichent une enveloppe vide, un corps d\u00e9sert\u00e9, un fant\u00f4me visible en permanence . De ce paradoxe d&rsquo;une absence bien pr\u00e9sente,un constat tr\u00e8s concret suivi de pr\u00e8s par son ombre: l&rsquo; \u00e9vacuation de ses \u00ab\u00a0habitants\u00a0\u00bb au-del\u00e0 des marges de ses marges et implicitement, l&rsquo;affichage d&rsquo;un dessein politique. Une d\u00e9localisation loin du voisinage quotidien de la\u00a0 majorit\u00e9, assimilable \u00e0 une volont\u00e9 d&rsquo;exclusion.<\/p>\n<p>Mais aussi, l&rsquo;affirmation d&rsquo;une pr\u00e9sence jug\u00e9e indigne et inopportune aux yeux d&rsquo;un grand nombre, pour finalement apercevoir en corolaire, l&rsquo;aveu d&rsquo;un certain embarras politique devant ces monuments embarrassants, vestiges anachroniques. Saint Quentin Fallavier, Villefranche sur Saone, Corbas ou Meyzieu sont donc devenus petit \u00e0 petit les facettes de cette r\u00e9alit\u00e9.<br \/>\nTenus \u00e0 plusieurs dizaines de kilom\u00e8tres de l&rsquo;agglom\u00e9ration, toujours l\u00e0 donc, mais muets et cach\u00e9s, au milieu de zones industrielles ou en rase campagne. Le message semble clair&#8230; Le <a href=\"http:\/\/www.genepi.fr\/\">GENEPI,<\/a> association \u00e9tudiante oeuvrant \u00e0 l&rsquo;entretien d&rsquo;une passerelle entre ext\u00e9rieur et int\u00e9rieur des territoires carc\u00e9raux, sous forme d&rsquo;aides scolaires ou d&rsquo;ateliers socio-culturels hebdomadaires aupr\u00e8s des personnes incarc\u00e9r\u00e9es, investit une fois de plus l&rsquo;espace public.<\/p>\n<p>Samedi 16 Avril, de 9h \u00e0 20h les b\u00e9n\u00e9voles g\u00e9n\u00e9pistes poseront leurs bagages place Sathonay (arr\u00eat h\u00f4tel de ville) pour rendre \u00e0 cet univers opaque la visibilit\u00e9 lui faisant d\u00e9faut. Pour cela,de nombreuses animations seront propos\u00e9es afin de conjuguer sensibilisation aux conditions de vie p\u00e9nitentiaire, avec des discussions ludiques et chaleureuses. Mur d&rsquo;expression libre, artistes de tout poils, ainsi qu&rsquo;une exposition seront sur place pour l&rsquo;occasion.<\/p>\n<p>Symboliquement, une cellule de 9m2, ouverte \u00e0 tous, sera dress\u00e9e au coeur de la place. Par cette relocalisation temporaire au coeur de la cit\u00e9, s&rsquo;inscrit d&rsquo;une part le d\u00e9sir d&rsquo;une circulation de la parole du d\u00e9tenu dans l&rsquo;espace public:\u00a0 s&rsquo;il est priv\u00e9 de libert\u00e9, celui-ci n&rsquo;est pas cens\u00e9 l&rsquo; \u00eatre aussi de sa libert\u00e9 d&rsquo;expression. D&rsquo;autre part, d&rsquo;un recentrage et d&rsquo;une r\u00e9activation d&rsquo; un d\u00e9bat n\u00e9glig\u00e9, en d\u00e9pit de son urgence, et de surcro\u00eet dans la patrie des droits de l&rsquo;homme. Au final, mettre en avant les prises de position adopt\u00e9es par l&rsquo;association depuis 30 ans. Bref, n&rsquo;h\u00e9sitez pas \u00e0 laissez porter vos \u00e2mes curieuses vers le premier arrondissement, tout en profitant de la douceur du climat. Les noctambules ne seront pas l\u00e9s\u00e9s pour autant,\u00a0 le d\u00e9but de soir\u00e9e sera l&rsquo;occasion d&rsquo;un diaporama que je vous laisse la surprise de d\u00e9couvrir.<\/p>\n<p>www.genepi.fr\/<br \/>\nwww.tcl.fr\/<\/p>\n<p style=\"text-align: right;\"><span style=\"text-decoration: underline;\">Jean-Romain Mora<\/span><\/p>\n<!-- AddThis Advanced Settings generic via filter on the_content --><!-- AddThis Share Buttons generic via filter on the_content -->","protected":false},"excerpt":{"rendered":"<p>Le lecteur du Lyon Bondy Blog est curieux, amateur d&rsquo;\u00e9changes, de rencontres et de plein air? N&rsquo; est effray\u00e9 ni par les murailles, les cr\u00eapes &hellip; <!-- AddThis Advanced Settings generic via filter on wp_trim_excerpt --><!-- AddThis Share Buttons generic via filter on wp_trim_excerpt --><\/p>\n","protected":false},"author":1,"featured_media":2024,"comment_status":"open","ping_status":"open","sticky":false,"template":"","format":"standard","meta":{"_FSMCFIC_featured_image_caption":"","_FSMCFIC_featured_image_nocaption":"","_FSMCFIC_featured_image_hide":"","footnotes":""},"categories":[4],"tags":[645,10,112,69],"class_list":["post-2022","post","type-post","status-publish","format-standard","has-post-thumbnail","hentry","category-lyon","tag-genepi","tag-lyon-2","tag-lyon-bondy-blog","tag-prison"],"yoast_head":"<!-- This site is optimized with the Yoast SEO plugin v22.8 - https:\/\/yoast.com\/wordpress\/plugins\/seo\/ -->\n<title>Genepi: Une journ\u00e9e de sensibilisation sur l&#039;univers carc\u00e9ral - Lyon Bondy Blog<\/title>\n<meta name=\"robots\" content=\"index, follow, max-snippet:-1, max-image-preview:large, max-video-preview:-1\" \/>\n<link rel=\"canonical\" href=\"https:\/\/lyonbondyblog.fr\/LBB\/genepi-une-journee-de-sensibilisation-sur-lunivers-carceral\/\" \/>\n<meta property=\"og:locale\" content=\"fr_FR\" \/>\n<meta property=\"og:type\" content=\"article\" \/>\n<meta property=\"og:title\" content=\"Genepi: Une journ\u00e9e de sensibilisation sur l&#039;univers carc\u00e9ral - Lyon Bondy Blog\" \/>\n<meta property=\"og:description\" content=\"Le lecteur du Lyon Bondy Blog est curieux, amateur d&rsquo;\u00e9changes, de rencontres et de plein air? N&rsquo; est effray\u00e9 ni par les murailles, les cr\u00eapes &hellip;\" \/>\n<meta property=\"og:url\" content=\"https:\/\/lyonbondyblog.fr\/LBB\/genepi-une-journee-de-sensibilisation-sur-lunivers-carceral\/\" \/>\n<meta property=\"og:site_name\" content=\"Lyon Bondy Blog\" \/>\n<meta property=\"article:publisher\" content=\"https:\/\/www.facebook.com\/lyonbondyblog\" \/>\n<meta property=\"article:author\" content=\"https:\/\/www.facebook.com\/lyonbondyblog\" \/>\n<meta property=\"article:published_time\" content=\"2011-03-15T10:56:53+00:00\" \/>\n<meta property=\"article:modified_time\" content=\"2013-07-30T09:59:41+00:00\" \/>\n<meta property=\"og:image\" content=\"https:\/\/lyonbondyblog.fr\/LBB\/wp-content\/uploads\/2013\/07\/passe_muraile.jpg\" \/>\n\t<meta property=\"og:image:width\" content=\"124\" \/>\n\t<meta property=\"og:image:height\" content=\"166\" \/>\n\t<meta property=\"og:image:type\" content=\"image\/jpeg\" \/>\n<meta name=\"author\" content=\"La r\u00e9daction\" \/>\n<meta name=\"twitter:card\" content=\"summary_large_image\" \/>\n<meta name=\"twitter:creator\" content=\"@BondyBlogLyon\" \/>\n<meta name=\"twitter:site\" content=\"@bondybloglyon\" \/>\n<script type=\"application\/ld+json\" class=\"yoast-schema-graph\">{\"@context\":\"https:\/\/schema.org\",\"@graph\":[{\"@type\":\"Article\",\"@id\":\"https:\/\/lyonbondyblog.fr\/LBB\/genepi-une-journee-de-sensibilisation-sur-lunivers-carceral\/#article\",\"isPartOf\":{\"@id\":\"https:\/\/lyonbondyblog.fr\/LBB\/genepi-une-journee-de-sensibilisation-sur-lunivers-carceral\/\"},\"author\":{\"name\":\"La r\u00e9daction\",\"@id\":\"https:\/\/lyonbondyblog.fr\/LBB\/#\/schema\/person\/e45f8d27baac75072daa0be50c409b25\"},\"headline\":\"Genepi: Une journ\u00e9e de sensibilisation sur l&rsquo;univers carc\u00e9ral\",\"datePublished\":\"2011-03-15T10:56:53+00:00\",\"dateModified\":\"2013-07-30T09:59:41+00:00\",\"mainEntityOfPage\":{\"@id\":\"https:\/\/lyonbondyblog.fr\/LBB\/genepi-une-journee-de-sensibilisation-sur-lunivers-carceral\/\"},\"wordCount\":608,\"commentCount\":0,\"publisher\":{\"@id\":\"https:\/\/lyonbondyblog.fr\/LBB\/#organization\"},\"image\":{\"@id\":\"https:\/\/lyonbondyblog.fr\/LBB\/genepi-une-journee-de-sensibilisation-sur-lunivers-carceral\/#primaryimage\"},\"thumbnailUrl\":\"https:\/\/lyonbondyblog.fr\/LBB\/wp-content\/uploads\/2013\/07\/passe_muraile.jpg\",\"keywords\":[\"G\u00e9n\u00e9pi\",\"lyon\",\"Lyon Bondy Blog\",\"prison\"],\"articleSection\":[\"Lyon\"],\"inLanguage\":\"fr-FR\",\"potentialAction\":[{\"@type\":\"CommentAction\",\"name\":\"Comment\",\"target\":[\"https:\/\/lyonbondyblog.fr\/LBB\/genepi-une-journee-de-sensibilisation-sur-lunivers-carceral\/#respond\"]}]},{\"@type\":\"WebPage\",\"@id\":\"https:\/\/lyonbondyblog.fr\/LBB\/genepi-une-journee-de-sensibilisation-sur-lunivers-carceral\/\",\"url\":\"https:\/\/lyonbondyblog.fr\/LBB\/genepi-une-journee-de-sensibilisation-sur-lunivers-carceral\/\",\"name\":\"Genepi: Une journ\u00e9e de sensibilisation sur l'univers carc\u00e9ral - Lyon Bondy Blog\",\"isPartOf\":{\"@id\":\"https:\/\/lyonbondyblog.fr\/LBB\/#website\"},\"primaryImageOfPage\":{\"@id\":\"https:\/\/lyonbondyblog.fr\/LBB\/genepi-une-journee-de-sensibilisation-sur-lunivers-carceral\/#primaryimage\"},\"image\":{\"@id\":\"https:\/\/lyonbondyblog.fr\/LBB\/genepi-une-journee-de-sensibilisation-sur-lunivers-carceral\/#primaryimage\"},\"thumbnailUrl\":\"https:\/\/lyonbondyblog.fr\/LBB\/wp-content\/uploads\/2013\/07\/passe_muraile.jpg\",\"datePublished\":\"2011-03-15T10:56:53+00:00\",\"dateModified\":\"2013-07-30T09:59:41+00:00\",\"inLanguage\":\"fr-FR\",\"potentialAction\":[{\"@type\":\"ReadAction\",\"target\":[\"https:\/\/lyonbondyblog.fr\/LBB\/genepi-une-journee-de-sensibilisation-sur-lunivers-carceral\/\"]}]},{\"@type\":\"ImageObject\",\"inLanguage\":\"fr-FR\",\"@id\":\"https:\/\/lyonbondyblog.fr\/LBB\/genepi-une-journee-de-sensibilisation-sur-lunivers-carceral\/#primaryimage\",\"url\":\"https:\/\/lyonbondyblog.fr\/LBB\/wp-content\/uploads\/2013\/07\/passe_muraile.jpg\",\"contentUrl\":\"https:\/\/lyonbondyblog.fr\/LBB\/wp-content\/uploads\/2013\/07\/passe_muraile.jpg\",\"width\":124,\"height\":166},{\"@type\":\"WebSite\",\"@id\":\"https:\/\/lyonbondyblog.fr\/LBB\/#website\",\"url\":\"https:\/\/lyonbondyblog.fr\/LBB\/\",\"name\":\"Lyon Bondy Blog\",\"description\":\"\",\"publisher\":{\"@id\":\"https:\/\/lyonbondyblog.fr\/LBB\/#organization\"},\"potentialAction\":[{\"@type\":\"SearchAction\",\"target\":{\"@type\":\"EntryPoint\",\"urlTemplate\":\"https:\/\/lyonbondyblog.fr\/LBB\/?s={search_term_string}\"},\"query-input\":\"required name=search_term_string\"}],\"inLanguage\":\"fr-FR\"},{\"@type\":\"Organization\",\"@id\":\"https:\/\/lyonbondyblog.fr\/LBB\/#organization\",\"name\":\"LYON BONDY BLOG\",\"url\":\"https:\/\/lyonbondyblog.fr\/LBB\/\",\"logo\":{\"@type\":\"ImageObject\",\"inLanguage\":\"fr-FR\",\"@id\":\"https:\/\/lyonbondyblog.fr\/LBB\/#\/schema\/logo\/image\/\",\"url\":\"http:\/\/lyonbondyblog.fr\/LBB\/wp-content\/uploads\/2014\/10\/logo-portable-144.png\",\"contentUrl\":\"http:\/\/lyonbondyblog.fr\/LBB\/wp-content\/uploads\/2014\/10\/logo-portable-144.png\",\"width\":144,\"height\":123,\"caption\":\"LYON BONDY BLOG\"},\"image\":{\"@id\":\"https:\/\/lyonbondyblog.fr\/LBB\/#\/schema\/logo\/image\/\"},\"sameAs\":[\"https:\/\/www.facebook.com\/lyonbondyblog\",\"https:\/\/x.com\/bondybloglyon\"]},{\"@type\":\"Person\",\"@id\":\"https:\/\/lyonbondyblog.fr\/LBB\/#\/schema\/person\/e45f8d27baac75072daa0be50c409b25\",\"name\":\"La r\u00e9daction\",\"description\":\"Cr\u00e9e en 2008, la r\u00e9daction du Lyon Bondy Blog s'applique \u00e0 proposer une information locale diff\u00e9rente et compl\u00e9mentaire des m\u00e9dias traditionnels.\",\"sameAs\":[\"https:\/\/www.facebook.com\/lyonbondyblog\",\"https:\/\/x.com\/BondyBlogLyon\"],\"url\":\"https:\/\/lyonbondyblog.fr\/LBB\/author\/admin\/\"}]}<\/script>\n<!-- \/ Yoast SEO plugin. -->","yoast_head_json":{"title":"Genepi: Une journ\u00e9e de sensibilisation sur l'univers carc\u00e9ral - Lyon Bondy Blog","robots":{"index":"index","follow":"follow","max-snippet":"max-snippet:-1","max-image-preview":"max-image-preview:large","max-video-preview":"max-video-preview:-1"},"canonical":"https:\/\/lyonbondyblog.fr\/LBB\/genepi-une-journee-de-sensibilisation-sur-lunivers-carceral\/","og_locale":"fr_FR","og_type":"article","og_title":"Genepi: Une journ\u00e9e de sensibilisation sur l'univers carc\u00e9ral - Lyon Bondy Blog","og_description":"Le lecteur du Lyon Bondy Blog est curieux, amateur d&rsquo;\u00e9changes, de rencontres et de plein air? N&rsquo; est effray\u00e9 ni par les murailles, les cr\u00eapes &hellip;","og_url":"https:\/\/lyonbondyblog.fr\/LBB\/genepi-une-journee-de-sensibilisation-sur-lunivers-carceral\/","og_site_name":"Lyon Bondy Blog","article_publisher":"https:\/\/www.facebook.com\/lyonbondyblog","article_author":"https:\/\/www.facebook.com\/lyonbondyblog","article_published_time":"2011-03-15T10:56:53+00:00","article_modified_time":"2013-07-30T09:59:41+00:00","og_image":[{"width":124,"height":166,"url":"https:\/\/lyonbondyblog.fr\/LBB\/wp-content\/uploads\/2013\/07\/passe_muraile.jpg","type":"image\/jpeg"}],"author":"La r\u00e9daction","twitter_card":"summary_large_image","twitter_creator":"@BondyBlogLyon","twitter_site":"@bondybloglyon","schema":{"@context":"https:\/\/schema.org","@graph":[{"@type":"Article","@id":"https:\/\/lyonbondyblog.fr\/LBB\/genepi-une-journee-de-sensibilisation-sur-lunivers-carceral\/#article","isPartOf":{"@id":"https:\/\/lyonbondyblog.fr\/LBB\/genepi-une-journee-de-sensibilisation-sur-lunivers-carceral\/"},"author":{"name":"La r\u00e9daction","@id":"https:\/\/lyonbondyblog.fr\/LBB\/#\/schema\/person\/e45f8d27baac75072daa0be50c409b25"},"headline":"Genepi: Une journ\u00e9e de sensibilisation sur l&rsquo;univers carc\u00e9ral","datePublished":"2011-03-15T10:56:53+00:00","dateModified":"2013-07-30T09:59:41+00:00","mainEntityOfPage":{"@id":"https:\/\/lyonbondyblog.fr\/LBB\/genepi-une-journee-de-sensibilisation-sur-lunivers-carceral\/"},"wordCount":608,"commentCount":0,"publisher":{"@id":"https:\/\/lyonbondyblog.fr\/LBB\/#organization"},"image":{"@id":"https:\/\/lyonbondyblog.fr\/LBB\/genepi-une-journee-de-sensibilisation-sur-lunivers-carceral\/#primaryimage"},"thumbnailUrl":"https:\/\/lyonbondyblog.fr\/LBB\/wp-content\/uploads\/2013\/07\/passe_muraile.jpg","keywords":["G\u00e9n\u00e9pi","lyon","Lyon Bondy Blog","prison"],"articleSection":["Lyon"],"inLanguage":"fr-FR","potentialAction":[{"@type":"CommentAction","name":"Comment","target":["https:\/\/lyonbondyblog.fr\/LBB\/genepi-une-journee-de-sensibilisation-sur-lunivers-carceral\/#respond"]}]},{"@type":"WebPage","@id":"https:\/\/lyonbondyblog.fr\/LBB\/genepi-une-journee-de-sensibilisation-sur-lunivers-carceral\/","url":"https:\/\/lyonbondyblog.fr\/LBB\/genepi-une-journee-de-sensibilisation-sur-lunivers-carceral\/","name":"Genepi: Une journ\u00e9e de sensibilisation sur l'univers carc\u00e9ral - Lyon Bondy Blog","isPartOf":{"@id":"https:\/\/lyonbondyblog.fr\/LBB\/#website"},"primaryImageOfPage":{"@id":"https:\/\/lyonbondyblog.fr\/LBB\/genepi-une-journee-de-sensibilisation-sur-lunivers-carceral\/#primaryimage"},"image":{"@id":"https:\/\/lyonbondyblog.fr\/LBB\/genepi-une-journee-de-sensibilisation-sur-lunivers-carceral\/#primaryimage"},"thumbnailUrl":"https:\/\/lyonbondyblog.fr\/LBB\/wp-content\/uploads\/2013\/07\/passe_muraile.jpg","datePublished":"2011-03-15T10:56:53+00:00","dateModified":"2013-07-30T09:59:41+00:00","inLanguage":"fr-FR","potentialAction":[{"@type":"ReadAction","target":["https:\/\/lyonbondyblog.fr\/LBB\/genepi-une-journee-de-sensibilisation-sur-lunivers-carceral\/"]}]},{"@type":"ImageObject","inLanguage":"fr-FR","@id":"https:\/\/lyonbondyblog.fr\/LBB\/genepi-une-journee-de-sensibilisation-sur-lunivers-carceral\/#primaryimage","url":"https:\/\/lyonbondyblog.fr\/LBB\/wp-content\/uploads\/2013\/07\/passe_muraile.jpg","contentUrl":"https:\/\/lyonbondyblog.fr\/LBB\/wp-content\/uploads\/2013\/07\/passe_muraile.jpg","width":124,"height":166},{"@type":"WebSite","@id":"https:\/\/lyonbondyblog.fr\/LBB\/#website","url":"https:\/\/lyonbondyblog.fr\/LBB\/","name":"Lyon Bondy Blog","description":"","publisher":{"@id":"https:\/\/lyonbondyblog.fr\/LBB\/#organization"},"potentialAction":[{"@type":"SearchAction","target":{"@type":"EntryPoint","urlTemplate":"https:\/\/lyonbondyblog.fr\/LBB\/?s={search_term_string}"},"query-input":"required name=search_term_string"}],"inLanguage":"fr-FR"},{"@type":"Organization","@id":"https:\/\/lyonbondyblog.fr\/LBB\/#organization","name":"LYON BONDY BLOG","url":"https:\/\/lyonbondyblog.fr\/LBB\/","logo":{"@type":"ImageObject","inLanguage":"fr-FR","@id":"https:\/\/lyonbondyblog.fr\/LBB\/#\/schema\/logo\/image\/","url":"http:\/\/lyonbondyblog.fr\/LBB\/wp-content\/uploads\/2014\/10\/logo-portable-144.png","contentUrl":"http:\/\/lyonbondyblog.fr\/LBB\/wp-content\/uploads\/2014\/10\/logo-portable-144.png","width":144,"height":123,"caption":"LYON BONDY BLOG"},"image":{"@id":"https:\/\/lyonbondyblog.fr\/LBB\/#\/schema\/logo\/image\/"},"sameAs":["https:\/\/www.facebook.com\/lyonbondyblog","https:\/\/x.com\/bondybloglyon"]},{"@type":"Person","@id":"https:\/\/lyonbondyblog.fr\/LBB\/#\/schema\/person\/e45f8d27baac75072daa0be50c409b25","name":"La r\u00e9daction","description":"Cr\u00e9e en 2008, la r\u00e9daction du Lyon Bondy Blog s'applique \u00e0 proposer une information locale diff\u00e9rente et compl\u00e9mentaire des m\u00e9dias traditionnels.","sameAs":["https:\/\/www.facebook.com\/lyonbondyblog","https:\/\/x.com\/BondyBlogLyon"],"url":"https:\/\/lyonbondyblog.fr\/LBB\/author\/admin\/"}]}},"_links":{"self":[{"href":"https:\/\/lyonbondyblog.fr\/LBB\/wp-json\/wp\/v2\/posts\/2022","targetHints":{"allow":["GET"]}}],"collection":[{"href":"https:\/\/lyonbondyblog.fr\/LBB\/wp-json\/wp\/v2\/posts"}],"about":[{"href":"https:\/\/lyonbondyblog.fr\/LBB\/wp-json\/wp\/v2\/types\/post"}],"author":[{"embeddable":true,"href":"https:\/\/lyonbondyblog.fr\/LBB\/wp-json\/wp\/v2\/users\/1"}],"replies":[{"embeddable":true,"href":"https:\/\/lyonbondyblog.fr\/LBB\/wp-json\/wp\/v2\/comments?post=2022"}],"version-history":[{"count":0,"href":"https:\/\/lyonbondyblog.fr\/LBB\/wp-json\/wp\/v2\/posts\/2022\/revisions"}],"wp:featuredmedia":[{"embeddable":true,"href":"https:\/\/lyonbondyblog.fr\/LBB\/wp-json\/wp\/v2\/media\/2024"}],"wp:attachment":[{"href":"https:\/\/lyonbondyblog.fr\/LBB\/wp-json\/wp\/v2\/media?parent=2022"}],"wp:term":[{"taxonomy":"category","embeddable":true,"href":"https:\/\/lyonbondyblog.fr\/LBB\/wp-json\/wp\/v2\/categories?post=2022"},{"taxonomy":"post_tag","embeddable":true,"href":"https:\/\/lyonbondyblog.fr\/LBB\/wp-json\/wp\/v2\/tags?post=2022"}],"curies":[{"name":"wp","href":"https:\/\/api.w.org\/{rel}","templated":true}]}}