{"id":20187,"date":"2020-06-21T15:50:28","date_gmt":"2020-06-21T13:50:28","guid":{"rendered":"http:\/\/lyonbondyblog.fr\/LBB\/?p=20187"},"modified":"2020-06-21T15:50:28","modified_gmt":"2020-06-21T13:50:28","slug":"exposition-au-fort-saint-laurent-le-graff-vu-par-spirale","status":"publish","type":"post","link":"https:\/\/lyonbondyblog.fr\/LBB\/exposition-au-fort-saint-laurent-le-graff-vu-par-spirale\/","title":{"rendered":"Exposition au Fort Saint-Laurent : Le graff vu par Spirale"},"content":{"rendered":"<p style=\"text-align: justify\"><strong><span style=\"font-family: arial, helvetica, sans-serif\"><a href=\"https:\/\/lyonbondyblog.fr\/LBB\/vernissage-au-fort-superposition-une-premiere-reussie-pour-spirale-art\/\">Spirale art<\/a> nous a accord\u00e9 une interview, premier des sept street artists \u00e0 l&rsquo;affiche du fort Saint-Laurent du 4 juin au 10 octobre. En partenariat avec <a href=\"https:\/\/superposition-lyon.com\/\">Superposition<\/a>, il a accept\u00e9 de r\u00e9pondre \u00e0 nos questions avec plaisir. Anonyme, il nous explique son vernissage, sa passion pour le skateboard et ses projets d&rsquo;avenir.<\/span><\/strong><\/p>\n<p style=\"text-align: justify\"><strong>Dans le milieu du \u00ab graff&rsquo;\u00bb on sait que les surnoms sont courants, pourquoi avoir choisi pour Spirale ?<\/strong><\/p>\n<p style=\"text-align: justify\">Il n&rsquo;y a pas de signification particuli\u00e8re derri\u00e8re ce nom. Cela date de quand j&rsquo;\u00e9tais plus jeune, j&rsquo;avais un cousin \u00e9loign\u00e9 qui faisait du graffiti sous le nom de \u00ab Scandale \u00bb. J&rsquo;aimais bien ce nom alors j&rsquo;ai commenc\u00e9 \u00e0 chercher des noms en S et c&rsquo;est comme \u00e7a que Spirale m\u2019est apparu.<\/p>\n<p style=\"text-align: justify\"><strong>On a pu voir, notamment sur les <a href=\"https:\/\/www.instagram.com\/_spiralc\/\">r\u00e9seaux sociaux<\/a>, que vous \u00eates tr\u00e8s influenc\u00e9 par la culture du skateboard et de la \u00ab street \u00bb en g\u00e9n\u00e9ral, avez-vous d&rsquo;autres inspirations ?<\/strong><\/p>\n<p style=\"text-align: justify\">C&rsquo;est un ensemble, au d\u00e9but j&rsquo;aimais beaucoup le graffiti et son univers. La musique, le sport, comme le skate par exemple, m\u2019ont beaucoup inspir\u00e9 ensuite. Pour ce qui est de mes influences, j&rsquo;aime beaucoup le travail de <a href=\"https:\/\/fr.wikipedia.org\/wiki\/Jean-Michel_Basquiat\">Jean-Michel Basquiat<\/a> ou encore par l&rsquo;artiste italien <a href=\"https:\/\/fr.wikipedia.org\/wiki\/Blu_(graffiti)\">Blu<\/a>. On s&rsquo;inspire \u00e9galement du travail des autres aux seins du fort. Il est d&rsquo;ailleurs important de dissocier graffitis et street art car ce sont deux mondes distincts. Le graffiti est r\u00e9gi par des r\u00e8gles tr\u00e8s anciennes qui doivent \u00eatre respect\u00e9es. On ne doit pas repasser sur des \u00ab graff\u2019 \u00bb ou d&rsquo;autres collages !<\/p>\n<p style=\"text-align: justify\"><strong>Vous utilisez r\u00e9guli\u00e8rement la peinture, la bombe et le dessin pour <a href=\"https:\/\/lyonbondyblog.fr\/LBB\/vernissage-au-fort-superposition-une-premiere-reussie-pour-spirale-art\/\">vos r\u00e9alisations,<\/a> quelles sont vos autres techniques de travail ? <\/strong><\/p>\n<p style=\"text-align: justify\">J&rsquo;utilise pas mal le <a href=\"https:\/\/fr.wikipedia.org\/wiki\/Carton_mousse\">carton plume<\/a>, notamment pour r\u00e9aliser les portraits que j&rsquo;ai expos\u00e9. J&rsquo;aime beaucoup cette mati\u00e8re car elle me permet d&rsquo;aller la coller dans la rue. C&rsquo;est un mat\u00e9riau l\u00e9ger et facilement maniable. Apr\u00e8s j&rsquo;utilise aussi du recyclage, parfois du bois\u2026<\/p>\n<p style=\"text-align: justify\"><strong>On peut voir dans vos \u0153uvres que vous utilisez des couleurs assez vives et tape-\u00e0-l\u2019\u0153il, y\u2019a-t-il\u00a0 un but derri\u00e8re cela ?<\/strong><br \/>\nC&rsquo;est un choix personnel, j&rsquo;ai remarqu\u00e9 que les gens \u00e9taient souvent attir\u00e9s par les couleurs qui ont un impact visuel fort pour que mes \u0153uvres se voient de loin. Je contraste des couleurs douces avec des sujets un peu plus durs. Mes cr\u00e9ations sont remplies de monstres et de choses difformes. J\u2019aime jouer avec les sentiments des gens car plus on rentre dans le d\u00e9tail plus on entre dans mon univers.<\/p>\n<p style=\"text-align: justify\"><strong>Quelle est votre sentiment quand quelqu\u2019un d\u00e9truit une de vos \u0153uvres urbaines ?<\/strong><\/p>\n<p style=\"text-align: justify\">\u00ab Tout ce qui est dans la rue ne t&rsquo;appartient plus \u00bb. Tu n&rsquo;es pas \u00e0 l&rsquo;abri qu&rsquo;un autre tagueur, un voisin ou un employ\u00e9 de la Mairie viennent le repasser de mani\u00e8re l\u00e9gale ou non. Au d\u00e9but c&rsquo;\u00e9tait comme si on enlevait une partie de moi mais chacun est libre d&rsquo;en faire ce qu&rsquo;il veut et j&rsquo;accepte que mes \u0153uvres soient \u00e9ph\u00e9m\u00e8res. C\u2019est ce qui leur donne de la valeur.<\/p>\n<p style=\"text-align: justify\"><strong>Les \u00ab street-artists \u00bb cherchent souvent \u00e0 passer des messages ou revendiquer des actions \u00e0 travers leurs \u0153uvres, est-ce votre cas ?<\/strong><\/p>\n<p style=\"text-align: justify\">Ce n&rsquo;est pas ce que je cherche, je pr\u00e9f\u00e8re raconter des petites histoires ou des petites anecdotes. Mon fil conducteur sont cependant des liens humains que je repr\u00e9sente souvent sous forme de collage. C\u2019est une synth\u00e8se de notre monde toujours hyperconnect\u00e9 sur les r\u00e9seaux sociaux. Je pense que dans le futur nous allons fusionner avec nos t\u00e9l\u00e9phones !<\/p>\n<p style=\"text-align: justify\"><strong>Si le succ\u00e8s est au rendez-vous, comptez-vous vendre vos \u0153uvres ou ce n&rsquo;est pas le but recherch\u00e9 ?<\/strong><\/p>\n<p style=\"text-align: justify\">Tous ce qui concerne la vente est pour moi un but final mais ce n\u2019est pas l&rsquo;objectif premier. Je veux vraiment d\u00e9velopper mon art pour ensuite esp\u00e9rer en vivre. Il y a un autre aspect, l\u2019esprit \u00ab street \u00bb o\u00f9 tu peux intervenir dans la rue, o\u00f9 tu cherches \u00e0 communiquer avec les gens ! Tout ce qui est collages, dessins et fresques \u00e0 l&rsquo;ext\u00e9rieur je le fais pour moi. C&rsquo;est paradoxal car je veux les montrer mais pas directement dans la rue.<\/p>\n<p style=\"text-align: justify\"><strong>Vous \u00eates en partenariat avec Superposition depuis 2019, qu&rsquo;est-ce qui vous a amen\u00e9 \u00e0 collaborer avec eux ?<\/strong><\/p>\n<p style=\"text-align: justify\">La mise \u00e0 disposition du <a href=\"https:\/\/superposition-lyon.com\/\">fort<\/a> Saint-Laurent par Superposition fut une super opportunit\u00e9 pour un jeune artiste comme moi. La possibilit\u00e9 qu&rsquo;on puisse s&rsquo;exprimer dans des ateliers avec de l&rsquo;espace m&rsquo;a vraiment plu. Par la suite ce sont les opportunit\u00e9s comme le \u00ab solo show \u00bb qui m&rsquo;ont permis d\u2019\u00eatre mis en avant et de me faire un nom sur Lyon.<\/p>\n<p style=\"text-align: justify\">Cela fait 20 ans que vous faites du street art, pourtant vous dites participer \u00e0 votre premier \u00ab solo show \u00bb, pourquoi avoir attendu ?<\/p>\n<p style=\"text-align: justify\">Je me suis cherch\u00e9 pendant longtemps. J&rsquo;ai toujours fait du dessin mais je le faisais pour moi. Je ne me suis jamais revendiqu\u00e9 graffeur ou street artist, mais j&rsquo;aime cette culture. J&rsquo;ai essay\u00e9 de faire des choses avant, d\u00e9sormais je me recentre l\u00e0-dessus et j&rsquo;essaye de d\u00e9velopper mon art. Pour ce qui est du solo show, ce sont les rencontres et les opportunit\u00e9s qui m\u2019ont permis de d\u00e9coller, comme celles avec Superposition.<\/p>\n<p style=\"text-align: justify\"><strong>Nous venons de traverser une crise sanitaire mondiale avec le Covid-19, est-ce que cela vous a impact\u00e9 dans votre travail ? <\/strong><\/p>\n<p style=\"text-align: justify\">\u00c9videmment ! Pour des raisons d\u2019hygi\u00e8ne, le fort \u00e9tait ferm\u00e9. J&rsquo;ai d\u00fb apprendre \u00e0 travailler de chez moi. Le plus difficile a \u00e9t\u00e9 de quitter mon lieu de travail mais j&rsquo;\u00e9tais focalis\u00e9 sur l&rsquo;exposition et je savais o\u00f9 je voulais aller. Artistiquement parlant, j&rsquo;ai quand m\u00eame r\u00e9alis\u00e9 des \u0153uvres assez serr\u00e9es, compactes qui peuvent rappeler l&rsquo;environnement confin\u00e9 de la crise sanitaire.<\/p>\n<p style=\"text-align: justify\"><strong>Votre exposition est programm\u00e9e jusqu&rsquo;au 2 juillet, avez-vous d&rsquo;autres projets une fois que <a href=\"https:\/\/www.facebook.com\/events\/583968995871045\/\">\u00ab Exutorium Endog\u00e9nique \u00bb<\/a> sera termin\u00e9e ?<\/strong><\/p>\n<p style=\"text-align: justify\">Apr\u00e8s l\u2019exposition, j\u2019aimerais voyager pour me ressourcer et recharger les batteries. Apr\u00e8s j&rsquo;ai des projets personnels comme d\u00e9velopper mon travail sur les mat\u00e9riaux en carton plumes 2D. Pour me d\u00e9velopper \u00e0 l&rsquo;international, j&rsquo;attends des opportunit\u00e9s et je ne force pas les choses. L&rsquo;Allemagne est particuli\u00e8rement int\u00e9ressante car elle est un v\u00e9ritable vivier de street-artists. J&rsquo;aimerai aussi me rendre \u00e0 Barcelone qui est pour moi la capitale du skateboard !<\/p>\n<p style=\"text-align: justify\"><strong>\u00a0Pour le vernissage, vous aviez pr\u00e9vu un <a href=\"https:\/\/fr.wikipedia.org\/wiki\/Light_painting\">\u00ab live painting \u00bb<\/a>, en quoi cela consiste-t-il ? <\/strong><\/p>\n<p style=\"text-align: justify\">Le live painting est un moyen de montrer aux gens notre fonctionnement et notre processus de cr\u00e9ation en tant qu&rsquo;artiste. Pour moi c&rsquo;est vraiment int\u00e9ressant car c\u2019est plus vivant qu&rsquo;une simple exposition : plus humain et intimiste. Pour mon live, j&rsquo;ai repris des \u00e9l\u00e9ments de mon exposition et je les ai retranscrits sur un mur.<\/p>\n<p style=\"text-align: justify\"><strong>On associe souvent le terme d&rsquo;artiste \u00e0 celui de libert\u00e9, \u00eates-vous d&rsquo;accord avec cette id\u00e9e ?<\/strong><\/p>\n<p style=\"text-align: justify\">A l&rsquo;heure actuelle, je suis tr\u00e8s libre mais c&rsquo;est une libert\u00e9 assez particuli\u00e8re. On n\u2019a pas de contraintes d&rsquo;horaires comme dans un bureau mais il y a d&rsquo;autres contraintes : financi\u00e8rement on doit survivre. C&rsquo;est dans cette optique qu\u2019il faut essayer de vendre mais ce n&rsquo;est pas parce qu&rsquo;on sait bien peindre ou bien dessiner que \u00e7a va forc\u00e9ment marcher pour nous. C\u2019est une nouvelle \u00e9tape dans ma vie, vivre de ma passion est un r\u00eave de gosse.<\/p>\n<p style=\"text-align: justify\">\n<figure id=\"attachment_20189\" aria-describedby=\"caption-attachment-20189\" style=\"width: 1200px\" class=\"wp-caption alignnone\"><img loading=\"lazy\" decoding=\"async\" class=\"size-medium wp-image-20189\" src=\"https:\/\/lyonbondyblog.fr\/LBB\/wp-content\/uploads\/2020\/06\/Spirale-8614-1200x705.jpg\" alt=\"\" width=\"1200\" height=\"705\" srcset=\"https:\/\/lyonbondyblog.fr\/LBB\/wp-content\/uploads\/2020\/06\/Spirale-8614-1200x705.jpg 1200w, https:\/\/lyonbondyblog.fr\/LBB\/wp-content\/uploads\/2020\/06\/Spirale-8614-768x452.jpg 768w, https:\/\/lyonbondyblog.fr\/LBB\/wp-content\/uploads\/2020\/06\/Spirale-8614-1920x1129.jpg 1920w, https:\/\/lyonbondyblog.fr\/LBB\/wp-content\/uploads\/2020\/06\/Spirale-8614-600x353.jpg 600w, https:\/\/lyonbondyblog.fr\/LBB\/wp-content\/uploads\/2020\/06\/Spirale-8614.jpg 2048w\" sizes=\"auto, (max-width: 1200px) 100vw, 1200px\" \/><figcaption id=\"caption-attachment-20189\" class=\"wp-caption-text\"><span style=\"font-family: arial, helvetica, sans-serif;font-size: 12pt\">R\u00e9alisation de l&rsquo;artiste visible lors de l&rsquo;exposition.<\/span><\/figcaption><\/figure>\n<p style=\"text-align: justify\"><em><span style=\"font-family: arial, helvetica, sans-serif;font-size: 12pt\">Cr\u00e9dit Spirale Art.<\/span><\/em><\/p>\n<!-- AddThis Advanced Settings generic via filter on the_content --><!-- AddThis Share Buttons generic via filter on the_content -->","protected":false},"excerpt":{"rendered":"<p>Spirale art nous a accord\u00e9 une interview, premier des sept street artists \u00e0 l&rsquo;affiche du fort Saint-Laurent du 4 juin au 10 octobre. En partenariat &hellip; <!-- AddThis Advanced Settings generic via filter on wp_trim_excerpt --><!-- AddThis Share Buttons generic via filter on wp_trim_excerpt --><\/p>\n","protected":false},"author":25372,"featured_media":20188,"comment_status":"open","ping_status":"open","sticky":false,"template":"","format":"standard","meta":{"_FSMCFIC_featured_image_caption":"","_FSMCFIC_featured_image_nocaption":"","_FSMCFIC_featured_image_hide":"","footnotes":""},"categories":[11249,3,11250],"tags":[1016,1952,22267,10,22266,881,2668],"class_list":["post-20187","post","type-post","status-publish","format-standard","has-post-thumbnail","hentry","category-art","category-culture","category-street-art","tag-art","tag-culture","tag-fort-saint-laurent","tag-lyon-2","tag-spirale-art","tag-street-art","tag-superposition"],"yoast_head":"<!-- This site is optimized with the Yoast SEO plugin v22.8 - https:\/\/yoast.com\/wordpress\/plugins\/seo\/ -->\n<title>Exposition au Fort Saint-Laurent : Le graff vu par Spirale - Lyon Bondy Blog<\/title>\n<meta name=\"robots\" content=\"index, follow, max-snippet:-1, max-image-preview:large, max-video-preview:-1\" \/>\n<link rel=\"canonical\" href=\"https:\/\/lyonbondyblog.fr\/LBB\/exposition-au-fort-saint-laurent-le-graff-vu-par-spirale\/\" \/>\n<meta property=\"og:locale\" content=\"fr_FR\" \/>\n<meta property=\"og:type\" content=\"article\" \/>\n<meta property=\"og:title\" content=\"Exposition au Fort Saint-Laurent : Le graff vu par Spirale - Lyon Bondy Blog\" \/>\n<meta property=\"og:description\" content=\"Spirale art nous a accord\u00e9 une interview, premier des sept street artists \u00e0 l&rsquo;affiche du fort Saint-Laurent du 4 juin au 10 octobre. En partenariat &hellip;\" \/>\n<meta property=\"og:url\" content=\"https:\/\/lyonbondyblog.fr\/LBB\/exposition-au-fort-saint-laurent-le-graff-vu-par-spirale\/\" \/>\n<meta property=\"og:site_name\" content=\"Lyon Bondy Blog\" \/>\n<meta property=\"article:publisher\" content=\"https:\/\/www.facebook.com\/lyonbondyblog\" \/>\n<meta property=\"article:published_time\" content=\"2020-06-21T13:50:28+00:00\" \/>\n<meta property=\"og:image\" content=\"https:\/\/lyonbondyblog.fr\/LBB\/wp-content\/uploads\/2020\/06\/Spirale-7847.jpg\" \/>\n\t<meta property=\"og:image:width\" content=\"1370\" \/>\n\t<meta property=\"og:image:height\" content=\"1813\" \/>\n\t<meta property=\"og:image:type\" content=\"image\/jpeg\" \/>\n<meta name=\"author\" content=\"Thibaut Eperdussin\" \/>\n<meta name=\"twitter:card\" content=\"summary_large_image\" \/>\n<meta name=\"twitter:creator\" content=\"@bondybloglyon\" \/>\n<meta name=\"twitter:site\" content=\"@bondybloglyon\" \/>\n<script type=\"application\/ld+json\" class=\"yoast-schema-graph\">{\"@context\":\"https:\/\/schema.org\",\"@graph\":[{\"@type\":\"Article\",\"@id\":\"https:\/\/lyonbondyblog.fr\/LBB\/exposition-au-fort-saint-laurent-le-graff-vu-par-spirale\/#article\",\"isPartOf\":{\"@id\":\"https:\/\/lyonbondyblog.fr\/LBB\/exposition-au-fort-saint-laurent-le-graff-vu-par-spirale\/\"},\"author\":{\"name\":\"Thibaut Eperdussin\",\"@id\":\"https:\/\/lyonbondyblog.fr\/LBB\/#\/schema\/person\/c1df4942a547fc95610fb9930d1ac361\"},\"headline\":\"Exposition au Fort Saint-Laurent : Le graff vu par Spirale\",\"datePublished\":\"2020-06-21T13:50:28+00:00\",\"dateModified\":\"2020-06-21T13:50:28+00:00\",\"mainEntityOfPage\":{\"@id\":\"https:\/\/lyonbondyblog.fr\/LBB\/exposition-au-fort-saint-laurent-le-graff-vu-par-spirale\/\"},\"wordCount\":1250,\"commentCount\":0,\"publisher\":{\"@id\":\"https:\/\/lyonbondyblog.fr\/LBB\/#organization\"},\"image\":{\"@id\":\"https:\/\/lyonbondyblog.fr\/LBB\/exposition-au-fort-saint-laurent-le-graff-vu-par-spirale\/#primaryimage\"},\"thumbnailUrl\":\"https:\/\/lyonbondyblog.fr\/LBB\/wp-content\/uploads\/2020\/06\/Spirale-7847.jpg\",\"keywords\":[\"Art\",\"Culture\",\"fort Saint-Laurent\",\"lyon\",\"Spirale art\",\"street art\",\"Superposition\"],\"articleSection\":[\"Art\",\"Culture\",\"Street Art\"],\"inLanguage\":\"fr-FR\",\"potentialAction\":[{\"@type\":\"CommentAction\",\"name\":\"Comment\",\"target\":[\"https:\/\/lyonbondyblog.fr\/LBB\/exposition-au-fort-saint-laurent-le-graff-vu-par-spirale\/#respond\"]}]},{\"@type\":\"WebPage\",\"@id\":\"https:\/\/lyonbondyblog.fr\/LBB\/exposition-au-fort-saint-laurent-le-graff-vu-par-spirale\/\",\"url\":\"https:\/\/lyonbondyblog.fr\/LBB\/exposition-au-fort-saint-laurent-le-graff-vu-par-spirale\/\",\"name\":\"Exposition au Fort Saint-Laurent : Le graff vu par Spirale - Lyon Bondy Blog\",\"isPartOf\":{\"@id\":\"https:\/\/lyonbondyblog.fr\/LBB\/#website\"},\"primaryImageOfPage\":{\"@id\":\"https:\/\/lyonbondyblog.fr\/LBB\/exposition-au-fort-saint-laurent-le-graff-vu-par-spirale\/#primaryimage\"},\"image\":{\"@id\":\"https:\/\/lyonbondyblog.fr\/LBB\/exposition-au-fort-saint-laurent-le-graff-vu-par-spirale\/#primaryimage\"},\"thumbnailUrl\":\"https:\/\/lyonbondyblog.fr\/LBB\/wp-content\/uploads\/2020\/06\/Spirale-7847.jpg\",\"datePublished\":\"2020-06-21T13:50:28+00:00\",\"dateModified\":\"2020-06-21T13:50:28+00:00\",\"inLanguage\":\"fr-FR\",\"potentialAction\":[{\"@type\":\"ReadAction\",\"target\":[\"https:\/\/lyonbondyblog.fr\/LBB\/exposition-au-fort-saint-laurent-le-graff-vu-par-spirale\/\"]}]},{\"@type\":\"ImageObject\",\"inLanguage\":\"fr-FR\",\"@id\":\"https:\/\/lyonbondyblog.fr\/LBB\/exposition-au-fort-saint-laurent-le-graff-vu-par-spirale\/#primaryimage\",\"url\":\"https:\/\/lyonbondyblog.fr\/LBB\/wp-content\/uploads\/2020\/06\/Spirale-7847.jpg\",\"contentUrl\":\"https:\/\/lyonbondyblog.fr\/LBB\/wp-content\/uploads\/2020\/06\/Spirale-7847.jpg\",\"width\":1370,\"height\":1813,\"caption\":\"Cr\u00e9dit Spirale art\"},{\"@type\":\"WebSite\",\"@id\":\"https:\/\/lyonbondyblog.fr\/LBB\/#website\",\"url\":\"https:\/\/lyonbondyblog.fr\/LBB\/\",\"name\":\"Lyon Bondy Blog\",\"description\":\"\",\"publisher\":{\"@id\":\"https:\/\/lyonbondyblog.fr\/LBB\/#organization\"},\"potentialAction\":[{\"@type\":\"SearchAction\",\"target\":{\"@type\":\"EntryPoint\",\"urlTemplate\":\"https:\/\/lyonbondyblog.fr\/LBB\/?s={search_term_string}\"},\"query-input\":\"required name=search_term_string\"}],\"inLanguage\":\"fr-FR\"},{\"@type\":\"Organization\",\"@id\":\"https:\/\/lyonbondyblog.fr\/LBB\/#organization\",\"name\":\"LYON BONDY BLOG\",\"url\":\"https:\/\/lyonbondyblog.fr\/LBB\/\",\"logo\":{\"@type\":\"ImageObject\",\"inLanguage\":\"fr-FR\",\"@id\":\"https:\/\/lyonbondyblog.fr\/LBB\/#\/schema\/logo\/image\/\",\"url\":\"http:\/\/lyonbondyblog.fr\/LBB\/wp-content\/uploads\/2014\/10\/logo-portable-144.png\",\"contentUrl\":\"http:\/\/lyonbondyblog.fr\/LBB\/wp-content\/uploads\/2014\/10\/logo-portable-144.png\",\"width\":144,\"height\":123,\"caption\":\"LYON BONDY BLOG\"},\"image\":{\"@id\":\"https:\/\/lyonbondyblog.fr\/LBB\/#\/schema\/logo\/image\/\"},\"sameAs\":[\"https:\/\/www.facebook.com\/lyonbondyblog\",\"https:\/\/x.com\/bondybloglyon\"]},{\"@type\":\"Person\",\"@id\":\"https:\/\/lyonbondyblog.fr\/LBB\/#\/schema\/person\/c1df4942a547fc95610fb9930d1ac361\",\"name\":\"Thibaut Eperdussin\",\"url\":\"https:\/\/lyonbondyblog.fr\/LBB\/author\/thibauteperdussin\/\"}]}<\/script>\n<!-- \/ Yoast SEO plugin. -->","yoast_head_json":{"title":"Exposition au Fort Saint-Laurent : Le graff vu par Spirale - Lyon Bondy Blog","robots":{"index":"index","follow":"follow","max-snippet":"max-snippet:-1","max-image-preview":"max-image-preview:large","max-video-preview":"max-video-preview:-1"},"canonical":"https:\/\/lyonbondyblog.fr\/LBB\/exposition-au-fort-saint-laurent-le-graff-vu-par-spirale\/","og_locale":"fr_FR","og_type":"article","og_title":"Exposition au Fort Saint-Laurent : Le graff vu par Spirale - Lyon Bondy Blog","og_description":"Spirale art nous a accord\u00e9 une interview, premier des sept street artists \u00e0 l&rsquo;affiche du fort Saint-Laurent du 4 juin au 10 octobre. En partenariat &hellip;","og_url":"https:\/\/lyonbondyblog.fr\/LBB\/exposition-au-fort-saint-laurent-le-graff-vu-par-spirale\/","og_site_name":"Lyon Bondy Blog","article_publisher":"https:\/\/www.facebook.com\/lyonbondyblog","article_published_time":"2020-06-21T13:50:28+00:00","og_image":[{"width":1370,"height":1813,"url":"https:\/\/lyonbondyblog.fr\/LBB\/wp-content\/uploads\/2020\/06\/Spirale-7847.jpg","type":"image\/jpeg"}],"author":"Thibaut Eperdussin","twitter_card":"summary_large_image","twitter_creator":"@bondybloglyon","twitter_site":"@bondybloglyon","schema":{"@context":"https:\/\/schema.org","@graph":[{"@type":"Article","@id":"https:\/\/lyonbondyblog.fr\/LBB\/exposition-au-fort-saint-laurent-le-graff-vu-par-spirale\/#article","isPartOf":{"@id":"https:\/\/lyonbondyblog.fr\/LBB\/exposition-au-fort-saint-laurent-le-graff-vu-par-spirale\/"},"author":{"name":"Thibaut Eperdussin","@id":"https:\/\/lyonbondyblog.fr\/LBB\/#\/schema\/person\/c1df4942a547fc95610fb9930d1ac361"},"headline":"Exposition au Fort Saint-Laurent : Le graff vu par Spirale","datePublished":"2020-06-21T13:50:28+00:00","dateModified":"2020-06-21T13:50:28+00:00","mainEntityOfPage":{"@id":"https:\/\/lyonbondyblog.fr\/LBB\/exposition-au-fort-saint-laurent-le-graff-vu-par-spirale\/"},"wordCount":1250,"commentCount":0,"publisher":{"@id":"https:\/\/lyonbondyblog.fr\/LBB\/#organization"},"image":{"@id":"https:\/\/lyonbondyblog.fr\/LBB\/exposition-au-fort-saint-laurent-le-graff-vu-par-spirale\/#primaryimage"},"thumbnailUrl":"https:\/\/lyonbondyblog.fr\/LBB\/wp-content\/uploads\/2020\/06\/Spirale-7847.jpg","keywords":["Art","Culture","fort Saint-Laurent","lyon","Spirale art","street art","Superposition"],"articleSection":["Art","Culture","Street Art"],"inLanguage":"fr-FR","potentialAction":[{"@type":"CommentAction","name":"Comment","target":["https:\/\/lyonbondyblog.fr\/LBB\/exposition-au-fort-saint-laurent-le-graff-vu-par-spirale\/#respond"]}]},{"@type":"WebPage","@id":"https:\/\/lyonbondyblog.fr\/LBB\/exposition-au-fort-saint-laurent-le-graff-vu-par-spirale\/","url":"https:\/\/lyonbondyblog.fr\/LBB\/exposition-au-fort-saint-laurent-le-graff-vu-par-spirale\/","name":"Exposition au Fort Saint-Laurent : Le graff vu par Spirale - Lyon Bondy Blog","isPartOf":{"@id":"https:\/\/lyonbondyblog.fr\/LBB\/#website"},"primaryImageOfPage":{"@id":"https:\/\/lyonbondyblog.fr\/LBB\/exposition-au-fort-saint-laurent-le-graff-vu-par-spirale\/#primaryimage"},"image":{"@id":"https:\/\/lyonbondyblog.fr\/LBB\/exposition-au-fort-saint-laurent-le-graff-vu-par-spirale\/#primaryimage"},"thumbnailUrl":"https:\/\/lyonbondyblog.fr\/LBB\/wp-content\/uploads\/2020\/06\/Spirale-7847.jpg","datePublished":"2020-06-21T13:50:28+00:00","dateModified":"2020-06-21T13:50:28+00:00","inLanguage":"fr-FR","potentialAction":[{"@type":"ReadAction","target":["https:\/\/lyonbondyblog.fr\/LBB\/exposition-au-fort-saint-laurent-le-graff-vu-par-spirale\/"]}]},{"@type":"ImageObject","inLanguage":"fr-FR","@id":"https:\/\/lyonbondyblog.fr\/LBB\/exposition-au-fort-saint-laurent-le-graff-vu-par-spirale\/#primaryimage","url":"https:\/\/lyonbondyblog.fr\/LBB\/wp-content\/uploads\/2020\/06\/Spirale-7847.jpg","contentUrl":"https:\/\/lyonbondyblog.fr\/LBB\/wp-content\/uploads\/2020\/06\/Spirale-7847.jpg","width":1370,"height":1813,"caption":"Cr\u00e9dit Spirale art"},{"@type":"WebSite","@id":"https:\/\/lyonbondyblog.fr\/LBB\/#website","url":"https:\/\/lyonbondyblog.fr\/LBB\/","name":"Lyon Bondy Blog","description":"","publisher":{"@id":"https:\/\/lyonbondyblog.fr\/LBB\/#organization"},"potentialAction":[{"@type":"SearchAction","target":{"@type":"EntryPoint","urlTemplate":"https:\/\/lyonbondyblog.fr\/LBB\/?s={search_term_string}"},"query-input":"required name=search_term_string"}],"inLanguage":"fr-FR"},{"@type":"Organization","@id":"https:\/\/lyonbondyblog.fr\/LBB\/#organization","name":"LYON BONDY BLOG","url":"https:\/\/lyonbondyblog.fr\/LBB\/","logo":{"@type":"ImageObject","inLanguage":"fr-FR","@id":"https:\/\/lyonbondyblog.fr\/LBB\/#\/schema\/logo\/image\/","url":"http:\/\/lyonbondyblog.fr\/LBB\/wp-content\/uploads\/2014\/10\/logo-portable-144.png","contentUrl":"http:\/\/lyonbondyblog.fr\/LBB\/wp-content\/uploads\/2014\/10\/logo-portable-144.png","width":144,"height":123,"caption":"LYON BONDY BLOG"},"image":{"@id":"https:\/\/lyonbondyblog.fr\/LBB\/#\/schema\/logo\/image\/"},"sameAs":["https:\/\/www.facebook.com\/lyonbondyblog","https:\/\/x.com\/bondybloglyon"]},{"@type":"Person","@id":"https:\/\/lyonbondyblog.fr\/LBB\/#\/schema\/person\/c1df4942a547fc95610fb9930d1ac361","name":"Thibaut Eperdussin","url":"https:\/\/lyonbondyblog.fr\/LBB\/author\/thibauteperdussin\/"}]}},"_links":{"self":[{"href":"https:\/\/lyonbondyblog.fr\/LBB\/wp-json\/wp\/v2\/posts\/20187","targetHints":{"allow":["GET"]}}],"collection":[{"href":"https:\/\/lyonbondyblog.fr\/LBB\/wp-json\/wp\/v2\/posts"}],"about":[{"href":"https:\/\/lyonbondyblog.fr\/LBB\/wp-json\/wp\/v2\/types\/post"}],"author":[{"embeddable":true,"href":"https:\/\/lyonbondyblog.fr\/LBB\/wp-json\/wp\/v2\/users\/25372"}],"replies":[{"embeddable":true,"href":"https:\/\/lyonbondyblog.fr\/LBB\/wp-json\/wp\/v2\/comments?post=20187"}],"version-history":[{"count":3,"href":"https:\/\/lyonbondyblog.fr\/LBB\/wp-json\/wp\/v2\/posts\/20187\/revisions"}],"predecessor-version":[{"id":20192,"href":"https:\/\/lyonbondyblog.fr\/LBB\/wp-json\/wp\/v2\/posts\/20187\/revisions\/20192"}],"wp:featuredmedia":[{"embeddable":true,"href":"https:\/\/lyonbondyblog.fr\/LBB\/wp-json\/wp\/v2\/media\/20188"}],"wp:attachment":[{"href":"https:\/\/lyonbondyblog.fr\/LBB\/wp-json\/wp\/v2\/media?parent=20187"}],"wp:term":[{"taxonomy":"category","embeddable":true,"href":"https:\/\/lyonbondyblog.fr\/LBB\/wp-json\/wp\/v2\/categories?post=20187"},{"taxonomy":"post_tag","embeddable":true,"href":"https:\/\/lyonbondyblog.fr\/LBB\/wp-json\/wp\/v2\/tags?post=20187"}],"curies":[{"name":"wp","href":"https:\/\/api.w.org\/{rel}","templated":true}]}}