{"id":2011,"date":"2011-04-11T11:49:18","date_gmt":"2011-04-11T09:49:18","guid":{"rendered":"http:\/\/lyonbondyblog.fr\/LBB\/?p=2011"},"modified":"2013-07-30T11:50:36","modified_gmt":"2013-07-30T09:50:36","slug":"si-beaux-les-jours","status":"publish","type":"post","link":"https:\/\/lyonbondyblog.fr\/LBB\/si-beaux-les-jours\/","title":{"rendered":"Si beaux les jours&#8230;"},"content":{"rendered":"<p><strong>Si beaux les jours&#8230;Au programme ce soir, observations de saison. Au coeur du moment et au gr\u00e9 du courant, on se laisse glisser (un peu trop) tranquillement \u00e0 bord du premier m\u00e9tro, mais sans fermer l&rsquo;oeil. Du soleil, de l&rsquo;ombre,des hommes, des femmes, de la musique, et des questions mais rien de journalistique&#8230; Printanier mais citoyen. Sucr\u00e9 ou acide.<\/strong><\/p>\n<div><img decoding=\"async\" class=\"alignright\" alt=\" -- Cliquez pour voir l'image en entier\" src=\"http:\/\/yahoo.lyon.bondyblog.fr\/images\/metro_t.jpg\" border=\"0\" \/><\/div>\n<div><\/div>\n<p>Il faudrait \u00eatre de marbre ou de glace pour ne l&rsquo;avoir not\u00e9, mais depuis quelques jours, le printemps signe son retour, et en lettres capitales, s&rsquo;il vous plait\u00a0! La torpeur de l&rsquo;hiver ne semble \u00eatre plus qu&rsquo;un lointain souvenir, s&rsquo;\u00e9vanouissant de nos esprits \u00e0 mesure qu&rsquo;une s\u00e8ve vivifiante vient l\u2019irriguer.<\/p>\n<p>Les avants bras, les \u00e9paules, les nuques, les mollets et les cuisses se d\u00e9lestent des centim\u00e8tres carr\u00e9s de superflus pour mieux se d\u00e9voiler. D&rsquo;un \u00e9lan conjoint, les jeunes pousses gorg\u00e9es de chlorophylle se conjuguent aux tendres \u00e9pidermes multicolores, attis\u00e9s par l&rsquo;afflux soudain de vitamine D.<\/p>\n<p>Le mercure passe la seconde et gravit les \u00e9chelons. Collant aux fesses des train\u00e9es \u00e9ph\u00e9m\u00e8res d&rsquo; Air machin-chose ou d&rsquo;Easy je-ne-sais-quoi, seules \u00e9cumes visibles dans un \u00e9clatant ciel d&rsquo;azur. Les beaux jours diront certains. S\u00fbrement les m\u00eames que ceux qui se ruent dans les art\u00e8res du centre ville comme un torrent bruyant et souriant. Si nombreux que j&rsquo;en reste bouche b\u00e9e, songeur et fascin\u00e9. A se demander o\u00f9 et comment tant de corps et de visages ont pu se cacher pendant ces derniers mois. Myst\u00e8re des logements contemporains. Surprenante foule, exalt\u00e9e par le raccourcissement sensible et quotidien des nuits, synonymes d&rsquo;une adaptation des comportements et des habitudes. La case maison est repouss\u00e9e au-del\u00e0 de 20h, radiateurs et t\u00e9l\u00e9viseurs troqu\u00e9s contre lunettes de soleil et vir\u00e9e cr\u00e9pusculaire. Les beaux jours r\u00e9p\u00e9teront alors certains, bouches en ch\u0153ur et poitrines en avant.<br \/>\nMais bizarrement, quelque chose ne colle pas, ou plut\u00f4t ne colle plus \u00e0 ce d\u00e9cor idyllique. A vue d&rsquo;\u0153il, difficile de savoir quoi. De plus, le fourmillement nouveau n&rsquo;aide en rien \u00e0 \u00e9clairer l&rsquo;obscurit\u00e9 de mon pressentiment. Alors, j&rsquo;arpente les rues, j&#8217;emprunte les transports en communs d&rsquo;un coin \u00e0 l&rsquo;autre de la ville sans arriver \u00e0 me d\u00e9tacher de cette id\u00e9e: Il manque quelque chose.<\/p>\n<p>L&rsquo;absence se fait plus que discr\u00e8te lorsqu&rsquo;elle est noy\u00e9e dans la masse. M\u00eame le surplus de lumi\u00e8re ne suffit \u00e0 percer le voile de fum\u00e9e. A croire que paradoxalement, le contexte est propice \u00e0 faire diversion.<br \/>\nC&rsquo;est en tendant l&rsquo;oreille que la puce m&rsquo;est venue. En deux temps, \u00e9videmment. Tout le monde conna\u00eet les qualit\u00e9s rebondissantes de l&rsquo;insecte en question, inutile donc d&rsquo;en faire le dessin. D&rsquo;abord, un \u00e9trange et inhabituel silence souterrain, une absence remarqu\u00e9e. En effet, depuis quelques jours, plus aucune m\u00e9lodie n&rsquo;attire mon attention lorsque je suis install\u00e9 sur ma banquette de m\u00e9tro. Plus aucune interruption de mon imaginaire ou de mes contemplations pour ponctuer mes d\u00e9placements et ce, quel que soit le trajet. Puis, sur ces m\u00eames lignes de m\u00e9tros, ce f\u00fbt au tour d&rsquo;une \u00e9trange voix de saisir mon attention. Froide, m\u00e9canique et impersonnelle au possible, elle souffle inlassablement aux voyageurs en transit des messages trop peu subtils pour \u00eatre subliminaux. Et pourtant, cela semble en \u00eatre l&rsquo;intention. \u00ab\u00a0Merci de ne pas encourager la mendicit\u00e9\u00a0\u00bb susurre-t-elle d&rsquo;un ton velout\u00e9 trahissant une volont\u00e9 beaucoup moins tendre.<\/p>\n<p>Pass\u00e9 l&rsquo;effet de surprise, et au-del\u00e0 de l&rsquo;\u00e9tranget\u00e9 d&rsquo;une telle injonction, se dessine la silhouette d&rsquo;une politique inqui\u00e9tante, diffus\u00e9e avec une innocence\u00a0 que\u00a0 l&rsquo;on suppose feinte, en sandwich entre un morceau de James Brown et un standard de jazz. Silencieuse, elle vise \u00e0 une aseptisation maquill\u00e9e et discr\u00e8te d&rsquo;une situation, et \u00e0 une stigmatisation implicite d&rsquo;un ph\u00e9nom\u00e8ne de soci\u00e9t\u00e9 r\u00e9current. Collaboratrice et insidieuse, elle s&rsquo;adresse au voyageur-citoyen, l&rsquo;implique activement et le convainc \u00e0 adh\u00e9rer au bien fond\u00e9 du message v\u00e9hicul\u00e9.<\/p>\n<p>De ces deux temps, semble na\u00eetre un rythme commun. Difficile de ne pas songer \u00e0 un lien de cause \u00e0 effet entre ces deux constats. Une sorte de courant sous-jacent dont la voix automatique r\u00e9sonnant dans les stations en serait l&rsquo;unique trace visible, l&rsquo;aveu discret mais \u00e9minemment symbolique d&rsquo;une \u00e9puration sans faste. La soudaine disparition de ces hommes, femmes et enfants, exil\u00e9s, musiciens, accord\u00e9onistes ou chanteurs, nomades en marge, en qu\u00eate d&rsquo;un avenir meilleur pousse \u00e0 une s\u00e9rieuse remise en question. Tant sur le plan g\u00e9n\u00e9ral que personnel. Au-del\u00e0 de la destin\u00e9e des migrants, il est question de notre positionnement vis-\u00e0-vis de l&rsquo;action men\u00e9e par le pouvoir.<\/p>\n<p>Car comme une\u00a0 vieille rengaine, les m\u00eames situations reviennent sans cesse et les solutions propos\u00e9es jusqu&rsquo;ici semblent loin d&rsquo;\u00eatre efficaces. Et pourtant&#8230; Paradoxalement, aucune autocritique ne se fait entendre. Les situations changent mais les politiques? Les \u00e9v\u00e9nements b\u00e9gaient, mais nous? Que sommes-nous pr\u00eats \u00e0 tol\u00e9rer\u00a0?On ne lutte pas contre les flux naturels, \u00ab\u00a0conjuguer avec\u00a0\u00bb me semble plus intelligent et bien moins d\u00e9magogique. Soyons pratique: essayez la prochaine fois que vous vous rendrez \u00e0 la mer. Jetez un b\u00e2ton \u00e0 l&rsquo;eau, les vagues le ram\u00e8neront, au m\u00eame endroit ou ailleurs, mais elles le ram\u00e8neront, quelle que soit la force utilis\u00e9e.<br \/>\nSi le soleil fait brunir les peaux et \u00e9veille les sens, il appara\u00eet ici comme un \u00e9ni\u00e8me test de conscience et de vigilance face auquel mesurer nos visions et nos convictions. Un lieu de balancement entre plaisir individuel et altruisme. Profiter sans que l&rsquo;on profite de nous, tel serait le dilemme ou l&rsquo;enjeu, selon le point de vue que l&rsquo;on se choisit d&rsquo;adopter.<\/p>\n<p style=\"text-align: right;\"><span style=\"text-decoration: underline;\">Jean-Romain Mora<\/span><\/p>\n<!-- AddThis Advanced Settings generic via filter on the_content --><!-- AddThis Share Buttons generic via filter on the_content -->","protected":false},"excerpt":{"rendered":"<p>Si beaux les jours&#8230;Au programme ce soir, observations de saison. Au coeur du moment et au gr\u00e9 du courant, on se laisse glisser (un peu &hellip; <!-- AddThis Advanced Settings generic via filter on wp_trim_excerpt --><!-- AddThis Share Buttons generic via filter on wp_trim_excerpt --><\/p>\n","protected":false},"author":1,"featured_media":2012,"comment_status":"open","ping_status":"open","sticky":false,"template":"","format":"standard","meta":{"_FSMCFIC_featured_image_caption":"","_FSMCFIC_featured_image_nocaption":"","_FSMCFIC_featured_image_hide":"","footnotes":""},"categories":[5],"tags":[643,10,112],"class_list":["post-2011","post","type-post","status-publish","format-standard","has-post-thumbnail","hentry","category-ambiance","tag-beaux-jours","tag-lyon-2","tag-lyon-bondy-blog"],"yoast_head":"<!-- This site is optimized with the Yoast SEO plugin v22.8 - https:\/\/yoast.com\/wordpress\/plugins\/seo\/ -->\n<title>Si beaux les jours... - Lyon Bondy Blog<\/title>\n<meta name=\"robots\" content=\"index, follow, max-snippet:-1, max-image-preview:large, max-video-preview:-1\" \/>\n<link rel=\"canonical\" href=\"https:\/\/lyonbondyblog.fr\/LBB\/si-beaux-les-jours\/\" \/>\n<meta property=\"og:locale\" content=\"fr_FR\" \/>\n<meta property=\"og:type\" content=\"article\" \/>\n<meta property=\"og:title\" content=\"Si beaux les jours... - Lyon Bondy Blog\" \/>\n<meta property=\"og:description\" content=\"Si beaux les jours&#8230;Au programme ce soir, observations de saison. Au coeur du moment et au gr\u00e9 du courant, on se laisse glisser (un peu &hellip;\" \/>\n<meta property=\"og:url\" content=\"https:\/\/lyonbondyblog.fr\/LBB\/si-beaux-les-jours\/\" \/>\n<meta property=\"og:site_name\" content=\"Lyon Bondy Blog\" \/>\n<meta property=\"article:publisher\" content=\"https:\/\/www.facebook.com\/lyonbondyblog\" \/>\n<meta property=\"article:author\" content=\"https:\/\/www.facebook.com\/lyonbondyblog\" \/>\n<meta property=\"article:published_time\" content=\"2011-04-11T09:49:18+00:00\" \/>\n<meta property=\"article:modified_time\" content=\"2013-07-30T09:50:36+00:00\" \/>\n<meta property=\"og:image\" content=\"https:\/\/lyonbondyblog.fr\/LBB\/wp-content\/uploads\/2013\/07\/metro_t.jpg\" \/>\n\t<meta property=\"og:image:width\" content=\"193\" \/>\n\t<meta property=\"og:image:height\" content=\"145\" \/>\n\t<meta property=\"og:image:type\" content=\"image\/jpeg\" \/>\n<meta name=\"author\" content=\"La r\u00e9daction\" \/>\n<meta name=\"twitter:card\" content=\"summary_large_image\" \/>\n<meta name=\"twitter:creator\" content=\"@BondyBlogLyon\" \/>\n<meta name=\"twitter:site\" content=\"@bondybloglyon\" \/>\n<script type=\"application\/ld+json\" class=\"yoast-schema-graph\">{\"@context\":\"https:\/\/schema.org\",\"@graph\":[{\"@type\":\"Article\",\"@id\":\"https:\/\/lyonbondyblog.fr\/LBB\/si-beaux-les-jours\/#article\",\"isPartOf\":{\"@id\":\"https:\/\/lyonbondyblog.fr\/LBB\/si-beaux-les-jours\/\"},\"author\":{\"name\":\"La r\u00e9daction\",\"@id\":\"https:\/\/lyonbondyblog.fr\/LBB\/#\/schema\/person\/e45f8d27baac75072daa0be50c409b25\"},\"headline\":\"Si beaux les jours&#8230;\",\"datePublished\":\"2011-04-11T09:49:18+00:00\",\"dateModified\":\"2013-07-30T09:50:36+00:00\",\"mainEntityOfPage\":{\"@id\":\"https:\/\/lyonbondyblog.fr\/LBB\/si-beaux-les-jours\/\"},\"wordCount\":964,\"commentCount\":0,\"publisher\":{\"@id\":\"https:\/\/lyonbondyblog.fr\/LBB\/#organization\"},\"image\":{\"@id\":\"https:\/\/lyonbondyblog.fr\/LBB\/si-beaux-les-jours\/#primaryimage\"},\"thumbnailUrl\":\"https:\/\/lyonbondyblog.fr\/LBB\/wp-content\/uploads\/2013\/07\/metro_t.jpg\",\"keywords\":[\"Beaux Jours\",\"lyon\",\"Lyon Bondy Blog\"],\"articleSection\":[\"Ambiance\"],\"inLanguage\":\"fr-FR\",\"potentialAction\":[{\"@type\":\"CommentAction\",\"name\":\"Comment\",\"target\":[\"https:\/\/lyonbondyblog.fr\/LBB\/si-beaux-les-jours\/#respond\"]}]},{\"@type\":\"WebPage\",\"@id\":\"https:\/\/lyonbondyblog.fr\/LBB\/si-beaux-les-jours\/\",\"url\":\"https:\/\/lyonbondyblog.fr\/LBB\/si-beaux-les-jours\/\",\"name\":\"Si beaux les jours... - Lyon Bondy Blog\",\"isPartOf\":{\"@id\":\"https:\/\/lyonbondyblog.fr\/LBB\/#website\"},\"primaryImageOfPage\":{\"@id\":\"https:\/\/lyonbondyblog.fr\/LBB\/si-beaux-les-jours\/#primaryimage\"},\"image\":{\"@id\":\"https:\/\/lyonbondyblog.fr\/LBB\/si-beaux-les-jours\/#primaryimage\"},\"thumbnailUrl\":\"https:\/\/lyonbondyblog.fr\/LBB\/wp-content\/uploads\/2013\/07\/metro_t.jpg\",\"datePublished\":\"2011-04-11T09:49:18+00:00\",\"dateModified\":\"2013-07-30T09:50:36+00:00\",\"inLanguage\":\"fr-FR\",\"potentialAction\":[{\"@type\":\"ReadAction\",\"target\":[\"https:\/\/lyonbondyblog.fr\/LBB\/si-beaux-les-jours\/\"]}]},{\"@type\":\"ImageObject\",\"inLanguage\":\"fr-FR\",\"@id\":\"https:\/\/lyonbondyblog.fr\/LBB\/si-beaux-les-jours\/#primaryimage\",\"url\":\"https:\/\/lyonbondyblog.fr\/LBB\/wp-content\/uploads\/2013\/07\/metro_t.jpg\",\"contentUrl\":\"https:\/\/lyonbondyblog.fr\/LBB\/wp-content\/uploads\/2013\/07\/metro_t.jpg\",\"width\":193,\"height\":145},{\"@type\":\"WebSite\",\"@id\":\"https:\/\/lyonbondyblog.fr\/LBB\/#website\",\"url\":\"https:\/\/lyonbondyblog.fr\/LBB\/\",\"name\":\"Lyon Bondy Blog\",\"description\":\"\",\"publisher\":{\"@id\":\"https:\/\/lyonbondyblog.fr\/LBB\/#organization\"},\"potentialAction\":[{\"@type\":\"SearchAction\",\"target\":{\"@type\":\"EntryPoint\",\"urlTemplate\":\"https:\/\/lyonbondyblog.fr\/LBB\/?s={search_term_string}\"},\"query-input\":\"required name=search_term_string\"}],\"inLanguage\":\"fr-FR\"},{\"@type\":\"Organization\",\"@id\":\"https:\/\/lyonbondyblog.fr\/LBB\/#organization\",\"name\":\"LYON BONDY BLOG\",\"url\":\"https:\/\/lyonbondyblog.fr\/LBB\/\",\"logo\":{\"@type\":\"ImageObject\",\"inLanguage\":\"fr-FR\",\"@id\":\"https:\/\/lyonbondyblog.fr\/LBB\/#\/schema\/logo\/image\/\",\"url\":\"http:\/\/lyonbondyblog.fr\/LBB\/wp-content\/uploads\/2014\/10\/logo-portable-144.png\",\"contentUrl\":\"http:\/\/lyonbondyblog.fr\/LBB\/wp-content\/uploads\/2014\/10\/logo-portable-144.png\",\"width\":144,\"height\":123,\"caption\":\"LYON BONDY BLOG\"},\"image\":{\"@id\":\"https:\/\/lyonbondyblog.fr\/LBB\/#\/schema\/logo\/image\/\"},\"sameAs\":[\"https:\/\/www.facebook.com\/lyonbondyblog\",\"https:\/\/x.com\/bondybloglyon\"]},{\"@type\":\"Person\",\"@id\":\"https:\/\/lyonbondyblog.fr\/LBB\/#\/schema\/person\/e45f8d27baac75072daa0be50c409b25\",\"name\":\"La r\u00e9daction\",\"description\":\"Cr\u00e9e en 2008, la r\u00e9daction du Lyon Bondy Blog s'applique \u00e0 proposer une information locale diff\u00e9rente et compl\u00e9mentaire des m\u00e9dias traditionnels.\",\"sameAs\":[\"https:\/\/www.facebook.com\/lyonbondyblog\",\"https:\/\/x.com\/BondyBlogLyon\"],\"url\":\"https:\/\/lyonbondyblog.fr\/LBB\/author\/admin\/\"}]}<\/script>\n<!-- \/ Yoast SEO plugin. -->","yoast_head_json":{"title":"Si beaux les jours... - Lyon Bondy Blog","robots":{"index":"index","follow":"follow","max-snippet":"max-snippet:-1","max-image-preview":"max-image-preview:large","max-video-preview":"max-video-preview:-1"},"canonical":"https:\/\/lyonbondyblog.fr\/LBB\/si-beaux-les-jours\/","og_locale":"fr_FR","og_type":"article","og_title":"Si beaux les jours... - Lyon Bondy Blog","og_description":"Si beaux les jours&#8230;Au programme ce soir, observations de saison. Au coeur du moment et au gr\u00e9 du courant, on se laisse glisser (un peu &hellip;","og_url":"https:\/\/lyonbondyblog.fr\/LBB\/si-beaux-les-jours\/","og_site_name":"Lyon Bondy Blog","article_publisher":"https:\/\/www.facebook.com\/lyonbondyblog","article_author":"https:\/\/www.facebook.com\/lyonbondyblog","article_published_time":"2011-04-11T09:49:18+00:00","article_modified_time":"2013-07-30T09:50:36+00:00","og_image":[{"width":193,"height":145,"url":"https:\/\/lyonbondyblog.fr\/LBB\/wp-content\/uploads\/2013\/07\/metro_t.jpg","type":"image\/jpeg"}],"author":"La r\u00e9daction","twitter_card":"summary_large_image","twitter_creator":"@BondyBlogLyon","twitter_site":"@bondybloglyon","schema":{"@context":"https:\/\/schema.org","@graph":[{"@type":"Article","@id":"https:\/\/lyonbondyblog.fr\/LBB\/si-beaux-les-jours\/#article","isPartOf":{"@id":"https:\/\/lyonbondyblog.fr\/LBB\/si-beaux-les-jours\/"},"author":{"name":"La r\u00e9daction","@id":"https:\/\/lyonbondyblog.fr\/LBB\/#\/schema\/person\/e45f8d27baac75072daa0be50c409b25"},"headline":"Si beaux les jours&#8230;","datePublished":"2011-04-11T09:49:18+00:00","dateModified":"2013-07-30T09:50:36+00:00","mainEntityOfPage":{"@id":"https:\/\/lyonbondyblog.fr\/LBB\/si-beaux-les-jours\/"},"wordCount":964,"commentCount":0,"publisher":{"@id":"https:\/\/lyonbondyblog.fr\/LBB\/#organization"},"image":{"@id":"https:\/\/lyonbondyblog.fr\/LBB\/si-beaux-les-jours\/#primaryimage"},"thumbnailUrl":"https:\/\/lyonbondyblog.fr\/LBB\/wp-content\/uploads\/2013\/07\/metro_t.jpg","keywords":["Beaux Jours","lyon","Lyon Bondy Blog"],"articleSection":["Ambiance"],"inLanguage":"fr-FR","potentialAction":[{"@type":"CommentAction","name":"Comment","target":["https:\/\/lyonbondyblog.fr\/LBB\/si-beaux-les-jours\/#respond"]}]},{"@type":"WebPage","@id":"https:\/\/lyonbondyblog.fr\/LBB\/si-beaux-les-jours\/","url":"https:\/\/lyonbondyblog.fr\/LBB\/si-beaux-les-jours\/","name":"Si beaux les jours... - Lyon Bondy Blog","isPartOf":{"@id":"https:\/\/lyonbondyblog.fr\/LBB\/#website"},"primaryImageOfPage":{"@id":"https:\/\/lyonbondyblog.fr\/LBB\/si-beaux-les-jours\/#primaryimage"},"image":{"@id":"https:\/\/lyonbondyblog.fr\/LBB\/si-beaux-les-jours\/#primaryimage"},"thumbnailUrl":"https:\/\/lyonbondyblog.fr\/LBB\/wp-content\/uploads\/2013\/07\/metro_t.jpg","datePublished":"2011-04-11T09:49:18+00:00","dateModified":"2013-07-30T09:50:36+00:00","inLanguage":"fr-FR","potentialAction":[{"@type":"ReadAction","target":["https:\/\/lyonbondyblog.fr\/LBB\/si-beaux-les-jours\/"]}]},{"@type":"ImageObject","inLanguage":"fr-FR","@id":"https:\/\/lyonbondyblog.fr\/LBB\/si-beaux-les-jours\/#primaryimage","url":"https:\/\/lyonbondyblog.fr\/LBB\/wp-content\/uploads\/2013\/07\/metro_t.jpg","contentUrl":"https:\/\/lyonbondyblog.fr\/LBB\/wp-content\/uploads\/2013\/07\/metro_t.jpg","width":193,"height":145},{"@type":"WebSite","@id":"https:\/\/lyonbondyblog.fr\/LBB\/#website","url":"https:\/\/lyonbondyblog.fr\/LBB\/","name":"Lyon Bondy Blog","description":"","publisher":{"@id":"https:\/\/lyonbondyblog.fr\/LBB\/#organization"},"potentialAction":[{"@type":"SearchAction","target":{"@type":"EntryPoint","urlTemplate":"https:\/\/lyonbondyblog.fr\/LBB\/?s={search_term_string}"},"query-input":"required name=search_term_string"}],"inLanguage":"fr-FR"},{"@type":"Organization","@id":"https:\/\/lyonbondyblog.fr\/LBB\/#organization","name":"LYON BONDY BLOG","url":"https:\/\/lyonbondyblog.fr\/LBB\/","logo":{"@type":"ImageObject","inLanguage":"fr-FR","@id":"https:\/\/lyonbondyblog.fr\/LBB\/#\/schema\/logo\/image\/","url":"http:\/\/lyonbondyblog.fr\/LBB\/wp-content\/uploads\/2014\/10\/logo-portable-144.png","contentUrl":"http:\/\/lyonbondyblog.fr\/LBB\/wp-content\/uploads\/2014\/10\/logo-portable-144.png","width":144,"height":123,"caption":"LYON BONDY BLOG"},"image":{"@id":"https:\/\/lyonbondyblog.fr\/LBB\/#\/schema\/logo\/image\/"},"sameAs":["https:\/\/www.facebook.com\/lyonbondyblog","https:\/\/x.com\/bondybloglyon"]},{"@type":"Person","@id":"https:\/\/lyonbondyblog.fr\/LBB\/#\/schema\/person\/e45f8d27baac75072daa0be50c409b25","name":"La r\u00e9daction","description":"Cr\u00e9e en 2008, la r\u00e9daction du Lyon Bondy Blog s'applique \u00e0 proposer une information locale diff\u00e9rente et compl\u00e9mentaire des m\u00e9dias traditionnels.","sameAs":["https:\/\/www.facebook.com\/lyonbondyblog","https:\/\/x.com\/BondyBlogLyon"],"url":"https:\/\/lyonbondyblog.fr\/LBB\/author\/admin\/"}]}},"_links":{"self":[{"href":"https:\/\/lyonbondyblog.fr\/LBB\/wp-json\/wp\/v2\/posts\/2011","targetHints":{"allow":["GET"]}}],"collection":[{"href":"https:\/\/lyonbondyblog.fr\/LBB\/wp-json\/wp\/v2\/posts"}],"about":[{"href":"https:\/\/lyonbondyblog.fr\/LBB\/wp-json\/wp\/v2\/types\/post"}],"author":[{"embeddable":true,"href":"https:\/\/lyonbondyblog.fr\/LBB\/wp-json\/wp\/v2\/users\/1"}],"replies":[{"embeddable":true,"href":"https:\/\/lyonbondyblog.fr\/LBB\/wp-json\/wp\/v2\/comments?post=2011"}],"version-history":[{"count":0,"href":"https:\/\/lyonbondyblog.fr\/LBB\/wp-json\/wp\/v2\/posts\/2011\/revisions"}],"wp:featuredmedia":[{"embeddable":true,"href":"https:\/\/lyonbondyblog.fr\/LBB\/wp-json\/wp\/v2\/media\/2012"}],"wp:attachment":[{"href":"https:\/\/lyonbondyblog.fr\/LBB\/wp-json\/wp\/v2\/media?parent=2011"}],"wp:term":[{"taxonomy":"category","embeddable":true,"href":"https:\/\/lyonbondyblog.fr\/LBB\/wp-json\/wp\/v2\/categories?post=2011"},{"taxonomy":"post_tag","embeddable":true,"href":"https:\/\/lyonbondyblog.fr\/LBB\/wp-json\/wp\/v2\/tags?post=2011"}],"curies":[{"name":"wp","href":"https:\/\/api.w.org\/{rel}","templated":true}]}}