{"id":20059,"date":"2020-06-12T13:26:37","date_gmt":"2020-06-12T11:26:37","guid":{"rendered":"http:\/\/lyonbondyblog.fr\/LBB\/?p=20059"},"modified":"2020-06-16T09:45:55","modified_gmt":"2020-06-16T07:45:55","slug":"municipales-2020-election-express-un-risque-democratique","status":"publish","type":"post","link":"https:\/\/lyonbondyblog.fr\/LBB\/municipales-2020-election-express-un-risque-democratique\/","title":{"rendered":"Municipales 2020 : \u00e9lection express, un risque d\u00e9mocratique ?"},"content":{"rendered":"<p style=\"text-align: justify\"><span style=\"font-family: arial, helvetica, sans-serif\"><strong>Fin mai, une vingtaine de parlementaires de tout bord ont co-sign\u00e9 <a href=\"https:\/\/www.lyonmag.com\/article\/107764\/municipales-trois-deputes-lrem-du-rhone-ne-veulent-pas-d-un-second-tour-en-juin\">une lettre<\/a> adress\u00e9e au Pr\u00e9sident de la R\u00e9publique d\u00e9non\u00e7ant l\u2019irresponsabilit\u00e9 d\u2019un second tour le 28 juin 2020. Outre la crise du COVID-19, l\u2019abstention inqui\u00e8te (<a href=\"https:\/\/www.francetvinfo.fr\/elections\/municipales\/abstention\/municipales-2020-taux-d-abstention-historique-pour-des-municipales_3868145.html\">61,5%<\/a> en moyenne aux municipales de Lyon) et fragilise la l\u00e9gitimit\u00e9 des r\u00e9sultats du premier tour (15 mars). A qui profite le maintien du second tour\u00a0? \u00a0<\/strong><\/span><\/p>\n<p style=\"text-align: justify\"><span style=\"font-family: arial, helvetica, sans-serif\">Le second tour des \u00e9lections municipales et m\u00e9tropolitaines \u00e9tait un sujet controvers\u00e9 en cette fin de confinement. Des d\u00e9put\u00e9s LREM du Rh\u00f4ne comme <a href=\"https:\/\/www.google.com\/url?sa=t&amp;rct=j&amp;q=&amp;esrc=s&amp;source=web&amp;cd=&amp;cad=rja&amp;uact=8&amp;ved=2ahUKEwjE0LTbiPzpAhUrxoUKHfYJC68QFjABegQIBBAB&amp;url=https%3A%2F%2Ffr.wikipedia.org%2Fwiki%2FAnne_Brugnera&amp;usg=AOvVaw3S22j7xh5Ysly7C_6TGBux\">Anne Brugnera<\/a> (4<sup>\u00e8me<\/sup> circonscription), <a href=\"https:\/\/www.google.com\/url?sa=t&amp;rct=j&amp;q=&amp;esrc=s&amp;source=web&amp;cd=&amp;cad=rja&amp;uact=8&amp;ved=2ahUKEwjZ6K_tiPzpAhURqxoKHbkDCCcQFjAOegQIAxAB&amp;url=https%3A%2F%2Ffr.wikipedia.org%2Fwiki%2FBlandine_Brocard&amp;usg=AOvVaw0mxnhcxPf8Y4cBybo5ZnSt\">Blandine Brocard<\/a> (5<sup>\u00e8me<\/sup> circonscription) et <a href=\"https:\/\/www.google.com\/url?sa=t&amp;rct=j&amp;q=&amp;esrc=s&amp;source=web&amp;cd=&amp;cad=rja&amp;uact=8&amp;ved=2ahUKEwiqt6fliPzpAhUDx4UKHcwpCPMQFjABegQIARAB&amp;url=https%3A%2F%2Ffr.wikipedia.org%2Fwiki%2FThomas_Rudigoz&amp;usg=AOvVaw2Xb3tCYqEzqi0HZeZEK0AL\">Thomas Rudigoz<\/a> (1<sup>\u00e8re<\/sup> circonscription) ont co-sign\u00e9 <a href=\"https:\/\/www.lyonmag.com\/article\/107764\/municipales-trois-deputes-lrem-du-rhone-ne-veulent-pas-d-un-second-tour-en-juin\">une lettre<\/a> au pr\u00e9sident de la R\u00e9publique pour s\u2019indigner de son maintien. Les questions prioritaires des citoyens concernent <a href=\"https:\/\/www.francetvinfo.fr\/sante\/maladie\/coronavirus\/le-mot-de-l-eco-covid-19-une-crise-economique-plus-dure-qu-en-1929_3865983.html\">les cons\u00e9quences \u00e9conomiques<\/a> et sanitaires de la crise. Les politiques quant \u00e0 eux, s\u2019inqui\u00e8tent d\u2019un manque d\u2019int\u00e9r\u00eat g\u00e9n\u00e9ral pour les \u00e9lections. Des personnalit\u00e9s comme <a href=\"https:\/\/www.google.com\/url?sa=t&amp;rct=j&amp;q=&amp;esrc=s&amp;source=web&amp;cd=&amp;cad=rja&amp;uact=8&amp;ved=2ahUKEwiy_dzOiPzpAhUpxoUKHQGgATEQFjADegQIAhAB&amp;url=https%3A%2F%2Fvaulx-en-velin.net%2Fdecouvrir%2Fmairie%2Felus%2F&amp;usg=AOvVaw3B5cwOkFka-08EuuprU2tJ\">Christine Bertin<\/a> (LREM\/Modem de Vaulx-En-Velin) pr\u00e9conisent <a href=\"https:\/\/www.ladepeche.fr\/2020\/04\/02\/coronavirus-les-elections-municipales-pourraient-etre-reportees-en-octobre,8829099.php\">des \u00e9lections fin octobre<\/a>. Pourtant, le second tour des \u00e9lections municipales et m\u00e9tropolitaines se maintiennent le 28 juin.<\/span><\/p>\n<p>&nbsp;<\/p>\n<p style=\"text-align: justify\"><span style=\"font-family: arial, helvetica, sans-serif\"><strong>Une campagne \u00e9lectorale qui tombe \u00e0 l\u2019eau<\/strong><\/span><\/p>\n<p style=\"text-align: justify\"><span style=\"font-family: arial, helvetica, sans-serif\">Rencontrer les citoyens dans la rue, tracter les programmes politiques\u00a0: les traditionnelles techniques \u00e9lectorales deviennent impossibles avec les gestes barri\u00e8res. \u00ab\u00a0<em>On doit montrer l\u2019exemple mais on ne peut pas nous reconna\u00eetre dans la rue si on porte un masque\u00a0!<\/em>\u00a0\u00bb, se d\u00e9sole Thomas Rudigoz, ancien maire du 5<sup>\u00e8me<\/sup> arrondissement de Lyon. Oppos\u00e9 au maintien du premier tour le 15 mars, il \u00e9tait \u00e9galement <a href=\"https:\/\/www.leprogres.fr\/politique\/2020\/05\/20\/le-depute-thomas-rudigoz-demande-le-report-du-2nd-tour-des-elections-municipales\">contre le maintien du second tour<\/a> le 28 juin. \u00ab\u00a0<em>Aujourd\u2019hui je suis rassur\u00e9 par les chiffres et je pense qu\u2019il faut en finir avec ses \u00e9lections pour que la vie reprenne son cours<\/em>\u00a0\u00bb, se justifie-t-il. Quel est donc ce revirement d\u2019opinion\u00a0? \u00ab\u00a0<em>Il y a toujours eu de l\u2019abstention, crise ou pas<\/em>\u00a0\u00bb, conclue-t-il. La lettre co-sign\u00e9e par le d\u00e9put\u00e9 pr\u00e9cise pourtant que les trois mois de pause entre les deux \u00e9lections avaient d\u00e9connect\u00e9 les \u00e9lecteurs des priorit\u00e9s municipales.<\/span><\/p>\n<blockquote>\n<p style=\"text-align: justify\"><span style=\"font-family: arial, helvetica, sans-serif\">\u00ab\u00a0[\u2026] <em>Par ailleurs, toute \u00e9lection est pr\u00e9c\u00e9d\u00e9e d\u2019une campagne \u00e9lectorale afin que les \u00e9lectrices et les \u00e9lecteurs puissent disposer de tous les \u00e9l\u00e9ments possibles pour faire un choix \u00e9clair\u00e9 une fois dans l\u2019isoloir, c\u2019est une condition sine qua none, surtout apr\u00e8s trois mois d\u2019interruption du processus \u00e9lectoral. Les candidats partout en France, quelle que soit leur sensibilit\u00e9 politique, seront-ils en capacit\u00e9 de mener une campagne sereine dans ce contexte ?\u00a0\u00bb (Lettre au pr\u00e9sident de la R\u00e9publique, 20 mai 2020). <\/em><\/span><\/p>\n<p>&nbsp;<\/p><\/blockquote>\n<p style=\"text-align: justify\"><span style=\"font-family: arial, helvetica, sans-serif\"><strong>\u00ab\u00a0A partir du moment o\u00f9 le premier tour a \u00e9t\u00e9 maintenu, il faut faire le second tour\u00a0\u00bb<\/strong><\/span><\/p>\n<p style=\"text-align: justify\"><span style=\"font-family: arial, helvetica, sans-serif\"><a href=\"https:\/\/www.lyon.fr\/elu\/celine-bos\">C\u00e9line Chamoux-Bos<\/a> (conseill\u00e8re du 3<sup>\u00e8me<\/sup> arrondissement, UDI) pense que la \u00ab\u00a0<em>l\u00e9gitimit\u00e9 des vainqueurs va \u00eatre fragile, mais il faut que d\u00e9mocratie se fasse\u00a0<\/em>\u00bb. Retarder encore les municipales, retardera les s\u00e9natoriales fin septembre 2020. <a href=\"https:\/\/www.leprogres.fr\/politique\/2020\/03\/12\/municipales-metropolitaines-le-projet-couple-de-charles-franck-levy-et-louis-pelaez-pour-le-8e-arrondissement\">Louis Pelaez<\/a> (PRG), contre le maintien du premier tour, explique que \u00ab\u00a0la question ne se pose plus. Le processus d\u2019annulation est impossible \u00e0 mettre en place\u00a0\u00bb. Pour <a href=\"https:\/\/www.google.com\/url?sa=t&amp;rct=j&amp;q=&amp;esrc=s&amp;source=web&amp;cd=&amp;cad=rja&amp;uact=8&amp;ved=2ahUKEwivkM_Mj_zpAhXhx4UKHU5ECckQFjAAegQIBBAB&amp;url=https%3A%2F%2Frhone.eelv.fr%2Fcandidat-e%2Ffanny-dubot-2%2F&amp;usg=AOvVaw3D_nJgCDETD7aR7euEsGwG\">Fanny Dubot<\/a> (t\u00eate de liste de Lyon 7, EELV), la crise sanitaire a permis aux politiques de se r\u00e9inventer pour faire campagne. \u00ab\u00a0<em>On a eu un mois pour se r\u00e9inventer avec des actions virtuelles, culturelles et m\u00e9diatiques. Je ne suis pas inqui\u00e8te car le confinement a montr\u00e9 \u00e0 tous l\u2019importance du local et du circuit-court. On verra si j\u2019ai raison dans les urnes\u00a0!<\/em>\u00a0\u00bb.<\/span><\/p>\n<p>&nbsp;<\/p>\n<p style=\"text-align: justify\"><span style=\"font-family: arial, helvetica, sans-serif\"><strong>\u00c9lections municipales\u00a0: outil d\u2019un remaniement politique\u00a0?<\/strong><\/span><\/p>\n<p style=\"text-align: justify\"><span style=\"font-family: arial, helvetica, sans-serif\">Au premier tour de la m\u00e9tropole, EELV est en t\u00eate de <a href=\"https:\/\/met.grandlyon.com\/elections-metropolitaines-2020-les-resultats\/\">huit secteurs sur quatorze<\/a>. On peut comprendre que l\u2019abstention ne soit plus un probl\u00e8me pour leurs opposants qui pourraient y voir un argument d\u2019ill\u00e9gitimit\u00e9 politique. Chamoux (UDI), Pelaez (Collomb), Rudigoz (LREM), soutiennent cependant qu\u2019ils accepteraient les vainqueurs du second tour. \u00ab <em>Ce sont les abstentionnistes qui regretteront\u00a0!\u00a0<\/em>\u00bb, explique C\u00e9line Chamoux-Bos. Nous verrons \u00e7a au cours des 6 ans de mandats. D\u2019autres en profitent\u00a0: une acc\u00e9l\u00e9ration des \u00e9lections municipales peut permettre <a href=\"https:\/\/www.google.com\/url?sa=t&amp;rct=j&amp;q=&amp;esrc=s&amp;source=web&amp;cd=&amp;cad=rja&amp;uact=8&amp;ved=2ahUKEwjCncWHkPzpAhWOzoUKHV9UDHsQ0PADegQICRAH&amp;url=https%3A%2F%2Fwww.lefigaro.fr%2Fpolitique%2Fremaniement-les-membres-du-gouvernement-en-attente-de-clarification-20200609&amp;usg=AOvVaw0bLcwZH_WJ94Ohtafk3wl1\">une d\u00e9mission<\/a> plus rapide du gouvernement, voire <a href=\"https:\/\/blogs.mediapart.fr\/yves-russell\/blog\/190320\/macron-va-demissionner\">une d\u00e9mission du pr\u00e9sident<\/a> lui-m\u00eame\u00a0? \u00ab\u00a0<em>Macron d\u00e9mission\u00a0!<\/em>\u00a0\u00bb scandent les manifestants depuis deux ans dans les rues, il faut croire qu\u2019ils aient \u00e9t\u00e9 entendus. M\u00eame si l\u2019Elys\u00e9e a d\u00e9menti le Figaro <a href=\"https:\/\/www.google.com\/url?sa=t&amp;rct=j&amp;q=&amp;esrc=s&amp;source=web&amp;cd=&amp;cad=rja&amp;uact=8&amp;ved=2ahUKEwjAiNCmkPzpAhXlzIUKHUGTDAAQ0PADegQIChAH&amp;url=https%3A%2F%2Ffr.euronews.com%2F2020%2F06%2F11%2Fl-elysee-dement-qu-emmanuel-macron-ait-evoque-une-demission&amp;usg=AOvVaw3rup819u4Gb30MmKdn9H-J\">le jeudi 11 juin<\/a>, cette strat\u00e9gie politique n\u2019est pas d\u00e9nu\u00e9e de sens. Les municipales ont mis en exergue la dichotomie politique du parti LREM que ce soit \u00e0 <a href=\"https:\/\/www.google.com\/url?sa=t&amp;rct=j&amp;q=&amp;esrc=s&amp;source=web&amp;cd=&amp;cad=rja&amp;uact=8&amp;ved=2ahUKEwiTxMLykPzpAhUxxoUKHcujAEUQFjAAegQIAhAB&amp;url=https%3A%2F%2Fwww.lexpress.fr%2Factualite%2Fpolitique%2Fmunicipales-a-paris-finalement-florence-berthout-soutient-rachida-dati_2127284.html&amp;usg=AOvVaw04WpKS7NSMe-N7XZiK5fTU\">Paris<\/a> ou \u00e0 Lyon. L\u2019avenir du parti \u00e0 l\u2019Assembl\u00e9e Nationale et au gouvernement semble instable.<\/span><\/p>\n<p>&nbsp;<\/p>\n<p style=\"text-align: justify\"><span style=\"font-family: arial, helvetica, sans-serif\"><strong>Les causes multiples de l\u2019abstention<\/strong><\/span><\/p>\n<p style=\"text-align: justify\"><span style=\"font-family: arial, helvetica, sans-serif\">Il est de la responsabilit\u00e9 de chacun d\u2019aller voter. Oui mais pour qui\u00a0? Pour quoi\u00a0? Les campagnes \u00e9lectorales sur les r\u00e9seaux sociaux ne touchent pas tout le monde, encore moins les personnes \u00e2g\u00e9es ou les personnes en situation pr\u00e9caire. Il est trop tard et trop dangereux pour mettre en place un vote par procuration \u00e9lectronique. Le vote postal est trop compliqu\u00e9 \u00e0 mettre en place\u2026 \u00ab\u00a0<em>Je travaille surtout avec les personnes \u00e2g\u00e9es qui s\u2019abstiennent, car ce sont les plus fragiles face au COVID-19.\u00a0<\/em>\u00bb, explique Rudigoz. Outre notre population senior, \u00e0 Vaulx-En-Velin ce sont <a href=\"https:\/\/www.google.com\/url?sa=t&amp;rct=j&amp;q=&amp;esrc=s&amp;source=web&amp;cd=&amp;cad=rja&amp;uact=8&amp;ved=2ahUKEwj604uEkfzpAhUty4UKHSJvB8AQFjADegQIBRAB&amp;url=https%3A%2F%2Fwww.dzairdaily.com%2Fair-algerie-date-reprise-vols-voyages-coronavirus-confinement%2F&amp;usg=AOvVaw08IQQL2zxF_nAy31fGdUKE\">les voyages familiaux<\/a> de la communaut\u00e9 Alg\u00e9rienne qui inqui\u00e8tent\u00a0: \u00ab\u00a0<em>S\u2019ils partent tous voir leur famille, surtout qu\u2019il n\u2019y a plus \u00e9cole pour certains, le taux d\u2019abstention risque de monter en fl\u00e8che<\/em>\u00a0\u00bb, s\u2019alarme Christine Bertin (Modem). Il est clair que les \u00e9lections ne sont pas les priorit\u00e9s des fran\u00e7ais.es. En dehors les int\u00e9r\u00eats personnels de chacun, \u00ab\u00a0La tambouille politique de Collomb a fait perdre la confiance des lyonnais en leurs Mairies\u00a0! Il faut renouer avec eux. \u00bb, s\u2019exclame Rudigoz.<\/span><\/p>\n<p style=\"text-align: justify\"><span style=\"font-family: arial, helvetica, sans-serif\">Pour v\u00e9rifier ces avis, le Lyon Bondy Blog a fait un sondage pour y voir plus clair sur les intentions de participation des communes lyonnaises. L\u2019\u00e9chantillon n\u2019est pas assez fort (130 r\u00e9ponses) pour \u00eatre consid\u00e9r\u00e9 scientifiquement et les r\u00e9pondants sont souvent des gens politis\u00e9s. Conna\u00eetre l\u2019avis de nos lecteurs est important mais les r\u00e9sultats sont \u00e0 prendre avec des pincettes.<\/span><\/p>\n<ul>\n<li><span style=\"font-family: arial, helvetica, sans-serif\">66,9% des sond\u00e9.e.s r\u00e9pondent avoir vot\u00e9 le 15 mars, 32,5% d\u00e9clarent s&rsquo;\u00eatre abstenus. Un r\u00e9sultat contredit par <a href=\"https:\/\/www.francetvinfo.fr\/elections\/municipales\/abstention\/municipales-2020-taux-d-abstention-historique-pour-des-municipales_3868145.html\">les taux d&rsquo;abstention officiels.<\/a><\/span><\/li>\n<\/ul>\n<p>&nbsp;<\/p>\n<p><span style=\"font-family: arial, helvetica, sans-serif\"><strong>Pourquoi avez-vous vot\u00e9 le 15 mars ?<\/strong><\/span><\/p>\n<blockquote>\n<p style=\"text-align: justify\"><em>\u00ab\u00a0<\/em>C\u2019est un devoir de voter&#8230; les \u00e9lus nous repr\u00e9sentent&#8230; c\u2019est primordial de donner son avis.\u00a0\u00bb<\/p>\n<p style=\"text-align: justify\">\u00ab\u00a0Je n&rsquo;aime pas voter mise \u00e0 part pour les pr\u00e9sidentielles, \u00e0 la limite&#8230; Au vu de la situation dans ma ville je ne pense pas que voter changera quoique ce soit. Tous les candidats sont d\u00e9magogues. \u00bb<\/p>\n<p style=\"text-align: justify\"><em>\u00ab\u00a0<\/em>Ne pas voter c&rsquo;est faire le jeu des multinationales pour qu&rsquo;elles puissent continuer \u00e0 faire du lobbying. Le vote est un lobbying citoyen !\u00a0\u00bb<\/p>\n<p style=\"text-align: justify\">\u00ab\u00a0J&rsquo;ai toujours vot\u00e9. L&rsquo;incoh\u00e9rence consistant \u00e0 fermer les \u00e9coles tout en maintenant l&rsquo;\u00e9lection m&rsquo;a conduit \u00e0 ne pas voter. \u00bb<\/p>\n<p style=\"text-align: justify\">\u00ab\u00a0Je ne m&rsquo;int\u00e9resse pas \u00e0 la politique car pour moi, c&rsquo;est se retrouver \u00e0 voter pour le \u00ab\u00a0moins\u00a0\u00bb pire au lieu de voter pour le meilleur. De plus, je n&rsquo;y connais vraiment rien et ai du mal \u00e0 m&rsquo;int\u00e9resser.\u00a0\u00bb<\/p>\n<p style=\"text-align: justify\">\u00ab\u00a0Tous des pourris. \u00bb<\/p>\n<p style=\"text-align: justify\"><em>\u00ab\u00a0<\/em>La d\u00e9mocratie ne s&rsquo;use que quand on ne s&rsquo;en sert pas. \u00bb<\/p>\n<p style=\"text-align: justify\"><em>\u00ab\u00a0<\/em>Elle influe directement sur mon emploi et sur la scolarisation de mon fils. \u00bb<\/p>\n<\/blockquote>\n<p><img loading=\"lazy\" decoding=\"async\" class=\" wp-image-20064\" src=\"https:\/\/lyonbondyblog.fr\/LBB\/wp-content\/uploads\/2020\/06\/Quel-\u00e2ge-avez-vous..png\" alt=\"\" width=\"1000\" height=\"424\" \/><\/p>\n<p>&nbsp;<\/p>\n<p><span style=\"font-family: arial, helvetica, sans-serif\"><strong>Pourquoi avez-vous pr\u00e9vu de voter ou non le 28 juin ?<\/strong><\/span><\/p>\n<blockquote><p>\u00ab\u00a0J&rsquo;avais pr\u00e9vu de partir en vacances avant l&rsquo;annonce de la date des \u00e9lections.\u00a0\u00bb<\/p>\n<p><em>\u00ab\u00a0<\/em>Absentions = dire non au syst\u00e8me en place. \u00bb<\/p>\n<p>\u00ab\u00a0Nous avons une chance de faire basculer la m\u00e9tropole dans une \u00e8re \u00e9cologiste et solidaire !\u00a0\u00bb<\/p>\n<p>\u00ab\u00a0Devoir citoyen\u00a0!\u00a0\u00bb<\/p>\n<p style=\"text-align: justify\">\u00ab\u00a0Parce que le danger li\u00e9 \u00e0 l&rsquo;\u00e9pid\u00e9mie est moins important. \u00bb<\/p>\n<p style=\"text-align: justify\">\u00ab\u00a0Le r\u00f4le des collectivit\u00e9s locales dans la vie quotidienne est essentiel\u00a0\u00bb<\/p>\n<p style=\"text-align: justify\">\u00ab Les candidats sont tous des apparatchiks. \u00bb<\/p>\n<p style=\"text-align: justify\">\u00ab\u00a0Mon candidat devrait passer sans difficult\u00e9 mais je veux asseoir et confirmer son \u00e9lection.\u00a0\u00bb<\/p>\n<p style=\"text-align: justify\">\u00ab\u00a0Les gestes barri\u00e8res inexistants au premier tour et l&rsquo;\u00e9pid\u00e9mie qui a touch\u00e9 les assesseurs ne donnent pas envie d&rsquo;y retourner. Le laps de temps entre les deux tours est anticonstitutionnel et personne ne s&rsquo;en inqui\u00e8te. \u00bb<\/p>\n<p style=\"text-align: justify\">\u00ab\u00a0Pour mettre Collomb \u00e0 la porte. \u00bb<\/p>\n<\/blockquote>\n<p>&nbsp;<\/p>\n<p style=\"text-align: justify\"><span style=\"font-family: arial, helvetica, sans-serif\">Cette acc\u00e9l\u00e9ration du d\u00e9confinement et des \u00e9lections n\u2019est-elle pas une mise en danger de notre d\u00e9mocratie\u00a0? Annihilant les probl\u00e8mes \u00e9conomiques, salariaux donc politiques de notre pays. \u00ab\u00a0Doucement mais s\u00fbrement\u00a0\u00bb devrait \u00eatre le mot d\u2019ordre pour assurer une l\u00e9gitimit\u00e9 \u00e9lectorale aux futurs entrants aux municipales et aux m\u00e9tropolitaines. Les taux de participation \u00e9lectorale donneront raisons aux opposants ou aux adh\u00e9rents du maintien des \u00e9lections le 28 juin.<\/span><\/p>\n<!-- AddThis Advanced Settings generic via filter on the_content --><!-- AddThis Share Buttons generic via filter on the_content -->","protected":false},"excerpt":{"rendered":"<p>Fin mai, une vingtaine de parlementaires de tout bord ont co-sign\u00e9 une lettre adress\u00e9e au Pr\u00e9sident de la R\u00e9publique d\u00e9non\u00e7ant l\u2019irresponsabilit\u00e9 d\u2019un second tour le &hellip; <!-- AddThis Advanced Settings generic via filter on wp_trim_excerpt --><!-- AddThis Share Buttons generic via filter on wp_trim_excerpt --><\/p>\n","protected":false},"author":794,"featured_media":20062,"comment_status":"open","ping_status":"open","sticky":false,"template":"","format":"standard","meta":{"_FSMCFIC_featured_image_caption":"","_FSMCFIC_featured_image_nocaption":"","_FSMCFIC_featured_image_hide":"","footnotes":""},"categories":[22224,6],"tags":[22236,362,22247,22249,1193,602,22250,2999,6491,1277,1055,6492,22248,22246,2702,1093],"class_list":["post-20059","post","type-post","status-publish","format-standard","has-post-thumbnail","hentry","category-municipales-2020-politique","category-politique","tag-28-juin","tag-abstention","tag-bertin","tag-chamoux","tag-collomb","tag-democratie","tag-dubot","tag-eelv","tag-lrem","tag-metropole","tag-modem","tag-municipales-2020","tag-pelaez","tag-rudigoz","tag-second-tour","tag-udi"],"yoast_head":"<!-- This site is optimized with the Yoast SEO plugin v22.8 - https:\/\/yoast.com\/wordpress\/plugins\/seo\/ -->\n<title>Municipales 2020 : \u00e9lection express, un risque d\u00e9mocratique ? - Lyon Bondy Blog<\/title>\n<meta name=\"robots\" content=\"index, follow, max-snippet:-1, max-image-preview:large, max-video-preview:-1\" \/>\n<link rel=\"canonical\" href=\"https:\/\/lyonbondyblog.fr\/LBB\/municipales-2020-election-express-un-risque-democratique\/\" \/>\n<meta property=\"og:locale\" content=\"fr_FR\" \/>\n<meta property=\"og:type\" content=\"article\" \/>\n<meta property=\"og:title\" content=\"Municipales 2020 : \u00e9lection express, un risque d\u00e9mocratique ? - Lyon Bondy Blog\" \/>\n<meta property=\"og:description\" content=\"Fin mai, une vingtaine de parlementaires de tout bord ont co-sign\u00e9 une lettre adress\u00e9e au Pr\u00e9sident de la R\u00e9publique d\u00e9non\u00e7ant l\u2019irresponsabilit\u00e9 d\u2019un second tour le &hellip;\" \/>\n<meta property=\"og:url\" content=\"https:\/\/lyonbondyblog.fr\/LBB\/municipales-2020-election-express-un-risque-democratique\/\" \/>\n<meta property=\"og:site_name\" content=\"Lyon Bondy Blog\" \/>\n<meta property=\"article:publisher\" content=\"https:\/\/www.facebook.com\/lyonbondyblog\" \/>\n<meta property=\"article:published_time\" content=\"2020-06-12T11:26:37+00:00\" \/>\n<meta property=\"article:modified_time\" content=\"2020-06-16T07:45:55+00:00\" \/>\n<meta property=\"og:image\" content=\"https:\/\/lyonbondyblog.fr\/LBB\/wp-content\/uploads\/2020\/06\/les-municipales-sont-elles-un-ev..png\" \/>\n\t<meta property=\"og:image:width\" content=\"685\" \/>\n\t<meta property=\"og:image:height\" content=\"286\" \/>\n\t<meta property=\"og:image:type\" content=\"image\/png\" \/>\n<meta name=\"author\" content=\"Ines Mitanne\" \/>\n<meta name=\"twitter:card\" content=\"summary_large_image\" \/>\n<meta name=\"twitter:creator\" content=\"@bondybloglyon\" \/>\n<meta name=\"twitter:site\" content=\"@bondybloglyon\" \/>\n<script type=\"application\/ld+json\" class=\"yoast-schema-graph\">{\"@context\":\"https:\/\/schema.org\",\"@graph\":[{\"@type\":\"Article\",\"@id\":\"https:\/\/lyonbondyblog.fr\/LBB\/municipales-2020-election-express-un-risque-democratique\/#article\",\"isPartOf\":{\"@id\":\"https:\/\/lyonbondyblog.fr\/LBB\/municipales-2020-election-express-un-risque-democratique\/\"},\"author\":{\"name\":\"Ines Mitanne\",\"@id\":\"https:\/\/lyonbondyblog.fr\/LBB\/#\/schema\/person\/cd653da284899ba50a55b2707efcb52f\"},\"headline\":\"Municipales 2020 : \u00e9lection express, un risque d\u00e9mocratique ?\",\"datePublished\":\"2020-06-12T11:26:37+00:00\",\"dateModified\":\"2020-06-16T07:45:55+00:00\",\"mainEntityOfPage\":{\"@id\":\"https:\/\/lyonbondyblog.fr\/LBB\/municipales-2020-election-express-un-risque-democratique\/\"},\"wordCount\":1452,\"commentCount\":0,\"publisher\":{\"@id\":\"https:\/\/lyonbondyblog.fr\/LBB\/#organization\"},\"image\":{\"@id\":\"https:\/\/lyonbondyblog.fr\/LBB\/municipales-2020-election-express-un-risque-democratique\/#primaryimage\"},\"thumbnailUrl\":\"https:\/\/lyonbondyblog.fr\/LBB\/wp-content\/uploads\/2020\/06\/les-municipales-sont-elles-un-ev..png\",\"keywords\":[\"28 juin\",\"abstention\",\"Bertin\",\"Chamoux\",\"collomb\",\"d\u00e9mocratie\",\"Dubot\",\"EELV\",\"LREM\",\"M\u00e9tropole\",\"modem\",\"Municipales 2020\",\"Pelaez\",\"Rudigoz\",\"second tour\",\"udi\"],\"articleSection\":[\"Municipales 2020\",\"Politique\"],\"inLanguage\":\"fr-FR\",\"potentialAction\":[{\"@type\":\"CommentAction\",\"name\":\"Comment\",\"target\":[\"https:\/\/lyonbondyblog.fr\/LBB\/municipales-2020-election-express-un-risque-democratique\/#respond\"]}]},{\"@type\":\"WebPage\",\"@id\":\"https:\/\/lyonbondyblog.fr\/LBB\/municipales-2020-election-express-un-risque-democratique\/\",\"url\":\"https:\/\/lyonbondyblog.fr\/LBB\/municipales-2020-election-express-un-risque-democratique\/\",\"name\":\"Municipales 2020 : \u00e9lection express, un risque d\u00e9mocratique ? - Lyon Bondy Blog\",\"isPartOf\":{\"@id\":\"https:\/\/lyonbondyblog.fr\/LBB\/#website\"},\"primaryImageOfPage\":{\"@id\":\"https:\/\/lyonbondyblog.fr\/LBB\/municipales-2020-election-express-un-risque-democratique\/#primaryimage\"},\"image\":{\"@id\":\"https:\/\/lyonbondyblog.fr\/LBB\/municipales-2020-election-express-un-risque-democratique\/#primaryimage\"},\"thumbnailUrl\":\"https:\/\/lyonbondyblog.fr\/LBB\/wp-content\/uploads\/2020\/06\/les-municipales-sont-elles-un-ev..png\",\"datePublished\":\"2020-06-12T11:26:37+00:00\",\"dateModified\":\"2020-06-16T07:45:55+00:00\",\"inLanguage\":\"fr-FR\",\"potentialAction\":[{\"@type\":\"ReadAction\",\"target\":[\"https:\/\/lyonbondyblog.fr\/LBB\/municipales-2020-election-express-un-risque-democratique\/\"]}]},{\"@type\":\"ImageObject\",\"inLanguage\":\"fr-FR\",\"@id\":\"https:\/\/lyonbondyblog.fr\/LBB\/municipales-2020-election-express-un-risque-democratique\/#primaryimage\",\"url\":\"https:\/\/lyonbondyblog.fr\/LBB\/wp-content\/uploads\/2020\/06\/les-municipales-sont-elles-un-ev..png\",\"contentUrl\":\"https:\/\/lyonbondyblog.fr\/LBB\/wp-content\/uploads\/2020\/06\/les-municipales-sont-elles-un-ev..png\",\"width\":685,\"height\":286},{\"@type\":\"WebSite\",\"@id\":\"https:\/\/lyonbondyblog.fr\/LBB\/#website\",\"url\":\"https:\/\/lyonbondyblog.fr\/LBB\/\",\"name\":\"Lyon Bondy Blog\",\"description\":\"\",\"publisher\":{\"@id\":\"https:\/\/lyonbondyblog.fr\/LBB\/#organization\"},\"potentialAction\":[{\"@type\":\"SearchAction\",\"target\":{\"@type\":\"EntryPoint\",\"urlTemplate\":\"https:\/\/lyonbondyblog.fr\/LBB\/?s={search_term_string}\"},\"query-input\":\"required name=search_term_string\"}],\"inLanguage\":\"fr-FR\"},{\"@type\":\"Organization\",\"@id\":\"https:\/\/lyonbondyblog.fr\/LBB\/#organization\",\"name\":\"LYON BONDY BLOG\",\"url\":\"https:\/\/lyonbondyblog.fr\/LBB\/\",\"logo\":{\"@type\":\"ImageObject\",\"inLanguage\":\"fr-FR\",\"@id\":\"https:\/\/lyonbondyblog.fr\/LBB\/#\/schema\/logo\/image\/\",\"url\":\"http:\/\/lyonbondyblog.fr\/LBB\/wp-content\/uploads\/2014\/10\/logo-portable-144.png\",\"contentUrl\":\"http:\/\/lyonbondyblog.fr\/LBB\/wp-content\/uploads\/2014\/10\/logo-portable-144.png\",\"width\":144,\"height\":123,\"caption\":\"LYON BONDY BLOG\"},\"image\":{\"@id\":\"https:\/\/lyonbondyblog.fr\/LBB\/#\/schema\/logo\/image\/\"},\"sameAs\":[\"https:\/\/www.facebook.com\/lyonbondyblog\",\"https:\/\/x.com\/bondybloglyon\"]},{\"@type\":\"Person\",\"@id\":\"https:\/\/lyonbondyblog.fr\/LBB\/#\/schema\/person\/cd653da284899ba50a55b2707efcb52f\",\"name\":\"Ines Mitanne\",\"url\":\"https:\/\/lyonbondyblog.fr\/LBB\/author\/ines\/\"}]}<\/script>\n<!-- \/ Yoast SEO plugin. -->","yoast_head_json":{"title":"Municipales 2020 : \u00e9lection express, un risque d\u00e9mocratique ? - Lyon Bondy Blog","robots":{"index":"index","follow":"follow","max-snippet":"max-snippet:-1","max-image-preview":"max-image-preview:large","max-video-preview":"max-video-preview:-1"},"canonical":"https:\/\/lyonbondyblog.fr\/LBB\/municipales-2020-election-express-un-risque-democratique\/","og_locale":"fr_FR","og_type":"article","og_title":"Municipales 2020 : \u00e9lection express, un risque d\u00e9mocratique ? - Lyon Bondy Blog","og_description":"Fin mai, une vingtaine de parlementaires de tout bord ont co-sign\u00e9 une lettre adress\u00e9e au Pr\u00e9sident de la R\u00e9publique d\u00e9non\u00e7ant l\u2019irresponsabilit\u00e9 d\u2019un second tour le &hellip;","og_url":"https:\/\/lyonbondyblog.fr\/LBB\/municipales-2020-election-express-un-risque-democratique\/","og_site_name":"Lyon Bondy Blog","article_publisher":"https:\/\/www.facebook.com\/lyonbondyblog","article_published_time":"2020-06-12T11:26:37+00:00","article_modified_time":"2020-06-16T07:45:55+00:00","og_image":[{"width":685,"height":286,"url":"https:\/\/lyonbondyblog.fr\/LBB\/wp-content\/uploads\/2020\/06\/les-municipales-sont-elles-un-ev..png","type":"image\/png"}],"author":"Ines Mitanne","twitter_card":"summary_large_image","twitter_creator":"@bondybloglyon","twitter_site":"@bondybloglyon","schema":{"@context":"https:\/\/schema.org","@graph":[{"@type":"Article","@id":"https:\/\/lyonbondyblog.fr\/LBB\/municipales-2020-election-express-un-risque-democratique\/#article","isPartOf":{"@id":"https:\/\/lyonbondyblog.fr\/LBB\/municipales-2020-election-express-un-risque-democratique\/"},"author":{"name":"Ines Mitanne","@id":"https:\/\/lyonbondyblog.fr\/LBB\/#\/schema\/person\/cd653da284899ba50a55b2707efcb52f"},"headline":"Municipales 2020 : \u00e9lection express, un risque d\u00e9mocratique ?","datePublished":"2020-06-12T11:26:37+00:00","dateModified":"2020-06-16T07:45:55+00:00","mainEntityOfPage":{"@id":"https:\/\/lyonbondyblog.fr\/LBB\/municipales-2020-election-express-un-risque-democratique\/"},"wordCount":1452,"commentCount":0,"publisher":{"@id":"https:\/\/lyonbondyblog.fr\/LBB\/#organization"},"image":{"@id":"https:\/\/lyonbondyblog.fr\/LBB\/municipales-2020-election-express-un-risque-democratique\/#primaryimage"},"thumbnailUrl":"https:\/\/lyonbondyblog.fr\/LBB\/wp-content\/uploads\/2020\/06\/les-municipales-sont-elles-un-ev..png","keywords":["28 juin","abstention","Bertin","Chamoux","collomb","d\u00e9mocratie","Dubot","EELV","LREM","M\u00e9tropole","modem","Municipales 2020","Pelaez","Rudigoz","second tour","udi"],"articleSection":["Municipales 2020","Politique"],"inLanguage":"fr-FR","potentialAction":[{"@type":"CommentAction","name":"Comment","target":["https:\/\/lyonbondyblog.fr\/LBB\/municipales-2020-election-express-un-risque-democratique\/#respond"]}]},{"@type":"WebPage","@id":"https:\/\/lyonbondyblog.fr\/LBB\/municipales-2020-election-express-un-risque-democratique\/","url":"https:\/\/lyonbondyblog.fr\/LBB\/municipales-2020-election-express-un-risque-democratique\/","name":"Municipales 2020 : \u00e9lection express, un risque d\u00e9mocratique ? - Lyon Bondy Blog","isPartOf":{"@id":"https:\/\/lyonbondyblog.fr\/LBB\/#website"},"primaryImageOfPage":{"@id":"https:\/\/lyonbondyblog.fr\/LBB\/municipales-2020-election-express-un-risque-democratique\/#primaryimage"},"image":{"@id":"https:\/\/lyonbondyblog.fr\/LBB\/municipales-2020-election-express-un-risque-democratique\/#primaryimage"},"thumbnailUrl":"https:\/\/lyonbondyblog.fr\/LBB\/wp-content\/uploads\/2020\/06\/les-municipales-sont-elles-un-ev..png","datePublished":"2020-06-12T11:26:37+00:00","dateModified":"2020-06-16T07:45:55+00:00","inLanguage":"fr-FR","potentialAction":[{"@type":"ReadAction","target":["https:\/\/lyonbondyblog.fr\/LBB\/municipales-2020-election-express-un-risque-democratique\/"]}]},{"@type":"ImageObject","inLanguage":"fr-FR","@id":"https:\/\/lyonbondyblog.fr\/LBB\/municipales-2020-election-express-un-risque-democratique\/#primaryimage","url":"https:\/\/lyonbondyblog.fr\/LBB\/wp-content\/uploads\/2020\/06\/les-municipales-sont-elles-un-ev..png","contentUrl":"https:\/\/lyonbondyblog.fr\/LBB\/wp-content\/uploads\/2020\/06\/les-municipales-sont-elles-un-ev..png","width":685,"height":286},{"@type":"WebSite","@id":"https:\/\/lyonbondyblog.fr\/LBB\/#website","url":"https:\/\/lyonbondyblog.fr\/LBB\/","name":"Lyon Bondy Blog","description":"","publisher":{"@id":"https:\/\/lyonbondyblog.fr\/LBB\/#organization"},"potentialAction":[{"@type":"SearchAction","target":{"@type":"EntryPoint","urlTemplate":"https:\/\/lyonbondyblog.fr\/LBB\/?s={search_term_string}"},"query-input":"required name=search_term_string"}],"inLanguage":"fr-FR"},{"@type":"Organization","@id":"https:\/\/lyonbondyblog.fr\/LBB\/#organization","name":"LYON BONDY BLOG","url":"https:\/\/lyonbondyblog.fr\/LBB\/","logo":{"@type":"ImageObject","inLanguage":"fr-FR","@id":"https:\/\/lyonbondyblog.fr\/LBB\/#\/schema\/logo\/image\/","url":"http:\/\/lyonbondyblog.fr\/LBB\/wp-content\/uploads\/2014\/10\/logo-portable-144.png","contentUrl":"http:\/\/lyonbondyblog.fr\/LBB\/wp-content\/uploads\/2014\/10\/logo-portable-144.png","width":144,"height":123,"caption":"LYON BONDY BLOG"},"image":{"@id":"https:\/\/lyonbondyblog.fr\/LBB\/#\/schema\/logo\/image\/"},"sameAs":["https:\/\/www.facebook.com\/lyonbondyblog","https:\/\/x.com\/bondybloglyon"]},{"@type":"Person","@id":"https:\/\/lyonbondyblog.fr\/LBB\/#\/schema\/person\/cd653da284899ba50a55b2707efcb52f","name":"Ines Mitanne","url":"https:\/\/lyonbondyblog.fr\/LBB\/author\/ines\/"}]}},"_links":{"self":[{"href":"https:\/\/lyonbondyblog.fr\/LBB\/wp-json\/wp\/v2\/posts\/20059","targetHints":{"allow":["GET"]}}],"collection":[{"href":"https:\/\/lyonbondyblog.fr\/LBB\/wp-json\/wp\/v2\/posts"}],"about":[{"href":"https:\/\/lyonbondyblog.fr\/LBB\/wp-json\/wp\/v2\/types\/post"}],"author":[{"embeddable":true,"href":"https:\/\/lyonbondyblog.fr\/LBB\/wp-json\/wp\/v2\/users\/794"}],"replies":[{"embeddable":true,"href":"https:\/\/lyonbondyblog.fr\/LBB\/wp-json\/wp\/v2\/comments?post=20059"}],"version-history":[{"count":30,"href":"https:\/\/lyonbondyblog.fr\/LBB\/wp-json\/wp\/v2\/posts\/20059\/revisions"}],"predecessor-version":[{"id":20111,"href":"https:\/\/lyonbondyblog.fr\/LBB\/wp-json\/wp\/v2\/posts\/20059\/revisions\/20111"}],"wp:featuredmedia":[{"embeddable":true,"href":"https:\/\/lyonbondyblog.fr\/LBB\/wp-json\/wp\/v2\/media\/20062"}],"wp:attachment":[{"href":"https:\/\/lyonbondyblog.fr\/LBB\/wp-json\/wp\/v2\/media?parent=20059"}],"wp:term":[{"taxonomy":"category","embeddable":true,"href":"https:\/\/lyonbondyblog.fr\/LBB\/wp-json\/wp\/v2\/categories?post=20059"},{"taxonomy":"post_tag","embeddable":true,"href":"https:\/\/lyonbondyblog.fr\/LBB\/wp-json\/wp\/v2\/tags?post=20059"}],"curies":[{"name":"wp","href":"https:\/\/api.w.org\/{rel}","templated":true}]}}