{"id":19943,"date":"2020-06-07T17:03:48","date_gmt":"2020-06-07T15:03:48","guid":{"rendered":"http:\/\/lyonbondyblog.fr\/LBB\/?p=19943"},"modified":"2020-06-15T14:11:14","modified_gmt":"2020-06-15T12:11:14","slug":"asul-vaulx-en-velin-handball-appel-a-la-solidarite-sur-facebook","status":"publish","type":"post","link":"https:\/\/lyonbondyblog.fr\/LBB\/asul-vaulx-en-velin-handball-appel-a-la-solidarite-sur-facebook\/","title":{"rendered":"ASUL Vaulx-en-Velin Handball appel \u00e0 la solidarit\u00e9 sur Facebook"},"content":{"rendered":"<p><strong>Jeudi 4 juin l\u2019\u00e9quipe f\u00e9minine <span style=\"color: #333399;\"><em>ASUL Vaulx-en-Velin Handball<\/em><\/span> a post\u00e9 un appel au don&nbsp;sur Facebook pour faire face au Covid-19.<\/strong><\/p>\n<p>&nbsp;<\/p>\n<p>Une id\u00e9e n\u00e9e du minist\u00e8re des sports pour aider les clubs sportifs \u00e0 surmonter la<br \/>\ncrise sanitaire actuelle.<br \/>\nL\u2019argent r\u00e9colt\u00e9 servira \u00e0 financer l\u2019\u00e9ducation et l\u2019insertion dans le sport, la formation<br \/>\ndes joueuses du club et leur performance.<\/p>\n<!-- AddThis Advanced Settings generic via filter on the_content --><!-- AddThis Share Buttons generic via filter on the_content -->","protected":false},"excerpt":{"rendered":"<p>Jeudi 4 juin l\u2019\u00e9quipe f\u00e9minine ASUL Vaulx-en-Velin Handball a post\u00e9 un appel au don&nbsp;sur Facebook pour faire face au Covid-19. &nbsp; Une id\u00e9e n\u00e9e du &hellip; <!-- AddThis Advanced Settings generic via filter on wp_trim_excerpt --><!-- AddThis Share Buttons generic via filter on wp_trim_excerpt --><\/p>\n","protected":false},"author":25371,"featured_media":19951,"comment_status":"open","ping_status":"open","sticky":false,"template":"","format":"standard","meta":{"_FSMCFIC_featured_image_caption":"","_FSMCFIC_featured_image_nocaption":"","_FSMCFIC_featured_image_hide":"","footnotes":""},"categories":[4,2862],"tags":[],"class_list":["post-19943","post","type-post","status-publish","format-standard","has-post-thumbnail","hentry","category-lyon","category-sport"],"yoast_head":"<!-- This site is optimized with the Yoast SEO plugin v22.8 - https:\/\/yoast.com\/wordpress\/plugins\/seo\/ -->\n<title>ASUL Vaulx-en-Velin Handball appel \u00e0 la solidarit\u00e9 sur Facebook - Lyon Bondy Blog<\/title>\n<meta name=\"robots\" content=\"index, follow, max-snippet:-1, max-image-preview:large, max-video-preview:-1\" \/>\n<link rel=\"canonical\" href=\"https:\/\/lyonbondyblog.fr\/LBB\/asul-vaulx-en-velin-handball-appel-a-la-solidarite-sur-facebook\/\" \/>\n<meta property=\"og:locale\" content=\"fr_FR\" \/>\n<meta property=\"og:type\" content=\"article\" \/>\n<meta property=\"og:title\" content=\"ASUL Vaulx-en-Velin Handball appel \u00e0 la solidarit\u00e9 sur Facebook - Lyon Bondy Blog\" \/>\n<meta property=\"og:description\" content=\"Jeudi 4 juin l\u2019\u00e9quipe f\u00e9minine ASUL Vaulx-en-Velin Handball a post\u00e9 un appel au don&nbsp;sur Facebook pour faire face au Covid-19. &nbsp; Une id\u00e9e n\u00e9e du &hellip;\" \/>\n<meta property=\"og:url\" content=\"https:\/\/lyonbondyblog.fr\/LBB\/asul-vaulx-en-velin-handball-appel-a-la-solidarite-sur-facebook\/\" \/>\n<meta property=\"og:site_name\" content=\"Lyon Bondy Blog\" \/>\n<meta property=\"article:publisher\" content=\"https:\/\/www.facebook.com\/lyonbondyblog\" \/>\n<meta property=\"article:published_time\" content=\"2020-06-07T15:03:48+00:00\" \/>\n<meta property=\"article:modified_time\" content=\"2020-06-15T12:11:14+00:00\" \/>\n<meta property=\"og:image\" content=\"https:\/\/lyonbondyblog.fr\/LBB\/wp-content\/uploads\/2020\/06\/Logo-ASUL-Vaulx-en-Velin-Handball-1.png\" \/>\n\t<meta property=\"og:image:width\" content=\"200\" \/>\n\t<meta property=\"og:image:height\" content=\"200\" \/>\n\t<meta property=\"og:image:type\" content=\"image\/png\" \/>\n<meta name=\"author\" content=\"Jade Lagnier\" \/>\n<meta name=\"twitter:card\" content=\"summary_large_image\" \/>\n<meta name=\"twitter:creator\" content=\"@bondybloglyon\" \/>\n<meta name=\"twitter:site\" content=\"@bondybloglyon\" \/>\n<script type=\"application\/ld+json\" class=\"yoast-schema-graph\">{\"@context\":\"https:\/\/schema.org\",\"@graph\":[{\"@type\":\"Article\",\"@id\":\"https:\/\/lyonbondyblog.fr\/LBB\/asul-vaulx-en-velin-handball-appel-a-la-solidarite-sur-facebook\/#article\",\"isPartOf\":{\"@id\":\"https:\/\/lyonbondyblog.fr\/LBB\/asul-vaulx-en-velin-handball-appel-a-la-solidarite-sur-facebook\/\"},\"author\":{\"name\":\"Jade Lagnier\",\"@id\":\"https:\/\/lyonbondyblog.fr\/LBB\/#\/schema\/person\/815584c75944ee266fb51813c1adc31b\"},\"headline\":\"ASUL Vaulx-en-Velin Handball appel \u00e0 la solidarit\u00e9 sur Facebook\",\"datePublished\":\"2020-06-07T15:03:48+00:00\",\"dateModified\":\"2020-06-15T12:11:14+00:00\",\"mainEntityOfPage\":{\"@id\":\"https:\/\/lyonbondyblog.fr\/LBB\/asul-vaulx-en-velin-handball-appel-a-la-solidarite-sur-facebook\/\"},\"wordCount\":75,\"commentCount\":0,\"publisher\":{\"@id\":\"https:\/\/lyonbondyblog.fr\/LBB\/#organization\"},\"image\":{\"@id\":\"https:\/\/lyonbondyblog.fr\/LBB\/asul-vaulx-en-velin-handball-appel-a-la-solidarite-sur-facebook\/#primaryimage\"},\"thumbnailUrl\":\"https:\/\/lyonbondyblog.fr\/LBB\/wp-content\/uploads\/2020\/06\/Logo-ASUL-Vaulx-en-Velin-Handball-1.png\",\"articleSection\":[\"Lyon\",\"Sport\"],\"inLanguage\":\"fr-FR\",\"potentialAction\":[{\"@type\":\"CommentAction\",\"name\":\"Comment\",\"target\":[\"https:\/\/lyonbondyblog.fr\/LBB\/asul-vaulx-en-velin-handball-appel-a-la-solidarite-sur-facebook\/#respond\"]}]},{\"@type\":\"WebPage\",\"@id\":\"https:\/\/lyonbondyblog.fr\/LBB\/asul-vaulx-en-velin-handball-appel-a-la-solidarite-sur-facebook\/\",\"url\":\"https:\/\/lyonbondyblog.fr\/LBB\/asul-vaulx-en-velin-handball-appel-a-la-solidarite-sur-facebook\/\",\"name\":\"ASUL Vaulx-en-Velin Handball appel \u00e0 la solidarit\u00e9 sur Facebook - Lyon Bondy Blog\",\"isPartOf\":{\"@id\":\"https:\/\/lyonbondyblog.fr\/LBB\/#website\"},\"primaryImageOfPage\":{\"@id\":\"https:\/\/lyonbondyblog.fr\/LBB\/asul-vaulx-en-velin-handball-appel-a-la-solidarite-sur-facebook\/#primaryimage\"},\"image\":{\"@id\":\"https:\/\/lyonbondyblog.fr\/LBB\/asul-vaulx-en-velin-handball-appel-a-la-solidarite-sur-facebook\/#primaryimage\"},\"thumbnailUrl\":\"https:\/\/lyonbondyblog.fr\/LBB\/wp-content\/uploads\/2020\/06\/Logo-ASUL-Vaulx-en-Velin-Handball-1.png\",\"datePublished\":\"2020-06-07T15:03:48+00:00\",\"dateModified\":\"2020-06-15T12:11:14+00:00\",\"inLanguage\":\"fr-FR\",\"potentialAction\":[{\"@type\":\"ReadAction\",\"target\":[\"https:\/\/lyonbondyblog.fr\/LBB\/asul-vaulx-en-velin-handball-appel-a-la-solidarite-sur-facebook\/\"]}]},{\"@type\":\"ImageObject\",\"inLanguage\":\"fr-FR\",\"@id\":\"https:\/\/lyonbondyblog.fr\/LBB\/asul-vaulx-en-velin-handball-appel-a-la-solidarite-sur-facebook\/#primaryimage\",\"url\":\"https:\/\/lyonbondyblog.fr\/LBB\/wp-content\/uploads\/2020\/06\/Logo-ASUL-Vaulx-en-Velin-Handball-1.png\",\"contentUrl\":\"https:\/\/lyonbondyblog.fr\/LBB\/wp-content\/uploads\/2020\/06\/Logo-ASUL-Vaulx-en-Velin-Handball-1.png\",\"width\":200,\"height\":200},{\"@type\":\"WebSite\",\"@id\":\"https:\/\/lyonbondyblog.fr\/LBB\/#website\",\"url\":\"https:\/\/lyonbondyblog.fr\/LBB\/\",\"name\":\"Lyon Bondy Blog\",\"description\":\"\",\"publisher\":{\"@id\":\"https:\/\/lyonbondyblog.fr\/LBB\/#organization\"},\"potentialAction\":[{\"@type\":\"SearchAction\",\"target\":{\"@type\":\"EntryPoint\",\"urlTemplate\":\"https:\/\/lyonbondyblog.fr\/LBB\/?s={search_term_string}\"},\"query-input\":\"required name=search_term_string\"}],\"inLanguage\":\"fr-FR\"},{\"@type\":\"Organization\",\"@id\":\"https:\/\/lyonbondyblog.fr\/LBB\/#organization\",\"name\":\"LYON BONDY BLOG\",\"url\":\"https:\/\/lyonbondyblog.fr\/LBB\/\",\"logo\":{\"@type\":\"ImageObject\",\"inLanguage\":\"fr-FR\",\"@id\":\"https:\/\/lyonbondyblog.fr\/LBB\/#\/schema\/logo\/image\/\",\"url\":\"http:\/\/lyonbondyblog.fr\/LBB\/wp-content\/uploads\/2014\/10\/logo-portable-144.png\",\"contentUrl\":\"http:\/\/lyonbondyblog.fr\/LBB\/wp-content\/uploads\/2014\/10\/logo-portable-144.png\",\"width\":144,\"height\":123,\"caption\":\"LYON BONDY BLOG\"},\"image\":{\"@id\":\"https:\/\/lyonbondyblog.fr\/LBB\/#\/schema\/logo\/image\/\"},\"sameAs\":[\"https:\/\/www.facebook.com\/lyonbondyblog\",\"https:\/\/x.com\/bondybloglyon\"]},{\"@type\":\"Person\",\"@id\":\"https:\/\/lyonbondyblog.fr\/LBB\/#\/schema\/person\/815584c75944ee266fb51813c1adc31b\",\"name\":\"Jade Lagnier\",\"url\":\"https:\/\/lyonbondyblog.fr\/LBB\/author\/jadelagnier\/\"}]}<\/script>\n<!-- \/ Yoast SEO plugin. -->","yoast_head_json":{"title":"ASUL Vaulx-en-Velin Handball appel \u00e0 la solidarit\u00e9 sur Facebook - Lyon Bondy Blog","robots":{"index":"index","follow":"follow","max-snippet":"max-snippet:-1","max-image-preview":"max-image-preview:large","max-video-preview":"max-video-preview:-1"},"canonical":"https:\/\/lyonbondyblog.fr\/LBB\/asul-vaulx-en-velin-handball-appel-a-la-solidarite-sur-facebook\/","og_locale":"fr_FR","og_type":"article","og_title":"ASUL Vaulx-en-Velin Handball appel \u00e0 la solidarit\u00e9 sur Facebook - Lyon Bondy Blog","og_description":"Jeudi 4 juin l\u2019\u00e9quipe f\u00e9minine ASUL Vaulx-en-Velin Handball a post\u00e9 un appel au don&nbsp;sur Facebook pour faire face au Covid-19. &nbsp; Une id\u00e9e n\u00e9e du &hellip;","og_url":"https:\/\/lyonbondyblog.fr\/LBB\/asul-vaulx-en-velin-handball-appel-a-la-solidarite-sur-facebook\/","og_site_name":"Lyon Bondy Blog","article_publisher":"https:\/\/www.facebook.com\/lyonbondyblog","article_published_time":"2020-06-07T15:03:48+00:00","article_modified_time":"2020-06-15T12:11:14+00:00","og_image":[{"width":200,"height":200,"url":"https:\/\/lyonbondyblog.fr\/LBB\/wp-content\/uploads\/2020\/06\/Logo-ASUL-Vaulx-en-Velin-Handball-1.png","type":"image\/png"}],"author":"Jade Lagnier","twitter_card":"summary_large_image","twitter_creator":"@bondybloglyon","twitter_site":"@bondybloglyon","schema":{"@context":"https:\/\/schema.org","@graph":[{"@type":"Article","@id":"https:\/\/lyonbondyblog.fr\/LBB\/asul-vaulx-en-velin-handball-appel-a-la-solidarite-sur-facebook\/#article","isPartOf":{"@id":"https:\/\/lyonbondyblog.fr\/LBB\/asul-vaulx-en-velin-handball-appel-a-la-solidarite-sur-facebook\/"},"author":{"name":"Jade Lagnier","@id":"https:\/\/lyonbondyblog.fr\/LBB\/#\/schema\/person\/815584c75944ee266fb51813c1adc31b"},"headline":"ASUL Vaulx-en-Velin Handball appel \u00e0 la solidarit\u00e9 sur Facebook","datePublished":"2020-06-07T15:03:48+00:00","dateModified":"2020-06-15T12:11:14+00:00","mainEntityOfPage":{"@id":"https:\/\/lyonbondyblog.fr\/LBB\/asul-vaulx-en-velin-handball-appel-a-la-solidarite-sur-facebook\/"},"wordCount":75,"commentCount":0,"publisher":{"@id":"https:\/\/lyonbondyblog.fr\/LBB\/#organization"},"image":{"@id":"https:\/\/lyonbondyblog.fr\/LBB\/asul-vaulx-en-velin-handball-appel-a-la-solidarite-sur-facebook\/#primaryimage"},"thumbnailUrl":"https:\/\/lyonbondyblog.fr\/LBB\/wp-content\/uploads\/2020\/06\/Logo-ASUL-Vaulx-en-Velin-Handball-1.png","articleSection":["Lyon","Sport"],"inLanguage":"fr-FR","potentialAction":[{"@type":"CommentAction","name":"Comment","target":["https:\/\/lyonbondyblog.fr\/LBB\/asul-vaulx-en-velin-handball-appel-a-la-solidarite-sur-facebook\/#respond"]}]},{"@type":"WebPage","@id":"https:\/\/lyonbondyblog.fr\/LBB\/asul-vaulx-en-velin-handball-appel-a-la-solidarite-sur-facebook\/","url":"https:\/\/lyonbondyblog.fr\/LBB\/asul-vaulx-en-velin-handball-appel-a-la-solidarite-sur-facebook\/","name":"ASUL Vaulx-en-Velin Handball appel \u00e0 la solidarit\u00e9 sur Facebook - Lyon Bondy Blog","isPartOf":{"@id":"https:\/\/lyonbondyblog.fr\/LBB\/#website"},"primaryImageOfPage":{"@id":"https:\/\/lyonbondyblog.fr\/LBB\/asul-vaulx-en-velin-handball-appel-a-la-solidarite-sur-facebook\/#primaryimage"},"image":{"@id":"https:\/\/lyonbondyblog.fr\/LBB\/asul-vaulx-en-velin-handball-appel-a-la-solidarite-sur-facebook\/#primaryimage"},"thumbnailUrl":"https:\/\/lyonbondyblog.fr\/LBB\/wp-content\/uploads\/2020\/06\/Logo-ASUL-Vaulx-en-Velin-Handball-1.png","datePublished":"2020-06-07T15:03:48+00:00","dateModified":"2020-06-15T12:11:14+00:00","inLanguage":"fr-FR","potentialAction":[{"@type":"ReadAction","target":["https:\/\/lyonbondyblog.fr\/LBB\/asul-vaulx-en-velin-handball-appel-a-la-solidarite-sur-facebook\/"]}]},{"@type":"ImageObject","inLanguage":"fr-FR","@id":"https:\/\/lyonbondyblog.fr\/LBB\/asul-vaulx-en-velin-handball-appel-a-la-solidarite-sur-facebook\/#primaryimage","url":"https:\/\/lyonbondyblog.fr\/LBB\/wp-content\/uploads\/2020\/06\/Logo-ASUL-Vaulx-en-Velin-Handball-1.png","contentUrl":"https:\/\/lyonbondyblog.fr\/LBB\/wp-content\/uploads\/2020\/06\/Logo-ASUL-Vaulx-en-Velin-Handball-1.png","width":200,"height":200},{"@type":"WebSite","@id":"https:\/\/lyonbondyblog.fr\/LBB\/#website","url":"https:\/\/lyonbondyblog.fr\/LBB\/","name":"Lyon Bondy Blog","description":"","publisher":{"@id":"https:\/\/lyonbondyblog.fr\/LBB\/#organization"},"potentialAction":[{"@type":"SearchAction","target":{"@type":"EntryPoint","urlTemplate":"https:\/\/lyonbondyblog.fr\/LBB\/?s={search_term_string}"},"query-input":"required name=search_term_string"}],"inLanguage":"fr-FR"},{"@type":"Organization","@id":"https:\/\/lyonbondyblog.fr\/LBB\/#organization","name":"LYON BONDY BLOG","url":"https:\/\/lyonbondyblog.fr\/LBB\/","logo":{"@type":"ImageObject","inLanguage":"fr-FR","@id":"https:\/\/lyonbondyblog.fr\/LBB\/#\/schema\/logo\/image\/","url":"http:\/\/lyonbondyblog.fr\/LBB\/wp-content\/uploads\/2014\/10\/logo-portable-144.png","contentUrl":"http:\/\/lyonbondyblog.fr\/LBB\/wp-content\/uploads\/2014\/10\/logo-portable-144.png","width":144,"height":123,"caption":"LYON BONDY BLOG"},"image":{"@id":"https:\/\/lyonbondyblog.fr\/LBB\/#\/schema\/logo\/image\/"},"sameAs":["https:\/\/www.facebook.com\/lyonbondyblog","https:\/\/x.com\/bondybloglyon"]},{"@type":"Person","@id":"https:\/\/lyonbondyblog.fr\/LBB\/#\/schema\/person\/815584c75944ee266fb51813c1adc31b","name":"Jade Lagnier","url":"https:\/\/lyonbondyblog.fr\/LBB\/author\/jadelagnier\/"}]}},"_links":{"self":[{"href":"https:\/\/lyonbondyblog.fr\/LBB\/wp-json\/wp\/v2\/posts\/19943","targetHints":{"allow":["GET"]}}],"collection":[{"href":"https:\/\/lyonbondyblog.fr\/LBB\/wp-json\/wp\/v2\/posts"}],"about":[{"href":"https:\/\/lyonbondyblog.fr\/LBB\/wp-json\/wp\/v2\/types\/post"}],"author":[{"embeddable":true,"href":"https:\/\/lyonbondyblog.fr\/LBB\/wp-json\/wp\/v2\/users\/25371"}],"replies":[{"embeddable":true,"href":"https:\/\/lyonbondyblog.fr\/LBB\/wp-json\/wp\/v2\/comments?post=19943"}],"version-history":[{"count":12,"href":"https:\/\/lyonbondyblog.fr\/LBB\/wp-json\/wp\/v2\/posts\/19943\/revisions"}],"predecessor-version":[{"id":20009,"href":"https:\/\/lyonbondyblog.fr\/LBB\/wp-json\/wp\/v2\/posts\/19943\/revisions\/20009"}],"wp:featuredmedia":[{"embeddable":true,"href":"https:\/\/lyonbondyblog.fr\/LBB\/wp-json\/wp\/v2\/media\/19951"}],"wp:attachment":[{"href":"https:\/\/lyonbondyblog.fr\/LBB\/wp-json\/wp\/v2\/media?parent=19943"}],"wp:term":[{"taxonomy":"category","embeddable":true,"href":"https:\/\/lyonbondyblog.fr\/LBB\/wp-json\/wp\/v2\/categories?post=19943"},{"taxonomy":"post_tag","embeddable":true,"href":"https:\/\/lyonbondyblog.fr\/LBB\/wp-json\/wp\/v2\/tags?post=19943"}],"curies":[{"name":"wp","href":"https:\/\/api.w.org\/{rel}","templated":true}]}}