{"id":19679,"date":"2020-04-15T16:19:48","date_gmt":"2020-04-15T14:19:48","guid":{"rendered":"http:\/\/lyonbondyblog.fr\/LBB\/?p=19679"},"modified":"2020-05-04T14:55:34","modified_gmt":"2020-05-04T12:55:34","slug":"scd-le-togo-face-aux-defis-poses-par-les-objectifs-de-developpement-durable","status":"publish","type":"post","link":"https:\/\/lyonbondyblog.fr\/LBB\/scd-le-togo-face-aux-defis-poses-par-les-objectifs-de-developpement-durable\/","title":{"rendered":"[SCD] Le Togo face aux d\u00e9fis pos\u00e9s par les Objectifs de D\u00e9veloppement Durable"},"content":{"rendered":"<p>R\u00e9\u00e9lu d\u00e8s le premier tour de la pr\u00e9sidentielle, le pr\u00e9sident togolais Faure Gnassingb\u00e9 a fait \u201cun coup KO\u201d, comme on dit en Afrique de l\u2019Ouest. Alors que sa famille r\u00e8gne depuis cinquante-trois ans sur le pays, sera-t-il en mesure de relever les d\u00e9fis immenses auxquels est aujourd\u2019hui confront\u00e9 le Togo, notamment ceux pos\u00e9s par les fameux Objectifs de D\u00e9veloppement Durable et l\u2019Agenda 2030&nbsp;?<\/p>\n<p>M\u00e9connu et peu m\u00e9diatique, le Togo est l\u2019un des plus petits Etats Africains. Situ\u00e9 dans le golfe de Guin\u00e9e, en Afrique de l\u2019Ouest, sa population est estim\u00e9e \u00e0 environ 8,6 millions d\u2019habitants. Il est le 11eme pays le plus pauvre du monde et plus de la moiti\u00e9 de ses habitants vivent de dessous du seuil de pauvret\u00e9.<\/p>\n<p>Selon le gouvernement togolais, le Plan National de D\u00e9veloppement (PND) 2018-2022 devrait contribuer significativement \u00e0 la r\u00e9alisation des Objectifs de D\u00e9veloppement Durable (ODD).<\/p>\n<p>Engag\u00e9, au m\u00eame titre que les 196\u2026 Etats des Nations dans la r\u00e9alisation des ODD, le Togo fait face \u00e0 de nombreuses difficult\u00e9s structurelles. Le 3 ao\u00fbt 2018, le gouvernement togolais a d\u2019ailleurs lanc\u00e9 le Plan National de D\u00e9veloppement (PND) 2018-2022, ayant pour objectif d\u2019amorcer des transformations \u00e9conomiques profondes, et notamment de moderniser certaines infrastructures.<\/p>\n<p>Certains questionnements avaient \u00e9t\u00e9 formul\u00e9s au chef d\u2019Etat quant \u00e0 la contribution du PND dans la r\u00e9alisation des Objectifs de D\u00e9veloppement Durable. Parmi les 169 cibles des ODD, le PND en int\u00e8gre environ une cinquantaine. Outre les priorit\u00e9s \u00e9conomiques auxquelles font face le Togo, la r\u00e9alisation de trois ODD demeurent des pr\u00e9occupations majeures pour la population&nbsp;: l\u2019ODD 6 (eau et assainissement)&nbsp;; l\u2019ODD 4 ( acc\u00e8s \u00e0 une \u00e9ducation de qualit\u00e9) et l\u2019ODD 5 (\u00e9galit\u00e9 entre les sexes).<\/p>\n<p><img loading=\"lazy\" decoding=\"async\" class=\"size-full wp-image-19682 aligncenter\" src=\"https:\/\/lyonbondyblog.fr\/LBB\/wp-content\/uploads\/2020\/04\/srusru.png\" alt=\"\" width=\"315\" height=\"315\" srcset=\"https:\/\/lyonbondyblog.fr\/LBB\/wp-content\/uploads\/2020\/04\/srusru.png 315w, https:\/\/lyonbondyblog.fr\/LBB\/wp-content\/uploads\/2020\/04\/srusru-150x150.png 150w\" sizes=\"auto, (max-width: 315px) 100vw, 315px\" \/><\/p>\n<p><img loading=\"lazy\" decoding=\"async\" class=\"size-full wp-image-19680 aligncenter\" src=\"https:\/\/lyonbondyblog.fr\/LBB\/wp-content\/uploads\/2020\/04\/stgerjrw.png\" alt=\"\" width=\"318\" height=\"318\" srcset=\"https:\/\/lyonbondyblog.fr\/LBB\/wp-content\/uploads\/2020\/04\/stgerjrw.png 318w, https:\/\/lyonbondyblog.fr\/LBB\/wp-content\/uploads\/2020\/04\/stgerjrw-150x150.png 150w\" sizes=\"auto, (max-width: 318px) 100vw, 318px\" \/><\/p>\n<p><img loading=\"lazy\" decoding=\"async\" class=\"size-full wp-image-19681 aligncenter\" src=\"https:\/\/lyonbondyblog.fr\/LBB\/wp-content\/uploads\/2020\/04\/qsgwerjxrtj.png\" alt=\"\" width=\"310\" height=\"310\" srcset=\"https:\/\/lyonbondyblog.fr\/LBB\/wp-content\/uploads\/2020\/04\/qsgwerjxrtj.png 310w, https:\/\/lyonbondyblog.fr\/LBB\/wp-content\/uploads\/2020\/04\/qsgwerjxrtj-150x150.png 150w\" sizes=\"auto, (max-width: 310px) 100vw, 310px\" \/><\/p>\n<p>&nbsp;<\/p>\n<p>Il faut savoir que la gestion des ordures est pratiquement inexistante surtout au nord du pays et qu\u2019en moyenne seulement 11% des m\u00e9nages ont acc\u00e8s \u00e0 des toilettes. Ainsi la Soci\u00e9t\u00e9 Togolaise des Eaux (TdE) s\u2019est saisie de cette probl\u00e9matique et s\u2019est sp\u00e9cialis\u00e9e dans la gestion de l\u2019eau et de l\u2019assainissement. Cr\u00e9\u00e9e en 1964, elle s\u2019est fix\u00e9e comme mission la mise \u00e0 disposition d\u2019une eau de qualit\u00e9, en quantit\u00e9 suffisante et \u00e0 moindre co\u00fbt pour le plus grand nombre de foyer. Toutefois, cette soci\u00e9t\u00e9 fonctionne sur le principe d\u2019abonnement des m\u00e9nages \u00e0 ce dispositif et une bonne communication autour de ce projet reste compliqu\u00e9e \u00e0 mettre en place.<\/p>\n<p>Cette difficult\u00e9 renvoie, en partie, au taux d\u2019alphab\u00e9tisation qui est encore tr\u00e8s \u00e9lev\u00e9 au Togo. Il demeure tr\u00e8s touch\u00e9 par des disparit\u00e9s r\u00e9gionales en termes d\u2019\u00e9ducation notamment entre les villes et les campagnes. Les donn\u00e9es recens\u00e9es sur la mesure du taux d\u2019alphab\u00e9tisation au Togo sont relativement anciennes et n\u2019ont pas \u00e9t\u00e9 actualis\u00e9es depuis 2011. A cette \u00e9poque, l\u2019analphab\u00e9tisme touchait environ 43,3% de jeunes et d\u2019adultes de 15 \u00e0 44 ans, dont plus des deux-tiers \u00e9taient des femmes.<\/p>\n<p>Ce chiffre refl\u00e8te un probl\u00e8me majeur et structurel de la soci\u00e9t\u00e9 togolaise. Alors que le protocole de Maputo, initi\u00e9 en 2005, avait pour objectif de garantir le droit des femmes et l\u2019\u00e9galit\u00e9 sociale et politique, les m\u0153urs peinent \u00e0 changer. La femme est toujours et encore consid\u00e9r\u00e9e comme le sexe faible et ne dispose ainsi pas du m\u00eame acc\u00e8s que les hommes \u00e0 l\u2019\u00e9ducation ni m\u00eame au titre foncier ou encore \u00e0 l\u2019ind\u00e9pendance financi\u00e8re. Et elles sont encore trop nombreuses \u00e0 subir des violences physiques et\/ ou sexuelles ainsi que des mariages pr\u00e9coces, forc\u00e9 et polygame.<\/p>\n<p>Le Plan National de D\u00e9veloppement mise ainsi sur des avanc\u00e9es \u00e9conomiques afin d\u2019inscrire le Togo comme une puissance r\u00e9gionale mais semble encore laisser de c\u00f4t\u00e9 certaines th\u00e9matiques de d\u00e9veloppement durable et social.&nbsp; Il semblerait, au m\u00eame titre que tous les autres pays confront\u00e9s aux Objectifs du D\u00e9veloppement Durable, que ce soient majoritairement les associations locales et la soci\u00e9t\u00e9 civile qui n\u00e9cessitent de b\u00e2tir une intelligence collective afin d\u2019initier une \u00e9volution des m\u0153urs en termes d\u2019\u00e9galit\u00e9.<\/p>\n<p><em>Article r\u00e9dig\u00e9 par Camille Nicola\u00ef, Antoine Lelarge et Myriam Cappello, de l\u2019association SCD.<\/em><\/p>\n<p>Cet article a \u00e9t\u00e9 produit avec l\u2019aide financi\u00e8re de l\u2019Union europ\u00e9enne. Le contenu de ce document rel\u00e8ve de la seule responsabilit\u00e9 du b\u00e9n\u00e9ficiaire et ne peut en aucun cas \u00eatre consid\u00e9r\u00e9 comme refl\u00e9tant la position de l\u2019Union europ\u00e9enne.<\/p>\n<p><img loading=\"lazy\" decoding=\"async\" class=\"size-full wp-image-19762 aligncenter\" src=\"https:\/\/lyonbondyblog.fr\/LBB\/wp-content\/uploads\/2020\/02\/SCD.jpg\" alt=\"\" width=\"655\" height=\"165\" srcset=\"https:\/\/lyonbondyblog.fr\/LBB\/wp-content\/uploads\/2020\/02\/SCD.jpg 655w, https:\/\/lyonbondyblog.fr\/LBB\/wp-content\/uploads\/2020\/02\/SCD-600x151.jpg 600w\" sizes=\"auto, (max-width: 655px) 100vw, 655px\" \/><\/p>\n<!-- AddThis Advanced Settings generic via filter on the_content --><!-- AddThis Share Buttons generic via filter on the_content -->","protected":false},"excerpt":{"rendered":"<p>R\u00e9\u00e9lu d\u00e8s le premier tour de la pr\u00e9sidentielle, le pr\u00e9sident togolais Faure Gnassingb\u00e9 a fait \u201cun coup KO\u201d, comme on dit en Afrique de l\u2019Ouest. &hellip; <!-- AddThis Advanced Settings generic via filter on wp_trim_excerpt --><!-- AddThis Share Buttons generic via filter on wp_trim_excerpt --><\/p>\n","protected":false},"author":1,"featured_media":19683,"comment_status":"open","ping_status":"open","sticky":false,"template":"","format":"standard","meta":{"_FSMCFIC_featured_image_caption":"","_FSMCFIC_featured_image_nocaption":"","_FSMCFIC_featured_image_hide":"","footnotes":""},"categories":[4096],"tags":[],"class_list":["post-19679","post","type-post","status-publish","format-standard","has-post-thumbnail","hentry","category-journalisme"],"yoast_head":"<!-- This site is optimized with the Yoast SEO plugin v22.8 - https:\/\/yoast.com\/wordpress\/plugins\/seo\/ -->\n<title>[SCD] Le Togo face aux d\u00e9fis pos\u00e9s par les Objectifs de D\u00e9veloppement Durable - Lyon Bondy Blog<\/title>\n<meta name=\"robots\" content=\"index, follow, max-snippet:-1, max-image-preview:large, max-video-preview:-1\" \/>\n<link rel=\"canonical\" href=\"https:\/\/lyonbondyblog.fr\/LBB\/scd-le-togo-face-aux-defis-poses-par-les-objectifs-de-developpement-durable\/\" \/>\n<meta property=\"og:locale\" content=\"fr_FR\" \/>\n<meta property=\"og:type\" content=\"article\" \/>\n<meta property=\"og:title\" content=\"[SCD] Le Togo face aux d\u00e9fis pos\u00e9s par les Objectifs de D\u00e9veloppement Durable - Lyon Bondy Blog\" \/>\n<meta property=\"og:description\" content=\"R\u00e9\u00e9lu d\u00e8s le premier tour de la pr\u00e9sidentielle, le pr\u00e9sident togolais Faure Gnassingb\u00e9 a fait \u201cun coup KO\u201d, comme on dit en Afrique de l\u2019Ouest. &hellip;\" \/>\n<meta property=\"og:url\" content=\"https:\/\/lyonbondyblog.fr\/LBB\/scd-le-togo-face-aux-defis-poses-par-les-objectifs-de-developpement-durable\/\" \/>\n<meta property=\"og:site_name\" content=\"Lyon Bondy Blog\" \/>\n<meta property=\"article:publisher\" content=\"https:\/\/www.facebook.com\/lyonbondyblog\" \/>\n<meta property=\"article:author\" content=\"https:\/\/www.facebook.com\/lyonbondyblog\" \/>\n<meta property=\"article:published_time\" content=\"2020-04-15T14:19:48+00:00\" \/>\n<meta property=\"article:modified_time\" content=\"2020-05-04T12:55:34+00:00\" \/>\n<meta property=\"og:image\" content=\"https:\/\/lyonbondyblog.fr\/LBB\/wp-content\/uploads\/2020\/04\/esgreh.png\" \/>\n\t<meta property=\"og:image:width\" content=\"748\" \/>\n\t<meta property=\"og:image:height\" content=\"864\" \/>\n\t<meta property=\"og:image:type\" content=\"image\/png\" \/>\n<meta name=\"author\" content=\"La r\u00e9daction\" \/>\n<meta name=\"twitter:card\" content=\"summary_large_image\" \/>\n<meta name=\"twitter:creator\" content=\"@BondyBlogLyon\" \/>\n<meta name=\"twitter:site\" content=\"@bondybloglyon\" \/>\n<script type=\"application\/ld+json\" class=\"yoast-schema-graph\">{\"@context\":\"https:\/\/schema.org\",\"@graph\":[{\"@type\":\"Article\",\"@id\":\"https:\/\/lyonbondyblog.fr\/LBB\/scd-le-togo-face-aux-defis-poses-par-les-objectifs-de-developpement-durable\/#article\",\"isPartOf\":{\"@id\":\"https:\/\/lyonbondyblog.fr\/LBB\/scd-le-togo-face-aux-defis-poses-par-les-objectifs-de-developpement-durable\/\"},\"author\":{\"name\":\"La r\u00e9daction\",\"@id\":\"https:\/\/lyonbondyblog.fr\/LBB\/#\/schema\/person\/e45f8d27baac75072daa0be50c409b25\"},\"headline\":\"[SCD] Le Togo face aux d\u00e9fis pos\u00e9s par les Objectifs de D\u00e9veloppement Durable\",\"datePublished\":\"2020-04-15T14:19:48+00:00\",\"dateModified\":\"2020-05-04T12:55:34+00:00\",\"mainEntityOfPage\":{\"@id\":\"https:\/\/lyonbondyblog.fr\/LBB\/scd-le-togo-face-aux-defis-poses-par-les-objectifs-de-developpement-durable\/\"},\"wordCount\":791,\"commentCount\":0,\"publisher\":{\"@id\":\"https:\/\/lyonbondyblog.fr\/LBB\/#organization\"},\"image\":{\"@id\":\"https:\/\/lyonbondyblog.fr\/LBB\/scd-le-togo-face-aux-defis-poses-par-les-objectifs-de-developpement-durable\/#primaryimage\"},\"thumbnailUrl\":\"https:\/\/lyonbondyblog.fr\/LBB\/wp-content\/uploads\/2020\/04\/esgreh.png\",\"articleSection\":[\"Journalisme\"],\"inLanguage\":\"fr-FR\",\"potentialAction\":[{\"@type\":\"CommentAction\",\"name\":\"Comment\",\"target\":[\"https:\/\/lyonbondyblog.fr\/LBB\/scd-le-togo-face-aux-defis-poses-par-les-objectifs-de-developpement-durable\/#respond\"]}]},{\"@type\":\"WebPage\",\"@id\":\"https:\/\/lyonbondyblog.fr\/LBB\/scd-le-togo-face-aux-defis-poses-par-les-objectifs-de-developpement-durable\/\",\"url\":\"https:\/\/lyonbondyblog.fr\/LBB\/scd-le-togo-face-aux-defis-poses-par-les-objectifs-de-developpement-durable\/\",\"name\":\"[SCD] Le Togo face aux d\u00e9fis pos\u00e9s par les Objectifs de D\u00e9veloppement Durable - Lyon Bondy Blog\",\"isPartOf\":{\"@id\":\"https:\/\/lyonbondyblog.fr\/LBB\/#website\"},\"primaryImageOfPage\":{\"@id\":\"https:\/\/lyonbondyblog.fr\/LBB\/scd-le-togo-face-aux-defis-poses-par-les-objectifs-de-developpement-durable\/#primaryimage\"},\"image\":{\"@id\":\"https:\/\/lyonbondyblog.fr\/LBB\/scd-le-togo-face-aux-defis-poses-par-les-objectifs-de-developpement-durable\/#primaryimage\"},\"thumbnailUrl\":\"https:\/\/lyonbondyblog.fr\/LBB\/wp-content\/uploads\/2020\/04\/esgreh.png\",\"datePublished\":\"2020-04-15T14:19:48+00:00\",\"dateModified\":\"2020-05-04T12:55:34+00:00\",\"inLanguage\":\"fr-FR\",\"potentialAction\":[{\"@type\":\"ReadAction\",\"target\":[\"https:\/\/lyonbondyblog.fr\/LBB\/scd-le-togo-face-aux-defis-poses-par-les-objectifs-de-developpement-durable\/\"]}]},{\"@type\":\"ImageObject\",\"inLanguage\":\"fr-FR\",\"@id\":\"https:\/\/lyonbondyblog.fr\/LBB\/scd-le-togo-face-aux-defis-poses-par-les-objectifs-de-developpement-durable\/#primaryimage\",\"url\":\"https:\/\/lyonbondyblog.fr\/LBB\/wp-content\/uploads\/2020\/04\/esgreh.png\",\"contentUrl\":\"https:\/\/lyonbondyblog.fr\/LBB\/wp-content\/uploads\/2020\/04\/esgreh.png\",\"width\":748,\"height\":864},{\"@type\":\"WebSite\",\"@id\":\"https:\/\/lyonbondyblog.fr\/LBB\/#website\",\"url\":\"https:\/\/lyonbondyblog.fr\/LBB\/\",\"name\":\"Lyon Bondy Blog\",\"description\":\"\",\"publisher\":{\"@id\":\"https:\/\/lyonbondyblog.fr\/LBB\/#organization\"},\"potentialAction\":[{\"@type\":\"SearchAction\",\"target\":{\"@type\":\"EntryPoint\",\"urlTemplate\":\"https:\/\/lyonbondyblog.fr\/LBB\/?s={search_term_string}\"},\"query-input\":\"required name=search_term_string\"}],\"inLanguage\":\"fr-FR\"},{\"@type\":\"Organization\",\"@id\":\"https:\/\/lyonbondyblog.fr\/LBB\/#organization\",\"name\":\"LYON BONDY BLOG\",\"url\":\"https:\/\/lyonbondyblog.fr\/LBB\/\",\"logo\":{\"@type\":\"ImageObject\",\"inLanguage\":\"fr-FR\",\"@id\":\"https:\/\/lyonbondyblog.fr\/LBB\/#\/schema\/logo\/image\/\",\"url\":\"http:\/\/lyonbondyblog.fr\/LBB\/wp-content\/uploads\/2014\/10\/logo-portable-144.png\",\"contentUrl\":\"http:\/\/lyonbondyblog.fr\/LBB\/wp-content\/uploads\/2014\/10\/logo-portable-144.png\",\"width\":144,\"height\":123,\"caption\":\"LYON BONDY BLOG\"},\"image\":{\"@id\":\"https:\/\/lyonbondyblog.fr\/LBB\/#\/schema\/logo\/image\/\"},\"sameAs\":[\"https:\/\/www.facebook.com\/lyonbondyblog\",\"https:\/\/x.com\/bondybloglyon\"]},{\"@type\":\"Person\",\"@id\":\"https:\/\/lyonbondyblog.fr\/LBB\/#\/schema\/person\/e45f8d27baac75072daa0be50c409b25\",\"name\":\"La r\u00e9daction\",\"description\":\"Cr\u00e9e en 2008, la r\u00e9daction du Lyon Bondy Blog s'applique \u00e0 proposer une information locale diff\u00e9rente et compl\u00e9mentaire des m\u00e9dias traditionnels.\",\"sameAs\":[\"https:\/\/www.facebook.com\/lyonbondyblog\",\"https:\/\/x.com\/BondyBlogLyon\"],\"url\":\"https:\/\/lyonbondyblog.fr\/LBB\/author\/admin\/\"}]}<\/script>\n<!-- \/ Yoast SEO plugin. -->","yoast_head_json":{"title":"[SCD] Le Togo face aux d\u00e9fis pos\u00e9s par les Objectifs de D\u00e9veloppement Durable - Lyon Bondy Blog","robots":{"index":"index","follow":"follow","max-snippet":"max-snippet:-1","max-image-preview":"max-image-preview:large","max-video-preview":"max-video-preview:-1"},"canonical":"https:\/\/lyonbondyblog.fr\/LBB\/scd-le-togo-face-aux-defis-poses-par-les-objectifs-de-developpement-durable\/","og_locale":"fr_FR","og_type":"article","og_title":"[SCD] Le Togo face aux d\u00e9fis pos\u00e9s par les Objectifs de D\u00e9veloppement Durable - Lyon Bondy Blog","og_description":"R\u00e9\u00e9lu d\u00e8s le premier tour de la pr\u00e9sidentielle, le pr\u00e9sident togolais Faure Gnassingb\u00e9 a fait \u201cun coup KO\u201d, comme on dit en Afrique de l\u2019Ouest. &hellip;","og_url":"https:\/\/lyonbondyblog.fr\/LBB\/scd-le-togo-face-aux-defis-poses-par-les-objectifs-de-developpement-durable\/","og_site_name":"Lyon Bondy Blog","article_publisher":"https:\/\/www.facebook.com\/lyonbondyblog","article_author":"https:\/\/www.facebook.com\/lyonbondyblog","article_published_time":"2020-04-15T14:19:48+00:00","article_modified_time":"2020-05-04T12:55:34+00:00","og_image":[{"width":748,"height":864,"url":"https:\/\/lyonbondyblog.fr\/LBB\/wp-content\/uploads\/2020\/04\/esgreh.png","type":"image\/png"}],"author":"La r\u00e9daction","twitter_card":"summary_large_image","twitter_creator":"@BondyBlogLyon","twitter_site":"@bondybloglyon","schema":{"@context":"https:\/\/schema.org","@graph":[{"@type":"Article","@id":"https:\/\/lyonbondyblog.fr\/LBB\/scd-le-togo-face-aux-defis-poses-par-les-objectifs-de-developpement-durable\/#article","isPartOf":{"@id":"https:\/\/lyonbondyblog.fr\/LBB\/scd-le-togo-face-aux-defis-poses-par-les-objectifs-de-developpement-durable\/"},"author":{"name":"La r\u00e9daction","@id":"https:\/\/lyonbondyblog.fr\/LBB\/#\/schema\/person\/e45f8d27baac75072daa0be50c409b25"},"headline":"[SCD] Le Togo face aux d\u00e9fis pos\u00e9s par les Objectifs de D\u00e9veloppement Durable","datePublished":"2020-04-15T14:19:48+00:00","dateModified":"2020-05-04T12:55:34+00:00","mainEntityOfPage":{"@id":"https:\/\/lyonbondyblog.fr\/LBB\/scd-le-togo-face-aux-defis-poses-par-les-objectifs-de-developpement-durable\/"},"wordCount":791,"commentCount":0,"publisher":{"@id":"https:\/\/lyonbondyblog.fr\/LBB\/#organization"},"image":{"@id":"https:\/\/lyonbondyblog.fr\/LBB\/scd-le-togo-face-aux-defis-poses-par-les-objectifs-de-developpement-durable\/#primaryimage"},"thumbnailUrl":"https:\/\/lyonbondyblog.fr\/LBB\/wp-content\/uploads\/2020\/04\/esgreh.png","articleSection":["Journalisme"],"inLanguage":"fr-FR","potentialAction":[{"@type":"CommentAction","name":"Comment","target":["https:\/\/lyonbondyblog.fr\/LBB\/scd-le-togo-face-aux-defis-poses-par-les-objectifs-de-developpement-durable\/#respond"]}]},{"@type":"WebPage","@id":"https:\/\/lyonbondyblog.fr\/LBB\/scd-le-togo-face-aux-defis-poses-par-les-objectifs-de-developpement-durable\/","url":"https:\/\/lyonbondyblog.fr\/LBB\/scd-le-togo-face-aux-defis-poses-par-les-objectifs-de-developpement-durable\/","name":"[SCD] Le Togo face aux d\u00e9fis pos\u00e9s par les Objectifs de D\u00e9veloppement Durable - Lyon Bondy Blog","isPartOf":{"@id":"https:\/\/lyonbondyblog.fr\/LBB\/#website"},"primaryImageOfPage":{"@id":"https:\/\/lyonbondyblog.fr\/LBB\/scd-le-togo-face-aux-defis-poses-par-les-objectifs-de-developpement-durable\/#primaryimage"},"image":{"@id":"https:\/\/lyonbondyblog.fr\/LBB\/scd-le-togo-face-aux-defis-poses-par-les-objectifs-de-developpement-durable\/#primaryimage"},"thumbnailUrl":"https:\/\/lyonbondyblog.fr\/LBB\/wp-content\/uploads\/2020\/04\/esgreh.png","datePublished":"2020-04-15T14:19:48+00:00","dateModified":"2020-05-04T12:55:34+00:00","inLanguage":"fr-FR","potentialAction":[{"@type":"ReadAction","target":["https:\/\/lyonbondyblog.fr\/LBB\/scd-le-togo-face-aux-defis-poses-par-les-objectifs-de-developpement-durable\/"]}]},{"@type":"ImageObject","inLanguage":"fr-FR","@id":"https:\/\/lyonbondyblog.fr\/LBB\/scd-le-togo-face-aux-defis-poses-par-les-objectifs-de-developpement-durable\/#primaryimage","url":"https:\/\/lyonbondyblog.fr\/LBB\/wp-content\/uploads\/2020\/04\/esgreh.png","contentUrl":"https:\/\/lyonbondyblog.fr\/LBB\/wp-content\/uploads\/2020\/04\/esgreh.png","width":748,"height":864},{"@type":"WebSite","@id":"https:\/\/lyonbondyblog.fr\/LBB\/#website","url":"https:\/\/lyonbondyblog.fr\/LBB\/","name":"Lyon Bondy Blog","description":"","publisher":{"@id":"https:\/\/lyonbondyblog.fr\/LBB\/#organization"},"potentialAction":[{"@type":"SearchAction","target":{"@type":"EntryPoint","urlTemplate":"https:\/\/lyonbondyblog.fr\/LBB\/?s={search_term_string}"},"query-input":"required name=search_term_string"}],"inLanguage":"fr-FR"},{"@type":"Organization","@id":"https:\/\/lyonbondyblog.fr\/LBB\/#organization","name":"LYON BONDY BLOG","url":"https:\/\/lyonbondyblog.fr\/LBB\/","logo":{"@type":"ImageObject","inLanguage":"fr-FR","@id":"https:\/\/lyonbondyblog.fr\/LBB\/#\/schema\/logo\/image\/","url":"http:\/\/lyonbondyblog.fr\/LBB\/wp-content\/uploads\/2014\/10\/logo-portable-144.png","contentUrl":"http:\/\/lyonbondyblog.fr\/LBB\/wp-content\/uploads\/2014\/10\/logo-portable-144.png","width":144,"height":123,"caption":"LYON BONDY BLOG"},"image":{"@id":"https:\/\/lyonbondyblog.fr\/LBB\/#\/schema\/logo\/image\/"},"sameAs":["https:\/\/www.facebook.com\/lyonbondyblog","https:\/\/x.com\/bondybloglyon"]},{"@type":"Person","@id":"https:\/\/lyonbondyblog.fr\/LBB\/#\/schema\/person\/e45f8d27baac75072daa0be50c409b25","name":"La r\u00e9daction","description":"Cr\u00e9e en 2008, la r\u00e9daction du Lyon Bondy Blog s'applique \u00e0 proposer une information locale diff\u00e9rente et compl\u00e9mentaire des m\u00e9dias traditionnels.","sameAs":["https:\/\/www.facebook.com\/lyonbondyblog","https:\/\/x.com\/BondyBlogLyon"],"url":"https:\/\/lyonbondyblog.fr\/LBB\/author\/admin\/"}]}},"_links":{"self":[{"href":"https:\/\/lyonbondyblog.fr\/LBB\/wp-json\/wp\/v2\/posts\/19679","targetHints":{"allow":["GET"]}}],"collection":[{"href":"https:\/\/lyonbondyblog.fr\/LBB\/wp-json\/wp\/v2\/posts"}],"about":[{"href":"https:\/\/lyonbondyblog.fr\/LBB\/wp-json\/wp\/v2\/types\/post"}],"author":[{"embeddable":true,"href":"https:\/\/lyonbondyblog.fr\/LBB\/wp-json\/wp\/v2\/users\/1"}],"replies":[{"embeddable":true,"href":"https:\/\/lyonbondyblog.fr\/LBB\/wp-json\/wp\/v2\/comments?post=19679"}],"version-history":[{"count":2,"href":"https:\/\/lyonbondyblog.fr\/LBB\/wp-json\/wp\/v2\/posts\/19679\/revisions"}],"predecessor-version":[{"id":19770,"href":"https:\/\/lyonbondyblog.fr\/LBB\/wp-json\/wp\/v2\/posts\/19679\/revisions\/19770"}],"wp:featuredmedia":[{"embeddable":true,"href":"https:\/\/lyonbondyblog.fr\/LBB\/wp-json\/wp\/v2\/media\/19683"}],"wp:attachment":[{"href":"https:\/\/lyonbondyblog.fr\/LBB\/wp-json\/wp\/v2\/media?parent=19679"}],"wp:term":[{"taxonomy":"category","embeddable":true,"href":"https:\/\/lyonbondyblog.fr\/LBB\/wp-json\/wp\/v2\/categories?post=19679"},{"taxonomy":"post_tag","embeddable":true,"href":"https:\/\/lyonbondyblog.fr\/LBB\/wp-json\/wp\/v2\/tags?post=19679"}],"curies":[{"name":"wp","href":"https:\/\/api.w.org\/{rel}","templated":true}]}}