{"id":19579,"date":"2020-04-06T14:11:00","date_gmt":"2020-04-06T12:11:00","guid":{"rendered":"http:\/\/lyonbondyblog.fr\/LBB\/?p=19579"},"modified":"2020-04-06T14:11:00","modified_gmt":"2020-04-06T12:11:00","slug":"lutter-contre-les-violences-conjugales-en-plein-confinement","status":"publish","type":"post","link":"https:\/\/lyonbondyblog.fr\/LBB\/lutter-contre-les-violences-conjugales-en-plein-confinement\/","title":{"rendered":"Lutter contre les violences conjugales en plein confinement"},"content":{"rendered":"<h4>Alors que la France entre dans sa troisi\u00e8me semaine de confinement face \u00e0 la pand\u00e9mie de Covid-19, une certaine forme de violence subsiste et prend de l&rsquo;ampleur, car elle n&rsquo;a pas besoin d&rsquo;\u00eatre en ext\u00e9rieur : la violence faites aux femmes.<\/h4>\n<p>Le 26 mars dernier, Christophe Castaner a annonc\u00e9 une hausse de 32% des violences intra-familiales, et sont ainsi concern\u00e9es les violences conjugales dans ces chiffres.&nbsp; En cette p\u00e9riode de confinement, de nombreuses femmes se retrouvent enferm\u00e9es avec un proche ou un conjoint violent. Malgr\u00e9 l&rsquo;interdiction de sortir librement impos\u00e9e par le gouvernement, des solutions et des moyens de contacter de l&rsquo;aide sont mis en place pour lutter contre les violences conjugales :&nbsp;<\/p>\n<p>-3919 lundi au samedi<br \/>\n&nbsp;-Sms d\u2019alerte possible au 114<br \/>\n&nbsp;-Arretonslesviolences.gouv.fr 24h\/24 avec des policiers form\u00e9s<br \/>\n&nbsp;-Alerte possible dans les pharmacies<br \/>\n&nbsp;-Points d\u2019\u00e9coutes dans des centres commerciaux ouverts devant les hypermarch\u00e9s<br \/>\n&nbsp;-1 million d\u2019euros en plus des subventions habituelles pour soutenir les associations<br \/>\n&nbsp;-20000 nuit\u00e9es d\u2019h\u00f4tel pour prot\u00e9ger les femmes<br \/>\n&nbsp;-Une plateforme pour isoler les conjoints violents<br \/>\n&nbsp;-Un num\u00e9ro le 08 019 019 11 pour \u00e9couter les hommes violents avant le passage \u00e0 l\u2019acte<\/p>\n<p>Faire conna\u00eetre ces mesures c\u2019est sauver des vies. Parlez-en avec vos proches, ne laissez pas la violence se r\u00e9pandre.<\/p>\n<!-- AddThis Advanced Settings generic via filter on the_content --><!-- AddThis Share Buttons generic via filter on the_content -->","protected":false},"excerpt":{"rendered":"<p>Alors que la France entre dans sa troisi\u00e8me semaine de confinement face \u00e0 la pand\u00e9mie de Covid-19, une certaine forme de violence subsiste et prend &hellip; <!-- AddThis Advanced Settings generic via filter on wp_trim_excerpt --><!-- AddThis Share Buttons generic via filter on wp_trim_excerpt --><\/p>\n","protected":false},"author":1,"featured_media":19581,"comment_status":"open","ping_status":"open","sticky":false,"template":"","format":"standard","meta":{"_FSMCFIC_featured_image_caption":"","_FSMCFIC_featured_image_nocaption":"","_FSMCFIC_featured_image_hide":"","footnotes":""},"categories":[2,6506,14149],"tags":[],"class_list":["post-19579","post","type-post","status-publish","format-standard","has-post-thumbnail","hentry","category-societe","category-solidarite","category-violences-conjugales"],"yoast_head":"<!-- This site is optimized with the Yoast SEO plugin v22.8 - https:\/\/yoast.com\/wordpress\/plugins\/seo\/ -->\n<title>Lutter contre les violences conjugales en plein confinement - Lyon Bondy Blog<\/title>\n<meta name=\"robots\" content=\"index, follow, max-snippet:-1, max-image-preview:large, max-video-preview:-1\" \/>\n<link rel=\"canonical\" href=\"https:\/\/lyonbondyblog.fr\/LBB\/lutter-contre-les-violences-conjugales-en-plein-confinement\/\" \/>\n<meta property=\"og:locale\" content=\"fr_FR\" \/>\n<meta property=\"og:type\" content=\"article\" \/>\n<meta property=\"og:title\" content=\"Lutter contre les violences conjugales en plein confinement - Lyon Bondy Blog\" \/>\n<meta property=\"og:description\" content=\"Alors que la France entre dans sa troisi\u00e8me semaine de confinement face \u00e0 la pand\u00e9mie de Covid-19, une certaine forme de violence subsiste et prend &hellip;\" \/>\n<meta property=\"og:url\" content=\"https:\/\/lyonbondyblog.fr\/LBB\/lutter-contre-les-violences-conjugales-en-plein-confinement\/\" \/>\n<meta property=\"og:site_name\" content=\"Lyon Bondy Blog\" \/>\n<meta property=\"article:publisher\" content=\"https:\/\/www.facebook.com\/lyonbondyblog\" \/>\n<meta property=\"article:author\" content=\"https:\/\/www.facebook.com\/lyonbondyblog\" \/>\n<meta property=\"article:published_time\" content=\"2020-04-06T12:11:00+00:00\" \/>\n<meta property=\"og:image\" content=\"https:\/\/lyonbondyblog.fr\/LBB\/wp-content\/uploads\/2020\/04\/photo-1491319669671-30014eb16b8d.jpg\" \/>\n\t<meta property=\"og:image:width\" content=\"1254\" \/>\n\t<meta property=\"og:image:height\" content=\"959\" \/>\n\t<meta property=\"og:image:type\" content=\"image\/jpeg\" \/>\n<meta name=\"author\" content=\"La r\u00e9daction\" \/>\n<meta name=\"twitter:card\" content=\"summary_large_image\" \/>\n<meta name=\"twitter:creator\" content=\"@BondyBlogLyon\" \/>\n<meta name=\"twitter:site\" content=\"@bondybloglyon\" \/>\n<script type=\"application\/ld+json\" class=\"yoast-schema-graph\">{\"@context\":\"https:\/\/schema.org\",\"@graph\":[{\"@type\":\"Article\",\"@id\":\"https:\/\/lyonbondyblog.fr\/LBB\/lutter-contre-les-violences-conjugales-en-plein-confinement\/#article\",\"isPartOf\":{\"@id\":\"https:\/\/lyonbondyblog.fr\/LBB\/lutter-contre-les-violences-conjugales-en-plein-confinement\/\"},\"author\":{\"name\":\"La r\u00e9daction\",\"@id\":\"https:\/\/lyonbondyblog.fr\/LBB\/#\/schema\/person\/e45f8d27baac75072daa0be50c409b25\"},\"headline\":\"Lutter contre les violences conjugales en plein confinement\",\"datePublished\":\"2020-04-06T12:11:00+00:00\",\"dateModified\":\"2020-04-06T12:11:00+00:00\",\"mainEntityOfPage\":{\"@id\":\"https:\/\/lyonbondyblog.fr\/LBB\/lutter-contre-les-violences-conjugales-en-plein-confinement\/\"},\"wordCount\":236,\"commentCount\":0,\"publisher\":{\"@id\":\"https:\/\/lyonbondyblog.fr\/LBB\/#organization\"},\"image\":{\"@id\":\"https:\/\/lyonbondyblog.fr\/LBB\/lutter-contre-les-violences-conjugales-en-plein-confinement\/#primaryimage\"},\"thumbnailUrl\":\"https:\/\/lyonbondyblog.fr\/LBB\/wp-content\/uploads\/2020\/04\/photo-1491319669671-30014eb16b8d.jpg\",\"articleSection\":[\"Soci\u00e9t\u00e9\",\"Solidarit\u00e9\",\"Violences conjugales\"],\"inLanguage\":\"fr-FR\",\"potentialAction\":[{\"@type\":\"CommentAction\",\"name\":\"Comment\",\"target\":[\"https:\/\/lyonbondyblog.fr\/LBB\/lutter-contre-les-violences-conjugales-en-plein-confinement\/#respond\"]}]},{\"@type\":\"WebPage\",\"@id\":\"https:\/\/lyonbondyblog.fr\/LBB\/lutter-contre-les-violences-conjugales-en-plein-confinement\/\",\"url\":\"https:\/\/lyonbondyblog.fr\/LBB\/lutter-contre-les-violences-conjugales-en-plein-confinement\/\",\"name\":\"Lutter contre les violences conjugales en plein confinement - Lyon Bondy Blog\",\"isPartOf\":{\"@id\":\"https:\/\/lyonbondyblog.fr\/LBB\/#website\"},\"primaryImageOfPage\":{\"@id\":\"https:\/\/lyonbondyblog.fr\/LBB\/lutter-contre-les-violences-conjugales-en-plein-confinement\/#primaryimage\"},\"image\":{\"@id\":\"https:\/\/lyonbondyblog.fr\/LBB\/lutter-contre-les-violences-conjugales-en-plein-confinement\/#primaryimage\"},\"thumbnailUrl\":\"https:\/\/lyonbondyblog.fr\/LBB\/wp-content\/uploads\/2020\/04\/photo-1491319669671-30014eb16b8d.jpg\",\"datePublished\":\"2020-04-06T12:11:00+00:00\",\"dateModified\":\"2020-04-06T12:11:00+00:00\",\"inLanguage\":\"fr-FR\",\"potentialAction\":[{\"@type\":\"ReadAction\",\"target\":[\"https:\/\/lyonbondyblog.fr\/LBB\/lutter-contre-les-violences-conjugales-en-plein-confinement\/\"]}]},{\"@type\":\"ImageObject\",\"inLanguage\":\"fr-FR\",\"@id\":\"https:\/\/lyonbondyblog.fr\/LBB\/lutter-contre-les-violences-conjugales-en-plein-confinement\/#primaryimage\",\"url\":\"https:\/\/lyonbondyblog.fr\/LBB\/wp-content\/uploads\/2020\/04\/photo-1491319669671-30014eb16b8d.jpg\",\"contentUrl\":\"https:\/\/lyonbondyblog.fr\/LBB\/wp-content\/uploads\/2020\/04\/photo-1491319669671-30014eb16b8d.jpg\",\"width\":1254,\"height\":959},{\"@type\":\"WebSite\",\"@id\":\"https:\/\/lyonbondyblog.fr\/LBB\/#website\",\"url\":\"https:\/\/lyonbondyblog.fr\/LBB\/\",\"name\":\"Lyon Bondy Blog\",\"description\":\"\",\"publisher\":{\"@id\":\"https:\/\/lyonbondyblog.fr\/LBB\/#organization\"},\"potentialAction\":[{\"@type\":\"SearchAction\",\"target\":{\"@type\":\"EntryPoint\",\"urlTemplate\":\"https:\/\/lyonbondyblog.fr\/LBB\/?s={search_term_string}\"},\"query-input\":\"required name=search_term_string\"}],\"inLanguage\":\"fr-FR\"},{\"@type\":\"Organization\",\"@id\":\"https:\/\/lyonbondyblog.fr\/LBB\/#organization\",\"name\":\"LYON BONDY BLOG\",\"url\":\"https:\/\/lyonbondyblog.fr\/LBB\/\",\"logo\":{\"@type\":\"ImageObject\",\"inLanguage\":\"fr-FR\",\"@id\":\"https:\/\/lyonbondyblog.fr\/LBB\/#\/schema\/logo\/image\/\",\"url\":\"http:\/\/lyonbondyblog.fr\/LBB\/wp-content\/uploads\/2014\/10\/logo-portable-144.png\",\"contentUrl\":\"http:\/\/lyonbondyblog.fr\/LBB\/wp-content\/uploads\/2014\/10\/logo-portable-144.png\",\"width\":144,\"height\":123,\"caption\":\"LYON BONDY BLOG\"},\"image\":{\"@id\":\"https:\/\/lyonbondyblog.fr\/LBB\/#\/schema\/logo\/image\/\"},\"sameAs\":[\"https:\/\/www.facebook.com\/lyonbondyblog\",\"https:\/\/x.com\/bondybloglyon\"]},{\"@type\":\"Person\",\"@id\":\"https:\/\/lyonbondyblog.fr\/LBB\/#\/schema\/person\/e45f8d27baac75072daa0be50c409b25\",\"name\":\"La r\u00e9daction\",\"description\":\"Cr\u00e9e en 2008, la r\u00e9daction du Lyon Bondy Blog s'applique \u00e0 proposer une information locale diff\u00e9rente et compl\u00e9mentaire des m\u00e9dias traditionnels.\",\"sameAs\":[\"https:\/\/www.facebook.com\/lyonbondyblog\",\"https:\/\/x.com\/BondyBlogLyon\"],\"url\":\"https:\/\/lyonbondyblog.fr\/LBB\/author\/admin\/\"}]}<\/script>\n<!-- \/ Yoast SEO plugin. -->","yoast_head_json":{"title":"Lutter contre les violences conjugales en plein confinement - Lyon Bondy Blog","robots":{"index":"index","follow":"follow","max-snippet":"max-snippet:-1","max-image-preview":"max-image-preview:large","max-video-preview":"max-video-preview:-1"},"canonical":"https:\/\/lyonbondyblog.fr\/LBB\/lutter-contre-les-violences-conjugales-en-plein-confinement\/","og_locale":"fr_FR","og_type":"article","og_title":"Lutter contre les violences conjugales en plein confinement - Lyon Bondy Blog","og_description":"Alors que la France entre dans sa troisi\u00e8me semaine de confinement face \u00e0 la pand\u00e9mie de Covid-19, une certaine forme de violence subsiste et prend &hellip;","og_url":"https:\/\/lyonbondyblog.fr\/LBB\/lutter-contre-les-violences-conjugales-en-plein-confinement\/","og_site_name":"Lyon Bondy Blog","article_publisher":"https:\/\/www.facebook.com\/lyonbondyblog","article_author":"https:\/\/www.facebook.com\/lyonbondyblog","article_published_time":"2020-04-06T12:11:00+00:00","og_image":[{"width":1254,"height":959,"url":"https:\/\/lyonbondyblog.fr\/LBB\/wp-content\/uploads\/2020\/04\/photo-1491319669671-30014eb16b8d.jpg","type":"image\/jpeg"}],"author":"La r\u00e9daction","twitter_card":"summary_large_image","twitter_creator":"@BondyBlogLyon","twitter_site":"@bondybloglyon","schema":{"@context":"https:\/\/schema.org","@graph":[{"@type":"Article","@id":"https:\/\/lyonbondyblog.fr\/LBB\/lutter-contre-les-violences-conjugales-en-plein-confinement\/#article","isPartOf":{"@id":"https:\/\/lyonbondyblog.fr\/LBB\/lutter-contre-les-violences-conjugales-en-plein-confinement\/"},"author":{"name":"La r\u00e9daction","@id":"https:\/\/lyonbondyblog.fr\/LBB\/#\/schema\/person\/e45f8d27baac75072daa0be50c409b25"},"headline":"Lutter contre les violences conjugales en plein confinement","datePublished":"2020-04-06T12:11:00+00:00","dateModified":"2020-04-06T12:11:00+00:00","mainEntityOfPage":{"@id":"https:\/\/lyonbondyblog.fr\/LBB\/lutter-contre-les-violences-conjugales-en-plein-confinement\/"},"wordCount":236,"commentCount":0,"publisher":{"@id":"https:\/\/lyonbondyblog.fr\/LBB\/#organization"},"image":{"@id":"https:\/\/lyonbondyblog.fr\/LBB\/lutter-contre-les-violences-conjugales-en-plein-confinement\/#primaryimage"},"thumbnailUrl":"https:\/\/lyonbondyblog.fr\/LBB\/wp-content\/uploads\/2020\/04\/photo-1491319669671-30014eb16b8d.jpg","articleSection":["Soci\u00e9t\u00e9","Solidarit\u00e9","Violences conjugales"],"inLanguage":"fr-FR","potentialAction":[{"@type":"CommentAction","name":"Comment","target":["https:\/\/lyonbondyblog.fr\/LBB\/lutter-contre-les-violences-conjugales-en-plein-confinement\/#respond"]}]},{"@type":"WebPage","@id":"https:\/\/lyonbondyblog.fr\/LBB\/lutter-contre-les-violences-conjugales-en-plein-confinement\/","url":"https:\/\/lyonbondyblog.fr\/LBB\/lutter-contre-les-violences-conjugales-en-plein-confinement\/","name":"Lutter contre les violences conjugales en plein confinement - Lyon Bondy Blog","isPartOf":{"@id":"https:\/\/lyonbondyblog.fr\/LBB\/#website"},"primaryImageOfPage":{"@id":"https:\/\/lyonbondyblog.fr\/LBB\/lutter-contre-les-violences-conjugales-en-plein-confinement\/#primaryimage"},"image":{"@id":"https:\/\/lyonbondyblog.fr\/LBB\/lutter-contre-les-violences-conjugales-en-plein-confinement\/#primaryimage"},"thumbnailUrl":"https:\/\/lyonbondyblog.fr\/LBB\/wp-content\/uploads\/2020\/04\/photo-1491319669671-30014eb16b8d.jpg","datePublished":"2020-04-06T12:11:00+00:00","dateModified":"2020-04-06T12:11:00+00:00","inLanguage":"fr-FR","potentialAction":[{"@type":"ReadAction","target":["https:\/\/lyonbondyblog.fr\/LBB\/lutter-contre-les-violences-conjugales-en-plein-confinement\/"]}]},{"@type":"ImageObject","inLanguage":"fr-FR","@id":"https:\/\/lyonbondyblog.fr\/LBB\/lutter-contre-les-violences-conjugales-en-plein-confinement\/#primaryimage","url":"https:\/\/lyonbondyblog.fr\/LBB\/wp-content\/uploads\/2020\/04\/photo-1491319669671-30014eb16b8d.jpg","contentUrl":"https:\/\/lyonbondyblog.fr\/LBB\/wp-content\/uploads\/2020\/04\/photo-1491319669671-30014eb16b8d.jpg","width":1254,"height":959},{"@type":"WebSite","@id":"https:\/\/lyonbondyblog.fr\/LBB\/#website","url":"https:\/\/lyonbondyblog.fr\/LBB\/","name":"Lyon Bondy Blog","description":"","publisher":{"@id":"https:\/\/lyonbondyblog.fr\/LBB\/#organization"},"potentialAction":[{"@type":"SearchAction","target":{"@type":"EntryPoint","urlTemplate":"https:\/\/lyonbondyblog.fr\/LBB\/?s={search_term_string}"},"query-input":"required name=search_term_string"}],"inLanguage":"fr-FR"},{"@type":"Organization","@id":"https:\/\/lyonbondyblog.fr\/LBB\/#organization","name":"LYON BONDY BLOG","url":"https:\/\/lyonbondyblog.fr\/LBB\/","logo":{"@type":"ImageObject","inLanguage":"fr-FR","@id":"https:\/\/lyonbondyblog.fr\/LBB\/#\/schema\/logo\/image\/","url":"http:\/\/lyonbondyblog.fr\/LBB\/wp-content\/uploads\/2014\/10\/logo-portable-144.png","contentUrl":"http:\/\/lyonbondyblog.fr\/LBB\/wp-content\/uploads\/2014\/10\/logo-portable-144.png","width":144,"height":123,"caption":"LYON BONDY BLOG"},"image":{"@id":"https:\/\/lyonbondyblog.fr\/LBB\/#\/schema\/logo\/image\/"},"sameAs":["https:\/\/www.facebook.com\/lyonbondyblog","https:\/\/x.com\/bondybloglyon"]},{"@type":"Person","@id":"https:\/\/lyonbondyblog.fr\/LBB\/#\/schema\/person\/e45f8d27baac75072daa0be50c409b25","name":"La r\u00e9daction","description":"Cr\u00e9e en 2008, la r\u00e9daction du Lyon Bondy Blog s'applique \u00e0 proposer une information locale diff\u00e9rente et compl\u00e9mentaire des m\u00e9dias traditionnels.","sameAs":["https:\/\/www.facebook.com\/lyonbondyblog","https:\/\/x.com\/BondyBlogLyon"],"url":"https:\/\/lyonbondyblog.fr\/LBB\/author\/admin\/"}]}},"_links":{"self":[{"href":"https:\/\/lyonbondyblog.fr\/LBB\/wp-json\/wp\/v2\/posts\/19579","targetHints":{"allow":["GET"]}}],"collection":[{"href":"https:\/\/lyonbondyblog.fr\/LBB\/wp-json\/wp\/v2\/posts"}],"about":[{"href":"https:\/\/lyonbondyblog.fr\/LBB\/wp-json\/wp\/v2\/types\/post"}],"author":[{"embeddable":true,"href":"https:\/\/lyonbondyblog.fr\/LBB\/wp-json\/wp\/v2\/users\/1"}],"replies":[{"embeddable":true,"href":"https:\/\/lyonbondyblog.fr\/LBB\/wp-json\/wp\/v2\/comments?post=19579"}],"version-history":[{"count":1,"href":"https:\/\/lyonbondyblog.fr\/LBB\/wp-json\/wp\/v2\/posts\/19579\/revisions"}],"predecessor-version":[{"id":19582,"href":"https:\/\/lyonbondyblog.fr\/LBB\/wp-json\/wp\/v2\/posts\/19579\/revisions\/19582"}],"wp:featuredmedia":[{"embeddable":true,"href":"https:\/\/lyonbondyblog.fr\/LBB\/wp-json\/wp\/v2\/media\/19581"}],"wp:attachment":[{"href":"https:\/\/lyonbondyblog.fr\/LBB\/wp-json\/wp\/v2\/media?parent=19579"}],"wp:term":[{"taxonomy":"category","embeddable":true,"href":"https:\/\/lyonbondyblog.fr\/LBB\/wp-json\/wp\/v2\/categories?post=19579"},{"taxonomy":"post_tag","embeddable":true,"href":"https:\/\/lyonbondyblog.fr\/LBB\/wp-json\/wp\/v2\/tags?post=19579"}],"curies":[{"name":"wp","href":"https:\/\/api.w.org\/{rel}","templated":true}]}}