{"id":19513,"date":"2020-03-18T15:58:25","date_gmt":"2020-03-18T14:58:25","guid":{"rendered":"http:\/\/lyonbondyblog.fr\/LBB\/?p=19513"},"modified":"2020-03-18T15:59:21","modified_gmt":"2020-03-18T14:59:21","slug":"notre-dame-des-sans-abris-une-aide-dans-la-lutte-contre-la-pandemie","status":"publish","type":"post","link":"https:\/\/lyonbondyblog.fr\/LBB\/notre-dame-des-sans-abris-une-aide-dans-la-lutte-contre-la-pandemie\/","title":{"rendered":"Notre Dame des Sans-Abris, une aide dans la lutte contre la pand\u00e9mie"},"content":{"rendered":"<h4>Marion Veziant-Rolland est la directrice du Foyer de Notre Dame des Sans-Abris de Lyon. Alors que la population est appel\u00e9e au confinement, certains sont dans la rue et ne peuvent s&rsquo;abriter convenablement. Le Lyon Bondy Blog a pu s&rsquo;entretenir avec elle sur le sujet de l&rsquo;aide des personnes sans logements.&nbsp;<\/h4>\n<h4>En ce moment, que ce passe t il au foyer Notre Dame des Sans-Abris?<\/h4>\n<div>Au foyer, on a deux p\u00f4les d&rsquo;activit\u00e9s principaux : un pole d&rsquo;insertion professionnelle, qui emploi des salari\u00e9s en insertion dans des ateliers, et un pole accueil et h\u00e9bergement qui accueille en moyenne 1500 personnes tous les soirs. Vu le contexte et la situation, nous avons d\u00e9cid\u00e9 de nous concentrer sur des activit\u00e9s vitales de l&rsquo;association. Nous avons d\u00e9cid\u00e9 de fermer les ateliers d&rsquo;insertions et de positionner les salari\u00e9s en insertion en chomage technique pour pouvoir nous concentrer sur la conservations des activit\u00e9s d&rsquo;h\u00e9bergement. Il ne serait pas question de fermer les centres d&rsquo;h\u00e9bergements. Nous concentrons nos forces l\u00e0-dessus, pour maintenir l&rsquo;h\u00e9bergement de personnes souvent fragiles. Cela nous parait \u00eatre mission essentielle. Dans cette mission d&rsquo;h\u00e9bergement, il y a des sous-missions autour de la fourniture d&rsquo;alimentation et de tout ce qui touche \u00e0 l&rsquo;hygi\u00e8ne. Ce sont les missions prioritaires que nous avons identifi\u00e9s. A partir de ces missions, nous r\u00e9organisons enti\u00e8rement notre activit\u00e9. Nous mobilisons des salari\u00e9s, nous anticipons les absences, de salari\u00e9s permanents ayant besoin de garder les enfants, qui sont malades ou qui doivent prot\u00e9ger un proche. Nous essayons de maintenir ces missions vitales en red\u00e9ployant les forces vives internes. D&rsquo;autant qu&rsquo;une de nos forces vives souvent constitu\u00e9e de b\u00e9n\u00e9voles est \u00e9videmment en retrait, puisque beaucoup de nos b\u00e9n\u00e9voles sont des personnes fragiles de sant\u00e9 ou \u00e2g\u00e9es, pour lesquelles il n&rsquo;est pas question de se d\u00e9placer, surtout depuis les mesures de confinement.&nbsp;<\/div>\n<h4>Comment regroupez-vous les denr\u00e9es alimentaires? Avez-vous fait un appel \u00e0 l&rsquo;aide?&nbsp;<\/h4>\n<div>Le Foyer travaille de mani\u00e8re habituelle avec la Banque Alimentaire. Nous faisons des commandes et nous alimentons nos cuisines centrales et nous alimentons par des colis les personnes que nous accueillons. La Banque Alimentaire a connu quelques difficult\u00e9s l\u00e0 aussi li\u00e9es \u00e0 des d\u00e9fauts de b\u00e9n\u00e9voles, de ressources humaines et \u00e0 cause d&rsquo;une sur-sollicitation des plateformes qui fournissent les supermarch\u00e9s. Je dirais que l&rsquo;on a une r\u00e9organisation en cours des activit\u00e9s de la Banque Alimentaire qui nous impacte directement. Nous trouvons ou trouverons d&rsquo;autres sources d&rsquo;approvisionnement.&nbsp;<br \/>\nTout ce qui rel\u00e8ve d&rsquo;une organisation qui est habituellement assez fluide est aujourd&rsquo;hui \u00e0 l&rsquo;arr\u00eat. Cela nous oblige \u00e0 tout requestionner, tout r\u00e9organiser et \u00e0 nous demander en permanence o\u00f9 sont les moyens essentielles dont nous disposons et o\u00f9 il faut les positionner.<\/div>\n<h4>Avez-vous fait appel \u00e0 des restaurants en surplus alimentaire, ou certains vous ont-ils contact\u00e9s?<\/h4>\n<div>Beaucoup de restaurants sont venus vers nous pour d\u00e9stocker. Cette solidarit\u00e9 est pr\u00e9cieuse, elle n&rsquo;est pas toujours simple \u00e0 mettre en oeuvre, pour des raisons d&rsquo;hygi\u00e8ne \u00e9videntes. Il faut avoir les moyens de transporter. Nous avons un camion frigorifique, mais ce n&rsquo;est pas le cas de tous. Il faut les moyens de transporter, d&rsquo;assurer la cha\u00eene du froid. Chez nous, ce n&rsquo;est pas valable sur tous les sites. C&rsquo;est aussi une question de quantit\u00e9s qui des fois ne correspondent pas au nombre de personnes qu&rsquo;il faudrait livrer. Ce n&rsquo;est pas toujours simple \u00e0 mettre en oeuvre. Ceci dit, je salue cet \u00e9lan de solidarit\u00e9, parce que l&rsquo;on voit des citoyens soucieux qu&rsquo;il n&rsquo;y ait pas de perte de stock, et soucieux de tourner vers les plus d\u00e9munis les moyens dont ils disposent.&nbsp;<br \/>\nNous nous organisons pour pouvoir r\u00e9pondre \u00e0 une partie des sollicitations et propositions&nbsp; qui nous sont faites, pour r\u00e9cup\u00e9rer de l&rsquo;alimentation.&nbsp;<\/div>\n<h4>Les maraudes sont-ils remis en route? Comment se passe l&rsquo;accueil des gens qui sont dans la rue?<\/h4>\n<div>Nous n&rsquo;avons pas de places disponibles. Les demandes d&rsquo;h\u00e9bergement s&rsquo;adresse au 115 ou \u00e0 la maison de la veille sociale, et ils distribuent les places disponibles aux personnes qui appellent. Aujourd&rsquo;hui, il n&rsquo;y a plus que peu ou m\u00eame plus de places, les sites du foyers sont pleins. Les maraudes sont port\u00e9es par le Samu social de Lyon qui n&rsquo;est pas port\u00e9 par la Croix-Rouge. Ce ne sont pas des aptitudes port\u00e9s par le Foyer de Notre Dame des Sans-Abris. Nous sommes dans un accueil fixe.&nbsp;<\/div>\n<h4>Quelles sont les besoins actuels du Foyer?&nbsp;<\/h4>\n<div>Il est difficile de r\u00e9pondre \u00e0 cela. On a toujours besoin de soutien, sous plein de formes. Le plus simple \u00e0 mettre en oeuvre est un soutien financier, surtout aujourd&rsquo;hui. La r\u00e9organisation et la poursuite de nos activit\u00e9s dans un contexte d\u00e9sorganis\u00e9 autour de nous va nous imposer des faire des achats suppl\u00e9mentaires en mati\u00e8re alimentaire. M\u00eame si l&rsquo;on re\u00e7oit des dons, \u00e7a ne sera pas forc\u00e9ment \u00e0 la hauteur de nos besoins. D&rsquo;une mani\u00e8re g\u00e9n\u00e9rale, le Foyer \u00e0 besoin de soutiens financiers. Le soutien mat\u00e9riel est toujours utile, nous trions et r\u00e9parons les objets que l&rsquo;on nous donne, puis on les vend ou on les met \u00e0 disposition de ceux qui en ont besoin. En ce moment, les dons sont moins faciles \u00e0 trier et accepter, les circulations sont limit\u00e9es. Il faut \u00e9videment respecter les consignes donn\u00e9es par le Gouvernement. Nous sommes g\u00e9n\u00e9ralement&nbsp; demandeurs de b\u00e9n\u00e9voles, mais en cette p\u00e9riode-l\u00e0, on aura du mal \u00e0 en mobiliser \u00e0 cause du confinement. Seuls les salari\u00e9s en position sur les missions essentielles vont avoir le droit de se d\u00e9placer. On est dans une p\u00e9riode un peu particuli\u00e8re, o\u00f9 le soutien peut s&rsquo;exprimer de plein de mani\u00e8res d\u00e9mat\u00e9rialis\u00e9es. Il est important d&rsquo;avoir le soutien de tout le monde. Je salue la mobilisation des \u00e9quipes du Foyer pour poursuivre les missions, et on sait que cela va devoir se poursuivre dans la dur\u00e9e. Dans une phase o\u00f9 on r\u00e9agit au jour le jour aux consignes gouvernementales, le soutien le plus pr\u00e9cieux est financier, mais il ne faut pas s&rsquo;interdire les autres formes de soutien.&nbsp;<\/div>\n<div>&nbsp;<\/div>\n<!-- AddThis Advanced Settings generic via filter on the_content --><!-- AddThis Share Buttons generic via filter on the_content -->","protected":false},"excerpt":{"rendered":"<p>Marion Veziant-Rolland est la directrice du Foyer de Notre Dame des Sans-Abris de Lyon. Alors que la population est appel\u00e9e au confinement, certains sont dans &hellip; <!-- AddThis Advanced Settings generic via filter on wp_trim_excerpt --><!-- AddThis Share Buttons generic via filter on wp_trim_excerpt --><\/p>\n","protected":false},"author":1,"featured_media":19514,"comment_status":"open","ping_status":"open","sticky":false,"template":"","format":"standard","meta":{"_FSMCFIC_featured_image_caption":"","_FSMCFIC_featured_image_nocaption":"","_FSMCFIC_featured_image_hide":"","footnotes":""},"categories":[4,6189,2,6506],"tags":[],"class_list":["post-19513","post","type-post","status-publish","format-standard","has-post-thumbnail","hentry","category-lyon","category-sans-abris","category-societe","category-solidarite"],"yoast_head":"<!-- This site is optimized with the Yoast SEO plugin v22.8 - https:\/\/yoast.com\/wordpress\/plugins\/seo\/ -->\n<title>Notre Dame des Sans-Abris, une aide dans la lutte contre la pand\u00e9mie - Lyon Bondy Blog<\/title>\n<meta name=\"robots\" content=\"index, follow, max-snippet:-1, max-image-preview:large, max-video-preview:-1\" \/>\n<link rel=\"canonical\" href=\"https:\/\/lyonbondyblog.fr\/LBB\/notre-dame-des-sans-abris-une-aide-dans-la-lutte-contre-la-pandemie\/\" \/>\n<meta property=\"og:locale\" content=\"fr_FR\" \/>\n<meta property=\"og:type\" content=\"article\" \/>\n<meta property=\"og:title\" content=\"Notre Dame des Sans-Abris, une aide dans la lutte contre la pand\u00e9mie - Lyon Bondy Blog\" \/>\n<meta property=\"og:description\" content=\"Marion Veziant-Rolland est la directrice du Foyer de Notre Dame des Sans-Abris de Lyon. Alors que la population est appel\u00e9e au confinement, certains sont dans &hellip;\" \/>\n<meta property=\"og:url\" content=\"https:\/\/lyonbondyblog.fr\/LBB\/notre-dame-des-sans-abris-une-aide-dans-la-lutte-contre-la-pandemie\/\" \/>\n<meta property=\"og:site_name\" content=\"Lyon Bondy Blog\" \/>\n<meta property=\"article:publisher\" content=\"https:\/\/www.facebook.com\/lyonbondyblog\" \/>\n<meta property=\"article:author\" content=\"https:\/\/www.facebook.com\/lyonbondyblog\" \/>\n<meta property=\"article:published_time\" content=\"2020-03-18T14:58:25+00:00\" \/>\n<meta property=\"article:modified_time\" content=\"2020-03-18T14:59:21+00:00\" \/>\n<meta property=\"og:image\" content=\"https:\/\/lyonbondyblog.fr\/LBB\/wp-content\/uploads\/2020\/03\/DSC04437-2.jpg\" \/>\n\t<meta property=\"og:image:width\" content=\"715\" \/>\n\t<meta property=\"og:image:height\" content=\"520\" \/>\n\t<meta property=\"og:image:type\" content=\"image\/jpeg\" \/>\n<meta name=\"author\" content=\"La r\u00e9daction\" \/>\n<meta name=\"twitter:card\" content=\"summary_large_image\" \/>\n<meta name=\"twitter:creator\" content=\"@BondyBlogLyon\" \/>\n<meta name=\"twitter:site\" content=\"@bondybloglyon\" \/>\n<script type=\"application\/ld+json\" class=\"yoast-schema-graph\">{\"@context\":\"https:\/\/schema.org\",\"@graph\":[{\"@type\":\"Article\",\"@id\":\"https:\/\/lyonbondyblog.fr\/LBB\/notre-dame-des-sans-abris-une-aide-dans-la-lutte-contre-la-pandemie\/#article\",\"isPartOf\":{\"@id\":\"https:\/\/lyonbondyblog.fr\/LBB\/notre-dame-des-sans-abris-une-aide-dans-la-lutte-contre-la-pandemie\/\"},\"author\":{\"name\":\"La r\u00e9daction\",\"@id\":\"https:\/\/lyonbondyblog.fr\/LBB\/#\/schema\/person\/e45f8d27baac75072daa0be50c409b25\"},\"headline\":\"Notre Dame des Sans-Abris, une aide dans la lutte contre la pand\u00e9mie\",\"datePublished\":\"2020-03-18T14:58:25+00:00\",\"dateModified\":\"2020-03-18T14:59:21+00:00\",\"mainEntityOfPage\":{\"@id\":\"https:\/\/lyonbondyblog.fr\/LBB\/notre-dame-des-sans-abris-une-aide-dans-la-lutte-contre-la-pandemie\/\"},\"wordCount\":1066,\"commentCount\":0,\"publisher\":{\"@id\":\"https:\/\/lyonbondyblog.fr\/LBB\/#organization\"},\"image\":{\"@id\":\"https:\/\/lyonbondyblog.fr\/LBB\/notre-dame-des-sans-abris-une-aide-dans-la-lutte-contre-la-pandemie\/#primaryimage\"},\"thumbnailUrl\":\"https:\/\/lyonbondyblog.fr\/LBB\/wp-content\/uploads\/2020\/03\/DSC04437-2.jpg\",\"articleSection\":[\"Lyon\",\"Sans-abris\",\"Soci\u00e9t\u00e9\",\"Solidarit\u00e9\"],\"inLanguage\":\"fr-FR\",\"potentialAction\":[{\"@type\":\"CommentAction\",\"name\":\"Comment\",\"target\":[\"https:\/\/lyonbondyblog.fr\/LBB\/notre-dame-des-sans-abris-une-aide-dans-la-lutte-contre-la-pandemie\/#respond\"]}]},{\"@type\":\"WebPage\",\"@id\":\"https:\/\/lyonbondyblog.fr\/LBB\/notre-dame-des-sans-abris-une-aide-dans-la-lutte-contre-la-pandemie\/\",\"url\":\"https:\/\/lyonbondyblog.fr\/LBB\/notre-dame-des-sans-abris-une-aide-dans-la-lutte-contre-la-pandemie\/\",\"name\":\"Notre Dame des Sans-Abris, une aide dans la lutte contre la pand\u00e9mie - Lyon Bondy Blog\",\"isPartOf\":{\"@id\":\"https:\/\/lyonbondyblog.fr\/LBB\/#website\"},\"primaryImageOfPage\":{\"@id\":\"https:\/\/lyonbondyblog.fr\/LBB\/notre-dame-des-sans-abris-une-aide-dans-la-lutte-contre-la-pandemie\/#primaryimage\"},\"image\":{\"@id\":\"https:\/\/lyonbondyblog.fr\/LBB\/notre-dame-des-sans-abris-une-aide-dans-la-lutte-contre-la-pandemie\/#primaryimage\"},\"thumbnailUrl\":\"https:\/\/lyonbondyblog.fr\/LBB\/wp-content\/uploads\/2020\/03\/DSC04437-2.jpg\",\"datePublished\":\"2020-03-18T14:58:25+00:00\",\"dateModified\":\"2020-03-18T14:59:21+00:00\",\"inLanguage\":\"fr-FR\",\"potentialAction\":[{\"@type\":\"ReadAction\",\"target\":[\"https:\/\/lyonbondyblog.fr\/LBB\/notre-dame-des-sans-abris-une-aide-dans-la-lutte-contre-la-pandemie\/\"]}]},{\"@type\":\"ImageObject\",\"inLanguage\":\"fr-FR\",\"@id\":\"https:\/\/lyonbondyblog.fr\/LBB\/notre-dame-des-sans-abris-une-aide-dans-la-lutte-contre-la-pandemie\/#primaryimage\",\"url\":\"https:\/\/lyonbondyblog.fr\/LBB\/wp-content\/uploads\/2020\/03\/DSC04437-2.jpg\",\"contentUrl\":\"https:\/\/lyonbondyblog.fr\/LBB\/wp-content\/uploads\/2020\/03\/DSC04437-2.jpg\",\"width\":715,\"height\":520},{\"@type\":\"WebSite\",\"@id\":\"https:\/\/lyonbondyblog.fr\/LBB\/#website\",\"url\":\"https:\/\/lyonbondyblog.fr\/LBB\/\",\"name\":\"Lyon Bondy Blog\",\"description\":\"\",\"publisher\":{\"@id\":\"https:\/\/lyonbondyblog.fr\/LBB\/#organization\"},\"potentialAction\":[{\"@type\":\"SearchAction\",\"target\":{\"@type\":\"EntryPoint\",\"urlTemplate\":\"https:\/\/lyonbondyblog.fr\/LBB\/?s={search_term_string}\"},\"query-input\":\"required name=search_term_string\"}],\"inLanguage\":\"fr-FR\"},{\"@type\":\"Organization\",\"@id\":\"https:\/\/lyonbondyblog.fr\/LBB\/#organization\",\"name\":\"LYON BONDY BLOG\",\"url\":\"https:\/\/lyonbondyblog.fr\/LBB\/\",\"logo\":{\"@type\":\"ImageObject\",\"inLanguage\":\"fr-FR\",\"@id\":\"https:\/\/lyonbondyblog.fr\/LBB\/#\/schema\/logo\/image\/\",\"url\":\"http:\/\/lyonbondyblog.fr\/LBB\/wp-content\/uploads\/2014\/10\/logo-portable-144.png\",\"contentUrl\":\"http:\/\/lyonbondyblog.fr\/LBB\/wp-content\/uploads\/2014\/10\/logo-portable-144.png\",\"width\":144,\"height\":123,\"caption\":\"LYON BONDY BLOG\"},\"image\":{\"@id\":\"https:\/\/lyonbondyblog.fr\/LBB\/#\/schema\/logo\/image\/\"},\"sameAs\":[\"https:\/\/www.facebook.com\/lyonbondyblog\",\"https:\/\/x.com\/bondybloglyon\"]},{\"@type\":\"Person\",\"@id\":\"https:\/\/lyonbondyblog.fr\/LBB\/#\/schema\/person\/e45f8d27baac75072daa0be50c409b25\",\"name\":\"La r\u00e9daction\",\"description\":\"Cr\u00e9e en 2008, la r\u00e9daction du Lyon Bondy Blog s'applique \u00e0 proposer une information locale diff\u00e9rente et compl\u00e9mentaire des m\u00e9dias traditionnels.\",\"sameAs\":[\"https:\/\/www.facebook.com\/lyonbondyblog\",\"https:\/\/x.com\/BondyBlogLyon\"],\"url\":\"https:\/\/lyonbondyblog.fr\/LBB\/author\/admin\/\"}]}<\/script>\n<!-- \/ Yoast SEO plugin. -->","yoast_head_json":{"title":"Notre Dame des Sans-Abris, une aide dans la lutte contre la pand\u00e9mie - Lyon Bondy Blog","robots":{"index":"index","follow":"follow","max-snippet":"max-snippet:-1","max-image-preview":"max-image-preview:large","max-video-preview":"max-video-preview:-1"},"canonical":"https:\/\/lyonbondyblog.fr\/LBB\/notre-dame-des-sans-abris-une-aide-dans-la-lutte-contre-la-pandemie\/","og_locale":"fr_FR","og_type":"article","og_title":"Notre Dame des Sans-Abris, une aide dans la lutte contre la pand\u00e9mie - Lyon Bondy Blog","og_description":"Marion Veziant-Rolland est la directrice du Foyer de Notre Dame des Sans-Abris de Lyon. Alors que la population est appel\u00e9e au confinement, certains sont dans &hellip;","og_url":"https:\/\/lyonbondyblog.fr\/LBB\/notre-dame-des-sans-abris-une-aide-dans-la-lutte-contre-la-pandemie\/","og_site_name":"Lyon Bondy Blog","article_publisher":"https:\/\/www.facebook.com\/lyonbondyblog","article_author":"https:\/\/www.facebook.com\/lyonbondyblog","article_published_time":"2020-03-18T14:58:25+00:00","article_modified_time":"2020-03-18T14:59:21+00:00","og_image":[{"width":715,"height":520,"url":"https:\/\/lyonbondyblog.fr\/LBB\/wp-content\/uploads\/2020\/03\/DSC04437-2.jpg","type":"image\/jpeg"}],"author":"La r\u00e9daction","twitter_card":"summary_large_image","twitter_creator":"@BondyBlogLyon","twitter_site":"@bondybloglyon","schema":{"@context":"https:\/\/schema.org","@graph":[{"@type":"Article","@id":"https:\/\/lyonbondyblog.fr\/LBB\/notre-dame-des-sans-abris-une-aide-dans-la-lutte-contre-la-pandemie\/#article","isPartOf":{"@id":"https:\/\/lyonbondyblog.fr\/LBB\/notre-dame-des-sans-abris-une-aide-dans-la-lutte-contre-la-pandemie\/"},"author":{"name":"La r\u00e9daction","@id":"https:\/\/lyonbondyblog.fr\/LBB\/#\/schema\/person\/e45f8d27baac75072daa0be50c409b25"},"headline":"Notre Dame des Sans-Abris, une aide dans la lutte contre la pand\u00e9mie","datePublished":"2020-03-18T14:58:25+00:00","dateModified":"2020-03-18T14:59:21+00:00","mainEntityOfPage":{"@id":"https:\/\/lyonbondyblog.fr\/LBB\/notre-dame-des-sans-abris-une-aide-dans-la-lutte-contre-la-pandemie\/"},"wordCount":1066,"commentCount":0,"publisher":{"@id":"https:\/\/lyonbondyblog.fr\/LBB\/#organization"},"image":{"@id":"https:\/\/lyonbondyblog.fr\/LBB\/notre-dame-des-sans-abris-une-aide-dans-la-lutte-contre-la-pandemie\/#primaryimage"},"thumbnailUrl":"https:\/\/lyonbondyblog.fr\/LBB\/wp-content\/uploads\/2020\/03\/DSC04437-2.jpg","articleSection":["Lyon","Sans-abris","Soci\u00e9t\u00e9","Solidarit\u00e9"],"inLanguage":"fr-FR","potentialAction":[{"@type":"CommentAction","name":"Comment","target":["https:\/\/lyonbondyblog.fr\/LBB\/notre-dame-des-sans-abris-une-aide-dans-la-lutte-contre-la-pandemie\/#respond"]}]},{"@type":"WebPage","@id":"https:\/\/lyonbondyblog.fr\/LBB\/notre-dame-des-sans-abris-une-aide-dans-la-lutte-contre-la-pandemie\/","url":"https:\/\/lyonbondyblog.fr\/LBB\/notre-dame-des-sans-abris-une-aide-dans-la-lutte-contre-la-pandemie\/","name":"Notre Dame des Sans-Abris, une aide dans la lutte contre la pand\u00e9mie - Lyon Bondy Blog","isPartOf":{"@id":"https:\/\/lyonbondyblog.fr\/LBB\/#website"},"primaryImageOfPage":{"@id":"https:\/\/lyonbondyblog.fr\/LBB\/notre-dame-des-sans-abris-une-aide-dans-la-lutte-contre-la-pandemie\/#primaryimage"},"image":{"@id":"https:\/\/lyonbondyblog.fr\/LBB\/notre-dame-des-sans-abris-une-aide-dans-la-lutte-contre-la-pandemie\/#primaryimage"},"thumbnailUrl":"https:\/\/lyonbondyblog.fr\/LBB\/wp-content\/uploads\/2020\/03\/DSC04437-2.jpg","datePublished":"2020-03-18T14:58:25+00:00","dateModified":"2020-03-18T14:59:21+00:00","inLanguage":"fr-FR","potentialAction":[{"@type":"ReadAction","target":["https:\/\/lyonbondyblog.fr\/LBB\/notre-dame-des-sans-abris-une-aide-dans-la-lutte-contre-la-pandemie\/"]}]},{"@type":"ImageObject","inLanguage":"fr-FR","@id":"https:\/\/lyonbondyblog.fr\/LBB\/notre-dame-des-sans-abris-une-aide-dans-la-lutte-contre-la-pandemie\/#primaryimage","url":"https:\/\/lyonbondyblog.fr\/LBB\/wp-content\/uploads\/2020\/03\/DSC04437-2.jpg","contentUrl":"https:\/\/lyonbondyblog.fr\/LBB\/wp-content\/uploads\/2020\/03\/DSC04437-2.jpg","width":715,"height":520},{"@type":"WebSite","@id":"https:\/\/lyonbondyblog.fr\/LBB\/#website","url":"https:\/\/lyonbondyblog.fr\/LBB\/","name":"Lyon Bondy Blog","description":"","publisher":{"@id":"https:\/\/lyonbondyblog.fr\/LBB\/#organization"},"potentialAction":[{"@type":"SearchAction","target":{"@type":"EntryPoint","urlTemplate":"https:\/\/lyonbondyblog.fr\/LBB\/?s={search_term_string}"},"query-input":"required name=search_term_string"}],"inLanguage":"fr-FR"},{"@type":"Organization","@id":"https:\/\/lyonbondyblog.fr\/LBB\/#organization","name":"LYON BONDY BLOG","url":"https:\/\/lyonbondyblog.fr\/LBB\/","logo":{"@type":"ImageObject","inLanguage":"fr-FR","@id":"https:\/\/lyonbondyblog.fr\/LBB\/#\/schema\/logo\/image\/","url":"http:\/\/lyonbondyblog.fr\/LBB\/wp-content\/uploads\/2014\/10\/logo-portable-144.png","contentUrl":"http:\/\/lyonbondyblog.fr\/LBB\/wp-content\/uploads\/2014\/10\/logo-portable-144.png","width":144,"height":123,"caption":"LYON BONDY BLOG"},"image":{"@id":"https:\/\/lyonbondyblog.fr\/LBB\/#\/schema\/logo\/image\/"},"sameAs":["https:\/\/www.facebook.com\/lyonbondyblog","https:\/\/x.com\/bondybloglyon"]},{"@type":"Person","@id":"https:\/\/lyonbondyblog.fr\/LBB\/#\/schema\/person\/e45f8d27baac75072daa0be50c409b25","name":"La r\u00e9daction","description":"Cr\u00e9e en 2008, la r\u00e9daction du Lyon Bondy Blog s'applique \u00e0 proposer une information locale diff\u00e9rente et compl\u00e9mentaire des m\u00e9dias traditionnels.","sameAs":["https:\/\/www.facebook.com\/lyonbondyblog","https:\/\/x.com\/BondyBlogLyon"],"url":"https:\/\/lyonbondyblog.fr\/LBB\/author\/admin\/"}]}},"_links":{"self":[{"href":"https:\/\/lyonbondyblog.fr\/LBB\/wp-json\/wp\/v2\/posts\/19513","targetHints":{"allow":["GET"]}}],"collection":[{"href":"https:\/\/lyonbondyblog.fr\/LBB\/wp-json\/wp\/v2\/posts"}],"about":[{"href":"https:\/\/lyonbondyblog.fr\/LBB\/wp-json\/wp\/v2\/types\/post"}],"author":[{"embeddable":true,"href":"https:\/\/lyonbondyblog.fr\/LBB\/wp-json\/wp\/v2\/users\/1"}],"replies":[{"embeddable":true,"href":"https:\/\/lyonbondyblog.fr\/LBB\/wp-json\/wp\/v2\/comments?post=19513"}],"version-history":[{"count":2,"href":"https:\/\/lyonbondyblog.fr\/LBB\/wp-json\/wp\/v2\/posts\/19513\/revisions"}],"predecessor-version":[{"id":19516,"href":"https:\/\/lyonbondyblog.fr\/LBB\/wp-json\/wp\/v2\/posts\/19513\/revisions\/19516"}],"wp:featuredmedia":[{"embeddable":true,"href":"https:\/\/lyonbondyblog.fr\/LBB\/wp-json\/wp\/v2\/media\/19514"}],"wp:attachment":[{"href":"https:\/\/lyonbondyblog.fr\/LBB\/wp-json\/wp\/v2\/media?parent=19513"}],"wp:term":[{"taxonomy":"category","embeddable":true,"href":"https:\/\/lyonbondyblog.fr\/LBB\/wp-json\/wp\/v2\/categories?post=19513"},{"taxonomy":"post_tag","embeddable":true,"href":"https:\/\/lyonbondyblog.fr\/LBB\/wp-json\/wp\/v2\/tags?post=19513"}],"curies":[{"name":"wp","href":"https:\/\/api.w.org\/{rel}","templated":true}]}}