{"id":19502,"date":"2020-03-16T20:55:11","date_gmt":"2020-03-16T19:55:11","guid":{"rendered":"http:\/\/lyonbondyblog.fr\/LBB\/?p=19502"},"modified":"2020-03-16T20:55:11","modified_gmt":"2020-03-16T19:55:11","slug":"les-verts-font-la-surprise-au-1er-tour-en-pleine-crise-sanitaire","status":"publish","type":"post","link":"https:\/\/lyonbondyblog.fr\/LBB\/les-verts-font-la-surprise-au-1er-tour-en-pleine-crise-sanitaire\/","title":{"rendered":"Les verts font la surprise au 1er tour en pleine crise sanitaire"},"content":{"rendered":"<h4>En pleine pand\u00e9mie du virus Covid-19, le premier tour des \u00e9lections municipales et m\u00e9tropolitaines vient d\u2019avoir lieu. Alors que le gouvernement appelle au confinement de la population, il leur demande \u00e9galement d\u2019aller voter. Des \u00e9lections en plein climat tendu et fortes en surprises.<\/h4>\n<p>Ce dimanche 15 mars a eu lieu le premier tour des \u00e9lections municipales et m\u00e9tropolitaines pour Lyon et ses alentours. Alors que la pand\u00e9mie fait rage, que le gouvernement a fait fermer les commerces jug\u00e9s \u00ab&nbsp;non utiles&nbsp;\u00e0 la vie publique&nbsp;\u00bb et que les gens sont pri\u00e9s de sortir le moins possible, la requ\u00eate de sortir voter ne passe pas forc\u00e9ment bien. Cependant, les r\u00e9sultats des bulletins apportent un bon nombre de surprises.&nbsp;R\u00e9sultat un taux d\u2019abstention record pour des municipales \u00e0 Lyon (61,5%) sup\u00e9rieur \u00e0 la moyenne nationale. Cependant, des r\u00e9sultats sont sortis des urnes ; des bulletins apportant un bon nombre de surprises.<\/p>\n<h4>Le baron en perte d\u2019\u00e9quilibre<\/h4>\n<p>A Lyon, c\u2019est la surprise au 1<sup>er<\/sup> tour&nbsp;: G\u00e9rard Collomb qui a dirig\u00e9 la ville depuis 2001 (\u00e0 l&rsquo;exception des 18 mois pass\u00e9s place Beauvau). Ce sont les verts qui dominent le scrutin, \u00e0 la mairie et \u00e0 la m\u00e9tropole.<br \/>\nPour la ville, Europe Ecologie Les Verts men\u00e9 par Gr\u00e9gory Doucet affiche le meilleur score de 27,76% de voix sur tous les arrondissements confondus. La t\u00eate de liste Gr\u00e9gory Doucet est elle en t\u00eate dans le troisi\u00e8me arrondissement avec 30,86% des voix. &nbsp;Dans le classement, les verts sont suivis par les R\u00e9publicains avec un score de 16,6%, puis La R\u00e9publique En Marche avec 14,55%.<br \/>\nPour la m\u00e9tropole, c\u2019est Bruno Bernard qui m\u00e8ne les \u00e9cologistes. Il affiche 22,61% des bulletins, suivi par Les R\u00e9publicains avec 17,7% et l\u2019Union du Centre avec 16,54%.<\/p>\n<h4>Une nouvelle rel\u00e8ve possible<\/h4>\n<p>C\u2019est C\u00e9dric Van Styvandel qui domine le scrutin du 1<sup>er<\/sup> tour pour la mairie de Villeurbanne. Le candidat soutenu par le futur ex-maire Jean-Paul Bret a re\u00e7u 33,29% des voix.<br \/>\nIl est cependant talonn\u00e9 de peu par B\u00e9atrice Vessiller d\u2019EELV, qui arrive deuxi\u00e8me avec 27,48% des votes. Bien plus loin arrive derri\u00e8re LREM et Prosper Kabalo avec un score de 14,90% des votes.<\/p>\n<h4>A Vaulx-en-Velin et V\u00e9nissieux, les tendances ne semblent pas changer apr\u00e8s ce 1<sup>er<\/sup> tour<\/h4>\n<p>L\u2019actuelle maire H\u00e9l\u00e8ne Geoffroy est largement en t\u00eate du scrutin \u00e0 Vaulx-en-Velin, apr\u00e8s avoir recueilli 40,38% des votes. Elle distance Nordine Gasmi avec 14,24% des voix et Ange Vidal avec 12,10%.<br \/>\nQuant \u00e0 V\u00e9nissieux, c\u2019est Mich\u00e8le Picard, \u00e9galement maire de la ville, qui domine avec 28,37% de votes, suivie par Yves Blein et Christophe Girard avec respectivement 21,14 et 14,33% des votes.<\/p>\n<h4>Un second tour peu probable pour le moment<\/h4>\n<p>Alors que la crise du coronavirus ne fait qu\u2019empirer en France, beaucoup appellent au report du second tour des \u00e9lections. Le gouvernement semble se contredire en appelant en m\u00eame temps \u00e0 se rendre aux urnes et \u00e0 ne plus sortir de chez soi qu\u2019en cas de n\u00e9cessit\u00e9.<br \/>\nAlors que la mesure d\u2019un confinement se fait sentir, il n\u2019est pas s\u00fbr que le second tour soit maintenu. Le gouvernement a \u00e9voqu\u00e9 de le reporter au 21 juin.<br \/>\nEn France, les services publics de la sant\u00e9 sont d\u00e9bord\u00e9s, le personnel soignant n\u2019arrivant pas \u00e0 traiter tous les malades confortablement.<\/p>\n<p>Chers lecteurs et ch\u00e8res lectrices, faites attention \u00e0 vous et vos proches, lavez-vous les mains et ne sortez que si c\u2019est utile. Plus vite cela est respect\u00e9, plus vite la crise passera, et plus vite nous pourrons sortir de notre confinement et profiter des beaux jours.<\/p>\n<p>&nbsp;<\/p>\n<p>&nbsp;<\/p>\n<p>&nbsp;<\/p>\n<p>&nbsp;<\/p>\n<p>&nbsp;<\/p>\n<p>&nbsp;<\/p>\n<p>&nbsp;<\/p>\n<p>&nbsp;<\/p>\n<!-- AddThis Advanced Settings generic via filter on the_content --><!-- AddThis Share Buttons generic via filter on the_content -->","protected":false},"excerpt":{"rendered":"<p>En pleine pand\u00e9mie du virus Covid-19, le premier tour des \u00e9lections municipales et m\u00e9tropolitaines vient d\u2019avoir lieu. Alors que le gouvernement appelle au confinement de &hellip; <!-- AddThis Advanced Settings generic via filter on wp_trim_excerpt --><!-- AddThis Share Buttons generic via filter on wp_trim_excerpt --><\/p>\n","protected":false},"author":1,"featured_media":18605,"comment_status":"open","ping_status":"open","sticky":false,"template":"","format":"standard","meta":{"_FSMCFIC_featured_image_caption":"","_FSMCFIC_featured_image_nocaption":"","_FSMCFIC_featured_image_hide":"","footnotes":""},"categories":[22015,13120,6],"tags":[],"class_list":["post-19502","post","type-post","status-publish","format-standard","has-post-thumbnail","hentry","category-metropole","category-municipales-2020","category-politique"],"yoast_head":"<!-- This site is optimized with the Yoast SEO plugin v22.8 - https:\/\/yoast.com\/wordpress\/plugins\/seo\/ -->\n<title>Les verts font la surprise au 1er tour en pleine crise sanitaire - Lyon Bondy Blog<\/title>\n<meta name=\"robots\" content=\"index, follow, max-snippet:-1, max-image-preview:large, max-video-preview:-1\" \/>\n<link rel=\"canonical\" href=\"https:\/\/lyonbondyblog.fr\/LBB\/les-verts-font-la-surprise-au-1er-tour-en-pleine-crise-sanitaire\/\" \/>\n<meta property=\"og:locale\" content=\"fr_FR\" \/>\n<meta property=\"og:type\" content=\"article\" \/>\n<meta property=\"og:title\" content=\"Les verts font la surprise au 1er tour en pleine crise sanitaire - Lyon Bondy Blog\" \/>\n<meta property=\"og:description\" content=\"En pleine pand\u00e9mie du virus Covid-19, le premier tour des \u00e9lections municipales et m\u00e9tropolitaines vient d\u2019avoir lieu. Alors que le gouvernement appelle au confinement de &hellip;\" \/>\n<meta property=\"og:url\" content=\"https:\/\/lyonbondyblog.fr\/LBB\/les-verts-font-la-surprise-au-1er-tour-en-pleine-crise-sanitaire\/\" \/>\n<meta property=\"og:site_name\" content=\"Lyon Bondy Blog\" \/>\n<meta property=\"article:publisher\" content=\"https:\/\/www.facebook.com\/lyonbondyblog\" \/>\n<meta property=\"article:author\" content=\"https:\/\/www.facebook.com\/lyonbondyblog\" \/>\n<meta property=\"article:published_time\" content=\"2020-03-16T19:55:11+00:00\" \/>\n<meta property=\"og:image\" content=\"https:\/\/lyonbondyblog.fr\/LBB\/wp-content\/uploads\/2020\/01\/m\u00e9tropole-lyon.jpg\" \/>\n\t<meta property=\"og:image:width\" content=\"1423\" \/>\n\t<meta property=\"og:image:height\" content=\"1897\" \/>\n\t<meta property=\"og:image:type\" content=\"image\/jpeg\" \/>\n<meta name=\"author\" content=\"La r\u00e9daction\" \/>\n<meta name=\"twitter:card\" content=\"summary_large_image\" \/>\n<meta name=\"twitter:creator\" content=\"@BondyBlogLyon\" \/>\n<meta name=\"twitter:site\" content=\"@bondybloglyon\" \/>\n<script type=\"application\/ld+json\" class=\"yoast-schema-graph\">{\"@context\":\"https:\/\/schema.org\",\"@graph\":[{\"@type\":\"Article\",\"@id\":\"https:\/\/lyonbondyblog.fr\/LBB\/les-verts-font-la-surprise-au-1er-tour-en-pleine-crise-sanitaire\/#article\",\"isPartOf\":{\"@id\":\"https:\/\/lyonbondyblog.fr\/LBB\/les-verts-font-la-surprise-au-1er-tour-en-pleine-crise-sanitaire\/\"},\"author\":{\"name\":\"La r\u00e9daction\",\"@id\":\"https:\/\/lyonbondyblog.fr\/LBB\/#\/schema\/person\/e45f8d27baac75072daa0be50c409b25\"},\"headline\":\"Les verts font la surprise au 1er tour en pleine crise sanitaire\",\"datePublished\":\"2020-03-16T19:55:11+00:00\",\"dateModified\":\"2020-03-16T19:55:11+00:00\",\"mainEntityOfPage\":{\"@id\":\"https:\/\/lyonbondyblog.fr\/LBB\/les-verts-font-la-surprise-au-1er-tour-en-pleine-crise-sanitaire\/\"},\"wordCount\":632,\"commentCount\":0,\"publisher\":{\"@id\":\"https:\/\/lyonbondyblog.fr\/LBB\/#organization\"},\"image\":{\"@id\":\"https:\/\/lyonbondyblog.fr\/LBB\/les-verts-font-la-surprise-au-1er-tour-en-pleine-crise-sanitaire\/#primaryimage\"},\"thumbnailUrl\":\"https:\/\/lyonbondyblog.fr\/LBB\/wp-content\/uploads\/2020\/01\/m\u00e9tropole-lyon.jpg\",\"articleSection\":[\"M\u00e9tropole\",\"Municipales 2020\",\"Politique\"],\"inLanguage\":\"fr-FR\",\"potentialAction\":[{\"@type\":\"CommentAction\",\"name\":\"Comment\",\"target\":[\"https:\/\/lyonbondyblog.fr\/LBB\/les-verts-font-la-surprise-au-1er-tour-en-pleine-crise-sanitaire\/#respond\"]}]},{\"@type\":\"WebPage\",\"@id\":\"https:\/\/lyonbondyblog.fr\/LBB\/les-verts-font-la-surprise-au-1er-tour-en-pleine-crise-sanitaire\/\",\"url\":\"https:\/\/lyonbondyblog.fr\/LBB\/les-verts-font-la-surprise-au-1er-tour-en-pleine-crise-sanitaire\/\",\"name\":\"Les verts font la surprise au 1er tour en pleine crise sanitaire - Lyon Bondy Blog\",\"isPartOf\":{\"@id\":\"https:\/\/lyonbondyblog.fr\/LBB\/#website\"},\"primaryImageOfPage\":{\"@id\":\"https:\/\/lyonbondyblog.fr\/LBB\/les-verts-font-la-surprise-au-1er-tour-en-pleine-crise-sanitaire\/#primaryimage\"},\"image\":{\"@id\":\"https:\/\/lyonbondyblog.fr\/LBB\/les-verts-font-la-surprise-au-1er-tour-en-pleine-crise-sanitaire\/#primaryimage\"},\"thumbnailUrl\":\"https:\/\/lyonbondyblog.fr\/LBB\/wp-content\/uploads\/2020\/01\/m\u00e9tropole-lyon.jpg\",\"datePublished\":\"2020-03-16T19:55:11+00:00\",\"dateModified\":\"2020-03-16T19:55:11+00:00\",\"inLanguage\":\"fr-FR\",\"potentialAction\":[{\"@type\":\"ReadAction\",\"target\":[\"https:\/\/lyonbondyblog.fr\/LBB\/les-verts-font-la-surprise-au-1er-tour-en-pleine-crise-sanitaire\/\"]}]},{\"@type\":\"ImageObject\",\"inLanguage\":\"fr-FR\",\"@id\":\"https:\/\/lyonbondyblog.fr\/LBB\/les-verts-font-la-surprise-au-1er-tour-en-pleine-crise-sanitaire\/#primaryimage\",\"url\":\"https:\/\/lyonbondyblog.fr\/LBB\/wp-content\/uploads\/2020\/01\/m\u00e9tropole-lyon.jpg\",\"contentUrl\":\"https:\/\/lyonbondyblog.fr\/LBB\/wp-content\/uploads\/2020\/01\/m\u00e9tropole-lyon.jpg\",\"width\":1423,\"height\":1897,\"caption\":\"Carte m\u00e9tropole de Lyon\"},{\"@type\":\"WebSite\",\"@id\":\"https:\/\/lyonbondyblog.fr\/LBB\/#website\",\"url\":\"https:\/\/lyonbondyblog.fr\/LBB\/\",\"name\":\"Lyon Bondy Blog\",\"description\":\"\",\"publisher\":{\"@id\":\"https:\/\/lyonbondyblog.fr\/LBB\/#organization\"},\"potentialAction\":[{\"@type\":\"SearchAction\",\"target\":{\"@type\":\"EntryPoint\",\"urlTemplate\":\"https:\/\/lyonbondyblog.fr\/LBB\/?s={search_term_string}\"},\"query-input\":\"required name=search_term_string\"}],\"inLanguage\":\"fr-FR\"},{\"@type\":\"Organization\",\"@id\":\"https:\/\/lyonbondyblog.fr\/LBB\/#organization\",\"name\":\"LYON BONDY BLOG\",\"url\":\"https:\/\/lyonbondyblog.fr\/LBB\/\",\"logo\":{\"@type\":\"ImageObject\",\"inLanguage\":\"fr-FR\",\"@id\":\"https:\/\/lyonbondyblog.fr\/LBB\/#\/schema\/logo\/image\/\",\"url\":\"http:\/\/lyonbondyblog.fr\/LBB\/wp-content\/uploads\/2014\/10\/logo-portable-144.png\",\"contentUrl\":\"http:\/\/lyonbondyblog.fr\/LBB\/wp-content\/uploads\/2014\/10\/logo-portable-144.png\",\"width\":144,\"height\":123,\"caption\":\"LYON BONDY BLOG\"},\"image\":{\"@id\":\"https:\/\/lyonbondyblog.fr\/LBB\/#\/schema\/logo\/image\/\"},\"sameAs\":[\"https:\/\/www.facebook.com\/lyonbondyblog\",\"https:\/\/x.com\/bondybloglyon\"]},{\"@type\":\"Person\",\"@id\":\"https:\/\/lyonbondyblog.fr\/LBB\/#\/schema\/person\/e45f8d27baac75072daa0be50c409b25\",\"name\":\"La r\u00e9daction\",\"description\":\"Cr\u00e9e en 2008, la r\u00e9daction du Lyon Bondy Blog s'applique \u00e0 proposer une information locale diff\u00e9rente et compl\u00e9mentaire des m\u00e9dias traditionnels.\",\"sameAs\":[\"https:\/\/www.facebook.com\/lyonbondyblog\",\"https:\/\/x.com\/BondyBlogLyon\"],\"url\":\"https:\/\/lyonbondyblog.fr\/LBB\/author\/admin\/\"}]}<\/script>\n<!-- \/ Yoast SEO plugin. -->","yoast_head_json":{"title":"Les verts font la surprise au 1er tour en pleine crise sanitaire - Lyon Bondy Blog","robots":{"index":"index","follow":"follow","max-snippet":"max-snippet:-1","max-image-preview":"max-image-preview:large","max-video-preview":"max-video-preview:-1"},"canonical":"https:\/\/lyonbondyblog.fr\/LBB\/les-verts-font-la-surprise-au-1er-tour-en-pleine-crise-sanitaire\/","og_locale":"fr_FR","og_type":"article","og_title":"Les verts font la surprise au 1er tour en pleine crise sanitaire - Lyon Bondy Blog","og_description":"En pleine pand\u00e9mie du virus Covid-19, le premier tour des \u00e9lections municipales et m\u00e9tropolitaines vient d\u2019avoir lieu. Alors que le gouvernement appelle au confinement de &hellip;","og_url":"https:\/\/lyonbondyblog.fr\/LBB\/les-verts-font-la-surprise-au-1er-tour-en-pleine-crise-sanitaire\/","og_site_name":"Lyon Bondy Blog","article_publisher":"https:\/\/www.facebook.com\/lyonbondyblog","article_author":"https:\/\/www.facebook.com\/lyonbondyblog","article_published_time":"2020-03-16T19:55:11+00:00","og_image":[{"width":1423,"height":1897,"url":"https:\/\/lyonbondyblog.fr\/LBB\/wp-content\/uploads\/2020\/01\/m\u00e9tropole-lyon.jpg","type":"image\/jpeg"}],"author":"La r\u00e9daction","twitter_card":"summary_large_image","twitter_creator":"@BondyBlogLyon","twitter_site":"@bondybloglyon","schema":{"@context":"https:\/\/schema.org","@graph":[{"@type":"Article","@id":"https:\/\/lyonbondyblog.fr\/LBB\/les-verts-font-la-surprise-au-1er-tour-en-pleine-crise-sanitaire\/#article","isPartOf":{"@id":"https:\/\/lyonbondyblog.fr\/LBB\/les-verts-font-la-surprise-au-1er-tour-en-pleine-crise-sanitaire\/"},"author":{"name":"La r\u00e9daction","@id":"https:\/\/lyonbondyblog.fr\/LBB\/#\/schema\/person\/e45f8d27baac75072daa0be50c409b25"},"headline":"Les verts font la surprise au 1er tour en pleine crise sanitaire","datePublished":"2020-03-16T19:55:11+00:00","dateModified":"2020-03-16T19:55:11+00:00","mainEntityOfPage":{"@id":"https:\/\/lyonbondyblog.fr\/LBB\/les-verts-font-la-surprise-au-1er-tour-en-pleine-crise-sanitaire\/"},"wordCount":632,"commentCount":0,"publisher":{"@id":"https:\/\/lyonbondyblog.fr\/LBB\/#organization"},"image":{"@id":"https:\/\/lyonbondyblog.fr\/LBB\/les-verts-font-la-surprise-au-1er-tour-en-pleine-crise-sanitaire\/#primaryimage"},"thumbnailUrl":"https:\/\/lyonbondyblog.fr\/LBB\/wp-content\/uploads\/2020\/01\/m\u00e9tropole-lyon.jpg","articleSection":["M\u00e9tropole","Municipales 2020","Politique"],"inLanguage":"fr-FR","potentialAction":[{"@type":"CommentAction","name":"Comment","target":["https:\/\/lyonbondyblog.fr\/LBB\/les-verts-font-la-surprise-au-1er-tour-en-pleine-crise-sanitaire\/#respond"]}]},{"@type":"WebPage","@id":"https:\/\/lyonbondyblog.fr\/LBB\/les-verts-font-la-surprise-au-1er-tour-en-pleine-crise-sanitaire\/","url":"https:\/\/lyonbondyblog.fr\/LBB\/les-verts-font-la-surprise-au-1er-tour-en-pleine-crise-sanitaire\/","name":"Les verts font la surprise au 1er tour en pleine crise sanitaire - Lyon Bondy Blog","isPartOf":{"@id":"https:\/\/lyonbondyblog.fr\/LBB\/#website"},"primaryImageOfPage":{"@id":"https:\/\/lyonbondyblog.fr\/LBB\/les-verts-font-la-surprise-au-1er-tour-en-pleine-crise-sanitaire\/#primaryimage"},"image":{"@id":"https:\/\/lyonbondyblog.fr\/LBB\/les-verts-font-la-surprise-au-1er-tour-en-pleine-crise-sanitaire\/#primaryimage"},"thumbnailUrl":"https:\/\/lyonbondyblog.fr\/LBB\/wp-content\/uploads\/2020\/01\/m\u00e9tropole-lyon.jpg","datePublished":"2020-03-16T19:55:11+00:00","dateModified":"2020-03-16T19:55:11+00:00","inLanguage":"fr-FR","potentialAction":[{"@type":"ReadAction","target":["https:\/\/lyonbondyblog.fr\/LBB\/les-verts-font-la-surprise-au-1er-tour-en-pleine-crise-sanitaire\/"]}]},{"@type":"ImageObject","inLanguage":"fr-FR","@id":"https:\/\/lyonbondyblog.fr\/LBB\/les-verts-font-la-surprise-au-1er-tour-en-pleine-crise-sanitaire\/#primaryimage","url":"https:\/\/lyonbondyblog.fr\/LBB\/wp-content\/uploads\/2020\/01\/m\u00e9tropole-lyon.jpg","contentUrl":"https:\/\/lyonbondyblog.fr\/LBB\/wp-content\/uploads\/2020\/01\/m\u00e9tropole-lyon.jpg","width":1423,"height":1897,"caption":"Carte m\u00e9tropole de Lyon"},{"@type":"WebSite","@id":"https:\/\/lyonbondyblog.fr\/LBB\/#website","url":"https:\/\/lyonbondyblog.fr\/LBB\/","name":"Lyon Bondy Blog","description":"","publisher":{"@id":"https:\/\/lyonbondyblog.fr\/LBB\/#organization"},"potentialAction":[{"@type":"SearchAction","target":{"@type":"EntryPoint","urlTemplate":"https:\/\/lyonbondyblog.fr\/LBB\/?s={search_term_string}"},"query-input":"required name=search_term_string"}],"inLanguage":"fr-FR"},{"@type":"Organization","@id":"https:\/\/lyonbondyblog.fr\/LBB\/#organization","name":"LYON BONDY BLOG","url":"https:\/\/lyonbondyblog.fr\/LBB\/","logo":{"@type":"ImageObject","inLanguage":"fr-FR","@id":"https:\/\/lyonbondyblog.fr\/LBB\/#\/schema\/logo\/image\/","url":"http:\/\/lyonbondyblog.fr\/LBB\/wp-content\/uploads\/2014\/10\/logo-portable-144.png","contentUrl":"http:\/\/lyonbondyblog.fr\/LBB\/wp-content\/uploads\/2014\/10\/logo-portable-144.png","width":144,"height":123,"caption":"LYON BONDY BLOG"},"image":{"@id":"https:\/\/lyonbondyblog.fr\/LBB\/#\/schema\/logo\/image\/"},"sameAs":["https:\/\/www.facebook.com\/lyonbondyblog","https:\/\/x.com\/bondybloglyon"]},{"@type":"Person","@id":"https:\/\/lyonbondyblog.fr\/LBB\/#\/schema\/person\/e45f8d27baac75072daa0be50c409b25","name":"La r\u00e9daction","description":"Cr\u00e9e en 2008, la r\u00e9daction du Lyon Bondy Blog s'applique \u00e0 proposer une information locale diff\u00e9rente et compl\u00e9mentaire des m\u00e9dias traditionnels.","sameAs":["https:\/\/www.facebook.com\/lyonbondyblog","https:\/\/x.com\/BondyBlogLyon"],"url":"https:\/\/lyonbondyblog.fr\/LBB\/author\/admin\/"}]}},"_links":{"self":[{"href":"https:\/\/lyonbondyblog.fr\/LBB\/wp-json\/wp\/v2\/posts\/19502","targetHints":{"allow":["GET"]}}],"collection":[{"href":"https:\/\/lyonbondyblog.fr\/LBB\/wp-json\/wp\/v2\/posts"}],"about":[{"href":"https:\/\/lyonbondyblog.fr\/LBB\/wp-json\/wp\/v2\/types\/post"}],"author":[{"embeddable":true,"href":"https:\/\/lyonbondyblog.fr\/LBB\/wp-json\/wp\/v2\/users\/1"}],"replies":[{"embeddable":true,"href":"https:\/\/lyonbondyblog.fr\/LBB\/wp-json\/wp\/v2\/comments?post=19502"}],"version-history":[{"count":3,"href":"https:\/\/lyonbondyblog.fr\/LBB\/wp-json\/wp\/v2\/posts\/19502\/revisions"}],"predecessor-version":[{"id":19505,"href":"https:\/\/lyonbondyblog.fr\/LBB\/wp-json\/wp\/v2\/posts\/19502\/revisions\/19505"}],"wp:featuredmedia":[{"embeddable":true,"href":"https:\/\/lyonbondyblog.fr\/LBB\/wp-json\/wp\/v2\/media\/18605"}],"wp:attachment":[{"href":"https:\/\/lyonbondyblog.fr\/LBB\/wp-json\/wp\/v2\/media?parent=19502"}],"wp:term":[{"taxonomy":"category","embeddable":true,"href":"https:\/\/lyonbondyblog.fr\/LBB\/wp-json\/wp\/v2\/categories?post=19502"},{"taxonomy":"post_tag","embeddable":true,"href":"https:\/\/lyonbondyblog.fr\/LBB\/wp-json\/wp\/v2\/tags?post=19502"}],"curies":[{"name":"wp","href":"https:\/\/api.w.org\/{rel}","templated":true}]}}