{"id":1949,"date":"2011-05-24T10:25:06","date_gmt":"2011-05-24T08:25:06","guid":{"rendered":"http:\/\/lyonbondyblog.fr\/LBB\/?p=1949"},"modified":"2013-07-30T10:32:57","modified_gmt":"2013-07-30T08:32:57","slug":"on-y-etait-les-24h-de-linsa","status":"publish","type":"post","link":"https:\/\/lyonbondyblog.fr\/LBB\/on-y-etait-les-24h-de-linsa\/","title":{"rendered":"On y \u00e9tait: les 24h de l&rsquo;INSA !"},"content":{"rendered":"<p><strong>Se tenait, du vendredi 20 mai au dimanche 22 mai sur le campus de la Doua \u00e0 Villeurbanne, la 37\u00e8me \u00e9dition du plus grand festival \u00e9tudiant gratuit de France et de Navarre\u00a0: Les 24h de l\u2019INSA.<\/strong><\/p>\n<div><a title=\" -- Cliquez pour voir l'image en entier\" href=\"http:\/\/yahoo.lyon.bondyblog.fr\/images\/24H.jpg\" target=\"_blank\"> <img loading=\"lazy\" decoding=\"async\" class=\"alignleft\" style=\"border: 0px none;\" alt=\" -- Cliquez pour voir l'image en entier\" src=\"http:\/\/yahoo.lyon.bondyblog.fr\/images\/24H_t.jpg\" width=\"193\" height=\"130\" border=\"0\" \/> <\/a><\/div>\n<div>\u00a0Musique, sport, culture, animation, sensations fortes et convivialit\u00e9, tout \u00e9tait r\u00e9uni pour passer un weekend m\u00e9morable.<\/div>\n<p>Du lourd d\u2019abord musicalement avec la venue de Shaka Ponk en guest, dont on nous a confi\u00e9 \u00e0 plusieurs reprises que leur prestation \u00e9tait juste \u00ab\u00a0terrible\u00a0\u00bb. A noter tout de m\u00eame la pr\u00e9sence de nombreux autres groupes venus de diff\u00e9rents coins de l\u2019hexagone et du monde qui ont eux \u00e9galement assurer le show. De plus, la mise en place de deux sc\u00e8nes, l\u2019une plut\u00f4t pop rock et l\u2019autre \u00e9lectro, ne pouvait que ravir le plus grand nombre.<\/p>\n<p>Cette 37\u00e8me \u00e9dition \u00e9tait \u00e9galement plac\u00e9e sous le signe des d\u00e9fis avec des activit\u00e9s \u00e0 gogo, dont des courses de 24h, en v\u00e9lo ou \u00e0 pied, des tournois et des initiations sportives, des combats de sumos, des attractions ou encore du saut \u00e0 l\u2019\u00e9lastique entre autres.<\/p>\n<p>La pr\u00e9vention et le social \u00e9taient aussi \u00e0 l\u2019ordre du weekend. En effet, des intervenants \u00e9taient pr\u00e9sents tout au long du festival pour sensibiliser les jeunes f\u00eatards sur les dangers de l\u2019alcool gr\u00e2ce \u00e0 de nombreux stands, et du sexe \u00e0 l\u2019occasion de la journ\u00e9e mondiale contre le Sida. De plus, un aspect \u00e9cologique avec l\u2019installation de toilettes s\u00e8ches, de poubelles de tri et la vente de verres recyclables ont permis aux organisateurs de faire passer un message qui leur tenait \u00e0 c\u0153ur\u00a0: <i>\u00ab\u00a0il faut respecter notre plan\u00e8te\u00a0\u00bb<\/i>.<\/p>\n<p>Malgr\u00e9 quelques d\u00e9rapages, notamment la pr\u00e9sence de perturbateurs et de personnes quelque peu \u00e9m\u00e9ch\u00e9es, cette \u00e9v\u00e8nement a tenu comme souvent toutes ses promesses et il est certain que cette 37\u00e8me \u00e9dition des 24h de l\u2019INSA \u00a0restera dans les annales.<\/p>\n<p><span style=\"text-decoration: underline;\">Auteurs : Julien Lopez et Julien Sanchez<\/span><\/p>\n<!-- AddThis Advanced Settings generic via filter on the_content --><!-- AddThis Share Buttons generic via filter on the_content -->","protected":false},"excerpt":{"rendered":"<p>Se tenait, du vendredi 20 mai au dimanche 22 mai sur le campus de la Doua \u00e0 Villeurbanne, la 37\u00e8me \u00e9dition du plus grand festival &hellip; <!-- AddThis Advanced Settings generic via filter on wp_trim_excerpt --><!-- AddThis Share Buttons generic via filter on wp_trim_excerpt --><\/p>\n","protected":false},"author":1,"featured_media":1951,"comment_status":"open","ping_status":"open","sticky":false,"template":"","format":"standard","meta":{"_FSMCFIC_featured_image_caption":"","_FSMCFIC_featured_image_nocaption":"","_FSMCFIC_featured_image_hide":"","footnotes":""},"categories":[3,4],"tags":[10,112],"class_list":["post-1949","post","type-post","status-publish","format-standard","has-post-thumbnail","hentry","category-culture","category-lyon","tag-lyon-2","tag-lyon-bondy-blog"],"yoast_head":"<!-- This site is optimized with the Yoast SEO plugin v22.8 - https:\/\/yoast.com\/wordpress\/plugins\/seo\/ -->\n<title>On y \u00e9tait: les 24h de l&#039;INSA ! - Lyon Bondy Blog<\/title>\n<meta name=\"robots\" content=\"index, follow, max-snippet:-1, max-image-preview:large, max-video-preview:-1\" \/>\n<link rel=\"canonical\" href=\"https:\/\/lyonbondyblog.fr\/LBB\/on-y-etait-les-24h-de-linsa\/\" \/>\n<meta property=\"og:locale\" content=\"fr_FR\" \/>\n<meta property=\"og:type\" content=\"article\" \/>\n<meta property=\"og:title\" content=\"On y \u00e9tait: les 24h de l&#039;INSA ! - Lyon Bondy Blog\" \/>\n<meta property=\"og:description\" content=\"Se tenait, du vendredi 20 mai au dimanche 22 mai sur le campus de la Doua \u00e0 Villeurbanne, la 37\u00e8me \u00e9dition du plus grand festival &hellip;\" \/>\n<meta property=\"og:url\" content=\"https:\/\/lyonbondyblog.fr\/LBB\/on-y-etait-les-24h-de-linsa\/\" \/>\n<meta property=\"og:site_name\" content=\"Lyon Bondy Blog\" \/>\n<meta property=\"article:publisher\" content=\"https:\/\/www.facebook.com\/lyonbondyblog\" \/>\n<meta property=\"article:author\" content=\"https:\/\/www.facebook.com\/lyonbondyblog\" \/>\n<meta property=\"article:published_time\" content=\"2011-05-24T08:25:06+00:00\" \/>\n<meta property=\"article:modified_time\" content=\"2013-07-30T08:32:57+00:00\" \/>\n<meta property=\"og:image\" content=\"https:\/\/lyonbondyblog.fr\/LBB\/wp-content\/uploads\/2013\/07\/24H_t.jpg\" \/>\n\t<meta property=\"og:image:width\" content=\"193\" \/>\n\t<meta property=\"og:image:height\" content=\"130\" \/>\n\t<meta property=\"og:image:type\" content=\"image\/jpeg\" \/>\n<meta name=\"author\" content=\"La r\u00e9daction\" \/>\n<meta name=\"twitter:card\" content=\"summary_large_image\" \/>\n<meta name=\"twitter:creator\" content=\"@BondyBlogLyon\" \/>\n<meta name=\"twitter:site\" content=\"@bondybloglyon\" \/>\n<script type=\"application\/ld+json\" class=\"yoast-schema-graph\">{\"@context\":\"https:\/\/schema.org\",\"@graph\":[{\"@type\":\"Article\",\"@id\":\"https:\/\/lyonbondyblog.fr\/LBB\/on-y-etait-les-24h-de-linsa\/#article\",\"isPartOf\":{\"@id\":\"https:\/\/lyonbondyblog.fr\/LBB\/on-y-etait-les-24h-de-linsa\/\"},\"author\":{\"name\":\"La r\u00e9daction\",\"@id\":\"https:\/\/lyonbondyblog.fr\/LBB\/#\/schema\/person\/e45f8d27baac75072daa0be50c409b25\"},\"headline\":\"On y \u00e9tait: les 24h de l&rsquo;INSA !\",\"datePublished\":\"2011-05-24T08:25:06+00:00\",\"dateModified\":\"2013-07-30T08:32:57+00:00\",\"mainEntityOfPage\":{\"@id\":\"https:\/\/lyonbondyblog.fr\/LBB\/on-y-etait-les-24h-de-linsa\/\"},\"wordCount\":339,\"commentCount\":0,\"publisher\":{\"@id\":\"https:\/\/lyonbondyblog.fr\/LBB\/#organization\"},\"image\":{\"@id\":\"https:\/\/lyonbondyblog.fr\/LBB\/on-y-etait-les-24h-de-linsa\/#primaryimage\"},\"thumbnailUrl\":\"https:\/\/lyonbondyblog.fr\/LBB\/wp-content\/uploads\/2013\/07\/24H_t.jpg\",\"keywords\":[\"lyon\",\"Lyon Bondy Blog\"],\"articleSection\":[\"Culture\",\"Lyon\"],\"inLanguage\":\"fr-FR\",\"potentialAction\":[{\"@type\":\"CommentAction\",\"name\":\"Comment\",\"target\":[\"https:\/\/lyonbondyblog.fr\/LBB\/on-y-etait-les-24h-de-linsa\/#respond\"]}]},{\"@type\":\"WebPage\",\"@id\":\"https:\/\/lyonbondyblog.fr\/LBB\/on-y-etait-les-24h-de-linsa\/\",\"url\":\"https:\/\/lyonbondyblog.fr\/LBB\/on-y-etait-les-24h-de-linsa\/\",\"name\":\"On y \u00e9tait: les 24h de l'INSA ! - Lyon Bondy Blog\",\"isPartOf\":{\"@id\":\"https:\/\/lyonbondyblog.fr\/LBB\/#website\"},\"primaryImageOfPage\":{\"@id\":\"https:\/\/lyonbondyblog.fr\/LBB\/on-y-etait-les-24h-de-linsa\/#primaryimage\"},\"image\":{\"@id\":\"https:\/\/lyonbondyblog.fr\/LBB\/on-y-etait-les-24h-de-linsa\/#primaryimage\"},\"thumbnailUrl\":\"https:\/\/lyonbondyblog.fr\/LBB\/wp-content\/uploads\/2013\/07\/24H_t.jpg\",\"datePublished\":\"2011-05-24T08:25:06+00:00\",\"dateModified\":\"2013-07-30T08:32:57+00:00\",\"inLanguage\":\"fr-FR\",\"potentialAction\":[{\"@type\":\"ReadAction\",\"target\":[\"https:\/\/lyonbondyblog.fr\/LBB\/on-y-etait-les-24h-de-linsa\/\"]}]},{\"@type\":\"ImageObject\",\"inLanguage\":\"fr-FR\",\"@id\":\"https:\/\/lyonbondyblog.fr\/LBB\/on-y-etait-les-24h-de-linsa\/#primaryimage\",\"url\":\"https:\/\/lyonbondyblog.fr\/LBB\/wp-content\/uploads\/2013\/07\/24H_t.jpg\",\"contentUrl\":\"https:\/\/lyonbondyblog.fr\/LBB\/wp-content\/uploads\/2013\/07\/24H_t.jpg\",\"width\":193,\"height\":130},{\"@type\":\"WebSite\",\"@id\":\"https:\/\/lyonbondyblog.fr\/LBB\/#website\",\"url\":\"https:\/\/lyonbondyblog.fr\/LBB\/\",\"name\":\"Lyon Bondy Blog\",\"description\":\"\",\"publisher\":{\"@id\":\"https:\/\/lyonbondyblog.fr\/LBB\/#organization\"},\"potentialAction\":[{\"@type\":\"SearchAction\",\"target\":{\"@type\":\"EntryPoint\",\"urlTemplate\":\"https:\/\/lyonbondyblog.fr\/LBB\/?s={search_term_string}\"},\"query-input\":\"required name=search_term_string\"}],\"inLanguage\":\"fr-FR\"},{\"@type\":\"Organization\",\"@id\":\"https:\/\/lyonbondyblog.fr\/LBB\/#organization\",\"name\":\"LYON BONDY BLOG\",\"url\":\"https:\/\/lyonbondyblog.fr\/LBB\/\",\"logo\":{\"@type\":\"ImageObject\",\"inLanguage\":\"fr-FR\",\"@id\":\"https:\/\/lyonbondyblog.fr\/LBB\/#\/schema\/logo\/image\/\",\"url\":\"http:\/\/lyonbondyblog.fr\/LBB\/wp-content\/uploads\/2014\/10\/logo-portable-144.png\",\"contentUrl\":\"http:\/\/lyonbondyblog.fr\/LBB\/wp-content\/uploads\/2014\/10\/logo-portable-144.png\",\"width\":144,\"height\":123,\"caption\":\"LYON BONDY BLOG\"},\"image\":{\"@id\":\"https:\/\/lyonbondyblog.fr\/LBB\/#\/schema\/logo\/image\/\"},\"sameAs\":[\"https:\/\/www.facebook.com\/lyonbondyblog\",\"https:\/\/x.com\/bondybloglyon\"]},{\"@type\":\"Person\",\"@id\":\"https:\/\/lyonbondyblog.fr\/LBB\/#\/schema\/person\/e45f8d27baac75072daa0be50c409b25\",\"name\":\"La r\u00e9daction\",\"description\":\"Cr\u00e9e en 2008, la r\u00e9daction du Lyon Bondy Blog s'applique \u00e0 proposer une information locale diff\u00e9rente et compl\u00e9mentaire des m\u00e9dias traditionnels.\",\"sameAs\":[\"https:\/\/www.facebook.com\/lyonbondyblog\",\"https:\/\/x.com\/BondyBlogLyon\"],\"url\":\"https:\/\/lyonbondyblog.fr\/LBB\/author\/admin\/\"}]}<\/script>\n<!-- \/ Yoast SEO plugin. -->","yoast_head_json":{"title":"On y \u00e9tait: les 24h de l'INSA ! - Lyon Bondy Blog","robots":{"index":"index","follow":"follow","max-snippet":"max-snippet:-1","max-image-preview":"max-image-preview:large","max-video-preview":"max-video-preview:-1"},"canonical":"https:\/\/lyonbondyblog.fr\/LBB\/on-y-etait-les-24h-de-linsa\/","og_locale":"fr_FR","og_type":"article","og_title":"On y \u00e9tait: les 24h de l'INSA ! - Lyon Bondy Blog","og_description":"Se tenait, du vendredi 20 mai au dimanche 22 mai sur le campus de la Doua \u00e0 Villeurbanne, la 37\u00e8me \u00e9dition du plus grand festival &hellip;","og_url":"https:\/\/lyonbondyblog.fr\/LBB\/on-y-etait-les-24h-de-linsa\/","og_site_name":"Lyon Bondy Blog","article_publisher":"https:\/\/www.facebook.com\/lyonbondyblog","article_author":"https:\/\/www.facebook.com\/lyonbondyblog","article_published_time":"2011-05-24T08:25:06+00:00","article_modified_time":"2013-07-30T08:32:57+00:00","og_image":[{"width":193,"height":130,"url":"https:\/\/lyonbondyblog.fr\/LBB\/wp-content\/uploads\/2013\/07\/24H_t.jpg","type":"image\/jpeg"}],"author":"La r\u00e9daction","twitter_card":"summary_large_image","twitter_creator":"@BondyBlogLyon","twitter_site":"@bondybloglyon","schema":{"@context":"https:\/\/schema.org","@graph":[{"@type":"Article","@id":"https:\/\/lyonbondyblog.fr\/LBB\/on-y-etait-les-24h-de-linsa\/#article","isPartOf":{"@id":"https:\/\/lyonbondyblog.fr\/LBB\/on-y-etait-les-24h-de-linsa\/"},"author":{"name":"La r\u00e9daction","@id":"https:\/\/lyonbondyblog.fr\/LBB\/#\/schema\/person\/e45f8d27baac75072daa0be50c409b25"},"headline":"On y \u00e9tait: les 24h de l&rsquo;INSA !","datePublished":"2011-05-24T08:25:06+00:00","dateModified":"2013-07-30T08:32:57+00:00","mainEntityOfPage":{"@id":"https:\/\/lyonbondyblog.fr\/LBB\/on-y-etait-les-24h-de-linsa\/"},"wordCount":339,"commentCount":0,"publisher":{"@id":"https:\/\/lyonbondyblog.fr\/LBB\/#organization"},"image":{"@id":"https:\/\/lyonbondyblog.fr\/LBB\/on-y-etait-les-24h-de-linsa\/#primaryimage"},"thumbnailUrl":"https:\/\/lyonbondyblog.fr\/LBB\/wp-content\/uploads\/2013\/07\/24H_t.jpg","keywords":["lyon","Lyon Bondy Blog"],"articleSection":["Culture","Lyon"],"inLanguage":"fr-FR","potentialAction":[{"@type":"CommentAction","name":"Comment","target":["https:\/\/lyonbondyblog.fr\/LBB\/on-y-etait-les-24h-de-linsa\/#respond"]}]},{"@type":"WebPage","@id":"https:\/\/lyonbondyblog.fr\/LBB\/on-y-etait-les-24h-de-linsa\/","url":"https:\/\/lyonbondyblog.fr\/LBB\/on-y-etait-les-24h-de-linsa\/","name":"On y \u00e9tait: les 24h de l'INSA ! - Lyon Bondy Blog","isPartOf":{"@id":"https:\/\/lyonbondyblog.fr\/LBB\/#website"},"primaryImageOfPage":{"@id":"https:\/\/lyonbondyblog.fr\/LBB\/on-y-etait-les-24h-de-linsa\/#primaryimage"},"image":{"@id":"https:\/\/lyonbondyblog.fr\/LBB\/on-y-etait-les-24h-de-linsa\/#primaryimage"},"thumbnailUrl":"https:\/\/lyonbondyblog.fr\/LBB\/wp-content\/uploads\/2013\/07\/24H_t.jpg","datePublished":"2011-05-24T08:25:06+00:00","dateModified":"2013-07-30T08:32:57+00:00","inLanguage":"fr-FR","potentialAction":[{"@type":"ReadAction","target":["https:\/\/lyonbondyblog.fr\/LBB\/on-y-etait-les-24h-de-linsa\/"]}]},{"@type":"ImageObject","inLanguage":"fr-FR","@id":"https:\/\/lyonbondyblog.fr\/LBB\/on-y-etait-les-24h-de-linsa\/#primaryimage","url":"https:\/\/lyonbondyblog.fr\/LBB\/wp-content\/uploads\/2013\/07\/24H_t.jpg","contentUrl":"https:\/\/lyonbondyblog.fr\/LBB\/wp-content\/uploads\/2013\/07\/24H_t.jpg","width":193,"height":130},{"@type":"WebSite","@id":"https:\/\/lyonbondyblog.fr\/LBB\/#website","url":"https:\/\/lyonbondyblog.fr\/LBB\/","name":"Lyon Bondy Blog","description":"","publisher":{"@id":"https:\/\/lyonbondyblog.fr\/LBB\/#organization"},"potentialAction":[{"@type":"SearchAction","target":{"@type":"EntryPoint","urlTemplate":"https:\/\/lyonbondyblog.fr\/LBB\/?s={search_term_string}"},"query-input":"required name=search_term_string"}],"inLanguage":"fr-FR"},{"@type":"Organization","@id":"https:\/\/lyonbondyblog.fr\/LBB\/#organization","name":"LYON BONDY BLOG","url":"https:\/\/lyonbondyblog.fr\/LBB\/","logo":{"@type":"ImageObject","inLanguage":"fr-FR","@id":"https:\/\/lyonbondyblog.fr\/LBB\/#\/schema\/logo\/image\/","url":"http:\/\/lyonbondyblog.fr\/LBB\/wp-content\/uploads\/2014\/10\/logo-portable-144.png","contentUrl":"http:\/\/lyonbondyblog.fr\/LBB\/wp-content\/uploads\/2014\/10\/logo-portable-144.png","width":144,"height":123,"caption":"LYON BONDY BLOG"},"image":{"@id":"https:\/\/lyonbondyblog.fr\/LBB\/#\/schema\/logo\/image\/"},"sameAs":["https:\/\/www.facebook.com\/lyonbondyblog","https:\/\/x.com\/bondybloglyon"]},{"@type":"Person","@id":"https:\/\/lyonbondyblog.fr\/LBB\/#\/schema\/person\/e45f8d27baac75072daa0be50c409b25","name":"La r\u00e9daction","description":"Cr\u00e9e en 2008, la r\u00e9daction du Lyon Bondy Blog s'applique \u00e0 proposer une information locale diff\u00e9rente et compl\u00e9mentaire des m\u00e9dias traditionnels.","sameAs":["https:\/\/www.facebook.com\/lyonbondyblog","https:\/\/x.com\/BondyBlogLyon"],"url":"https:\/\/lyonbondyblog.fr\/LBB\/author\/admin\/"}]}},"_links":{"self":[{"href":"https:\/\/lyonbondyblog.fr\/LBB\/wp-json\/wp\/v2\/posts\/1949","targetHints":{"allow":["GET"]}}],"collection":[{"href":"https:\/\/lyonbondyblog.fr\/LBB\/wp-json\/wp\/v2\/posts"}],"about":[{"href":"https:\/\/lyonbondyblog.fr\/LBB\/wp-json\/wp\/v2\/types\/post"}],"author":[{"embeddable":true,"href":"https:\/\/lyonbondyblog.fr\/LBB\/wp-json\/wp\/v2\/users\/1"}],"replies":[{"embeddable":true,"href":"https:\/\/lyonbondyblog.fr\/LBB\/wp-json\/wp\/v2\/comments?post=1949"}],"version-history":[{"count":0,"href":"https:\/\/lyonbondyblog.fr\/LBB\/wp-json\/wp\/v2\/posts\/1949\/revisions"}],"wp:featuredmedia":[{"embeddable":true,"href":"https:\/\/lyonbondyblog.fr\/LBB\/wp-json\/wp\/v2\/media\/1951"}],"wp:attachment":[{"href":"https:\/\/lyonbondyblog.fr\/LBB\/wp-json\/wp\/v2\/media?parent=1949"}],"wp:term":[{"taxonomy":"category","embeddable":true,"href":"https:\/\/lyonbondyblog.fr\/LBB\/wp-json\/wp\/v2\/categories?post=1949"},{"taxonomy":"post_tag","embeddable":true,"href":"https:\/\/lyonbondyblog.fr\/LBB\/wp-json\/wp\/v2\/tags?post=1949"}],"curies":[{"name":"wp","href":"https:\/\/api.w.org\/{rel}","templated":true}]}}