{"id":19489,"date":"2020-03-13T18:56:54","date_gmt":"2020-03-13T17:56:54","guid":{"rendered":"http:\/\/lyonbondyblog.fr\/LBB\/?p=19489"},"modified":"2020-06-16T16:13:16","modified_gmt":"2020-06-16T14:13:16","slug":"richard-marion-pour-le-rayonnement-ecologique-de-vaulx-en-velin","status":"publish","type":"post","link":"https:\/\/lyonbondyblog.fr\/LBB\/richard-marion-pour-le-rayonnement-ecologique-de-vaulx-en-velin\/","title":{"rendered":"[Interview] Richard Marion, pour le rayonnement \u00e9cologique de Vaulx-en-Velin"},"content":{"rendered":"<h4>Richard Marion, candidat t\u00eate de liste \u00ab&nbsp;Pour une ville \u00e9cologique, solidaire et apais\u00e9e&nbsp;\u00bb soutenue par EELV, se pr\u00e9sente pour les \u00e9lections municipales. Le Lyon Bondy Blog l&rsquo;a interview\u00e9.<\/h4>\n<figure id=\"attachment_20112\" aria-describedby=\"caption-attachment-20112\" style=\"width: 417px\" class=\"wp-caption alignnone\"><img loading=\"lazy\" decoding=\"async\" class=\"size-full wp-image-20112\" src=\"https:\/\/lyonbondyblog.fr\/LBB\/wp-content\/uploads\/2020\/03\/Photo-pour-CV-\u00e0-partir-de-laffiche-de-campagne-2020.png\" alt=\"\" width=\"417\" height=\"519\"><figcaption id=\"caption-attachment-20112\" class=\"wp-caption-text\"><em>Photo de campagne 2020 de Richard Marion<\/em><\/figcaption><\/figure>\n<h4>Richard Marion, comment \u00e9valuez-vous le dernier mandat de madame Geoffroy?&nbsp;<\/h4>\n<p style=\"text-align: justify;\">Nous \u00e9cologistes ce que nous disons sur la question \u00e9cologique et m\u00eame sur la question environnementale, c&rsquo;est que les quelques initiatives locales int\u00e9ressantes viennent des habitants et des associations, et non pas de l&rsquo;action municipale. C&rsquo;est un signe d&rsquo;espoir pour nous, cela veut dire que les vaudais sont pr\u00eats, qu&rsquo;ils attendent cela. Nous avons beaucoup de citoyens engag\u00e9s et pr\u00eats-\u00e0-porter des choses avec nous.&nbsp;<\/p>\n<p style=\"text-align: justify;\">Une deuxi\u00e8me chose que nous regrettons, c&rsquo;est la question de nos \u00e9coles qui est une tr\u00e8s grande priorit\u00e9. Pourtant, nous constatons que le sujet n&rsquo;a pas \u00e9t\u00e9 trait\u00e9 \u00e0 la hauteur de ce qu&rsquo;il m\u00e9ritait. Nous avons besoin de plus d&rsquo;\u00e9coles et une seule a \u00e9t\u00e9 finalis\u00e9e pendant le mandat. Nous avons besoin d&rsquo;\u00e9coles \u00e0 taille humaine, un cadre dans lequel nos enfants peuvent se sentir bien, qu&rsquo;il puisse connaitre l&rsquo;ensemble des enfants pour les connaitre au mieux. Une \u00e9cole de 400 \u00e9l\u00e8ves ce n&rsquo;est pas quelque chose qui nous parait adapter pour nos enfants. Le p\u00e9riscolaire est un sujet abandonn\u00e9, il est devenu payant&nbsp;et il y a le fait de la d\u00e9gradation de sa qualit\u00e9. Trois fois sur quatre, c&rsquo;est de la garderie. Nous pensons que c&rsquo;est important qu&rsquo;il y ait des activit\u00e9s \u00e9ducatives propos\u00e9es au moins deux \u00e0 trois fois par semaine. C&rsquo;est quelque chose qui nous parait vraiment majeur.<\/p>\n<p style=\"text-align: justify;\">Un autre sujet sur lequel nous avons des d\u00e9ceptions est celui des sports. Nous n&rsquo;avons pas de grandes r\u00e9alisations en la mati\u00e8re alors que les besoins sont criants. Nous refusons chaque ann\u00e9e des enfants dans des sports de combat, au hand, au basket, au foot, au rugby, et plus encore \u00e0 la natation, car nous n&rsquo;avons m\u00eame plus de bassins municipaux. Nous voulons engager une action forte, pour mettre en place les \u00e9quipements dont nous avons besoin, pour que tous les&nbsp;&nbsp;vaudais puissent pratiquer les activit\u00e9s qu&rsquo;ils souhaitent, les rendre accessibles \u00e0 tout le monde. Si actuellement vous voulez aller pratiquer la natation \u00e0 titre personnel, c&rsquo;est presque impossible. C&rsquo;est un r\u00e9el probl\u00e8me notamment pour nos a\u00een\u00e9s qui ont besoin de pouvoir avoir des sports adapt\u00e9s. L&rsquo;aquagym est un vrai levier pour la sant\u00e9. C&rsquo;est une probl\u00e9matique qui touche toutes, les classes d&rsquo;\u00e2ges, les familles aussi, en pleine canicule c&rsquo;est particuli\u00e8rement pr\u00e9cieux que nous puissions avoir des espaces aquatiques o\u00f9 on puisse venir se regrouper en famille, se rafraichir. Cela veut dire que nous avons vraiment besoin d&rsquo;avoir au moins un bassin municipal suppl\u00e9mentaire. Nous souhaitons aussi am\u00e9nager un espace de baignade dans le canal de Jonage, c&rsquo;est quelque chose qui est important, qui est faisable, qui nous rapproche de notre territoire, de la nature qui est pr\u00e9sente, un espace public qualitatif ouvert \u00e0 tous.<\/p>\n<p style=\"text-align: justify;\">Un autre sujet de d\u00e9ception par rapport au bilan du mandat actuel, c&rsquo;est la question de la d\u00e9mocratie participative. En tant que conseiller de quartier, j&rsquo;ai vraiment \u00e9t\u00e9 d\u00e9\u00e7u de constater que les conseils de quartiers sont en fait une d\u00e9mocratie de fa\u00e7ade et sont juste l\u00e0 pour cautionner les d\u00e9cisions prises par la mairie. Nos avis sont souvent d\u00e9coratifs et maltrait\u00e9s dans la communication municipale. Lorsque la mairie d\u00e9cide de r\u00e9aliser un projet contre l&rsquo;avis du conseil de quartier, c&rsquo;est leur droit, il serait alors judicieux d&rsquo;avoir une clart\u00e9 dans la communication et de donner les cl\u00e9s du sujet et les raisons de ce choix. C&rsquo;est quelque chose d&rsquo;important pour nous d&rsquo;avoir cette exemplarit\u00e9, cette clart\u00e9.&nbsp;<\/p>\n<h4 style=\"text-align: justify;\">Comment envisagez-vous la relation entre le pr\u00e9sident de la m\u00e9tropole et le ou la futur(e) maire ?&nbsp;<\/h4>\n<p style=\"text-align: justify;\">Une premi\u00e8re chose que je voudrais souligner, c&rsquo;est devenu un sport politique que de dire lorsque nous n\u2019arrivons pas \u00e0 r\u00e9aliser telle ou telle chose que c&rsquo;est la faute des partenaires. Nous regrettons ce discours-l\u00e0, encore plus en sachant que&nbsp;&nbsp;dans la pratique concr\u00e8te la m\u00e9tropole et la ville travaillent ensemble, donc leur responsabilit\u00e9 est partag\u00e9e. C&rsquo;est vrai qu&rsquo;\u00e0 la m\u00e9tropole il y a des rapports de force importants, nous en avons conscience, dans le groupe \u00e9cologiste. Vaulx-en-Velin appartient \u00e0 la m\u00e9tropole, mais la m\u00e9tropole a aussi besoin de Vaulx-en-Velin, donc c\u2019est \u00e0 nous de repenser les projets pour faire en sorte qu&rsquo;ils aillent au maximum dans l&rsquo;int\u00e9r\u00eat g\u00e9n\u00e9ral du territoire, c&rsquo;est-\u00e0-dire dans l&rsquo;int\u00e9r\u00eat des vaudais. Mais on doit repenser tous les projets sur comment ils prennent sens \u00e0 l&rsquo;\u00e9chelle locale du quartier, de la ville, et comment ils prennent sens aussi \u00e0 l&rsquo;\u00e9chelle de la m\u00e9tropole. C&rsquo;est un sujet majeur \u00e0 Vaulx-en-Velin, puisqu&rsquo;on a une ville en termes d&rsquo;urbanisme qui est tr\u00e8s fragment\u00e9e, assez peu de points de centralit\u00e9, ce n&rsquo;est pas \u00e7a qui fait l&rsquo;unit\u00e9 de la commune et donc il faut que l&rsquo;on r\u00e9ussisse \u00e0 penser l&rsquo;am\u00e9nagement du territoire qui face sens \u00e0 l&rsquo;\u00e9chelle des quartiers, qui relie les quartiers entre eux. Les vaudais ont besoin d&rsquo;\u00eatre mobiles pour aller travailler \u00e0 Vaulx-en-Velin, mais aussi ailleurs, qu&rsquo;ils puissent aller faire leurs \u00e9tudes dans les endroits de la m\u00e9tropole qui correspondent \u00e0 leurs projets professionnels, et c&rsquo;est ce travail \u00e0 diff\u00e9rentes \u00e9chelles qui va \u00eatre la cl\u00e9 majeure. Si on cherche \u00e0 construire Vaulx-en-Velin contre la m\u00e9tropole, je crois que l&rsquo;on se trompe de sujet.<\/p>\n<p style=\"text-align: justify;\">Autre chose lorsque pour parler de s\u00e9curit\u00e9, on parle du nombre de policiers municipaux et du nombre de cam\u00e9ras c&rsquo;est un discours anxiog\u00e8ne qui \u00e9vite en fait les vrais sujets qui sont : quelle est la relation juste entre les populations? Comment avons-nous une police de proximit\u00e9 au contact de nos habitants et qui vient les soutenir ?<\/p>\n<p style=\"text-align: justify;\">Ce n&rsquo;est pas un sujet m\u00e9tropolitain, mais c&rsquo;est pour illustrer comment la mise en \u0153uvre des politiques importe autant que l&rsquo;affichage quantitatif.<\/p>\n<h4 style=\"text-align: justify;\">Sur la th\u00e9matique de l&rsquo;\u00e9cologie, de l&rsquo;environnement, comment vous positionnez vous sur ce sujet-l\u00e0?&nbsp;<\/h4>\n<p style=\"text-align: justify;\">Premi\u00e8re chose, je veux faire en sorte qu&rsquo;aujourd&rsquo;hui nous n&rsquo;ayons plus de projets politiques qui fassent l&rsquo;impasse sur l&rsquo;environnement. Nous nous r\u00e9jouissons du fait qu&rsquo;aujourd&rsquo;hui tous les partis politiques affichent des discours l\u00e0-dessus, mais au niveau des actes, ce n&rsquo;est pas la m\u00eame chose. Elles ne vont pas assez vite, c&rsquo;est probablement le dernier mandat municipal pendant lequel on peut vraiment agir, pour lutter contre le r\u00e9chauffement climatique et mettre en place des solutions concr\u00e8tes qui rendent notre ville vivable. Ce r\u00e9chauffement est d\u00e9j\u00e0 bien engag\u00e9, notre adaptation est urgente, nous avons vu les probl\u00e8mes l&rsquo;\u00e9t\u00e9 dernier avec la canicule en particulier dans un territoire comme Vaulx-en-Velin qui est tr\u00e8s b\u00e9tonn\u00e9. L&rsquo;installation d&rsquo;ilots de fraicheurs est devenue une urgence avec de la v\u00e9g\u00e9talisation permettant non seulement d&rsquo;avoir des espaces verts au sol, et \u00e9galement des arbres, des fontaines.<\/p>\n<p style=\"text-align: justify;\">La deuxi\u00e8me chose que je voudrais dire sur ces sujets environnementaux, c&rsquo;est qu&rsquo;il est aussi temps de passer de l&rsquo;environnement \u00e0 l&rsquo;\u00e9cologie, c&rsquo;est une grosse diff\u00e9rence entre la d\u00e9marche des \u00e9cologistes et les autres groupes qui font encore de l&rsquo;environnement, mais ne sont pas dans l&rsquo;\u00e9cologie. C&rsquo;est-\u00e0-dire inscrire l&rsquo;environnement dans un vrai projet de soci\u00e9t\u00e9, qui fasse sens. Une politique sportive \u00e9cologique, \u00e9ducative \u00e9cologique, culturelle \u00e9cologique. Nous avons besoin que toutes ces choses-l\u00e0 fassent sens ensemble. Si vous plantez quelques arbres au milieu d&rsquo;un espace min\u00e9ral, tout le monde voit que cela porte peu de sens. En revanche si vous repensez l&rsquo;am\u00e9nagement de l&rsquo;espace public, avec des arbres qui apportent de l&rsquo;ombre, en cr\u00e9ant un espace partag\u00e9, o\u00f9 les gens puissent venir s&rsquo;y installer avec des bancs au bon endroit, avec des fontaines qui permettent de boire, avec des jeux d&rsquo;eaux pour les enfants, on cr\u00e9e un espace convivial, nous changeons les choses.<\/p>\n<p style=\"text-align: justify;\">Parce que nous changeons le rapport \u00e0 l&rsquo;espace public, on change la fa\u00e7on de se d\u00e9placer, nous invitions les personnes \u00e0 venir se promener dans leur ville. C&rsquo;est la question du lien social, avec le lien interg\u00e9n\u00e9rationnel, celui des personnes \u00e2g\u00e9es qui plut\u00f4t d&rsquo;\u00eatre isol\u00e9e chez elle retrouve une place dans l&rsquo;espace public. Toutes ces choses la prennent sens quand elles sont mises ensemble, c&rsquo;est un vrai probl\u00e8me de soci\u00e9t\u00e9. Embarquer tout le monde dans la transition qui va nous permettre de mieux vivre.&nbsp;<\/p>\n<h4 style=\"text-align: justify;\">Quelle est votre position par rapport aux r\u00e9seaux de transports vaudais ?&nbsp;<\/h4>\n<p style=\"text-align: justify;\">Sur les transports, il faut d&rsquo;abord parler de la question de la s\u00e9curisation des transports doux. Il y a un certain nombre d&rsquo;endroits o\u00f9 c&rsquo;est encore dangereux de circuler pour les pi\u00e9tons et pour les v\u00e9los. Il est important de s\u00e9curiser les pistes cyclables, de s\u00e9curiser les acc\u00e8s pi\u00e9tons notamment \u00e0 proximit\u00e9 des \u00e9coles. Il est vraiment important que les personnes \u00e0 mobilit\u00e9 r\u00e9duite, mais aussi les personnes en poussette, puissent se d\u00e9placer en s\u00e9curit\u00e9. Il est temps de passer des bandes cyclables aux pistes cyclables, une s\u00e9paration de la chauss\u00e9e qui prot\u00e8ge.<\/p>\n<p style=\"text-align: justify;\">Ensuite s&rsquo;agissant du transport en commun, le sujet majeur c\u2019est le tramway au nord de Vaulx-en-Velin. Nous souhaitons qu&rsquo;il y ait un prolongement du tramway d\u00e8s que possible, les vaudais ont bien constat\u00e9 que l&rsquo;\u00e9ch\u00e9ance \u00e9tait constamment repouss\u00e9e. En 2014 on nous a promis un nouveau tramway. Il n&rsquo;est toujours pas l\u00e0 et ne figure dans aucun document d&rsquo;orientation budg\u00e9taire du Sytral.&nbsp;Mais il s&rsquo;agit de faire le bon tramway, c&rsquo;est \u00e0 dire non pas le prolongement du tramway T1 qui fait un long d\u00e9tour par la La Doua, mais transformer l&rsquo;ensemble de la ligne C3 en tramway, permettant ainsi d&rsquo;avoir un itin\u00e9raire adapt\u00e9 pour rejoindre Vaulx-en-Velin. Nous souhaitons ce trajet pour faire le lien entre le Nord et le sud de la ville avec un cadencement \u00e9lev\u00e9 de transport. Mais il faut bien r\u00e9fl\u00e9chir aux points de passage, car si vous faites une ligne structurante qui traverse la commune, mais que tous les habitants se trouvent \u00e0 un quart d&rsquo;heure \u00e0 pied de part et d&rsquo;autre vous r\u00e9duisez grandement l&rsquo;efficacit\u00e9 du dispositif. Bien s\u00fbr, il y a un r\u00f4le \u00e0 jouer pour le v\u00e9lo. Mais cela veut dire que l&rsquo;outil le plus adapt\u00e9 serait la navette autonome.&nbsp;<\/p>\n<h4 style=\"text-align: justify;\">Concernant la question du logement, nous observons un ph\u00e9nom\u00e8ne de gentrification dans certains quartiers de Vaulx-en-Velin, quel est votre avis l\u00e0-dessus ?&nbsp;<\/h4>\n<p style=\"text-align: justify;\">Sur cette question je voudrais d&rsquo;abord souligner que la ville de Vaulx-en-Velin se d\u00e9veloppe et c&rsquo;est une bonne chose. Le fait que des personnes la rejoignent est un signe de dynamisme, c&rsquo;est une chance pour notre ville et nous souhaitons qu&rsquo;elle s&rsquo;en saisisse. Nous sommes heureux que de nouvelles populations rejoignent notre ville. L&rsquo;arriv\u00e9e notamment davantage de classes moyennes dans notre ville est quelque chose qui contribue \u00e0 la dynamiser. C&rsquo;est un point positif. Une fois que nous avons dit \u00e7a se pose la question du logement, comment on apporte du logement \u00e0 chacun en conservant l\u2019\u00e9quilibre. Chacun a des besoins diff\u00e9rents et il faut proposer \u00e0 chacun des solutions adapt\u00e9es, qui inscrivent chaque vaudais dans un parcours r\u00e9sidentiel en fonction de ses besoins. Sur la question de la gentrification, avec un rythme de construction qui est le n\u00f4tre, cela ne pose pas de probl\u00e8me. Il y a des logements \u00e0 Vaulx-en-Velin, qui sont disponibles \u00e0 l&rsquo;acc\u00e8s \u00e0 la propri\u00e9t\u00e9. En revanche l\u00e0 o\u00f9 nous avons des sujets d\u2019inqui\u00e9tude c&rsquo;est sur le logement social. Les habitants doivent pouvoir rester dans un quartier. Nous avons ce type de probl\u00e8mes dans la Grappini\u00e8re, o\u00f9 on dit aux habitants qu&rsquo;ils ne vont pas pouvoir tous rester. Il y a aussi un certain nombre de projets au Mas du Taureau o\u00f9 on entend qu&rsquo;on reconstruirait par endroit avec z\u00e9ro pour cent de logement social, c&rsquo;est un quartier o\u00f9 il y a beaucoup de logements sociaux. Il est important que l&rsquo;on puisse permettre \u00e0 de nouvelles populations d&rsquo;arriver, mais z\u00e9ro pour cent ce n&rsquo;est pas un taux adapt\u00e9. Il faut continuer \u00e0 faire du logement social pour que chacun puisse y trouver sa place.&nbsp;<\/p>\n<p style=\"text-align: justify;\">Ensuite se pose aussi la question d&rsquo;une offre locative priv\u00e9e importante qui puisse fluidifier le parc social. Ceux qui veulent aller vers d&rsquo;autres choses doivent pouvoir le faire au sein de la commune. Pour que chacun puisse trouver un logement qui lui convient, en fonction de son avanc\u00e9e dans la vie. Effectivement il y a des difficult\u00e9s \u00e0 s&rsquo;adapter aux diff\u00e9rents besoins des gens, et avoir une offre de logement qui correspondent aux diff\u00e9rents types de besoins. Nous avons besoin de logements locatifs priv\u00e9s abordables, acc\u00e8s social \u00e0 la propri\u00e9t\u00e9, pour aider les personnes qui ont des marches \u00e0 franchir. Un ensemble de choses qu&rsquo;il faut coordonner pour pouvoir r\u00e9\u00e9quilibrer. Cela permet de r\u00e9fl\u00e9chir \u00e0 un \u00e9quilibre entre les quartiers, c&rsquo;est aussi l&rsquo;\u00e9quilibre de notre territoire qui se joue. Nous sommes une ville tr\u00e8s fragment\u00e9e et nous avons besoin de faire unit\u00e9.<\/p>\n<h4 style=\"text-align: justify;\">Des populations sont confront\u00e9es \u00e0 de plus en plus de pr\u00e9carit\u00e9 et de difficult\u00e9 \u00e0 se loger, comme les \u00e9tudiants, qu&rsquo;envisagez-vous de faire sur cette question ?<\/h4>\n<p style=\"text-align: justify;\">Quand nous avons parl\u00e9 du logement, nous souhaitons proposer davantage d&rsquo;offres de logements adapt\u00e9s aux \u00e9tudiants qui leur permettent d&rsquo;\u00eatre int\u00e9gr\u00e9s. Ensuite, pour la question de la pr\u00e9carit\u00e9 je souhaiterais souligner la tr\u00e8s grande pr\u00e9carit\u00e9 des enfants sans&nbsp;&nbsp;toit. Nous sommes scandalis\u00e9s par l&rsquo;inaction de la mairie actuelle qui refuse d&rsquo;ouvrir des salles municipales pour accueillir ces enfants scolaris\u00e9s \u00e0 Vaulx-en-Velin. C&rsquo;est quelque chose de simple et faisable, nous disposons de salles municipales \u00e0 Vaulx-en-Velin qui sont chauff\u00e9es, qui permettent l&rsquo;acc\u00e8s \u00e0 un point d&rsquo;eau pour pouvoir se laver, retourner \u00e0 l&rsquo;\u00e9cole dans des conditions aussi correctes que possible. C&rsquo;est aussi un signal tr\u00e8s inqui\u00e9tant qui est donn\u00e9 au reste de la population. Ce sera une priorit\u00e9 de dire que pour ces enfants sans toit nous ouvrirons les salles municipales. Concernant la pr\u00e9carit\u00e9 des familles, nous souhaitons rendre le p\u00e9riscolaire gratuit pour tous, en soulageant imm\u00e9diatement le budget des familles. Sur le plan de l&rsquo;\u00e9ducation, on doit r\u00e9fl\u00e9chir sur comment offrir les meilleures chances \u00e9ducatives aux enfants, que l&rsquo;argent ne soit pas un frein pour les familles nombreuses. Comment changer de raisonnement ? Le raisonnement doit s&rsquo;adapter aux besoins de l&rsquo;enfant. Non pas jusqu&rsquo;\u00e0 quel point c&rsquo;est financi\u00e8rement finan\u00e7able.&nbsp;<\/p>\n<h4 style=\"text-align: justify;\">La question des personnes \u00e2g\u00e9es, par rapport \u00e0 l&rsquo;isolement, le co\u00fbt \u00e9lev\u00e9 des EHPAD?&nbsp;<\/h4>\n<p style=\"text-align: justify;\">Il y a des mesures simples \u00e0 appliquer, facilit\u00e9 la possibilit\u00e9 de venir dans les EHPAD, avec ses animaux de compagnies, et recevoir ceux de leur famille. Cela me semble tr\u00e8s important, c&rsquo;est un outil majeur de lutte contre l&rsquo;isolement et de respect du choix des personnes \u00e2g\u00e9es. La fa\u00e7on dont elles d\u00e9cident de vivre leur retraite. C&rsquo;est aussi un outil de lien social, l&rsquo;animal de compagnie cr\u00e9e du lien entre les personnes.<\/p>\n<p style=\"text-align: justify;\">Une deuxi\u00e8me chose c&rsquo;est d&rsquo;encourager les personnes \u00e2g\u00e9es \u00e0 \u00eatre autant que possible actrices de leur retraite. Montrer \u00e0 quel point ils sont une richesse pour notre commune, pour les jeunes avec des savoir-faire \u00e0 transmettre. Une plateforme du b\u00e9n\u00e9volat qui mettra l&rsquo;accent sur cette transmission du savoir-faire et permettra des personnes \u00e2g\u00e9es d&rsquo;accompagner des jeunes par rapport \u00e0 la question d&rsquo;un soutien scolaire. Beaucoup de choses peuvent \u00eatre faites pour que ces personnes soient reconnues. Nous savons bien \u00e0 quel point la retraite se passe mieux pour des personnes qui gardent du lien social, des activit\u00e9s et se sentent reconnues dans ce qu&rsquo;elles repr\u00e9sentent pour la soci\u00e9t\u00e9. C&rsquo;est un sujet majeur pour leur qualit\u00e9 de vie, leur sant\u00e9.&nbsp;<\/p>\n<h4 style=\"text-align: justify;\">Comment cr\u00e9e de l&rsquo;aide \u00e0 l&#8217;emploi \u00e0 Vaulx-en-Velin?&nbsp;<\/h4>\n<p style=\"text-align: justify;\">Sur la question de l&#8217;emploi il me semble qu&rsquo;il y a deux choses fortes que nous avons besoin de faire \u00e0 Vaulx-en-Velin, il n&rsquo;est pas normal qu&rsquo;une ville de 50 000 habitants n&rsquo;ait pas d&rsquo;agence d&rsquo;int\u00e9rim. Il faut permettre aux vaudais d&rsquo;acc\u00e9der plus facilement au travail int\u00e9rimaire qui est souvent une plateforme d&rsquo;entr\u00e9e ou de retour sur le march\u00e9 de l&#8217;emploi. Nous avons aussi des outils que nous pouvons davantage valoriser dans tous les emplois estivaux que la ville mobilise. Cela doit se faire avec une formation \u00e0 l&rsquo;animation aupr\u00e8s des jeunes. Pour ceux qui d\u00e9cident de construire un projet professionnel diff\u00e9rent, nous pouvons \u00eatre heureux de faire de l&rsquo;animation jeunesse, de d\u00e9velopper certaines comp\u00e9tences, relationnel, tout en ayant envie de travailler dans un secteur diff\u00e9rent. Le b\u00e9n\u00e9volat doit donner acc\u00e8s \u00e0 la formation, que la mairie financera pour que des jeunes qui donnent de leurs temps soient reconnus symboliquement et valoris\u00e9s.&nbsp;<\/p>\n<!-- AddThis Advanced Settings generic via filter on the_content --><!-- AddThis Share Buttons generic via filter on the_content -->","protected":false},"excerpt":{"rendered":"<p>Richard Marion, candidat t\u00eate de liste \u00ab&nbsp;Pour une ville \u00e9cologique, solidaire et apais\u00e9e&nbsp;\u00bb soutenue par EELV, se pr\u00e9sente pour les \u00e9lections municipales. Le Lyon Bondy &hellip; <!-- AddThis Advanced Settings generic via filter on wp_trim_excerpt --><!-- AddThis Share Buttons generic via filter on wp_trim_excerpt --><\/p>\n","protected":false},"author":1,"featured_media":20112,"comment_status":"open","ping_status":"open","sticky":false,"template":"","format":"standard","meta":{"_FSMCFIC_featured_image_caption":"","_FSMCFIC_featured_image_nocaption":"","_FSMCFIC_featured_image_hide":"","footnotes":""},"categories":[13120,3891],"tags":[],"class_list":["post-19489","post","type-post","status-publish","format-standard","has-post-thumbnail","hentry","category-municipales-2020","category-vaulx-en-velin"],"yoast_head":"<!-- This site is optimized with the Yoast SEO plugin v22.8 - https:\/\/yoast.com\/wordpress\/plugins\/seo\/ -->\n<title>[Interview] Richard Marion, pour le rayonnement \u00e9cologique de Vaulx-en-Velin - Lyon Bondy Blog<\/title>\n<meta name=\"robots\" content=\"index, follow, max-snippet:-1, max-image-preview:large, max-video-preview:-1\" \/>\n<link rel=\"canonical\" href=\"https:\/\/lyonbondyblog.fr\/LBB\/richard-marion-pour-le-rayonnement-ecologique-de-vaulx-en-velin\/\" \/>\n<meta property=\"og:locale\" content=\"fr_FR\" \/>\n<meta property=\"og:type\" content=\"article\" \/>\n<meta property=\"og:title\" content=\"[Interview] Richard Marion, pour le rayonnement \u00e9cologique de Vaulx-en-Velin - Lyon Bondy Blog\" \/>\n<meta property=\"og:description\" content=\"Richard Marion, candidat t\u00eate de liste \u00ab&nbsp;Pour une ville \u00e9cologique, solidaire et apais\u00e9e&nbsp;\u00bb soutenue par EELV, se pr\u00e9sente pour les \u00e9lections municipales. Le Lyon Bondy &hellip;\" \/>\n<meta property=\"og:url\" content=\"https:\/\/lyonbondyblog.fr\/LBB\/richard-marion-pour-le-rayonnement-ecologique-de-vaulx-en-velin\/\" \/>\n<meta property=\"og:site_name\" content=\"Lyon Bondy Blog\" \/>\n<meta property=\"article:publisher\" content=\"https:\/\/www.facebook.com\/lyonbondyblog\" \/>\n<meta property=\"article:author\" content=\"https:\/\/www.facebook.com\/lyonbondyblog\" \/>\n<meta property=\"article:published_time\" content=\"2020-03-13T17:56:54+00:00\" \/>\n<meta property=\"article:modified_time\" content=\"2020-06-16T14:13:16+00:00\" \/>\n<meta property=\"og:image\" content=\"https:\/\/lyonbondyblog.fr\/LBB\/wp-content\/uploads\/2020\/03\/Photo-pour-CV-\u00e0-partir-de-laffiche-de-campagne-2020.png\" \/>\n\t<meta property=\"og:image:width\" content=\"417\" \/>\n\t<meta property=\"og:image:height\" content=\"519\" \/>\n\t<meta property=\"og:image:type\" content=\"image\/png\" \/>\n<meta name=\"author\" content=\"La r\u00e9daction\" \/>\n<meta name=\"twitter:card\" content=\"summary_large_image\" \/>\n<meta name=\"twitter:creator\" content=\"@BondyBlogLyon\" \/>\n<meta name=\"twitter:site\" content=\"@bondybloglyon\" \/>\n<script type=\"application\/ld+json\" class=\"yoast-schema-graph\">{\"@context\":\"https:\/\/schema.org\",\"@graph\":[{\"@type\":\"Article\",\"@id\":\"https:\/\/lyonbondyblog.fr\/LBB\/richard-marion-pour-le-rayonnement-ecologique-de-vaulx-en-velin\/#article\",\"isPartOf\":{\"@id\":\"https:\/\/lyonbondyblog.fr\/LBB\/richard-marion-pour-le-rayonnement-ecologique-de-vaulx-en-velin\/\"},\"author\":{\"name\":\"La r\u00e9daction\",\"@id\":\"https:\/\/lyonbondyblog.fr\/LBB\/#\/schema\/person\/e45f8d27baac75072daa0be50c409b25\"},\"headline\":\"[Interview] Richard Marion, pour le rayonnement \u00e9cologique de Vaulx-en-Velin\",\"datePublished\":\"2020-03-13T17:56:54+00:00\",\"dateModified\":\"2020-06-16T14:13:16+00:00\",\"mainEntityOfPage\":{\"@id\":\"https:\/\/lyonbondyblog.fr\/LBB\/richard-marion-pour-le-rayonnement-ecologique-de-vaulx-en-velin\/\"},\"wordCount\":2903,\"commentCount\":0,\"publisher\":{\"@id\":\"https:\/\/lyonbondyblog.fr\/LBB\/#organization\"},\"image\":{\"@id\":\"https:\/\/lyonbondyblog.fr\/LBB\/richard-marion-pour-le-rayonnement-ecologique-de-vaulx-en-velin\/#primaryimage\"},\"thumbnailUrl\":\"https:\/\/lyonbondyblog.fr\/LBB\/wp-content\/uploads\/2020\/03\/Photo-pour-CV-\u00e0-partir-de-laffiche-de-campagne-2020.png\",\"articleSection\":[\"Municipales 2020\",\"Vaulx-en-Velin\"],\"inLanguage\":\"fr-FR\",\"potentialAction\":[{\"@type\":\"CommentAction\",\"name\":\"Comment\",\"target\":[\"https:\/\/lyonbondyblog.fr\/LBB\/richard-marion-pour-le-rayonnement-ecologique-de-vaulx-en-velin\/#respond\"]}]},{\"@type\":\"WebPage\",\"@id\":\"https:\/\/lyonbondyblog.fr\/LBB\/richard-marion-pour-le-rayonnement-ecologique-de-vaulx-en-velin\/\",\"url\":\"https:\/\/lyonbondyblog.fr\/LBB\/richard-marion-pour-le-rayonnement-ecologique-de-vaulx-en-velin\/\",\"name\":\"[Interview] Richard Marion, pour le rayonnement \u00e9cologique de Vaulx-en-Velin - Lyon Bondy Blog\",\"isPartOf\":{\"@id\":\"https:\/\/lyonbondyblog.fr\/LBB\/#website\"},\"primaryImageOfPage\":{\"@id\":\"https:\/\/lyonbondyblog.fr\/LBB\/richard-marion-pour-le-rayonnement-ecologique-de-vaulx-en-velin\/#primaryimage\"},\"image\":{\"@id\":\"https:\/\/lyonbondyblog.fr\/LBB\/richard-marion-pour-le-rayonnement-ecologique-de-vaulx-en-velin\/#primaryimage\"},\"thumbnailUrl\":\"https:\/\/lyonbondyblog.fr\/LBB\/wp-content\/uploads\/2020\/03\/Photo-pour-CV-\u00e0-partir-de-laffiche-de-campagne-2020.png\",\"datePublished\":\"2020-03-13T17:56:54+00:00\",\"dateModified\":\"2020-06-16T14:13:16+00:00\",\"inLanguage\":\"fr-FR\",\"potentialAction\":[{\"@type\":\"ReadAction\",\"target\":[\"https:\/\/lyonbondyblog.fr\/LBB\/richard-marion-pour-le-rayonnement-ecologique-de-vaulx-en-velin\/\"]}]},{\"@type\":\"ImageObject\",\"inLanguage\":\"fr-FR\",\"@id\":\"https:\/\/lyonbondyblog.fr\/LBB\/richard-marion-pour-le-rayonnement-ecologique-de-vaulx-en-velin\/#primaryimage\",\"url\":\"https:\/\/lyonbondyblog.fr\/LBB\/wp-content\/uploads\/2020\/03\/Photo-pour-CV-\u00e0-partir-de-laffiche-de-campagne-2020.png\",\"contentUrl\":\"https:\/\/lyonbondyblog.fr\/LBB\/wp-content\/uploads\/2020\/03\/Photo-pour-CV-\u00e0-partir-de-laffiche-de-campagne-2020.png\",\"width\":417,\"height\":519,\"caption\":\"Photo de campagne 2020 de Richard Marion\"},{\"@type\":\"WebSite\",\"@id\":\"https:\/\/lyonbondyblog.fr\/LBB\/#website\",\"url\":\"https:\/\/lyonbondyblog.fr\/LBB\/\",\"name\":\"Lyon Bondy Blog\",\"description\":\"\",\"publisher\":{\"@id\":\"https:\/\/lyonbondyblog.fr\/LBB\/#organization\"},\"potentialAction\":[{\"@type\":\"SearchAction\",\"target\":{\"@type\":\"EntryPoint\",\"urlTemplate\":\"https:\/\/lyonbondyblog.fr\/LBB\/?s={search_term_string}\"},\"query-input\":\"required name=search_term_string\"}],\"inLanguage\":\"fr-FR\"},{\"@type\":\"Organization\",\"@id\":\"https:\/\/lyonbondyblog.fr\/LBB\/#organization\",\"name\":\"LYON BONDY BLOG\",\"url\":\"https:\/\/lyonbondyblog.fr\/LBB\/\",\"logo\":{\"@type\":\"ImageObject\",\"inLanguage\":\"fr-FR\",\"@id\":\"https:\/\/lyonbondyblog.fr\/LBB\/#\/schema\/logo\/image\/\",\"url\":\"http:\/\/lyonbondyblog.fr\/LBB\/wp-content\/uploads\/2014\/10\/logo-portable-144.png\",\"contentUrl\":\"http:\/\/lyonbondyblog.fr\/LBB\/wp-content\/uploads\/2014\/10\/logo-portable-144.png\",\"width\":144,\"height\":123,\"caption\":\"LYON BONDY BLOG\"},\"image\":{\"@id\":\"https:\/\/lyonbondyblog.fr\/LBB\/#\/schema\/logo\/image\/\"},\"sameAs\":[\"https:\/\/www.facebook.com\/lyonbondyblog\",\"https:\/\/x.com\/bondybloglyon\"]},{\"@type\":\"Person\",\"@id\":\"https:\/\/lyonbondyblog.fr\/LBB\/#\/schema\/person\/e45f8d27baac75072daa0be50c409b25\",\"name\":\"La r\u00e9daction\",\"description\":\"Cr\u00e9e en 2008, la r\u00e9daction du Lyon Bondy Blog s'applique \u00e0 proposer une information locale diff\u00e9rente et compl\u00e9mentaire des m\u00e9dias traditionnels.\",\"sameAs\":[\"https:\/\/www.facebook.com\/lyonbondyblog\",\"https:\/\/x.com\/BondyBlogLyon\"],\"url\":\"https:\/\/lyonbondyblog.fr\/LBB\/author\/admin\/\"}]}<\/script>\n<!-- \/ Yoast SEO plugin. -->","yoast_head_json":{"title":"[Interview] Richard Marion, pour le rayonnement \u00e9cologique de Vaulx-en-Velin - Lyon Bondy Blog","robots":{"index":"index","follow":"follow","max-snippet":"max-snippet:-1","max-image-preview":"max-image-preview:large","max-video-preview":"max-video-preview:-1"},"canonical":"https:\/\/lyonbondyblog.fr\/LBB\/richard-marion-pour-le-rayonnement-ecologique-de-vaulx-en-velin\/","og_locale":"fr_FR","og_type":"article","og_title":"[Interview] Richard Marion, pour le rayonnement \u00e9cologique de Vaulx-en-Velin - Lyon Bondy Blog","og_description":"Richard Marion, candidat t\u00eate de liste \u00ab&nbsp;Pour une ville \u00e9cologique, solidaire et apais\u00e9e&nbsp;\u00bb soutenue par EELV, se pr\u00e9sente pour les \u00e9lections municipales. Le Lyon Bondy &hellip;","og_url":"https:\/\/lyonbondyblog.fr\/LBB\/richard-marion-pour-le-rayonnement-ecologique-de-vaulx-en-velin\/","og_site_name":"Lyon Bondy Blog","article_publisher":"https:\/\/www.facebook.com\/lyonbondyblog","article_author":"https:\/\/www.facebook.com\/lyonbondyblog","article_published_time":"2020-03-13T17:56:54+00:00","article_modified_time":"2020-06-16T14:13:16+00:00","og_image":[{"width":417,"height":519,"url":"https:\/\/lyonbondyblog.fr\/LBB\/wp-content\/uploads\/2020\/03\/Photo-pour-CV-\u00e0-partir-de-laffiche-de-campagne-2020.png","type":"image\/png"}],"author":"La r\u00e9daction","twitter_card":"summary_large_image","twitter_creator":"@BondyBlogLyon","twitter_site":"@bondybloglyon","schema":{"@context":"https:\/\/schema.org","@graph":[{"@type":"Article","@id":"https:\/\/lyonbondyblog.fr\/LBB\/richard-marion-pour-le-rayonnement-ecologique-de-vaulx-en-velin\/#article","isPartOf":{"@id":"https:\/\/lyonbondyblog.fr\/LBB\/richard-marion-pour-le-rayonnement-ecologique-de-vaulx-en-velin\/"},"author":{"name":"La r\u00e9daction","@id":"https:\/\/lyonbondyblog.fr\/LBB\/#\/schema\/person\/e45f8d27baac75072daa0be50c409b25"},"headline":"[Interview] Richard Marion, pour le rayonnement \u00e9cologique de Vaulx-en-Velin","datePublished":"2020-03-13T17:56:54+00:00","dateModified":"2020-06-16T14:13:16+00:00","mainEntityOfPage":{"@id":"https:\/\/lyonbondyblog.fr\/LBB\/richard-marion-pour-le-rayonnement-ecologique-de-vaulx-en-velin\/"},"wordCount":2903,"commentCount":0,"publisher":{"@id":"https:\/\/lyonbondyblog.fr\/LBB\/#organization"},"image":{"@id":"https:\/\/lyonbondyblog.fr\/LBB\/richard-marion-pour-le-rayonnement-ecologique-de-vaulx-en-velin\/#primaryimage"},"thumbnailUrl":"https:\/\/lyonbondyblog.fr\/LBB\/wp-content\/uploads\/2020\/03\/Photo-pour-CV-\u00e0-partir-de-laffiche-de-campagne-2020.png","articleSection":["Municipales 2020","Vaulx-en-Velin"],"inLanguage":"fr-FR","potentialAction":[{"@type":"CommentAction","name":"Comment","target":["https:\/\/lyonbondyblog.fr\/LBB\/richard-marion-pour-le-rayonnement-ecologique-de-vaulx-en-velin\/#respond"]}]},{"@type":"WebPage","@id":"https:\/\/lyonbondyblog.fr\/LBB\/richard-marion-pour-le-rayonnement-ecologique-de-vaulx-en-velin\/","url":"https:\/\/lyonbondyblog.fr\/LBB\/richard-marion-pour-le-rayonnement-ecologique-de-vaulx-en-velin\/","name":"[Interview] Richard Marion, pour le rayonnement \u00e9cologique de Vaulx-en-Velin - Lyon Bondy Blog","isPartOf":{"@id":"https:\/\/lyonbondyblog.fr\/LBB\/#website"},"primaryImageOfPage":{"@id":"https:\/\/lyonbondyblog.fr\/LBB\/richard-marion-pour-le-rayonnement-ecologique-de-vaulx-en-velin\/#primaryimage"},"image":{"@id":"https:\/\/lyonbondyblog.fr\/LBB\/richard-marion-pour-le-rayonnement-ecologique-de-vaulx-en-velin\/#primaryimage"},"thumbnailUrl":"https:\/\/lyonbondyblog.fr\/LBB\/wp-content\/uploads\/2020\/03\/Photo-pour-CV-\u00e0-partir-de-laffiche-de-campagne-2020.png","datePublished":"2020-03-13T17:56:54+00:00","dateModified":"2020-06-16T14:13:16+00:00","inLanguage":"fr-FR","potentialAction":[{"@type":"ReadAction","target":["https:\/\/lyonbondyblog.fr\/LBB\/richard-marion-pour-le-rayonnement-ecologique-de-vaulx-en-velin\/"]}]},{"@type":"ImageObject","inLanguage":"fr-FR","@id":"https:\/\/lyonbondyblog.fr\/LBB\/richard-marion-pour-le-rayonnement-ecologique-de-vaulx-en-velin\/#primaryimage","url":"https:\/\/lyonbondyblog.fr\/LBB\/wp-content\/uploads\/2020\/03\/Photo-pour-CV-\u00e0-partir-de-laffiche-de-campagne-2020.png","contentUrl":"https:\/\/lyonbondyblog.fr\/LBB\/wp-content\/uploads\/2020\/03\/Photo-pour-CV-\u00e0-partir-de-laffiche-de-campagne-2020.png","width":417,"height":519,"caption":"Photo de campagne 2020 de Richard Marion"},{"@type":"WebSite","@id":"https:\/\/lyonbondyblog.fr\/LBB\/#website","url":"https:\/\/lyonbondyblog.fr\/LBB\/","name":"Lyon Bondy Blog","description":"","publisher":{"@id":"https:\/\/lyonbondyblog.fr\/LBB\/#organization"},"potentialAction":[{"@type":"SearchAction","target":{"@type":"EntryPoint","urlTemplate":"https:\/\/lyonbondyblog.fr\/LBB\/?s={search_term_string}"},"query-input":"required name=search_term_string"}],"inLanguage":"fr-FR"},{"@type":"Organization","@id":"https:\/\/lyonbondyblog.fr\/LBB\/#organization","name":"LYON BONDY BLOG","url":"https:\/\/lyonbondyblog.fr\/LBB\/","logo":{"@type":"ImageObject","inLanguage":"fr-FR","@id":"https:\/\/lyonbondyblog.fr\/LBB\/#\/schema\/logo\/image\/","url":"http:\/\/lyonbondyblog.fr\/LBB\/wp-content\/uploads\/2014\/10\/logo-portable-144.png","contentUrl":"http:\/\/lyonbondyblog.fr\/LBB\/wp-content\/uploads\/2014\/10\/logo-portable-144.png","width":144,"height":123,"caption":"LYON BONDY BLOG"},"image":{"@id":"https:\/\/lyonbondyblog.fr\/LBB\/#\/schema\/logo\/image\/"},"sameAs":["https:\/\/www.facebook.com\/lyonbondyblog","https:\/\/x.com\/bondybloglyon"]},{"@type":"Person","@id":"https:\/\/lyonbondyblog.fr\/LBB\/#\/schema\/person\/e45f8d27baac75072daa0be50c409b25","name":"La r\u00e9daction","description":"Cr\u00e9e en 2008, la r\u00e9daction du Lyon Bondy Blog s'applique \u00e0 proposer une information locale diff\u00e9rente et compl\u00e9mentaire des m\u00e9dias traditionnels.","sameAs":["https:\/\/www.facebook.com\/lyonbondyblog","https:\/\/x.com\/BondyBlogLyon"],"url":"https:\/\/lyonbondyblog.fr\/LBB\/author\/admin\/"}]}},"_links":{"self":[{"href":"https:\/\/lyonbondyblog.fr\/LBB\/wp-json\/wp\/v2\/posts\/19489","targetHints":{"allow":["GET"]}}],"collection":[{"href":"https:\/\/lyonbondyblog.fr\/LBB\/wp-json\/wp\/v2\/posts"}],"about":[{"href":"https:\/\/lyonbondyblog.fr\/LBB\/wp-json\/wp\/v2\/types\/post"}],"author":[{"embeddable":true,"href":"https:\/\/lyonbondyblog.fr\/LBB\/wp-json\/wp\/v2\/users\/1"}],"replies":[{"embeddable":true,"href":"https:\/\/lyonbondyblog.fr\/LBB\/wp-json\/wp\/v2\/comments?post=19489"}],"version-history":[{"count":8,"href":"https:\/\/lyonbondyblog.fr\/LBB\/wp-json\/wp\/v2\/posts\/19489\/revisions"}],"predecessor-version":[{"id":20116,"href":"https:\/\/lyonbondyblog.fr\/LBB\/wp-json\/wp\/v2\/posts\/19489\/revisions\/20116"}],"wp:featuredmedia":[{"embeddable":true,"href":"https:\/\/lyonbondyblog.fr\/LBB\/wp-json\/wp\/v2\/media\/20112"}],"wp:attachment":[{"href":"https:\/\/lyonbondyblog.fr\/LBB\/wp-json\/wp\/v2\/media?parent=19489"}],"wp:term":[{"taxonomy":"category","embeddable":true,"href":"https:\/\/lyonbondyblog.fr\/LBB\/wp-json\/wp\/v2\/categories?post=19489"},{"taxonomy":"post_tag","embeddable":true,"href":"https:\/\/lyonbondyblog.fr\/LBB\/wp-json\/wp\/v2\/tags?post=19489"}],"curies":[{"name":"wp","href":"https:\/\/api.w.org\/{rel}","templated":true}]}}