{"id":19478,"date":"2020-03-13T17:45:57","date_gmt":"2020-03-13T16:45:57","guid":{"rendered":"http:\/\/lyonbondyblog.fr\/LBB\/?p=19478"},"modified":"2020-03-13T17:45:57","modified_gmt":"2020-03-13T16:45:57","slug":"nadir-farah-candidat-aux-municipales-de-vaulx-en-velin-a-tenu-son-discours-de-presentation","status":"publish","type":"post","link":"https:\/\/lyonbondyblog.fr\/LBB\/nadir-farah-candidat-aux-municipales-de-vaulx-en-velin-a-tenu-son-discours-de-presentation\/","title":{"rendered":"Nadir Farah, candidat aux municipales de Vaulx-en-Velin a tenu son discours de pr\u00e9sentation"},"content":{"rendered":"<h4>Le candidat aux municipales Nadir Farah a pr\u00e9sent\u00e9 son programme et son \u00e9quipe hier soir, jeudi 12 mars, devant environs 90 personnes.<\/h4>\n<p>Jeudi 12 mars dans la soir\u00e9e, Nadir Farah, candidat aux \u00e9lections municipales de Vaulx-en-Velin pour le Mouvement Citoyen, a tenu un discours devant environ 90 personnes. Ce discours, ouvert au public, a permis au candidat de pr\u00e9senter son programme et l\u2019\u00e9quipe qui constituera sa liste \u00e9lectorale. La pr\u00e9sentation a eu lieu dans la salle polyvalente municipale Victor JARA \u00e0 l\u2019Ouest de Vaulx-en-Velin.<\/p>\n<p>&nbsp;<\/p>\n<p>Pierre-Olivier ISAAC<\/p>\n<!-- AddThis Advanced Settings generic via filter on the_content --><!-- AddThis Share Buttons generic via filter on the_content -->","protected":false},"excerpt":{"rendered":"<p>Le candidat aux municipales Nadir Farah a pr\u00e9sent\u00e9 son programme et son \u00e9quipe hier soir, jeudi 12 mars, devant environs 90 personnes. Jeudi 12 mars &hellip; <!-- AddThis Advanced Settings generic via filter on wp_trim_excerpt --><!-- AddThis Share Buttons generic via filter on wp_trim_excerpt --><\/p>\n","protected":false},"author":1,"featured_media":19479,"comment_status":"open","ping_status":"open","sticky":false,"template":"","format":"standard","meta":{"_FSMCFIC_featured_image_caption":"","_FSMCFIC_featured_image_nocaption":"","_FSMCFIC_featured_image_hide":"","footnotes":""},"categories":[13120,6,3891],"tags":[],"class_list":["post-19478","post","type-post","status-publish","format-standard","has-post-thumbnail","hentry","category-municipales-2020","category-politique","category-vaulx-en-velin"],"yoast_head":"<!-- This site is optimized with the Yoast SEO plugin v22.8 - https:\/\/yoast.com\/wordpress\/plugins\/seo\/ -->\n<title>Nadir Farah, candidat aux municipales de Vaulx-en-Velin a tenu son discours de pr\u00e9sentation - Lyon Bondy Blog<\/title>\n<meta name=\"robots\" content=\"index, follow, max-snippet:-1, max-image-preview:large, max-video-preview:-1\" \/>\n<link rel=\"canonical\" href=\"https:\/\/lyonbondyblog.fr\/LBB\/nadir-farah-candidat-aux-municipales-de-vaulx-en-velin-a-tenu-son-discours-de-presentation\/\" \/>\n<meta property=\"og:locale\" content=\"fr_FR\" \/>\n<meta property=\"og:type\" content=\"article\" \/>\n<meta property=\"og:title\" content=\"Nadir Farah, candidat aux municipales de Vaulx-en-Velin a tenu son discours de pr\u00e9sentation - Lyon Bondy Blog\" \/>\n<meta property=\"og:description\" content=\"Le candidat aux municipales Nadir Farah a pr\u00e9sent\u00e9 son programme et son \u00e9quipe hier soir, jeudi 12 mars, devant environs 90 personnes. Jeudi 12 mars &hellip;\" \/>\n<meta property=\"og:url\" content=\"https:\/\/lyonbondyblog.fr\/LBB\/nadir-farah-candidat-aux-municipales-de-vaulx-en-velin-a-tenu-son-discours-de-presentation\/\" \/>\n<meta property=\"og:site_name\" content=\"Lyon Bondy Blog\" \/>\n<meta property=\"article:publisher\" content=\"https:\/\/www.facebook.com\/lyonbondyblog\" \/>\n<meta property=\"article:author\" content=\"https:\/\/www.facebook.com\/lyonbondyblog\" \/>\n<meta property=\"article:published_time\" content=\"2020-03-13T16:45:57+00:00\" \/>\n<meta property=\"og:image\" content=\"https:\/\/lyonbondyblog.fr\/LBB\/wp-content\/uploads\/2020\/03\/lancement-campagne-municipales-2020-4-e1584117894296.jpg\" \/>\n\t<meta property=\"og:image:width\" content=\"458\" \/>\n\t<meta property=\"og:image:height\" content=\"453\" \/>\n\t<meta property=\"og:image:type\" content=\"image\/jpeg\" \/>\n<meta name=\"author\" content=\"La r\u00e9daction\" \/>\n<meta name=\"twitter:card\" content=\"summary_large_image\" \/>\n<meta name=\"twitter:creator\" content=\"@BondyBlogLyon\" \/>\n<meta name=\"twitter:site\" content=\"@bondybloglyon\" \/>\n<script type=\"application\/ld+json\" class=\"yoast-schema-graph\">{\"@context\":\"https:\/\/schema.org\",\"@graph\":[{\"@type\":\"Article\",\"@id\":\"https:\/\/lyonbondyblog.fr\/LBB\/nadir-farah-candidat-aux-municipales-de-vaulx-en-velin-a-tenu-son-discours-de-presentation\/#article\",\"isPartOf\":{\"@id\":\"https:\/\/lyonbondyblog.fr\/LBB\/nadir-farah-candidat-aux-municipales-de-vaulx-en-velin-a-tenu-son-discours-de-presentation\/\"},\"author\":{\"name\":\"La r\u00e9daction\",\"@id\":\"https:\/\/lyonbondyblog.fr\/LBB\/#\/schema\/person\/e45f8d27baac75072daa0be50c409b25\"},\"headline\":\"Nadir Farah, candidat aux municipales de Vaulx-en-Velin a tenu son discours de pr\u00e9sentation\",\"datePublished\":\"2020-03-13T16:45:57+00:00\",\"dateModified\":\"2020-03-13T16:45:57+00:00\",\"mainEntityOfPage\":{\"@id\":\"https:\/\/lyonbondyblog.fr\/LBB\/nadir-farah-candidat-aux-municipales-de-vaulx-en-velin-a-tenu-son-discours-de-presentation\/\"},\"wordCount\":102,\"commentCount\":0,\"publisher\":{\"@id\":\"https:\/\/lyonbondyblog.fr\/LBB\/#organization\"},\"image\":{\"@id\":\"https:\/\/lyonbondyblog.fr\/LBB\/nadir-farah-candidat-aux-municipales-de-vaulx-en-velin-a-tenu-son-discours-de-presentation\/#primaryimage\"},\"thumbnailUrl\":\"https:\/\/lyonbondyblog.fr\/LBB\/wp-content\/uploads\/2020\/03\/lancement-campagne-municipales-2020-4-e1584117894296.jpg\",\"articleSection\":[\"Municipales 2020\",\"Politique\",\"Vaulx-en-Velin\"],\"inLanguage\":\"fr-FR\",\"potentialAction\":[{\"@type\":\"CommentAction\",\"name\":\"Comment\",\"target\":[\"https:\/\/lyonbondyblog.fr\/LBB\/nadir-farah-candidat-aux-municipales-de-vaulx-en-velin-a-tenu-son-discours-de-presentation\/#respond\"]}]},{\"@type\":\"WebPage\",\"@id\":\"https:\/\/lyonbondyblog.fr\/LBB\/nadir-farah-candidat-aux-municipales-de-vaulx-en-velin-a-tenu-son-discours-de-presentation\/\",\"url\":\"https:\/\/lyonbondyblog.fr\/LBB\/nadir-farah-candidat-aux-municipales-de-vaulx-en-velin-a-tenu-son-discours-de-presentation\/\",\"name\":\"Nadir Farah, candidat aux municipales de Vaulx-en-Velin a tenu son discours de pr\u00e9sentation - Lyon Bondy Blog\",\"isPartOf\":{\"@id\":\"https:\/\/lyonbondyblog.fr\/LBB\/#website\"},\"primaryImageOfPage\":{\"@id\":\"https:\/\/lyonbondyblog.fr\/LBB\/nadir-farah-candidat-aux-municipales-de-vaulx-en-velin-a-tenu-son-discours-de-presentation\/#primaryimage\"},\"image\":{\"@id\":\"https:\/\/lyonbondyblog.fr\/LBB\/nadir-farah-candidat-aux-municipales-de-vaulx-en-velin-a-tenu-son-discours-de-presentation\/#primaryimage\"},\"thumbnailUrl\":\"https:\/\/lyonbondyblog.fr\/LBB\/wp-content\/uploads\/2020\/03\/lancement-campagne-municipales-2020-4-e1584117894296.jpg\",\"datePublished\":\"2020-03-13T16:45:57+00:00\",\"dateModified\":\"2020-03-13T16:45:57+00:00\",\"inLanguage\":\"fr-FR\",\"potentialAction\":[{\"@type\":\"ReadAction\",\"target\":[\"https:\/\/lyonbondyblog.fr\/LBB\/nadir-farah-candidat-aux-municipales-de-vaulx-en-velin-a-tenu-son-discours-de-presentation\/\"]}]},{\"@type\":\"ImageObject\",\"inLanguage\":\"fr-FR\",\"@id\":\"https:\/\/lyonbondyblog.fr\/LBB\/nadir-farah-candidat-aux-municipales-de-vaulx-en-velin-a-tenu-son-discours-de-presentation\/#primaryimage\",\"url\":\"https:\/\/lyonbondyblog.fr\/LBB\/wp-content\/uploads\/2020\/03\/lancement-campagne-municipales-2020-4-e1584117894296.jpg\",\"contentUrl\":\"https:\/\/lyonbondyblog.fr\/LBB\/wp-content\/uploads\/2020\/03\/lancement-campagne-municipales-2020-4-e1584117894296.jpg\",\"width\":458,\"height\":453},{\"@type\":\"WebSite\",\"@id\":\"https:\/\/lyonbondyblog.fr\/LBB\/#website\",\"url\":\"https:\/\/lyonbondyblog.fr\/LBB\/\",\"name\":\"Lyon Bondy Blog\",\"description\":\"\",\"publisher\":{\"@id\":\"https:\/\/lyonbondyblog.fr\/LBB\/#organization\"},\"potentialAction\":[{\"@type\":\"SearchAction\",\"target\":{\"@type\":\"EntryPoint\",\"urlTemplate\":\"https:\/\/lyonbondyblog.fr\/LBB\/?s={search_term_string}\"},\"query-input\":\"required name=search_term_string\"}],\"inLanguage\":\"fr-FR\"},{\"@type\":\"Organization\",\"@id\":\"https:\/\/lyonbondyblog.fr\/LBB\/#organization\",\"name\":\"LYON BONDY BLOG\",\"url\":\"https:\/\/lyonbondyblog.fr\/LBB\/\",\"logo\":{\"@type\":\"ImageObject\",\"inLanguage\":\"fr-FR\",\"@id\":\"https:\/\/lyonbondyblog.fr\/LBB\/#\/schema\/logo\/image\/\",\"url\":\"http:\/\/lyonbondyblog.fr\/LBB\/wp-content\/uploads\/2014\/10\/logo-portable-144.png\",\"contentUrl\":\"http:\/\/lyonbondyblog.fr\/LBB\/wp-content\/uploads\/2014\/10\/logo-portable-144.png\",\"width\":144,\"height\":123,\"caption\":\"LYON BONDY BLOG\"},\"image\":{\"@id\":\"https:\/\/lyonbondyblog.fr\/LBB\/#\/schema\/logo\/image\/\"},\"sameAs\":[\"https:\/\/www.facebook.com\/lyonbondyblog\",\"https:\/\/x.com\/bondybloglyon\"]},{\"@type\":\"Person\",\"@id\":\"https:\/\/lyonbondyblog.fr\/LBB\/#\/schema\/person\/e45f8d27baac75072daa0be50c409b25\",\"name\":\"La r\u00e9daction\",\"description\":\"Cr\u00e9e en 2008, la r\u00e9daction du Lyon Bondy Blog s'applique \u00e0 proposer une information locale diff\u00e9rente et compl\u00e9mentaire des m\u00e9dias traditionnels.\",\"sameAs\":[\"https:\/\/www.facebook.com\/lyonbondyblog\",\"https:\/\/x.com\/BondyBlogLyon\"],\"url\":\"https:\/\/lyonbondyblog.fr\/LBB\/author\/admin\/\"}]}<\/script>\n<!-- \/ Yoast SEO plugin. -->","yoast_head_json":{"title":"Nadir Farah, candidat aux municipales de Vaulx-en-Velin a tenu son discours de pr\u00e9sentation - Lyon Bondy Blog","robots":{"index":"index","follow":"follow","max-snippet":"max-snippet:-1","max-image-preview":"max-image-preview:large","max-video-preview":"max-video-preview:-1"},"canonical":"https:\/\/lyonbondyblog.fr\/LBB\/nadir-farah-candidat-aux-municipales-de-vaulx-en-velin-a-tenu-son-discours-de-presentation\/","og_locale":"fr_FR","og_type":"article","og_title":"Nadir Farah, candidat aux municipales de Vaulx-en-Velin a tenu son discours de pr\u00e9sentation - Lyon Bondy Blog","og_description":"Le candidat aux municipales Nadir Farah a pr\u00e9sent\u00e9 son programme et son \u00e9quipe hier soir, jeudi 12 mars, devant environs 90 personnes. Jeudi 12 mars &hellip;","og_url":"https:\/\/lyonbondyblog.fr\/LBB\/nadir-farah-candidat-aux-municipales-de-vaulx-en-velin-a-tenu-son-discours-de-presentation\/","og_site_name":"Lyon Bondy Blog","article_publisher":"https:\/\/www.facebook.com\/lyonbondyblog","article_author":"https:\/\/www.facebook.com\/lyonbondyblog","article_published_time":"2020-03-13T16:45:57+00:00","og_image":[{"width":458,"height":453,"url":"https:\/\/lyonbondyblog.fr\/LBB\/wp-content\/uploads\/2020\/03\/lancement-campagne-municipales-2020-4-e1584117894296.jpg","type":"image\/jpeg"}],"author":"La r\u00e9daction","twitter_card":"summary_large_image","twitter_creator":"@BondyBlogLyon","twitter_site":"@bondybloglyon","schema":{"@context":"https:\/\/schema.org","@graph":[{"@type":"Article","@id":"https:\/\/lyonbondyblog.fr\/LBB\/nadir-farah-candidat-aux-municipales-de-vaulx-en-velin-a-tenu-son-discours-de-presentation\/#article","isPartOf":{"@id":"https:\/\/lyonbondyblog.fr\/LBB\/nadir-farah-candidat-aux-municipales-de-vaulx-en-velin-a-tenu-son-discours-de-presentation\/"},"author":{"name":"La r\u00e9daction","@id":"https:\/\/lyonbondyblog.fr\/LBB\/#\/schema\/person\/e45f8d27baac75072daa0be50c409b25"},"headline":"Nadir Farah, candidat aux municipales de Vaulx-en-Velin a tenu son discours de pr\u00e9sentation","datePublished":"2020-03-13T16:45:57+00:00","dateModified":"2020-03-13T16:45:57+00:00","mainEntityOfPage":{"@id":"https:\/\/lyonbondyblog.fr\/LBB\/nadir-farah-candidat-aux-municipales-de-vaulx-en-velin-a-tenu-son-discours-de-presentation\/"},"wordCount":102,"commentCount":0,"publisher":{"@id":"https:\/\/lyonbondyblog.fr\/LBB\/#organization"},"image":{"@id":"https:\/\/lyonbondyblog.fr\/LBB\/nadir-farah-candidat-aux-municipales-de-vaulx-en-velin-a-tenu-son-discours-de-presentation\/#primaryimage"},"thumbnailUrl":"https:\/\/lyonbondyblog.fr\/LBB\/wp-content\/uploads\/2020\/03\/lancement-campagne-municipales-2020-4-e1584117894296.jpg","articleSection":["Municipales 2020","Politique","Vaulx-en-Velin"],"inLanguage":"fr-FR","potentialAction":[{"@type":"CommentAction","name":"Comment","target":["https:\/\/lyonbondyblog.fr\/LBB\/nadir-farah-candidat-aux-municipales-de-vaulx-en-velin-a-tenu-son-discours-de-presentation\/#respond"]}]},{"@type":"WebPage","@id":"https:\/\/lyonbondyblog.fr\/LBB\/nadir-farah-candidat-aux-municipales-de-vaulx-en-velin-a-tenu-son-discours-de-presentation\/","url":"https:\/\/lyonbondyblog.fr\/LBB\/nadir-farah-candidat-aux-municipales-de-vaulx-en-velin-a-tenu-son-discours-de-presentation\/","name":"Nadir Farah, candidat aux municipales de Vaulx-en-Velin a tenu son discours de pr\u00e9sentation - Lyon Bondy Blog","isPartOf":{"@id":"https:\/\/lyonbondyblog.fr\/LBB\/#website"},"primaryImageOfPage":{"@id":"https:\/\/lyonbondyblog.fr\/LBB\/nadir-farah-candidat-aux-municipales-de-vaulx-en-velin-a-tenu-son-discours-de-presentation\/#primaryimage"},"image":{"@id":"https:\/\/lyonbondyblog.fr\/LBB\/nadir-farah-candidat-aux-municipales-de-vaulx-en-velin-a-tenu-son-discours-de-presentation\/#primaryimage"},"thumbnailUrl":"https:\/\/lyonbondyblog.fr\/LBB\/wp-content\/uploads\/2020\/03\/lancement-campagne-municipales-2020-4-e1584117894296.jpg","datePublished":"2020-03-13T16:45:57+00:00","dateModified":"2020-03-13T16:45:57+00:00","inLanguage":"fr-FR","potentialAction":[{"@type":"ReadAction","target":["https:\/\/lyonbondyblog.fr\/LBB\/nadir-farah-candidat-aux-municipales-de-vaulx-en-velin-a-tenu-son-discours-de-presentation\/"]}]},{"@type":"ImageObject","inLanguage":"fr-FR","@id":"https:\/\/lyonbondyblog.fr\/LBB\/nadir-farah-candidat-aux-municipales-de-vaulx-en-velin-a-tenu-son-discours-de-presentation\/#primaryimage","url":"https:\/\/lyonbondyblog.fr\/LBB\/wp-content\/uploads\/2020\/03\/lancement-campagne-municipales-2020-4-e1584117894296.jpg","contentUrl":"https:\/\/lyonbondyblog.fr\/LBB\/wp-content\/uploads\/2020\/03\/lancement-campagne-municipales-2020-4-e1584117894296.jpg","width":458,"height":453},{"@type":"WebSite","@id":"https:\/\/lyonbondyblog.fr\/LBB\/#website","url":"https:\/\/lyonbondyblog.fr\/LBB\/","name":"Lyon Bondy Blog","description":"","publisher":{"@id":"https:\/\/lyonbondyblog.fr\/LBB\/#organization"},"potentialAction":[{"@type":"SearchAction","target":{"@type":"EntryPoint","urlTemplate":"https:\/\/lyonbondyblog.fr\/LBB\/?s={search_term_string}"},"query-input":"required name=search_term_string"}],"inLanguage":"fr-FR"},{"@type":"Organization","@id":"https:\/\/lyonbondyblog.fr\/LBB\/#organization","name":"LYON BONDY BLOG","url":"https:\/\/lyonbondyblog.fr\/LBB\/","logo":{"@type":"ImageObject","inLanguage":"fr-FR","@id":"https:\/\/lyonbondyblog.fr\/LBB\/#\/schema\/logo\/image\/","url":"http:\/\/lyonbondyblog.fr\/LBB\/wp-content\/uploads\/2014\/10\/logo-portable-144.png","contentUrl":"http:\/\/lyonbondyblog.fr\/LBB\/wp-content\/uploads\/2014\/10\/logo-portable-144.png","width":144,"height":123,"caption":"LYON BONDY BLOG"},"image":{"@id":"https:\/\/lyonbondyblog.fr\/LBB\/#\/schema\/logo\/image\/"},"sameAs":["https:\/\/www.facebook.com\/lyonbondyblog","https:\/\/x.com\/bondybloglyon"]},{"@type":"Person","@id":"https:\/\/lyonbondyblog.fr\/LBB\/#\/schema\/person\/e45f8d27baac75072daa0be50c409b25","name":"La r\u00e9daction","description":"Cr\u00e9e en 2008, la r\u00e9daction du Lyon Bondy Blog s'applique \u00e0 proposer une information locale diff\u00e9rente et compl\u00e9mentaire des m\u00e9dias traditionnels.","sameAs":["https:\/\/www.facebook.com\/lyonbondyblog","https:\/\/x.com\/BondyBlogLyon"],"url":"https:\/\/lyonbondyblog.fr\/LBB\/author\/admin\/"}]}},"_links":{"self":[{"href":"https:\/\/lyonbondyblog.fr\/LBB\/wp-json\/wp\/v2\/posts\/19478","targetHints":{"allow":["GET"]}}],"collection":[{"href":"https:\/\/lyonbondyblog.fr\/LBB\/wp-json\/wp\/v2\/posts"}],"about":[{"href":"https:\/\/lyonbondyblog.fr\/LBB\/wp-json\/wp\/v2\/types\/post"}],"author":[{"embeddable":true,"href":"https:\/\/lyonbondyblog.fr\/LBB\/wp-json\/wp\/v2\/users\/1"}],"replies":[{"embeddable":true,"href":"https:\/\/lyonbondyblog.fr\/LBB\/wp-json\/wp\/v2\/comments?post=19478"}],"version-history":[{"count":1,"href":"https:\/\/lyonbondyblog.fr\/LBB\/wp-json\/wp\/v2\/posts\/19478\/revisions"}],"predecessor-version":[{"id":19480,"href":"https:\/\/lyonbondyblog.fr\/LBB\/wp-json\/wp\/v2\/posts\/19478\/revisions\/19480"}],"wp:featuredmedia":[{"embeddable":true,"href":"https:\/\/lyonbondyblog.fr\/LBB\/wp-json\/wp\/v2\/media\/19479"}],"wp:attachment":[{"href":"https:\/\/lyonbondyblog.fr\/LBB\/wp-json\/wp\/v2\/media?parent=19478"}],"wp:term":[{"taxonomy":"category","embeddable":true,"href":"https:\/\/lyonbondyblog.fr\/LBB\/wp-json\/wp\/v2\/categories?post=19478"},{"taxonomy":"post_tag","embeddable":true,"href":"https:\/\/lyonbondyblog.fr\/LBB\/wp-json\/wp\/v2\/tags?post=19478"}],"curies":[{"name":"wp","href":"https:\/\/api.w.org\/{rel}","templated":true}]}}