{"id":19437,"date":"2020-03-11T16:57:17","date_gmt":"2020-03-11T15:57:17","guid":{"rendered":"http:\/\/lyonbondyblog.fr\/LBB\/?p=19437"},"modified":"2020-03-11T16:57:17","modified_gmt":"2020-03-11T15:57:17","slug":"interview-helene-geoffroy-de-nouveaux-projets-pour-vaulx-en-velin-partie-2","status":"publish","type":"post","link":"https:\/\/lyonbondyblog.fr\/LBB\/interview-helene-geoffroy-de-nouveaux-projets-pour-vaulx-en-velin-partie-2\/","title":{"rendered":"[Interview] H\u00e9l\u00e8ne Geoffroy, de nouveaux projets pour Vaulx-en-Velin &#8211; Partie 2"},"content":{"rendered":"<h4>H\u00e9l\u00e8ne Geoffroy, candidate investie par le Parti Socialiste, pr\u00e9sente la liste \u201cEnsemble avec H\u00e9l\u00e8ne Geoffroy, pour r\u00e9ussir Vaulx-En-Velin\u201d aux \u00e9lections municipales de mars 2020. Le Lyon Bondy Blog l\u2019a interview\u00e9.<\/h4>\n<p><a href=\"https:\/\/lyonbondyblog.fr\/LBB\/interview-helene-geoffroy-de-nouveaux-projets-pour-vaulx-en-velin-partie-1\/\">Retrouvez la partie 1 ici.<\/a><\/p>\n<h4>Et vous pensez que dans 6 ans le tramway sera pr\u00e9sent \u00e0 Vaulx ?<\/h4>\n<p>Oui, il sera pr\u00e9sent \u00e0 Vaulx dans 6 ans, cela fait partie des choses faisables, les \u00e9tudes l&rsquo;ont d\u00e9montr\u00e9, et si je mets ma casquette professionnelle, vous savez que je suis de formation enseignant-chercheur en m\u00e9canique des structures. J&rsquo;apprenais cela aux \u00e9tudiants, \u00e0 calculer les ouvrages, donc je vous confirme que c&rsquo;est faisable, dans des prix que le Sytral peut abonder. Apr\u00e8s si \u00e9videmment, la majorit\u00e9 m\u00e9tropolitaine d\u00e9cide de d\u00e9velopper le transport que sur l&rsquo;Ouest lyonnais, elle d\u00e9ciderait de supprimer l\u2019endroit o\u00f9 se d\u00e9veloppe la m\u00e9tropole. L&rsquo;Est lyonnais historiquement c&rsquo;est les salari\u00e9s, c&rsquo;est o\u00f9 sont les usines qui ne peuvent pas s&rsquo;installer sur Lyon\/Villeurbanne, elles installent des maisons pour les salari\u00e9s. L&rsquo;histoire de Vaulx-Sud ce sont les usines textiles, nous avons les grosses entreprises BTP, tout ce monde s&rsquo;installe \u00e0 l&rsquo;Est. Donc nous avons des entreprises. Et puis quand Lyon et Villeurbanne sont devenus trop chers pour acheter c&rsquo;est chez nous que sont venus les salari\u00e9s. L&rsquo;Ouest lyonnais est trop cher pour un primo-acc\u00e9dant, il y a eu un moment entre 2008 et 2014, nous avons \u00e9t\u00e9 vus sur les sch\u00e9mas de d\u00e9veloppement, comme une forme de r\u00e9serve fonci\u00e8re. Avec une acc\u00e9l\u00e9ration des constructions, dans tout l&rsquo;Est, \u00e0 Vaulx, mais aussi D\u00e9cines, Meyzieu, Bron. J\u2019ai dit nous freinons, dans le nouveau plan local d&rsquo;urbanisme et d&rsquo;habitat qui a \u00e9t\u00e9 vot\u00e9. Nous divisons par deux le rythme de construction. Construire sans faire les \u00e9coles, les gymnases, assurer la tranquillit\u00e9, la s\u00e9curit\u00e9 publique c&rsquo;est se pr\u00e9parer des dysfonctionnements majeurs en terme urbain. Nous souhaitons le maitriser pour accueillir les habitants dans de bonnes conditions et pour cela il faut le transport. Parce qu&rsquo;apr\u00e8s il faut que les salari\u00e9s se d\u00e9placent sinon nous aurons des embouteillages. Il y a une autre ligne importante, c&rsquo;est la A8 le long du BUE, qu&rsquo;il faudra faire. Permettant de relier Vaulx-en-Velin, D\u00e9cines, Bron, V\u00e9nissieux, Feyzin, Saint-Fons, pour \u00e9viter de passer par Lyon. Nous voulons que des morceaux soient commenc\u00e9s. L&rsquo;id\u00e9e est de faire une partie du Sud, \u00e0 partir de Saint-Fons, Feyzin, V\u00e9nissieux que nous commen\u00e7ons. Que les \u00e9tudes soient faites pour le boucler, peut-\u00eatre qu&rsquo;un mandat ne suffira pas, mais au moins le lancer.<\/p>\n<h4>Avec la construction de lignes de tramways, cela ne va pas augmenter les prix des loyers ?<\/h4>\n<p>Il y a des endroits sur Vaulx o\u00f9 ils sont \u00e0 1000 euros le m\u00e8tre carr\u00e9, cela d\u00e9pend d&rsquo;o\u00f9 on parle, nous sommes en dessous du prix moyen du m\u00e8tre carr\u00e9, nous sommes en train de nous transformer en ville riche. Nous sommes sur un principe simple, il faut pouvoir avoir des villes o\u00f9 nous avons des \u00e9quilibres, une ville o\u00f9 il y avait pr\u00e8s de 70 pour cent de logements sociaux, est une ville pour laquelle cela veut dire que toutes celles autour ont d\u00e9cid\u00e9 qu&rsquo;elles n&rsquo;accueillaient aucune personne en situation de pr\u00e9carit\u00e9. Vous savez, j&rsquo;ai \u00e9t\u00e9 Secr\u00e9taire d&rsquo;\u00c9tat \u00e0 la ville donc j&rsquo;ai eu l&rsquo;occasion de suivre les politiques li\u00e9es \u00e0 la loi SARU, c\u2019est-\u00e0-dire 5les villes qui doivent faire au moins 25 pour cent de logements sociaux. Il y a un certain nombre de villes qui ont pr\u00e9f\u00e9r\u00e9 payer des amendes pour ne pas faire de logements sociaux, y compris dans notre agglom\u00e9ration. Des lois successives ont permis de changer \u00e7a car d\u00e9sormais le pr\u00e9fet prend la main et fait construire d&rsquo;office des logements sociaux. Aujourd&rsquo;hui la question n&rsquo;est pas de se dire si nous allons nous transformer en ville riche, nous sommes \u00e0 56 pour cent de logements sociaux, mon objectif c&rsquo;est d&rsquo;\u00eatre \u00e0 50 pour cent. Ce qui est tr\u00e8s haut, parce que vous devez offrir des perspectives, ce qu&rsquo;il se passe c&rsquo;est que les habitants de Vaulx quand ils veulent quitter un logement social parce que leur situation \u00e9volue, ils veulent aller \u00e0 l&rsquo;ext\u00e9rieur. Pendant tr\u00e8s longtemps, les habitants qui reviennent ayant achet\u00e9s au Carr\u00e9 de Soie, ce sont souvent d&rsquo;anciens vaudais qui se sont dit enfin je trouve un produit, un parcours r\u00e9sidentiel qui me corresponde. Les vaudais en situation de pr\u00e9carit\u00e9, ce que je souhaite c&rsquo;est qu&rsquo;ils vivent la transformation de Vaulx en quelque chose de plus positif, donc quand nous lan\u00e7ons la r\u00e9habilitation de 2000 logements sociaux, ce ne sont pas seulement les logements neufs qui auront le droit aux belles choses. Ceux qui sont l\u00e0 depuis toujours au Mas du Taureau, qui ont v\u00e9cu toutes les crises du Mas, ils ont le droit d&rsquo;avoir aussi des logements dignes et de beaux immeubles, et ils vivront dans un quartier dans lequel nous vivons ensemble. Parce que je fais de l&rsquo;activit\u00e9 \u00e9conomique pour \u00e9viter une ville dortoir, un champ universitaire et des \u00e9tudiants, du logement social, de l&rsquo;accession \u00e0 la propri\u00e9t\u00e9, du logement pas social. Des commerces et des \u00e9coles refaites, une m\u00e9diath\u00e8que, cela veut dire que nous construisons les conditions du vivre ensemble, c\u2019est ne pas se dire faisons de Vaulx une sp\u00e9cialit\u00e9 de toutes les difficult\u00e9s sociales. Dans cet \u00e9quilibre que je souhaite avoir, c&rsquo;est cesser de voir Vaulx comme la ville r\u00e9ceptacle de toutes les difficult\u00e9s, qui fait que les gens nous regardent de loin, parfois avec un peu de commis\u00e9ration, beaucoup de paternalisme, cela m&rsquo;est insupportable. Pour r\u00e9ussir la m\u00e9tropole, il faut que toutes les villes jouent le jeu, toutes les villes doivent accueillir des personnes en logement social, des gens en situation d&rsquo;h\u00e9bergement, des r\u00e9fugi\u00e9s. Sinon nous faisons des territoires \u00e0 plusieurs vitesses et ceux qui emp\u00e2tassent ce sont les jeunes de Vaulx-en-Velin. Donc il faut que nous pensions \u00e0 eux aussi et il faut que nous renvoyions une image d&rsquo;une ville dans laquelle tout le monde vit bien ensemble. Cela aidera tout le monde, y compris les plus jeunes du territoire.<\/p>\n<h4>Votre id\u00e9e c&rsquo;est aussi d&rsquo;avoir un regard sur la hausse des prix \u00e0 Vaulx-en-Velin pour que \u00e7a n&rsquo;explose pas ?<\/h4>\n<p>Cela n&rsquo;explosera pas \u00e0 Vaulx-en-Velin dans le moment o\u00f9 nous sommes. L\u00e0 j&rsquo;en suis au point o\u00f9 j&rsquo;essaye de faire en sorte d&rsquo;am\u00e9liorer les conditions d&rsquo;attractivit\u00e9 de la ville pour faire que ceux qui ont achet\u00e9s il y a quelque temps, ceux propri\u00e9taires depuis longtemps, qui ont vieillis aujourd\u2019hui, et dont c&rsquo;est le seul bien. Ne se retrouve pas coinc\u00e9, sans patrimoine, \u00e0 transmettre parce que leurs biens aujourd&rsquo;hui est tr\u00e8s sous-\u00e9valu\u00e9. J&rsquo;ai des gens qui se demandent s\u2019ils vont arriver avec ce qu&rsquo;ils ont pay\u00e9s toutes leurs vies \u00e0 transmettre quelque chose \u00e0 leurs enfants, entre le moment o\u00f9 ils ont achet\u00e9 et maintenant. C&rsquo;\u00e9tait il y a 30 ans et malgr\u00e9 tout, il n\u2019y a aucun rapport avec le sujet, certains ont peur d&rsquo;\u00eatre dans une assignation \u00e0 r\u00e9sidence, et c&rsquo;est l\u00e0 qu&rsquo;est mon travail. C&rsquo;est l&rsquo;\u00e9quipe pr\u00e9c\u00e9dente qui a lanc\u00e9 l&rsquo;explosion de la promotion immobili\u00e8re, que j&rsquo;ai moi r\u00e9gul\u00e9e. Nous \u00e9tions \u00e0 mille logements construits par an, quand je suis arriv\u00e9e j&rsquo;ai stopp\u00e9 des projets, j&rsquo;ai plusieurs millions d&rsquo;euros d\u00e9pens\u00e9s pour mettre un frein \u00e0 ces derniers, normalement c&rsquo;est l&rsquo;inverse. Parce que je savais que si je les laissais aller jusqu&rsquo;au bout, je donnais les conditions d&rsquo;un futur dysfonctionnement urbain. Il y a certains endroits o\u00f9 j&rsquo;ai arr\u00eat\u00e9, parce que l&rsquo;\u00e9quipe pr\u00e9c\u00e9dente avait laiss\u00e9 prosp\u00e9rer de la construction sur un mode anarchique. C&rsquo;est-\u00e0-dire que c&rsquo;est les promoteurs qui construisaient, 600 logements, ils le faisaient tranquille, tout seuls, sans aucune consigne, alors ce n\u2019est pas possible. J&rsquo;ai tout remis au clair, avec le plan d&rsquo;urbanisme et d&rsquo;habitat, nous avons dit les endroits o\u00f9 nous pouvions construire, les endroits o\u00f9 nous gardions les pavillons, les endroits o\u00f9 nous gardions du patrimoine. Je trouve anormal que nous fassions comme si Vaulx \u00e9tait une terre sans histoire et que nous faisions table rase du pass\u00e9, nous avons du patrimoine, il y a des endroits o\u00f9 j&rsquo;ai des fermes que je veux conserver, d&rsquo;autres des formes de pavillon. L&rsquo;architecture ouvri\u00e8re du Sud qui est caract\u00e9ristique du patrimoine du 19e si\u00e8cle, nous aussi nous avons un vieux Vaulx, comme il y a un Vieux-Lyon et j&rsquo;ai fait en sorte qu&rsquo;il soit inscrit au PLUH pour que quand des gens veulent construire une ferme nous lui laissions un caract\u00e8re de ferme vaudaise. Si vous voulez ce mandat-l\u00e0, aura permis au contraire de remettre de la r\u00e9gulation l\u00e0 o\u00f9 il n&rsquo;y en avait plus, en divisant par deux le volume des constructions. Ce qui a permis d&rsquo;\u00eatre enfin r\u00e8gle.<\/p>\n<h4>Dans ces emprises fonci\u00e8res, vous avez pr\u00e9vu des espaces verts ?<\/h4>\n<p>Dans le nouveau PUH nous avons augment\u00e9 le rapport entre espace vert et construction, il faut d\u00e9sormais plus d&rsquo;espaces verts quand nous construisons. Nous avons aussi r\u00e9troc\u00e9d\u00e9 des terres en terres agricoles, plus de 30 hectares ont \u00e9t\u00e9 r\u00e9troc\u00e9d\u00e9s en terres agricoles, espaces naturels puisque nous nous avons des maraichers. Nous avons un nombre d&rsquo;hectares un des plus importants de la m\u00e9tropole, ce qui veut dire qu\u2019en termes de transition \u00e9cologique, d&rsquo;approvisionnement : avec les maraichers nous contribuons \u00e0 l&rsquo;agriculture p\u00e9ri urbaine, m\u00eame urbaine, notre sujet aujourd&rsquo;hui c&rsquo;est la question de la transmission, les maraichers vieillissent, il n&rsquo;y a pas toujours les enfants qui reprennent. La m\u00e9tropole vient avec nous, et la ville de D\u00e9cines travaille \u00e0 accompagner la transition, et donc \u00e0 accompagner ce projet.<\/p>\n<h4>Allez-vous travailler avec les agriculteurs pour nourrir les vaudais, notamment dans les cantines ?<\/h4>\n<p>C&rsquo;est le sujet, nous avons refait au d\u00e9but du mandat un march\u00e9 de la restauration scolaire car l&rsquo;\u00e9quipe pr\u00e9c\u00e9dente avait ferm\u00e9 la cuisine centrale. Nous avions fait avec les parents d&rsquo;\u00e9l\u00e8ves une concertation concernant achat de produits bios, les circuits courts, acheter le pain de la cantine aux boulangers de la ville. Et les choses progressent, nous avons augment\u00e9 la capacit\u00e9 du bio et le prestataire travaille sur des circuits courts, ce n&rsquo;est pas nous qui faisons directs, mais c&rsquo;est inscrit au cahier des charges. Cela permet de travailler sur le tri des d\u00e9chets, la quantit\u00e9 que nous consommons. Nous voyons d\u00e9j\u00e0 une nette am\u00e9lioration dans la quantit\u00e9 du service fourni dans les cantines.<\/p>\n<h4>Un probl\u00e8me existe \u00e0 Vaulx-en-Velin en termes de sant\u00e9 ? Avec notamment les m\u00e9decins qui refusent de s&rsquo;installer ?<\/h4>\n<p>Nous ne pouvons pas \u00eatre consid\u00e9r\u00e9s comme d\u00e9sert m\u00e9dical car nous avons beaucoup de m\u00e9decins dans les alentours proches. Mais le sujet est double \u00e0 Vaulx-en-Velin avec un manque de sp\u00e9cialistes, li\u00e9 pour partie qu&rsquo;une partie des sp\u00e9cialistes en France font des d\u00e9passements d&rsquo;honoraires et ne peuvent assumer des patients qui manquent de moyens, ne pouvant pas payer plus que ce qui est rembours\u00e9. Sur les g\u00e9n\u00e9ralistes nous sommes sur une population de m\u00e9decin qui commen\u00e7ait \u00e0 venir. Nous avons sign\u00e9 l&rsquo;ann\u00e9e derni\u00e8re un contrat avec l&rsquo;agence r\u00e9gionale de sant\u00e9, dont c&rsquo;est le but : emp\u00eacher les d\u00e9serts m\u00e9dicaux. Ce qui pourrait devenir pr\u00e9occupant, c&rsquo;est si les m\u00e9decins qui arrivent \u00e0 l&rsquo;\u00e2ge de la retraite ne sont pas remplac\u00e9s. D&rsquo;o\u00f9 l&rsquo;id\u00e9e pour nous d&rsquo;installer des maisons de sant\u00e9. Des professionnels de sant\u00e9 sont venus nous voir, ils voulaient s&rsquo;int\u00e9grer au projet. Au Sud, nous avons d\u00e9j\u00e0 pr\u00e9vu un RDC avec une maison de sant\u00e9. Les m\u00e9decins et professionnels de sant\u00e9, nous voulons une association \u00a0\u00bb les soins primaires de Vaulx-en-Velin\u00a0\u00bb, o\u00f9 il y a des m\u00e9decins, des kin\u00e9s, des infirmi\u00e8res. Il serait mieux plac\u00e9 pour \u00e9changer avec d&rsquo;autres professionnels de sant\u00e9. Nous pouvons faciliter l&rsquo;acc\u00e8s aux locaux, demander des subventions. Nous avons inscrit un axe sur la sant\u00e9 mentale, la psychiatrie est en difficult\u00e9 en France, trouver des sp\u00e9cialistes c&rsquo;est tr\u00e8s compliqu\u00e9, des d\u00e9lais d&rsquo;attente sur les CNP tr\u00e8s important aussi. Nous voulons \u00e9galement faire venir des sp\u00e9cialistes. Je ne doute pas qu&rsquo;ils viendront.<\/p>\n<h4>Comment on fait pour am\u00e9liorer l&rsquo;attractivit\u00e9 de la ville ?<\/h4>\n<p>Quand on est maire, il faut qu&rsquo;on puisse expliquer \u00e0 chacun que l&rsquo;on a un projet, une vision pour la ville. Il faut embarquer les gens en montrant des perspectives sur lesquels je peux m\u2019appuyer, c\u2019est une ville verte, il y a le Grand Parc, l&rsquo;eau que nous buvons dans la m\u00e9tropole est puis\u00e9e \u00e0 Vaulx. Nous sommes \u00e0 proximit\u00e9 de la gare et de l&rsquo;a\u00e9roport, nous avons les routes, nous sommes proches de Lyon.<br \/>\nQuand vous exposez tout cela au monde \u00e9conomique ce sont des choses qui parlent tr\u00e8s concr\u00e8tement, je me souviens quand nous r\u00e9fl\u00e9chissions au renouvellement urbain du Mas, moi je voulais que nous mettions de l&rsquo;activit\u00e9 \u00e9conomique, je ne voulais pas refaire un Mas o\u00f9 il n&rsquo;y a encore que du logement. Nous avons fait une \u00e9tude, ceux qui l&rsquo;ont faite n&rsquo;\u00e9taient pas de Vaulx, quand ils ont fait l&rsquo;\u00e9tude ils nous ont dit vous avez le potentiel pour mettre 25 000 m2 d&rsquo;activit\u00e9 \u00e9conomique et vous remplirez sans probl\u00e8me, en r\u00e9alit\u00e9 ce qui fait l&rsquo;attractivit\u00e9 d&rsquo;une ville c&rsquo;est aussi son environnement. Il y a la transformation urbaine massive qui est faite, comme le Carr\u00e9 de Soie. Les transports sont pr\u00e9sents \u00e9galement.<br \/>\nJ&rsquo;aborde cette \u00e9lection avec gravit\u00e9 et je dis aux habitants il faut faire des choix, les peser, peu importe ce que nous ferons, cela n&rsquo;ira pas toujours. J&rsquo;alerte aussi en disant qu&rsquo;il n&rsquo;y a pas de d\u00e9terminisme, d&rsquo;obligation, il faut se donner les moyens de suivre les chemins que nous voulons emprunter. Si nous ne maintenons pas cette m\u00eame \u00e9nergie, si nous ne sommes pas dans un suivi passionn\u00e9 et pr\u00e9cis de l&rsquo;ensemble de ces sujets, les financements repartent, les ambitions s&rsquo;\u00e9tiolent et ceux que vous avez convaincus s&rsquo;en vont. Le tramway par exemple il a fallu 40 ans pour qu&rsquo;il soit remis \u00e0 l&rsquo;agenda, mais pendant le mandat il ne faut rien l\u00e2cher. Il y a des sujets sur lesquels il faut que nous progressions, par exemple sur la question de la s\u00e9curit\u00e9 c&rsquo;est un sujet de pr\u00e9occupation claire des habitants, j&rsquo;ai quintupl\u00e9 les policiers municipaux sur le centre-ville. Justement parce que j&rsquo;ai une partie des habitants les plus fragiles de la ville. Il faut la remettre, c&rsquo;\u00e9tait une erreur quand Sarkozy l&rsquo;a supprim\u00e9, la p\u00e9riode des attentats les ont orient\u00e9s vers d&rsquo;autres ambitions. Aujourd&rsquo;hui nous sommes \u00e0 peine revenus au niveau quand Nicolas Sarkozy a commenc\u00e9 \u00e0 diminuer, et donc quand Sarkozy a commenc\u00e9 \u00e0 augmenter les ph\u00e9nom\u00e8nes pour pallier ce que nous connaissons, tel que les attentats. Sur ce mandat l&rsquo;actuel gouvernement continue \u00e0 augmenter les effectifs, mais la police est beaucoup mobilis\u00e9e sur le maintien de l&rsquo;ordre. Depuis deux ans il y a les gilets jaunes, des manifestations diverses. Ce qui fait que la police passe beaucoup de temps \u00e0 Paris. Nous avons renforc\u00e9 notre coordination avec la police nationale, nous avons sign\u00e9 une convention en termes de coproduction de s\u00e9curit\u00e9. Je sens une envie de r\u00e9ussite \u00e0 Vaulx-en-Velin, je le vois avec les parents qui mettent \u00e9norm\u00e9ment d&rsquo;\u00e9nergie dans la r\u00e9ussite de leurs enfants. Ils sont venus pour offrir un meilleur avenir \u00e0 leurs enfants, c&rsquo;est pour \u00e7a que je mets tant d&rsquo;\u00e9nergie, que les enfants puissent avoir des symboles qui viennent de la ville, qu&rsquo;il y a de la tranquillit\u00e9 sur l&rsquo;espace public. Les gens y ont le droit, c&rsquo;est pour \u00e7a que j&rsquo;ai assum\u00e9 ce qui a \u00e9t\u00e9 fait au d\u00e9but comme un positionnement qui semblait \u00e0 certains curieux en \u00e9tant parti socialiste.<\/p>\n<h4>Vous avez des n\u00e9gociations avec l&rsquo;\u00c9tat pour r\u00e9implanter des services publics \u00e0 Vaulx ?<\/h4>\n<p>Nan, autant la police nationale je le comprends, avec les temps de recrutement, mais sur les services publics nous avons commenc\u00e9 sur ce qui est en rapport avec le renouvellement urbain, l&rsquo;\u00c9tat m&rsquo;\u00e9coute. Quand j&rsquo;\u00e9tais secr\u00e9taire d&rsquo;\u00c9tat j&rsquo;avais obtenu que l&rsquo;\u00c9tat participe aux financements publics, il est revenu en disant nous allons faire des \u00e9quipements publics, \u00e9coles, \u00e9quipements sportifs, maisons de sant\u00e9. Et moi gr\u00e2ce \u00e0 l&rsquo;\u00c9tat j&rsquo;ai maintenu la poste au Mas du Taureau. Nous avons 4 bureaux de poste, j&rsquo;essaye de les maintenir, mais ce n&rsquo;est pas facile. Si la poste s&rsquo;en allait du Mas, il n&rsquo;y avait plus de distributeur au Mas du Taureau. Quand les commer\u00e7ants sont venus me voir par rapport \u00e0 \u00e7a, ils \u00e9taient tr\u00e8s inquiets.<\/p>\n<h4>Vous avez la double casquette dans ces \u00e9lections, Maire de Vaulx-en-Velin et conseill\u00e8re m\u00e9tropolitaine, comment faire pour changer l&rsquo;image de Vaulx au sein de la m\u00e9tropole ?<\/h4>\n<p>Je suis vice-pr\u00e9sidente de la m\u00e9tropole, t\u00eate de liste sur Rh\u00f4ne Amont, avec l&rsquo;id\u00e9e de peser. Nous savons que le d\u00e9veloppement de la m\u00e9tropole se fait en partie chez nous, parce que nous avons le foncier, donc nous avons un moyen de d\u00e9bat pour r\u00e9ussir un d\u00e9veloppement \u00e9quilibr\u00e9, c&rsquo;est un enjeu pour moi tr\u00e8s fort, d&rsquo;attractivit\u00e9, de d\u00e9veloppement des transports, des coll\u00e8ges, aussi des sujets sur le vieillissement, celui des aidants. Nous avons \u00e0 la fois des logements sociaux pour les personnes qui vieillissent, avant d&rsquo;\u00eatre plac\u00e9es. Comment accompagner ? Ce sont des sujets de vie quotidienne que nous n\u2019imaginons pas quand nous sommes \u00e0 la m\u00e9tropole avec des comp\u00e9tences plut\u00f4t \u00e9conomiques. Nous avons cr\u00e9\u00e9 un conseil des seniors, il nous a beaucoup accompagn\u00e9s dans la r\u00e9flexion. Les loisirs, les sports, les capacit\u00e9s d&rsquo;en avoir. Nous avons aussi des seniors qui ont travaill\u00e9 avec l&rsquo;\u00e9cole d&rsquo;architecture de Lyon, ils voulaient faire un kiosque \u00e0 musique. Ils ont travaill\u00e9 avec plusieurs \u00e9tudiants, 5 groupes ont mis en rivalit\u00e9 leurs projets, nous connaitrons le gagnant pendant le prochain mandat, je me suis dit nous tenons quelque chose en termes d&rsquo;\u00e9change et de partage.<\/p>\n<h4>Est-ce que vous pensez \u00e0 l&rsquo;implantation d\u2019EHPAD ?<\/h4>\n<p>C&rsquo;est d\u00e9j\u00e0 pr\u00e9vu, nous avons achet\u00e9 le terrain, 3 ans d\u2019attente avant que l&rsquo;EHPAD sorte de terre. \u00c0 peu pr\u00e8s 80 lits, et c&rsquo;est un p\u00f4le g\u00e9rontologique, pour accompagner des pathologies telles qu&rsquo;Alzheimer.<\/p>\n<p><iframe loading=\"lazy\" src=\"https:\/\/www.youtube.com\/embed\/yijU-iW__OU\" width=\"560\" height=\"315\" frameborder=\"0\" allowfullscreen=\"allowfullscreen\"><\/iframe><\/p>\n<!-- AddThis Advanced Settings generic via filter on the_content --><!-- AddThis Share Buttons generic via filter on the_content -->","protected":false},"excerpt":{"rendered":"<p>H\u00e9l\u00e8ne Geoffroy, candidate investie par le Parti Socialiste, pr\u00e9sente la liste \u201cEnsemble avec H\u00e9l\u00e8ne Geoffroy, pour r\u00e9ussir Vaulx-En-Velin\u201d aux \u00e9lections municipales de mars 2020. Le &hellip; <!-- AddThis Advanced Settings generic via filter on wp_trim_excerpt --><!-- AddThis Share Buttons generic via filter on wp_trim_excerpt --><\/p>\n","protected":false},"author":21556,"featured_media":19433,"comment_status":"open","ping_status":"open","sticky":false,"template":"","format":"standard","meta":{"_FSMCFIC_featured_image_caption":"","_FSMCFIC_featured_image_nocaption":"","_FSMCFIC_featured_image_hide":"","footnotes":""},"categories":[13120,6,2],"tags":[],"class_list":["post-19437","post","type-post","status-publish","format-standard","has-post-thumbnail","hentry","category-municipales-2020","category-politique","category-societe"],"yoast_head":"<!-- This site is optimized with the Yoast SEO plugin v22.8 - https:\/\/yoast.com\/wordpress\/plugins\/seo\/ -->\n<title>[Interview] H\u00e9l\u00e8ne Geoffroy, de nouveaux projets pour Vaulx-en-Velin - Partie 2 - Lyon Bondy Blog<\/title>\n<meta name=\"robots\" content=\"index, follow, max-snippet:-1, max-image-preview:large, max-video-preview:-1\" \/>\n<link rel=\"canonical\" href=\"https:\/\/lyonbondyblog.fr\/LBB\/interview-helene-geoffroy-de-nouveaux-projets-pour-vaulx-en-velin-partie-2\/\" \/>\n<meta property=\"og:locale\" content=\"fr_FR\" \/>\n<meta property=\"og:type\" content=\"article\" \/>\n<meta property=\"og:title\" content=\"[Interview] H\u00e9l\u00e8ne Geoffroy, de nouveaux projets pour Vaulx-en-Velin - Partie 2 - Lyon Bondy Blog\" \/>\n<meta property=\"og:description\" content=\"H\u00e9l\u00e8ne Geoffroy, candidate investie par le Parti Socialiste, pr\u00e9sente la liste \u201cEnsemble avec H\u00e9l\u00e8ne Geoffroy, pour r\u00e9ussir Vaulx-En-Velin\u201d aux \u00e9lections municipales de mars 2020. Le &hellip;\" \/>\n<meta property=\"og:url\" content=\"https:\/\/lyonbondyblog.fr\/LBB\/interview-helene-geoffroy-de-nouveaux-projets-pour-vaulx-en-velin-partie-2\/\" \/>\n<meta property=\"og:site_name\" content=\"Lyon Bondy Blog\" \/>\n<meta property=\"article:publisher\" content=\"https:\/\/www.facebook.com\/lyonbondyblog\" \/>\n<meta property=\"article:published_time\" content=\"2020-03-11T15:57:17+00:00\" \/>\n<meta property=\"og:image\" content=\"https:\/\/lyonbondyblog.fr\/LBB\/wp-content\/uploads\/2020\/03\/photofficiellehg2020.jpg\" \/>\n\t<meta property=\"og:image:width\" content=\"1080\" \/>\n\t<meta property=\"og:image:height\" content=\"720\" \/>\n\t<meta property=\"og:image:type\" content=\"image\/jpeg\" \/>\n<meta name=\"author\" content=\"Mat\u00e9o Bacha\" \/>\n<meta name=\"twitter:card\" content=\"summary_large_image\" \/>\n<meta name=\"twitter:creator\" content=\"@bondybloglyon\" \/>\n<meta name=\"twitter:site\" content=\"@bondybloglyon\" \/>\n<script type=\"application\/ld+json\" class=\"yoast-schema-graph\">{\"@context\":\"https:\/\/schema.org\",\"@graph\":[{\"@type\":\"Article\",\"@id\":\"https:\/\/lyonbondyblog.fr\/LBB\/interview-helene-geoffroy-de-nouveaux-projets-pour-vaulx-en-velin-partie-2\/#article\",\"isPartOf\":{\"@id\":\"https:\/\/lyonbondyblog.fr\/LBB\/interview-helene-geoffroy-de-nouveaux-projets-pour-vaulx-en-velin-partie-2\/\"},\"author\":{\"name\":\"Mat\u00e9o Bacha\",\"@id\":\"https:\/\/lyonbondyblog.fr\/LBB\/#\/schema\/person\/e849a2dd9fe15d7729268e633a461e2d\"},\"headline\":\"[Interview] H\u00e9l\u00e8ne Geoffroy, de nouveaux projets pour Vaulx-en-Velin &#8211; Partie 2\",\"datePublished\":\"2020-03-11T15:57:17+00:00\",\"dateModified\":\"2020-03-11T15:57:17+00:00\",\"mainEntityOfPage\":{\"@id\":\"https:\/\/lyonbondyblog.fr\/LBB\/interview-helene-geoffroy-de-nouveaux-projets-pour-vaulx-en-velin-partie-2\/\"},\"wordCount\":3121,\"commentCount\":0,\"publisher\":{\"@id\":\"https:\/\/lyonbondyblog.fr\/LBB\/#organization\"},\"image\":{\"@id\":\"https:\/\/lyonbondyblog.fr\/LBB\/interview-helene-geoffroy-de-nouveaux-projets-pour-vaulx-en-velin-partie-2\/#primaryimage\"},\"thumbnailUrl\":\"https:\/\/lyonbondyblog.fr\/LBB\/wp-content\/uploads\/2020\/03\/photofficiellehg2020.jpg\",\"articleSection\":[\"Municipales 2020\",\"Politique\",\"Soci\u00e9t\u00e9\"],\"inLanguage\":\"fr-FR\",\"potentialAction\":[{\"@type\":\"CommentAction\",\"name\":\"Comment\",\"target\":[\"https:\/\/lyonbondyblog.fr\/LBB\/interview-helene-geoffroy-de-nouveaux-projets-pour-vaulx-en-velin-partie-2\/#respond\"]}]},{\"@type\":\"WebPage\",\"@id\":\"https:\/\/lyonbondyblog.fr\/LBB\/interview-helene-geoffroy-de-nouveaux-projets-pour-vaulx-en-velin-partie-2\/\",\"url\":\"https:\/\/lyonbondyblog.fr\/LBB\/interview-helene-geoffroy-de-nouveaux-projets-pour-vaulx-en-velin-partie-2\/\",\"name\":\"[Interview] H\u00e9l\u00e8ne Geoffroy, de nouveaux projets pour Vaulx-en-Velin - Partie 2 - Lyon Bondy Blog\",\"isPartOf\":{\"@id\":\"https:\/\/lyonbondyblog.fr\/LBB\/#website\"},\"primaryImageOfPage\":{\"@id\":\"https:\/\/lyonbondyblog.fr\/LBB\/interview-helene-geoffroy-de-nouveaux-projets-pour-vaulx-en-velin-partie-2\/#primaryimage\"},\"image\":{\"@id\":\"https:\/\/lyonbondyblog.fr\/LBB\/interview-helene-geoffroy-de-nouveaux-projets-pour-vaulx-en-velin-partie-2\/#primaryimage\"},\"thumbnailUrl\":\"https:\/\/lyonbondyblog.fr\/LBB\/wp-content\/uploads\/2020\/03\/photofficiellehg2020.jpg\",\"datePublished\":\"2020-03-11T15:57:17+00:00\",\"dateModified\":\"2020-03-11T15:57:17+00:00\",\"inLanguage\":\"fr-FR\",\"potentialAction\":[{\"@type\":\"ReadAction\",\"target\":[\"https:\/\/lyonbondyblog.fr\/LBB\/interview-helene-geoffroy-de-nouveaux-projets-pour-vaulx-en-velin-partie-2\/\"]}]},{\"@type\":\"ImageObject\",\"inLanguage\":\"fr-FR\",\"@id\":\"https:\/\/lyonbondyblog.fr\/LBB\/interview-helene-geoffroy-de-nouveaux-projets-pour-vaulx-en-velin-partie-2\/#primaryimage\",\"url\":\"https:\/\/lyonbondyblog.fr\/LBB\/wp-content\/uploads\/2020\/03\/photofficiellehg2020.jpg\",\"contentUrl\":\"https:\/\/lyonbondyblog.fr\/LBB\/wp-content\/uploads\/2020\/03\/photofficiellehg2020.jpg\",\"width\":1080,\"height\":720},{\"@type\":\"WebSite\",\"@id\":\"https:\/\/lyonbondyblog.fr\/LBB\/#website\",\"url\":\"https:\/\/lyonbondyblog.fr\/LBB\/\",\"name\":\"Lyon Bondy Blog\",\"description\":\"\",\"publisher\":{\"@id\":\"https:\/\/lyonbondyblog.fr\/LBB\/#organization\"},\"potentialAction\":[{\"@type\":\"SearchAction\",\"target\":{\"@type\":\"EntryPoint\",\"urlTemplate\":\"https:\/\/lyonbondyblog.fr\/LBB\/?s={search_term_string}\"},\"query-input\":\"required name=search_term_string\"}],\"inLanguage\":\"fr-FR\"},{\"@type\":\"Organization\",\"@id\":\"https:\/\/lyonbondyblog.fr\/LBB\/#organization\",\"name\":\"LYON BONDY BLOG\",\"url\":\"https:\/\/lyonbondyblog.fr\/LBB\/\",\"logo\":{\"@type\":\"ImageObject\",\"inLanguage\":\"fr-FR\",\"@id\":\"https:\/\/lyonbondyblog.fr\/LBB\/#\/schema\/logo\/image\/\",\"url\":\"http:\/\/lyonbondyblog.fr\/LBB\/wp-content\/uploads\/2014\/10\/logo-portable-144.png\",\"contentUrl\":\"http:\/\/lyonbondyblog.fr\/LBB\/wp-content\/uploads\/2014\/10\/logo-portable-144.png\",\"width\":144,\"height\":123,\"caption\":\"LYON BONDY BLOG\"},\"image\":{\"@id\":\"https:\/\/lyonbondyblog.fr\/LBB\/#\/schema\/logo\/image\/\"},\"sameAs\":[\"https:\/\/www.facebook.com\/lyonbondyblog\",\"https:\/\/x.com\/bondybloglyon\"]},{\"@type\":\"Person\",\"@id\":\"https:\/\/lyonbondyblog.fr\/LBB\/#\/schema\/person\/e849a2dd9fe15d7729268e633a461e2d\",\"name\":\"Mat\u00e9o Bacha\",\"url\":\"https:\/\/lyonbondyblog.fr\/LBB\/author\/mateobacha\/\"}]}<\/script>\n<!-- \/ Yoast SEO plugin. -->","yoast_head_json":{"title":"[Interview] H\u00e9l\u00e8ne Geoffroy, de nouveaux projets pour Vaulx-en-Velin - Partie 2 - Lyon Bondy Blog","robots":{"index":"index","follow":"follow","max-snippet":"max-snippet:-1","max-image-preview":"max-image-preview:large","max-video-preview":"max-video-preview:-1"},"canonical":"https:\/\/lyonbondyblog.fr\/LBB\/interview-helene-geoffroy-de-nouveaux-projets-pour-vaulx-en-velin-partie-2\/","og_locale":"fr_FR","og_type":"article","og_title":"[Interview] H\u00e9l\u00e8ne Geoffroy, de nouveaux projets pour Vaulx-en-Velin - Partie 2 - Lyon Bondy Blog","og_description":"H\u00e9l\u00e8ne Geoffroy, candidate investie par le Parti Socialiste, pr\u00e9sente la liste \u201cEnsemble avec H\u00e9l\u00e8ne Geoffroy, pour r\u00e9ussir Vaulx-En-Velin\u201d aux \u00e9lections municipales de mars 2020. Le &hellip;","og_url":"https:\/\/lyonbondyblog.fr\/LBB\/interview-helene-geoffroy-de-nouveaux-projets-pour-vaulx-en-velin-partie-2\/","og_site_name":"Lyon Bondy Blog","article_publisher":"https:\/\/www.facebook.com\/lyonbondyblog","article_published_time":"2020-03-11T15:57:17+00:00","og_image":[{"width":1080,"height":720,"url":"https:\/\/lyonbondyblog.fr\/LBB\/wp-content\/uploads\/2020\/03\/photofficiellehg2020.jpg","type":"image\/jpeg"}],"author":"Mat\u00e9o Bacha","twitter_card":"summary_large_image","twitter_creator":"@bondybloglyon","twitter_site":"@bondybloglyon","schema":{"@context":"https:\/\/schema.org","@graph":[{"@type":"Article","@id":"https:\/\/lyonbondyblog.fr\/LBB\/interview-helene-geoffroy-de-nouveaux-projets-pour-vaulx-en-velin-partie-2\/#article","isPartOf":{"@id":"https:\/\/lyonbondyblog.fr\/LBB\/interview-helene-geoffroy-de-nouveaux-projets-pour-vaulx-en-velin-partie-2\/"},"author":{"name":"Mat\u00e9o Bacha","@id":"https:\/\/lyonbondyblog.fr\/LBB\/#\/schema\/person\/e849a2dd9fe15d7729268e633a461e2d"},"headline":"[Interview] H\u00e9l\u00e8ne Geoffroy, de nouveaux projets pour Vaulx-en-Velin &#8211; Partie 2","datePublished":"2020-03-11T15:57:17+00:00","dateModified":"2020-03-11T15:57:17+00:00","mainEntityOfPage":{"@id":"https:\/\/lyonbondyblog.fr\/LBB\/interview-helene-geoffroy-de-nouveaux-projets-pour-vaulx-en-velin-partie-2\/"},"wordCount":3121,"commentCount":0,"publisher":{"@id":"https:\/\/lyonbondyblog.fr\/LBB\/#organization"},"image":{"@id":"https:\/\/lyonbondyblog.fr\/LBB\/interview-helene-geoffroy-de-nouveaux-projets-pour-vaulx-en-velin-partie-2\/#primaryimage"},"thumbnailUrl":"https:\/\/lyonbondyblog.fr\/LBB\/wp-content\/uploads\/2020\/03\/photofficiellehg2020.jpg","articleSection":["Municipales 2020","Politique","Soci\u00e9t\u00e9"],"inLanguage":"fr-FR","potentialAction":[{"@type":"CommentAction","name":"Comment","target":["https:\/\/lyonbondyblog.fr\/LBB\/interview-helene-geoffroy-de-nouveaux-projets-pour-vaulx-en-velin-partie-2\/#respond"]}]},{"@type":"WebPage","@id":"https:\/\/lyonbondyblog.fr\/LBB\/interview-helene-geoffroy-de-nouveaux-projets-pour-vaulx-en-velin-partie-2\/","url":"https:\/\/lyonbondyblog.fr\/LBB\/interview-helene-geoffroy-de-nouveaux-projets-pour-vaulx-en-velin-partie-2\/","name":"[Interview] H\u00e9l\u00e8ne Geoffroy, de nouveaux projets pour Vaulx-en-Velin - Partie 2 - Lyon Bondy Blog","isPartOf":{"@id":"https:\/\/lyonbondyblog.fr\/LBB\/#website"},"primaryImageOfPage":{"@id":"https:\/\/lyonbondyblog.fr\/LBB\/interview-helene-geoffroy-de-nouveaux-projets-pour-vaulx-en-velin-partie-2\/#primaryimage"},"image":{"@id":"https:\/\/lyonbondyblog.fr\/LBB\/interview-helene-geoffroy-de-nouveaux-projets-pour-vaulx-en-velin-partie-2\/#primaryimage"},"thumbnailUrl":"https:\/\/lyonbondyblog.fr\/LBB\/wp-content\/uploads\/2020\/03\/photofficiellehg2020.jpg","datePublished":"2020-03-11T15:57:17+00:00","dateModified":"2020-03-11T15:57:17+00:00","inLanguage":"fr-FR","potentialAction":[{"@type":"ReadAction","target":["https:\/\/lyonbondyblog.fr\/LBB\/interview-helene-geoffroy-de-nouveaux-projets-pour-vaulx-en-velin-partie-2\/"]}]},{"@type":"ImageObject","inLanguage":"fr-FR","@id":"https:\/\/lyonbondyblog.fr\/LBB\/interview-helene-geoffroy-de-nouveaux-projets-pour-vaulx-en-velin-partie-2\/#primaryimage","url":"https:\/\/lyonbondyblog.fr\/LBB\/wp-content\/uploads\/2020\/03\/photofficiellehg2020.jpg","contentUrl":"https:\/\/lyonbondyblog.fr\/LBB\/wp-content\/uploads\/2020\/03\/photofficiellehg2020.jpg","width":1080,"height":720},{"@type":"WebSite","@id":"https:\/\/lyonbondyblog.fr\/LBB\/#website","url":"https:\/\/lyonbondyblog.fr\/LBB\/","name":"Lyon Bondy Blog","description":"","publisher":{"@id":"https:\/\/lyonbondyblog.fr\/LBB\/#organization"},"potentialAction":[{"@type":"SearchAction","target":{"@type":"EntryPoint","urlTemplate":"https:\/\/lyonbondyblog.fr\/LBB\/?s={search_term_string}"},"query-input":"required name=search_term_string"}],"inLanguage":"fr-FR"},{"@type":"Organization","@id":"https:\/\/lyonbondyblog.fr\/LBB\/#organization","name":"LYON BONDY BLOG","url":"https:\/\/lyonbondyblog.fr\/LBB\/","logo":{"@type":"ImageObject","inLanguage":"fr-FR","@id":"https:\/\/lyonbondyblog.fr\/LBB\/#\/schema\/logo\/image\/","url":"http:\/\/lyonbondyblog.fr\/LBB\/wp-content\/uploads\/2014\/10\/logo-portable-144.png","contentUrl":"http:\/\/lyonbondyblog.fr\/LBB\/wp-content\/uploads\/2014\/10\/logo-portable-144.png","width":144,"height":123,"caption":"LYON BONDY BLOG"},"image":{"@id":"https:\/\/lyonbondyblog.fr\/LBB\/#\/schema\/logo\/image\/"},"sameAs":["https:\/\/www.facebook.com\/lyonbondyblog","https:\/\/x.com\/bondybloglyon"]},{"@type":"Person","@id":"https:\/\/lyonbondyblog.fr\/LBB\/#\/schema\/person\/e849a2dd9fe15d7729268e633a461e2d","name":"Mat\u00e9o Bacha","url":"https:\/\/lyonbondyblog.fr\/LBB\/author\/mateobacha\/"}]}},"_links":{"self":[{"href":"https:\/\/lyonbondyblog.fr\/LBB\/wp-json\/wp\/v2\/posts\/19437","targetHints":{"allow":["GET"]}}],"collection":[{"href":"https:\/\/lyonbondyblog.fr\/LBB\/wp-json\/wp\/v2\/posts"}],"about":[{"href":"https:\/\/lyonbondyblog.fr\/LBB\/wp-json\/wp\/v2\/types\/post"}],"author":[{"embeddable":true,"href":"https:\/\/lyonbondyblog.fr\/LBB\/wp-json\/wp\/v2\/users\/21556"}],"replies":[{"embeddable":true,"href":"https:\/\/lyonbondyblog.fr\/LBB\/wp-json\/wp\/v2\/comments?post=19437"}],"version-history":[{"count":2,"href":"https:\/\/lyonbondyblog.fr\/LBB\/wp-json\/wp\/v2\/posts\/19437\/revisions"}],"predecessor-version":[{"id":19439,"href":"https:\/\/lyonbondyblog.fr\/LBB\/wp-json\/wp\/v2\/posts\/19437\/revisions\/19439"}],"wp:featuredmedia":[{"embeddable":true,"href":"https:\/\/lyonbondyblog.fr\/LBB\/wp-json\/wp\/v2\/media\/19433"}],"wp:attachment":[{"href":"https:\/\/lyonbondyblog.fr\/LBB\/wp-json\/wp\/v2\/media?parent=19437"}],"wp:term":[{"taxonomy":"category","embeddable":true,"href":"https:\/\/lyonbondyblog.fr\/LBB\/wp-json\/wp\/v2\/categories?post=19437"},{"taxonomy":"post_tag","embeddable":true,"href":"https:\/\/lyonbondyblog.fr\/LBB\/wp-json\/wp\/v2\/tags?post=19437"}],"curies":[{"name":"wp","href":"https:\/\/api.w.org\/{rel}","templated":true}]}}