{"id":19419,"date":"2020-03-10T20:00:34","date_gmt":"2020-03-10T19:00:34","guid":{"rendered":"http:\/\/lyonbondyblog.fr\/LBB\/?p=19419"},"modified":"2020-03-10T17:09:10","modified_gmt":"2020-03-10T16:09:10","slug":"interview-andrea-kotarac-pour-une-demetropolisation-de-la-ville-de-lyon-partie-2","status":"publish","type":"post","link":"https:\/\/lyonbondyblog.fr\/LBB\/interview-andrea-kotarac-pour-une-demetropolisation-de-la-ville-de-lyon-partie-2\/","title":{"rendered":"[Interview] Andrea Kotarac, pour une d\u00e9m\u00e9tropolisation de la ville de Lyon &#8211; Partie 2"},"content":{"rendered":"<h4>Andrea Kotarac, candidat t\u00eate de liste \u00ab Pour l\u2019amour de Lyon \u00bb, compte bien redonner du pouvoir aux municipalit\u00e9s s\u2019il est \u00e9lu \u00e0 la pr\u00e9sidence de la m\u00e9tropole, pour laquelle il se pr\u00e9sente lors des \u00e9lections m\u00e9tropolitaines en mars 2020.<\/h4>\n<h4>Le rassemblement national n&rsquo;est pas encore connu pour avoir pris position, comment vous vous positionnez vis \u00e0 vis de l&rsquo;\u00e9cologie et la transition \u00e9cologique ? Est-ce que c\u2019est pour vous juste un gadget ou est ce qu&rsquo;il y a vraiment du fond dans ces inqui\u00e9tudes ?<\/h4>\n<p>Il y a du fond, nous avons des propositions plut\u00f4t claires, nous avons un plan de r\u00e9novation thermique des b\u00e2timents, de grande ampleur, l\u00e0 aussi ce ne sera pas que la m\u00e9tropole de Lyon, ce sera aussi avec les villes, la r\u00e9gion et l&rsquo;Etat. Sur l&rsquo;Ouest nous souhaitons favoriser le localisme. Que les personnes gens puissent manger des produits locaux. Je me souviens de Nathalie Loiseau qui est all\u00e9e \u00e0 Charolles, pour le b\u0153uf, un des meilleurs du monde, en disant gr\u00e2ce \u00e0 nous il sera possible d\u2019exporter au Br\u00e9sil. Nous lui disons que l\u2019on souhaite d&rsquo;abord que nos enfants ici \u00e0 100 km puissent manger du b\u0153uf charollais et que nous \u00e9vitions de manger du steak surgel\u00e9 br\u00e9silien. C\u2019est faire du localisme. Apr\u00e8s nous ne pouvons pas demander cela sans favoriser et cr\u00e9er une vocation agricole. Le premier probl\u00e8me que rencontre les jeunes agriculteurs, c&rsquo;est le foncier encore une fois. Cela co\u00fbte trop cher d&rsquo;acheter des terrains. Nous voulons cr\u00e9er un fond d&rsquo;acc\u00e8s au foncier pour les jeunes agriculteurs localement.<\/p>\n<h4>Est-ce oblig\u00e9 que ce soit plus large que la m\u00e9tropole ?<\/h4>\n<p>On croit qu\u2019il n\u2019y a que peu de terrains agricoles mais prenez Vaulx-en-Velin par exemple. Ce qu&rsquo;on pense quand on regarde l&rsquo;ouest de la ville, c\u2019est une zone agricole. L&rsquo;\u00e9t\u00e9 vous vous mettez en terrasse \u00e0 Vaulx-en-Velin, et vous avez des tracteurs qui passent. Il y a des zones agricoles au sein de la m\u00e9tropole et on a peut-\u00eatre des gens qui deviennent de plus en plus anciens, ou en tout cas \u00e9taient anciens, pour susciter une vocation. Au sein de la m\u00e9tropole, on regarde ce qu&rsquo;il peut se passer par rapport aux terrains et aux constructions. A Gen\u00e8ve ils ont une r\u00e9glementation sur l&rsquo;autosuffisance alimentaire, o\u00f9 l\u2019on est autonome et il y a un seuil \u00e0 ne pas franchir en termes de construction. Sinon \u00e0 ce moment-l\u00e0 on sera de plus en plus dans un d\u00e9ficit alimentaire. Il faut vraiment analyser cela parce que vous avez m\u00eame des qataris qui ach\u00e8tent des terrains \u00e9normes dans les Balkans, les pays de l&rsquo;est parce qu&rsquo;ils savent que \u00e7a va \u00eatre une question dans le court terme, moyen long terme. Cela va \u00eatre une r\u00e9elle, r\u00e9elle question, en sanctuarisant les zones agricoles. Pourquoi, et bien parce qu&rsquo;on veut par exemple d\u00e9mocratiser massivement les distributeurs de produits locaux. Vous avez parfois dans l&rsquo;ouest certaines initiatives qui marchent tr\u00e8s bien, des distributeurs avec des caisses de pommes, vous prenez votre carte bleue vous avez un panier qui sort et vous savez que c&rsquo;est \u00e0 cot\u00e9 et \u00e7a marche du feu de dieu. Tout cela on veut le d\u00e9mocratiser, on va d\u00e9mocratiser partout si on n\u2019a pas des terres agricoles. Il reste l&rsquo;aire m\u00e9tropolitaine, mais quelle aire m\u00e9tropolitaine ? Il faut un rayon assez large, on veut le retour des consignes de verre, parce que c&rsquo;est quelque chose d&rsquo;assez stupide, on vous dira que la bouteille de verre n&rsquo;a pas \u00e0 \u00eatre cass\u00e9, fondu, pour en faire d&rsquo;autres. Vous avez certainement vu dans les maisons vous avez des bouteilles de verres, il suffit de le laver. Le verre n&rsquo;a pas besoin d&rsquo;\u00eatre cass\u00e9 et cel \u00e9vitera le plastique, puisque toutes les analyses de sant\u00e9 montrent que y a des r\u00e9sidus de plastique dans l&rsquo;eau min\u00e9rale. Evian pense d\u00e9j\u00e0 \u00e0 une autre alternative. Je l&rsquo;ai dit quand on propose Saint- Etienne-Lyon Express pour 70 000 voyageurs c&rsquo;est pour \u00e9viter de construire une autoroute comme le souhaitait Laurent Wauquiez. Pour le coup celle-ci, contrairement au contournement ouest, vous fait \u00e9norm\u00e9ment de terres agricoles. J&rsquo;ai toujours \u00e9t\u00e9 oppos\u00e9 au fait de construire une autoroute entre Lyon et Saint-Etienne. J&rsquo;avais parl\u00e9 avec Thierry Phillipe \u00e0 l&rsquo;\u00e9poque, j&rsquo;ai du respect pour lui, mais il m&rsquo;avait dit \u00ab\u00a0non mais l&rsquo;eau on s&rsquo;en fout, \u00e7a tourne, \u00e7a monte, il pleut, \u00e7a redescend \u00ab\u00a0. Je lui aie dit qu\u2019il y allait quand m\u00eame avoir une rar\u00e9faction de l&rsquo;eau.<\/p>\n<h4>Vous travaillez aussi avec les bailleurs sociaux ?<\/h4>\n<p>Avec les bailleurs sociaux, nous allons proposer que 10 pourcent des logements sociaux soient r\u00e9serv\u00e9s aux \u00e9tudiants les plus pr\u00e9caires. Pourquoi je dis \u00e7a ? Vous avez remarqu\u00e9 que l\u2019on a fusionn\u00e9 Lyon 2, Lyon 3, et Saint-Etienne. On a des \u00e9tudiants qui doivent faire cours \u00e0 Saint- Etienne puis revenir et ils ne sont pas rembours\u00e9. Vous avez le Crous qui explose parce que vous avez peut-\u00eatre neufs \u00e9tudiants sur dix qui doivent aller dans le priv\u00e9 chercher du loyer. On a une ville dont les loyers ont connu une inflation de 11 pourcent en 3 ans. Tout en sachant que plus les \u00e9tudiants viennent de loin, plus ils ont de chance d&rsquo;\u00e9chouer \u00e0 l&rsquo;universit\u00e9. Ce qui est plut\u00f4t normal, ils doivent acheter \u00e0 manger, travailler \u00e0 c\u00f4t\u00e9 pour payer leurs loyers. En comparaison au gars de Tassin qui vit chez ses parents, il arrive, il mange, ses draps sont chang\u00e9s. Ils ont plus d&rsquo;\u00e9checs parce qu\u2019ils doivent faire plus. Il faut prendre ce probl\u00e8me \u00e0 bras le corps en proposant 10 pourcent des logements sociaux r\u00e9serv\u00e9s aux \u00e9tudiants les plus pr\u00e9caires. Cela permettra \u00e9galement de lever le voile sur les crit\u00e8res d&rsquo;attribution des logements sociaux. Nous ne savons pas trop comment c&rsquo;est attribu\u00e9 et moi j&rsquo;ai un peu l&rsquo;envers du d\u00e9cor. Parfois on prend la pile quand on connait le dernier, on inverse la pile et tu passes premier.<\/p>\n<h4>Donc pas de favoritisme ?<\/h4>\n<p>Aucun favoritisme et surtout de la transparence. J&rsquo;aimerais bien voir la gauche parler de transparence, dire les crit\u00e8res c&rsquo;est \u00e7a. Les \u00e9changes existent aussi, \u00e7a marche d\u00e9j\u00e0 ailleurs. Une femme qui devient veuve, avec un appartement \u00e9norme parce quand ils l&rsquo;ont pris il y avait trois enfants qui ont aujourd\u2019hui 28 ans. Il y a possibilit\u00e9 d\u2019\u00e9changer avec une famille qui arrive avec quatre enfants. Les personnes se posent des questions, ils attendent six, sept ans et pourtant l&rsquo;urgence sociale reste, ils ne s&rsquo;en sortent plus.<\/p>\n<h4>Pour vous c&rsquo;est quoi la culture m\u00e9tropolitaine du Rh\u00f4ne ?<\/h4>\n<p>En fait moi, identit\u00e9 \u00e7a veut tout dire. Je vais au parlement europ\u00e9en, vous savez que je suis collaborateur, je l&rsquo;ai vu \u00e0 la r\u00e9gion, on veut faire comme les autres. \u00ab Les chinois ils ont fait comme \u00e7a \u00bb, je pense au contraire nous ne pouvons pas concurrencer les chinois car ils payent beaucoup moins cher leurs salari\u00e9s. Donc nous faisons comme cela ici, ce que nous ne voulons pas. Il faut privil\u00e9gier la qualit\u00e9 qui sera en fonction de l&rsquo;identit\u00e9. C&rsquo;est en \u00e9tant tr\u00e8s lyonnais, historiquement ancr\u00e9 dans nos produits, que je pense \u00e0 la soie, aux tissus. Nous aurons une qualit\u00e9 qui sera diff\u00e9rente de celle d&rsquo;un chinois, d&rsquo;un canadien. C&rsquo;est pour cela que je m&rsquo;oppose au CETA. On est en train d&rsquo;attaquer l&rsquo;identit\u00e9 des produits, la commission europ\u00e9enne n&rsquo;avait pas valider la protection des fromages fran\u00e7ais. Par exemple, le Saint-Marcelin. Les canadiens peuvent faire du Saint-Marcelin, c&rsquo;est quand m\u00eame le nom d&rsquo;un lieu, avec des co\u00fbts beaucoup plus bas. Cela peut juste tuer notre entreprise locale, donc identit\u00e9 et social c&rsquo;est compl\u00e9tement li\u00e9. C&rsquo;est en d\u00e9fendant notre identit\u00e9, les produits, notre mode de vie, l&rsquo;architecture, que nous allons atteindre cette qualit\u00e9 que d&rsquo;autres n&rsquo;auront pas. Je pense que majoritairement les fran\u00e7ais sont oppos\u00e9s aux trait\u00e9s de libre \u00e9change divers et vari\u00e9s. Ils viennent de signer avec le Vietnam, cela a \u00e9t\u00e9 report\u00e9. C&rsquo;est en \u00e9tant nous m\u00eame que nous r\u00e9ussirons. Je vous donne un exemple, pour vous dire que l&rsquo;identit\u00e9 est attaqu\u00e9e de la part des Etats-Unis et de la Chine. Sur Airbus, Donald Trump a dit \u00ab d&rsquo;accord si vous voulez nous la faire \u00e0 l&rsquo;envers nous allons taxer les produits agricoles \u00bb (jambons, fromages). Et les italiens \u00e9taient fous de rages, puisqu\u2019ils ne sont m\u00eame pas membres du conseil d&rsquo;administration d&rsquo;Airbus. Tous partis confondus. On attaque ce qu&rsquo;il reste de fran\u00e7ais dans la vente, je parle du mode de production. Pour avoir l&rsquo;identification g\u00e9ographique, \u00e7a c&rsquo;est au niveau europ\u00e9en, AOC\/AOP, c&rsquo;est un lieu, un savoir-faire, plusieurs crit\u00e8res qui font la France. C\u2019est en privil\u00e9giant cela que nous serons meilleurs que les autres.<\/p>\n<h4>Concr\u00e8tement \u00eates-vous pour l&rsquo;encadrement des loyers au sein de la m\u00e9tropole ?<\/h4>\n<p>C&rsquo;est en fait assez marrant, j&rsquo;ai vu que Griveaux propose une aide de 200 000 euros \u00e0 chaque nouvel acc\u00e9dant. C&rsquo;est totalement d\u00e9bile parce que en fait ce sont les prix qui vont exploser derri\u00e8re si nous savons qu\u2019il y aura eu 200 000 euros. C&rsquo;est comme pour les aides aux logements. Plus on donne d&rsquo;aides, plus le propri\u00e9taire augmente proportionnellement le loyer. Je suis plut\u00f4t favorable \u00e0 ce que nous arr\u00eations une densification \u00e0 Lyon, et qu&rsquo;on refasse revivre ce qu&rsquo;il y a autour. Il ne faut non pas \u00e9taler, sur-reconstruire, il faut faire en sorte que les gens puissent vivre \u00e0 l&rsquo;ext\u00e9rieur d\u00e9cemment avec un retour du service public, des m\u00e9decins. Ce ne sera pas fait en un claquement de doigts, mais c&rsquo;est une politique qui doit se mettre en \u0153uvre d\u00e8s maintenant, qui doit se mettre en \u0153uvre de mani\u00e8re que les gens puissent vivre tranquillement mais sans s&rsquo;entasser. Pour les logements nous allons faire en sorte que la SACVL ou d&rsquo;autres bailleurs sociaux puissent agir en tant que promoteur et en cassant les prix.<\/p>\n<h4>En tant que pr\u00e9sident de la m\u00e9tropole vous seriez pour limiter les constructions de nouveaux b\u00e2timents au sein du territoire m\u00e9tropolitain ?<\/h4>\n<p>Ce serait accompagner une r\u00e9elle politique qui permet aux villages de retrouver vie. J&rsquo;ai discut\u00e9 avec des m\u00e9decins par exemple, je leur disais \u00ab Allez-vous installer dans des d\u00e9serts m\u00e9dicaux ? \u00bb Ils me disaient \u00ab Non \u00bb. Pourquoi ? Ils ont des enfants, l&rsquo;\u00e9cole va fermer, il faudra faire 20 km, la poste a ferm\u00e9, pas de transports, je ne vais pas l\u00e0-bas. Je suis pour aider les gens \u00e0 revitaliser, irriguer. La m\u00e9tropole a ce r\u00f4le-l\u00e0, la m\u00e9tropole n\u2019est grande qu\u2019aussi vis \u00e0 vis de son comportement, vis \u00e0 vis des petits. La grandeur se mesure par rapport au comportement vis \u00e0 vis des petits. Je crois que Collomb et Kimelfeld font l&rsquo;inverse, ils veulent d\u00e9truire ce qu&rsquo;il y a autour, pour faire rayonner la Ville de Lyon, avec des arrondissements o\u00f9 il y a deux personnes sur cinq en dessous du seuil de pauvret\u00e9. Lyon 8, Lyon 9, ce sont des arrondissements p\u00e9riph\u00e9riques o\u00f9 le seuil de pauvret\u00e9 est assez pouss\u00e9. L\u00e0 encore la Croix-Rousse, ce n&rsquo;est pas Lyon, pas la m\u00e9tropole de Lyon.<\/p>\n<h4>Les sondages vous donnent \u00e0 12 pourcent, vous vous attendiez \u00e0 plus \u00e0 moins ?<\/h4>\n<p>Nous avons fait plus 3 points, ce qui est quand m\u00eame pas mal quand nous faisons campagne, nous \u00e9tions dans une semaine un peu compliqu\u00e9e. Avec les CERFA, trouver les candidats, 14 listes, 9 arrondissements, 9 mandataires financiers. Il y a un r\u00e9el probl\u00e8me d\u00e9mocratique, \u00e7a je voulais vous le dire, sur l&rsquo;ouverture des comptes en banque. Toutes les banques nous ont refus\u00e9es, pourquoi ? Pas parce que nous sommes RN, ils ne savent pas ce qu&rsquo;est une \u00e9lection m\u00e9tropolitaine. \u00ab Monsieur Kotarac, compte municipal, il est ouvert demain \u00bb \u00ab Non c&rsquo;est une m\u00e9tropole \u00bb \u00ab Attendez je vais demander&#8230; Non \u00bb. Ce qui fait que la grande majorit\u00e9 de nos candidats ont ouverts un compte en banque gr\u00e2ce \u00e0 la proc\u00e9dure de la Banque de France : si vous avez deux refus ou trois, la Banque de France demande et oblige la premi\u00e8re \u00e0 laquelle vous avez demand\u00e9 d&rsquo;ouvrir un compte, et c&rsquo;est mon cas. De plus les plafonds de remboursement des campagnes sont arriv\u00e9s fin janvier, alors que Kimelfeld est en campagne depuis un an. La simplification est un r\u00e9el probl\u00e8me d\u00e9mocratique. Nous voulons \u00e9galement du personnel form\u00e9 aux dys, j&rsquo;ai \u00e9t\u00e9 stup\u00e9fait. Concernant es dyslexiques, les dysorthophoniques, j&rsquo;ai \u00e9t\u00e9 frapp\u00e9 par la proportion d&rsquo;enfants qui subissent la maladie dys. Quand ce n\u2019est pas soign\u00e9 cela cr\u00e9e de v\u00e9ritables retards scolaires, des troubles du comportement, troubles affectifs. J\u2019ai remarqu\u00e9 qu\u2019il n\u2019y avait pas de personnels form\u00e9s aux dys. Quand j&rsquo;ai rencontr\u00e9 des familles dont leurs enfants \u00e9taient confront\u00e9s \u00e0 \u00e7a, ils m&rsquo;ont dit que c&rsquo;\u00e9tait un parcours du combattant en mati\u00e8re administrative. Donc un personnel form\u00e9 dans les maisons pour handicap c&rsquo;est primordial.<\/p>\n<h4>La m\u00e9tropole a r\u00e9cup\u00e9r\u00e9 tout ce qui \u00e9tait action sociale du d\u00e9partement, quid des personnes \u00e2g\u00e9es, si vous avez un programme ?<\/h4>\n<p>Dans notre programme sur la sant\u00e9 et aussi sur la pr\u00e9carit\u00e9, les plus de 80 ans vont \u00eatre multipli\u00e9es par 4 au cours du prochain mandat, ce qui est juste \u00e9norme. Il y a deux volets, pr\u00e9carit\u00e9 et solitude. Il y aussi l&rsquo;acc\u00e8s aux EPHADs, ils sont trop chers pour la majorit\u00e9, nous allons augmenter le nombre de places et prendre soin du personnel. En mati\u00e8re social vous avez des cellules anti-suicides chez les policiers, vous l&rsquo;avez vu \u00e0 Givors, pour les personnels des EPHAD, vous avez des cellules psychologiques pour les directeurs d&rsquo;\u00e9coles. Nous arrivons \u00e0 un chaos o\u00f9 toutes les professions poss\u00e8dent des cellules anti-suicides. Le classement des morts au travail, d&rsquo;habitude c&rsquo;est le BTP, avec les accidents du travail. Maintenant c&rsquo;est le domaine socio-m\u00e9dical. Avant les familles s&rsquo;\u00e9nervaient contre le personnel, parce que malgr\u00e9 les cat\u00e9gories de confort, c&rsquo;est pareil partout . Mais maintenant personnels et familles sont ensembles pour dire que c&rsquo;est inadmissible d&rsquo;avoir une personne en charge pour autant de personnes.<\/p>\n<p><iframe loading=\"lazy\" src=\"https:\/\/www.youtube.com\/embed\/2hU4dqz0eOE\" width=\"560\" height=\"315\" frameborder=\"0\" allowfullscreen=\"allowfullscreen\"><\/iframe><\/p>\n<!-- AddThis Advanced Settings generic via filter on the_content --><!-- AddThis Share Buttons generic via filter on the_content -->","protected":false},"excerpt":{"rendered":"<p>Andrea Kotarac, candidat t\u00eate de liste \u00ab Pour l\u2019amour de Lyon \u00bb, compte bien redonner du pouvoir aux municipalit\u00e9s s\u2019il est \u00e9lu \u00e0 la pr\u00e9sidence &hellip; <!-- AddThis Advanced Settings generic via filter on wp_trim_excerpt --><!-- AddThis Share Buttons generic via filter on wp_trim_excerpt --><\/p>\n","protected":false},"author":1,"featured_media":10044,"comment_status":"open","ping_status":"open","sticky":false,"template":"","format":"standard","meta":{"_FSMCFIC_featured_image_caption":"","_FSMCFIC_featured_image_nocaption":"","_FSMCFIC_featured_image_hide":"","footnotes":""},"categories":[22015,13120,6],"tags":[],"class_list":["post-19419","post","type-post","status-publish","format-standard","has-post-thumbnail","hentry","category-metropole","category-municipales-2020","category-politique"],"yoast_head":"<!-- This site is optimized with the Yoast SEO plugin v22.8 - https:\/\/yoast.com\/wordpress\/plugins\/seo\/ -->\n<title>[Interview] Andrea Kotarac, pour une d\u00e9m\u00e9tropolisation de la ville de Lyon - Partie 2 - Lyon Bondy Blog<\/title>\n<meta name=\"robots\" content=\"index, follow, max-snippet:-1, max-image-preview:large, max-video-preview:-1\" \/>\n<link rel=\"canonical\" href=\"https:\/\/lyonbondyblog.fr\/LBB\/interview-andrea-kotarac-pour-une-demetropolisation-de-la-ville-de-lyon-partie-2\/\" \/>\n<meta property=\"og:locale\" content=\"fr_FR\" \/>\n<meta property=\"og:type\" content=\"article\" \/>\n<meta property=\"og:title\" content=\"[Interview] Andrea Kotarac, pour une d\u00e9m\u00e9tropolisation de la ville de Lyon - Partie 2 - Lyon Bondy Blog\" \/>\n<meta property=\"og:description\" content=\"Andrea Kotarac, candidat t\u00eate de liste \u00ab Pour l\u2019amour de Lyon \u00bb, compte bien redonner du pouvoir aux municipalit\u00e9s s\u2019il est \u00e9lu \u00e0 la pr\u00e9sidence &hellip;\" \/>\n<meta property=\"og:url\" content=\"https:\/\/lyonbondyblog.fr\/LBB\/interview-andrea-kotarac-pour-une-demetropolisation-de-la-ville-de-lyon-partie-2\/\" \/>\n<meta property=\"og:site_name\" content=\"Lyon Bondy Blog\" \/>\n<meta property=\"article:publisher\" content=\"https:\/\/www.facebook.com\/lyonbondyblog\" \/>\n<meta property=\"article:author\" content=\"https:\/\/www.facebook.com\/lyonbondyblog\" \/>\n<meta property=\"article:published_time\" content=\"2020-03-10T19:00:34+00:00\" \/>\n<meta property=\"article:modified_time\" content=\"2020-03-10T16:09:10+00:00\" \/>\n<meta property=\"og:image\" content=\"https:\/\/lyonbondyblog.fr\/LBB\/wp-content\/uploads\/2016\/06\/11237211_495003353985507_2969154519010910088_n.jpg\" \/>\n\t<meta property=\"og:image:width\" content=\"809\" \/>\n\t<meta property=\"og:image:height\" content=\"809\" \/>\n\t<meta property=\"og:image:type\" content=\"image\/jpeg\" \/>\n<meta name=\"author\" content=\"La r\u00e9daction\" \/>\n<meta name=\"twitter:card\" content=\"summary_large_image\" \/>\n<meta name=\"twitter:creator\" content=\"@BondyBlogLyon\" \/>\n<meta name=\"twitter:site\" content=\"@bondybloglyon\" \/>\n<script type=\"application\/ld+json\" class=\"yoast-schema-graph\">{\"@context\":\"https:\/\/schema.org\",\"@graph\":[{\"@type\":\"Article\",\"@id\":\"https:\/\/lyonbondyblog.fr\/LBB\/interview-andrea-kotarac-pour-une-demetropolisation-de-la-ville-de-lyon-partie-2\/#article\",\"isPartOf\":{\"@id\":\"https:\/\/lyonbondyblog.fr\/LBB\/interview-andrea-kotarac-pour-une-demetropolisation-de-la-ville-de-lyon-partie-2\/\"},\"author\":{\"name\":\"La r\u00e9daction\",\"@id\":\"https:\/\/lyonbondyblog.fr\/LBB\/#\/schema\/person\/e45f8d27baac75072daa0be50c409b25\"},\"headline\":\"[Interview] Andrea Kotarac, pour une d\u00e9m\u00e9tropolisation de la ville de Lyon &#8211; Partie 2\",\"datePublished\":\"2020-03-10T19:00:34+00:00\",\"dateModified\":\"2020-03-10T16:09:10+00:00\",\"mainEntityOfPage\":{\"@id\":\"https:\/\/lyonbondyblog.fr\/LBB\/interview-andrea-kotarac-pour-une-demetropolisation-de-la-ville-de-lyon-partie-2\/\"},\"wordCount\":2397,\"commentCount\":0,\"publisher\":{\"@id\":\"https:\/\/lyonbondyblog.fr\/LBB\/#organization\"},\"image\":{\"@id\":\"https:\/\/lyonbondyblog.fr\/LBB\/interview-andrea-kotarac-pour-une-demetropolisation-de-la-ville-de-lyon-partie-2\/#primaryimage\"},\"thumbnailUrl\":\"https:\/\/lyonbondyblog.fr\/LBB\/wp-content\/uploads\/2016\/06\/11237211_495003353985507_2969154519010910088_n.jpg\",\"articleSection\":[\"M\u00e9tropole\",\"Municipales 2020\",\"Politique\"],\"inLanguage\":\"fr-FR\",\"potentialAction\":[{\"@type\":\"CommentAction\",\"name\":\"Comment\",\"target\":[\"https:\/\/lyonbondyblog.fr\/LBB\/interview-andrea-kotarac-pour-une-demetropolisation-de-la-ville-de-lyon-partie-2\/#respond\"]}]},{\"@type\":\"WebPage\",\"@id\":\"https:\/\/lyonbondyblog.fr\/LBB\/interview-andrea-kotarac-pour-une-demetropolisation-de-la-ville-de-lyon-partie-2\/\",\"url\":\"https:\/\/lyonbondyblog.fr\/LBB\/interview-andrea-kotarac-pour-une-demetropolisation-de-la-ville-de-lyon-partie-2\/\",\"name\":\"[Interview] Andrea Kotarac, pour une d\u00e9m\u00e9tropolisation de la ville de Lyon - Partie 2 - Lyon Bondy Blog\",\"isPartOf\":{\"@id\":\"https:\/\/lyonbondyblog.fr\/LBB\/#website\"},\"primaryImageOfPage\":{\"@id\":\"https:\/\/lyonbondyblog.fr\/LBB\/interview-andrea-kotarac-pour-une-demetropolisation-de-la-ville-de-lyon-partie-2\/#primaryimage\"},\"image\":{\"@id\":\"https:\/\/lyonbondyblog.fr\/LBB\/interview-andrea-kotarac-pour-une-demetropolisation-de-la-ville-de-lyon-partie-2\/#primaryimage\"},\"thumbnailUrl\":\"https:\/\/lyonbondyblog.fr\/LBB\/wp-content\/uploads\/2016\/06\/11237211_495003353985507_2969154519010910088_n.jpg\",\"datePublished\":\"2020-03-10T19:00:34+00:00\",\"dateModified\":\"2020-03-10T16:09:10+00:00\",\"inLanguage\":\"fr-FR\",\"potentialAction\":[{\"@type\":\"ReadAction\",\"target\":[\"https:\/\/lyonbondyblog.fr\/LBB\/interview-andrea-kotarac-pour-une-demetropolisation-de-la-ville-de-lyon-partie-2\/\"]}]},{\"@type\":\"ImageObject\",\"inLanguage\":\"fr-FR\",\"@id\":\"https:\/\/lyonbondyblog.fr\/LBB\/interview-andrea-kotarac-pour-une-demetropolisation-de-la-ville-de-lyon-partie-2\/#primaryimage\",\"url\":\"https:\/\/lyonbondyblog.fr\/LBB\/wp-content\/uploads\/2016\/06\/11237211_495003353985507_2969154519010910088_n.jpg\",\"contentUrl\":\"https:\/\/lyonbondyblog.fr\/LBB\/wp-content\/uploads\/2016\/06\/11237211_495003353985507_2969154519010910088_n.jpg\",\"width\":809,\"height\":809,\"caption\":\"Andrea Kotarac a appel\u00e9 \u00e0 voter pour le Rassemblement National en mai. Cr\u00e9dit photo : LBB\"},{\"@type\":\"WebSite\",\"@id\":\"https:\/\/lyonbondyblog.fr\/LBB\/#website\",\"url\":\"https:\/\/lyonbondyblog.fr\/LBB\/\",\"name\":\"Lyon Bondy Blog\",\"description\":\"\",\"publisher\":{\"@id\":\"https:\/\/lyonbondyblog.fr\/LBB\/#organization\"},\"potentialAction\":[{\"@type\":\"SearchAction\",\"target\":{\"@type\":\"EntryPoint\",\"urlTemplate\":\"https:\/\/lyonbondyblog.fr\/LBB\/?s={search_term_string}\"},\"query-input\":\"required name=search_term_string\"}],\"inLanguage\":\"fr-FR\"},{\"@type\":\"Organization\",\"@id\":\"https:\/\/lyonbondyblog.fr\/LBB\/#organization\",\"name\":\"LYON BONDY BLOG\",\"url\":\"https:\/\/lyonbondyblog.fr\/LBB\/\",\"logo\":{\"@type\":\"ImageObject\",\"inLanguage\":\"fr-FR\",\"@id\":\"https:\/\/lyonbondyblog.fr\/LBB\/#\/schema\/logo\/image\/\",\"url\":\"http:\/\/lyonbondyblog.fr\/LBB\/wp-content\/uploads\/2014\/10\/logo-portable-144.png\",\"contentUrl\":\"http:\/\/lyonbondyblog.fr\/LBB\/wp-content\/uploads\/2014\/10\/logo-portable-144.png\",\"width\":144,\"height\":123,\"caption\":\"LYON BONDY BLOG\"},\"image\":{\"@id\":\"https:\/\/lyonbondyblog.fr\/LBB\/#\/schema\/logo\/image\/\"},\"sameAs\":[\"https:\/\/www.facebook.com\/lyonbondyblog\",\"https:\/\/x.com\/bondybloglyon\"]},{\"@type\":\"Person\",\"@id\":\"https:\/\/lyonbondyblog.fr\/LBB\/#\/schema\/person\/e45f8d27baac75072daa0be50c409b25\",\"name\":\"La r\u00e9daction\",\"description\":\"Cr\u00e9e en 2008, la r\u00e9daction du Lyon Bondy Blog s'applique \u00e0 proposer une information locale diff\u00e9rente et compl\u00e9mentaire des m\u00e9dias traditionnels.\",\"sameAs\":[\"https:\/\/www.facebook.com\/lyonbondyblog\",\"https:\/\/x.com\/BondyBlogLyon\"],\"url\":\"https:\/\/lyonbondyblog.fr\/LBB\/author\/admin\/\"}]}<\/script>\n<!-- \/ Yoast SEO plugin. -->","yoast_head_json":{"title":"[Interview] Andrea Kotarac, pour une d\u00e9m\u00e9tropolisation de la ville de Lyon - Partie 2 - Lyon Bondy Blog","robots":{"index":"index","follow":"follow","max-snippet":"max-snippet:-1","max-image-preview":"max-image-preview:large","max-video-preview":"max-video-preview:-1"},"canonical":"https:\/\/lyonbondyblog.fr\/LBB\/interview-andrea-kotarac-pour-une-demetropolisation-de-la-ville-de-lyon-partie-2\/","og_locale":"fr_FR","og_type":"article","og_title":"[Interview] Andrea Kotarac, pour une d\u00e9m\u00e9tropolisation de la ville de Lyon - Partie 2 - Lyon Bondy Blog","og_description":"Andrea Kotarac, candidat t\u00eate de liste \u00ab Pour l\u2019amour de Lyon \u00bb, compte bien redonner du pouvoir aux municipalit\u00e9s s\u2019il est \u00e9lu \u00e0 la pr\u00e9sidence &hellip;","og_url":"https:\/\/lyonbondyblog.fr\/LBB\/interview-andrea-kotarac-pour-une-demetropolisation-de-la-ville-de-lyon-partie-2\/","og_site_name":"Lyon Bondy Blog","article_publisher":"https:\/\/www.facebook.com\/lyonbondyblog","article_author":"https:\/\/www.facebook.com\/lyonbondyblog","article_published_time":"2020-03-10T19:00:34+00:00","article_modified_time":"2020-03-10T16:09:10+00:00","og_image":[{"width":809,"height":809,"url":"https:\/\/lyonbondyblog.fr\/LBB\/wp-content\/uploads\/2016\/06\/11237211_495003353985507_2969154519010910088_n.jpg","type":"image\/jpeg"}],"author":"La r\u00e9daction","twitter_card":"summary_large_image","twitter_creator":"@BondyBlogLyon","twitter_site":"@bondybloglyon","schema":{"@context":"https:\/\/schema.org","@graph":[{"@type":"Article","@id":"https:\/\/lyonbondyblog.fr\/LBB\/interview-andrea-kotarac-pour-une-demetropolisation-de-la-ville-de-lyon-partie-2\/#article","isPartOf":{"@id":"https:\/\/lyonbondyblog.fr\/LBB\/interview-andrea-kotarac-pour-une-demetropolisation-de-la-ville-de-lyon-partie-2\/"},"author":{"name":"La r\u00e9daction","@id":"https:\/\/lyonbondyblog.fr\/LBB\/#\/schema\/person\/e45f8d27baac75072daa0be50c409b25"},"headline":"[Interview] Andrea Kotarac, pour une d\u00e9m\u00e9tropolisation de la ville de Lyon &#8211; Partie 2","datePublished":"2020-03-10T19:00:34+00:00","dateModified":"2020-03-10T16:09:10+00:00","mainEntityOfPage":{"@id":"https:\/\/lyonbondyblog.fr\/LBB\/interview-andrea-kotarac-pour-une-demetropolisation-de-la-ville-de-lyon-partie-2\/"},"wordCount":2397,"commentCount":0,"publisher":{"@id":"https:\/\/lyonbondyblog.fr\/LBB\/#organization"},"image":{"@id":"https:\/\/lyonbondyblog.fr\/LBB\/interview-andrea-kotarac-pour-une-demetropolisation-de-la-ville-de-lyon-partie-2\/#primaryimage"},"thumbnailUrl":"https:\/\/lyonbondyblog.fr\/LBB\/wp-content\/uploads\/2016\/06\/11237211_495003353985507_2969154519010910088_n.jpg","articleSection":["M\u00e9tropole","Municipales 2020","Politique"],"inLanguage":"fr-FR","potentialAction":[{"@type":"CommentAction","name":"Comment","target":["https:\/\/lyonbondyblog.fr\/LBB\/interview-andrea-kotarac-pour-une-demetropolisation-de-la-ville-de-lyon-partie-2\/#respond"]}]},{"@type":"WebPage","@id":"https:\/\/lyonbondyblog.fr\/LBB\/interview-andrea-kotarac-pour-une-demetropolisation-de-la-ville-de-lyon-partie-2\/","url":"https:\/\/lyonbondyblog.fr\/LBB\/interview-andrea-kotarac-pour-une-demetropolisation-de-la-ville-de-lyon-partie-2\/","name":"[Interview] Andrea Kotarac, pour une d\u00e9m\u00e9tropolisation de la ville de Lyon - Partie 2 - Lyon Bondy Blog","isPartOf":{"@id":"https:\/\/lyonbondyblog.fr\/LBB\/#website"},"primaryImageOfPage":{"@id":"https:\/\/lyonbondyblog.fr\/LBB\/interview-andrea-kotarac-pour-une-demetropolisation-de-la-ville-de-lyon-partie-2\/#primaryimage"},"image":{"@id":"https:\/\/lyonbondyblog.fr\/LBB\/interview-andrea-kotarac-pour-une-demetropolisation-de-la-ville-de-lyon-partie-2\/#primaryimage"},"thumbnailUrl":"https:\/\/lyonbondyblog.fr\/LBB\/wp-content\/uploads\/2016\/06\/11237211_495003353985507_2969154519010910088_n.jpg","datePublished":"2020-03-10T19:00:34+00:00","dateModified":"2020-03-10T16:09:10+00:00","inLanguage":"fr-FR","potentialAction":[{"@type":"ReadAction","target":["https:\/\/lyonbondyblog.fr\/LBB\/interview-andrea-kotarac-pour-une-demetropolisation-de-la-ville-de-lyon-partie-2\/"]}]},{"@type":"ImageObject","inLanguage":"fr-FR","@id":"https:\/\/lyonbondyblog.fr\/LBB\/interview-andrea-kotarac-pour-une-demetropolisation-de-la-ville-de-lyon-partie-2\/#primaryimage","url":"https:\/\/lyonbondyblog.fr\/LBB\/wp-content\/uploads\/2016\/06\/11237211_495003353985507_2969154519010910088_n.jpg","contentUrl":"https:\/\/lyonbondyblog.fr\/LBB\/wp-content\/uploads\/2016\/06\/11237211_495003353985507_2969154519010910088_n.jpg","width":809,"height":809,"caption":"Andrea Kotarac a appel\u00e9 \u00e0 voter pour le Rassemblement National en mai. Cr\u00e9dit photo : LBB"},{"@type":"WebSite","@id":"https:\/\/lyonbondyblog.fr\/LBB\/#website","url":"https:\/\/lyonbondyblog.fr\/LBB\/","name":"Lyon Bondy Blog","description":"","publisher":{"@id":"https:\/\/lyonbondyblog.fr\/LBB\/#organization"},"potentialAction":[{"@type":"SearchAction","target":{"@type":"EntryPoint","urlTemplate":"https:\/\/lyonbondyblog.fr\/LBB\/?s={search_term_string}"},"query-input":"required name=search_term_string"}],"inLanguage":"fr-FR"},{"@type":"Organization","@id":"https:\/\/lyonbondyblog.fr\/LBB\/#organization","name":"LYON BONDY BLOG","url":"https:\/\/lyonbondyblog.fr\/LBB\/","logo":{"@type":"ImageObject","inLanguage":"fr-FR","@id":"https:\/\/lyonbondyblog.fr\/LBB\/#\/schema\/logo\/image\/","url":"http:\/\/lyonbondyblog.fr\/LBB\/wp-content\/uploads\/2014\/10\/logo-portable-144.png","contentUrl":"http:\/\/lyonbondyblog.fr\/LBB\/wp-content\/uploads\/2014\/10\/logo-portable-144.png","width":144,"height":123,"caption":"LYON BONDY BLOG"},"image":{"@id":"https:\/\/lyonbondyblog.fr\/LBB\/#\/schema\/logo\/image\/"},"sameAs":["https:\/\/www.facebook.com\/lyonbondyblog","https:\/\/x.com\/bondybloglyon"]},{"@type":"Person","@id":"https:\/\/lyonbondyblog.fr\/LBB\/#\/schema\/person\/e45f8d27baac75072daa0be50c409b25","name":"La r\u00e9daction","description":"Cr\u00e9e en 2008, la r\u00e9daction du Lyon Bondy Blog s'applique \u00e0 proposer une information locale diff\u00e9rente et compl\u00e9mentaire des m\u00e9dias traditionnels.","sameAs":["https:\/\/www.facebook.com\/lyonbondyblog","https:\/\/x.com\/BondyBlogLyon"],"url":"https:\/\/lyonbondyblog.fr\/LBB\/author\/admin\/"}]}},"_links":{"self":[{"href":"https:\/\/lyonbondyblog.fr\/LBB\/wp-json\/wp\/v2\/posts\/19419","targetHints":{"allow":["GET"]}}],"collection":[{"href":"https:\/\/lyonbondyblog.fr\/LBB\/wp-json\/wp\/v2\/posts"}],"about":[{"href":"https:\/\/lyonbondyblog.fr\/LBB\/wp-json\/wp\/v2\/types\/post"}],"author":[{"embeddable":true,"href":"https:\/\/lyonbondyblog.fr\/LBB\/wp-json\/wp\/v2\/users\/1"}],"replies":[{"embeddable":true,"href":"https:\/\/lyonbondyblog.fr\/LBB\/wp-json\/wp\/v2\/comments?post=19419"}],"version-history":[{"count":2,"href":"https:\/\/lyonbondyblog.fr\/LBB\/wp-json\/wp\/v2\/posts\/19419\/revisions"}],"predecessor-version":[{"id":19421,"href":"https:\/\/lyonbondyblog.fr\/LBB\/wp-json\/wp\/v2\/posts\/19419\/revisions\/19421"}],"wp:featuredmedia":[{"embeddable":true,"href":"https:\/\/lyonbondyblog.fr\/LBB\/wp-json\/wp\/v2\/media\/10044"}],"wp:attachment":[{"href":"https:\/\/lyonbondyblog.fr\/LBB\/wp-json\/wp\/v2\/media?parent=19419"}],"wp:term":[{"taxonomy":"category","embeddable":true,"href":"https:\/\/lyonbondyblog.fr\/LBB\/wp-json\/wp\/v2\/categories?post=19419"},{"taxonomy":"post_tag","embeddable":true,"href":"https:\/\/lyonbondyblog.fr\/LBB\/wp-json\/wp\/v2\/tags?post=19419"}],"curies":[{"name":"wp","href":"https:\/\/api.w.org\/{rel}","templated":true}]}}