{"id":19373,"date":"2020-03-05T20:23:17","date_gmt":"2020-03-05T19:23:17","guid":{"rendered":"http:\/\/lyonbondyblog.fr\/LBB\/?p=19373"},"modified":"2020-03-05T20:23:17","modified_gmt":"2020-03-05T19:23:17","slug":"donner-la-parole-a-la-jeunesse-de-vaulx-en-velin","status":"publish","type":"post","link":"https:\/\/lyonbondyblog.fr\/LBB\/donner-la-parole-a-la-jeunesse-de-vaulx-en-velin\/","title":{"rendered":"Donner la parole \u00e0 la jeunesse de Vaulx-en-Velin"},"content":{"rendered":"<h4>\u00c0 Vaulx-en-Velin, la parole est aux jeunes. En partenariat avec le Lyon Bondy Blog, les jeunes vaudais de la Maison des Jeunes et de la Culture ont rencontr\u00e9 les candidats aux \u00e9lections municipales de leur commune.<\/h4>\n<p>Ce mercredi 4 mars, six jeunes Vaudais faisaient face aux candidats qui \u00e9taient interrog\u00e9s sur des th\u00e9matiques li\u00e9es \u00e0 la jeunesse. Pendant pr\u00e8s d\u2019un mois, ces jeunes de 14 \u00e0 18 ans, ont \u00e9t\u00e9 accompagn\u00e9s par Kaba, animateur \u00e0 la MJC, et le Lyon Bondy Blog.<\/p>\n<h4>\n\u00ab L\u2019avenir de cette commune, c\u2019est nous \u00bb<\/h4>\n<p>Forts d\u2019un esprit de groupe, les jeunes se sont pr\u00e9par\u00e9s ensemble \u00e0 construire leurs discours et \u00e0 prendre la parole en public. Le jour du d\u00e9bat, plusieurs th\u00e9matiques figuraient \u00e0 l\u2019ordre du jour parmi lesquelles le sport, le d\u00e9crochage scolaire, le probl\u00e8me du d\u00e9sert m\u00e9dical, l\u2019image de Vaulx-en-Velin et l\u2019attractivit\u00e9 de ce territoire.<br \/>\nTour \u00e0 tour, ils ont pris la parole pour interroger les candidats aux municipales de leur commune sur leur programme. Ce pr\u00e9cieux temps d\u2019\u00e9change a eu le m\u00e9rite de replacer au centre des discussions la jeunesse qui aura un r\u00f4le cl\u00e9 dans le d\u00e9veloppement de Vaulx-en-Velin.<\/p>\n<figure id=\"attachment_19374\" aria-describedby=\"caption-attachment-19374\" style=\"width: 1140px\" class=\"wp-caption aligncenter\"><a href=\"https:\/\/lyonbondyblog.fr\/LBB\/wp-content\/uploads\/2020\/03\/89119011_192204508712460_8870289698937896960_n.jpg\"><img loading=\"lazy\" decoding=\"async\" class=\"size-large wp-image-19374\" src=\"https:\/\/lyonbondyblog.fr\/LBB\/wp-content\/uploads\/2020\/03\/89119011_192204508712460_8870289698937896960_n-1920x1440.jpg\" alt=\"\" width=\"1140\" height=\"855\" srcset=\"https:\/\/lyonbondyblog.fr\/LBB\/wp-content\/uploads\/2020\/03\/89119011_192204508712460_8870289698937896960_n-1920x1440.jpg 1920w, https:\/\/lyonbondyblog.fr\/LBB\/wp-content\/uploads\/2020\/03\/89119011_192204508712460_8870289698937896960_n-1200x900.jpg 1200w, https:\/\/lyonbondyblog.fr\/LBB\/wp-content\/uploads\/2020\/03\/89119011_192204508712460_8870289698937896960_n-768x576.jpg 768w, https:\/\/lyonbondyblog.fr\/LBB\/wp-content\/uploads\/2020\/03\/89119011_192204508712460_8870289698937896960_n-600x450.jpg 600w, https:\/\/lyonbondyblog.fr\/LBB\/wp-content\/uploads\/2020\/03\/89119011_192204508712460_8870289698937896960_n.jpg 2048w\" sizes=\"auto, (max-width: 1140px) 100vw, 1140px\" \/><\/a><figcaption id=\"caption-attachment-19374\" class=\"wp-caption-text\">Les jeunes de la MJC de Vaulx-en-Velin &#8211; Cr\u00e9dit photo : Romane Rosset<\/figcaption><\/figure>\n<p>Romane Rosset<\/p>\n<!-- AddThis Advanced Settings generic via filter on the_content --><!-- AddThis Share Buttons generic via filter on the_content -->","protected":false},"excerpt":{"rendered":"<p>\u00c0 Vaulx-en-Velin, la parole est aux jeunes. En partenariat avec le Lyon Bondy Blog, les jeunes vaudais de la Maison des Jeunes et de la &hellip; <!-- AddThis Advanced Settings generic via filter on wp_trim_excerpt --><!-- AddThis Share Buttons generic via filter on wp_trim_excerpt --><\/p>\n","protected":false},"author":1,"featured_media":19352,"comment_status":"open","ping_status":"open","sticky":false,"template":"","format":"standard","meta":{"_FSMCFIC_featured_image_caption":"","_FSMCFIC_featured_image_nocaption":"","_FSMCFIC_featured_image_hide":"","footnotes":""},"categories":[5324,13120,4097,3891],"tags":[],"class_list":["post-19373","post","type-post","status-publish","format-standard","has-post-thumbnail","hentry","category-jeunesse","category-municipales-2020","category-rencontre","category-vaulx-en-velin"],"yoast_head":"<!-- This site is optimized with the Yoast SEO plugin v22.8 - https:\/\/yoast.com\/wordpress\/plugins\/seo\/ -->\n<title>Donner la parole \u00e0 la jeunesse de Vaulx-en-Velin - Lyon Bondy Blog<\/title>\n<meta name=\"robots\" content=\"index, follow, max-snippet:-1, max-image-preview:large, max-video-preview:-1\" \/>\n<link rel=\"canonical\" href=\"https:\/\/lyonbondyblog.fr\/LBB\/donner-la-parole-a-la-jeunesse-de-vaulx-en-velin\/\" \/>\n<meta property=\"og:locale\" content=\"fr_FR\" \/>\n<meta property=\"og:type\" content=\"article\" \/>\n<meta property=\"og:title\" content=\"Donner la parole \u00e0 la jeunesse de Vaulx-en-Velin - Lyon Bondy Blog\" \/>\n<meta property=\"og:description\" content=\"\u00c0 Vaulx-en-Velin, la parole est aux jeunes. En partenariat avec le Lyon Bondy Blog, les jeunes vaudais de la Maison des Jeunes et de la &hellip;\" \/>\n<meta property=\"og:url\" content=\"https:\/\/lyonbondyblog.fr\/LBB\/donner-la-parole-a-la-jeunesse-de-vaulx-en-velin\/\" \/>\n<meta property=\"og:site_name\" content=\"Lyon Bondy Blog\" \/>\n<meta property=\"article:publisher\" content=\"https:\/\/www.facebook.com\/lyonbondyblog\" \/>\n<meta property=\"article:author\" content=\"https:\/\/www.facebook.com\/lyonbondyblog\" \/>\n<meta property=\"article:published_time\" content=\"2020-03-05T19:23:17+00:00\" \/>\n<meta property=\"og:image\" content=\"https:\/\/lyonbondyblog.fr\/LBB\/wp-content\/uploads\/2020\/03\/received_636501383591626.png\" \/>\n\t<meta property=\"og:image:width\" content=\"2896\" \/>\n\t<meta property=\"og:image:height\" content=\"4096\" \/>\n\t<meta property=\"og:image:type\" content=\"image\/png\" \/>\n<meta name=\"author\" content=\"La r\u00e9daction\" \/>\n<meta name=\"twitter:card\" content=\"summary_large_image\" \/>\n<meta name=\"twitter:creator\" content=\"@BondyBlogLyon\" \/>\n<meta name=\"twitter:site\" content=\"@bondybloglyon\" \/>\n<script type=\"application\/ld+json\" class=\"yoast-schema-graph\">{\"@context\":\"https:\/\/schema.org\",\"@graph\":[{\"@type\":\"Article\",\"@id\":\"https:\/\/lyonbondyblog.fr\/LBB\/donner-la-parole-a-la-jeunesse-de-vaulx-en-velin\/#article\",\"isPartOf\":{\"@id\":\"https:\/\/lyonbondyblog.fr\/LBB\/donner-la-parole-a-la-jeunesse-de-vaulx-en-velin\/\"},\"author\":{\"name\":\"La r\u00e9daction\",\"@id\":\"https:\/\/lyonbondyblog.fr\/LBB\/#\/schema\/person\/e45f8d27baac75072daa0be50c409b25\"},\"headline\":\"Donner la parole \u00e0 la jeunesse de Vaulx-en-Velin\",\"datePublished\":\"2020-03-05T19:23:17+00:00\",\"dateModified\":\"2020-03-05T19:23:17+00:00\",\"mainEntityOfPage\":{\"@id\":\"https:\/\/lyonbondyblog.fr\/LBB\/donner-la-parole-a-la-jeunesse-de-vaulx-en-velin\/\"},\"wordCount\":230,\"commentCount\":0,\"publisher\":{\"@id\":\"https:\/\/lyonbondyblog.fr\/LBB\/#organization\"},\"image\":{\"@id\":\"https:\/\/lyonbondyblog.fr\/LBB\/donner-la-parole-a-la-jeunesse-de-vaulx-en-velin\/#primaryimage\"},\"thumbnailUrl\":\"https:\/\/lyonbondyblog.fr\/LBB\/wp-content\/uploads\/2020\/03\/received_636501383591626.png\",\"articleSection\":[\"Jeunesse\",\"Municipales 2020\",\"Rencontre\",\"Vaulx-en-Velin\"],\"inLanguage\":\"fr-FR\",\"potentialAction\":[{\"@type\":\"CommentAction\",\"name\":\"Comment\",\"target\":[\"https:\/\/lyonbondyblog.fr\/LBB\/donner-la-parole-a-la-jeunesse-de-vaulx-en-velin\/#respond\"]}]},{\"@type\":\"WebPage\",\"@id\":\"https:\/\/lyonbondyblog.fr\/LBB\/donner-la-parole-a-la-jeunesse-de-vaulx-en-velin\/\",\"url\":\"https:\/\/lyonbondyblog.fr\/LBB\/donner-la-parole-a-la-jeunesse-de-vaulx-en-velin\/\",\"name\":\"Donner la parole \u00e0 la jeunesse de Vaulx-en-Velin - Lyon Bondy Blog\",\"isPartOf\":{\"@id\":\"https:\/\/lyonbondyblog.fr\/LBB\/#website\"},\"primaryImageOfPage\":{\"@id\":\"https:\/\/lyonbondyblog.fr\/LBB\/donner-la-parole-a-la-jeunesse-de-vaulx-en-velin\/#primaryimage\"},\"image\":{\"@id\":\"https:\/\/lyonbondyblog.fr\/LBB\/donner-la-parole-a-la-jeunesse-de-vaulx-en-velin\/#primaryimage\"},\"thumbnailUrl\":\"https:\/\/lyonbondyblog.fr\/LBB\/wp-content\/uploads\/2020\/03\/received_636501383591626.png\",\"datePublished\":\"2020-03-05T19:23:17+00:00\",\"dateModified\":\"2020-03-05T19:23:17+00:00\",\"inLanguage\":\"fr-FR\",\"potentialAction\":[{\"@type\":\"ReadAction\",\"target\":[\"https:\/\/lyonbondyblog.fr\/LBB\/donner-la-parole-a-la-jeunesse-de-vaulx-en-velin\/\"]}]},{\"@type\":\"ImageObject\",\"inLanguage\":\"fr-FR\",\"@id\":\"https:\/\/lyonbondyblog.fr\/LBB\/donner-la-parole-a-la-jeunesse-de-vaulx-en-velin\/#primaryimage\",\"url\":\"https:\/\/lyonbondyblog.fr\/LBB\/wp-content\/uploads\/2020\/03\/received_636501383591626.png\",\"contentUrl\":\"https:\/\/lyonbondyblog.fr\/LBB\/wp-content\/uploads\/2020\/03\/received_636501383591626.png\",\"width\":2896,\"height\":4096,\"caption\":\"Affiche du d\u00e9bat sur les \u00e9lections municipales\"},{\"@type\":\"WebSite\",\"@id\":\"https:\/\/lyonbondyblog.fr\/LBB\/#website\",\"url\":\"https:\/\/lyonbondyblog.fr\/LBB\/\",\"name\":\"Lyon Bondy Blog\",\"description\":\"\",\"publisher\":{\"@id\":\"https:\/\/lyonbondyblog.fr\/LBB\/#organization\"},\"potentialAction\":[{\"@type\":\"SearchAction\",\"target\":{\"@type\":\"EntryPoint\",\"urlTemplate\":\"https:\/\/lyonbondyblog.fr\/LBB\/?s={search_term_string}\"},\"query-input\":\"required name=search_term_string\"}],\"inLanguage\":\"fr-FR\"},{\"@type\":\"Organization\",\"@id\":\"https:\/\/lyonbondyblog.fr\/LBB\/#organization\",\"name\":\"LYON BONDY BLOG\",\"url\":\"https:\/\/lyonbondyblog.fr\/LBB\/\",\"logo\":{\"@type\":\"ImageObject\",\"inLanguage\":\"fr-FR\",\"@id\":\"https:\/\/lyonbondyblog.fr\/LBB\/#\/schema\/logo\/image\/\",\"url\":\"http:\/\/lyonbondyblog.fr\/LBB\/wp-content\/uploads\/2014\/10\/logo-portable-144.png\",\"contentUrl\":\"http:\/\/lyonbondyblog.fr\/LBB\/wp-content\/uploads\/2014\/10\/logo-portable-144.png\",\"width\":144,\"height\":123,\"caption\":\"LYON BONDY BLOG\"},\"image\":{\"@id\":\"https:\/\/lyonbondyblog.fr\/LBB\/#\/schema\/logo\/image\/\"},\"sameAs\":[\"https:\/\/www.facebook.com\/lyonbondyblog\",\"https:\/\/x.com\/bondybloglyon\"]},{\"@type\":\"Person\",\"@id\":\"https:\/\/lyonbondyblog.fr\/LBB\/#\/schema\/person\/e45f8d27baac75072daa0be50c409b25\",\"name\":\"La r\u00e9daction\",\"description\":\"Cr\u00e9e en 2008, la r\u00e9daction du Lyon Bondy Blog s'applique \u00e0 proposer une information locale diff\u00e9rente et compl\u00e9mentaire des m\u00e9dias traditionnels.\",\"sameAs\":[\"https:\/\/www.facebook.com\/lyonbondyblog\",\"https:\/\/x.com\/BondyBlogLyon\"],\"url\":\"https:\/\/lyonbondyblog.fr\/LBB\/author\/admin\/\"}]}<\/script>\n<!-- \/ Yoast SEO plugin. -->","yoast_head_json":{"title":"Donner la parole \u00e0 la jeunesse de Vaulx-en-Velin - Lyon Bondy Blog","robots":{"index":"index","follow":"follow","max-snippet":"max-snippet:-1","max-image-preview":"max-image-preview:large","max-video-preview":"max-video-preview:-1"},"canonical":"https:\/\/lyonbondyblog.fr\/LBB\/donner-la-parole-a-la-jeunesse-de-vaulx-en-velin\/","og_locale":"fr_FR","og_type":"article","og_title":"Donner la parole \u00e0 la jeunesse de Vaulx-en-Velin - Lyon Bondy Blog","og_description":"\u00c0 Vaulx-en-Velin, la parole est aux jeunes. En partenariat avec le Lyon Bondy Blog, les jeunes vaudais de la Maison des Jeunes et de la &hellip;","og_url":"https:\/\/lyonbondyblog.fr\/LBB\/donner-la-parole-a-la-jeunesse-de-vaulx-en-velin\/","og_site_name":"Lyon Bondy Blog","article_publisher":"https:\/\/www.facebook.com\/lyonbondyblog","article_author":"https:\/\/www.facebook.com\/lyonbondyblog","article_published_time":"2020-03-05T19:23:17+00:00","og_image":[{"width":2896,"height":4096,"url":"https:\/\/lyonbondyblog.fr\/LBB\/wp-content\/uploads\/2020\/03\/received_636501383591626.png","type":"image\/png"}],"author":"La r\u00e9daction","twitter_card":"summary_large_image","twitter_creator":"@BondyBlogLyon","twitter_site":"@bondybloglyon","schema":{"@context":"https:\/\/schema.org","@graph":[{"@type":"Article","@id":"https:\/\/lyonbondyblog.fr\/LBB\/donner-la-parole-a-la-jeunesse-de-vaulx-en-velin\/#article","isPartOf":{"@id":"https:\/\/lyonbondyblog.fr\/LBB\/donner-la-parole-a-la-jeunesse-de-vaulx-en-velin\/"},"author":{"name":"La r\u00e9daction","@id":"https:\/\/lyonbondyblog.fr\/LBB\/#\/schema\/person\/e45f8d27baac75072daa0be50c409b25"},"headline":"Donner la parole \u00e0 la jeunesse de Vaulx-en-Velin","datePublished":"2020-03-05T19:23:17+00:00","dateModified":"2020-03-05T19:23:17+00:00","mainEntityOfPage":{"@id":"https:\/\/lyonbondyblog.fr\/LBB\/donner-la-parole-a-la-jeunesse-de-vaulx-en-velin\/"},"wordCount":230,"commentCount":0,"publisher":{"@id":"https:\/\/lyonbondyblog.fr\/LBB\/#organization"},"image":{"@id":"https:\/\/lyonbondyblog.fr\/LBB\/donner-la-parole-a-la-jeunesse-de-vaulx-en-velin\/#primaryimage"},"thumbnailUrl":"https:\/\/lyonbondyblog.fr\/LBB\/wp-content\/uploads\/2020\/03\/received_636501383591626.png","articleSection":["Jeunesse","Municipales 2020","Rencontre","Vaulx-en-Velin"],"inLanguage":"fr-FR","potentialAction":[{"@type":"CommentAction","name":"Comment","target":["https:\/\/lyonbondyblog.fr\/LBB\/donner-la-parole-a-la-jeunesse-de-vaulx-en-velin\/#respond"]}]},{"@type":"WebPage","@id":"https:\/\/lyonbondyblog.fr\/LBB\/donner-la-parole-a-la-jeunesse-de-vaulx-en-velin\/","url":"https:\/\/lyonbondyblog.fr\/LBB\/donner-la-parole-a-la-jeunesse-de-vaulx-en-velin\/","name":"Donner la parole \u00e0 la jeunesse de Vaulx-en-Velin - Lyon Bondy Blog","isPartOf":{"@id":"https:\/\/lyonbondyblog.fr\/LBB\/#website"},"primaryImageOfPage":{"@id":"https:\/\/lyonbondyblog.fr\/LBB\/donner-la-parole-a-la-jeunesse-de-vaulx-en-velin\/#primaryimage"},"image":{"@id":"https:\/\/lyonbondyblog.fr\/LBB\/donner-la-parole-a-la-jeunesse-de-vaulx-en-velin\/#primaryimage"},"thumbnailUrl":"https:\/\/lyonbondyblog.fr\/LBB\/wp-content\/uploads\/2020\/03\/received_636501383591626.png","datePublished":"2020-03-05T19:23:17+00:00","dateModified":"2020-03-05T19:23:17+00:00","inLanguage":"fr-FR","potentialAction":[{"@type":"ReadAction","target":["https:\/\/lyonbondyblog.fr\/LBB\/donner-la-parole-a-la-jeunesse-de-vaulx-en-velin\/"]}]},{"@type":"ImageObject","inLanguage":"fr-FR","@id":"https:\/\/lyonbondyblog.fr\/LBB\/donner-la-parole-a-la-jeunesse-de-vaulx-en-velin\/#primaryimage","url":"https:\/\/lyonbondyblog.fr\/LBB\/wp-content\/uploads\/2020\/03\/received_636501383591626.png","contentUrl":"https:\/\/lyonbondyblog.fr\/LBB\/wp-content\/uploads\/2020\/03\/received_636501383591626.png","width":2896,"height":4096,"caption":"Affiche du d\u00e9bat sur les \u00e9lections municipales"},{"@type":"WebSite","@id":"https:\/\/lyonbondyblog.fr\/LBB\/#website","url":"https:\/\/lyonbondyblog.fr\/LBB\/","name":"Lyon Bondy Blog","description":"","publisher":{"@id":"https:\/\/lyonbondyblog.fr\/LBB\/#organization"},"potentialAction":[{"@type":"SearchAction","target":{"@type":"EntryPoint","urlTemplate":"https:\/\/lyonbondyblog.fr\/LBB\/?s={search_term_string}"},"query-input":"required name=search_term_string"}],"inLanguage":"fr-FR"},{"@type":"Organization","@id":"https:\/\/lyonbondyblog.fr\/LBB\/#organization","name":"LYON BONDY BLOG","url":"https:\/\/lyonbondyblog.fr\/LBB\/","logo":{"@type":"ImageObject","inLanguage":"fr-FR","@id":"https:\/\/lyonbondyblog.fr\/LBB\/#\/schema\/logo\/image\/","url":"http:\/\/lyonbondyblog.fr\/LBB\/wp-content\/uploads\/2014\/10\/logo-portable-144.png","contentUrl":"http:\/\/lyonbondyblog.fr\/LBB\/wp-content\/uploads\/2014\/10\/logo-portable-144.png","width":144,"height":123,"caption":"LYON BONDY BLOG"},"image":{"@id":"https:\/\/lyonbondyblog.fr\/LBB\/#\/schema\/logo\/image\/"},"sameAs":["https:\/\/www.facebook.com\/lyonbondyblog","https:\/\/x.com\/bondybloglyon"]},{"@type":"Person","@id":"https:\/\/lyonbondyblog.fr\/LBB\/#\/schema\/person\/e45f8d27baac75072daa0be50c409b25","name":"La r\u00e9daction","description":"Cr\u00e9e en 2008, la r\u00e9daction du Lyon Bondy Blog s'applique \u00e0 proposer une information locale diff\u00e9rente et compl\u00e9mentaire des m\u00e9dias traditionnels.","sameAs":["https:\/\/www.facebook.com\/lyonbondyblog","https:\/\/x.com\/BondyBlogLyon"],"url":"https:\/\/lyonbondyblog.fr\/LBB\/author\/admin\/"}]}},"_links":{"self":[{"href":"https:\/\/lyonbondyblog.fr\/LBB\/wp-json\/wp\/v2\/posts\/19373","targetHints":{"allow":["GET"]}}],"collection":[{"href":"https:\/\/lyonbondyblog.fr\/LBB\/wp-json\/wp\/v2\/posts"}],"about":[{"href":"https:\/\/lyonbondyblog.fr\/LBB\/wp-json\/wp\/v2\/types\/post"}],"author":[{"embeddable":true,"href":"https:\/\/lyonbondyblog.fr\/LBB\/wp-json\/wp\/v2\/users\/1"}],"replies":[{"embeddable":true,"href":"https:\/\/lyonbondyblog.fr\/LBB\/wp-json\/wp\/v2\/comments?post=19373"}],"version-history":[{"count":2,"href":"https:\/\/lyonbondyblog.fr\/LBB\/wp-json\/wp\/v2\/posts\/19373\/revisions"}],"predecessor-version":[{"id":19376,"href":"https:\/\/lyonbondyblog.fr\/LBB\/wp-json\/wp\/v2\/posts\/19373\/revisions\/19376"}],"wp:featuredmedia":[{"embeddable":true,"href":"https:\/\/lyonbondyblog.fr\/LBB\/wp-json\/wp\/v2\/media\/19352"}],"wp:attachment":[{"href":"https:\/\/lyonbondyblog.fr\/LBB\/wp-json\/wp\/v2\/media?parent=19373"}],"wp:term":[{"taxonomy":"category","embeddable":true,"href":"https:\/\/lyonbondyblog.fr\/LBB\/wp-json\/wp\/v2\/categories?post=19373"},{"taxonomy":"post_tag","embeddable":true,"href":"https:\/\/lyonbondyblog.fr\/LBB\/wp-json\/wp\/v2\/tags?post=19373"}],"curies":[{"name":"wp","href":"https:\/\/api.w.org\/{rel}","templated":true}]}}