{"id":19333,"date":"2020-02-29T13:38:18","date_gmt":"2020-02-29T12:38:18","guid":{"rendered":"http:\/\/lyonbondyblog.fr\/LBB\/?p=19333"},"modified":"2020-02-29T13:38:18","modified_gmt":"2020-02-29T12:38:18","slug":"artisans-du-monde-le-travail-regulier-de-nombreux-benevoles-dans-toute-la-region-auvergne-rhone-alpes-pour-un-commerce-equitable-et-pour-la-comprehension-par-le-public-des-objectifs-du-developpement","status":"publish","type":"post","link":"https:\/\/lyonbondyblog.fr\/LBB\/artisans-du-monde-le-travail-regulier-de-nombreux-benevoles-dans-toute-la-region-auvergne-rhone-alpes-pour-un-commerce-equitable-et-pour-la-comprehension-par-le-public-des-objectifs-du-developpement\/","title":{"rendered":"Artisans du Monde, le travail r\u00e9gulier de nombreux b\u00e9n\u00e9voles dans toute la r\u00e9gion Auvergne Rh\u00f4ne Alpes pour un commerce \u00e9quitable et pour la compr\u00e9hension par le public des Objectifs du D\u00e9veloppement Durable"},"content":{"rendered":"<h4>Le soutien \u00e0 un projet men\u00e9 \u00e0 New Dehli par des femmes dont les productions sont vendues dans la r\u00e9gion par Artisans du Monde&nbsp;<\/h4>\n<p>Daniel Beauch\u00eane Pr\u00e9sident du conseil de surveillance chez Solidar&rsquo;Monde explique l&rsquo;essentiel de l&rsquo;engagement d&rsquo;Artisans du monde :&nbsp;<\/p>\n<p>\u00ab Le mouvement Artisans du Monde est n\u00e9 de l&rsquo;appel lanc\u00e9 par l&rsquo;abb\u00e9 Pierre suite \u00e0 une mission au Bangladesh. Cet appel, dans la continuit\u00e9 de la revendication des acteurs du Sud \u00ab\u00a0Trade not Aid\u00a0\u00bb incitait les consommateurs du Nord \u00e0 acheter \u00e0 un prix juste des produits du Sud, plut\u00f4t qu&rsquo;\u00e0 simplement envoyer de l&rsquo;aide humanitaire. Le mouvement s&rsquo;est d\u00e9velopp\u00e9 en France en cr\u00e9ant des associations Artisans du Monde regroup\u00e9es dans la F\u00e9d\u00e9ration Artisans du Monde, des boutiques Artisans du Monde et une centrale d&rsquo;achat de produits \u00e9quitables, pour l&rsquo;essentiel \u00e0 la marque Artisans du Monde.&nbsp;<\/p>\n<p>L&rsquo;action des associations Artisans du Monde repose sur trois piliers : la vente de produits \u00e9quitables, l&rsquo;\u00e9ducation \u00e0 la solidarit\u00e9 internationale pour permettre \u00e0 chacun de comprendre les dysfonctionnements du commerce mondial et le plaidoyer pour tenter d&rsquo;influencer les d\u00e9cisions en faveur du commerce \u00e9quitable. \u00bb&nbsp;<\/p>\n<p>La r\u00e9gion Auvergne Rh\u00f4ne Alpes compte de nombreuses boutiques tenues par des b\u00e9n\u00e9voles, Lyon ouest, Vieux Lyon , Villeurbanne, Bourg en Bresse, Chamb\u00e9ry, Annecy, le Puy, Cusset, Vienne, Grenoble, Valence, Privas, Tournon, Saint Etienne, Grenoble, Bourgoin,Romans, Annemasse, Saint Jean de Maurienne.&nbsp;<\/p>\n<p><a href=\"https:\/\/www.boutique-artisans-du-monde.com\/\">https:\/\/www.boutique-artisans-du-monde.com\/&nbsp;<\/a><\/p>\n<p>Toutes ces associations sont en relations pour leurs achats avec Solidar&rsquo;Monde. Sur le plan local, les associations de la r\u00e9gion sont en liens avec plusieurs associations et projets dans le monde entier.&nbsp;<\/p>\n<p>Les militants d&rsquo;Artisans du Monde en Rh\u00f4ne Alpes Auvergne suivent particuli\u00e8rement un projet d\u00e9velopp\u00e9 par une coop\u00e9rative, la Fa\u00eeti\u00e8re, dont les productions des femmes \u00e0 Badarpur dans la r\u00e9gion de New Dehli en Inde, il s&rsquo;agit du TARA project..&nbsp;<\/p>\n<p><a href=\"http:\/\/taraprojects.com\/mahila-vikas-samooh-woman-producer-group-bawana-new-delhi\/\">http:\/\/taraprojects.com\/mahila-vikas-samooh-woman-producer-group-bawana-new-delhi\/&nbsp;<\/a><\/p>\n<p>Une action a \u00e9t\u00e9 men\u00e9e en 2019 2020 par l&rsquo;ensemble des b\u00e9n\u00e9voles de notre r\u00e9gion d&rsquo;Artisans du Monde pour mieux faire comprendre aux habitants d&rsquo; Auvergne Rh\u00f4ne Alpes l&rsquo;importance des Objectifs du D\u00e9veloppement durable et la n\u00e9cessit\u00e9 d&rsquo;une solidarit\u00e9 internationale pour que nous puissions, en tant que consommateurs, contribuer \u00e0 cette solidarit\u00e9. Le travail men\u00e9 par l&rsquo;association a b\u00e9n\u00e9fici\u00e9 pour cette ann\u00e9e d&rsquo;une subvention de l&rsquo;Union europ\u00e9enne anim\u00e9e le GIP Resacoop dans le cadre du projet intenational \u00ab Frame Voice Report \u00bb..&nbsp;<\/p>\n<p><a href=\"http:\/\/www.resacoop.org\/\">http:\/\/www.resacoop.org\/&nbsp;<\/a><\/p>\n<p><a href=\"https:\/\/www.framevoicereport.org\/\">https:\/\/www.framevoicereport.org\/&nbsp;<\/a><\/p>\n<p>Dans un premier temps, un jeune journaliste associ\u00e9 au projet, Manuel-Antonio Monteagudo&nbsp;<\/p>\n<p>Gauvrits&rsquo;est rendu \u00e0 New Delhi afin de r\u00e9aliser un web doc sur la r\u00e9gion, la ville et plus particuli\u00e8rement Tara Projects, qui soutient des coop\u00e9ratives de producteurs et productrices de commerce \u00e9quitable, ainsi que leurs actions de transformation au sein de leurs communaut\u00e9s. Les films de Manuel ont \u00e9t\u00e9 pr\u00e9sent\u00e9s au public durant l&rsquo;apr\u00e8s midi du 1er f\u00e9vrier.&nbsp;<\/p>\n<p><iframe loading=\"lazy\" title=\"Mosmin - Donner la parole aux femmes\" width=\"1200\" height=\"675\" src=\"https:\/\/www.youtube.com\/embed\/oicz5MdCWnQ?feature=oembed\" frameborder=\"0\" allow=\"accelerometer; autoplay; clipboard-write; encrypted-media; gyroscope; picture-in-picture\" allowfullscreen><\/iframe><\/p>\n<p>https:\/\/www.youtube.com\/watch? v=oicz5MdCWnQ&amp;feature=share&amp;fbclid=IwAR0Ilpr4avM_c71yhb9jqbEheUCS6gDXoCvvGE9F 0a0w5l-iFsu5OMmR3T4&nbsp;<\/p>\n<p><iframe loading=\"lazy\" title=\"Sofia - S&#039;\u00e9manciper gr\u00e2ce \u00e0 l&#039;artisanat \u00e9quitable\" width=\"1200\" height=\"675\" src=\"https:\/\/www.youtube.com\/embed\/qwLDEAmI6e8?feature=oembed\" frameborder=\"0\" allow=\"accelerometer; autoplay; clipboard-write; encrypted-media; gyroscope; picture-in-picture\" allowfullscreen><\/iframe><\/p>\n<p>Dans un deuxi\u00e8me temps, une femme de l&rsquo;organisation Tara Projects, Koko a \u00e9t\u00e9 invit\u00e9e en France (une autre femme, Mosmin, artisane \u00e0 New Dehli, avait \u00e9t\u00e9 invit\u00e9s mais elle n&rsquo;a pas pu venir). Le p\u00e9riple de Koko l&rsquo;a emmen\u00e9e dans diff\u00e9rentes villes et associations Artisans du Monde de la r\u00e9gion o\u00f9 elles a \u00e9chang\u00e9 avec le public lors de divers \u00e9v\u00e9nements locaux. Son voyage s&rsquo;est termin\u00e9 sur un \u00ab\u00a0grand \u00e9v\u00e9nement\u00a0\u00bb r\u00e9gional \u00e0 Lyon sur les ODD, th\u00e8mes du projet avec trois tables rondes, Lors de cet \u00e9v\u00e9nement men\u00e9 le 1er f\u00e9vrier, trois d\u00e9bats ont eu lieu qui ont permis aux nombreux participants de r\u00e9fl\u00e9chir sur trois points :&nbsp;<\/p>\n<p><a href=\"https:\/\/www.artisansdumonde.org\/les-producteurs\/tara\">https:\/\/www.artisansdumonde.org\/les-producteurs\/tara&nbsp;<\/a><\/p>\n<p>Lors de la rencontre du 1er f\u00e9vrier, nous entend\u00eemes plusieurs d\u00e9bats : autour des invit\u00e9s, on trouvait dans chaque d\u00e9bat la repr\u00e9sentante de TARA projects, Koko et un membre d&rsquo;Artisans du Monde.&nbsp;<\/p>\n<h4>Lutte contre la pauvret\u00e9 (ODD1) C\u00e9cile Duflot (OXFAM)&nbsp;<\/h4>\n<p>Marie Aleth Girard Daniel Beauch\u00eane (Artisans du Monde)&nbsp;<\/p>\n<p>Koko (TARA projects)&nbsp;<\/p>\n<h4>Le travail d\u00e9cent (ODD8)&nbsp;<\/h4>\n<p>Nayla Ajaltouni Collectif Ethique sur l&rsquo;\u00e9tiquette&nbsp;<\/p>\n<p>Lucie Galtier, Atelier Fibr&rsquo;\u00e9thik, Saint Pierre d&rsquo;Albigny&nbsp;<\/p>\n<p>(Artisans du Monde)&nbsp;<\/p>\n<p>Koko (TARA projects)&nbsp;<\/p>\n<h4>L&rsquo;\u00e9galit\u00e9 entre les sexes (ODD5)&nbsp;<\/h4>\n<p>V\u00e9ronique Moreira (WECF France)&nbsp;<\/p>\n<p>Mich\u00e8le Vian\u00e8s (Regards de Femmes) Anne Renauldin (Artisans du Monde)&nbsp;<\/p>\n<p>Koko (TARA projects)&nbsp;<\/p>\n<p>La journ\u00e9e s&rsquo;est termin\u00e9e par une pr\u00e9sentation culturelle de la ville de New Dehli , danse et musique, par des b\u00e9n\u00e9voles de notre r\u00e9gion, et par la d\u00e9gustation de produits indiens.&nbsp;<\/p>\n<p>Patrice Berger, radio Pluriel&nbsp;<\/p>\n<p>p.berger888@gmail.com&nbsp;<\/p>\n<!-- AddThis Advanced Settings generic via filter on the_content --><!-- AddThis Share Buttons generic via filter on the_content -->","protected":false},"excerpt":{"rendered":"<p>Le soutien \u00e0 un projet men\u00e9 \u00e0 New Dehli par des femmes dont les productions sont vendues dans la r\u00e9gion par Artisans du Monde&nbsp; Daniel &hellip; <!-- AddThis Advanced Settings generic via filter on wp_trim_excerpt --><!-- AddThis Share Buttons generic via filter on wp_trim_excerpt --><\/p>\n","protected":false},"author":1,"featured_media":19341,"comment_status":"open","ping_status":"open","sticky":false,"template":"","format":"standard","meta":{"_FSMCFIC_featured_image_caption":"","_FSMCFIC_featured_image_nocaption":"","_FSMCFIC_featured_image_hide":"","footnotes":""},"categories":[6446],"tags":[],"class_list":["post-19333","post","type-post","status-publish","format-standard","has-post-thumbnail","hentry","category-ecologie"],"yoast_head":"<!-- This site is optimized with the Yoast SEO plugin v22.8 - https:\/\/yoast.com\/wordpress\/plugins\/seo\/ -->\n<title>Artisans du Monde, le travail r\u00e9gulier de nombreux b\u00e9n\u00e9voles dans toute la r\u00e9gion Auvergne Rh\u00f4ne Alpes pour un commerce \u00e9quitable et pour la compr\u00e9hension par le public des Objectifs du D\u00e9veloppement Durable - Lyon Bondy Blog<\/title>\n<meta name=\"robots\" content=\"index, follow, max-snippet:-1, max-image-preview:large, max-video-preview:-1\" \/>\n<link rel=\"canonical\" href=\"https:\/\/lyonbondyblog.fr\/LBB\/artisans-du-monde-le-travail-regulier-de-nombreux-benevoles-dans-toute-la-region-auvergne-rhone-alpes-pour-un-commerce-equitable-et-pour-la-comprehension-par-le-public-des-objectifs-du-developpement\/\" \/>\n<meta property=\"og:locale\" content=\"fr_FR\" \/>\n<meta property=\"og:type\" content=\"article\" \/>\n<meta property=\"og:title\" content=\"Artisans du Monde, le travail r\u00e9gulier de nombreux b\u00e9n\u00e9voles dans toute la r\u00e9gion Auvergne Rh\u00f4ne Alpes pour un commerce \u00e9quitable et pour la compr\u00e9hension par le public des Objectifs du D\u00e9veloppement Durable - Lyon Bondy Blog\" \/>\n<meta property=\"og:description\" content=\"Le soutien \u00e0 un projet men\u00e9 \u00e0 New Dehli par des femmes dont les productions sont vendues dans la r\u00e9gion par Artisans du Monde&nbsp; Daniel &hellip;\" \/>\n<meta property=\"og:url\" content=\"https:\/\/lyonbondyblog.fr\/LBB\/artisans-du-monde-le-travail-regulier-de-nombreux-benevoles-dans-toute-la-region-auvergne-rhone-alpes-pour-un-commerce-equitable-et-pour-la-comprehension-par-le-public-des-objectifs-du-developpement\/\" \/>\n<meta property=\"og:site_name\" content=\"Lyon Bondy Blog\" \/>\n<meta property=\"article:publisher\" content=\"https:\/\/www.facebook.com\/lyonbondyblog\" \/>\n<meta property=\"article:author\" content=\"https:\/\/www.facebook.com\/lyonbondyblog\" \/>\n<meta property=\"article:published_time\" content=\"2020-02-29T12:38:18+00:00\" \/>\n<meta property=\"og:image\" content=\"https:\/\/lyonbondyblog.fr\/LBB\/wp-content\/uploads\/2020\/02\/69997692_125547878816037_5459277941479309312_n.png\" \/>\n\t<meta property=\"og:image:width\" content=\"284\" \/>\n\t<meta property=\"og:image:height\" content=\"284\" \/>\n\t<meta property=\"og:image:type\" content=\"image\/png\" \/>\n<meta name=\"author\" content=\"La r\u00e9daction\" \/>\n<meta name=\"twitter:card\" content=\"summary_large_image\" \/>\n<meta name=\"twitter:creator\" content=\"@BondyBlogLyon\" \/>\n<meta name=\"twitter:site\" content=\"@bondybloglyon\" \/>\n<script type=\"application\/ld+json\" class=\"yoast-schema-graph\">{\"@context\":\"https:\/\/schema.org\",\"@graph\":[{\"@type\":\"Article\",\"@id\":\"https:\/\/lyonbondyblog.fr\/LBB\/artisans-du-monde-le-travail-regulier-de-nombreux-benevoles-dans-toute-la-region-auvergne-rhone-alpes-pour-un-commerce-equitable-et-pour-la-comprehension-par-le-public-des-objectifs-du-developpement\/#article\",\"isPartOf\":{\"@id\":\"https:\/\/lyonbondyblog.fr\/LBB\/artisans-du-monde-le-travail-regulier-de-nombreux-benevoles-dans-toute-la-region-auvergne-rhone-alpes-pour-un-commerce-equitable-et-pour-la-comprehension-par-le-public-des-objectifs-du-developpement\/\"},\"author\":{\"name\":\"La r\u00e9daction\",\"@id\":\"https:\/\/lyonbondyblog.fr\/LBB\/#\/schema\/person\/e45f8d27baac75072daa0be50c409b25\"},\"headline\":\"Artisans du Monde, le travail r\u00e9gulier de nombreux b\u00e9n\u00e9voles dans toute la r\u00e9gion Auvergne Rh\u00f4ne Alpes pour un commerce \u00e9quitable et pour la compr\u00e9hension par le public des Objectifs du D\u00e9veloppement Durable\",\"datePublished\":\"2020-02-29T12:38:18+00:00\",\"dateModified\":\"2020-02-29T12:38:18+00:00\",\"mainEntityOfPage\":{\"@id\":\"https:\/\/lyonbondyblog.fr\/LBB\/artisans-du-monde-le-travail-regulier-de-nombreux-benevoles-dans-toute-la-region-auvergne-rhone-alpes-pour-un-commerce-equitable-et-pour-la-comprehension-par-le-public-des-objectifs-du-developpement\/\"},\"wordCount\":888,\"commentCount\":0,\"publisher\":{\"@id\":\"https:\/\/lyonbondyblog.fr\/LBB\/#organization\"},\"image\":{\"@id\":\"https:\/\/lyonbondyblog.fr\/LBB\/artisans-du-monde-le-travail-regulier-de-nombreux-benevoles-dans-toute-la-region-auvergne-rhone-alpes-pour-un-commerce-equitable-et-pour-la-comprehension-par-le-public-des-objectifs-du-developpement\/#primaryimage\"},\"thumbnailUrl\":\"https:\/\/lyonbondyblog.fr\/LBB\/wp-content\/uploads\/2020\/02\/69997692_125547878816037_5459277941479309312_n.png\",\"articleSection\":[\"\u00c9cologie\"],\"inLanguage\":\"fr-FR\",\"potentialAction\":[{\"@type\":\"CommentAction\",\"name\":\"Comment\",\"target\":[\"https:\/\/lyonbondyblog.fr\/LBB\/artisans-du-monde-le-travail-regulier-de-nombreux-benevoles-dans-toute-la-region-auvergne-rhone-alpes-pour-un-commerce-equitable-et-pour-la-comprehension-par-le-public-des-objectifs-du-developpement\/#respond\"]}]},{\"@type\":\"WebPage\",\"@id\":\"https:\/\/lyonbondyblog.fr\/LBB\/artisans-du-monde-le-travail-regulier-de-nombreux-benevoles-dans-toute-la-region-auvergne-rhone-alpes-pour-un-commerce-equitable-et-pour-la-comprehension-par-le-public-des-objectifs-du-developpement\/\",\"url\":\"https:\/\/lyonbondyblog.fr\/LBB\/artisans-du-monde-le-travail-regulier-de-nombreux-benevoles-dans-toute-la-region-auvergne-rhone-alpes-pour-un-commerce-equitable-et-pour-la-comprehension-par-le-public-des-objectifs-du-developpement\/\",\"name\":\"Artisans du Monde, le travail r\u00e9gulier de nombreux b\u00e9n\u00e9voles dans toute la r\u00e9gion Auvergne Rh\u00f4ne Alpes pour un commerce \u00e9quitable et pour la compr\u00e9hension par le public des Objectifs du D\u00e9veloppement Durable - Lyon Bondy Blog\",\"isPartOf\":{\"@id\":\"https:\/\/lyonbondyblog.fr\/LBB\/#website\"},\"primaryImageOfPage\":{\"@id\":\"https:\/\/lyonbondyblog.fr\/LBB\/artisans-du-monde-le-travail-regulier-de-nombreux-benevoles-dans-toute-la-region-auvergne-rhone-alpes-pour-un-commerce-equitable-et-pour-la-comprehension-par-le-public-des-objectifs-du-developpement\/#primaryimage\"},\"image\":{\"@id\":\"https:\/\/lyonbondyblog.fr\/LBB\/artisans-du-monde-le-travail-regulier-de-nombreux-benevoles-dans-toute-la-region-auvergne-rhone-alpes-pour-un-commerce-equitable-et-pour-la-comprehension-par-le-public-des-objectifs-du-developpement\/#primaryimage\"},\"thumbnailUrl\":\"https:\/\/lyonbondyblog.fr\/LBB\/wp-content\/uploads\/2020\/02\/69997692_125547878816037_5459277941479309312_n.png\",\"datePublished\":\"2020-02-29T12:38:18+00:00\",\"dateModified\":\"2020-02-29T12:38:18+00:00\",\"inLanguage\":\"fr-FR\",\"potentialAction\":[{\"@type\":\"ReadAction\",\"target\":[\"https:\/\/lyonbondyblog.fr\/LBB\/artisans-du-monde-le-travail-regulier-de-nombreux-benevoles-dans-toute-la-region-auvergne-rhone-alpes-pour-un-commerce-equitable-et-pour-la-comprehension-par-le-public-des-objectifs-du-developpement\/\"]}]},{\"@type\":\"ImageObject\",\"inLanguage\":\"fr-FR\",\"@id\":\"https:\/\/lyonbondyblog.fr\/LBB\/artisans-du-monde-le-travail-regulier-de-nombreux-benevoles-dans-toute-la-region-auvergne-rhone-alpes-pour-un-commerce-equitable-et-pour-la-comprehension-par-le-public-des-objectifs-du-developpement\/#primaryimage\",\"url\":\"https:\/\/lyonbondyblog.fr\/LBB\/wp-content\/uploads\/2020\/02\/69997692_125547878816037_5459277941479309312_n.png\",\"contentUrl\":\"https:\/\/lyonbondyblog.fr\/LBB\/wp-content\/uploads\/2020\/02\/69997692_125547878816037_5459277941479309312_n.png\",\"width\":284,\"height\":284},{\"@type\":\"WebSite\",\"@id\":\"https:\/\/lyonbondyblog.fr\/LBB\/#website\",\"url\":\"https:\/\/lyonbondyblog.fr\/LBB\/\",\"name\":\"Lyon Bondy Blog\",\"description\":\"\",\"publisher\":{\"@id\":\"https:\/\/lyonbondyblog.fr\/LBB\/#organization\"},\"potentialAction\":[{\"@type\":\"SearchAction\",\"target\":{\"@type\":\"EntryPoint\",\"urlTemplate\":\"https:\/\/lyonbondyblog.fr\/LBB\/?s={search_term_string}\"},\"query-input\":\"required name=search_term_string\"}],\"inLanguage\":\"fr-FR\"},{\"@type\":\"Organization\",\"@id\":\"https:\/\/lyonbondyblog.fr\/LBB\/#organization\",\"name\":\"LYON BONDY BLOG\",\"url\":\"https:\/\/lyonbondyblog.fr\/LBB\/\",\"logo\":{\"@type\":\"ImageObject\",\"inLanguage\":\"fr-FR\",\"@id\":\"https:\/\/lyonbondyblog.fr\/LBB\/#\/schema\/logo\/image\/\",\"url\":\"http:\/\/lyonbondyblog.fr\/LBB\/wp-content\/uploads\/2014\/10\/logo-portable-144.png\",\"contentUrl\":\"http:\/\/lyonbondyblog.fr\/LBB\/wp-content\/uploads\/2014\/10\/logo-portable-144.png\",\"width\":144,\"height\":123,\"caption\":\"LYON BONDY BLOG\"},\"image\":{\"@id\":\"https:\/\/lyonbondyblog.fr\/LBB\/#\/schema\/logo\/image\/\"},\"sameAs\":[\"https:\/\/www.facebook.com\/lyonbondyblog\",\"https:\/\/x.com\/bondybloglyon\"]},{\"@type\":\"Person\",\"@id\":\"https:\/\/lyonbondyblog.fr\/LBB\/#\/schema\/person\/e45f8d27baac75072daa0be50c409b25\",\"name\":\"La r\u00e9daction\",\"description\":\"Cr\u00e9e en 2008, la r\u00e9daction du Lyon Bondy Blog s'applique \u00e0 proposer une information locale diff\u00e9rente et compl\u00e9mentaire des m\u00e9dias traditionnels.\",\"sameAs\":[\"https:\/\/www.facebook.com\/lyonbondyblog\",\"https:\/\/x.com\/BondyBlogLyon\"],\"url\":\"https:\/\/lyonbondyblog.fr\/LBB\/author\/admin\/\"}]}<\/script>\n<!-- \/ Yoast SEO plugin. -->","yoast_head_json":{"title":"Artisans du Monde, le travail r\u00e9gulier de nombreux b\u00e9n\u00e9voles dans toute la r\u00e9gion Auvergne Rh\u00f4ne Alpes pour un commerce \u00e9quitable et pour la compr\u00e9hension par le public des Objectifs du D\u00e9veloppement Durable - Lyon Bondy Blog","robots":{"index":"index","follow":"follow","max-snippet":"max-snippet:-1","max-image-preview":"max-image-preview:large","max-video-preview":"max-video-preview:-1"},"canonical":"https:\/\/lyonbondyblog.fr\/LBB\/artisans-du-monde-le-travail-regulier-de-nombreux-benevoles-dans-toute-la-region-auvergne-rhone-alpes-pour-un-commerce-equitable-et-pour-la-comprehension-par-le-public-des-objectifs-du-developpement\/","og_locale":"fr_FR","og_type":"article","og_title":"Artisans du Monde, le travail r\u00e9gulier de nombreux b\u00e9n\u00e9voles dans toute la r\u00e9gion Auvergne Rh\u00f4ne Alpes pour un commerce \u00e9quitable et pour la compr\u00e9hension par le public des Objectifs du D\u00e9veloppement Durable - Lyon Bondy Blog","og_description":"Le soutien \u00e0 un projet men\u00e9 \u00e0 New Dehli par des femmes dont les productions sont vendues dans la r\u00e9gion par Artisans du Monde&nbsp; Daniel &hellip;","og_url":"https:\/\/lyonbondyblog.fr\/LBB\/artisans-du-monde-le-travail-regulier-de-nombreux-benevoles-dans-toute-la-region-auvergne-rhone-alpes-pour-un-commerce-equitable-et-pour-la-comprehension-par-le-public-des-objectifs-du-developpement\/","og_site_name":"Lyon Bondy Blog","article_publisher":"https:\/\/www.facebook.com\/lyonbondyblog","article_author":"https:\/\/www.facebook.com\/lyonbondyblog","article_published_time":"2020-02-29T12:38:18+00:00","og_image":[{"width":284,"height":284,"url":"https:\/\/lyonbondyblog.fr\/LBB\/wp-content\/uploads\/2020\/02\/69997692_125547878816037_5459277941479309312_n.png","type":"image\/png"}],"author":"La r\u00e9daction","twitter_card":"summary_large_image","twitter_creator":"@BondyBlogLyon","twitter_site":"@bondybloglyon","schema":{"@context":"https:\/\/schema.org","@graph":[{"@type":"Article","@id":"https:\/\/lyonbondyblog.fr\/LBB\/artisans-du-monde-le-travail-regulier-de-nombreux-benevoles-dans-toute-la-region-auvergne-rhone-alpes-pour-un-commerce-equitable-et-pour-la-comprehension-par-le-public-des-objectifs-du-developpement\/#article","isPartOf":{"@id":"https:\/\/lyonbondyblog.fr\/LBB\/artisans-du-monde-le-travail-regulier-de-nombreux-benevoles-dans-toute-la-region-auvergne-rhone-alpes-pour-un-commerce-equitable-et-pour-la-comprehension-par-le-public-des-objectifs-du-developpement\/"},"author":{"name":"La r\u00e9daction","@id":"https:\/\/lyonbondyblog.fr\/LBB\/#\/schema\/person\/e45f8d27baac75072daa0be50c409b25"},"headline":"Artisans du Monde, le travail r\u00e9gulier de nombreux b\u00e9n\u00e9voles dans toute la r\u00e9gion Auvergne Rh\u00f4ne Alpes pour un commerce \u00e9quitable et pour la compr\u00e9hension par le public des Objectifs du D\u00e9veloppement Durable","datePublished":"2020-02-29T12:38:18+00:00","dateModified":"2020-02-29T12:38:18+00:00","mainEntityOfPage":{"@id":"https:\/\/lyonbondyblog.fr\/LBB\/artisans-du-monde-le-travail-regulier-de-nombreux-benevoles-dans-toute-la-region-auvergne-rhone-alpes-pour-un-commerce-equitable-et-pour-la-comprehension-par-le-public-des-objectifs-du-developpement\/"},"wordCount":888,"commentCount":0,"publisher":{"@id":"https:\/\/lyonbondyblog.fr\/LBB\/#organization"},"image":{"@id":"https:\/\/lyonbondyblog.fr\/LBB\/artisans-du-monde-le-travail-regulier-de-nombreux-benevoles-dans-toute-la-region-auvergne-rhone-alpes-pour-un-commerce-equitable-et-pour-la-comprehension-par-le-public-des-objectifs-du-developpement\/#primaryimage"},"thumbnailUrl":"https:\/\/lyonbondyblog.fr\/LBB\/wp-content\/uploads\/2020\/02\/69997692_125547878816037_5459277941479309312_n.png","articleSection":["\u00c9cologie"],"inLanguage":"fr-FR","potentialAction":[{"@type":"CommentAction","name":"Comment","target":["https:\/\/lyonbondyblog.fr\/LBB\/artisans-du-monde-le-travail-regulier-de-nombreux-benevoles-dans-toute-la-region-auvergne-rhone-alpes-pour-un-commerce-equitable-et-pour-la-comprehension-par-le-public-des-objectifs-du-developpement\/#respond"]}]},{"@type":"WebPage","@id":"https:\/\/lyonbondyblog.fr\/LBB\/artisans-du-monde-le-travail-regulier-de-nombreux-benevoles-dans-toute-la-region-auvergne-rhone-alpes-pour-un-commerce-equitable-et-pour-la-comprehension-par-le-public-des-objectifs-du-developpement\/","url":"https:\/\/lyonbondyblog.fr\/LBB\/artisans-du-monde-le-travail-regulier-de-nombreux-benevoles-dans-toute-la-region-auvergne-rhone-alpes-pour-un-commerce-equitable-et-pour-la-comprehension-par-le-public-des-objectifs-du-developpement\/","name":"Artisans du Monde, le travail r\u00e9gulier de nombreux b\u00e9n\u00e9voles dans toute la r\u00e9gion Auvergne Rh\u00f4ne Alpes pour un commerce \u00e9quitable et pour la compr\u00e9hension par le public des Objectifs du D\u00e9veloppement Durable - Lyon Bondy Blog","isPartOf":{"@id":"https:\/\/lyonbondyblog.fr\/LBB\/#website"},"primaryImageOfPage":{"@id":"https:\/\/lyonbondyblog.fr\/LBB\/artisans-du-monde-le-travail-regulier-de-nombreux-benevoles-dans-toute-la-region-auvergne-rhone-alpes-pour-un-commerce-equitable-et-pour-la-comprehension-par-le-public-des-objectifs-du-developpement\/#primaryimage"},"image":{"@id":"https:\/\/lyonbondyblog.fr\/LBB\/artisans-du-monde-le-travail-regulier-de-nombreux-benevoles-dans-toute-la-region-auvergne-rhone-alpes-pour-un-commerce-equitable-et-pour-la-comprehension-par-le-public-des-objectifs-du-developpement\/#primaryimage"},"thumbnailUrl":"https:\/\/lyonbondyblog.fr\/LBB\/wp-content\/uploads\/2020\/02\/69997692_125547878816037_5459277941479309312_n.png","datePublished":"2020-02-29T12:38:18+00:00","dateModified":"2020-02-29T12:38:18+00:00","inLanguage":"fr-FR","potentialAction":[{"@type":"ReadAction","target":["https:\/\/lyonbondyblog.fr\/LBB\/artisans-du-monde-le-travail-regulier-de-nombreux-benevoles-dans-toute-la-region-auvergne-rhone-alpes-pour-un-commerce-equitable-et-pour-la-comprehension-par-le-public-des-objectifs-du-developpement\/"]}]},{"@type":"ImageObject","inLanguage":"fr-FR","@id":"https:\/\/lyonbondyblog.fr\/LBB\/artisans-du-monde-le-travail-regulier-de-nombreux-benevoles-dans-toute-la-region-auvergne-rhone-alpes-pour-un-commerce-equitable-et-pour-la-comprehension-par-le-public-des-objectifs-du-developpement\/#primaryimage","url":"https:\/\/lyonbondyblog.fr\/LBB\/wp-content\/uploads\/2020\/02\/69997692_125547878816037_5459277941479309312_n.png","contentUrl":"https:\/\/lyonbondyblog.fr\/LBB\/wp-content\/uploads\/2020\/02\/69997692_125547878816037_5459277941479309312_n.png","width":284,"height":284},{"@type":"WebSite","@id":"https:\/\/lyonbondyblog.fr\/LBB\/#website","url":"https:\/\/lyonbondyblog.fr\/LBB\/","name":"Lyon Bondy Blog","description":"","publisher":{"@id":"https:\/\/lyonbondyblog.fr\/LBB\/#organization"},"potentialAction":[{"@type":"SearchAction","target":{"@type":"EntryPoint","urlTemplate":"https:\/\/lyonbondyblog.fr\/LBB\/?s={search_term_string}"},"query-input":"required name=search_term_string"}],"inLanguage":"fr-FR"},{"@type":"Organization","@id":"https:\/\/lyonbondyblog.fr\/LBB\/#organization","name":"LYON BONDY BLOG","url":"https:\/\/lyonbondyblog.fr\/LBB\/","logo":{"@type":"ImageObject","inLanguage":"fr-FR","@id":"https:\/\/lyonbondyblog.fr\/LBB\/#\/schema\/logo\/image\/","url":"http:\/\/lyonbondyblog.fr\/LBB\/wp-content\/uploads\/2014\/10\/logo-portable-144.png","contentUrl":"http:\/\/lyonbondyblog.fr\/LBB\/wp-content\/uploads\/2014\/10\/logo-portable-144.png","width":144,"height":123,"caption":"LYON BONDY BLOG"},"image":{"@id":"https:\/\/lyonbondyblog.fr\/LBB\/#\/schema\/logo\/image\/"},"sameAs":["https:\/\/www.facebook.com\/lyonbondyblog","https:\/\/x.com\/bondybloglyon"]},{"@type":"Person","@id":"https:\/\/lyonbondyblog.fr\/LBB\/#\/schema\/person\/e45f8d27baac75072daa0be50c409b25","name":"La r\u00e9daction","description":"Cr\u00e9e en 2008, la r\u00e9daction du Lyon Bondy Blog s'applique \u00e0 proposer une information locale diff\u00e9rente et compl\u00e9mentaire des m\u00e9dias traditionnels.","sameAs":["https:\/\/www.facebook.com\/lyonbondyblog","https:\/\/x.com\/BondyBlogLyon"],"url":"https:\/\/lyonbondyblog.fr\/LBB\/author\/admin\/"}]}},"_links":{"self":[{"href":"https:\/\/lyonbondyblog.fr\/LBB\/wp-json\/wp\/v2\/posts\/19333","targetHints":{"allow":["GET"]}}],"collection":[{"href":"https:\/\/lyonbondyblog.fr\/LBB\/wp-json\/wp\/v2\/posts"}],"about":[{"href":"https:\/\/lyonbondyblog.fr\/LBB\/wp-json\/wp\/v2\/types\/post"}],"author":[{"embeddable":true,"href":"https:\/\/lyonbondyblog.fr\/LBB\/wp-json\/wp\/v2\/users\/1"}],"replies":[{"embeddable":true,"href":"https:\/\/lyonbondyblog.fr\/LBB\/wp-json\/wp\/v2\/comments?post=19333"}],"version-history":[{"count":2,"href":"https:\/\/lyonbondyblog.fr\/LBB\/wp-json\/wp\/v2\/posts\/19333\/revisions"}],"predecessor-version":[{"id":19343,"href":"https:\/\/lyonbondyblog.fr\/LBB\/wp-json\/wp\/v2\/posts\/19333\/revisions\/19343"}],"wp:featuredmedia":[{"embeddable":true,"href":"https:\/\/lyonbondyblog.fr\/LBB\/wp-json\/wp\/v2\/media\/19341"}],"wp:attachment":[{"href":"https:\/\/lyonbondyblog.fr\/LBB\/wp-json\/wp\/v2\/media?parent=19333"}],"wp:term":[{"taxonomy":"category","embeddable":true,"href":"https:\/\/lyonbondyblog.fr\/LBB\/wp-json\/wp\/v2\/categories?post=19333"},{"taxonomy":"post_tag","embeddable":true,"href":"https:\/\/lyonbondyblog.fr\/LBB\/wp-json\/wp\/v2\/tags?post=19333"}],"curies":[{"name":"wp","href":"https:\/\/api.w.org\/{rel}","templated":true}]}}