{"id":1923,"date":"2011-05-30T15:29:54","date_gmt":"2011-05-30T13:29:54","guid":{"rendered":"http:\/\/lyonbondyblog.fr\/LBB\/?p=1923"},"modified":"2013-07-26T15:34:59","modified_gmt":"2013-07-26T13:34:59","slug":"vis-ma-vie-dhandicape-2","status":"publish","type":"post","link":"https:\/\/lyonbondyblog.fr\/LBB\/vis-ma-vie-dhandicape-2\/","title":{"rendered":"Vis ma vie d\u2019handicap\u00e9 #2"},"content":{"rendered":"<p>ENQUETE CITOYENNE. Tout au long de ces prochaines semaines, Pascale, Lyon Bondy Blogueuse, enqu\u00eatera avec Marine, jeune active handicap\u00e9e, sur la prise en charge des d\u00e9penses de sant\u00e9 des personnes handicap\u00e9es. Nous recueillerons aussi toutes les remarques li\u00e9es \u00e0 cette th\u00e9matique sur Twitter, Facebook et par mail.<\/p>\n<div><a title=\" -- Cliquez pour voir l'image en entier\" href=\"http:\/\/yahoo.lyon.bondyblog.fr\/images\/handicap_1.jpg\" target=\"_blank\"> <img decoding=\"async\" alt=\" -- Cliquez pour voir l'image en entier\" src=\"http:\/\/yahoo.lyon.bondyblog.fr\/images\/handicap_1_t.jpg\" border=\"0\" \/> <\/a><\/div>\n<div><\/div>\n<p>[<b><i><span style=\"text-decoration: underline;\">rappel<\/span><\/i><\/b>\u00a0: Pour celles et ceux qui n\u2019auraient pas suivi l\u2019<a href=\"http:\/\/yahoo.lyon.bondyblog.fr\/news\/vis-ma-vie-d-handicape-1\"><b>\u00e9pisode #1<\/b><\/a>, petit rappel de circonstance\u00a0: Marine, qui souffre d&rsquo;arthrogrypose depuis sa naissance, ne peut pas marcher sans chaussures orthop\u00e9diques et a besoin d\u2019une aide \u00e0 domicile chaque matin, ainsi que des s\u00e9ances de kin\u00e9. Jusqu\u2019\u00e0 pr\u00e9sent, toutes ses d\u00e9penses de sant\u00e9 \u00e9taient prises en charge \u00e0 hauteur de 100 % par la Caisse Primaire d&rsquo;Assurance Maladie. Brutal changement cette ann\u00e9e\u00a0: Marine ne sera prise en charge qu\u2019\u00e0 hauteur de 60 %. (le reste \u00e9tant rembours\u00e9 par sa compl\u00e9mentaire sant\u00e9). ]<\/p>\n<p><b>Cette semaine, nous partageons les documents officiels de la d\u00e9cision de la CPAM de l&rsquo;Is\u00e8re. (voir en bas de l&rsquo;article)<\/b><\/p>\n<p><b>Marine devra-t-elle payer de sa poche\u00a0? <\/b><\/p>\n<p>Si pour l\u2019ann\u00e9e 2011, cette d\u00e9cision ne portera pas pr\u00e9judice au portefeuille de Marine, cela risque de ne pas durer. \u00ab <i>Pour le moment, ma compl\u00e9mentaire sant\u00e9 est oblig\u00e9e de rembourser les sommes restantes. Ces derni\u00e8res seront plus importantes et il n\u2019est pas exclu que mon contrat soit revu \u00e0 la hausse. Je vais tr\u00e8s certainement devoir d\u00e9penser plus pour ma compl\u00e9mentaire en 2012*. <\/i>\u00bb Comme le pr\u00e9cise Marine, CPAM et Compl\u00e9mentaire sant\u00e9 sont dans l\u2019obligation de prendre en charge la totalit\u00e9 de ses d\u00e9penses de sant\u00e9. Pour le moment. \u00ab <i>Mes chaussures ne sont pas consid\u00e9r\u00e9es comme une d\u00e9pense esth\u00e9tique, je ne paye donc rien de ma poche. Mais je connais une personne quasi-aveugle pour qui ses lunettes sont consid\u00e9r\u00e9es comme tel et donc, non rembours\u00e9es. Comment une personne qui n&rsquo;a pas de moyens financiers peut-elle d\u00e9bourser des sommes pouvant depasser 2000 euros\u00a0?\u00a0<\/i>\u00bb<\/p>\n<p><b>Comment la CPAM justifie cette d\u00e9cision et sur quoi elle-est bas\u00e9e\u00a0? <\/b><\/p>\n<p>C\u2019est au cours de l\u2019\u00e9t\u00e9 2010 que Marine apprend cette baisse de prise en charge. Selon les courriers de la CPAM de l\u2019Is\u00e8re \u00ab\u00a0<b>son affection ne correspond pas aux crit\u00e8res m\u00e9dicaux d\u2019admission\u00a0\u00bb (doc 2)<\/b> Rapidement, Marine fera appel de cette d\u00e9cision en transmettant un courrier au m\u00e9decin conseil de la CPAM de l\u2019Is\u00e8re (doc 1). R\u00e9ponse de la CPAM fin 2010\u00a0: \u00ab\u00a0<b>Selon les conclusions d\u00e9pos\u00e9es par le M\u00e9decin-Expert,il s\u2019av\u00e8re que la malade n\u2019est pas atteinte d\u2019une des affections inscrites sur la liste des <\/b><a href=\"http:\/\/www.legifrance.gouv.fr\/affichCodeArticle.do?idArticle=LEGIARTI000006736728&amp;cidTexte=LEGITEXT000006073189&amp;dateTexte=20080313\"><b>30 maladies pr\u00e9vues par l\u2019article D322-1 du CSS<\/b><\/a><b> \u00bb<\/b><\/p>\n<p>\u00ab<i> Ce qui est dur \u00e0 accepter pour moi c\u2019est ce double discours\u00a0: d\u2019un c\u00f4t\u00e9, une administration comme P\u00f4le Emploi me dit qu\u2019avec mon handicap j\u2019ai droit \u00e0 une prime d\u00e8s lors que je retrouve un travail, chose que je trouve particuli\u00e8rement injuste par rapport aux autres actifs non handicap\u00e9s\u00a0; et parall\u00e8lement \u00e0 cela, la CPAM ne dit que je ne suis pas assez handicap\u00e9e pour me faire rembourser mes d\u00e9penses de sant\u00e9.<\/i> \u00bb, me confiera Marine.<\/p>\n<p>* :<i>non pris en charge par son employeur.<\/i><\/p>\n<p><span style=\"text-decoration: underline;\">Journaliste : Pascale Lagahe<\/span><\/p>\n<!-- AddThis Advanced Settings generic via filter on the_content --><!-- AddThis Share Buttons generic via filter on the_content -->","protected":false},"excerpt":{"rendered":"<p>ENQUETE CITOYENNE. Tout au long de ces prochaines semaines, Pascale, Lyon Bondy Blogueuse, enqu\u00eatera avec Marine, jeune active handicap\u00e9e, sur la prise en charge des &hellip; <!-- AddThis Advanced Settings generic via filter on wp_trim_excerpt --><!-- AddThis Share Buttons generic via filter on wp_trim_excerpt --><\/p>\n","protected":false},"author":1,"featured_media":1937,"comment_status":"open","ping_status":"open","sticky":false,"template":"","format":"standard","meta":{"_FSMCFIC_featured_image_caption":"","_FSMCFIC_featured_image_nocaption":"","_FSMCFIC_featured_image_hide":"","footnotes":""},"categories":[2],"tags":[10,112],"class_list":["post-1923","post","type-post","status-publish","format-standard","has-post-thumbnail","hentry","category-societe","tag-lyon-2","tag-lyon-bondy-blog"],"yoast_head":"<!-- This site is optimized with the Yoast SEO plugin v22.8 - https:\/\/yoast.com\/wordpress\/plugins\/seo\/ -->\n<title>Vis ma vie d\u2019handicap\u00e9 #2 - Lyon Bondy Blog<\/title>\n<meta name=\"robots\" content=\"index, follow, max-snippet:-1, max-image-preview:large, max-video-preview:-1\" \/>\n<link rel=\"canonical\" href=\"https:\/\/lyonbondyblog.fr\/LBB\/vis-ma-vie-dhandicape-2\/\" \/>\n<meta property=\"og:locale\" content=\"fr_FR\" \/>\n<meta property=\"og:type\" content=\"article\" \/>\n<meta property=\"og:title\" content=\"Vis ma vie d\u2019handicap\u00e9 #2 - Lyon Bondy Blog\" \/>\n<meta property=\"og:description\" content=\"ENQUETE CITOYENNE. Tout au long de ces prochaines semaines, Pascale, Lyon Bondy Blogueuse, enqu\u00eatera avec Marine, jeune active handicap\u00e9e, sur la prise en charge des &hellip;\" \/>\n<meta property=\"og:url\" content=\"https:\/\/lyonbondyblog.fr\/LBB\/vis-ma-vie-dhandicape-2\/\" \/>\n<meta property=\"og:site_name\" content=\"Lyon Bondy Blog\" \/>\n<meta property=\"article:publisher\" content=\"https:\/\/www.facebook.com\/lyonbondyblog\" \/>\n<meta property=\"article:author\" content=\"https:\/\/www.facebook.com\/lyonbondyblog\" \/>\n<meta property=\"article:published_time\" content=\"2011-05-30T13:29:54+00:00\" \/>\n<meta property=\"article:modified_time\" content=\"2013-07-26T13:34:59+00:00\" \/>\n<meta property=\"og:image\" content=\"https:\/\/lyonbondyblog.fr\/LBB\/wp-content\/uploads\/2013\/07\/handicap_1_t.jpg\" \/>\n\t<meta property=\"og:image:width\" content=\"194\" \/>\n\t<meta property=\"og:image:height\" content=\"188\" \/>\n\t<meta property=\"og:image:type\" content=\"image\/jpeg\" \/>\n<meta name=\"author\" content=\"La r\u00e9daction\" \/>\n<meta name=\"twitter:card\" content=\"summary_large_image\" \/>\n<meta name=\"twitter:creator\" content=\"@BondyBlogLyon\" \/>\n<meta name=\"twitter:site\" content=\"@bondybloglyon\" \/>\n<script type=\"application\/ld+json\" class=\"yoast-schema-graph\">{\"@context\":\"https:\/\/schema.org\",\"@graph\":[{\"@type\":\"Article\",\"@id\":\"https:\/\/lyonbondyblog.fr\/LBB\/vis-ma-vie-dhandicape-2\/#article\",\"isPartOf\":{\"@id\":\"https:\/\/lyonbondyblog.fr\/LBB\/vis-ma-vie-dhandicape-2\/\"},\"author\":{\"name\":\"La r\u00e9daction\",\"@id\":\"https:\/\/lyonbondyblog.fr\/LBB\/#\/schema\/person\/e45f8d27baac75072daa0be50c409b25\"},\"headline\":\"Vis ma vie d\u2019handicap\u00e9 #2\",\"datePublished\":\"2011-05-30T13:29:54+00:00\",\"dateModified\":\"2013-07-26T13:34:59+00:00\",\"mainEntityOfPage\":{\"@id\":\"https:\/\/lyonbondyblog.fr\/LBB\/vis-ma-vie-dhandicape-2\/\"},\"wordCount\":552,\"commentCount\":0,\"publisher\":{\"@id\":\"https:\/\/lyonbondyblog.fr\/LBB\/#organization\"},\"image\":{\"@id\":\"https:\/\/lyonbondyblog.fr\/LBB\/vis-ma-vie-dhandicape-2\/#primaryimage\"},\"thumbnailUrl\":\"https:\/\/lyonbondyblog.fr\/LBB\/wp-content\/uploads\/2013\/07\/handicap_1_t.jpg\",\"keywords\":[\"lyon\",\"Lyon Bondy Blog\"],\"articleSection\":[\"Soci\u00e9t\u00e9\"],\"inLanguage\":\"fr-FR\",\"potentialAction\":[{\"@type\":\"CommentAction\",\"name\":\"Comment\",\"target\":[\"https:\/\/lyonbondyblog.fr\/LBB\/vis-ma-vie-dhandicape-2\/#respond\"]}]},{\"@type\":\"WebPage\",\"@id\":\"https:\/\/lyonbondyblog.fr\/LBB\/vis-ma-vie-dhandicape-2\/\",\"url\":\"https:\/\/lyonbondyblog.fr\/LBB\/vis-ma-vie-dhandicape-2\/\",\"name\":\"Vis ma vie d\u2019handicap\u00e9 #2 - Lyon Bondy Blog\",\"isPartOf\":{\"@id\":\"https:\/\/lyonbondyblog.fr\/LBB\/#website\"},\"primaryImageOfPage\":{\"@id\":\"https:\/\/lyonbondyblog.fr\/LBB\/vis-ma-vie-dhandicape-2\/#primaryimage\"},\"image\":{\"@id\":\"https:\/\/lyonbondyblog.fr\/LBB\/vis-ma-vie-dhandicape-2\/#primaryimage\"},\"thumbnailUrl\":\"https:\/\/lyonbondyblog.fr\/LBB\/wp-content\/uploads\/2013\/07\/handicap_1_t.jpg\",\"datePublished\":\"2011-05-30T13:29:54+00:00\",\"dateModified\":\"2013-07-26T13:34:59+00:00\",\"inLanguage\":\"fr-FR\",\"potentialAction\":[{\"@type\":\"ReadAction\",\"target\":[\"https:\/\/lyonbondyblog.fr\/LBB\/vis-ma-vie-dhandicape-2\/\"]}]},{\"@type\":\"ImageObject\",\"inLanguage\":\"fr-FR\",\"@id\":\"https:\/\/lyonbondyblog.fr\/LBB\/vis-ma-vie-dhandicape-2\/#primaryimage\",\"url\":\"https:\/\/lyonbondyblog.fr\/LBB\/wp-content\/uploads\/2013\/07\/handicap_1_t.jpg\",\"contentUrl\":\"https:\/\/lyonbondyblog.fr\/LBB\/wp-content\/uploads\/2013\/07\/handicap_1_t.jpg\",\"width\":194,\"height\":188},{\"@type\":\"WebSite\",\"@id\":\"https:\/\/lyonbondyblog.fr\/LBB\/#website\",\"url\":\"https:\/\/lyonbondyblog.fr\/LBB\/\",\"name\":\"Lyon Bondy Blog\",\"description\":\"\",\"publisher\":{\"@id\":\"https:\/\/lyonbondyblog.fr\/LBB\/#organization\"},\"potentialAction\":[{\"@type\":\"SearchAction\",\"target\":{\"@type\":\"EntryPoint\",\"urlTemplate\":\"https:\/\/lyonbondyblog.fr\/LBB\/?s={search_term_string}\"},\"query-input\":\"required name=search_term_string\"}],\"inLanguage\":\"fr-FR\"},{\"@type\":\"Organization\",\"@id\":\"https:\/\/lyonbondyblog.fr\/LBB\/#organization\",\"name\":\"LYON BONDY BLOG\",\"url\":\"https:\/\/lyonbondyblog.fr\/LBB\/\",\"logo\":{\"@type\":\"ImageObject\",\"inLanguage\":\"fr-FR\",\"@id\":\"https:\/\/lyonbondyblog.fr\/LBB\/#\/schema\/logo\/image\/\",\"url\":\"http:\/\/lyonbondyblog.fr\/LBB\/wp-content\/uploads\/2014\/10\/logo-portable-144.png\",\"contentUrl\":\"http:\/\/lyonbondyblog.fr\/LBB\/wp-content\/uploads\/2014\/10\/logo-portable-144.png\",\"width\":144,\"height\":123,\"caption\":\"LYON BONDY BLOG\"},\"image\":{\"@id\":\"https:\/\/lyonbondyblog.fr\/LBB\/#\/schema\/logo\/image\/\"},\"sameAs\":[\"https:\/\/www.facebook.com\/lyonbondyblog\",\"https:\/\/x.com\/bondybloglyon\"]},{\"@type\":\"Person\",\"@id\":\"https:\/\/lyonbondyblog.fr\/LBB\/#\/schema\/person\/e45f8d27baac75072daa0be50c409b25\",\"name\":\"La r\u00e9daction\",\"description\":\"Cr\u00e9e en 2008, la r\u00e9daction du Lyon Bondy Blog s'applique \u00e0 proposer une information locale diff\u00e9rente et compl\u00e9mentaire des m\u00e9dias traditionnels.\",\"sameAs\":[\"https:\/\/www.facebook.com\/lyonbondyblog\",\"https:\/\/x.com\/BondyBlogLyon\"],\"url\":\"https:\/\/lyonbondyblog.fr\/LBB\/author\/admin\/\"}]}<\/script>\n<!-- \/ Yoast SEO plugin. -->","yoast_head_json":{"title":"Vis ma vie d\u2019handicap\u00e9 #2 - Lyon Bondy Blog","robots":{"index":"index","follow":"follow","max-snippet":"max-snippet:-1","max-image-preview":"max-image-preview:large","max-video-preview":"max-video-preview:-1"},"canonical":"https:\/\/lyonbondyblog.fr\/LBB\/vis-ma-vie-dhandicape-2\/","og_locale":"fr_FR","og_type":"article","og_title":"Vis ma vie d\u2019handicap\u00e9 #2 - Lyon Bondy Blog","og_description":"ENQUETE CITOYENNE. Tout au long de ces prochaines semaines, Pascale, Lyon Bondy Blogueuse, enqu\u00eatera avec Marine, jeune active handicap\u00e9e, sur la prise en charge des &hellip;","og_url":"https:\/\/lyonbondyblog.fr\/LBB\/vis-ma-vie-dhandicape-2\/","og_site_name":"Lyon Bondy Blog","article_publisher":"https:\/\/www.facebook.com\/lyonbondyblog","article_author":"https:\/\/www.facebook.com\/lyonbondyblog","article_published_time":"2011-05-30T13:29:54+00:00","article_modified_time":"2013-07-26T13:34:59+00:00","og_image":[{"width":194,"height":188,"url":"https:\/\/lyonbondyblog.fr\/LBB\/wp-content\/uploads\/2013\/07\/handicap_1_t.jpg","type":"image\/jpeg"}],"author":"La r\u00e9daction","twitter_card":"summary_large_image","twitter_creator":"@BondyBlogLyon","twitter_site":"@bondybloglyon","schema":{"@context":"https:\/\/schema.org","@graph":[{"@type":"Article","@id":"https:\/\/lyonbondyblog.fr\/LBB\/vis-ma-vie-dhandicape-2\/#article","isPartOf":{"@id":"https:\/\/lyonbondyblog.fr\/LBB\/vis-ma-vie-dhandicape-2\/"},"author":{"name":"La r\u00e9daction","@id":"https:\/\/lyonbondyblog.fr\/LBB\/#\/schema\/person\/e45f8d27baac75072daa0be50c409b25"},"headline":"Vis ma vie d\u2019handicap\u00e9 #2","datePublished":"2011-05-30T13:29:54+00:00","dateModified":"2013-07-26T13:34:59+00:00","mainEntityOfPage":{"@id":"https:\/\/lyonbondyblog.fr\/LBB\/vis-ma-vie-dhandicape-2\/"},"wordCount":552,"commentCount":0,"publisher":{"@id":"https:\/\/lyonbondyblog.fr\/LBB\/#organization"},"image":{"@id":"https:\/\/lyonbondyblog.fr\/LBB\/vis-ma-vie-dhandicape-2\/#primaryimage"},"thumbnailUrl":"https:\/\/lyonbondyblog.fr\/LBB\/wp-content\/uploads\/2013\/07\/handicap_1_t.jpg","keywords":["lyon","Lyon Bondy Blog"],"articleSection":["Soci\u00e9t\u00e9"],"inLanguage":"fr-FR","potentialAction":[{"@type":"CommentAction","name":"Comment","target":["https:\/\/lyonbondyblog.fr\/LBB\/vis-ma-vie-dhandicape-2\/#respond"]}]},{"@type":"WebPage","@id":"https:\/\/lyonbondyblog.fr\/LBB\/vis-ma-vie-dhandicape-2\/","url":"https:\/\/lyonbondyblog.fr\/LBB\/vis-ma-vie-dhandicape-2\/","name":"Vis ma vie d\u2019handicap\u00e9 #2 - Lyon Bondy Blog","isPartOf":{"@id":"https:\/\/lyonbondyblog.fr\/LBB\/#website"},"primaryImageOfPage":{"@id":"https:\/\/lyonbondyblog.fr\/LBB\/vis-ma-vie-dhandicape-2\/#primaryimage"},"image":{"@id":"https:\/\/lyonbondyblog.fr\/LBB\/vis-ma-vie-dhandicape-2\/#primaryimage"},"thumbnailUrl":"https:\/\/lyonbondyblog.fr\/LBB\/wp-content\/uploads\/2013\/07\/handicap_1_t.jpg","datePublished":"2011-05-30T13:29:54+00:00","dateModified":"2013-07-26T13:34:59+00:00","inLanguage":"fr-FR","potentialAction":[{"@type":"ReadAction","target":["https:\/\/lyonbondyblog.fr\/LBB\/vis-ma-vie-dhandicape-2\/"]}]},{"@type":"ImageObject","inLanguage":"fr-FR","@id":"https:\/\/lyonbondyblog.fr\/LBB\/vis-ma-vie-dhandicape-2\/#primaryimage","url":"https:\/\/lyonbondyblog.fr\/LBB\/wp-content\/uploads\/2013\/07\/handicap_1_t.jpg","contentUrl":"https:\/\/lyonbondyblog.fr\/LBB\/wp-content\/uploads\/2013\/07\/handicap_1_t.jpg","width":194,"height":188},{"@type":"WebSite","@id":"https:\/\/lyonbondyblog.fr\/LBB\/#website","url":"https:\/\/lyonbondyblog.fr\/LBB\/","name":"Lyon Bondy Blog","description":"","publisher":{"@id":"https:\/\/lyonbondyblog.fr\/LBB\/#organization"},"potentialAction":[{"@type":"SearchAction","target":{"@type":"EntryPoint","urlTemplate":"https:\/\/lyonbondyblog.fr\/LBB\/?s={search_term_string}"},"query-input":"required name=search_term_string"}],"inLanguage":"fr-FR"},{"@type":"Organization","@id":"https:\/\/lyonbondyblog.fr\/LBB\/#organization","name":"LYON BONDY BLOG","url":"https:\/\/lyonbondyblog.fr\/LBB\/","logo":{"@type":"ImageObject","inLanguage":"fr-FR","@id":"https:\/\/lyonbondyblog.fr\/LBB\/#\/schema\/logo\/image\/","url":"http:\/\/lyonbondyblog.fr\/LBB\/wp-content\/uploads\/2014\/10\/logo-portable-144.png","contentUrl":"http:\/\/lyonbondyblog.fr\/LBB\/wp-content\/uploads\/2014\/10\/logo-portable-144.png","width":144,"height":123,"caption":"LYON BONDY BLOG"},"image":{"@id":"https:\/\/lyonbondyblog.fr\/LBB\/#\/schema\/logo\/image\/"},"sameAs":["https:\/\/www.facebook.com\/lyonbondyblog","https:\/\/x.com\/bondybloglyon"]},{"@type":"Person","@id":"https:\/\/lyonbondyblog.fr\/LBB\/#\/schema\/person\/e45f8d27baac75072daa0be50c409b25","name":"La r\u00e9daction","description":"Cr\u00e9e en 2008, la r\u00e9daction du Lyon Bondy Blog s'applique \u00e0 proposer une information locale diff\u00e9rente et compl\u00e9mentaire des m\u00e9dias traditionnels.","sameAs":["https:\/\/www.facebook.com\/lyonbondyblog","https:\/\/x.com\/BondyBlogLyon"],"url":"https:\/\/lyonbondyblog.fr\/LBB\/author\/admin\/"}]}},"_links":{"self":[{"href":"https:\/\/lyonbondyblog.fr\/LBB\/wp-json\/wp\/v2\/posts\/1923","targetHints":{"allow":["GET"]}}],"collection":[{"href":"https:\/\/lyonbondyblog.fr\/LBB\/wp-json\/wp\/v2\/posts"}],"about":[{"href":"https:\/\/lyonbondyblog.fr\/LBB\/wp-json\/wp\/v2\/types\/post"}],"author":[{"embeddable":true,"href":"https:\/\/lyonbondyblog.fr\/LBB\/wp-json\/wp\/v2\/users\/1"}],"replies":[{"embeddable":true,"href":"https:\/\/lyonbondyblog.fr\/LBB\/wp-json\/wp\/v2\/comments?post=1923"}],"version-history":[{"count":0,"href":"https:\/\/lyonbondyblog.fr\/LBB\/wp-json\/wp\/v2\/posts\/1923\/revisions"}],"wp:featuredmedia":[{"embeddable":true,"href":"https:\/\/lyonbondyblog.fr\/LBB\/wp-json\/wp\/v2\/media\/1937"}],"wp:attachment":[{"href":"https:\/\/lyonbondyblog.fr\/LBB\/wp-json\/wp\/v2\/media?parent=1923"}],"wp:term":[{"taxonomy":"category","embeddable":true,"href":"https:\/\/lyonbondyblog.fr\/LBB\/wp-json\/wp\/v2\/categories?post=1923"},{"taxonomy":"post_tag","embeddable":true,"href":"https:\/\/lyonbondyblog.fr\/LBB\/wp-json\/wp\/v2\/tags?post=1923"}],"curies":[{"name":"wp","href":"https:\/\/api.w.org\/{rel}","templated":true}]}}